{"id":14711,"date":"2025-10-07T16:05:00","date_gmt":"2025-10-07T14:05:00","guid":{"rendered":"https:\/\/weisetech.dev\/fc-barcelona-noticias\/en\/barcelona-could-postpone-reopening-of-spotify-camp-nou-until-phase-1b_314966_102\/"},"modified":"2025-10-07T20:37:00","modified_gmt":"2025-10-07T18:37:00","slug":"barcelona-could-postpone-reopening-of-spotify-camp-nou-until-phase-1b_314966_102","status":"publish","type":"post","link":"https:\/\/www.fcbarcelonanoticias.com\/en\/fc-barcelona\/barcelona-could-postpone-reopening-of-spotify-camp-nou-until-phase-1b_314966_102.html","title":{"rendered":"Bar\u00e7a decides to postpone the reopening of the Spotify Camp Nou until Phase 1B"},"content":{"rendered":"<h2 class=\"wp-block-heading\">The FC Barcelona board is awaiting a new visit from the City Council in the coming days. The club has not yet received the first occupancy license, and the return to the Estadi may be delayed for several more weeks<\/h2>  \r\n<div class=\"article-addons\">\r\n    <a href=\"https:\/\/www.fcbarcelonanoticias.com\/en\/calendar-fc-barcelona.html\"\r\n       target=\"_self\"\r\n       title=\"Calendar of FC Barcelona\"\r\n       class=\"blue-gredient-btn\">\r\n       \r\n        Calendar of FC Barcelona    <\/a>\r\n<\/div>   <p>The works at the <strong>Spotify Camp Nou<\/strong> are progressing rapidly to remedy the safety deficiencies detected by the City Council and the fire department in their latest inspection. A new visit from the municipal authorities is planned for this week, which involves completely stopping the work of the <strong>Limak Construction<\/strong> workers.<\/p>  <p>In that sense, given the delay in obtaining the first occupancy license for phase 1A, with capacity for 27,000 spectators between the Grandstand and the South Goal, <strong>the club could postpone the return to the Stadium until the works on the Lateral stand are completed<\/strong>, that is, phase 1B, which will expand the capacity to 45,000 seats.<\/p>  <h2>The Champions League will only return to Spotify Camp Nou once phase 1B is completed&nbsp;<\/h2>  <p>The reason for this decision is very simple: <strong>with phase 1A, it will only be possible to host LaLiga matches<\/strong>, since UEFA requires the Lateral stand to be enabled for Champions League matches. This is to guarantee the segregation of visiting fans.<\/p>  <p>In that sense, Bar\u00e7a would be forced to keep two stadiums open: the Camp Nou for La Liga and Montju\u00efc for the Champions League. <a data-external=\"0\" data-intl-links-en=\"https:\/\/www.fcbarcelonanoticias.com\/en\/fc-barcelona\/barcelona-olympiacos-to-be-played-in-montjuic-official-announcement_314921_102.html\" data-intl-links-es=\"https:\/\/www.fcbarcelonanoticias.com\/fc-barcelona\/comunicado-oficial-barca-olympiacos-champions-montjuic_314921_102.html\" href=\"https:\/\/www.fcbarcelonanoticias.com\/en\/fc-barcelona\/barcelona-olympiacos-to-be-played-in-montjuic-official-announcement_314921_102.html\" rel=\"follow\" target=\"_self\" title=\"Comunicado FC Barcelona: el Bar\u00e7a-Olympiacos de Champions se jugar\u00e1 en Montju\u00efc\">The board has already confirmed the Llu\u00eds Companys as the venue for the match against Olympiacos<\/a>, on Tuesday, October 21 (9:00 PM CEST), and will also do so shortly with the match <strong><a data-external=\"0\" data-intl-links-en=\"https:\/\/www.fcbarcelonanoticias.com\/en\/laliga\/official-barcelona-girona-from-laliga-matchday-9-will-be-at-montjuic_314971_102.html\" data-intl-links-es=\"https:\/\/www.fcbarcelonanoticias.com\/laliga\/comunicado-fc-barcelona-barca-girona-liga-tambien-jugara-montjuic_314971_102.html\" href=\"https:\/\/www.fcbarcelonanoticias.com\/en\/laliga\/official-barcelona-girona-from-laliga-matchday-9-will-be-at-montjuic_314971_102.html\" rel=\"follow\" target=\"_self\" title=\"FC Barcelona Statement: Bar\u00e7a-Girona La Liga Match to Also Be Played at Montju\u00efc\">against Girona<\/a><\/strong>, on Saturday the 18th for matchday 9 of La Liga (16:15 PM CEST).<\/p>  <p>For the Azulgrana team, the calendar marks November 2 as the date of the next league match at home (<strong>against Elche<\/strong>). After that, the club will not return home until the weekend of November 22 and 23, <strong>against Athletic<\/strong>. For the Champions League, the third match of the league phase at home will be <strong>against Eintracht Frankfurt<\/strong>, on December 9.<\/p>  <h2>The Spotify Camp Nou Should Host 62,000 Culers in 2026<\/h2>  <p>By that date, the board expects to have completed <strong>the works on the Lateral stand<\/strong> and to have the operating licenses that will allow the Sportify Camp Nou to reopen with 45,000 seats available. Afterward, <strong>work will continue on the North Goal stand<\/strong> to expand the capacity to 62,000 spectators in the second half of 24\/25.<\/p>  <p>In Montju\u00efc, Bar\u00e7a can welcome 50,000 &#8216;culers&#8217;. In the worst-case scenario, the club has government permission to <a data-external=\"0\" data-intl-links-en=\"https:\/\/www.fcbarcelonanoticias.com\/en\/fc-barcelona\/barca-could-play-in-montjuic-until-the-end-of-february_314262_102.html\" data-intl-links-es=\"https:\/\/www.fcbarcelonanoticias.com\/fc-barcelona\/barca-podria-jugar-montjuic-hasta-finales-febrero_314262_102.html\" href=\"https:\/\/www.fcbarcelonanoticias.com\/en\/fc-barcelona\/barca-could-play-in-montjuic-until-the-end-of-february_314262_102.html\" rel=\"follow\" target=\"_self\" title=\"El Bar\u00e7a podr\u00eda jugar en Montju\u00efc hasta finales de febrero\">use the Llu\u00eds Companys until the end of February<\/a>, if the reopening of the &#8216;cul\u00e9&#8217; temple suffers new delays.<\/p>  <ul> <li>You can check the updated&nbsp;<strong><a data-external=\"0\" data-intl-links-en=\"https:\/\/www.fcbarcelonanoticias.com\/en\/calendar-fc-barcelona.html\" data-intl-links-es=\"https:\/\/www.fcbarcelonanoticias.com\/calendario-fcbarcelona.html\" href=\"https:\/\/www.fcbarcelonanoticias.com\/en\/calendar-fc-barcelona.html\" rel=\"follow\" target=\"_self\" title=\"Calendario FC Barcelona\">full FC Barcelona calendar<\/a><\/strong>&nbsp;on&nbsp;<strong>FC Barcelona Noticias<\/strong>.<\/li> <\/ul> ","protected":false},"excerpt":{"rendered":"<p>The FC Barcelona board is awaiting a new visit from the City Council in the coming days. The club has not yet received the first occupancy license, and the return to the Estadi may be delayed for several more weeks The works at the Spotify Camp Nou are progressing rapidly to remedy the safety deficiencies [&hellip;]<\/p>\n","protected":false},"author":347,"featured_media":5397,"comment_status":"closed","ping_status":"open","sticky":false,"template":"","format":"standard","meta":{"_acf_changed":false,"inline_featured_image":false,"_nextfly_llmd_date_locked":false,"footnotes":""},"categories":[111],"tags":[82],"class_list":["post-14711","post","type-post","status-publish","format-standard","has-post-thumbnail","hentry","category-fc-barcelona","tag-camp-nou"],"acf":[],"yoast_head":"<!-- This site is optimized with the Yoast SEO plugin v27.3 - https:\/\/yoast.com\/product\/yoast-seo-wordpress\/ -->\n<title>The return to Spotify Camp Nou could take until Phase 1B<\/title>\n<meta name=\"description\" content=\"Bar\u00e7a&#039;s board could postpone the reopening of the Spotify Camp Nou until the works on the Lateral stand are completed, expanding the capacity to 45,000 seats\" \/>\n<meta name=\"robots\" content=\"index, follow, max-snippet:-1, max-image-preview:large, max-video-preview:-1\" \/>\n<link rel=\"canonical\" href=\"https:\/\/www.fcbarcelonanoticias.com\/en\/fc-barcelona\/barcelona-could-postpone-reopening-of-spotify-camp-nou-until-phase-1b_314966_102.html\" \/>\n<meta property=\"og:locale\" content=\"en_US\" \/>\n<meta property=\"og:type\" content=\"article\" \/>\n<meta property=\"og:title\" content=\"The return to Spotify Camp Nou could take until Phase 1B\" \/>\n<meta property=\"og:description\" content=\"Bar\u00e7a&#039;s board could postpone the reopening of the Spotify Camp Nou until the works on the Lateral stand are completed, expanding the capacity to 45,000 seats\" \/>\n<meta property=\"og:url\" content=\"https:\/\/www.fcbarcelonanoticias.com\/en\/fc-barcelona\/barcelona-could-postpone-reopening-of-spotify-camp-nou-until-phase-1b_314966_102.html\" \/>\n<meta property=\"og:site_name\" content=\"EN - FC Barcelona Noticias\" \/>\n<meta property=\"article:published_time\" content=\"2025-10-07T14:05:00+00:00\" \/>\n<meta property=\"article:modified_time\" content=\"2025-10-07T18:37:00+00:00\" \/>\n<meta property=\"og:image\" content=\"https:\/\/www.fcbarcelonanoticias.com\/en\/wp-content\/uploads\/sites\/2\/2025\/08\/spotify-camp-nou-obras.webp\" \/>\n\t<meta property=\"og:image:width\" content=\"1200\" \/>\n\t<meta property=\"og:image:height\" content=\"675\" \/>\n\t<meta property=\"og:image:type\" content=\"image\/webp\" \/>\n<meta name=\"author\" content=\"Andr\u00e9s Quiroz\" \/>\n<meta name=\"twitter:card\" content=\"summary_large_image\" \/>\n<meta name=\"twitter:label1\" content=\"Written by\" \/>\n\t<meta name=\"twitter:data1\" content=\"Andr\u00e9s Quiroz\" \/>\n\t<meta name=\"twitter:label2\" content=\"Est. reading time\" \/>\n\t<meta name=\"twitter:data2\" content=\"2 minutes\" \/>\n<script type=\"application\/ld+json\" class=\"yoast-schema-graph\">{\"@context\":\"https:\\\/\\\/schema.org\",\"@graph\":[{\"@type\":\"Article\",\"@id\":\"https:\\\/\\\/www.fcbarcelonanoticias.com\\\/en\\\/fc-barcelona\\\/barcelona-could-postpone-reopening-of-spotify-camp-nou-until-phase-1b_314966_102.html#article\",\"isPartOf\":{\"@id\":\"https:\\\/\\\/www.fcbarcelonanoticias.com\\\/en\\\/fc-barcelona\\\/barcelona-could-postpone-reopening-of-spotify-camp-nou-until-phase-1b_314966_102.html\"},\"author\":{\"name\":\"Andr\u00e9s Quiroz\",\"@id\":\"https:\\\/\\\/www.fcbarcelonanoticias.com\\\/en\\\/#\\\/schema\\\/person\\\/c2cd9f6fa1af5c0d0eccd0fefa575c88\"},\"headline\":\"Bar\u00e7a decides to postpone the reopening of the Spotify Camp Nou until Phase 1B\",\"datePublished\":\"2025-10-07T14:05:00+00:00\",\"dateModified\":\"2025-10-07T18:37:00+00:00\",\"mainEntityOfPage\":{\"@id\":\"https:\\\/\\\/www.fcbarcelonanoticias.com\\\/en\\\/fc-barcelona\\\/barcelona-could-postpone-reopening-of-spotify-camp-nou-until-phase-1b_314966_102.html\"},\"wordCount\":460,\"image\":{\"@id\":\"https:\\\/\\\/www.fcbarcelonanoticias.com\\\/en\\\/fc-barcelona\\\/barcelona-could-postpone-reopening-of-spotify-camp-nou-until-phase-1b_314966_102.html#primaryimage\"},\"thumbnailUrl\":\"https:\\\/\\\/www.fcbarcelonanoticias.com\\\/en\\\/wp-content\\\/uploads\\\/sites\\\/2\\\/2025\\\/08\\\/spotify-camp-nou-obras.webp\",\"keywords\":[\"Camp Nou\"],\"articleSection\":[\"FC Barcelona\"],\"inLanguage\":\"en-US\"},{\"@type\":\"WebPage\",\"@id\":\"https:\\\/\\\/www.fcbarcelonanoticias.com\\\/en\\\/fc-barcelona\\\/barcelona-could-postpone-reopening-of-spotify-camp-nou-until-phase-1b_314966_102.html\",\"url\":\"https:\\\/\\\/www.fcbarcelonanoticias.com\\\/en\\\/fc-barcelona\\\/barcelona-could-postpone-reopening-of-spotify-camp-nou-until-phase-1b_314966_102.html\",\"name\":\"The return to Spotify Camp Nou could take until Phase 1B\",\"isPartOf\":{\"@id\":\"https:\\\/\\\/www.fcbarcelonanoticias.com\\\/en\\\/#website\"},\"primaryImageOfPage\":{\"@id\":\"https:\\\/\\\/www.fcbarcelonanoticias.com\\\/en\\\/fc-barcelona\\\/barcelona-could-postpone-reopening-of-spotify-camp-nou-until-phase-1b_314966_102.html#primaryimage\"},\"image\":{\"@id\":\"https:\\\/\\\/www.fcbarcelonanoticias.com\\\/en\\\/fc-barcelona\\\/barcelona-could-postpone-reopening-of-spotify-camp-nou-until-phase-1b_314966_102.html#primaryimage\"},\"thumbnailUrl\":\"https:\\\/\\\/www.fcbarcelonanoticias.com\\\/en\\\/wp-content\\\/uploads\\\/sites\\\/2\\\/2025\\\/08\\\/spotify-camp-nou-obras.webp\",\"datePublished\":\"2025-10-07T14:05:00+00:00\",\"dateModified\":\"2025-10-07T18:37:00+00:00\",\"author\":{\"@id\":\"https:\\\/\\\/www.fcbarcelonanoticias.com\\\/en\\\/#\\\/schema\\\/person\\\/c2cd9f6fa1af5c0d0eccd0fefa575c88\"},\"description\":\"Bar\u00e7a's board could postpone the reopening of the Spotify Camp Nou until the works on the Lateral stand are completed, expanding the capacity to 45,000 seats\",\"breadcrumb\":{\"@id\":\"https:\\\/\\\/www.fcbarcelonanoticias.com\\\/en\\\/fc-barcelona\\\/barcelona-could-postpone-reopening-of-spotify-camp-nou-until-phase-1b_314966_102.html#breadcrumb\"},\"inLanguage\":\"en-US\",\"potentialAction\":[{\"@type\":\"ReadAction\",\"target\":[\"https:\\\/\\\/www.fcbarcelonanoticias.com\\\/en\\\/fc-barcelona\\\/barcelona-could-postpone-reopening-of-spotify-camp-nou-until-phase-1b_314966_102.html\"]}]},{\"@type\":\"ImageObject\",\"inLanguage\":\"en-US\",\"@id\":\"https:\\\/\\\/www.fcbarcelonanoticias.com\\\/en\\\/fc-barcelona\\\/barcelona-could-postpone-reopening-of-spotify-camp-nou-until-phase-1b_314966_102.html#primaryimage\",\"url\":\"https:\\\/\\\/www.fcbarcelonanoticias.com\\\/en\\\/wp-content\\\/uploads\\\/sites\\\/2\\\/2025\\\/08\\\/spotify-camp-nou-obras.webp\",\"contentUrl\":\"https:\\\/\\\/www.fcbarcelonanoticias.com\\\/en\\\/wp-content\\\/uploads\\\/sites\\\/2\\\/2025\\\/08\\\/spotify-camp-nou-obras.webp\",\"width\":1200,\"height\":675},{\"@type\":\"BreadcrumbList\",\"@id\":\"https:\\\/\\\/www.fcbarcelonanoticias.com\\\/en\\\/fc-barcelona\\\/barcelona-could-postpone-reopening-of-spotify-camp-nou-until-phase-1b_314966_102.html#breadcrumb\",\"itemListElement\":[{\"@type\":\"ListItem\",\"position\":1,\"name\":\"Portada\",\"item\":\"https:\\\/\\\/www.fcbarcelonanoticias.com\\\/en\\\/\"},{\"@type\":\"ListItem\",\"position\":2,\"name\":\"Bar\u00e7a decides to postpone the reopening of the Spotify Camp Nou until Phase 1B\"}]},{\"@type\":\"WebSite\",\"@id\":\"https:\\\/\\\/www.fcbarcelonanoticias.com\\\/en\\\/#website\",\"url\":\"https:\\\/\\\/www.fcbarcelonanoticias.com\\\/en\\\/\",\"name\":\"EN - FC Barcelona Noticias\",\"description\":\"\",\"potentialAction\":[{\"@type\":\"SearchAction\",\"target\":{\"@type\":\"EntryPoint\",\"urlTemplate\":\"https:\\\/\\\/www.fcbarcelonanoticias.com\\\/en\\\/?s={search_term_string}\"},\"query-input\":{\"@type\":\"PropertyValueSpecification\",\"valueRequired\":true,\"valueName\":\"search_term_string\"}}],\"inLanguage\":\"en-US\"},{\"@type\":\"Person\",\"@id\":\"https:\\\/\\\/www.fcbarcelonanoticias.com\\\/en\\\/#\\\/schema\\\/person\\\/c2cd9f6fa1af5c0d0eccd0fefa575c88\",\"name\":\"Andr\u00e9s Quiroz\",\"image\":{\"@type\":\"ImageObject\",\"inLanguage\":\"en-US\",\"@id\":\"https:\\\/\\\/secure.gravatar.com\\\/avatar\\\/?s=96&d=mm&r=g\",\"url\":\"https:\\\/\\\/secure.gravatar.com\\\/avatar\\\/?s=96&d=mm&r=g\",\"contentUrl\":\"https:\\\/\\\/secure.gravatar.com\\\/avatar\\\/?s=96&d=mm&r=g\",\"caption\":\"Andr\u00e9s Quiroz\"},\"description\":\"Licenciado en Periodismo por la Universidad de los Andes. Me encargo de analizar y compartir los contenidos m\u00e1s destacados de la\u00a0actualidad del F\u00fatbol Club Barcelona, Mercado de Fichajes y F\u00fatbol Internacional en FCBN. La informaci\u00f3n es poder, pero tambi\u00e9n conocimiento.\",\"url\":\"https:\\\/\\\/www.fcbarcelonanoticias.com\\\/en\\\/fc-barcelona\\\/andres-quiroz_17_115.html\"}]}<\/script>\n<!-- \/ Yoast SEO plugin. -->","yoast_head_json":{"title":"The return to Spotify Camp Nou could take until Phase 1B","description":"Bar\u00e7a's board could postpone the reopening of the Spotify Camp Nou until the works on the Lateral stand are completed, expanding the capacity to 45,000 seats","robots":{"index":"index","follow":"follow","max-snippet":"max-snippet:-1","max-image-preview":"max-image-preview:large","max-video-preview":"max-video-preview:-1"},"canonical":"https:\/\/www.fcbarcelonanoticias.com\/en\/fc-barcelona\/barcelona-could-postpone-reopening-of-spotify-camp-nou-until-phase-1b_314966_102.html","og_locale":"en_US","og_type":"article","og_title":"The return to Spotify Camp Nou could take until Phase 1B","og_description":"Bar\u00e7a's board could postpone the reopening of the Spotify Camp Nou until the works on the Lateral stand are completed, expanding the capacity to 45,000 seats","og_url":"https:\/\/www.fcbarcelonanoticias.com\/en\/fc-barcelona\/barcelona-could-postpone-reopening-of-spotify-camp-nou-until-phase-1b_314966_102.html","og_site_name":"EN - FC Barcelona Noticias","article_published_time":"2025-10-07T14:05:00+00:00","article_modified_time":"2025-10-07T18:37:00+00:00","og_image":[{"width":1200,"height":675,"url":"https:\/\/www.fcbarcelonanoticias.com\/en\/wp-content\/uploads\/sites\/2\/2025\/08\/spotify-camp-nou-obras.webp","type":"image\/webp"}],"author":"Andr\u00e9s Quiroz","twitter_card":"summary_large_image","twitter_misc":{"Written by":"Andr\u00e9s Quiroz","Est. reading time":"2 minutes"},"schema":{"@context":"https:\/\/schema.org","@graph":[{"@type":"Article","@id":"https:\/\/www.fcbarcelonanoticias.com\/en\/fc-barcelona\/barcelona-could-postpone-reopening-of-spotify-camp-nou-until-phase-1b_314966_102.html#article","isPartOf":{"@id":"https:\/\/www.fcbarcelonanoticias.com\/en\/fc-barcelona\/barcelona-could-postpone-reopening-of-spotify-camp-nou-until-phase-1b_314966_102.html"},"author":{"name":"Andr\u00e9s Quiroz","@id":"https:\/\/www.fcbarcelonanoticias.com\/en\/#\/schema\/person\/c2cd9f6fa1af5c0d0eccd0fefa575c88"},"headline":"Bar\u00e7a decides to postpone the reopening of the Spotify Camp Nou until Phase 1B","datePublished":"2025-10-07T14:05:00+00:00","dateModified":"2025-10-07T18:37:00+00:00","mainEntityOfPage":{"@id":"https:\/\/www.fcbarcelonanoticias.com\/en\/fc-barcelona\/barcelona-could-postpone-reopening-of-spotify-camp-nou-until-phase-1b_314966_102.html"},"wordCount":460,"image":{"@id":"https:\/\/www.fcbarcelonanoticias.com\/en\/fc-barcelona\/barcelona-could-postpone-reopening-of-spotify-camp-nou-until-phase-1b_314966_102.html#primaryimage"},"thumbnailUrl":"https:\/\/www.fcbarcelonanoticias.com\/en\/wp-content\/uploads\/sites\/2\/2025\/08\/spotify-camp-nou-obras.webp","keywords":["Camp Nou"],"articleSection":["FC Barcelona"],"inLanguage":"en-US"},{"@type":"WebPage","@id":"https:\/\/www.fcbarcelonanoticias.com\/en\/fc-barcelona\/barcelona-could-postpone-reopening-of-spotify-camp-nou-until-phase-1b_314966_102.html","url":"https:\/\/www.fcbarcelonanoticias.com\/en\/fc-barcelona\/barcelona-could-postpone-reopening-of-spotify-camp-nou-until-phase-1b_314966_102.html","name":"The return to Spotify Camp Nou could take until Phase 1B","isPartOf":{"@id":"https:\/\/www.fcbarcelonanoticias.com\/en\/#website"},"primaryImageOfPage":{"@id":"https:\/\/www.fcbarcelonanoticias.com\/en\/fc-barcelona\/barcelona-could-postpone-reopening-of-spotify-camp-nou-until-phase-1b_314966_102.html#primaryimage"},"image":{"@id":"https:\/\/www.fcbarcelonanoticias.com\/en\/fc-barcelona\/barcelona-could-postpone-reopening-of-spotify-camp-nou-until-phase-1b_314966_102.html#primaryimage"},"thumbnailUrl":"https:\/\/www.fcbarcelonanoticias.com\/en\/wp-content\/uploads\/sites\/2\/2025\/08\/spotify-camp-nou-obras.webp","datePublished":"2025-10-07T14:05:00+00:00","dateModified":"2025-10-07T18:37:00+00:00","author":{"@id":"https:\/\/www.fcbarcelonanoticias.com\/en\/#\/schema\/person\/c2cd9f6fa1af5c0d0eccd0fefa575c88"},"description":"Bar\u00e7a's board could postpone the reopening of the Spotify Camp Nou until the works on the Lateral stand are completed, expanding the capacity to 45,000 seats","breadcrumb":{"@id":"https:\/\/www.fcbarcelonanoticias.com\/en\/fc-barcelona\/barcelona-could-postpone-reopening-of-spotify-camp-nou-until-phase-1b_314966_102.html#breadcrumb"},"inLanguage":"en-US","potentialAction":[{"@type":"ReadAction","target":["https:\/\/www.fcbarcelonanoticias.com\/en\/fc-barcelona\/barcelona-could-postpone-reopening-of-spotify-camp-nou-until-phase-1b_314966_102.html"]}]},{"@type":"ImageObject","inLanguage":"en-US","@id":"https:\/\/www.fcbarcelonanoticias.com\/en\/fc-barcelona\/barcelona-could-postpone-reopening-of-spotify-camp-nou-until-phase-1b_314966_102.html#primaryimage","url":"https:\/\/www.fcbarcelonanoticias.com\/en\/wp-content\/uploads\/sites\/2\/2025\/08\/spotify-camp-nou-obras.webp","contentUrl":"https:\/\/www.fcbarcelonanoticias.com\/en\/wp-content\/uploads\/sites\/2\/2025\/08\/spotify-camp-nou-obras.webp","width":1200,"height":675},{"@type":"BreadcrumbList","@id":"https:\/\/www.fcbarcelonanoticias.com\/en\/fc-barcelona\/barcelona-could-postpone-reopening-of-spotify-camp-nou-until-phase-1b_314966_102.html#breadcrumb","itemListElement":[{"@type":"ListItem","position":1,"name":"Portada","item":"https:\/\/www.fcbarcelonanoticias.com\/en\/"},{"@type":"ListItem","position":2,"name":"Bar\u00e7a decides to postpone the reopening of the Spotify Camp Nou until Phase 1B"}]},{"@type":"WebSite","@id":"https:\/\/www.fcbarcelonanoticias.com\/en\/#website","url":"https:\/\/www.fcbarcelonanoticias.com\/en\/","name":"EN - FC Barcelona Noticias","description":"","potentialAction":[{"@type":"SearchAction","target":{"@type":"EntryPoint","urlTemplate":"https:\/\/www.fcbarcelonanoticias.com\/en\/?s={search_term_string}"},"query-input":{"@type":"PropertyValueSpecification","valueRequired":true,"valueName":"search_term_string"}}],"inLanguage":"en-US"},{"@type":"Person","@id":"https:\/\/www.fcbarcelonanoticias.com\/en\/#\/schema\/person\/c2cd9f6fa1af5c0d0eccd0fefa575c88","name":"Andr\u00e9s Quiroz","image":{"@type":"ImageObject","inLanguage":"en-US","@id":"https:\/\/secure.gravatar.com\/avatar\/?s=96&d=mm&r=g","url":"https:\/\/secure.gravatar.com\/avatar\/?s=96&d=mm&r=g","contentUrl":"https:\/\/secure.gravatar.com\/avatar\/?s=96&d=mm&r=g","caption":"Andr\u00e9s Quiroz"},"description":"Licenciado en Periodismo por la Universidad de los Andes. Me encargo de analizar y compartir los contenidos m\u00e1s destacados de la\u00a0actualidad del F\u00fatbol Club Barcelona, Mercado de Fichajes y F\u00fatbol Internacional en FCBN. La informaci\u00f3n es poder, pero tambi\u00e9n conocimiento.","url":"https:\/\/www.fcbarcelonanoticias.com\/en\/fc-barcelona\/andres-quiroz_17_115.html"}]}},"_links":{"self":[{"href":"https:\/\/www.fcbarcelonanoticias.com\/en\/wp-json\/wp\/v2\/posts\/14711","targetHints":{"allow":["GET"]}}],"collection":[{"href":"https:\/\/www.fcbarcelonanoticias.com\/en\/wp-json\/wp\/v2\/posts"}],"about":[{"href":"https:\/\/www.fcbarcelonanoticias.com\/en\/wp-json\/wp\/v2\/types\/post"}],"author":[{"embeddable":true,"href":"https:\/\/www.fcbarcelonanoticias.com\/en\/wp-json\/wp\/v2\/users\/347"}],"replies":[{"embeddable":true,"href":"https:\/\/www.fcbarcelonanoticias.com\/en\/wp-json\/wp\/v2\/comments?post=14711"}],"version-history":[{"count":1,"href":"https:\/\/www.fcbarcelonanoticias.com\/en\/wp-json\/wp\/v2\/posts\/14711\/revisions"}],"predecessor-version":[{"id":103196,"href":"https:\/\/www.fcbarcelonanoticias.com\/en\/wp-json\/wp\/v2\/posts\/14711\/revisions\/103196"}],"wp:featuredmedia":[{"embeddable":true,"href":"https:\/\/www.fcbarcelonanoticias.com\/en\/wp-json\/wp\/v2\/media\/5397"}],"wp:attachment":[{"href":"https:\/\/www.fcbarcelonanoticias.com\/en\/wp-json\/wp\/v2\/media?parent=14711"}],"wp:term":[{"taxonomy":"category","embeddable":true,"href":"https:\/\/www.fcbarcelonanoticias.com\/en\/wp-json\/wp\/v2\/categories?post=14711"},{"taxonomy":"post_tag","embeddable":true,"href":"https:\/\/www.fcbarcelonanoticias.com\/en\/wp-json\/wp\/v2\/tags?post=14711"}],"curies":[{"name":"wp","href":"https:\/\/api.w.org\/{rel}","templated":true}]}}