{"id":14719,"date":"2025-12-03T17:36:00","date_gmt":"2025-12-03T16:36:00","guid":{"rendered":"https:\/\/weisetech.dev\/fc-barcelona-noticias\/en\/barcelona-confirms-dani-olmo-injury-and-time-off_315409_102\/"},"modified":"2026-03-27T11:30:05","modified_gmt":"2026-03-27T10:30:05","slug":"barcelona-confirms-dani-olmo-injury-and-time-off_315409_102","status":"publish","type":"post","link":"https:\/\/www.fcbarcelonanoticias.com\/en\/fc-barcelona\/barcelona-confirms-dani-olmo-injury-and-time-off_315409_102.html","title":{"rendered":"Barcelona confirms Dani Olmo&#8217;s injury and layoff time"},"content":{"rendered":"<h2 class=\"wp-block-heading\">Dani Olmo suffered a dislocation in his left shoulder after scoring against Atl\u00e9tico (3-1). The Terrassa native, according to Bar\u00e7a&#8217;s medical report, will be out of action for around 1 month<\/h2>  \r\n<div class=\"article-addons\">\r\n    <a href=\"https:\/\/www.fcbarcelonanoticias.com\/en\/calendar-fc-barcelona.html\"\r\n       target=\"_self\"\r\n       title=\"Calendar of FC Barcelona\"\r\n       class=\"blue-gredient-btn\">\r\n       \r\n        Calendar of FC Barcelona    <\/a>\r\n<\/div>   <p><strong>F\u00fatbol Club Barcelona<\/strong> confirmed that <strong>Dani Olmo<\/strong> will not play again for the remainder of 2025. The 26-year-old player suffered <a data-external=\"0\" data-intl-links-en=\"https:\/\/www.fcbarcelonanoticias.com\/en\/laliga\/dani-olmo-penalty-drawn-goal-and-shoulder-injury_315401_102.html\" data-intl-links-es=\"https:\/\/www.fcbarcelonanoticias.com\/laliga\/dani-olmo-penalti-provocado-gol-lesion-hombro_315401_102.html\" href=\"https:\/\/www.fcbarcelonanoticias.com\/en\/laliga\/dani-olmo-penalty-drawn-goal-and-shoulder-injury_315401_102.html\" rel=\"follow\" target=\"_self\" title=\"Dani Olmo: penalti provocado, gol \u00a1y lesi\u00f3n en el hombro!\">a dislocation in his left shoulder<\/a> after scoring the second goal for the Catalan team in the victory against <strong>Atl\u00e9tico de Madrid<\/strong> (3-1), this being the second similar injury he has suffered in his sporting career.<\/p>  <p>In November 2023, Olmo injured his shoulder in a match against Mainz, still wearing the RB Leipzig jersey. **On that occasion, he was out for more than two months**, as the club decided it was best to send him to surgery to treat the dislocation.<\/p>  <p>Bar\u00e7a, on the other hand, <strong>has decided to implement conservative treatment<\/strong>, according to the <a data-external=\"1\" href=\"https:\/\/x.com\/en\/FCBarcelona_es\/status\/1996184479711289605\" rel=\"nofollow\" target=\"_blank\" title=\"Comunicado m\u00e9dico del Bar\u00e7a: Dani Olmo\">official medical report<\/a>. In this regard, the club estimates that Dani will be out for about a month, meaning he will miss Hansi Flick&#8217;s team&#8217;s last five games this year (three in La Liga, one in the Champions League, and the debut in the Copa del Rey)<\/p>  <h2>When will Dani Olmo play for Barcelona again in 25\/26?<\/h2>  <p>If the club&#8217;s estimated deadlines are met, Olmo might be cleared to play in the match on matchday 18, against Espanyol on January 3. However, it is more likely that the coaching staff will prefer to postpone his return for the Spanish Super Cup<\/p>  <p>Bar\u00e7a will travel to Arabia to face <strong>Athletic <\/strong>in the &#8216;semis&#8217;, on Wednesday, January 7 in Jeddah. In this way, the Terrassa native <strong>could miss a total of 6 games this season<\/strong>, having already missed a couple of league matchdays and another Champions League matchday due to muscular problems.<\/p>  <p>For the moment, <strong>Dani Olmo has scored 4 goals and provided 2 assists in 17 appearances (958 minutes)<\/strong> with Flick&#8217;s team. The midfielder started in 9 opportunities and, although he seemed to be losing the battle for a place in the lineup to Ferm\u00edn L\u00f3pez, the absence of the player from Huelva allowed him to return to the position where he feels most comfortable (attacking midfielder).<\/p>  <p>The &#8217;20&#8217; scored a brace against Alav\u00e9s (3-1) and was once again decisive against Atl\u00e9tico, drawing a penalty in the first half, in addition to scoring the goal that completed the comeback in the second half. In this regard, an injury is holding him back again when he seemed to be regaining his best form.<\/p>  <h3>The matches Dani Olmo would miss with FC Barcelona<\/h3>  <div class=\"media media-image\" data-ck-asset-wrapper=\"\"> <div class=\"media-item\"> <img loading=\"lazy\" decoding=\"async\" alt=\"Dani Olmo: penalty drawn, goal \u00a1and shoulder injury!\" data-id=\"1533082\" data-resize=\"9\" height=\"563\" src=\"https:\/\/www.fcbarcelonanoticias.com\/wp-content\/uploads\/sites\/2\/2025\/12\/fcbn-94453fa1e65b744d0305c9a55e351669.jpeg\" title=\"Dani Olmo: penalty drawn, goal \u00a1and shoulder injury!\" width=\"1000\"><div class=\"media-title\">Dani Olmo: penalty drawn, goal \u00a1and shoulder injury!<\/div> <\/div> <\/div>  <ol> <li> <strong>Real Betis vs FC Barcelona<\/strong>: LaLiga, Matchday 15 (06\/12\/2025).<\/li> \t<li> <strong>FC Barcelona vs Eintracht Frankfurt<\/strong>: Champions League, Matchday 6 (09\/12\/2025).<\/li> \t<li> <strong>FC Barcelona vs Osasuna<\/strong>: LaLiga, Matchday 16 (13\/12\/2025).<\/li> \t<li> <strong>Copa del Rey Round of 32<\/strong>: date and opponent to be defined.<\/li> \t<li> <strong>Villarreal vs FC Barcelona<\/strong>: LaLiga, Matchday 17 (21\/12\/2025).<\/li> <\/ol> <h2>Fifth injury for Olmo with Bar\u00e7a<\/h2>  <p>For Dani Olmo, the dislocation in his left shoulder is his fifth muscular mishap with Barcelona. **In 24\/25, he suffered a total of 3 injuries that forced him to miss 15 matches** between the League, Cup, Super Cup, and Champions League. This season, he could miss 9 games if he is also unavailable against Espanyol<\/p>  <p>Physical appearance has been the Spanish international&#8217;s Achilles&#8217; heel throughout his career. <strong>With Leipzig, he also suffered 7 injuries between 2021 and 2024<\/strong>. Beyond his undeniable quality and versatility, consistency is the great problem for the Bar\u00e7a youth academy product, due to the muscular problems that often diminish his performance.<\/p>  <p>For Hansi Flick, Olmo&#8217;s absence comes at a very inopportune moment, just as Ferm\u00edn is recovering from a soleus injury and the team faces an important run of matches in the three most important competitions at stake. Against Betis, <strong>Raphinha <\/strong>could play as an attacking midfielder, returning Rashford to the left wing. <strong>Pedri <\/strong>can also occupy that position.<\/p>  <ul> <li>\ud83d\udc49Consult more FC Barcelona news in our section dedicated to&nbsp;<strong><a data-external=\"0\" data-intl-links-en=\"https:\/\/www.fcbarcelonanoticias.com\/en\/fc-barcelona\" data-intl-links-es=\"https:\/\/www.fcbarcelonanoticias.com\/fc-barcelona\" href=\"https:\/\/www.fcbarcelonanoticias.com\/en\/football-soccer\/fc-barcelona.html\" rel=\"follow\" target=\"_self\" title=\"FC Barcelona\">Football Club Barcelona<\/a><\/strong>.<\/li> <\/ul> ","protected":false},"excerpt":{"rendered":"<p>Dani Olmo suffered a dislocation in his left shoulder after scoring against Atl\u00e9tico (3-1). The Terrassa native, according to Bar\u00e7a&#8217;s medical report, will be out of action for around 1 month F\u00fatbol Club Barcelona confirmed that Dani Olmo will not play again for the remainder of 2025. The 26-year-old player suffered a dislocation in his [&hellip;]<\/p>\n","protected":false},"author":347,"featured_media":14720,"comment_status":"closed","ping_status":"open","sticky":false,"template":"","format":"standard","meta":{"_acf_changed":false,"inline_featured_image":false,"_nextfly_llmd_date_locked":false,"footnotes":""},"categories":[111],"tags":[275,136],"class_list":["post-14719","post","type-post","status-publish","format-standard","has-post-thumbnail","hentry","category-fc-barcelona","tag-dani-olmo","tag-injured"],"acf":[],"yoast_head":"<!-- This site is optimized with the Yoast SEO plugin v27.3 - https:\/\/yoast.com\/product\/yoast-seo-wordpress\/ -->\n<title>Bar\u00e7a confirms Dani Olmo&#039;s injury and time off<\/title>\n<meta name=\"description\" content=\"Dani Olmo suffered a dislocation in his left shoulder after scoring against Atl\u00e9tico. The Terrassa native will be out of action for about 1 month\" \/>\n<meta name=\"robots\" content=\"index, follow, max-snippet:-1, max-image-preview:large, max-video-preview:-1\" \/>\n<link rel=\"canonical\" href=\"https:\/\/www.fcbarcelonanoticias.com\/en\/fc-barcelona\/barcelona-confirms-dani-olmo-injury-and-time-off_315409_102.html\" \/>\n<meta property=\"og:locale\" content=\"en_US\" \/>\n<meta property=\"og:type\" content=\"article\" \/>\n<meta property=\"og:title\" content=\"Bar\u00e7a confirms Dani Olmo&#039;s injury and time off\" \/>\n<meta property=\"og:description\" content=\"Dani Olmo suffered a dislocation in his left shoulder after scoring against Atl\u00e9tico. The Terrassa native will be out of action for about 1 month\" \/>\n<meta property=\"og:url\" content=\"https:\/\/www.fcbarcelonanoticias.com\/en\/fc-barcelona\/barcelona-confirms-dani-olmo-injury-and-time-off_315409_102.html\" \/>\n<meta property=\"og:site_name\" content=\"EN - FC Barcelona Noticias\" \/>\n<meta property=\"article:published_time\" content=\"2025-12-03T16:36:00+00:00\" \/>\n<meta property=\"article:modified_time\" content=\"2026-03-27T10:30:05+00:00\" \/>\n<meta property=\"og:image\" content=\"https:\/\/www.fcbarcelonanoticias.com\/en\/wp-content\/uploads\/sites\/2\/2025\/12\/dani-olmo-lesionado-barca-v-atletico.jpeg\" \/>\n\t<meta property=\"og:image:width\" content=\"1200\" \/>\n\t<meta property=\"og:image:height\" content=\"675\" \/>\n\t<meta property=\"og:image:type\" content=\"image\/jpeg\" \/>\n<meta name=\"author\" content=\"Andr\u00e9s Quiroz\" \/>\n<meta name=\"twitter:card\" content=\"summary_large_image\" \/>\n<meta name=\"twitter:label1\" content=\"Written by\" \/>\n\t<meta name=\"twitter:data1\" content=\"Andr\u00e9s Quiroz\" \/>\n\t<meta name=\"twitter:label2\" content=\"Est. reading time\" \/>\n\t<meta name=\"twitter:data2\" content=\"3 minutes\" \/>\n<script type=\"application\/ld+json\" class=\"yoast-schema-graph\">{\"@context\":\"https:\\\/\\\/schema.org\",\"@graph\":[{\"@type\":\"Article\",\"@id\":\"https:\\\/\\\/www.fcbarcelonanoticias.com\\\/en\\\/fc-barcelona\\\/barcelona-confirms-dani-olmo-injury-and-time-off_315409_102.html#article\",\"isPartOf\":{\"@id\":\"https:\\\/\\\/www.fcbarcelonanoticias.com\\\/en\\\/fc-barcelona\\\/barcelona-confirms-dani-olmo-injury-and-time-off_315409_102.html\"},\"author\":{\"name\":\"Andr\u00e9s Quiroz\",\"@id\":\"https:\\\/\\\/www.fcbarcelonanoticias.com\\\/en\\\/#\\\/schema\\\/person\\\/c2cd9f6fa1af5c0d0eccd0fefa575c88\"},\"headline\":\"Barcelona confirms Dani Olmo&#8217;s injury and layoff time\",\"datePublished\":\"2025-12-03T16:36:00+00:00\",\"dateModified\":\"2026-03-27T10:30:05+00:00\",\"mainEntityOfPage\":{\"@id\":\"https:\\\/\\\/www.fcbarcelonanoticias.com\\\/en\\\/fc-barcelona\\\/barcelona-confirms-dani-olmo-injury-and-time-off_315409_102.html\"},\"wordCount\":663,\"image\":{\"@id\":\"https:\\\/\\\/www.fcbarcelonanoticias.com\\\/en\\\/fc-barcelona\\\/barcelona-confirms-dani-olmo-injury-and-time-off_315409_102.html#primaryimage\"},\"thumbnailUrl\":\"https:\\\/\\\/www.fcbarcelonanoticias.com\\\/en\\\/wp-content\\\/uploads\\\/sites\\\/2\\\/2025\\\/12\\\/dani-olmo-lesionado-barca-v-atletico.jpeg\",\"keywords\":[\"Dani Olmo\",\"injured\"],\"articleSection\":[\"FC Barcelona\"],\"inLanguage\":\"en-US\"},{\"@type\":\"WebPage\",\"@id\":\"https:\\\/\\\/www.fcbarcelonanoticias.com\\\/en\\\/fc-barcelona\\\/barcelona-confirms-dani-olmo-injury-and-time-off_315409_102.html\",\"url\":\"https:\\\/\\\/www.fcbarcelonanoticias.com\\\/en\\\/fc-barcelona\\\/barcelona-confirms-dani-olmo-injury-and-time-off_315409_102.html\",\"name\":\"Bar\u00e7a confirms Dani Olmo's injury and time off\",\"isPartOf\":{\"@id\":\"https:\\\/\\\/www.fcbarcelonanoticias.com\\\/en\\\/#website\"},\"primaryImageOfPage\":{\"@id\":\"https:\\\/\\\/www.fcbarcelonanoticias.com\\\/en\\\/fc-barcelona\\\/barcelona-confirms-dani-olmo-injury-and-time-off_315409_102.html#primaryimage\"},\"image\":{\"@id\":\"https:\\\/\\\/www.fcbarcelonanoticias.com\\\/en\\\/fc-barcelona\\\/barcelona-confirms-dani-olmo-injury-and-time-off_315409_102.html#primaryimage\"},\"thumbnailUrl\":\"https:\\\/\\\/www.fcbarcelonanoticias.com\\\/en\\\/wp-content\\\/uploads\\\/sites\\\/2\\\/2025\\\/12\\\/dani-olmo-lesionado-barca-v-atletico.jpeg\",\"datePublished\":\"2025-12-03T16:36:00+00:00\",\"dateModified\":\"2026-03-27T10:30:05+00:00\",\"author\":{\"@id\":\"https:\\\/\\\/www.fcbarcelonanoticias.com\\\/en\\\/#\\\/schema\\\/person\\\/c2cd9f6fa1af5c0d0eccd0fefa575c88\"},\"description\":\"Dani Olmo suffered a dislocation in his left shoulder after scoring against Atl\u00e9tico. The Terrassa native will be out of action for about 1 month\",\"breadcrumb\":{\"@id\":\"https:\\\/\\\/www.fcbarcelonanoticias.com\\\/en\\\/fc-barcelona\\\/barcelona-confirms-dani-olmo-injury-and-time-off_315409_102.html#breadcrumb\"},\"inLanguage\":\"en-US\",\"potentialAction\":[{\"@type\":\"ReadAction\",\"target\":[\"https:\\\/\\\/www.fcbarcelonanoticias.com\\\/en\\\/fc-barcelona\\\/barcelona-confirms-dani-olmo-injury-and-time-off_315409_102.html\"]}]},{\"@type\":\"ImageObject\",\"inLanguage\":\"en-US\",\"@id\":\"https:\\\/\\\/www.fcbarcelonanoticias.com\\\/en\\\/fc-barcelona\\\/barcelona-confirms-dani-olmo-injury-and-time-off_315409_102.html#primaryimage\",\"url\":\"https:\\\/\\\/www.fcbarcelonanoticias.com\\\/en\\\/wp-content\\\/uploads\\\/sites\\\/2\\\/2025\\\/12\\\/dani-olmo-lesionado-barca-v-atletico.jpeg\",\"contentUrl\":\"https:\\\/\\\/www.fcbarcelonanoticias.com\\\/en\\\/wp-content\\\/uploads\\\/sites\\\/2\\\/2025\\\/12\\\/dani-olmo-lesionado-barca-v-atletico.jpeg\",\"width\":1200,\"height\":675},{\"@type\":\"BreadcrumbList\",\"@id\":\"https:\\\/\\\/www.fcbarcelonanoticias.com\\\/en\\\/fc-barcelona\\\/barcelona-confirms-dani-olmo-injury-and-time-off_315409_102.html#breadcrumb\",\"itemListElement\":[{\"@type\":\"ListItem\",\"position\":1,\"name\":\"Portada\",\"item\":\"https:\\\/\\\/www.fcbarcelonanoticias.com\\\/en\\\/\"},{\"@type\":\"ListItem\",\"position\":2,\"name\":\"Barcelona confirms Dani Olmo&#8217;s injury and layoff time\"}]},{\"@type\":\"WebSite\",\"@id\":\"https:\\\/\\\/www.fcbarcelonanoticias.com\\\/en\\\/#website\",\"url\":\"https:\\\/\\\/www.fcbarcelonanoticias.com\\\/en\\\/\",\"name\":\"EN - FC Barcelona Noticias\",\"description\":\"\",\"potentialAction\":[{\"@type\":\"SearchAction\",\"target\":{\"@type\":\"EntryPoint\",\"urlTemplate\":\"https:\\\/\\\/www.fcbarcelonanoticias.com\\\/en\\\/?s={search_term_string}\"},\"query-input\":{\"@type\":\"PropertyValueSpecification\",\"valueRequired\":true,\"valueName\":\"search_term_string\"}}],\"inLanguage\":\"en-US\"},{\"@type\":\"Person\",\"@id\":\"https:\\\/\\\/www.fcbarcelonanoticias.com\\\/en\\\/#\\\/schema\\\/person\\\/c2cd9f6fa1af5c0d0eccd0fefa575c88\",\"name\":\"Andr\u00e9s Quiroz\",\"image\":{\"@type\":\"ImageObject\",\"inLanguage\":\"en-US\",\"@id\":\"https:\\\/\\\/secure.gravatar.com\\\/avatar\\\/?s=96&d=mm&r=g\",\"url\":\"https:\\\/\\\/secure.gravatar.com\\\/avatar\\\/?s=96&d=mm&r=g\",\"contentUrl\":\"https:\\\/\\\/secure.gravatar.com\\\/avatar\\\/?s=96&d=mm&r=g\",\"caption\":\"Andr\u00e9s Quiroz\"},\"description\":\"Licenciado en Periodismo por la Universidad de los Andes. Me encargo de analizar y compartir los contenidos m\u00e1s destacados de la\u00a0actualidad del F\u00fatbol Club Barcelona, Mercado de Fichajes y F\u00fatbol Internacional en FCBN. La informaci\u00f3n es poder, pero tambi\u00e9n conocimiento.\",\"url\":\"https:\\\/\\\/www.fcbarcelonanoticias.com\\\/en\\\/fc-barcelona\\\/andres-quiroz_17_115.html\"}]}<\/script>\n<!-- \/ Yoast SEO plugin. -->","yoast_head_json":{"title":"Bar\u00e7a confirms Dani Olmo's injury and time off","description":"Dani Olmo suffered a dislocation in his left shoulder after scoring against Atl\u00e9tico. The Terrassa native will be out of action for about 1 month","robots":{"index":"index","follow":"follow","max-snippet":"max-snippet:-1","max-image-preview":"max-image-preview:large","max-video-preview":"max-video-preview:-1"},"canonical":"https:\/\/www.fcbarcelonanoticias.com\/en\/fc-barcelona\/barcelona-confirms-dani-olmo-injury-and-time-off_315409_102.html","og_locale":"en_US","og_type":"article","og_title":"Bar\u00e7a confirms Dani Olmo's injury and time off","og_description":"Dani Olmo suffered a dislocation in his left shoulder after scoring against Atl\u00e9tico. The Terrassa native will be out of action for about 1 month","og_url":"https:\/\/www.fcbarcelonanoticias.com\/en\/fc-barcelona\/barcelona-confirms-dani-olmo-injury-and-time-off_315409_102.html","og_site_name":"EN - FC Barcelona Noticias","article_published_time":"2025-12-03T16:36:00+00:00","article_modified_time":"2026-03-27T10:30:05+00:00","og_image":[{"width":1200,"height":675,"url":"https:\/\/www.fcbarcelonanoticias.com\/en\/wp-content\/uploads\/sites\/2\/2025\/12\/dani-olmo-lesionado-barca-v-atletico.jpeg","type":"image\/jpeg"}],"author":"Andr\u00e9s Quiroz","twitter_card":"summary_large_image","twitter_misc":{"Written by":"Andr\u00e9s Quiroz","Est. reading time":"3 minutes"},"schema":{"@context":"https:\/\/schema.org","@graph":[{"@type":"Article","@id":"https:\/\/www.fcbarcelonanoticias.com\/en\/fc-barcelona\/barcelona-confirms-dani-olmo-injury-and-time-off_315409_102.html#article","isPartOf":{"@id":"https:\/\/www.fcbarcelonanoticias.com\/en\/fc-barcelona\/barcelona-confirms-dani-olmo-injury-and-time-off_315409_102.html"},"author":{"name":"Andr\u00e9s Quiroz","@id":"https:\/\/www.fcbarcelonanoticias.com\/en\/#\/schema\/person\/c2cd9f6fa1af5c0d0eccd0fefa575c88"},"headline":"Barcelona confirms Dani Olmo&#8217;s injury and layoff time","datePublished":"2025-12-03T16:36:00+00:00","dateModified":"2026-03-27T10:30:05+00:00","mainEntityOfPage":{"@id":"https:\/\/www.fcbarcelonanoticias.com\/en\/fc-barcelona\/barcelona-confirms-dani-olmo-injury-and-time-off_315409_102.html"},"wordCount":663,"image":{"@id":"https:\/\/www.fcbarcelonanoticias.com\/en\/fc-barcelona\/barcelona-confirms-dani-olmo-injury-and-time-off_315409_102.html#primaryimage"},"thumbnailUrl":"https:\/\/www.fcbarcelonanoticias.com\/en\/wp-content\/uploads\/sites\/2\/2025\/12\/dani-olmo-lesionado-barca-v-atletico.jpeg","keywords":["Dani Olmo","injured"],"articleSection":["FC Barcelona"],"inLanguage":"en-US"},{"@type":"WebPage","@id":"https:\/\/www.fcbarcelonanoticias.com\/en\/fc-barcelona\/barcelona-confirms-dani-olmo-injury-and-time-off_315409_102.html","url":"https:\/\/www.fcbarcelonanoticias.com\/en\/fc-barcelona\/barcelona-confirms-dani-olmo-injury-and-time-off_315409_102.html","name":"Bar\u00e7a confirms Dani Olmo's injury and time off","isPartOf":{"@id":"https:\/\/www.fcbarcelonanoticias.com\/en\/#website"},"primaryImageOfPage":{"@id":"https:\/\/www.fcbarcelonanoticias.com\/en\/fc-barcelona\/barcelona-confirms-dani-olmo-injury-and-time-off_315409_102.html#primaryimage"},"image":{"@id":"https:\/\/www.fcbarcelonanoticias.com\/en\/fc-barcelona\/barcelona-confirms-dani-olmo-injury-and-time-off_315409_102.html#primaryimage"},"thumbnailUrl":"https:\/\/www.fcbarcelonanoticias.com\/en\/wp-content\/uploads\/sites\/2\/2025\/12\/dani-olmo-lesionado-barca-v-atletico.jpeg","datePublished":"2025-12-03T16:36:00+00:00","dateModified":"2026-03-27T10:30:05+00:00","author":{"@id":"https:\/\/www.fcbarcelonanoticias.com\/en\/#\/schema\/person\/c2cd9f6fa1af5c0d0eccd0fefa575c88"},"description":"Dani Olmo suffered a dislocation in his left shoulder after scoring against Atl\u00e9tico. The Terrassa native will be out of action for about 1 month","breadcrumb":{"@id":"https:\/\/www.fcbarcelonanoticias.com\/en\/fc-barcelona\/barcelona-confirms-dani-olmo-injury-and-time-off_315409_102.html#breadcrumb"},"inLanguage":"en-US","potentialAction":[{"@type":"ReadAction","target":["https:\/\/www.fcbarcelonanoticias.com\/en\/fc-barcelona\/barcelona-confirms-dani-olmo-injury-and-time-off_315409_102.html"]}]},{"@type":"ImageObject","inLanguage":"en-US","@id":"https:\/\/www.fcbarcelonanoticias.com\/en\/fc-barcelona\/barcelona-confirms-dani-olmo-injury-and-time-off_315409_102.html#primaryimage","url":"https:\/\/www.fcbarcelonanoticias.com\/en\/wp-content\/uploads\/sites\/2\/2025\/12\/dani-olmo-lesionado-barca-v-atletico.jpeg","contentUrl":"https:\/\/www.fcbarcelonanoticias.com\/en\/wp-content\/uploads\/sites\/2\/2025\/12\/dani-olmo-lesionado-barca-v-atletico.jpeg","width":1200,"height":675},{"@type":"BreadcrumbList","@id":"https:\/\/www.fcbarcelonanoticias.com\/en\/fc-barcelona\/barcelona-confirms-dani-olmo-injury-and-time-off_315409_102.html#breadcrumb","itemListElement":[{"@type":"ListItem","position":1,"name":"Portada","item":"https:\/\/www.fcbarcelonanoticias.com\/en\/"},{"@type":"ListItem","position":2,"name":"Barcelona confirms Dani Olmo&#8217;s injury and layoff time"}]},{"@type":"WebSite","@id":"https:\/\/www.fcbarcelonanoticias.com\/en\/#website","url":"https:\/\/www.fcbarcelonanoticias.com\/en\/","name":"EN - FC Barcelona Noticias","description":"","potentialAction":[{"@type":"SearchAction","target":{"@type":"EntryPoint","urlTemplate":"https:\/\/www.fcbarcelonanoticias.com\/en\/?s={search_term_string}"},"query-input":{"@type":"PropertyValueSpecification","valueRequired":true,"valueName":"search_term_string"}}],"inLanguage":"en-US"},{"@type":"Person","@id":"https:\/\/www.fcbarcelonanoticias.com\/en\/#\/schema\/person\/c2cd9f6fa1af5c0d0eccd0fefa575c88","name":"Andr\u00e9s Quiroz","image":{"@type":"ImageObject","inLanguage":"en-US","@id":"https:\/\/secure.gravatar.com\/avatar\/?s=96&d=mm&r=g","url":"https:\/\/secure.gravatar.com\/avatar\/?s=96&d=mm&r=g","contentUrl":"https:\/\/secure.gravatar.com\/avatar\/?s=96&d=mm&r=g","caption":"Andr\u00e9s Quiroz"},"description":"Licenciado en Periodismo por la Universidad de los Andes. Me encargo de analizar y compartir los contenidos m\u00e1s destacados de la\u00a0actualidad del F\u00fatbol Club Barcelona, Mercado de Fichajes y F\u00fatbol Internacional en FCBN. La informaci\u00f3n es poder, pero tambi\u00e9n conocimiento.","url":"https:\/\/www.fcbarcelonanoticias.com\/en\/fc-barcelona\/andres-quiroz_17_115.html"}]}},"_links":{"self":[{"href":"https:\/\/www.fcbarcelonanoticias.com\/en\/wp-json\/wp\/v2\/posts\/14719","targetHints":{"allow":["GET"]}}],"collection":[{"href":"https:\/\/www.fcbarcelonanoticias.com\/en\/wp-json\/wp\/v2\/posts"}],"about":[{"href":"https:\/\/www.fcbarcelonanoticias.com\/en\/wp-json\/wp\/v2\/types\/post"}],"author":[{"embeddable":true,"href":"https:\/\/www.fcbarcelonanoticias.com\/en\/wp-json\/wp\/v2\/users\/347"}],"replies":[{"embeddable":true,"href":"https:\/\/www.fcbarcelonanoticias.com\/en\/wp-json\/wp\/v2\/comments?post=14719"}],"version-history":[{"count":2,"href":"https:\/\/www.fcbarcelonanoticias.com\/en\/wp-json\/wp\/v2\/posts\/14719\/revisions"}],"predecessor-version":[{"id":158333,"href":"https:\/\/www.fcbarcelonanoticias.com\/en\/wp-json\/wp\/v2\/posts\/14719\/revisions\/158333"}],"wp:featuredmedia":[{"embeddable":true,"href":"https:\/\/www.fcbarcelonanoticias.com\/en\/wp-json\/wp\/v2\/media\/14720"}],"wp:attachment":[{"href":"https:\/\/www.fcbarcelonanoticias.com\/en\/wp-json\/wp\/v2\/media?parent=14719"}],"wp:term":[{"taxonomy":"category","embeddable":true,"href":"https:\/\/www.fcbarcelonanoticias.com\/en\/wp-json\/wp\/v2\/categories?post=14719"},{"taxonomy":"post_tag","embeddable":true,"href":"https:\/\/www.fcbarcelonanoticias.com\/en\/wp-json\/wp\/v2\/tags?post=14719"}],"curies":[{"name":"wp","href":"https:\/\/api.w.org\/{rel}","templated":true}]}}