{"id":14796,"date":"2025-10-08T17:11:00","date_gmt":"2025-10-08T15:11:00","guid":{"rendered":"https:\/\/weisetech.dev\/fc-barcelona-noticias\/en\/barcelona-plan-for-lamine-yamal-recovery_314975_102\/"},"modified":"2026-03-27T11:30:07","modified_gmt":"2026-03-27T10:30:07","slug":"barcelona-plan-for-lamine-yamal-recovery_314975_102","status":"publish","type":"post","link":"https:\/\/www.fcbarcelonanoticias.com\/en\/fc-barcelona\/barcelona-plan-for-lamine-yamal-recovery_314975_102.html","title":{"rendered":"Bar\u00e7a&#8217;s plan for Lamine Yamal&#8217;s recovery: When will he play again?"},"content":{"rendered":"<h2 class=\"wp-block-heading\">Bar\u00e7a hopes to have Lamine Yamal back next week. The &#8217;10&#8217; is working separately from the squad to overcome his discomfort in the pubis and could be a substitute against Girona<\/h2>  \r\n<div class=\"article-addons\">\r\n    <a href=\"https:\/\/www.fcbarcelonanoticias.com\/en\/calendar-fc-barcelona.html\"\r\n       target=\"_self\"\r\n       title=\"Calendar of FC Barcelona\"\r\n       class=\"blue-gredient-btn\">\r\n       \r\n        Calendar of FC Barcelona    <\/a>\r\n<\/div>   <p>The <strong>FC Barcelona<\/strong> medical team has already defined the route to follow with <strong>Lamine Yamal<\/strong>. Although, for the moment, there is no estimated time of absence and his evolution will determine his availability, the sensations of the player from Matar\u00f3 in his work apart from the squad are positive.<\/p>  <p>The &#8217;10&#8217; missed matchday 8 <a data-external=\"0\" data-intl-links-en=\"https:\/\/www.fcbarcelonanoticias.com\/en\/laliga\/barcelona-lost-away-in-laliga-after-15-matchdays_314952_102.html\" data-intl-links-es=\"https:\/\/www.fcbarcelonanoticias.com\/laliga\/barcelona-corta-sevilla-racha-15-jornadas-sin-derrota-fuera-casa-liga_314952_102.html\" href=\"https:\/\/www.fcbarcelonanoticias.com\/en\/laliga\/barcelona-lost-away-in-laliga-after-15-matchdays_314952_102.html\" rel=\"follow\" target=\"_self\" title=\"El Bar\u00e7a corta en Sevilla una racha de 15 jornadas sin derrota fuera de casa en Liga\">against Sevilla (4-1)<\/a> and was removed from Spain&#8217;s squad for the double matchday of World Cup qualifiers against Georgia and Bulgaria after relapsing from his groin discomfort last week.<\/p>  <p>Initially, <a data-external=\"0\" data-intl-links-en=\"https:\/\/www.fcbarcelonanoticias.com\/en\/laliga\/flick-doesn-guarantee-lamine-will-make-it-to-liga-clasico_314932_102.html\" data-intl-links-es=\"https:\/\/www.fcbarcelonanoticias.com\/laliga\/hansi-flick-no-garantiza-lamine-llegue-clasico-critica-convocatoria-bernal_314932_102.html\" href=\"https:\/\/www.fcbarcelonanoticias.com\/en\/laliga\/flick-doesn-guarantee-lamine-will-make-it-to-liga-clasico_314932_102.html\" rel=\"follow\" target=\"_self\" title=\"Hansi Flick no garantiza que Lamine llegue al Cl\u00e1sico y critica la convocatoria de Bernal\">his absence was feared for around three to four weeks<\/a>, as happened last month after the first international break. Pubalgia is an injury that demands a specific rehabilitation plan and, in severe cases, can require months of recovery.<\/p>  <h2>Lamine Yamal&#8217;s work plan during the international break<\/h2>  <p>Therefore, Bar\u00e7a has tried to take maximum care of him, a decision that, ultimately, the Spanish National Team also accepted by respecting his recovery time. However, <strong>Lamine has been doing physical work separate from the squad<\/strong> and, unlike the rest of the players who did not travel with their national teams, he will only rest from Thursday to Sunday.<\/p>  <p><strong>Yamal will have one less day of rest<\/strong> with the aim of continuing the specific recovery and strengthening sessions for the injured area. Once the bulk of the squad returns to work next Wednesday, the player from Rocafonda would gradually add physical load alongside his teammates, with his sights set on the match on Saturday the 18th <a data-external=\"0\" data-intl-links-en=\"https:\/\/www.fcbarcelonanoticias.com\/en\/laliga\/official-barcelona-girona-from-laliga-matchday-9-will-be-at-montjuic_314971_102.html\" data-intl-links-es=\"https:\/\/www.fcbarcelonanoticias.com\/laliga\/comunicado-fc-barcelona-barca-girona-liga-tambien-jugara-montjuic_314971_102.html\" href=\"https:\/\/www.fcbarcelonanoticias.com\/en\/laliga\/official-barcelona-girona-from-laliga-matchday-9-will-be-at-montjuic_314971_102.html\" rel=\"follow\" target=\"_self\" title=\"Comunicado FC Barcelona: el Bar\u00e7a-Girona de Liga tambi\u00e9n se jugar\u00e1 en Montju\u00efc\">against Girona (16:15 CEST)<\/a>.<\/p>  <ul> <li>\ud83d\udc49 Follow all the information about&nbsp;<strong><a data-external=\"0\" data-intl-links-en=\"https:\/\/www.fcbarcelonanoticias.com\/en\/tags\/lamine-yamal\" data-intl-links-es=\"https:\/\/www.fcbarcelonanoticias.com\/tags\/lamine-yamal\" href=\"https:\/\/www.fcbarcelonanoticias.com\/en\/player\/lamine-yamal.html\" rel=\"follow\" target=\"_self\" title=\"Lamine Yamal\">Lamine Yamal<\/a><\/strong>&nbsp;on FC Barcelona Noticias.<\/li> <\/ul> <h2>Lamine Would Get Minutes Against Girona, With Eyes on Olympiacos and Real Madrid<\/h2>  <div class=\"media media-image\" data-ck-asset-wrapper=\"\"> <div class=\"media-item\"> <img loading=\"lazy\" decoding=\"async\" alt=\"Lamine Yamal and Marcus Rashford before the Bar\u00e7a-PSG match\" data-id=\"1525103\" data-resize=\"9\" height=\"563\" src=\"https:\/\/www.fcbarcelonanoticias.com\/wp-content\/uploads\/sites\/2\/2025\/10\/fcbn-46b470fc113868d5bce38ee603623af6.webp\" title=\"Lamine Yamal and Marcus Rashford before the Bar\u00e7a-PSG match\" width=\"1000\"><div class=\"media-title\">Lamine Yamal and Marcus Rashford before the Bar\u00e7a-PSG match<\/div> <\/div> <\/div>  <p>That day, as against Real Sociedad, Yamal would be a substitute, but he could play at least half an hour in the second half. If all goes well, <strong>the 18-year-old winger would be in the starting lineup against Olympiacos<\/strong> for matchday 3 of the Champions League (Tuesday the 21st). That day, ideally for Hansi Flick, he would play 60-70 minutes to be in top physical condition for the Cl\u00e1sico.<\/p>  <p>And the &#8217;10&#8217;s main objective, clearly, is to <strong>be at his best for <a data-external=\"0\" data-intl-links-en=\"https:\/\/www.fcbarcelonanoticias.com\/en\/calendar\/real-madrid-barcelona-schedule-and-tv-laliga-2025-26-md10_314821_102.html\" data-intl-links-es=\"https:\/\/www.fcbarcelonanoticias.com\/calendario\/horario-tv-real-madrid-barcelona-laliga-2025-26-j10_314821_102.html\" href=\"https:\/\/www.fcbarcelonanoticias.com\/en\/calendar\/real-madrid-barcelona-schedule-and-tv-laliga-2025-26-md10_314821_102.html\" rel=\"follow\" target=\"_self\" title=\"Horario y TV del Real Madrid - Barcelona: LaLiga 2025\/26\">the visit to Real Madrid<\/a> on Sunday, October 26 (16:15 CEST)<\/strong>. So far, Lamine has 2 goals and 4 assists in 5 matches (392 minutes) with Bar\u00e7a. Due to pubalgia, he has missed half of the matches played by the Azulgrana team in the 25\/26 season (10).<\/p>  <h2>Barcelona&#8217;s Schedule After the October Break<\/h2>  <ol> <li>Saturday, October 18, 16:15 CEST: <strong>Bar\u00e7a vs Girona<\/strong>. LaLiga, Matchday 9.<\/li> \t<li>Tuesday, October 21, 21:00 CEST: <strong>Bar\u00e7a vs Olympiacos<\/strong>. Champions League, Matchday 2.<\/li> \t<li>Sunday, October 26, 16:15 CEST: <strong>Real Madrid vs Bar\u00e7a<\/strong>. LaLiga, Matchday 10.<\/li> \t<li>Sunday, November 2, 18:30 CEST: <strong>Bar\u00e7a vs Elche<\/strong>. LaLiga, Matchday 11.<\/li> \t<li>Wednesday, November 5, 21:00 CEST: <strong>Bruges vs Bar\u00e7a<\/strong>. Champions League, Matchday 3.<\/li> \t<li>Sunday, November 9 (to be defined): <strong>Celta vs Bar\u00e7a<\/strong>. LaLiga, Matchday 12.<\/li> <\/ol> ","protected":false},"excerpt":{"rendered":"<p>Bar\u00e7a hopes to have Lamine Yamal back next week. The &#8217;10&#8217; is working separately from the squad to overcome his discomfort in the pubis and could be a substitute against Girona The FC Barcelona medical team has already defined the route to follow with Lamine Yamal. Although, for the moment, there is no estimated time [&hellip;]<\/p>\n","protected":false},"author":347,"featured_media":5316,"comment_status":"closed","ping_status":"open","sticky":false,"template":"","format":"standard","meta":{"_acf_changed":false,"inline_featured_image":false,"_nextfly_llmd_date_locked":false,"footnotes":""},"categories":[111],"tags":[136,465,147],"class_list":["post-14796","post","type-post","status-publish","format-standard","has-post-thumbnail","hentry","category-fc-barcelona","tag-injured","tag-lamine-yamal-2","tag-lamine-yamal"],"acf":[],"yoast_head":"<!-- This site is optimized with the Yoast SEO plugin v27.3 - https:\/\/yoast.com\/product\/yoast-seo-wordpress\/ -->\n<title>Barcelona&#039;s plan for Lamine Yamal&#039;s recovery<\/title>\n<meta name=\"description\" content=\"Bar\u00e7a are confident Lamine Yamal will recover next week. The &#039;10&#039; could be a substitute against Girona, provided he overcomes his pubalgia\" \/>\n<meta name=\"robots\" content=\"index, follow, max-snippet:-1, max-image-preview:large, max-video-preview:-1\" \/>\n<link rel=\"canonical\" href=\"https:\/\/www.fcbarcelonanoticias.com\/en\/fc-barcelona\/barcelona-plan-for-lamine-yamal-recovery_314975_102.html\" \/>\n<meta property=\"og:locale\" content=\"en_US\" \/>\n<meta property=\"og:type\" content=\"article\" \/>\n<meta property=\"og:title\" content=\"Barcelona&#039;s plan for Lamine Yamal&#039;s recovery\" \/>\n<meta property=\"og:description\" content=\"Bar\u00e7a are confident Lamine Yamal will recover next week. The &#039;10&#039; could be a substitute against Girona, provided he overcomes his pubalgia\" \/>\n<meta property=\"og:url\" content=\"https:\/\/www.fcbarcelonanoticias.com\/en\/fc-barcelona\/barcelona-plan-for-lamine-yamal-recovery_314975_102.html\" \/>\n<meta property=\"og:site_name\" content=\"EN - FC Barcelona Noticias\" \/>\n<meta property=\"article:published_time\" content=\"2025-10-08T15:11:00+00:00\" \/>\n<meta property=\"article:modified_time\" content=\"2026-03-27T10:30:07+00:00\" \/>\n<meta property=\"og:image\" content=\"https:\/\/www.fcbarcelonanoticias.com\/en\/wp-content\/uploads\/sites\/2\/2025\/10\/lamine-yamal-v-psg-champions.webp\" \/>\n\t<meta property=\"og:image:width\" content=\"1200\" \/>\n\t<meta property=\"og:image:height\" content=\"675\" \/>\n\t<meta property=\"og:image:type\" content=\"image\/webp\" \/>\n<meta name=\"author\" content=\"Andr\u00e9s Quiroz\" \/>\n<meta name=\"twitter:card\" content=\"summary_large_image\" \/>\n<meta name=\"twitter:label1\" content=\"Written by\" \/>\n\t<meta name=\"twitter:data1\" content=\"Andr\u00e9s Quiroz\" \/>\n\t<meta name=\"twitter:label2\" content=\"Est. reading time\" \/>\n\t<meta name=\"twitter:data2\" content=\"3 minutes\" \/>\n<script type=\"application\/ld+json\" class=\"yoast-schema-graph\">{\"@context\":\"https:\\\/\\\/schema.org\",\"@graph\":[{\"@type\":\"Article\",\"@id\":\"https:\\\/\\\/www.fcbarcelonanoticias.com\\\/en\\\/fc-barcelona\\\/barcelona-plan-for-lamine-yamal-recovery_314975_102.html#article\",\"isPartOf\":{\"@id\":\"https:\\\/\\\/www.fcbarcelonanoticias.com\\\/en\\\/fc-barcelona\\\/barcelona-plan-for-lamine-yamal-recovery_314975_102.html\"},\"author\":{\"name\":\"Andr\u00e9s Quiroz\",\"@id\":\"https:\\\/\\\/www.fcbarcelonanoticias.com\\\/en\\\/#\\\/schema\\\/person\\\/c2cd9f6fa1af5c0d0eccd0fefa575c88\"},\"headline\":\"Bar\u00e7a&#8217;s plan for Lamine Yamal&#8217;s recovery: When will he play again?\",\"datePublished\":\"2025-10-08T15:11:00+00:00\",\"dateModified\":\"2026-03-27T10:30:07+00:00\",\"mainEntityOfPage\":{\"@id\":\"https:\\\/\\\/www.fcbarcelonanoticias.com\\\/en\\\/fc-barcelona\\\/barcelona-plan-for-lamine-yamal-recovery_314975_102.html\"},\"wordCount\":519,\"image\":{\"@id\":\"https:\\\/\\\/www.fcbarcelonanoticias.com\\\/en\\\/fc-barcelona\\\/barcelona-plan-for-lamine-yamal-recovery_314975_102.html#primaryimage\"},\"thumbnailUrl\":\"https:\\\/\\\/www.fcbarcelonanoticias.com\\\/en\\\/wp-content\\\/uploads\\\/sites\\\/2\\\/2025\\\/10\\\/lamine-yamal-v-psg-champions.webp\",\"keywords\":[\"injured\",\"Lamine Yamal\",\"Lamine Yamal\"],\"articleSection\":[\"FC Barcelona\"],\"inLanguage\":\"en-US\"},{\"@type\":\"WebPage\",\"@id\":\"https:\\\/\\\/www.fcbarcelonanoticias.com\\\/en\\\/fc-barcelona\\\/barcelona-plan-for-lamine-yamal-recovery_314975_102.html\",\"url\":\"https:\\\/\\\/www.fcbarcelonanoticias.com\\\/en\\\/fc-barcelona\\\/barcelona-plan-for-lamine-yamal-recovery_314975_102.html\",\"name\":\"Barcelona's plan for Lamine Yamal's recovery\",\"isPartOf\":{\"@id\":\"https:\\\/\\\/www.fcbarcelonanoticias.com\\\/en\\\/#website\"},\"primaryImageOfPage\":{\"@id\":\"https:\\\/\\\/www.fcbarcelonanoticias.com\\\/en\\\/fc-barcelona\\\/barcelona-plan-for-lamine-yamal-recovery_314975_102.html#primaryimage\"},\"image\":{\"@id\":\"https:\\\/\\\/www.fcbarcelonanoticias.com\\\/en\\\/fc-barcelona\\\/barcelona-plan-for-lamine-yamal-recovery_314975_102.html#primaryimage\"},\"thumbnailUrl\":\"https:\\\/\\\/www.fcbarcelonanoticias.com\\\/en\\\/wp-content\\\/uploads\\\/sites\\\/2\\\/2025\\\/10\\\/lamine-yamal-v-psg-champions.webp\",\"datePublished\":\"2025-10-08T15:11:00+00:00\",\"dateModified\":\"2026-03-27T10:30:07+00:00\",\"author\":{\"@id\":\"https:\\\/\\\/www.fcbarcelonanoticias.com\\\/en\\\/#\\\/schema\\\/person\\\/c2cd9f6fa1af5c0d0eccd0fefa575c88\"},\"description\":\"Bar\u00e7a are confident Lamine Yamal will recover next week. The '10' could be a substitute against Girona, provided he overcomes his pubalgia\",\"breadcrumb\":{\"@id\":\"https:\\\/\\\/www.fcbarcelonanoticias.com\\\/en\\\/fc-barcelona\\\/barcelona-plan-for-lamine-yamal-recovery_314975_102.html#breadcrumb\"},\"inLanguage\":\"en-US\",\"potentialAction\":[{\"@type\":\"ReadAction\",\"target\":[\"https:\\\/\\\/www.fcbarcelonanoticias.com\\\/en\\\/fc-barcelona\\\/barcelona-plan-for-lamine-yamal-recovery_314975_102.html\"]}]},{\"@type\":\"ImageObject\",\"inLanguage\":\"en-US\",\"@id\":\"https:\\\/\\\/www.fcbarcelonanoticias.com\\\/en\\\/fc-barcelona\\\/barcelona-plan-for-lamine-yamal-recovery_314975_102.html#primaryimage\",\"url\":\"https:\\\/\\\/www.fcbarcelonanoticias.com\\\/en\\\/wp-content\\\/uploads\\\/sites\\\/2\\\/2025\\\/10\\\/lamine-yamal-v-psg-champions.webp\",\"contentUrl\":\"https:\\\/\\\/www.fcbarcelonanoticias.com\\\/en\\\/wp-content\\\/uploads\\\/sites\\\/2\\\/2025\\\/10\\\/lamine-yamal-v-psg-champions.webp\",\"width\":1200,\"height\":675},{\"@type\":\"BreadcrumbList\",\"@id\":\"https:\\\/\\\/www.fcbarcelonanoticias.com\\\/en\\\/fc-barcelona\\\/barcelona-plan-for-lamine-yamal-recovery_314975_102.html#breadcrumb\",\"itemListElement\":[{\"@type\":\"ListItem\",\"position\":1,\"name\":\"Portada\",\"item\":\"https:\\\/\\\/www.fcbarcelonanoticias.com\\\/en\\\/\"},{\"@type\":\"ListItem\",\"position\":2,\"name\":\"Bar\u00e7a&#8217;s plan for Lamine Yamal&#8217;s recovery: When will he play again?\"}]},{\"@type\":\"WebSite\",\"@id\":\"https:\\\/\\\/www.fcbarcelonanoticias.com\\\/en\\\/#website\",\"url\":\"https:\\\/\\\/www.fcbarcelonanoticias.com\\\/en\\\/\",\"name\":\"EN - FC Barcelona Noticias\",\"description\":\"\",\"potentialAction\":[{\"@type\":\"SearchAction\",\"target\":{\"@type\":\"EntryPoint\",\"urlTemplate\":\"https:\\\/\\\/www.fcbarcelonanoticias.com\\\/en\\\/?s={search_term_string}\"},\"query-input\":{\"@type\":\"PropertyValueSpecification\",\"valueRequired\":true,\"valueName\":\"search_term_string\"}}],\"inLanguage\":\"en-US\"},{\"@type\":\"Person\",\"@id\":\"https:\\\/\\\/www.fcbarcelonanoticias.com\\\/en\\\/#\\\/schema\\\/person\\\/c2cd9f6fa1af5c0d0eccd0fefa575c88\",\"name\":\"Andr\u00e9s Quiroz\",\"image\":{\"@type\":\"ImageObject\",\"inLanguage\":\"en-US\",\"@id\":\"https:\\\/\\\/secure.gravatar.com\\\/avatar\\\/?s=96&d=mm&r=g\",\"url\":\"https:\\\/\\\/secure.gravatar.com\\\/avatar\\\/?s=96&d=mm&r=g\",\"contentUrl\":\"https:\\\/\\\/secure.gravatar.com\\\/avatar\\\/?s=96&d=mm&r=g\",\"caption\":\"Andr\u00e9s Quiroz\"},\"description\":\"Licenciado en Periodismo por la Universidad de los Andes. Me encargo de analizar y compartir los contenidos m\u00e1s destacados de la\u00a0actualidad del F\u00fatbol Club Barcelona, Mercado de Fichajes y F\u00fatbol Internacional en FCBN. La informaci\u00f3n es poder, pero tambi\u00e9n conocimiento.\",\"url\":\"https:\\\/\\\/www.fcbarcelonanoticias.com\\\/en\\\/fc-barcelona\\\/andres-quiroz_17_115.html\"}]}<\/script>\n<!-- \/ Yoast SEO plugin. -->","yoast_head_json":{"title":"Barcelona's plan for Lamine Yamal's recovery","description":"Bar\u00e7a are confident Lamine Yamal will recover next week. The '10' could be a substitute against Girona, provided he overcomes his pubalgia","robots":{"index":"index","follow":"follow","max-snippet":"max-snippet:-1","max-image-preview":"max-image-preview:large","max-video-preview":"max-video-preview:-1"},"canonical":"https:\/\/www.fcbarcelonanoticias.com\/en\/fc-barcelona\/barcelona-plan-for-lamine-yamal-recovery_314975_102.html","og_locale":"en_US","og_type":"article","og_title":"Barcelona's plan for Lamine Yamal's recovery","og_description":"Bar\u00e7a are confident Lamine Yamal will recover next week. The '10' could be a substitute against Girona, provided he overcomes his pubalgia","og_url":"https:\/\/www.fcbarcelonanoticias.com\/en\/fc-barcelona\/barcelona-plan-for-lamine-yamal-recovery_314975_102.html","og_site_name":"EN - FC Barcelona Noticias","article_published_time":"2025-10-08T15:11:00+00:00","article_modified_time":"2026-03-27T10:30:07+00:00","og_image":[{"width":1200,"height":675,"url":"https:\/\/www.fcbarcelonanoticias.com\/en\/wp-content\/uploads\/sites\/2\/2025\/10\/lamine-yamal-v-psg-champions.webp","type":"image\/webp"}],"author":"Andr\u00e9s Quiroz","twitter_card":"summary_large_image","twitter_misc":{"Written by":"Andr\u00e9s Quiroz","Est. reading time":"3 minutes"},"schema":{"@context":"https:\/\/schema.org","@graph":[{"@type":"Article","@id":"https:\/\/www.fcbarcelonanoticias.com\/en\/fc-barcelona\/barcelona-plan-for-lamine-yamal-recovery_314975_102.html#article","isPartOf":{"@id":"https:\/\/www.fcbarcelonanoticias.com\/en\/fc-barcelona\/barcelona-plan-for-lamine-yamal-recovery_314975_102.html"},"author":{"name":"Andr\u00e9s Quiroz","@id":"https:\/\/www.fcbarcelonanoticias.com\/en\/#\/schema\/person\/c2cd9f6fa1af5c0d0eccd0fefa575c88"},"headline":"Bar\u00e7a&#8217;s plan for Lamine Yamal&#8217;s recovery: When will he play again?","datePublished":"2025-10-08T15:11:00+00:00","dateModified":"2026-03-27T10:30:07+00:00","mainEntityOfPage":{"@id":"https:\/\/www.fcbarcelonanoticias.com\/en\/fc-barcelona\/barcelona-plan-for-lamine-yamal-recovery_314975_102.html"},"wordCount":519,"image":{"@id":"https:\/\/www.fcbarcelonanoticias.com\/en\/fc-barcelona\/barcelona-plan-for-lamine-yamal-recovery_314975_102.html#primaryimage"},"thumbnailUrl":"https:\/\/www.fcbarcelonanoticias.com\/en\/wp-content\/uploads\/sites\/2\/2025\/10\/lamine-yamal-v-psg-champions.webp","keywords":["injured","Lamine Yamal","Lamine Yamal"],"articleSection":["FC Barcelona"],"inLanguage":"en-US"},{"@type":"WebPage","@id":"https:\/\/www.fcbarcelonanoticias.com\/en\/fc-barcelona\/barcelona-plan-for-lamine-yamal-recovery_314975_102.html","url":"https:\/\/www.fcbarcelonanoticias.com\/en\/fc-barcelona\/barcelona-plan-for-lamine-yamal-recovery_314975_102.html","name":"Barcelona's plan for Lamine Yamal's recovery","isPartOf":{"@id":"https:\/\/www.fcbarcelonanoticias.com\/en\/#website"},"primaryImageOfPage":{"@id":"https:\/\/www.fcbarcelonanoticias.com\/en\/fc-barcelona\/barcelona-plan-for-lamine-yamal-recovery_314975_102.html#primaryimage"},"image":{"@id":"https:\/\/www.fcbarcelonanoticias.com\/en\/fc-barcelona\/barcelona-plan-for-lamine-yamal-recovery_314975_102.html#primaryimage"},"thumbnailUrl":"https:\/\/www.fcbarcelonanoticias.com\/en\/wp-content\/uploads\/sites\/2\/2025\/10\/lamine-yamal-v-psg-champions.webp","datePublished":"2025-10-08T15:11:00+00:00","dateModified":"2026-03-27T10:30:07+00:00","author":{"@id":"https:\/\/www.fcbarcelonanoticias.com\/en\/#\/schema\/person\/c2cd9f6fa1af5c0d0eccd0fefa575c88"},"description":"Bar\u00e7a are confident Lamine Yamal will recover next week. The '10' could be a substitute against Girona, provided he overcomes his pubalgia","breadcrumb":{"@id":"https:\/\/www.fcbarcelonanoticias.com\/en\/fc-barcelona\/barcelona-plan-for-lamine-yamal-recovery_314975_102.html#breadcrumb"},"inLanguage":"en-US","potentialAction":[{"@type":"ReadAction","target":["https:\/\/www.fcbarcelonanoticias.com\/en\/fc-barcelona\/barcelona-plan-for-lamine-yamal-recovery_314975_102.html"]}]},{"@type":"ImageObject","inLanguage":"en-US","@id":"https:\/\/www.fcbarcelonanoticias.com\/en\/fc-barcelona\/barcelona-plan-for-lamine-yamal-recovery_314975_102.html#primaryimage","url":"https:\/\/www.fcbarcelonanoticias.com\/en\/wp-content\/uploads\/sites\/2\/2025\/10\/lamine-yamal-v-psg-champions.webp","contentUrl":"https:\/\/www.fcbarcelonanoticias.com\/en\/wp-content\/uploads\/sites\/2\/2025\/10\/lamine-yamal-v-psg-champions.webp","width":1200,"height":675},{"@type":"BreadcrumbList","@id":"https:\/\/www.fcbarcelonanoticias.com\/en\/fc-barcelona\/barcelona-plan-for-lamine-yamal-recovery_314975_102.html#breadcrumb","itemListElement":[{"@type":"ListItem","position":1,"name":"Portada","item":"https:\/\/www.fcbarcelonanoticias.com\/en\/"},{"@type":"ListItem","position":2,"name":"Bar\u00e7a&#8217;s plan for Lamine Yamal&#8217;s recovery: When will he play again?"}]},{"@type":"WebSite","@id":"https:\/\/www.fcbarcelonanoticias.com\/en\/#website","url":"https:\/\/www.fcbarcelonanoticias.com\/en\/","name":"EN - FC Barcelona Noticias","description":"","potentialAction":[{"@type":"SearchAction","target":{"@type":"EntryPoint","urlTemplate":"https:\/\/www.fcbarcelonanoticias.com\/en\/?s={search_term_string}"},"query-input":{"@type":"PropertyValueSpecification","valueRequired":true,"valueName":"search_term_string"}}],"inLanguage":"en-US"},{"@type":"Person","@id":"https:\/\/www.fcbarcelonanoticias.com\/en\/#\/schema\/person\/c2cd9f6fa1af5c0d0eccd0fefa575c88","name":"Andr\u00e9s Quiroz","image":{"@type":"ImageObject","inLanguage":"en-US","@id":"https:\/\/secure.gravatar.com\/avatar\/?s=96&d=mm&r=g","url":"https:\/\/secure.gravatar.com\/avatar\/?s=96&d=mm&r=g","contentUrl":"https:\/\/secure.gravatar.com\/avatar\/?s=96&d=mm&r=g","caption":"Andr\u00e9s Quiroz"},"description":"Licenciado en Periodismo por la Universidad de los Andes. Me encargo de analizar y compartir los contenidos m\u00e1s destacados de la\u00a0actualidad del F\u00fatbol Club Barcelona, Mercado de Fichajes y F\u00fatbol Internacional en FCBN. La informaci\u00f3n es poder, pero tambi\u00e9n conocimiento.","url":"https:\/\/www.fcbarcelonanoticias.com\/en\/fc-barcelona\/andres-quiroz_17_115.html"}]}},"_links":{"self":[{"href":"https:\/\/www.fcbarcelonanoticias.com\/en\/wp-json\/wp\/v2\/posts\/14796","targetHints":{"allow":["GET"]}}],"collection":[{"href":"https:\/\/www.fcbarcelonanoticias.com\/en\/wp-json\/wp\/v2\/posts"}],"about":[{"href":"https:\/\/www.fcbarcelonanoticias.com\/en\/wp-json\/wp\/v2\/types\/post"}],"author":[{"embeddable":true,"href":"https:\/\/www.fcbarcelonanoticias.com\/en\/wp-json\/wp\/v2\/users\/347"}],"replies":[{"embeddable":true,"href":"https:\/\/www.fcbarcelonanoticias.com\/en\/wp-json\/wp\/v2\/comments?post=14796"}],"version-history":[{"count":2,"href":"https:\/\/www.fcbarcelonanoticias.com\/en\/wp-json\/wp\/v2\/posts\/14796\/revisions"}],"predecessor-version":[{"id":158345,"href":"https:\/\/www.fcbarcelonanoticias.com\/en\/wp-json\/wp\/v2\/posts\/14796\/revisions\/158345"}],"wp:featuredmedia":[{"embeddable":true,"href":"https:\/\/www.fcbarcelonanoticias.com\/en\/wp-json\/wp\/v2\/media\/5316"}],"wp:attachment":[{"href":"https:\/\/www.fcbarcelonanoticias.com\/en\/wp-json\/wp\/v2\/media?parent=14796"}],"wp:term":[{"taxonomy":"category","embeddable":true,"href":"https:\/\/www.fcbarcelonanoticias.com\/en\/wp-json\/wp\/v2\/categories?post=14796"},{"taxonomy":"post_tag","embeddable":true,"href":"https:\/\/www.fcbarcelonanoticias.com\/en\/wp-json\/wp\/v2\/tags?post=14796"}],"curies":[{"name":"wp","href":"https:\/\/api.w.org\/{rel}","templated":true}]}}