{"id":14797,"date":"2025-10-17T17:43:00","date_gmt":"2025-10-17T15:43:00","guid":{"rendered":"https:\/\/weisetech.dev\/fc-barcelona-noticias\/en\/barcelona-receives-first-occupancy-license-for-camp-nou_315039_102\/"},"modified":"2026-03-27T11:30:07","modified_gmt":"2026-03-27T10:30:07","slug":"barcelona-receives-first-occupancy-license-for-camp-nou_315039_102","status":"publish","type":"post","link":"https:\/\/www.fcbarcelonanoticias.com\/en\/fc-barcelona\/barcelona-receives-first-occupancy-license-for-camp-nou_315039_102.html","title":{"rendered":"CAMP NOU: Bar\u00e7a now has the first occupancy license for phase 1A"},"content":{"rendered":"<h2 class=\"wp-block-heading\">The FC Barcelona board confirmed the receipt of the first occupancy license for the Spotify Camp Nou from the City Council in its Phase 1A, with a capacity for 25,991 spectators<\/h2>  \r\n<div class=\"article-addons\">\r\n    <a href=\"https:\/\/www.fcbarcelonanoticias.com\/en\/calendar-fc-barcelona.html\"\r\n       target=\"_self\"\r\n       title=\"Calendar of FC Barcelona\"\r\n       class=\"blue-gredient-btn\">\r\n       \r\n        Calendar of FC Barcelona    <\/a>\r\n<\/div>   <p><strong>FC Barcelona<\/strong> could reopen the <strong>Spotify Camp Nou<\/strong> this weekend if they wanted to. On Friday, <a data-external=\"1\" href=\"https:\/\/x.com\/en\/FCBarcelona_es\/status\/1979151754743972134\" rel=\"nofollow\" target=\"_blank\" title=\"OFFICIAL: Bar\u00e7a receives the first occupancy license from the City Council\">the Bar\u00e7a board made official the reception of the first occupancy license<\/a> for the Estadi in its phase 1A, with the Tribuna and Gol Sur stands enabled to receive 25,991 culers.<\/p>  <p>The City Council finally gave the green light to the first phase of the works in Les Corts, <strong>just over two months after the date initially estimated<\/strong> (August 10, for the Joan Gamper Trophy).<\/p>  <p>The club and the construction company Limak had to rectify <a data-external=\"0\" data-intl-links-en=\"https:\/\/www.fcbarcelonanoticias.com\/en\/fc-barcelona\/irregularities-at-the-camp-nou-barcelona-admits-problems-and-seeks-solutions_314229_102.html\" data-intl-links-es=\"https:\/\/www.fcbarcelonanoticias.com\/fc-barcelona\/barca-reconoce-irregularidades-camp-nou_314229_102.html\" href=\"https:\/\/www.fcbarcelonanoticias.com\/en\/fc-barcelona\/irregularities-at-the-camp-nou-barcelona-admits-problems-and-seeks-solutions_314229_102.html\" rel=\"follow\" target=\"_self\" title=\"Irregularities at the Camp Nou: Bar\u00e7a admits problems and seeks solutions\">a long list of technical and safety irregularities<\/a> which, ultimately, postponed obtaining the indispensable requirement to reopen the work.<\/p>  <p>However, although the government and LaLiga would allow Bar\u00e7a to play at Camp Nou against Girona, the board ratified that it <a data-external=\"0\" data-intl-links-en=\"https:\/\/www.fcbarcelonanoticias.com\/en\/fc-barcelona\/barcelona-could-postpone-reopening-of-spotify-camp-nou-until-phase-1b_314966_102.html\" data-intl-links-es=\"https:\/\/www.fcbarcelonanoticias.com\/fc-barcelona\/barcelona-podria-aplazar-reapertura-spotify-camp-nou-hasta-fase-1b_314966_102.html\" href=\"https:\/\/www.fcbarcelonanoticias.com\/en\/fc-barcelona\/barcelona-could-postpone-reopening-of-spotify-camp-nou-until-phase-1b_314966_102.html\" rel=\"follow\" target=\"_self\" title=\"El Bar\u00e7a decide aplazar la reapertura del Spotify Camp Nou hasta la fase 1B\">will wait until the conclusion of phase 1B<\/a>, with a capacity of around 45,000 spectators and the Lateral stand available, to definitively return home.<\/p>  <h2>The completed improvements to the Spotify Camp Nou<\/h2>  <p>In its statement, the club specified the improvements that, so far, have been completed in the Estadi <strong>after almost two and a half years of work<\/strong> that included the partial demolition of the entire structure. These include:<\/p>  <ol> <li> \t<p>\u2705 New players&#8217; tunnel.<\/p> \t<\/li> \t<li> \t<p>\u2705 New locker rooms for the first team and the visiting team.<\/p> \t<\/li> \t<li> \t<p>\u2705 Improvements in comfort and safety, with more accesses, evacuation routes, and railings.<\/p> \t<\/li> \t<li> \t<p>\u2705 Access systems with integrated gantries and ticketing, compatible with event days and construction traffic.<\/p> \t<\/li> \t<li> \t<p>\u2705 New sprinkler and automatic extinguishing system.<\/p> \t<\/li> <\/ol> <div class=\"article-video-wrapper\" data-ck-asset-wrapper=\"\"> <div class=\"article-video\"> <div><\/div> <\/div> <\/div>  <p>Finally, the capacity available in phase 1A will not be 27,000, but 25,991 spectators. That is, <strong>just over half of the total capacity of Montju\u00efc<\/strong> (50,000 seats).<\/p>  <p>This factor, added to <strong>UEFA&#8217;s refusal to authorize licenses for stadiums that do not guarantee the segregation of visiting fans<\/strong> (something impossible for the Spotify Camp Nou in this phase), leads the club to continue playing, for now, at the Llu\u00eds Companys.<\/p>  <p>The possibility of playing Liga matches at Les Corts and Champions League games at Montju\u00efc would generate <strong>higher expenses<\/strong> for a Bar\u00e7a side that prioritizes returning home in the best possible conditions, never to leave the cul\u00e9 temple again.<\/p>  <h2>When will Barcelona return to Camp Nou?<\/h2>  <div class=\"media media-image\" data-ck-asset-wrapper=\"\"> <div class=\"media-item\"> <img loading=\"lazy\" decoding=\"async\" alt=\"Bar\u00e7a decides to postpone the reopening of Spotify Camp Nou until phase 1B\" data-id=\"1525766\" data-resize=\"9\" height=\"563\" src=\"https:\/\/www.fcbarcelonanoticias.com\/wp-content\/uploads\/sites\/2\/2025\/10\/fcbn-06f94ce1d08761e2f0c0c79adda7b4ed.webp\" title=\"Bar\u00e7a decides to postpone the reopening of Spotify Camp Nou until phase 1B\" width=\"1000\"><div class=\"media-title\">Bar\u00e7a decides to postpone the reopening of Spotify Camp Nou until phase 1B<\/div> <\/div> <\/div>  <p>In that sense, the return to Spotify Camp Nou will take, at least, until after the international break in November. Hansi Flick&#8217;s team will host Athletic Club <strong>on the weekend of November 22-23<\/strong>, a tentative date for the possible reopening of the Estadi in its 1B phase.<\/p>  <p>However, the directive aims to &#8220;<strong>guarantee a complete and safe validation process before the stadium&#8217;s total opening<\/strong>.&#8221; Once the first occupancy license for the South Goal and Tribune is obtained, the process for the Lateral, hopefully, will be much faster.<\/p>  <p>Thus, the return of the Bar\u00e7a team to the renovated cul\u00e9 temple is much closer, <strong>almost certainly before the end of the year<\/strong>. In the meantime, the team will continue playing in <a data-external=\"0\" data-intl-links-en=\"https:\/\/www.fcbarcelonanoticias.com\/en\/fc-barcelona\/barca-could-play-in-montjuic-until-the-end-of-february_314262_102.html\" data-intl-links-es=\"https:\/\/www.fcbarcelonanoticias.com\/fc-barcelona\/barca-podria-jugar-montjuic-hasta-finales-febrero_314262_102.html\" href=\"https:\/\/www.fcbarcelonanoticias.com\/en\/fc-barcelona\/barca-could-play-in-montjuic-until-the-end-of-february_314262_102.html\" rel=\"follow\" target=\"_self\" title=\"El Bar\u00e7a podr\u00eda jugar en Montju\u00efc hasta finales de febrero\">Montju\u00efc, where the club is licensed to continue acting as host until at least February<\/a>.<\/p>  <p>&#8220;FC Barcelona thanks its members and fans for their understanding and support in a process as complex and exciting as the return to the new Spotify Camp Nou,&#8221; concludes the statement issued by the club.<\/p>  <ul> <li>Follow all the <strong><a data-external=\"0\" data-intl-links-en=\"https:\/\/www.fcbarcelonanoticias.com\/en\/tags\/camp-nou\" data-intl-links-es=\"https:\/\/www.fcbarcelonanoticias.com\/tags\/camp-nou\" href=\"https:\/\/www.fcbarcelonanoticias.com\/en\/tags\/camp-nou.html\" rel=\"follow\" target=\"_self\" title=\"Camp Nou\">latest news about Bar\u00e7a and the Camp Nou<\/a><\/strong> on FC Barcelona Noticias<\/li> <\/ul> ","protected":false},"excerpt":{"rendered":"<p>The FC Barcelona board confirmed the receipt of the first occupancy license for the Spotify Camp Nou from the City Council in its Phase 1A, with a capacity for 25,991 spectators FC Barcelona could reopen the Spotify Camp Nou this weekend if they wanted to. On Friday, the Bar\u00e7a board made official the reception of [&hellip;]<\/p>\n","protected":false},"author":347,"featured_media":14798,"comment_status":"closed","ping_status":"open","sticky":false,"template":"","format":"standard","meta":{"_acf_changed":false,"inline_featured_image":false,"_nextfly_llmd_date_locked":false,"footnotes":""},"categories":[111],"tags":[82],"class_list":["post-14797","post","type-post","status-publish","format-standard","has-post-thumbnail","hentry","category-fc-barcelona","tag-camp-nou"],"acf":[],"yoast_head":"<!-- This site is optimized with the Yoast SEO plugin v27.3 - https:\/\/yoast.com\/product\/yoast-seo-wordpress\/ -->\n<title>Bar\u00e7a receives first occupancy license for Camp Nou<\/title>\n<meta name=\"description\" content=\"The first occupancy license for the Spotify Camp Nou from the City Council in its phase 1A, with a capacity for 25,991 spectators, is already in Can Bar\u00e7a\" \/>\n<meta name=\"robots\" content=\"index, follow, max-snippet:-1, max-image-preview:large, max-video-preview:-1\" \/>\n<link rel=\"canonical\" href=\"https:\/\/www.fcbarcelonanoticias.com\/en\/fc-barcelona\/barcelona-receives-first-occupancy-license-for-camp-nou_315039_102.html\" \/>\n<meta property=\"og:locale\" content=\"en_US\" \/>\n<meta property=\"og:type\" content=\"article\" \/>\n<meta property=\"og:title\" content=\"Bar\u00e7a receives first occupancy license for Camp Nou\" \/>\n<meta property=\"og:description\" content=\"The first occupancy license for the Spotify Camp Nou from the City Council in its phase 1A, with a capacity for 25,991 spectators, is already in Can Bar\u00e7a\" \/>\n<meta property=\"og:url\" content=\"https:\/\/www.fcbarcelonanoticias.com\/en\/fc-barcelona\/barcelona-receives-first-occupancy-license-for-camp-nou_315039_102.html\" \/>\n<meta property=\"og:site_name\" content=\"EN - FC Barcelona Noticias\" \/>\n<meta property=\"article:published_time\" content=\"2025-10-17T15:43:00+00:00\" \/>\n<meta property=\"article:modified_time\" content=\"2026-03-27T10:30:07+00:00\" \/>\n<meta property=\"og:image\" content=\"https:\/\/www.fcbarcelonanoticias.com\/en\/wp-content\/uploads\/sites\/2\/2025\/10\/camp-nou-obras-octubre-2025.webp\" \/>\n\t<meta property=\"og:image:width\" content=\"1200\" \/>\n\t<meta property=\"og:image:height\" content=\"675\" \/>\n\t<meta property=\"og:image:type\" content=\"image\/webp\" \/>\n<meta name=\"author\" content=\"Andr\u00e9s Quiroz\" \/>\n<meta name=\"twitter:card\" content=\"summary_large_image\" \/>\n<meta name=\"twitter:label1\" content=\"Written by\" \/>\n\t<meta name=\"twitter:data1\" content=\"Andr\u00e9s Quiroz\" \/>\n\t<meta name=\"twitter:label2\" content=\"Est. reading time\" \/>\n\t<meta name=\"twitter:data2\" content=\"3 minutes\" \/>\n<script type=\"application\/ld+json\" class=\"yoast-schema-graph\">{\"@context\":\"https:\\\/\\\/schema.org\",\"@graph\":[{\"@type\":\"Article\",\"@id\":\"https:\\\/\\\/www.fcbarcelonanoticias.com\\\/en\\\/fc-barcelona\\\/barcelona-receives-first-occupancy-license-for-camp-nou_315039_102.html#article\",\"isPartOf\":{\"@id\":\"https:\\\/\\\/www.fcbarcelonanoticias.com\\\/en\\\/fc-barcelona\\\/barcelona-receives-first-occupancy-license-for-camp-nou_315039_102.html\"},\"author\":{\"name\":\"Andr\u00e9s Quiroz\",\"@id\":\"https:\\\/\\\/www.fcbarcelonanoticias.com\\\/en\\\/#\\\/schema\\\/person\\\/c2cd9f6fa1af5c0d0eccd0fefa575c88\"},\"headline\":\"CAMP NOU: Bar\u00e7a now has the first occupancy license for phase 1A\",\"datePublished\":\"2025-10-17T15:43:00+00:00\",\"dateModified\":\"2026-03-27T10:30:07+00:00\",\"mainEntityOfPage\":{\"@id\":\"https:\\\/\\\/www.fcbarcelonanoticias.com\\\/en\\\/fc-barcelona\\\/barcelona-receives-first-occupancy-license-for-camp-nou_315039_102.html\"},\"wordCount\":608,\"image\":{\"@id\":\"https:\\\/\\\/www.fcbarcelonanoticias.com\\\/en\\\/fc-barcelona\\\/barcelona-receives-first-occupancy-license-for-camp-nou_315039_102.html#primaryimage\"},\"thumbnailUrl\":\"https:\\\/\\\/www.fcbarcelonanoticias.com\\\/en\\\/wp-content\\\/uploads\\\/sites\\\/2\\\/2025\\\/10\\\/camp-nou-obras-octubre-2025.webp\",\"keywords\":[\"Camp Nou\"],\"articleSection\":[\"FC Barcelona\"],\"inLanguage\":\"en-US\"},{\"@type\":\"WebPage\",\"@id\":\"https:\\\/\\\/www.fcbarcelonanoticias.com\\\/en\\\/fc-barcelona\\\/barcelona-receives-first-occupancy-license-for-camp-nou_315039_102.html\",\"url\":\"https:\\\/\\\/www.fcbarcelonanoticias.com\\\/en\\\/fc-barcelona\\\/barcelona-receives-first-occupancy-license-for-camp-nou_315039_102.html\",\"name\":\"Bar\u00e7a receives first occupancy license for Camp Nou\",\"isPartOf\":{\"@id\":\"https:\\\/\\\/www.fcbarcelonanoticias.com\\\/en\\\/#website\"},\"primaryImageOfPage\":{\"@id\":\"https:\\\/\\\/www.fcbarcelonanoticias.com\\\/en\\\/fc-barcelona\\\/barcelona-receives-first-occupancy-license-for-camp-nou_315039_102.html#primaryimage\"},\"image\":{\"@id\":\"https:\\\/\\\/www.fcbarcelonanoticias.com\\\/en\\\/fc-barcelona\\\/barcelona-receives-first-occupancy-license-for-camp-nou_315039_102.html#primaryimage\"},\"thumbnailUrl\":\"https:\\\/\\\/www.fcbarcelonanoticias.com\\\/en\\\/wp-content\\\/uploads\\\/sites\\\/2\\\/2025\\\/10\\\/camp-nou-obras-octubre-2025.webp\",\"datePublished\":\"2025-10-17T15:43:00+00:00\",\"dateModified\":\"2026-03-27T10:30:07+00:00\",\"author\":{\"@id\":\"https:\\\/\\\/www.fcbarcelonanoticias.com\\\/en\\\/#\\\/schema\\\/person\\\/c2cd9f6fa1af5c0d0eccd0fefa575c88\"},\"description\":\"The first occupancy license for the Spotify Camp Nou from the City Council in its phase 1A, with a capacity for 25,991 spectators, is already in Can Bar\u00e7a\",\"breadcrumb\":{\"@id\":\"https:\\\/\\\/www.fcbarcelonanoticias.com\\\/en\\\/fc-barcelona\\\/barcelona-receives-first-occupancy-license-for-camp-nou_315039_102.html#breadcrumb\"},\"inLanguage\":\"en-US\",\"potentialAction\":[{\"@type\":\"ReadAction\",\"target\":[\"https:\\\/\\\/www.fcbarcelonanoticias.com\\\/en\\\/fc-barcelona\\\/barcelona-receives-first-occupancy-license-for-camp-nou_315039_102.html\"]}]},{\"@type\":\"ImageObject\",\"inLanguage\":\"en-US\",\"@id\":\"https:\\\/\\\/www.fcbarcelonanoticias.com\\\/en\\\/fc-barcelona\\\/barcelona-receives-first-occupancy-license-for-camp-nou_315039_102.html#primaryimage\",\"url\":\"https:\\\/\\\/www.fcbarcelonanoticias.com\\\/en\\\/wp-content\\\/uploads\\\/sites\\\/2\\\/2025\\\/10\\\/camp-nou-obras-octubre-2025.webp\",\"contentUrl\":\"https:\\\/\\\/www.fcbarcelonanoticias.com\\\/en\\\/wp-content\\\/uploads\\\/sites\\\/2\\\/2025\\\/10\\\/camp-nou-obras-octubre-2025.webp\",\"width\":1200,\"height\":675},{\"@type\":\"BreadcrumbList\",\"@id\":\"https:\\\/\\\/www.fcbarcelonanoticias.com\\\/en\\\/fc-barcelona\\\/barcelona-receives-first-occupancy-license-for-camp-nou_315039_102.html#breadcrumb\",\"itemListElement\":[{\"@type\":\"ListItem\",\"position\":1,\"name\":\"Portada\",\"item\":\"https:\\\/\\\/www.fcbarcelonanoticias.com\\\/en\\\/\"},{\"@type\":\"ListItem\",\"position\":2,\"name\":\"CAMP NOU: Bar\u00e7a now has the first occupancy license for phase 1A\"}]},{\"@type\":\"WebSite\",\"@id\":\"https:\\\/\\\/www.fcbarcelonanoticias.com\\\/en\\\/#website\",\"url\":\"https:\\\/\\\/www.fcbarcelonanoticias.com\\\/en\\\/\",\"name\":\"EN - FC Barcelona Noticias\",\"description\":\"\",\"potentialAction\":[{\"@type\":\"SearchAction\",\"target\":{\"@type\":\"EntryPoint\",\"urlTemplate\":\"https:\\\/\\\/www.fcbarcelonanoticias.com\\\/en\\\/?s={search_term_string}\"},\"query-input\":{\"@type\":\"PropertyValueSpecification\",\"valueRequired\":true,\"valueName\":\"search_term_string\"}}],\"inLanguage\":\"en-US\"},{\"@type\":\"Person\",\"@id\":\"https:\\\/\\\/www.fcbarcelonanoticias.com\\\/en\\\/#\\\/schema\\\/person\\\/c2cd9f6fa1af5c0d0eccd0fefa575c88\",\"name\":\"Andr\u00e9s Quiroz\",\"image\":{\"@type\":\"ImageObject\",\"inLanguage\":\"en-US\",\"@id\":\"https:\\\/\\\/secure.gravatar.com\\\/avatar\\\/?s=96&d=mm&r=g\",\"url\":\"https:\\\/\\\/secure.gravatar.com\\\/avatar\\\/?s=96&d=mm&r=g\",\"contentUrl\":\"https:\\\/\\\/secure.gravatar.com\\\/avatar\\\/?s=96&d=mm&r=g\",\"caption\":\"Andr\u00e9s Quiroz\"},\"description\":\"Licenciado en Periodismo por la Universidad de los Andes. Me encargo de analizar y compartir los contenidos m\u00e1s destacados de la\u00a0actualidad del F\u00fatbol Club Barcelona, Mercado de Fichajes y F\u00fatbol Internacional en FCBN. La informaci\u00f3n es poder, pero tambi\u00e9n conocimiento.\",\"url\":\"https:\\\/\\\/www.fcbarcelonanoticias.com\\\/en\\\/fc-barcelona\\\/andres-quiroz_17_115.html\"}]}<\/script>\n<!-- \/ Yoast SEO plugin. -->","yoast_head_json":{"title":"Bar\u00e7a receives first occupancy license for Camp Nou","description":"The first occupancy license for the Spotify Camp Nou from the City Council in its phase 1A, with a capacity for 25,991 spectators, is already in Can Bar\u00e7a","robots":{"index":"index","follow":"follow","max-snippet":"max-snippet:-1","max-image-preview":"max-image-preview:large","max-video-preview":"max-video-preview:-1"},"canonical":"https:\/\/www.fcbarcelonanoticias.com\/en\/fc-barcelona\/barcelona-receives-first-occupancy-license-for-camp-nou_315039_102.html","og_locale":"en_US","og_type":"article","og_title":"Bar\u00e7a receives first occupancy license for Camp Nou","og_description":"The first occupancy license for the Spotify Camp Nou from the City Council in its phase 1A, with a capacity for 25,991 spectators, is already in Can Bar\u00e7a","og_url":"https:\/\/www.fcbarcelonanoticias.com\/en\/fc-barcelona\/barcelona-receives-first-occupancy-license-for-camp-nou_315039_102.html","og_site_name":"EN - FC Barcelona Noticias","article_published_time":"2025-10-17T15:43:00+00:00","article_modified_time":"2026-03-27T10:30:07+00:00","og_image":[{"width":1200,"height":675,"url":"https:\/\/www.fcbarcelonanoticias.com\/en\/wp-content\/uploads\/sites\/2\/2025\/10\/camp-nou-obras-octubre-2025.webp","type":"image\/webp"}],"author":"Andr\u00e9s Quiroz","twitter_card":"summary_large_image","twitter_misc":{"Written by":"Andr\u00e9s Quiroz","Est. reading time":"3 minutes"},"schema":{"@context":"https:\/\/schema.org","@graph":[{"@type":"Article","@id":"https:\/\/www.fcbarcelonanoticias.com\/en\/fc-barcelona\/barcelona-receives-first-occupancy-license-for-camp-nou_315039_102.html#article","isPartOf":{"@id":"https:\/\/www.fcbarcelonanoticias.com\/en\/fc-barcelona\/barcelona-receives-first-occupancy-license-for-camp-nou_315039_102.html"},"author":{"name":"Andr\u00e9s Quiroz","@id":"https:\/\/www.fcbarcelonanoticias.com\/en\/#\/schema\/person\/c2cd9f6fa1af5c0d0eccd0fefa575c88"},"headline":"CAMP NOU: Bar\u00e7a now has the first occupancy license for phase 1A","datePublished":"2025-10-17T15:43:00+00:00","dateModified":"2026-03-27T10:30:07+00:00","mainEntityOfPage":{"@id":"https:\/\/www.fcbarcelonanoticias.com\/en\/fc-barcelona\/barcelona-receives-first-occupancy-license-for-camp-nou_315039_102.html"},"wordCount":608,"image":{"@id":"https:\/\/www.fcbarcelonanoticias.com\/en\/fc-barcelona\/barcelona-receives-first-occupancy-license-for-camp-nou_315039_102.html#primaryimage"},"thumbnailUrl":"https:\/\/www.fcbarcelonanoticias.com\/en\/wp-content\/uploads\/sites\/2\/2025\/10\/camp-nou-obras-octubre-2025.webp","keywords":["Camp Nou"],"articleSection":["FC Barcelona"],"inLanguage":"en-US"},{"@type":"WebPage","@id":"https:\/\/www.fcbarcelonanoticias.com\/en\/fc-barcelona\/barcelona-receives-first-occupancy-license-for-camp-nou_315039_102.html","url":"https:\/\/www.fcbarcelonanoticias.com\/en\/fc-barcelona\/barcelona-receives-first-occupancy-license-for-camp-nou_315039_102.html","name":"Bar\u00e7a receives first occupancy license for Camp Nou","isPartOf":{"@id":"https:\/\/www.fcbarcelonanoticias.com\/en\/#website"},"primaryImageOfPage":{"@id":"https:\/\/www.fcbarcelonanoticias.com\/en\/fc-barcelona\/barcelona-receives-first-occupancy-license-for-camp-nou_315039_102.html#primaryimage"},"image":{"@id":"https:\/\/www.fcbarcelonanoticias.com\/en\/fc-barcelona\/barcelona-receives-first-occupancy-license-for-camp-nou_315039_102.html#primaryimage"},"thumbnailUrl":"https:\/\/www.fcbarcelonanoticias.com\/en\/wp-content\/uploads\/sites\/2\/2025\/10\/camp-nou-obras-octubre-2025.webp","datePublished":"2025-10-17T15:43:00+00:00","dateModified":"2026-03-27T10:30:07+00:00","author":{"@id":"https:\/\/www.fcbarcelonanoticias.com\/en\/#\/schema\/person\/c2cd9f6fa1af5c0d0eccd0fefa575c88"},"description":"The first occupancy license for the Spotify Camp Nou from the City Council in its phase 1A, with a capacity for 25,991 spectators, is already in Can Bar\u00e7a","breadcrumb":{"@id":"https:\/\/www.fcbarcelonanoticias.com\/en\/fc-barcelona\/barcelona-receives-first-occupancy-license-for-camp-nou_315039_102.html#breadcrumb"},"inLanguage":"en-US","potentialAction":[{"@type":"ReadAction","target":["https:\/\/www.fcbarcelonanoticias.com\/en\/fc-barcelona\/barcelona-receives-first-occupancy-license-for-camp-nou_315039_102.html"]}]},{"@type":"ImageObject","inLanguage":"en-US","@id":"https:\/\/www.fcbarcelonanoticias.com\/en\/fc-barcelona\/barcelona-receives-first-occupancy-license-for-camp-nou_315039_102.html#primaryimage","url":"https:\/\/www.fcbarcelonanoticias.com\/en\/wp-content\/uploads\/sites\/2\/2025\/10\/camp-nou-obras-octubre-2025.webp","contentUrl":"https:\/\/www.fcbarcelonanoticias.com\/en\/wp-content\/uploads\/sites\/2\/2025\/10\/camp-nou-obras-octubre-2025.webp","width":1200,"height":675},{"@type":"BreadcrumbList","@id":"https:\/\/www.fcbarcelonanoticias.com\/en\/fc-barcelona\/barcelona-receives-first-occupancy-license-for-camp-nou_315039_102.html#breadcrumb","itemListElement":[{"@type":"ListItem","position":1,"name":"Portada","item":"https:\/\/www.fcbarcelonanoticias.com\/en\/"},{"@type":"ListItem","position":2,"name":"CAMP NOU: Bar\u00e7a now has the first occupancy license for phase 1A"}]},{"@type":"WebSite","@id":"https:\/\/www.fcbarcelonanoticias.com\/en\/#website","url":"https:\/\/www.fcbarcelonanoticias.com\/en\/","name":"EN - FC Barcelona Noticias","description":"","potentialAction":[{"@type":"SearchAction","target":{"@type":"EntryPoint","urlTemplate":"https:\/\/www.fcbarcelonanoticias.com\/en\/?s={search_term_string}"},"query-input":{"@type":"PropertyValueSpecification","valueRequired":true,"valueName":"search_term_string"}}],"inLanguage":"en-US"},{"@type":"Person","@id":"https:\/\/www.fcbarcelonanoticias.com\/en\/#\/schema\/person\/c2cd9f6fa1af5c0d0eccd0fefa575c88","name":"Andr\u00e9s Quiroz","image":{"@type":"ImageObject","inLanguage":"en-US","@id":"https:\/\/secure.gravatar.com\/avatar\/?s=96&d=mm&r=g","url":"https:\/\/secure.gravatar.com\/avatar\/?s=96&d=mm&r=g","contentUrl":"https:\/\/secure.gravatar.com\/avatar\/?s=96&d=mm&r=g","caption":"Andr\u00e9s Quiroz"},"description":"Licenciado en Periodismo por la Universidad de los Andes. Me encargo de analizar y compartir los contenidos m\u00e1s destacados de la\u00a0actualidad del F\u00fatbol Club Barcelona, Mercado de Fichajes y F\u00fatbol Internacional en FCBN. La informaci\u00f3n es poder, pero tambi\u00e9n conocimiento.","url":"https:\/\/www.fcbarcelonanoticias.com\/en\/fc-barcelona\/andres-quiroz_17_115.html"}]}},"_links":{"self":[{"href":"https:\/\/www.fcbarcelonanoticias.com\/en\/wp-json\/wp\/v2\/posts\/14797","targetHints":{"allow":["GET"]}}],"collection":[{"href":"https:\/\/www.fcbarcelonanoticias.com\/en\/wp-json\/wp\/v2\/posts"}],"about":[{"href":"https:\/\/www.fcbarcelonanoticias.com\/en\/wp-json\/wp\/v2\/types\/post"}],"author":[{"embeddable":true,"href":"https:\/\/www.fcbarcelonanoticias.com\/en\/wp-json\/wp\/v2\/users\/347"}],"replies":[{"embeddable":true,"href":"https:\/\/www.fcbarcelonanoticias.com\/en\/wp-json\/wp\/v2\/comments?post=14797"}],"version-history":[{"count":2,"href":"https:\/\/www.fcbarcelonanoticias.com\/en\/wp-json\/wp\/v2\/posts\/14797\/revisions"}],"predecessor-version":[{"id":158347,"href":"https:\/\/www.fcbarcelonanoticias.com\/en\/wp-json\/wp\/v2\/posts\/14797\/revisions\/158347"}],"wp:featuredmedia":[{"embeddable":true,"href":"https:\/\/www.fcbarcelonanoticias.com\/en\/wp-json\/wp\/v2\/media\/14798"}],"wp:attachment":[{"href":"https:\/\/www.fcbarcelonanoticias.com\/en\/wp-json\/wp\/v2\/media?parent=14797"}],"wp:term":[{"taxonomy":"category","embeddable":true,"href":"https:\/\/www.fcbarcelonanoticias.com\/en\/wp-json\/wp\/v2\/categories?post=14797"},{"taxonomy":"post_tag","embeddable":true,"href":"https:\/\/www.fcbarcelonanoticias.com\/en\/wp-json\/wp\/v2\/tags?post=14797"}],"curies":[{"name":"wp","href":"https:\/\/api.w.org\/{rel}","templated":true}]}}