{"id":14799,"date":"2025-10-29T18:23:00","date_gmt":"2025-10-29T17:23:00","guid":{"rendered":"https:\/\/weisetech.dev\/fc-barcelona-noticias\/en\/barcelona-plans-to-hold-open-training-session-at-camp-nou_315147_102\/"},"modified":"2026-03-27T11:30:07","modified_gmt":"2026-03-27T10:30:07","slug":"barcelona-plans-to-hold-open-training-session-at-camp-nou_315147_102","status":"publish","type":"post","link":"https:\/\/www.fcbarcelonanoticias.com\/en\/fc-barcelona\/barcelona-plans-to-hold-open-training-session-at-camp-nou_315147_102.html","title":{"rendered":"Bar\u00e7a fans will return to the Spotify Camp Nou next week"},"content":{"rendered":"<h2 class=\"wp-block-heading\">Bar\u00e7a will hold an open training session at the Camp Nou on Friday, November 7th. The stadium&#8217;s capacity will be 23,000 spectators<\/h2>  \r\n<div class=\"article-addons\">\r\n    <a href=\"https:\/\/www.fcbarcelonanoticias.com\/en\/calendar-fc-barcelona.html\"\r\n       target=\"_self\"\r\n       title=\"Calendar of FC Barcelona\"\r\n       class=\"blue-gredient-btn\">\r\n       \r\n        Calendar of FC Barcelona    <\/a>\r\n<\/div>   <p><strong>FC Barcelona<\/strong> members and fans will finally be able to return to the <strong>Camp Nou<\/strong> next week. The club confirmed an open training session on Friday, <strong>November 7, at 11:00 CEST<\/strong>, ahead of the La Liga match against Celta Vigo. This will be the first official test for the stadium&#8217;s reopening.<\/p>  <p>In a statement, Bar\u00e7a explained that the training session will have a capacity of 23,000 spectators, <strong>with tickets priced at \u20ac5 (season ticket holders) and \u20ac10 (general public)<\/strong>. On Friday, October 31, and Saturday, November 1, attendance will be exclusively for members. The proceeds will go to the Bar\u00e7a Foundation and the Blaugrana Bracelets project.<\/p>  <p>According to the club, the event will serve as a &#8220;<strong>technical and operational test<\/strong> to verify the proper functioning of the systems, access points, and various aspects of the facility, within the framework of the stadium&#8217;s gradual reopening.&#8221; The Blaugrana temple will open its doors at 09:30 h, an hour and a half before the start of the Bar\u00e7a squad&#8217;s training session.<\/p>  <h2>Bar\u00e7a can now use Spotify Camp Nou in La Liga<\/h2>  <p>The club already has the first occupancy license for <a data-external=\"0\" data-intl-links-en=\"https:\/\/www.fcbarcelonanoticias.com\/en\/fc-barcelona\/barcelona-receives-first-occupancy-license-for-camp-nou_315039_102.html\" data-intl-links-es=\"https:\/\/www.fcbarcelonanoticias.com\/fc-barcelona\/camp-nou-barcelona-ya-cuenta-con-licencia-primera-ocupacion-fase-1a_315039_102.html\" href=\"https:\/\/www.fcbarcelonanoticias.com\/en\/fc-barcelona\/barcelona-receives-first-occupancy-license-for-camp-nou_315039_102.html\" rel=\"follow\" target=\"_self\" title=\"CAMP NOU: El Bar\u00e7a ya cuenta con la licencia de primera ocupaci\u00f3n de la fase 1A\">phase 1A (25,991 spectators)<\/a>, which means it could play league matches in Les Corts if it wanted to. However, Bar\u00e7a has preferred to wait until the enabling of the Lateral (phase 1B) to definitively return to the cul\u00e9 temple.&nbsp;<\/p>  <p>For the time being, the team is keeping Montju\u00efc as its venue for the match <a data-external=\"0\" data-intl-links-en=\"https:\/\/www.fcbarcelonanoticias.com\/en\/laliga\/official-barcelona-vs-elche-will-also-be-played-in-montjuic_315082_102.html\" data-intl-links-es=\"https:\/\/www.fcbarcelonanoticias.com\/laliga\/barcelona-pone-venta-entradas-contra-elche-montjuic_315082_102.html\" href=\"https:\/\/www.fcbarcelonanoticias.com\/en\/laliga\/official-barcelona-vs-elche-will-also-be-played-in-montjuic_315082_102.html\" rel=\"follow\" target=\"_self\" title=\"El Barcelona pone a la venta las entradas contra el Elche en Montju\u00efc\">against Elche<\/a> next Sunday (18:30 CEST), while tickets for the match against Athletic (November 22) are not yet on sale. This will be the first match after the third break of the season.<\/p>  <h2>Bar\u00e7a confident of having everything ready to play Athletic at Camp Nou<\/h2>  <div class=\"media media-image\" data-ck-asset-wrapper=\"\"> <div class=\"media-item\"> <img loading=\"lazy\" decoding=\"async\" alt=\"UEFA confirms Barcelona vs Olympiacos at Spotify Camp Nou\" data-id=\"1524377\" data-resize=\"9\" height=\"563\" src=\"https:\/\/www.fcbarcelonanoticias.com\/wp-content\/uploads\/sites\/2\/2025\/10\/fcbn-d21b6dc0c87fd44961ee658b6341832a.webp\" title=\"UEFA confirms Barcelona vs Olympiacos at Spotify Camp Nou\" width=\"1000\"><div class=\"media-title\">The Spotify Camp Nou during its remodeling.<\/div> <\/div> <\/div>  <p>In that sense, the objective of the directive is to have the first occupancy license for phase 1B for <a data-external=\"0\" data-intl-links-en=\"https:\/\/www.fcbarcelonanoticias.com\/en\/laliga\/barcelona-athletic-schedule-and-tv-laliga-2025-26-md13_315077_102.html\" data-intl-links-es=\"https:\/\/www.fcbarcelonanoticias.com\/laliga\/horario-tv-barcelona-athletic-laliga-2025-26-j13_315077_102.html\" href=\"https:\/\/www.fcbarcelonanoticias.com\/en\/laliga\/barcelona-athletic-schedule-and-tv-laliga-2025-26-md13_315077_102.html\" rel=\"follow\" target=\"_self\" title=\"Horario y TV del Barcelona - Athletic: LaLiga 2025\/26 J13\">matchday 13 of LaLiga<\/a>. The enabling of the Lateral stand will expand the capacity to just over 45,000 spectators (45,401 seats enabled), a figure close to the 50,000 that the Llu\u00eds Companys can receive.<\/p>  <p>Before the match against Celta, Barcelona will travel to Bruges to play matchday 4 of the Champions League group stage. As the match against Celta will be at Bala\u00eddos, <strong>Friday the 7th would be the ideal day to plan the twelfth matchday of La Liga<\/strong> with the support of the fans in the stands of the renovated Spotify Camp Nou.<\/p>  <p>To this end, the club must schedule the corresponding logistical and security operation, so that the fans can settle without problems in the <strong>South Goal and Tribune<\/strong>, for the moment the only areas enabled in the Stadium.<\/p>  <p>Logically, the internal and external access points must also be prepared, where, for the time being, the workers are still working hard on the fine-tuning of the Lateral stand and the construction of the third tier. After completing phase 1B, the completion of the <strong>Gol Nord<\/strong> stand will remain pending, which should take place in the first months of 2026.<\/p>  <p>The &#8216;culers&#8217; have not visited the Estadi since the last official match in Les Corts, <strong>on May 28, 2023<\/strong>. Ansu Fati (double) and Gavi scored the goals <a data-external=\"0\" data-intl-links-en=\"https:\/\/www.fcbarcelonanoticias.com\/en\/laliga\/rout-barcelona-mallorca-dismiss-big-camp-nou-3-0_292730_102.html\" data-intl-links-es=\"https:\/\/www.fcbarcelonanoticias.com\/laliga\/goleada-barcelona-mallorca-despedir-grande-camp-nou-3-0_292730_102.html\" href=\"https:\/\/www.fcbarcelonanoticias.com\/en\/laliga\/rout-barcelona-mallorca-dismiss-big-camp-nou-3-0_292730_102.html\" rel=\"follow\" target=\"_self\" title=\"Goleada del Bar\u00e7a al Mallorca para despedir a lo grande el Camp Nou (3-0)\">against Mallorca (3-0)<\/a>, a thrashing that closed that season and the team&#8217;s stay in the &#8216;azulgrana&#8217; temple. That day, fans were able to take away multiple memories of the field before the start of the remodeling.<\/p>  <ul> <li>Follow all the <strong><a data-external=\"0\" data-intl-links-en=\"https:\/\/www.fcbarcelonanoticias.com\/en\/tags\/camp-nou\" data-intl-links-es=\"https:\/\/www.fcbarcelonanoticias.com\/tags\/camp-nou\" href=\"https:\/\/www.fcbarcelonanoticias.com\/en\/tags\/camp-nou.html\" rel=\"follow\" target=\"_self\" title=\"Camp Nou\">latest Bar\u00e7a and Camp Nou news<\/a><\/strong> on FC Barcelona Noticias<\/li> <\/ul> ","protected":false},"excerpt":{"rendered":"<p>Bar\u00e7a will hold an open training session at the Camp Nou on Friday, November 7th. The stadium&#8217;s capacity will be 23,000 spectators FC Barcelona members and fans will finally be able to return to the Camp Nou next week. The club confirmed an open training session on Friday, November 7, at 11:00 CEST, ahead of [&hellip;]<\/p>\n","protected":false},"author":347,"featured_media":14800,"comment_status":"closed","ping_status":"open","sticky":false,"template":"","format":"standard","meta":{"_acf_changed":false,"inline_featured_image":false,"_nextfly_llmd_date_locked":false,"footnotes":""},"categories":[111],"tags":[82],"class_list":["post-14799","post","type-post","status-publish","format-standard","has-post-thumbnail","hentry","category-fc-barcelona","tag-camp-nou"],"acf":[],"yoast_head":"<!-- This site is optimized with the Yoast SEO plugin v27.3 - https:\/\/yoast.com\/product\/yoast-seo-wordpress\/ -->\n<title>OFFICIAL: Bar\u00e7a will train with open doors at Camp Nou<\/title>\n<meta name=\"description\" content=\"Bar\u00e7a will hold an open training session at the Spotify Camp Nou next Friday, November 7, in front of 23,000 spectators\" \/>\n<meta name=\"robots\" content=\"index, follow, max-snippet:-1, max-image-preview:large, max-video-preview:-1\" \/>\n<link rel=\"canonical\" href=\"https:\/\/www.fcbarcelonanoticias.com\/en\/fc-barcelona\/barcelona-plans-to-hold-open-training-session-at-camp-nou_315147_102.html\" \/>\n<meta property=\"og:locale\" content=\"en_US\" \/>\n<meta property=\"og:type\" content=\"article\" \/>\n<meta property=\"og:title\" content=\"OFFICIAL: Bar\u00e7a will train with open doors at Camp Nou\" \/>\n<meta property=\"og:description\" content=\"Bar\u00e7a will hold an open training session at the Spotify Camp Nou next Friday, November 7, in front of 23,000 spectators\" \/>\n<meta property=\"og:url\" content=\"https:\/\/www.fcbarcelonanoticias.com\/en\/fc-barcelona\/barcelona-plans-to-hold-open-training-session-at-camp-nou_315147_102.html\" \/>\n<meta property=\"og:site_name\" content=\"EN - FC Barcelona Noticias\" \/>\n<meta property=\"article:published_time\" content=\"2025-10-29T17:23:00+00:00\" \/>\n<meta property=\"article:modified_time\" content=\"2026-03-27T10:30:07+00:00\" \/>\n<meta property=\"og:image\" content=\"https:\/\/www.fcbarcelonanoticias.com\/en\/wp-content\/uploads\/sites\/2\/2025\/10\/camp-npu-obras-octubre-2025.webp\" \/>\n\t<meta property=\"og:image:width\" content=\"1200\" \/>\n\t<meta property=\"og:image:height\" content=\"675\" \/>\n\t<meta property=\"og:image:type\" content=\"image\/webp\" \/>\n<meta name=\"author\" content=\"Andr\u00e9s Quiroz\" \/>\n<meta name=\"twitter:card\" content=\"summary_large_image\" \/>\n<meta name=\"twitter:label1\" content=\"Written by\" \/>\n\t<meta name=\"twitter:data1\" content=\"Andr\u00e9s Quiroz\" \/>\n\t<meta name=\"twitter:label2\" content=\"Est. reading time\" \/>\n\t<meta name=\"twitter:data2\" content=\"3 minutes\" \/>\n<script type=\"application\/ld+json\" class=\"yoast-schema-graph\">{\"@context\":\"https:\\\/\\\/schema.org\",\"@graph\":[{\"@type\":\"Article\",\"@id\":\"https:\\\/\\\/www.fcbarcelonanoticias.com\\\/en\\\/fc-barcelona\\\/barcelona-plans-to-hold-open-training-session-at-camp-nou_315147_102.html#article\",\"isPartOf\":{\"@id\":\"https:\\\/\\\/www.fcbarcelonanoticias.com\\\/en\\\/fc-barcelona\\\/barcelona-plans-to-hold-open-training-session-at-camp-nou_315147_102.html\"},\"author\":{\"name\":\"Andr\u00e9s Quiroz\",\"@id\":\"https:\\\/\\\/www.fcbarcelonanoticias.com\\\/en\\\/#\\\/schema\\\/person\\\/c2cd9f6fa1af5c0d0eccd0fefa575c88\"},\"headline\":\"Bar\u00e7a fans will return to the Spotify Camp Nou next week\",\"datePublished\":\"2025-10-29T17:23:00+00:00\",\"dateModified\":\"2026-03-27T10:30:07+00:00\",\"mainEntityOfPage\":{\"@id\":\"https:\\\/\\\/www.fcbarcelonanoticias.com\\\/en\\\/fc-barcelona\\\/barcelona-plans-to-hold-open-training-session-at-camp-nou_315147_102.html\"},\"wordCount\":610,\"image\":{\"@id\":\"https:\\\/\\\/www.fcbarcelonanoticias.com\\\/en\\\/fc-barcelona\\\/barcelona-plans-to-hold-open-training-session-at-camp-nou_315147_102.html#primaryimage\"},\"thumbnailUrl\":\"https:\\\/\\\/www.fcbarcelonanoticias.com\\\/en\\\/wp-content\\\/uploads\\\/sites\\\/2\\\/2025\\\/10\\\/camp-npu-obras-octubre-2025.webp\",\"keywords\":[\"Camp Nou\"],\"articleSection\":[\"FC Barcelona\"],\"inLanguage\":\"en-US\"},{\"@type\":\"WebPage\",\"@id\":\"https:\\\/\\\/www.fcbarcelonanoticias.com\\\/en\\\/fc-barcelona\\\/barcelona-plans-to-hold-open-training-session-at-camp-nou_315147_102.html\",\"url\":\"https:\\\/\\\/www.fcbarcelonanoticias.com\\\/en\\\/fc-barcelona\\\/barcelona-plans-to-hold-open-training-session-at-camp-nou_315147_102.html\",\"name\":\"OFFICIAL: Bar\u00e7a will train with open doors at Camp Nou\",\"isPartOf\":{\"@id\":\"https:\\\/\\\/www.fcbarcelonanoticias.com\\\/en\\\/#website\"},\"primaryImageOfPage\":{\"@id\":\"https:\\\/\\\/www.fcbarcelonanoticias.com\\\/en\\\/fc-barcelona\\\/barcelona-plans-to-hold-open-training-session-at-camp-nou_315147_102.html#primaryimage\"},\"image\":{\"@id\":\"https:\\\/\\\/www.fcbarcelonanoticias.com\\\/en\\\/fc-barcelona\\\/barcelona-plans-to-hold-open-training-session-at-camp-nou_315147_102.html#primaryimage\"},\"thumbnailUrl\":\"https:\\\/\\\/www.fcbarcelonanoticias.com\\\/en\\\/wp-content\\\/uploads\\\/sites\\\/2\\\/2025\\\/10\\\/camp-npu-obras-octubre-2025.webp\",\"datePublished\":\"2025-10-29T17:23:00+00:00\",\"dateModified\":\"2026-03-27T10:30:07+00:00\",\"author\":{\"@id\":\"https:\\\/\\\/www.fcbarcelonanoticias.com\\\/en\\\/#\\\/schema\\\/person\\\/c2cd9f6fa1af5c0d0eccd0fefa575c88\"},\"description\":\"Bar\u00e7a will hold an open training session at the Spotify Camp Nou next Friday, November 7, in front of 23,000 spectators\",\"breadcrumb\":{\"@id\":\"https:\\\/\\\/www.fcbarcelonanoticias.com\\\/en\\\/fc-barcelona\\\/barcelona-plans-to-hold-open-training-session-at-camp-nou_315147_102.html#breadcrumb\"},\"inLanguage\":\"en-US\",\"potentialAction\":[{\"@type\":\"ReadAction\",\"target\":[\"https:\\\/\\\/www.fcbarcelonanoticias.com\\\/en\\\/fc-barcelona\\\/barcelona-plans-to-hold-open-training-session-at-camp-nou_315147_102.html\"]}]},{\"@type\":\"ImageObject\",\"inLanguage\":\"en-US\",\"@id\":\"https:\\\/\\\/www.fcbarcelonanoticias.com\\\/en\\\/fc-barcelona\\\/barcelona-plans-to-hold-open-training-session-at-camp-nou_315147_102.html#primaryimage\",\"url\":\"https:\\\/\\\/www.fcbarcelonanoticias.com\\\/en\\\/wp-content\\\/uploads\\\/sites\\\/2\\\/2025\\\/10\\\/camp-npu-obras-octubre-2025.webp\",\"contentUrl\":\"https:\\\/\\\/www.fcbarcelonanoticias.com\\\/en\\\/wp-content\\\/uploads\\\/sites\\\/2\\\/2025\\\/10\\\/camp-npu-obras-octubre-2025.webp\",\"width\":1200,\"height\":675},{\"@type\":\"BreadcrumbList\",\"@id\":\"https:\\\/\\\/www.fcbarcelonanoticias.com\\\/en\\\/fc-barcelona\\\/barcelona-plans-to-hold-open-training-session-at-camp-nou_315147_102.html#breadcrumb\",\"itemListElement\":[{\"@type\":\"ListItem\",\"position\":1,\"name\":\"Portada\",\"item\":\"https:\\\/\\\/www.fcbarcelonanoticias.com\\\/en\\\/\"},{\"@type\":\"ListItem\",\"position\":2,\"name\":\"Bar\u00e7a fans will return to the Spotify Camp Nou next week\"}]},{\"@type\":\"WebSite\",\"@id\":\"https:\\\/\\\/www.fcbarcelonanoticias.com\\\/en\\\/#website\",\"url\":\"https:\\\/\\\/www.fcbarcelonanoticias.com\\\/en\\\/\",\"name\":\"EN - FC Barcelona Noticias\",\"description\":\"\",\"potentialAction\":[{\"@type\":\"SearchAction\",\"target\":{\"@type\":\"EntryPoint\",\"urlTemplate\":\"https:\\\/\\\/www.fcbarcelonanoticias.com\\\/en\\\/?s={search_term_string}\"},\"query-input\":{\"@type\":\"PropertyValueSpecification\",\"valueRequired\":true,\"valueName\":\"search_term_string\"}}],\"inLanguage\":\"en-US\"},{\"@type\":\"Person\",\"@id\":\"https:\\\/\\\/www.fcbarcelonanoticias.com\\\/en\\\/#\\\/schema\\\/person\\\/c2cd9f6fa1af5c0d0eccd0fefa575c88\",\"name\":\"Andr\u00e9s Quiroz\",\"image\":{\"@type\":\"ImageObject\",\"inLanguage\":\"en-US\",\"@id\":\"https:\\\/\\\/secure.gravatar.com\\\/avatar\\\/?s=96&d=mm&r=g\",\"url\":\"https:\\\/\\\/secure.gravatar.com\\\/avatar\\\/?s=96&d=mm&r=g\",\"contentUrl\":\"https:\\\/\\\/secure.gravatar.com\\\/avatar\\\/?s=96&d=mm&r=g\",\"caption\":\"Andr\u00e9s Quiroz\"},\"description\":\"Licenciado en Periodismo por la Universidad de los Andes. Me encargo de analizar y compartir los contenidos m\u00e1s destacados de la\u00a0actualidad del F\u00fatbol Club Barcelona, Mercado de Fichajes y F\u00fatbol Internacional en FCBN. La informaci\u00f3n es poder, pero tambi\u00e9n conocimiento.\",\"url\":\"https:\\\/\\\/www.fcbarcelonanoticias.com\\\/en\\\/fc-barcelona\\\/andres-quiroz_17_115.html\"}]}<\/script>\n<!-- \/ Yoast SEO plugin. -->","yoast_head_json":{"title":"OFFICIAL: Bar\u00e7a will train with open doors at Camp Nou","description":"Bar\u00e7a will hold an open training session at the Spotify Camp Nou next Friday, November 7, in front of 23,000 spectators","robots":{"index":"index","follow":"follow","max-snippet":"max-snippet:-1","max-image-preview":"max-image-preview:large","max-video-preview":"max-video-preview:-1"},"canonical":"https:\/\/www.fcbarcelonanoticias.com\/en\/fc-barcelona\/barcelona-plans-to-hold-open-training-session-at-camp-nou_315147_102.html","og_locale":"en_US","og_type":"article","og_title":"OFFICIAL: Bar\u00e7a will train with open doors at Camp Nou","og_description":"Bar\u00e7a will hold an open training session at the Spotify Camp Nou next Friday, November 7, in front of 23,000 spectators","og_url":"https:\/\/www.fcbarcelonanoticias.com\/en\/fc-barcelona\/barcelona-plans-to-hold-open-training-session-at-camp-nou_315147_102.html","og_site_name":"EN - FC Barcelona Noticias","article_published_time":"2025-10-29T17:23:00+00:00","article_modified_time":"2026-03-27T10:30:07+00:00","og_image":[{"width":1200,"height":675,"url":"https:\/\/www.fcbarcelonanoticias.com\/en\/wp-content\/uploads\/sites\/2\/2025\/10\/camp-npu-obras-octubre-2025.webp","type":"image\/webp"}],"author":"Andr\u00e9s Quiroz","twitter_card":"summary_large_image","twitter_misc":{"Written by":"Andr\u00e9s Quiroz","Est. reading time":"3 minutes"},"schema":{"@context":"https:\/\/schema.org","@graph":[{"@type":"Article","@id":"https:\/\/www.fcbarcelonanoticias.com\/en\/fc-barcelona\/barcelona-plans-to-hold-open-training-session-at-camp-nou_315147_102.html#article","isPartOf":{"@id":"https:\/\/www.fcbarcelonanoticias.com\/en\/fc-barcelona\/barcelona-plans-to-hold-open-training-session-at-camp-nou_315147_102.html"},"author":{"name":"Andr\u00e9s Quiroz","@id":"https:\/\/www.fcbarcelonanoticias.com\/en\/#\/schema\/person\/c2cd9f6fa1af5c0d0eccd0fefa575c88"},"headline":"Bar\u00e7a fans will return to the Spotify Camp Nou next week","datePublished":"2025-10-29T17:23:00+00:00","dateModified":"2026-03-27T10:30:07+00:00","mainEntityOfPage":{"@id":"https:\/\/www.fcbarcelonanoticias.com\/en\/fc-barcelona\/barcelona-plans-to-hold-open-training-session-at-camp-nou_315147_102.html"},"wordCount":610,"image":{"@id":"https:\/\/www.fcbarcelonanoticias.com\/en\/fc-barcelona\/barcelona-plans-to-hold-open-training-session-at-camp-nou_315147_102.html#primaryimage"},"thumbnailUrl":"https:\/\/www.fcbarcelonanoticias.com\/en\/wp-content\/uploads\/sites\/2\/2025\/10\/camp-npu-obras-octubre-2025.webp","keywords":["Camp Nou"],"articleSection":["FC Barcelona"],"inLanguage":"en-US"},{"@type":"WebPage","@id":"https:\/\/www.fcbarcelonanoticias.com\/en\/fc-barcelona\/barcelona-plans-to-hold-open-training-session-at-camp-nou_315147_102.html","url":"https:\/\/www.fcbarcelonanoticias.com\/en\/fc-barcelona\/barcelona-plans-to-hold-open-training-session-at-camp-nou_315147_102.html","name":"OFFICIAL: Bar\u00e7a will train with open doors at Camp Nou","isPartOf":{"@id":"https:\/\/www.fcbarcelonanoticias.com\/en\/#website"},"primaryImageOfPage":{"@id":"https:\/\/www.fcbarcelonanoticias.com\/en\/fc-barcelona\/barcelona-plans-to-hold-open-training-session-at-camp-nou_315147_102.html#primaryimage"},"image":{"@id":"https:\/\/www.fcbarcelonanoticias.com\/en\/fc-barcelona\/barcelona-plans-to-hold-open-training-session-at-camp-nou_315147_102.html#primaryimage"},"thumbnailUrl":"https:\/\/www.fcbarcelonanoticias.com\/en\/wp-content\/uploads\/sites\/2\/2025\/10\/camp-npu-obras-octubre-2025.webp","datePublished":"2025-10-29T17:23:00+00:00","dateModified":"2026-03-27T10:30:07+00:00","author":{"@id":"https:\/\/www.fcbarcelonanoticias.com\/en\/#\/schema\/person\/c2cd9f6fa1af5c0d0eccd0fefa575c88"},"description":"Bar\u00e7a will hold an open training session at the Spotify Camp Nou next Friday, November 7, in front of 23,000 spectators","breadcrumb":{"@id":"https:\/\/www.fcbarcelonanoticias.com\/en\/fc-barcelona\/barcelona-plans-to-hold-open-training-session-at-camp-nou_315147_102.html#breadcrumb"},"inLanguage":"en-US","potentialAction":[{"@type":"ReadAction","target":["https:\/\/www.fcbarcelonanoticias.com\/en\/fc-barcelona\/barcelona-plans-to-hold-open-training-session-at-camp-nou_315147_102.html"]}]},{"@type":"ImageObject","inLanguage":"en-US","@id":"https:\/\/www.fcbarcelonanoticias.com\/en\/fc-barcelona\/barcelona-plans-to-hold-open-training-session-at-camp-nou_315147_102.html#primaryimage","url":"https:\/\/www.fcbarcelonanoticias.com\/en\/wp-content\/uploads\/sites\/2\/2025\/10\/camp-npu-obras-octubre-2025.webp","contentUrl":"https:\/\/www.fcbarcelonanoticias.com\/en\/wp-content\/uploads\/sites\/2\/2025\/10\/camp-npu-obras-octubre-2025.webp","width":1200,"height":675},{"@type":"BreadcrumbList","@id":"https:\/\/www.fcbarcelonanoticias.com\/en\/fc-barcelona\/barcelona-plans-to-hold-open-training-session-at-camp-nou_315147_102.html#breadcrumb","itemListElement":[{"@type":"ListItem","position":1,"name":"Portada","item":"https:\/\/www.fcbarcelonanoticias.com\/en\/"},{"@type":"ListItem","position":2,"name":"Bar\u00e7a fans will return to the Spotify Camp Nou next week"}]},{"@type":"WebSite","@id":"https:\/\/www.fcbarcelonanoticias.com\/en\/#website","url":"https:\/\/www.fcbarcelonanoticias.com\/en\/","name":"EN - FC Barcelona Noticias","description":"","potentialAction":[{"@type":"SearchAction","target":{"@type":"EntryPoint","urlTemplate":"https:\/\/www.fcbarcelonanoticias.com\/en\/?s={search_term_string}"},"query-input":{"@type":"PropertyValueSpecification","valueRequired":true,"valueName":"search_term_string"}}],"inLanguage":"en-US"},{"@type":"Person","@id":"https:\/\/www.fcbarcelonanoticias.com\/en\/#\/schema\/person\/c2cd9f6fa1af5c0d0eccd0fefa575c88","name":"Andr\u00e9s Quiroz","image":{"@type":"ImageObject","inLanguage":"en-US","@id":"https:\/\/secure.gravatar.com\/avatar\/?s=96&d=mm&r=g","url":"https:\/\/secure.gravatar.com\/avatar\/?s=96&d=mm&r=g","contentUrl":"https:\/\/secure.gravatar.com\/avatar\/?s=96&d=mm&r=g","caption":"Andr\u00e9s Quiroz"},"description":"Licenciado en Periodismo por la Universidad de los Andes. Me encargo de analizar y compartir los contenidos m\u00e1s destacados de la\u00a0actualidad del F\u00fatbol Club Barcelona, Mercado de Fichajes y F\u00fatbol Internacional en FCBN. La informaci\u00f3n es poder, pero tambi\u00e9n conocimiento.","url":"https:\/\/www.fcbarcelonanoticias.com\/en\/fc-barcelona\/andres-quiroz_17_115.html"}]}},"_links":{"self":[{"href":"https:\/\/www.fcbarcelonanoticias.com\/en\/wp-json\/wp\/v2\/posts\/14799","targetHints":{"allow":["GET"]}}],"collection":[{"href":"https:\/\/www.fcbarcelonanoticias.com\/en\/wp-json\/wp\/v2\/posts"}],"about":[{"href":"https:\/\/www.fcbarcelonanoticias.com\/en\/wp-json\/wp\/v2\/types\/post"}],"author":[{"embeddable":true,"href":"https:\/\/www.fcbarcelonanoticias.com\/en\/wp-json\/wp\/v2\/users\/347"}],"replies":[{"embeddable":true,"href":"https:\/\/www.fcbarcelonanoticias.com\/en\/wp-json\/wp\/v2\/comments?post=14799"}],"version-history":[{"count":2,"href":"https:\/\/www.fcbarcelonanoticias.com\/en\/wp-json\/wp\/v2\/posts\/14799\/revisions"}],"predecessor-version":[{"id":158348,"href":"https:\/\/www.fcbarcelonanoticias.com\/en\/wp-json\/wp\/v2\/posts\/14799\/revisions\/158348"}],"wp:featuredmedia":[{"embeddable":true,"href":"https:\/\/www.fcbarcelonanoticias.com\/en\/wp-json\/wp\/v2\/media\/14800"}],"wp:attachment":[{"href":"https:\/\/www.fcbarcelonanoticias.com\/en\/wp-json\/wp\/v2\/media?parent=14799"}],"wp:term":[{"taxonomy":"category","embeddable":true,"href":"https:\/\/www.fcbarcelonanoticias.com\/en\/wp-json\/wp\/v2\/categories?post=14799"},{"taxonomy":"post_tag","embeddable":true,"href":"https:\/\/www.fcbarcelonanoticias.com\/en\/wp-json\/wp\/v2\/tags?post=14799"}],"curies":[{"name":"wp","href":"https:\/\/api.w.org\/{rel}","templated":true}]}}