{"id":14886,"date":"2024-11-17T09:07:00","date_gmt":"2024-11-17T08:07:00","guid":{"rendered":"https:\/\/weisetech.dev\/fc-barcelona-noticias\/en\/barcelona-star-admits-his-bad-moment-don-have-the-same-feelings-as-before_308666_102\/"},"modified":"2024-11-17T09:07:00","modified_gmt":"2024-11-17T08:07:00","slug":"barcelona-star-admits-his-bad-moment-don-have-the-same-feelings-as-before_308666_102","status":"publish","type":"post","link":"https:\/\/www.fcbarcelonanoticias.com\/en\/fc-barcelona\/barcelona-star-admits-his-bad-moment-don-have-the-same-feelings-as-before_308666_102.html","title":{"rendered":"A Barcelona star admits his bad moment: &#8220;I don&#8217;t have the same feelings as before&#8221;"},"content":{"rendered":"<h2 class=\"wp-block-heading\">Frenkie de Jong wore the Netherlands shirt again in the victory against Hungary. At the end of the match, the &#8217;21&#8217; admitted not being at his best<\/h2>  \r\n<div class=\"article-addons\">\r\n    <a href=\"https:\/\/www.fcbarcelonanoticias.com\/en\/calendar-fc-barcelona.html\"\r\n       target=\"_self\"\r\n       title=\"Calendar of FC Barcelona\"\r\n       class=\"blue-gredient-btn\">\r\n       \r\n        Calendar of FC Barcelona    <\/a>\r\n<\/div>   <p><strong>Frenkie de Jong <\/strong>returned to wear the Netherlands shirt after 433 days of absence in the &#8216;Oranje&#8217; thrashing of Hungary (4-0). The midfielder acted as the conductor of his team and left a good impression on the pitch before being substituted in the 68th minute, leaving the field to the applause of his fans.<\/p>  <p>At the end of the match, the <strong>FC Barcelona <\/strong>player spoke to the media and expressed his joy at returning to the team led by <strong>Ronald Koeman<\/strong>. &#8220;I haven&#8217;t played for a while, I&#8217;m happy to be back,&#8221; said the footballer, who despite showing a good performance, surprised everyone with his statements about his fitness after overcoming a complicated ankle injury that kept him out for five months.<\/p>  <h3>De Jong admitted that he is not going through his best moment<\/h3>  <p>And <strong>Frenkie <\/strong>admitted that he still has &#8220;moments of sensitivity&#8221; when playing and that he needs &#8220;matches and rhythm&#8221; to gain confidence. &#8220;I&#8217;m not saying it&#8217;s a risk, <strong>but the feeling is not the same as before<\/strong>. I should improve from now on,&#8221; confessed the player, <a data-external=\"0\" data-intl-links-en=\"https:\/\/www.fcbarcelonanoticias.com\/en\/laliga\/disappointing-the-big-target-of-the-defeat-against-real-sociedad_308537_102.html\" data-intl-links-es=\"https:\/\/www.fcbarcelonanoticias.com\/laliga\/decepcionante-gran-senalado-en-derrota-contra-real-sociedad_308537_102.html\" href=\"https:\/\/www.fcbarcelonanoticias.com\/en\/laliga\/disappointing-the-big-target-of-the-defeat-against-real-sociedad_308537_102.html\" rel=\"follow\" target=\"_self\" title=\"Disappointing: The big target of the defeat against Real Sociedad\">who continues to work on recovering his best version both with the national team and at Bar\u00e7a<\/a>, where he has the undisputed confidence of Hansi Flick.<\/p>  <p><strong>De Jong<\/strong> also revealed that he will not be a starter in the Netherlands&#8217; next match against Bosnia and Herzegovina. &#8220;I will stay with the national team, but I will not start the next game,&#8221; said the midfielder, <a data-external=\"0\" data-intl-links-en=\"https:\/\/www.fcbarcelonanoticias.com\/en\/football-soccer\/ronald-koeman-fuels-doubts-about-physique-frenkie-jong_308638_102.html\" data-intl-links-es=\"https:\/\/www.fcbarcelonanoticias.com\/futbol\/ronald-koeman-alimenta-dudas-sobre-fisico-frenkie-jong_308638_102.html\" href=\"https:\/\/www.fcbarcelonanoticias.com\/en\/football-soccer\/ronald-koeman-fuels-doubts-about-physique-frenkie-jong_308638_102.html\" rel=\"follow\" target=\"_self\" title=\"Ronald Koeman fuels doubts about Frenkie De Jong's physique\">who chooses to remain cautious with his fitness<\/a> after suffering a new scare in the match before the break against <strong>Real Sociedad<\/strong>, although fortunately it came to nothing.<\/p> ","protected":false},"excerpt":{"rendered":"<p>Frenkie de Jong wore the Netherlands shirt again in the victory against Hungary. At the end of the match, the &#8217;21&#8217; admitted not being at his best Frenkie de Jong returned to wear the Netherlands shirt after 433 days of absence in the &#8216;Oranje&#8217; thrashing of Hungary (4-0). The midfielder acted as the conductor of [&hellip;]<\/p>\n","protected":false},"author":358,"featured_media":14489,"comment_status":"closed","ping_status":"open","sticky":false,"template":"","format":"standard","meta":{"_acf_changed":false,"inline_featured_image":false,"_nextfly_llmd_date_locked":false,"footnotes":""},"categories":[111],"tags":[],"class_list":["post-14886","post","type-post","status-publish","format-standard","has-post-thumbnail","hentry","category-fc-barcelona"],"acf":[],"yoast_head":"<!-- This site is optimized with the Yoast SEO plugin v27.3 - https:\/\/yoast.com\/product\/yoast-seo-wordpress\/ -->\n<title>A Barcelona star admits his bad moment: &quot;I don&#039;t have the same feelings as before&quot;<\/title>\n<meta name=\"description\" content=\"Frenkie de Jong wore the Netherlands shirt again in the victory against Hungary. At the end of the match, the &#039;21&#039; admitted not being at his best\" \/>\n<meta name=\"robots\" content=\"index, follow, max-snippet:-1, max-image-preview:large, max-video-preview:-1\" \/>\n<link rel=\"canonical\" href=\"https:\/\/www.fcbarcelonanoticias.com\/en\/fc-barcelona\/barcelona-star-admits-his-bad-moment-don-have-the-same-feelings-as-before_308666_102.html\" \/>\n<meta property=\"og:locale\" content=\"en_US\" \/>\n<meta property=\"og:type\" content=\"article\" \/>\n<meta property=\"og:title\" content=\"A Barcelona star admits his bad moment: &quot;I don&#039;t have the same feelings as before&quot;\" \/>\n<meta property=\"og:description\" content=\"Frenkie de Jong wore the Netherlands shirt again in the victory against Hungary. At the end of the match, the &#039;21&#039; admitted not being at his best\" \/>\n<meta property=\"og:url\" content=\"https:\/\/www.fcbarcelonanoticias.com\/en\/fc-barcelona\/barcelona-star-admits-his-bad-moment-don-have-the-same-feelings-as-before_308666_102.html\" \/>\n<meta property=\"og:site_name\" content=\"EN - FC Barcelona Noticias\" \/>\n<meta property=\"article:published_time\" content=\"2024-11-17T08:07:00+00:00\" \/>\n<meta property=\"og:image\" content=\"https:\/\/www.fcbarcelonanoticias.com\/en\/wp-content\/uploads\/sites\/2\/2024\/09\/gavi-frenkie-barcelona.jpeg\" \/>\n\t<meta property=\"og:image:width\" content=\"1250\" \/>\n\t<meta property=\"og:image:height\" content=\"730\" \/>\n\t<meta property=\"og:image:type\" content=\"image\/jpeg\" \/>\n<meta name=\"author\" content=\"Juan Pablo Berdugo\" \/>\n<meta name=\"twitter:card\" content=\"summary_large_image\" \/>\n<meta name=\"twitter:label1\" content=\"Written by\" \/>\n\t<meta name=\"twitter:data1\" content=\"Juan Pablo Berdugo\" \/>\n\t<meta name=\"twitter:label2\" content=\"Est. reading time\" \/>\n\t<meta name=\"twitter:data2\" content=\"2 minutes\" \/>\n<script type=\"application\/ld+json\" class=\"yoast-schema-graph\">{\"@context\":\"https:\\\/\\\/schema.org\",\"@graph\":[{\"@type\":\"Article\",\"@id\":\"https:\\\/\\\/www.fcbarcelonanoticias.com\\\/en\\\/fc-barcelona\\\/barcelona-star-admits-his-bad-moment-don-have-the-same-feelings-as-before_308666_102.html#article\",\"isPartOf\":{\"@id\":\"https:\\\/\\\/www.fcbarcelonanoticias.com\\\/en\\\/fc-barcelona\\\/barcelona-star-admits-his-bad-moment-don-have-the-same-feelings-as-before_308666_102.html\"},\"author\":{\"name\":\"Juan Pablo Berdugo\",\"@id\":\"https:\\\/\\\/www.fcbarcelonanoticias.com\\\/en\\\/#\\\/schema\\\/person\\\/88d756918a0a1ae9fa593b5edddd1815\"},\"headline\":\"A Barcelona star admits his bad moment: &#8220;I don&#8217;t have the same feelings as before&#8221;\",\"datePublished\":\"2024-11-17T08:07:00+00:00\",\"mainEntityOfPage\":{\"@id\":\"https:\\\/\\\/www.fcbarcelonanoticias.com\\\/en\\\/fc-barcelona\\\/barcelona-star-admits-his-bad-moment-don-have-the-same-feelings-as-before_308666_102.html\"},\"wordCount\":318,\"image\":{\"@id\":\"https:\\\/\\\/www.fcbarcelonanoticias.com\\\/en\\\/fc-barcelona\\\/barcelona-star-admits-his-bad-moment-don-have-the-same-feelings-as-before_308666_102.html#primaryimage\"},\"thumbnailUrl\":\"https:\\\/\\\/www.fcbarcelonanoticias.com\\\/en\\\/wp-content\\\/uploads\\\/sites\\\/2\\\/2024\\\/09\\\/gavi-frenkie-barcelona.jpeg\",\"articleSection\":[\"FC Barcelona\"],\"inLanguage\":\"en-US\"},{\"@type\":\"WebPage\",\"@id\":\"https:\\\/\\\/www.fcbarcelonanoticias.com\\\/en\\\/fc-barcelona\\\/barcelona-star-admits-his-bad-moment-don-have-the-same-feelings-as-before_308666_102.html\",\"url\":\"https:\\\/\\\/www.fcbarcelonanoticias.com\\\/en\\\/fc-barcelona\\\/barcelona-star-admits-his-bad-moment-don-have-the-same-feelings-as-before_308666_102.html\",\"name\":\"A Barcelona star admits his bad moment: \\\"I don't have the same feelings as before\\\"\",\"isPartOf\":{\"@id\":\"https:\\\/\\\/www.fcbarcelonanoticias.com\\\/en\\\/#website\"},\"primaryImageOfPage\":{\"@id\":\"https:\\\/\\\/www.fcbarcelonanoticias.com\\\/en\\\/fc-barcelona\\\/barcelona-star-admits-his-bad-moment-don-have-the-same-feelings-as-before_308666_102.html#primaryimage\"},\"image\":{\"@id\":\"https:\\\/\\\/www.fcbarcelonanoticias.com\\\/en\\\/fc-barcelona\\\/barcelona-star-admits-his-bad-moment-don-have-the-same-feelings-as-before_308666_102.html#primaryimage\"},\"thumbnailUrl\":\"https:\\\/\\\/www.fcbarcelonanoticias.com\\\/en\\\/wp-content\\\/uploads\\\/sites\\\/2\\\/2024\\\/09\\\/gavi-frenkie-barcelona.jpeg\",\"datePublished\":\"2024-11-17T08:07:00+00:00\",\"author\":{\"@id\":\"https:\\\/\\\/www.fcbarcelonanoticias.com\\\/en\\\/#\\\/schema\\\/person\\\/88d756918a0a1ae9fa593b5edddd1815\"},\"description\":\"Frenkie de Jong wore the Netherlands shirt again in the victory against Hungary. At the end of the match, the '21' admitted not being at his best\",\"breadcrumb\":{\"@id\":\"https:\\\/\\\/www.fcbarcelonanoticias.com\\\/en\\\/fc-barcelona\\\/barcelona-star-admits-his-bad-moment-don-have-the-same-feelings-as-before_308666_102.html#breadcrumb\"},\"inLanguage\":\"en-US\",\"potentialAction\":[{\"@type\":\"ReadAction\",\"target\":[\"https:\\\/\\\/www.fcbarcelonanoticias.com\\\/en\\\/fc-barcelona\\\/barcelona-star-admits-his-bad-moment-don-have-the-same-feelings-as-before_308666_102.html\"]}]},{\"@type\":\"ImageObject\",\"inLanguage\":\"en-US\",\"@id\":\"https:\\\/\\\/www.fcbarcelonanoticias.com\\\/en\\\/fc-barcelona\\\/barcelona-star-admits-his-bad-moment-don-have-the-same-feelings-as-before_308666_102.html#primaryimage\",\"url\":\"https:\\\/\\\/www.fcbarcelonanoticias.com\\\/en\\\/wp-content\\\/uploads\\\/sites\\\/2\\\/2024\\\/09\\\/gavi-frenkie-barcelona.jpeg\",\"contentUrl\":\"https:\\\/\\\/www.fcbarcelonanoticias.com\\\/en\\\/wp-content\\\/uploads\\\/sites\\\/2\\\/2024\\\/09\\\/gavi-frenkie-barcelona.jpeg\",\"width\":1250,\"height\":730},{\"@type\":\"BreadcrumbList\",\"@id\":\"https:\\\/\\\/www.fcbarcelonanoticias.com\\\/en\\\/fc-barcelona\\\/barcelona-star-admits-his-bad-moment-don-have-the-same-feelings-as-before_308666_102.html#breadcrumb\",\"itemListElement\":[{\"@type\":\"ListItem\",\"position\":1,\"name\":\"Portada\",\"item\":\"https:\\\/\\\/www.fcbarcelonanoticias.com\\\/en\\\/\"},{\"@type\":\"ListItem\",\"position\":2,\"name\":\"A Barcelona star admits his bad moment: &#8220;I don&#8217;t have the same feelings as before&#8221;\"}]},{\"@type\":\"WebSite\",\"@id\":\"https:\\\/\\\/www.fcbarcelonanoticias.com\\\/en\\\/#website\",\"url\":\"https:\\\/\\\/www.fcbarcelonanoticias.com\\\/en\\\/\",\"name\":\"EN - FC Barcelona Noticias\",\"description\":\"\",\"potentialAction\":[{\"@type\":\"SearchAction\",\"target\":{\"@type\":\"EntryPoint\",\"urlTemplate\":\"https:\\\/\\\/www.fcbarcelonanoticias.com\\\/en\\\/?s={search_term_string}\"},\"query-input\":{\"@type\":\"PropertyValueSpecification\",\"valueRequired\":true,\"valueName\":\"search_term_string\"}}],\"inLanguage\":\"en-US\"},{\"@type\":\"Person\",\"@id\":\"https:\\\/\\\/www.fcbarcelonanoticias.com\\\/en\\\/#\\\/schema\\\/person\\\/88d756918a0a1ae9fa593b5edddd1815\",\"name\":\"Juan Pablo Berdugo\",\"image\":{\"@type\":\"ImageObject\",\"inLanguage\":\"en-US\",\"@id\":\"https:\\\/\\\/secure.gravatar.com\\\/avatar\\\/?s=96&d=mm&r=g\",\"url\":\"https:\\\/\\\/secure.gravatar.com\\\/avatar\\\/?s=96&d=mm&r=g\",\"contentUrl\":\"https:\\\/\\\/secure.gravatar.com\\\/avatar\\\/?s=96&d=mm&r=g\",\"caption\":\"Juan Pablo Berdugo\"},\"description\":\"Juan Pablo Berdugo es graduado en Periodismo. Colabora con FCBN como especialista en informaci\u00f3n del primer equipo del FC Barcelona, f\u00fatbol internacional y mercado de fichajes. Destaca por su enfoque anal\u00edtico, su rigor informativo y su capacidad para detectar tendencias emergentes en el f\u00fatbol global.\",\"url\":\"https:\\\/\\\/www.fcbarcelonanoticias.com\\\/en\\\/fc-barcelona\\\/juan-pablo-berdugo_18_115.html\"}]}<\/script>\n<!-- \/ Yoast SEO plugin. -->","yoast_head_json":{"title":"A Barcelona star admits his bad moment: \"I don't have the same feelings as before\"","description":"Frenkie de Jong wore the Netherlands shirt again in the victory against Hungary. At the end of the match, the '21' admitted not being at his best","robots":{"index":"index","follow":"follow","max-snippet":"max-snippet:-1","max-image-preview":"max-image-preview:large","max-video-preview":"max-video-preview:-1"},"canonical":"https:\/\/www.fcbarcelonanoticias.com\/en\/fc-barcelona\/barcelona-star-admits-his-bad-moment-don-have-the-same-feelings-as-before_308666_102.html","og_locale":"en_US","og_type":"article","og_title":"A Barcelona star admits his bad moment: \"I don't have the same feelings as before\"","og_description":"Frenkie de Jong wore the Netherlands shirt again in the victory against Hungary. At the end of the match, the '21' admitted not being at his best","og_url":"https:\/\/www.fcbarcelonanoticias.com\/en\/fc-barcelona\/barcelona-star-admits-his-bad-moment-don-have-the-same-feelings-as-before_308666_102.html","og_site_name":"EN - FC Barcelona Noticias","article_published_time":"2024-11-17T08:07:00+00:00","og_image":[{"width":1250,"height":730,"url":"https:\/\/www.fcbarcelonanoticias.com\/en\/wp-content\/uploads\/sites\/2\/2024\/09\/gavi-frenkie-barcelona.jpeg","type":"image\/jpeg"}],"author":"Juan Pablo Berdugo","twitter_card":"summary_large_image","twitter_misc":{"Written by":"Juan Pablo Berdugo","Est. reading time":"2 minutes"},"schema":{"@context":"https:\/\/schema.org","@graph":[{"@type":"Article","@id":"https:\/\/www.fcbarcelonanoticias.com\/en\/fc-barcelona\/barcelona-star-admits-his-bad-moment-don-have-the-same-feelings-as-before_308666_102.html#article","isPartOf":{"@id":"https:\/\/www.fcbarcelonanoticias.com\/en\/fc-barcelona\/barcelona-star-admits-his-bad-moment-don-have-the-same-feelings-as-before_308666_102.html"},"author":{"name":"Juan Pablo Berdugo","@id":"https:\/\/www.fcbarcelonanoticias.com\/en\/#\/schema\/person\/88d756918a0a1ae9fa593b5edddd1815"},"headline":"A Barcelona star admits his bad moment: &#8220;I don&#8217;t have the same feelings as before&#8221;","datePublished":"2024-11-17T08:07:00+00:00","mainEntityOfPage":{"@id":"https:\/\/www.fcbarcelonanoticias.com\/en\/fc-barcelona\/barcelona-star-admits-his-bad-moment-don-have-the-same-feelings-as-before_308666_102.html"},"wordCount":318,"image":{"@id":"https:\/\/www.fcbarcelonanoticias.com\/en\/fc-barcelona\/barcelona-star-admits-his-bad-moment-don-have-the-same-feelings-as-before_308666_102.html#primaryimage"},"thumbnailUrl":"https:\/\/www.fcbarcelonanoticias.com\/en\/wp-content\/uploads\/sites\/2\/2024\/09\/gavi-frenkie-barcelona.jpeg","articleSection":["FC Barcelona"],"inLanguage":"en-US"},{"@type":"WebPage","@id":"https:\/\/www.fcbarcelonanoticias.com\/en\/fc-barcelona\/barcelona-star-admits-his-bad-moment-don-have-the-same-feelings-as-before_308666_102.html","url":"https:\/\/www.fcbarcelonanoticias.com\/en\/fc-barcelona\/barcelona-star-admits-his-bad-moment-don-have-the-same-feelings-as-before_308666_102.html","name":"A Barcelona star admits his bad moment: \"I don't have the same feelings as before\"","isPartOf":{"@id":"https:\/\/www.fcbarcelonanoticias.com\/en\/#website"},"primaryImageOfPage":{"@id":"https:\/\/www.fcbarcelonanoticias.com\/en\/fc-barcelona\/barcelona-star-admits-his-bad-moment-don-have-the-same-feelings-as-before_308666_102.html#primaryimage"},"image":{"@id":"https:\/\/www.fcbarcelonanoticias.com\/en\/fc-barcelona\/barcelona-star-admits-his-bad-moment-don-have-the-same-feelings-as-before_308666_102.html#primaryimage"},"thumbnailUrl":"https:\/\/www.fcbarcelonanoticias.com\/en\/wp-content\/uploads\/sites\/2\/2024\/09\/gavi-frenkie-barcelona.jpeg","datePublished":"2024-11-17T08:07:00+00:00","author":{"@id":"https:\/\/www.fcbarcelonanoticias.com\/en\/#\/schema\/person\/88d756918a0a1ae9fa593b5edddd1815"},"description":"Frenkie de Jong wore the Netherlands shirt again in the victory against Hungary. At the end of the match, the '21' admitted not being at his best","breadcrumb":{"@id":"https:\/\/www.fcbarcelonanoticias.com\/en\/fc-barcelona\/barcelona-star-admits-his-bad-moment-don-have-the-same-feelings-as-before_308666_102.html#breadcrumb"},"inLanguage":"en-US","potentialAction":[{"@type":"ReadAction","target":["https:\/\/www.fcbarcelonanoticias.com\/en\/fc-barcelona\/barcelona-star-admits-his-bad-moment-don-have-the-same-feelings-as-before_308666_102.html"]}]},{"@type":"ImageObject","inLanguage":"en-US","@id":"https:\/\/www.fcbarcelonanoticias.com\/en\/fc-barcelona\/barcelona-star-admits-his-bad-moment-don-have-the-same-feelings-as-before_308666_102.html#primaryimage","url":"https:\/\/www.fcbarcelonanoticias.com\/en\/wp-content\/uploads\/sites\/2\/2024\/09\/gavi-frenkie-barcelona.jpeg","contentUrl":"https:\/\/www.fcbarcelonanoticias.com\/en\/wp-content\/uploads\/sites\/2\/2024\/09\/gavi-frenkie-barcelona.jpeg","width":1250,"height":730},{"@type":"BreadcrumbList","@id":"https:\/\/www.fcbarcelonanoticias.com\/en\/fc-barcelona\/barcelona-star-admits-his-bad-moment-don-have-the-same-feelings-as-before_308666_102.html#breadcrumb","itemListElement":[{"@type":"ListItem","position":1,"name":"Portada","item":"https:\/\/www.fcbarcelonanoticias.com\/en\/"},{"@type":"ListItem","position":2,"name":"A Barcelona star admits his bad moment: &#8220;I don&#8217;t have the same feelings as before&#8221;"}]},{"@type":"WebSite","@id":"https:\/\/www.fcbarcelonanoticias.com\/en\/#website","url":"https:\/\/www.fcbarcelonanoticias.com\/en\/","name":"EN - FC Barcelona Noticias","description":"","potentialAction":[{"@type":"SearchAction","target":{"@type":"EntryPoint","urlTemplate":"https:\/\/www.fcbarcelonanoticias.com\/en\/?s={search_term_string}"},"query-input":{"@type":"PropertyValueSpecification","valueRequired":true,"valueName":"search_term_string"}}],"inLanguage":"en-US"},{"@type":"Person","@id":"https:\/\/www.fcbarcelonanoticias.com\/en\/#\/schema\/person\/88d756918a0a1ae9fa593b5edddd1815","name":"Juan Pablo Berdugo","image":{"@type":"ImageObject","inLanguage":"en-US","@id":"https:\/\/secure.gravatar.com\/avatar\/?s=96&d=mm&r=g","url":"https:\/\/secure.gravatar.com\/avatar\/?s=96&d=mm&r=g","contentUrl":"https:\/\/secure.gravatar.com\/avatar\/?s=96&d=mm&r=g","caption":"Juan Pablo Berdugo"},"description":"Juan Pablo Berdugo es graduado en Periodismo. Colabora con FCBN como especialista en informaci\u00f3n del primer equipo del FC Barcelona, f\u00fatbol internacional y mercado de fichajes. Destaca por su enfoque anal\u00edtico, su rigor informativo y su capacidad para detectar tendencias emergentes en el f\u00fatbol global.","url":"https:\/\/www.fcbarcelonanoticias.com\/en\/fc-barcelona\/juan-pablo-berdugo_18_115.html"}]}},"_links":{"self":[{"href":"https:\/\/www.fcbarcelonanoticias.com\/en\/wp-json\/wp\/v2\/posts\/14886","targetHints":{"allow":["GET"]}}],"collection":[{"href":"https:\/\/www.fcbarcelonanoticias.com\/en\/wp-json\/wp\/v2\/posts"}],"about":[{"href":"https:\/\/www.fcbarcelonanoticias.com\/en\/wp-json\/wp\/v2\/types\/post"}],"author":[{"embeddable":true,"href":"https:\/\/www.fcbarcelonanoticias.com\/en\/wp-json\/wp\/v2\/users\/358"}],"replies":[{"embeddable":true,"href":"https:\/\/www.fcbarcelonanoticias.com\/en\/wp-json\/wp\/v2\/comments?post=14886"}],"version-history":[{"count":1,"href":"https:\/\/www.fcbarcelonanoticias.com\/en\/wp-json\/wp\/v2\/posts\/14886\/revisions"}],"predecessor-version":[{"id":103590,"href":"https:\/\/www.fcbarcelonanoticias.com\/en\/wp-json\/wp\/v2\/posts\/14886\/revisions\/103590"}],"wp:featuredmedia":[{"embeddable":true,"href":"https:\/\/www.fcbarcelonanoticias.com\/en\/wp-json\/wp\/v2\/media\/14489"}],"wp:attachment":[{"href":"https:\/\/www.fcbarcelonanoticias.com\/en\/wp-json\/wp\/v2\/media?parent=14886"}],"wp:term":[{"taxonomy":"category","embeddable":true,"href":"https:\/\/www.fcbarcelonanoticias.com\/en\/wp-json\/wp\/v2\/categories?post=14886"},{"taxonomy":"post_tag","embeddable":true,"href":"https:\/\/www.fcbarcelonanoticias.com\/en\/wp-json\/wp\/v2\/tags?post=14886"}],"curies":[{"name":"wp","href":"https:\/\/api.w.org\/{rel}","templated":true}]}}