{"id":15110,"date":"2021-07-10T10:25:00","date_gmt":"2021-07-10T08:25:00","guid":{"rendered":"https:\/\/weisetech.dev\/fc-barcelona-noticias\/en\/big-opportunity-young-promise-masia_270499_102\/"},"modified":"2021-07-10T10:30:00","modified_gmt":"2021-07-10T08:30:00","slug":"big-opportunity-young-promise-masia_270499_102","status":"publish","type":"post","link":"https:\/\/www.fcbarcelonanoticias.com\/en\/fc-barcelona\/big-opportunity-young-promise-masia_270499_102.html","title":{"rendered":"The big opportunity of a young promise of The Masia"},"content":{"rendered":"<h2 class=\"wp-block-heading\">The enormous economic crisis that ails to the Barcelona forces to the club to think in fewer signings and more in taking out benefit of the youngsters that are forming  in The Masia<\/h2>  \r\n<div class=\"article-addons\">\r\n    <a href=\"https:\/\/www.fcbarcelonanoticias.com\/en\/calendar-fc-barcelona.html\"\r\n       target=\"_self\"\r\n       title=\"Calendar of FC Barcelona\"\r\n       class=\"blue-gredient-btn\">\r\n       \r\n        Calendar of FC Barcelona    <\/a>\r\n<\/div>   <p><strong>In spite of the hard that it can be the economic crisis of the Barcelona,<\/strong> the same can offer opportunities to the footballers of The Masia to arrive to the first team that in normal occasions very probably had not arrived to have.<\/p>  <p><strong>Already it occurred the season, in which Koeman, in front of a big number of drops in the first team, saw forced to resort to the filial, and with excellent results<\/strong>. It had burst into <a data-external=\"0\" data-intl-links-en=\"https:\/\/www.fcbarcelonanoticias.com\/en\/national-teams\/mingueza-total-confidence-sergio-busquets_270352_102.html\" data-intl-links-es=\"https:\/\/www.fcbarcelonanoticias.com\/selecciones-nacionales\/mingueza-tiene-total-confianza-sergio-busquets_270352_102.html\" href=\"https:\/\/www.fcbarcelonanoticias.com\/en\/national-teams\/mingueza-total-confidence-sergio-busquets_270352_102.html\" rel=\"follow\" target=\"_self\" title=\"Mingueza tiene total confianza en Sergio Busquets\">\u00d2scar Mingueza<\/a> as it did it? <a data-external=\"0\" data-intl-links-en=\"https:\/\/www.fcbarcelonanoticias.com\/en\/sports\/the-olympic-games-of-pedri-and-gasol-will-not-have-public_270495_102.html\" data-intl-links-es=\"https:\/\/www.fcbarcelonanoticias.com\/deportes\/juegos-olimpicos-pedri-gasol-no-tendran-publico_270495_102.html\" href=\"https:\/\/www.fcbarcelonanoticias.com\/en\/sports\/the-olympic-games-of-pedri-and-gasol-will-not-have-public_270495_102.html\" rel=\"follow\" target=\"_self\" title=\"Los Juegos Ol\u00edmpicos de Pedri y Gasol no tendr\u00e1n p\u00fablico\">Pedri<\/a> Had had all these minutes from a principle? We would have seen to Ilaix to title in spite of having 18 years?<\/p>  <p><strong>Being honest there is not form to know it for sure, but any one knows that the answer is that no.<\/strong> In the last times, before the crisis and the pandemia, the tendency had been to look to out and take out the chequebook in place to bet by the youngsters in the Masia. <strong>But when the penurias tighten does not remain more alternative that bet by the youngsters.<\/strong><\/p>  <p><strong>In full process of reduction of mass salarial<\/strong>, the Barcelona has decided, as it informed yesterday SPORT, not looking for replacement to Junior Firpo. <strong>The hispanodominicano has been traspasado to the Leeds by 15 million euros and his gap does not go to fill up with an external signing<\/strong>. This can benefit to our protagonist: The left side Alejandro Balde.<\/p>  <h3>A decade in The Masia<\/h3>  <p>The young defender is one of the best students of The Masia, <strong>many see it like the only natural spare for Jordi Alba that very possibly was still in the Bar\u00e7a.<\/strong> The side, of African father (of Guinea Bissau) and dominican mother, initiated in the athletics. Fruit of this, is one of the swiftest footballers of all the structure of the Barcelona.<\/p>  <p><strong>It started his career in the school of Sant Gabriel, with six years, but around the middle of year already went up him to the Prebenjam\u00edn.<\/strong> This campaign played of forward and marked goals. The Bar\u00e7a and the RCD Espanyol followed it closely.<\/p>  <h3>His way in The Masia<\/h3>  <p>In that then, Balde wished to play with the Barcelona, but in the club demoraron a lot his answer and preferred to accept the one of the group blanquiazul. <strong>There, also fungiendo like forward, went back to stand out and already dissipated all the doubts. It had to be Barcelona and this was what occurred.<\/strong><\/p>  <p><strong>This occurred 10 years backwards. A decade dressing of Barcelona and forming in The Masia. The first part of the past course lost by it an injury.<\/strong> A sprain in the external lateral ligament of the left ankle deprived him of the continuity that the youngster needed. Once recovered, turned into a player of weight for Garc\u00eda Pepper.<\/p> ","protected":false},"excerpt":{"rendered":"<p>The enormous economic crisis that ails to the Barcelona forces to the club to think in fewer signings and more in taking out benefit of the youngsters that are forming in The Masia In spite of the hard that it can be the economic crisis of the Barcelona, the same can offer opportunities to the [&hellip;]<\/p>\n","protected":false},"author":394,"featured_media":15113,"comment_status":"closed","ping_status":"open","sticky":false,"template":"","format":"standard","meta":{"_acf_changed":false,"inline_featured_image":false,"_nextfly_llmd_date_locked":false,"footnotes":""},"categories":[111],"tags":[181],"class_list":["post-15110","post","type-post","status-publish","format-standard","has-post-thumbnail","hentry","category-fc-barcelona","tag-the-masia"],"acf":[],"yoast_head":"<!-- This site is optimized with the Yoast SEO plugin v27.3 - https:\/\/yoast.com\/product\/yoast-seo-wordpress\/ -->\n<title>The big opportunity of a young promise of The Masia<\/title>\n<meta name=\"description\" content=\"The enormous economic crisis that ails to the Barcelona forces to the club to think in fewer signings and more in taking out benefit of the youngsters that are forming in...\" \/>\n<meta name=\"robots\" content=\"index, follow, max-snippet:-1, max-image-preview:large, max-video-preview:-1\" \/>\n<link rel=\"canonical\" href=\"https:\/\/www.fcbarcelonanoticias.com\/en\/fc-barcelona\/big-opportunity-young-promise-masia_270499_102.html\" \/>\n<meta property=\"og:locale\" content=\"en_US\" \/>\n<meta property=\"og:type\" content=\"article\" \/>\n<meta property=\"og:title\" content=\"The big opportunity of a young promise of The Masia\" \/>\n<meta property=\"og:description\" content=\"The enormous economic crisis that ails to the Barcelona forces to the club to think in fewer signings and more in taking out benefit of the youngsters that are forming in...\" \/>\n<meta property=\"og:url\" content=\"https:\/\/www.fcbarcelonanoticias.com\/en\/fc-barcelona\/big-opportunity-young-promise-masia_270499_102.html\" \/>\n<meta property=\"og:site_name\" content=\"EN - FC Barcelona Noticias\" \/>\n<meta property=\"article:published_time\" content=\"2021-07-10T08:25:00+00:00\" \/>\n<meta property=\"article:modified_time\" content=\"2021-07-10T08:30:00+00:00\" \/>\n<meta property=\"og:image\" content=\"https:\/\/www.fcbarcelonanoticias.com\/en\/wp-content\/uploads\/sites\/2\/2021\/07\/alejandro-balde-jugador-de-la-masia-1.jpeg\" \/>\n\t<meta property=\"og:image:width\" content=\"1200\" \/>\n\t<meta property=\"og:image:height\" content=\"800\" \/>\n\t<meta property=\"og:image:type\" content=\"image\/jpeg\" \/>\n<meta name=\"author\" content=\"user_4050\" \/>\n<meta name=\"twitter:card\" content=\"summary_large_image\" \/>\n<meta name=\"twitter:label1\" content=\"Written by\" \/>\n\t<meta name=\"twitter:data1\" content=\"user_4050\" \/>\n\t<meta name=\"twitter:label2\" content=\"Est. reading time\" \/>\n\t<meta name=\"twitter:data2\" content=\"2 minutes\" \/>\n<script type=\"application\/ld+json\" class=\"yoast-schema-graph\">{\"@context\":\"https:\\\/\\\/schema.org\",\"@graph\":[{\"@type\":\"Article\",\"@id\":\"https:\\\/\\\/www.fcbarcelonanoticias.com\\\/en\\\/fc-barcelona\\\/big-opportunity-young-promise-masia_270499_102.html#article\",\"isPartOf\":{\"@id\":\"https:\\\/\\\/www.fcbarcelonanoticias.com\\\/en\\\/fc-barcelona\\\/big-opportunity-young-promise-masia_270499_102.html\"},\"author\":{\"name\":\"user_4050\",\"@id\":\"https:\\\/\\\/www.fcbarcelonanoticias.com\\\/en\\\/#\\\/schema\\\/person\\\/25af7b10f6c4cb3bfa35182c810f0d19\"},\"headline\":\"The big opportunity of a young promise of The Masia\",\"datePublished\":\"2021-07-10T08:25:00+00:00\",\"dateModified\":\"2021-07-10T08:30:00+00:00\",\"mainEntityOfPage\":{\"@id\":\"https:\\\/\\\/www.fcbarcelonanoticias.com\\\/en\\\/fc-barcelona\\\/big-opportunity-young-promise-masia_270499_102.html\"},\"wordCount\":508,\"image\":{\"@id\":\"https:\\\/\\\/www.fcbarcelonanoticias.com\\\/en\\\/fc-barcelona\\\/big-opportunity-young-promise-masia_270499_102.html#primaryimage\"},\"thumbnailUrl\":\"https:\\\/\\\/www.fcbarcelonanoticias.com\\\/en\\\/wp-content\\\/uploads\\\/sites\\\/2\\\/2021\\\/07\\\/alejandro-balde-jugador-de-la-masia-1.jpeg\",\"keywords\":[\"The Masia\"],\"articleSection\":[\"FC Barcelona\"],\"inLanguage\":\"en-US\"},{\"@type\":\"WebPage\",\"@id\":\"https:\\\/\\\/www.fcbarcelonanoticias.com\\\/en\\\/fc-barcelona\\\/big-opportunity-young-promise-masia_270499_102.html\",\"url\":\"https:\\\/\\\/www.fcbarcelonanoticias.com\\\/en\\\/fc-barcelona\\\/big-opportunity-young-promise-masia_270499_102.html\",\"name\":\"The big opportunity of a young promise of The Masia\",\"isPartOf\":{\"@id\":\"https:\\\/\\\/www.fcbarcelonanoticias.com\\\/en\\\/#website\"},\"primaryImageOfPage\":{\"@id\":\"https:\\\/\\\/www.fcbarcelonanoticias.com\\\/en\\\/fc-barcelona\\\/big-opportunity-young-promise-masia_270499_102.html#primaryimage\"},\"image\":{\"@id\":\"https:\\\/\\\/www.fcbarcelonanoticias.com\\\/en\\\/fc-barcelona\\\/big-opportunity-young-promise-masia_270499_102.html#primaryimage\"},\"thumbnailUrl\":\"https:\\\/\\\/www.fcbarcelonanoticias.com\\\/en\\\/wp-content\\\/uploads\\\/sites\\\/2\\\/2021\\\/07\\\/alejandro-balde-jugador-de-la-masia-1.jpeg\",\"datePublished\":\"2021-07-10T08:25:00+00:00\",\"dateModified\":\"2021-07-10T08:30:00+00:00\",\"author\":{\"@id\":\"https:\\\/\\\/www.fcbarcelonanoticias.com\\\/en\\\/#\\\/schema\\\/person\\\/25af7b10f6c4cb3bfa35182c810f0d19\"},\"description\":\"The enormous economic crisis that ails to the Barcelona forces to the club to think in fewer signings and more in taking out benefit of the youngsters that are forming in...\",\"breadcrumb\":{\"@id\":\"https:\\\/\\\/www.fcbarcelonanoticias.com\\\/en\\\/fc-barcelona\\\/big-opportunity-young-promise-masia_270499_102.html#breadcrumb\"},\"inLanguage\":\"en-US\",\"potentialAction\":[{\"@type\":\"ReadAction\",\"target\":[\"https:\\\/\\\/www.fcbarcelonanoticias.com\\\/en\\\/fc-barcelona\\\/big-opportunity-young-promise-masia_270499_102.html\"]}]},{\"@type\":\"ImageObject\",\"inLanguage\":\"en-US\",\"@id\":\"https:\\\/\\\/www.fcbarcelonanoticias.com\\\/en\\\/fc-barcelona\\\/big-opportunity-young-promise-masia_270499_102.html#primaryimage\",\"url\":\"https:\\\/\\\/www.fcbarcelonanoticias.com\\\/en\\\/wp-content\\\/uploads\\\/sites\\\/2\\\/2021\\\/07\\\/alejandro-balde-jugador-de-la-masia-1.jpeg\",\"contentUrl\":\"https:\\\/\\\/www.fcbarcelonanoticias.com\\\/en\\\/wp-content\\\/uploads\\\/sites\\\/2\\\/2021\\\/07\\\/alejandro-balde-jugador-de-la-masia-1.jpeg\",\"width\":1200,\"height\":800},{\"@type\":\"BreadcrumbList\",\"@id\":\"https:\\\/\\\/www.fcbarcelonanoticias.com\\\/en\\\/fc-barcelona\\\/big-opportunity-young-promise-masia_270499_102.html#breadcrumb\",\"itemListElement\":[{\"@type\":\"ListItem\",\"position\":1,\"name\":\"Portada\",\"item\":\"https:\\\/\\\/www.fcbarcelonanoticias.com\\\/en\\\/\"},{\"@type\":\"ListItem\",\"position\":2,\"name\":\"The big opportunity of a young promise of The Masia\"}]},{\"@type\":\"WebSite\",\"@id\":\"https:\\\/\\\/www.fcbarcelonanoticias.com\\\/en\\\/#website\",\"url\":\"https:\\\/\\\/www.fcbarcelonanoticias.com\\\/en\\\/\",\"name\":\"EN - FC Barcelona Noticias\",\"description\":\"\",\"potentialAction\":[{\"@type\":\"SearchAction\",\"target\":{\"@type\":\"EntryPoint\",\"urlTemplate\":\"https:\\\/\\\/www.fcbarcelonanoticias.com\\\/en\\\/?s={search_term_string}\"},\"query-input\":{\"@type\":\"PropertyValueSpecification\",\"valueRequired\":true,\"valueName\":\"search_term_string\"}}],\"inLanguage\":\"en-US\"},{\"@type\":\"Person\",\"@id\":\"https:\\\/\\\/www.fcbarcelonanoticias.com\\\/en\\\/#\\\/schema\\\/person\\\/25af7b10f6c4cb3bfa35182c810f0d19\",\"name\":\"user_4050\",\"image\":{\"@type\":\"ImageObject\",\"inLanguage\":\"en-US\",\"@id\":\"https:\\\/\\\/secure.gravatar.com\\\/avatar\\\/?s=96&d=mm&r=g\",\"url\":\"https:\\\/\\\/secure.gravatar.com\\\/avatar\\\/?s=96&d=mm&r=g\",\"contentUrl\":\"https:\\\/\\\/secure.gravatar.com\\\/avatar\\\/?s=96&d=mm&r=g\",\"caption\":\"user_4050\"},\"url\":\"https:\\\/\\\/www.fcbarcelonanoticias.com\\\/en\\\/user_4050.html\"}]}<\/script>\n<!-- \/ Yoast SEO plugin. -->","yoast_head_json":{"title":"The big opportunity of a young promise of The Masia","description":"The enormous economic crisis that ails to the Barcelona forces to the club to think in fewer signings and more in taking out benefit of the youngsters that are forming in...","robots":{"index":"index","follow":"follow","max-snippet":"max-snippet:-1","max-image-preview":"max-image-preview:large","max-video-preview":"max-video-preview:-1"},"canonical":"https:\/\/www.fcbarcelonanoticias.com\/en\/fc-barcelona\/big-opportunity-young-promise-masia_270499_102.html","og_locale":"en_US","og_type":"article","og_title":"The big opportunity of a young promise of The Masia","og_description":"The enormous economic crisis that ails to the Barcelona forces to the club to think in fewer signings and more in taking out benefit of the youngsters that are forming in...","og_url":"https:\/\/www.fcbarcelonanoticias.com\/en\/fc-barcelona\/big-opportunity-young-promise-masia_270499_102.html","og_site_name":"EN - FC Barcelona Noticias","article_published_time":"2021-07-10T08:25:00+00:00","article_modified_time":"2021-07-10T08:30:00+00:00","og_image":[{"width":1200,"height":800,"url":"https:\/\/www.fcbarcelonanoticias.com\/en\/wp-content\/uploads\/sites\/2\/2021\/07\/alejandro-balde-jugador-de-la-masia-1.jpeg","type":"image\/jpeg"}],"author":"user_4050","twitter_card":"summary_large_image","twitter_misc":{"Written by":"user_4050","Est. reading time":"2 minutes"},"schema":{"@context":"https:\/\/schema.org","@graph":[{"@type":"Article","@id":"https:\/\/www.fcbarcelonanoticias.com\/en\/fc-barcelona\/big-opportunity-young-promise-masia_270499_102.html#article","isPartOf":{"@id":"https:\/\/www.fcbarcelonanoticias.com\/en\/fc-barcelona\/big-opportunity-young-promise-masia_270499_102.html"},"author":{"name":"user_4050","@id":"https:\/\/www.fcbarcelonanoticias.com\/en\/#\/schema\/person\/25af7b10f6c4cb3bfa35182c810f0d19"},"headline":"The big opportunity of a young promise of The Masia","datePublished":"2021-07-10T08:25:00+00:00","dateModified":"2021-07-10T08:30:00+00:00","mainEntityOfPage":{"@id":"https:\/\/www.fcbarcelonanoticias.com\/en\/fc-barcelona\/big-opportunity-young-promise-masia_270499_102.html"},"wordCount":508,"image":{"@id":"https:\/\/www.fcbarcelonanoticias.com\/en\/fc-barcelona\/big-opportunity-young-promise-masia_270499_102.html#primaryimage"},"thumbnailUrl":"https:\/\/www.fcbarcelonanoticias.com\/en\/wp-content\/uploads\/sites\/2\/2021\/07\/alejandro-balde-jugador-de-la-masia-1.jpeg","keywords":["The Masia"],"articleSection":["FC Barcelona"],"inLanguage":"en-US"},{"@type":"WebPage","@id":"https:\/\/www.fcbarcelonanoticias.com\/en\/fc-barcelona\/big-opportunity-young-promise-masia_270499_102.html","url":"https:\/\/www.fcbarcelonanoticias.com\/en\/fc-barcelona\/big-opportunity-young-promise-masia_270499_102.html","name":"The big opportunity of a young promise of The Masia","isPartOf":{"@id":"https:\/\/www.fcbarcelonanoticias.com\/en\/#website"},"primaryImageOfPage":{"@id":"https:\/\/www.fcbarcelonanoticias.com\/en\/fc-barcelona\/big-opportunity-young-promise-masia_270499_102.html#primaryimage"},"image":{"@id":"https:\/\/www.fcbarcelonanoticias.com\/en\/fc-barcelona\/big-opportunity-young-promise-masia_270499_102.html#primaryimage"},"thumbnailUrl":"https:\/\/www.fcbarcelonanoticias.com\/en\/wp-content\/uploads\/sites\/2\/2021\/07\/alejandro-balde-jugador-de-la-masia-1.jpeg","datePublished":"2021-07-10T08:25:00+00:00","dateModified":"2021-07-10T08:30:00+00:00","author":{"@id":"https:\/\/www.fcbarcelonanoticias.com\/en\/#\/schema\/person\/25af7b10f6c4cb3bfa35182c810f0d19"},"description":"The enormous economic crisis that ails to the Barcelona forces to the club to think in fewer signings and more in taking out benefit of the youngsters that are forming in...","breadcrumb":{"@id":"https:\/\/www.fcbarcelonanoticias.com\/en\/fc-barcelona\/big-opportunity-young-promise-masia_270499_102.html#breadcrumb"},"inLanguage":"en-US","potentialAction":[{"@type":"ReadAction","target":["https:\/\/www.fcbarcelonanoticias.com\/en\/fc-barcelona\/big-opportunity-young-promise-masia_270499_102.html"]}]},{"@type":"ImageObject","inLanguage":"en-US","@id":"https:\/\/www.fcbarcelonanoticias.com\/en\/fc-barcelona\/big-opportunity-young-promise-masia_270499_102.html#primaryimage","url":"https:\/\/www.fcbarcelonanoticias.com\/en\/wp-content\/uploads\/sites\/2\/2021\/07\/alejandro-balde-jugador-de-la-masia-1.jpeg","contentUrl":"https:\/\/www.fcbarcelonanoticias.com\/en\/wp-content\/uploads\/sites\/2\/2021\/07\/alejandro-balde-jugador-de-la-masia-1.jpeg","width":1200,"height":800},{"@type":"BreadcrumbList","@id":"https:\/\/www.fcbarcelonanoticias.com\/en\/fc-barcelona\/big-opportunity-young-promise-masia_270499_102.html#breadcrumb","itemListElement":[{"@type":"ListItem","position":1,"name":"Portada","item":"https:\/\/www.fcbarcelonanoticias.com\/en\/"},{"@type":"ListItem","position":2,"name":"The big opportunity of a young promise of The Masia"}]},{"@type":"WebSite","@id":"https:\/\/www.fcbarcelonanoticias.com\/en\/#website","url":"https:\/\/www.fcbarcelonanoticias.com\/en\/","name":"EN - FC Barcelona Noticias","description":"","potentialAction":[{"@type":"SearchAction","target":{"@type":"EntryPoint","urlTemplate":"https:\/\/www.fcbarcelonanoticias.com\/en\/?s={search_term_string}"},"query-input":{"@type":"PropertyValueSpecification","valueRequired":true,"valueName":"search_term_string"}}],"inLanguage":"en-US"},{"@type":"Person","@id":"https:\/\/www.fcbarcelonanoticias.com\/en\/#\/schema\/person\/25af7b10f6c4cb3bfa35182c810f0d19","name":"user_4050","image":{"@type":"ImageObject","inLanguage":"en-US","@id":"https:\/\/secure.gravatar.com\/avatar\/?s=96&d=mm&r=g","url":"https:\/\/secure.gravatar.com\/avatar\/?s=96&d=mm&r=g","contentUrl":"https:\/\/secure.gravatar.com\/avatar\/?s=96&d=mm&r=g","caption":"user_4050"},"url":"https:\/\/www.fcbarcelonanoticias.com\/en\/user_4050.html"}]}},"_links":{"self":[{"href":"https:\/\/www.fcbarcelonanoticias.com\/en\/wp-json\/wp\/v2\/posts\/15110","targetHints":{"allow":["GET"]}}],"collection":[{"href":"https:\/\/www.fcbarcelonanoticias.com\/en\/wp-json\/wp\/v2\/posts"}],"about":[{"href":"https:\/\/www.fcbarcelonanoticias.com\/en\/wp-json\/wp\/v2\/types\/post"}],"author":[{"embeddable":true,"href":"https:\/\/www.fcbarcelonanoticias.com\/en\/wp-json\/wp\/v2\/users\/394"}],"replies":[{"embeddable":true,"href":"https:\/\/www.fcbarcelonanoticias.com\/en\/wp-json\/wp\/v2\/comments?post=15110"}],"version-history":[{"count":1,"href":"https:\/\/www.fcbarcelonanoticias.com\/en\/wp-json\/wp\/v2\/posts\/15110\/revisions"}],"predecessor-version":[{"id":104199,"href":"https:\/\/www.fcbarcelonanoticias.com\/en\/wp-json\/wp\/v2\/posts\/15110\/revisions\/104199"}],"wp:featuredmedia":[{"embeddable":true,"href":"https:\/\/www.fcbarcelonanoticias.com\/en\/wp-json\/wp\/v2\/media\/15113"}],"wp:attachment":[{"href":"https:\/\/www.fcbarcelonanoticias.com\/en\/wp-json\/wp\/v2\/media?parent=15110"}],"wp:term":[{"taxonomy":"category","embeddable":true,"href":"https:\/\/www.fcbarcelonanoticias.com\/en\/wp-json\/wp\/v2\/categories?post=15110"},{"taxonomy":"post_tag","embeddable":true,"href":"https:\/\/www.fcbarcelonanoticias.com\/en\/wp-json\/wp\/v2\/tags?post=15110"}],"curies":[{"name":"wp","href":"https:\/\/api.w.org\/{rel}","templated":true}]}}