{"id":15345,"date":"2022-01-16T00:47:00","date_gmt":"2022-01-15T23:47:00","guid":{"rendered":"https:\/\/weisetech.dev\/fc-barcelona-noticias\/en\/bombazo-dembele-decides-his-future-and-communicates-it-to-him-to-the-barca_276971_102\/"},"modified":"2022-01-17T08:09:00","modified_gmt":"2022-01-17T07:09:00","slug":"bombazo-dembele-decides-his-future-and-communicates-it-to-him-to-the-barca_276971_102","status":"publish","type":"post","link":"https:\/\/www.fcbarcelonanoticias.com\/en\/fc-barcelona\/bombazo-dembele-decides-his-future-and-communicates-it-to-him-to-the-barca_276971_102.html","title":{"rendered":"URGENT: Demb\u00e9l\u00e9 decides his future and communicates it to Bar\u00e7a!"},"content":{"rendered":"<h2 class=\"wp-block-heading\">Ousmane Demb\u00e9l\u00e9&#8217;s soap opera seems to have come to an end. The French would have made the decision about his future plans and FC Barcelona already knows it<\/h2>  \r\n<div class=\"article-addons\">\r\n    <a href=\"https:\/\/www.fcbarcelonanoticias.com\/en\/calendar-fc-barcelona.html\"\r\n       target=\"_self\"\r\n       title=\"Calendar of FC Barcelona\"\r\n       class=\"blue-gredient-btn\">\r\n       \r\n        Calendar of FC Barcelona    <\/a>\r\n<\/div>   <p><strong>The &#8216;Demb\u00e9l\u00e9 case&#8217; could have its final sentence.<\/strong> As reported by the journalist Gerard Romero in the early hours of this Sunday, the French attacker has communicated to <a data-external=\"0\" data-intl-links-en=\"https:\/\/www.fcbarcelonanoticias.com\/en\/fc-barcelona\" data-intl-links-es=\"https:\/\/www.fcbarcelonanoticias.com\/fc-barcelona\" href=\"https:\/\/www.fcbarcelonanoticias.com\/en\/football-soccer\/fc-barcelona.html\" rel=\"follow\" target=\"_self\" title=\"FC Barcelona\">FC Barcelona<\/a> what his decision is for the future. From the Camp Nou they were pressuring him to decide if he was going to renew his contract, which expires on June 30, or if he was going to change the scene.<strong> &#8216;Dembouz&#8217; has decided that he will not extend his stay at Camp Nou and that he will leave as a free agent on July 1.<\/strong><\/p>  <p>Thus, the Frenchman will spend the last six months in the Bar\u00e7a team and it seems that there is no going back in his decision, which Bar\u00e7a expected. Romero has informed, through his Twitter account, that: <strong>&#8220;Dembele communicates to Bar\u00e7a that he is not going to renew with Bar\u00e7a&#8217;s conditions. He does not want to leave in January, but for free on June 30. He considers that he is a world top figure and he must be paid as such. Unaffordable figures for Bar\u00e7a&#8221;.<\/strong><\/p>  <p>Demb\u00e9l\u00e9, according to him, was asking for a millionaire salary, which amounted to a total figure of 2<strong>00 million euros for the next five courses (about 40 gross &#8216;kilos&#8217; per season, 20 net).<\/strong> To that, Bar\u00e7a would have to add another 40 &#8216;kilos&#8217; of commissions to renew his agreement, half for him and the other 20 million for his agent.<\/p>  <p>In addition to revealing the economic conditions that Demb\u00e9l\u00e9 puts on the table to extend his stay at the Camp Nou, the journalist Gerard Moreno has explained what, according to the information he handles, Bar\u00e7a&#8217;s action plan will be now that he knows the Frenchman&#8217;s decision to reject the club&#8217;s renewal offer. <strong>He has detailed that the intention of the azulgrana is to act quickly and they will follow three essential steps.<\/strong><\/p>  <p>First, Bar\u00e7a will communicate to the former Dortmund playe<strong>r that they are withdrawing the renewal offer that was on the table.<\/strong> Subsequently, <strong>they will lower the French player&#8217;s exit clause <\/strong>starting this Sunday. Finally, the Bar\u00e7a directors will inform <strong>Demb\u00e9l\u00e9 that he will not play a game with the team led by Xavi Hern\u00e1ndez,<\/strong> despite the fact that the Egarense coach has stated that players with a contract must play.<\/p>  <h3>Demb\u00e9l\u00e9 will not leave in January<\/h3>  <p>Bar\u00e7a&#8217;s intention was that, if he did not renew, they were going to put him on the winter transfer market. For the club, the logical thing is that he leaves for a reduced price this month to leave for free in six months. However, as Gerard Romero has published, <strong>Demb\u00e9l\u00e9 has no intention of leaving during this month of January<\/strong> and will wait until June.<\/p>  <p>In Demb\u00e9l\u00e9&#8217;s environment they hope to receive a millionaire offer that is close to or accommodates his demands. Before, P<strong>aris Saint-Germain, Newcastle, Manchester United or Juventus had sounded like his&nbsp;possible destinations.<\/strong> The only sure thing is that any operation will be carried out with the month of July in mind, ahead of the 2022-2023 season. Blow for Bar\u00e7a.<\/p> ","protected":false},"excerpt":{"rendered":"<p>Ousmane Demb\u00e9l\u00e9&#8217;s soap opera seems to have come to an end. The French would have made the decision about his future plans and FC Barcelona already knows it The &#8216;Demb\u00e9l\u00e9 case&#8217; could have its final sentence. As reported by the journalist Gerard Romero in the early hours of this Sunday, the French attacker has communicated [&hellip;]<\/p>\n","protected":false},"author":352,"featured_media":15349,"comment_status":"closed","ping_status":"open","sticky":false,"template":"","format":"standard","meta":{"_acf_changed":false,"inline_featured_image":false,"_nextfly_llmd_date_locked":false,"footnotes":""},"categories":[111],"tags":[146],"class_list":["post-15345","post","type-post","status-publish","format-standard","has-post-thumbnail","hentry","category-fc-barcelona","tag-dembele"],"acf":[],"yoast_head":"<!-- This site is optimized with the Yoast SEO plugin v27.3 - https:\/\/yoast.com\/product\/yoast-seo-wordpress\/ -->\n<title>BOMBAZO: Demb\u00e9l\u00e9 Decides his future and communicates it to him to the Bar\u00e7a!<\/title>\n<meta name=\"description\" content=\"The &#039;serial&#039; of Ousmane Demb\u00e9l\u00e9 seems to have arrived to his final. The French would have taken the decis\u00f3n on his plans to future and already the FC Barcelona knows it\" \/>\n<meta name=\"robots\" content=\"index, follow, max-snippet:-1, max-image-preview:large, max-video-preview:-1\" \/>\n<link rel=\"canonical\" href=\"https:\/\/www.fcbarcelonanoticias.com\/en\/fc-barcelona\/bombazo-dembele-decides-his-future-and-communicates-it-to-him-to-the-barca_276971_102.html\" \/>\n<meta property=\"og:locale\" content=\"en_US\" \/>\n<meta property=\"og:type\" content=\"article\" \/>\n<meta property=\"og:title\" content=\"BOMBAZO: Demb\u00e9l\u00e9 Decides his future and communicates it to him to the Bar\u00e7a!\" \/>\n<meta property=\"og:description\" content=\"The &#039;serial&#039; of Ousmane Demb\u00e9l\u00e9 seems to have arrived to his final. The French would have taken the decis\u00f3n on his plans to future and already the FC Barcelona knows it\" \/>\n<meta property=\"og:url\" content=\"https:\/\/www.fcbarcelonanoticias.com\/en\/fc-barcelona\/bombazo-dembele-decides-his-future-and-communicates-it-to-him-to-the-barca_276971_102.html\" \/>\n<meta property=\"og:site_name\" content=\"EN - FC Barcelona Noticias\" \/>\n<meta property=\"article:published_time\" content=\"2022-01-15T23:47:00+00:00\" \/>\n<meta property=\"article:modified_time\" content=\"2022-01-17T07:09:00+00:00\" \/>\n<meta property=\"og:image\" content=\"https:\/\/www.fcbarcelonanoticias.com\/en\/wp-content\/uploads\/sites\/2\/2022\/01\/fbl-esp-liga-barcelona-eclhe-2-1-2.jpeg\" \/>\n\t<meta property=\"og:image:width\" content=\"1200\" \/>\n\t<meta property=\"og:image:height\" content=\"720\" \/>\n\t<meta property=\"og:image:type\" content=\"image\/jpeg\" \/>\n<meta name=\"author\" content=\"Paola Guevara\" \/>\n<meta name=\"twitter:card\" content=\"summary_large_image\" \/>\n<meta name=\"twitter:label1\" content=\"Written by\" \/>\n\t<meta name=\"twitter:data1\" content=\"Paola Guevara\" \/>\n\t<meta name=\"twitter:label2\" content=\"Est. reading time\" \/>\n\t<meta name=\"twitter:data2\" content=\"3 minutes\" \/>\n<script type=\"application\/ld+json\" class=\"yoast-schema-graph\">{\"@context\":\"https:\\\/\\\/schema.org\",\"@graph\":[{\"@type\":\"Article\",\"@id\":\"https:\\\/\\\/www.fcbarcelonanoticias.com\\\/en\\\/fc-barcelona\\\/bombazo-dembele-decides-his-future-and-communicates-it-to-him-to-the-barca_276971_102.html#article\",\"isPartOf\":{\"@id\":\"https:\\\/\\\/www.fcbarcelonanoticias.com\\\/en\\\/fc-barcelona\\\/bombazo-dembele-decides-his-future-and-communicates-it-to-him-to-the-barca_276971_102.html\"},\"author\":{\"name\":\"Paola Guevara\",\"@id\":\"https:\\\/\\\/www.fcbarcelonanoticias.com\\\/en\\\/#\\\/schema\\\/person\\\/3b408513ee236e64c3043ec901f019ee\"},\"headline\":\"URGENT: Demb\u00e9l\u00e9 decides his future and communicates it to Bar\u00e7a!\",\"datePublished\":\"2022-01-15T23:47:00+00:00\",\"dateModified\":\"2022-01-17T07:09:00+00:00\",\"mainEntityOfPage\":{\"@id\":\"https:\\\/\\\/www.fcbarcelonanoticias.com\\\/en\\\/fc-barcelona\\\/bombazo-dembele-decides-his-future-and-communicates-it-to-him-to-the-barca_276971_102.html\"},\"wordCount\":571,\"image\":{\"@id\":\"https:\\\/\\\/www.fcbarcelonanoticias.com\\\/en\\\/fc-barcelona\\\/bombazo-dembele-decides-his-future-and-communicates-it-to-him-to-the-barca_276971_102.html#primaryimage\"},\"thumbnailUrl\":\"https:\\\/\\\/www.fcbarcelonanoticias.com\\\/en\\\/wp-content\\\/uploads\\\/sites\\\/2\\\/2022\\\/01\\\/fbl-esp-liga-barcelona-eclhe-2-1-2.jpeg\",\"keywords\":[\"Demb\u00e9l\u00e9\"],\"articleSection\":[\"FC Barcelona\"],\"inLanguage\":\"en-US\"},{\"@type\":\"WebPage\",\"@id\":\"https:\\\/\\\/www.fcbarcelonanoticias.com\\\/en\\\/fc-barcelona\\\/bombazo-dembele-decides-his-future-and-communicates-it-to-him-to-the-barca_276971_102.html\",\"url\":\"https:\\\/\\\/www.fcbarcelonanoticias.com\\\/en\\\/fc-barcelona\\\/bombazo-dembele-decides-his-future-and-communicates-it-to-him-to-the-barca_276971_102.html\",\"name\":\"BOMBAZO: Demb\u00e9l\u00e9 Decides his future and communicates it to him to the Bar\u00e7a!\",\"isPartOf\":{\"@id\":\"https:\\\/\\\/www.fcbarcelonanoticias.com\\\/en\\\/#website\"},\"primaryImageOfPage\":{\"@id\":\"https:\\\/\\\/www.fcbarcelonanoticias.com\\\/en\\\/fc-barcelona\\\/bombazo-dembele-decides-his-future-and-communicates-it-to-him-to-the-barca_276971_102.html#primaryimage\"},\"image\":{\"@id\":\"https:\\\/\\\/www.fcbarcelonanoticias.com\\\/en\\\/fc-barcelona\\\/bombazo-dembele-decides-his-future-and-communicates-it-to-him-to-the-barca_276971_102.html#primaryimage\"},\"thumbnailUrl\":\"https:\\\/\\\/www.fcbarcelonanoticias.com\\\/en\\\/wp-content\\\/uploads\\\/sites\\\/2\\\/2022\\\/01\\\/fbl-esp-liga-barcelona-eclhe-2-1-2.jpeg\",\"datePublished\":\"2022-01-15T23:47:00+00:00\",\"dateModified\":\"2022-01-17T07:09:00+00:00\",\"author\":{\"@id\":\"https:\\\/\\\/www.fcbarcelonanoticias.com\\\/en\\\/#\\\/schema\\\/person\\\/3b408513ee236e64c3043ec901f019ee\"},\"description\":\"The 'serial' of Ousmane Demb\u00e9l\u00e9 seems to have arrived to his final. The French would have taken the decis\u00f3n on his plans to future and already the FC Barcelona knows it\",\"breadcrumb\":{\"@id\":\"https:\\\/\\\/www.fcbarcelonanoticias.com\\\/en\\\/fc-barcelona\\\/bombazo-dembele-decides-his-future-and-communicates-it-to-him-to-the-barca_276971_102.html#breadcrumb\"},\"inLanguage\":\"en-US\",\"potentialAction\":[{\"@type\":\"ReadAction\",\"target\":[\"https:\\\/\\\/www.fcbarcelonanoticias.com\\\/en\\\/fc-barcelona\\\/bombazo-dembele-decides-his-future-and-communicates-it-to-him-to-the-barca_276971_102.html\"]}]},{\"@type\":\"ImageObject\",\"inLanguage\":\"en-US\",\"@id\":\"https:\\\/\\\/www.fcbarcelonanoticias.com\\\/en\\\/fc-barcelona\\\/bombazo-dembele-decides-his-future-and-communicates-it-to-him-to-the-barca_276971_102.html#primaryimage\",\"url\":\"https:\\\/\\\/www.fcbarcelonanoticias.com\\\/en\\\/wp-content\\\/uploads\\\/sites\\\/2\\\/2022\\\/01\\\/fbl-esp-liga-barcelona-eclhe-2-1-2.jpeg\",\"contentUrl\":\"https:\\\/\\\/www.fcbarcelonanoticias.com\\\/en\\\/wp-content\\\/uploads\\\/sites\\\/2\\\/2022\\\/01\\\/fbl-esp-liga-barcelona-eclhe-2-1-2.jpeg\",\"width\":1200,\"height\":720},{\"@type\":\"BreadcrumbList\",\"@id\":\"https:\\\/\\\/www.fcbarcelonanoticias.com\\\/en\\\/fc-barcelona\\\/bombazo-dembele-decides-his-future-and-communicates-it-to-him-to-the-barca_276971_102.html#breadcrumb\",\"itemListElement\":[{\"@type\":\"ListItem\",\"position\":1,\"name\":\"Portada\",\"item\":\"https:\\\/\\\/www.fcbarcelonanoticias.com\\\/en\\\/\"},{\"@type\":\"ListItem\",\"position\":2,\"name\":\"URGENT: Demb\u00e9l\u00e9 decides his future and communicates it to Bar\u00e7a!\"}]},{\"@type\":\"WebSite\",\"@id\":\"https:\\\/\\\/www.fcbarcelonanoticias.com\\\/en\\\/#website\",\"url\":\"https:\\\/\\\/www.fcbarcelonanoticias.com\\\/en\\\/\",\"name\":\"EN - FC Barcelona Noticias\",\"description\":\"\",\"potentialAction\":[{\"@type\":\"SearchAction\",\"target\":{\"@type\":\"EntryPoint\",\"urlTemplate\":\"https:\\\/\\\/www.fcbarcelonanoticias.com\\\/en\\\/?s={search_term_string}\"},\"query-input\":{\"@type\":\"PropertyValueSpecification\",\"valueRequired\":true,\"valueName\":\"search_term_string\"}}],\"inLanguage\":\"en-US\"},{\"@type\":\"Person\",\"@id\":\"https:\\\/\\\/www.fcbarcelonanoticias.com\\\/en\\\/#\\\/schema\\\/person\\\/3b408513ee236e64c3043ec901f019ee\",\"name\":\"Paola Guevara\",\"image\":{\"@type\":\"ImageObject\",\"inLanguage\":\"en-US\",\"@id\":\"https:\\\/\\\/secure.gravatar.com\\\/avatar\\\/?s=96&d=mm&r=g\",\"url\":\"https:\\\/\\\/secure.gravatar.com\\\/avatar\\\/?s=96&d=mm&r=g\",\"contentUrl\":\"https:\\\/\\\/secure.gravatar.com\\\/avatar\\\/?s=96&d=mm&r=g\",\"caption\":\"Paola Guevara\"},\"url\":\"https:\\\/\\\/www.fcbarcelonanoticias.com\\\/en\\\/fc-barcelona\\\/paola-guevara_9_115.html\"}]}<\/script>\n<!-- \/ Yoast SEO plugin. -->","yoast_head_json":{"title":"BOMBAZO: Demb\u00e9l\u00e9 Decides his future and communicates it to him to the Bar\u00e7a!","description":"The 'serial' of Ousmane Demb\u00e9l\u00e9 seems to have arrived to his final. The French would have taken the decis\u00f3n on his plans to future and already the FC Barcelona knows it","robots":{"index":"index","follow":"follow","max-snippet":"max-snippet:-1","max-image-preview":"max-image-preview:large","max-video-preview":"max-video-preview:-1"},"canonical":"https:\/\/www.fcbarcelonanoticias.com\/en\/fc-barcelona\/bombazo-dembele-decides-his-future-and-communicates-it-to-him-to-the-barca_276971_102.html","og_locale":"en_US","og_type":"article","og_title":"BOMBAZO: Demb\u00e9l\u00e9 Decides his future and communicates it to him to the Bar\u00e7a!","og_description":"The 'serial' of Ousmane Demb\u00e9l\u00e9 seems to have arrived to his final. The French would have taken the decis\u00f3n on his plans to future and already the FC Barcelona knows it","og_url":"https:\/\/www.fcbarcelonanoticias.com\/en\/fc-barcelona\/bombazo-dembele-decides-his-future-and-communicates-it-to-him-to-the-barca_276971_102.html","og_site_name":"EN - FC Barcelona Noticias","article_published_time":"2022-01-15T23:47:00+00:00","article_modified_time":"2022-01-17T07:09:00+00:00","og_image":[{"width":1200,"height":720,"url":"https:\/\/www.fcbarcelonanoticias.com\/en\/wp-content\/uploads\/sites\/2\/2022\/01\/fbl-esp-liga-barcelona-eclhe-2-1-2.jpeg","type":"image\/jpeg"}],"author":"Paola Guevara","twitter_card":"summary_large_image","twitter_misc":{"Written by":"Paola Guevara","Est. reading time":"3 minutes"},"schema":{"@context":"https:\/\/schema.org","@graph":[{"@type":"Article","@id":"https:\/\/www.fcbarcelonanoticias.com\/en\/fc-barcelona\/bombazo-dembele-decides-his-future-and-communicates-it-to-him-to-the-barca_276971_102.html#article","isPartOf":{"@id":"https:\/\/www.fcbarcelonanoticias.com\/en\/fc-barcelona\/bombazo-dembele-decides-his-future-and-communicates-it-to-him-to-the-barca_276971_102.html"},"author":{"name":"Paola Guevara","@id":"https:\/\/www.fcbarcelonanoticias.com\/en\/#\/schema\/person\/3b408513ee236e64c3043ec901f019ee"},"headline":"URGENT: Demb\u00e9l\u00e9 decides his future and communicates it to Bar\u00e7a!","datePublished":"2022-01-15T23:47:00+00:00","dateModified":"2022-01-17T07:09:00+00:00","mainEntityOfPage":{"@id":"https:\/\/www.fcbarcelonanoticias.com\/en\/fc-barcelona\/bombazo-dembele-decides-his-future-and-communicates-it-to-him-to-the-barca_276971_102.html"},"wordCount":571,"image":{"@id":"https:\/\/www.fcbarcelonanoticias.com\/en\/fc-barcelona\/bombazo-dembele-decides-his-future-and-communicates-it-to-him-to-the-barca_276971_102.html#primaryimage"},"thumbnailUrl":"https:\/\/www.fcbarcelonanoticias.com\/en\/wp-content\/uploads\/sites\/2\/2022\/01\/fbl-esp-liga-barcelona-eclhe-2-1-2.jpeg","keywords":["Demb\u00e9l\u00e9"],"articleSection":["FC Barcelona"],"inLanguage":"en-US"},{"@type":"WebPage","@id":"https:\/\/www.fcbarcelonanoticias.com\/en\/fc-barcelona\/bombazo-dembele-decides-his-future-and-communicates-it-to-him-to-the-barca_276971_102.html","url":"https:\/\/www.fcbarcelonanoticias.com\/en\/fc-barcelona\/bombazo-dembele-decides-his-future-and-communicates-it-to-him-to-the-barca_276971_102.html","name":"BOMBAZO: Demb\u00e9l\u00e9 Decides his future and communicates it to him to the Bar\u00e7a!","isPartOf":{"@id":"https:\/\/www.fcbarcelonanoticias.com\/en\/#website"},"primaryImageOfPage":{"@id":"https:\/\/www.fcbarcelonanoticias.com\/en\/fc-barcelona\/bombazo-dembele-decides-his-future-and-communicates-it-to-him-to-the-barca_276971_102.html#primaryimage"},"image":{"@id":"https:\/\/www.fcbarcelonanoticias.com\/en\/fc-barcelona\/bombazo-dembele-decides-his-future-and-communicates-it-to-him-to-the-barca_276971_102.html#primaryimage"},"thumbnailUrl":"https:\/\/www.fcbarcelonanoticias.com\/en\/wp-content\/uploads\/sites\/2\/2022\/01\/fbl-esp-liga-barcelona-eclhe-2-1-2.jpeg","datePublished":"2022-01-15T23:47:00+00:00","dateModified":"2022-01-17T07:09:00+00:00","author":{"@id":"https:\/\/www.fcbarcelonanoticias.com\/en\/#\/schema\/person\/3b408513ee236e64c3043ec901f019ee"},"description":"The 'serial' of Ousmane Demb\u00e9l\u00e9 seems to have arrived to his final. The French would have taken the decis\u00f3n on his plans to future and already the FC Barcelona knows it","breadcrumb":{"@id":"https:\/\/www.fcbarcelonanoticias.com\/en\/fc-barcelona\/bombazo-dembele-decides-his-future-and-communicates-it-to-him-to-the-barca_276971_102.html#breadcrumb"},"inLanguage":"en-US","potentialAction":[{"@type":"ReadAction","target":["https:\/\/www.fcbarcelonanoticias.com\/en\/fc-barcelona\/bombazo-dembele-decides-his-future-and-communicates-it-to-him-to-the-barca_276971_102.html"]}]},{"@type":"ImageObject","inLanguage":"en-US","@id":"https:\/\/www.fcbarcelonanoticias.com\/en\/fc-barcelona\/bombazo-dembele-decides-his-future-and-communicates-it-to-him-to-the-barca_276971_102.html#primaryimage","url":"https:\/\/www.fcbarcelonanoticias.com\/en\/wp-content\/uploads\/sites\/2\/2022\/01\/fbl-esp-liga-barcelona-eclhe-2-1-2.jpeg","contentUrl":"https:\/\/www.fcbarcelonanoticias.com\/en\/wp-content\/uploads\/sites\/2\/2022\/01\/fbl-esp-liga-barcelona-eclhe-2-1-2.jpeg","width":1200,"height":720},{"@type":"BreadcrumbList","@id":"https:\/\/www.fcbarcelonanoticias.com\/en\/fc-barcelona\/bombazo-dembele-decides-his-future-and-communicates-it-to-him-to-the-barca_276971_102.html#breadcrumb","itemListElement":[{"@type":"ListItem","position":1,"name":"Portada","item":"https:\/\/www.fcbarcelonanoticias.com\/en\/"},{"@type":"ListItem","position":2,"name":"URGENT: Demb\u00e9l\u00e9 decides his future and communicates it to Bar\u00e7a!"}]},{"@type":"WebSite","@id":"https:\/\/www.fcbarcelonanoticias.com\/en\/#website","url":"https:\/\/www.fcbarcelonanoticias.com\/en\/","name":"EN - FC Barcelona Noticias","description":"","potentialAction":[{"@type":"SearchAction","target":{"@type":"EntryPoint","urlTemplate":"https:\/\/www.fcbarcelonanoticias.com\/en\/?s={search_term_string}"},"query-input":{"@type":"PropertyValueSpecification","valueRequired":true,"valueName":"search_term_string"}}],"inLanguage":"en-US"},{"@type":"Person","@id":"https:\/\/www.fcbarcelonanoticias.com\/en\/#\/schema\/person\/3b408513ee236e64c3043ec901f019ee","name":"Paola Guevara","image":{"@type":"ImageObject","inLanguage":"en-US","@id":"https:\/\/secure.gravatar.com\/avatar\/?s=96&d=mm&r=g","url":"https:\/\/secure.gravatar.com\/avatar\/?s=96&d=mm&r=g","contentUrl":"https:\/\/secure.gravatar.com\/avatar\/?s=96&d=mm&r=g","caption":"Paola Guevara"},"url":"https:\/\/www.fcbarcelonanoticias.com\/en\/fc-barcelona\/paola-guevara_9_115.html"}]}},"_links":{"self":[{"href":"https:\/\/www.fcbarcelonanoticias.com\/en\/wp-json\/wp\/v2\/posts\/15345","targetHints":{"allow":["GET"]}}],"collection":[{"href":"https:\/\/www.fcbarcelonanoticias.com\/en\/wp-json\/wp\/v2\/posts"}],"about":[{"href":"https:\/\/www.fcbarcelonanoticias.com\/en\/wp-json\/wp\/v2\/types\/post"}],"author":[{"embeddable":true,"href":"https:\/\/www.fcbarcelonanoticias.com\/en\/wp-json\/wp\/v2\/users\/352"}],"replies":[{"embeddable":true,"href":"https:\/\/www.fcbarcelonanoticias.com\/en\/wp-json\/wp\/v2\/comments?post=15345"}],"version-history":[{"count":1,"href":"https:\/\/www.fcbarcelonanoticias.com\/en\/wp-json\/wp\/v2\/posts\/15345\/revisions"}],"predecessor-version":[{"id":15346,"href":"https:\/\/www.fcbarcelonanoticias.com\/en\/wp-json\/wp\/v2\/posts\/15345\/revisions\/15346"}],"wp:featuredmedia":[{"embeddable":true,"href":"https:\/\/www.fcbarcelonanoticias.com\/en\/wp-json\/wp\/v2\/media\/15349"}],"wp:attachment":[{"href":"https:\/\/www.fcbarcelonanoticias.com\/en\/wp-json\/wp\/v2\/media?parent=15345"}],"wp:term":[{"taxonomy":"category","embeddable":true,"href":"https:\/\/www.fcbarcelonanoticias.com\/en\/wp-json\/wp\/v2\/categories?post=15345"},{"taxonomy":"post_tag","embeddable":true,"href":"https:\/\/www.fcbarcelonanoticias.com\/en\/wp-json\/wp\/v2\/tags?post=15345"}],"curies":[{"name":"wp","href":"https:\/\/api.w.org\/{rel}","templated":true}]}}