{"id":15570,"date":"2024-08-24T17:43:00","date_gmt":"2024-08-24T15:43:00","guid":{"rendered":"https:\/\/weisetech.dev\/fc-barcelona-noticias\/en\/breaking-news-dani-olmo-will-not-be-able-to-play-against-athletic-club_306743_102\/"},"modified":"2024-08-24T20:59:00","modified_gmt":"2024-08-24T18:59:00","slug":"breaking-news-dani-olmo-will-not-be-able-to-play-against-athletic-club_306743_102","status":"publish","type":"post","link":"https:\/\/www.fcbarcelonanoticias.com\/en\/fc-barcelona\/breaking-news-dani-olmo-will-not-be-able-to-play-against-athletic-club_306743_102.html","title":{"rendered":"BREAKING NEWS: Dani Olmo will not be able to play against Athletic Club"},"content":{"rendered":"<h2 class=\"wp-block-heading\">Finally, Dani Olmo will not be able to make his debut this Saturday in the match against Athletic Club. Although the player was included in Hansi Flick&#8217;s squad, FC Barcelona has not been able to register him for LaLiga in time<\/h2>  \r\n<div class=\"article-addons\">\r\n    <a href=\"https:\/\/www.fcbarcelonanoticias.com\/en\/calendar-fc-barcelona.html\"\r\n       target=\"_self\"\r\n       title=\"Calendar of FC Barcelona\"\r\n       class=\"blue-gredient-btn\">\r\n       \r\n        Calendar of FC Barcelona    <\/a>\r\n<\/div>   <p><strong>Dani Olmo&#8217;s presence for this Saturday&#8217;s match was up in the air until the last minute, but in the end FC Barcelona has not been able to close any of the planned routes for his registration in LaLiga<\/strong>. RAC1 announced it, citing sources from the club, confirming that the player will not be able to debut this afternoon as expected. The player from Egar was included in Hansi Flick&#8217;s squad hoping that Bar\u00e7a could register him, however, this has not been possible.<\/p>  <p>* WE WILL PROVIDE MORE INFORMATION SOON<\/p> ","protected":false},"excerpt":{"rendered":"<p>Finally, Dani Olmo will not be able to make his debut this Saturday in the match against Athletic Club. Although the player was included in Hansi Flick&#8217;s squad, FC Barcelona has not been able to register him for LaLiga in time Dani Olmo&#8217;s presence for this Saturday&#8217;s match was up in the air until the [&hellip;]<\/p>\n","protected":false},"author":351,"featured_media":15571,"comment_status":"closed","ping_status":"open","sticky":false,"template":"","format":"standard","meta":{"_acf_changed":false,"inline_featured_image":false,"_nextfly_llmd_date_locked":false,"footnotes":""},"categories":[111],"tags":[81],"class_list":["post-15570","post","type-post","status-publish","format-standard","has-post-thumbnail","hentry","category-fc-barcelona","tag-athletic-de-bilbao"],"acf":[],"yoast_head":"<!-- This site is optimized with the Yoast SEO plugin v27.3 - https:\/\/yoast.com\/product\/yoast-seo-wordpress\/ -->\n<title>BREAKING NEWS: Dani Olmo will not be able to play against Athletic Club<\/title>\n<meta name=\"description\" content=\"Finally, Dani Olmo will not be able to make his debut this Saturday in the match against Athletic Club. Although the player was included in Hansi Flick&#039;s squad, FC Barcelona has not been able to register him for LaLiga in time\" \/>\n<meta name=\"robots\" content=\"index, follow, max-snippet:-1, max-image-preview:large, max-video-preview:-1\" \/>\n<link rel=\"canonical\" href=\"https:\/\/www.fcbarcelonanoticias.com\/en\/fc-barcelona\/breaking-news-dani-olmo-will-not-be-able-to-play-against-athletic-club_306743_102.html\" \/>\n<meta property=\"og:locale\" content=\"en_US\" \/>\n<meta property=\"og:type\" content=\"article\" \/>\n<meta property=\"og:title\" content=\"BREAKING NEWS: Dani Olmo will not be able to play against Athletic Club\" \/>\n<meta property=\"og:description\" content=\"Finally, Dani Olmo will not be able to make his debut this Saturday in the match against Athletic Club. Although the player was included in Hansi Flick&#039;s squad, FC Barcelona has not been able to register him for LaLiga in time\" \/>\n<meta property=\"og:url\" content=\"https:\/\/www.fcbarcelonanoticias.com\/en\/fc-barcelona\/breaking-news-dani-olmo-will-not-be-able-to-play-against-athletic-club_306743_102.html\" \/>\n<meta property=\"og:site_name\" content=\"EN - FC Barcelona Noticias\" \/>\n<meta property=\"article:published_time\" content=\"2024-08-24T15:43:00+00:00\" \/>\n<meta property=\"article:modified_time\" content=\"2024-08-24T18:59:00+00:00\" \/>\n<meta property=\"og:image\" content=\"https:\/\/www.fcbarcelonanoticias.com\/en\/wp-content\/uploads\/sites\/2\/2024\/08\/dani-olmo-en-su-presentacion-como-jugador-del-fc-barcelona-en-el-trofeo-joan-gamper-2024-25.png\" \/>\n\t<meta property=\"og:image:width\" content=\"1300\" \/>\n\t<meta property=\"og:image:height\" content=\"732\" \/>\n\t<meta property=\"og:image:type\" content=\"image\/png\" \/>\n<meta name=\"author\" content=\"David Jim\u00e9nez\" \/>\n<meta name=\"twitter:card\" content=\"summary_large_image\" \/>\n<meta name=\"twitter:label1\" content=\"Written by\" \/>\n\t<meta name=\"twitter:data1\" content=\"David Jim\u00e9nez\" \/>\n\t<meta name=\"twitter:label2\" content=\"Est. reading time\" \/>\n\t<meta name=\"twitter:data2\" content=\"1 minute\" \/>\n<script type=\"application\/ld+json\" class=\"yoast-schema-graph\">{\"@context\":\"https:\\\/\\\/schema.org\",\"@graph\":[{\"@type\":\"Article\",\"@id\":\"https:\\\/\\\/www.fcbarcelonanoticias.com\\\/en\\\/fc-barcelona\\\/breaking-news-dani-olmo-will-not-be-able-to-play-against-athletic-club_306743_102.html#article\",\"isPartOf\":{\"@id\":\"https:\\\/\\\/www.fcbarcelonanoticias.com\\\/en\\\/fc-barcelona\\\/breaking-news-dani-olmo-will-not-be-able-to-play-against-athletic-club_306743_102.html\"},\"author\":{\"name\":\"David Jim\u00e9nez\",\"@id\":\"https:\\\/\\\/www.fcbarcelonanoticias.com\\\/en\\\/#\\\/schema\\\/person\\\/ba19d9de61d41107240dd68c56521ef5\"},\"headline\":\"BREAKING NEWS: Dani Olmo will not be able to play against Athletic Club\",\"datePublished\":\"2024-08-24T15:43:00+00:00\",\"dateModified\":\"2024-08-24T18:59:00+00:00\",\"mainEntityOfPage\":{\"@id\":\"https:\\\/\\\/www.fcbarcelonanoticias.com\\\/en\\\/fc-barcelona\\\/breaking-news-dani-olmo-will-not-be-able-to-play-against-athletic-club_306743_102.html\"},\"wordCount\":147,\"image\":{\"@id\":\"https:\\\/\\\/www.fcbarcelonanoticias.com\\\/en\\\/fc-barcelona\\\/breaking-news-dani-olmo-will-not-be-able-to-play-against-athletic-club_306743_102.html#primaryimage\"},\"thumbnailUrl\":\"https:\\\/\\\/www.fcbarcelonanoticias.com\\\/en\\\/wp-content\\\/uploads\\\/sites\\\/2\\\/2024\\\/08\\\/dani-olmo-en-su-presentacion-como-jugador-del-fc-barcelona-en-el-trofeo-joan-gamper-2024-25.png\",\"keywords\":[\"Athletic de Bilbao\"],\"articleSection\":[\"FC Barcelona\"],\"inLanguage\":\"en-US\"},{\"@type\":\"WebPage\",\"@id\":\"https:\\\/\\\/www.fcbarcelonanoticias.com\\\/en\\\/fc-barcelona\\\/breaking-news-dani-olmo-will-not-be-able-to-play-against-athletic-club_306743_102.html\",\"url\":\"https:\\\/\\\/www.fcbarcelonanoticias.com\\\/en\\\/fc-barcelona\\\/breaking-news-dani-olmo-will-not-be-able-to-play-against-athletic-club_306743_102.html\",\"name\":\"BREAKING NEWS: Dani Olmo will not be able to play against Athletic Club\",\"isPartOf\":{\"@id\":\"https:\\\/\\\/www.fcbarcelonanoticias.com\\\/en\\\/#website\"},\"primaryImageOfPage\":{\"@id\":\"https:\\\/\\\/www.fcbarcelonanoticias.com\\\/en\\\/fc-barcelona\\\/breaking-news-dani-olmo-will-not-be-able-to-play-against-athletic-club_306743_102.html#primaryimage\"},\"image\":{\"@id\":\"https:\\\/\\\/www.fcbarcelonanoticias.com\\\/en\\\/fc-barcelona\\\/breaking-news-dani-olmo-will-not-be-able-to-play-against-athletic-club_306743_102.html#primaryimage\"},\"thumbnailUrl\":\"https:\\\/\\\/www.fcbarcelonanoticias.com\\\/en\\\/wp-content\\\/uploads\\\/sites\\\/2\\\/2024\\\/08\\\/dani-olmo-en-su-presentacion-como-jugador-del-fc-barcelona-en-el-trofeo-joan-gamper-2024-25.png\",\"datePublished\":\"2024-08-24T15:43:00+00:00\",\"dateModified\":\"2024-08-24T18:59:00+00:00\",\"author\":{\"@id\":\"https:\\\/\\\/www.fcbarcelonanoticias.com\\\/en\\\/#\\\/schema\\\/person\\\/ba19d9de61d41107240dd68c56521ef5\"},\"description\":\"Finally, Dani Olmo will not be able to make his debut this Saturday in the match against Athletic Club. Although the player was included in Hansi Flick's squad, FC Barcelona has not been able to register him for LaLiga in time\",\"breadcrumb\":{\"@id\":\"https:\\\/\\\/www.fcbarcelonanoticias.com\\\/en\\\/fc-barcelona\\\/breaking-news-dani-olmo-will-not-be-able-to-play-against-athletic-club_306743_102.html#breadcrumb\"},\"inLanguage\":\"en-US\",\"potentialAction\":[{\"@type\":\"ReadAction\",\"target\":[\"https:\\\/\\\/www.fcbarcelonanoticias.com\\\/en\\\/fc-barcelona\\\/breaking-news-dani-olmo-will-not-be-able-to-play-against-athletic-club_306743_102.html\"]}]},{\"@type\":\"ImageObject\",\"inLanguage\":\"en-US\",\"@id\":\"https:\\\/\\\/www.fcbarcelonanoticias.com\\\/en\\\/fc-barcelona\\\/breaking-news-dani-olmo-will-not-be-able-to-play-against-athletic-club_306743_102.html#primaryimage\",\"url\":\"https:\\\/\\\/www.fcbarcelonanoticias.com\\\/en\\\/wp-content\\\/uploads\\\/sites\\\/2\\\/2024\\\/08\\\/dani-olmo-en-su-presentacion-como-jugador-del-fc-barcelona-en-el-trofeo-joan-gamper-2024-25.png\",\"contentUrl\":\"https:\\\/\\\/www.fcbarcelonanoticias.com\\\/en\\\/wp-content\\\/uploads\\\/sites\\\/2\\\/2024\\\/08\\\/dani-olmo-en-su-presentacion-como-jugador-del-fc-barcelona-en-el-trofeo-joan-gamper-2024-25.png\",\"width\":1300,\"height\":732},{\"@type\":\"BreadcrumbList\",\"@id\":\"https:\\\/\\\/www.fcbarcelonanoticias.com\\\/en\\\/fc-barcelona\\\/breaking-news-dani-olmo-will-not-be-able-to-play-against-athletic-club_306743_102.html#breadcrumb\",\"itemListElement\":[{\"@type\":\"ListItem\",\"position\":1,\"name\":\"Portada\",\"item\":\"https:\\\/\\\/www.fcbarcelonanoticias.com\\\/en\\\/\"},{\"@type\":\"ListItem\",\"position\":2,\"name\":\"BREAKING NEWS: Dani Olmo will not be able to play against Athletic Club\"}]},{\"@type\":\"WebSite\",\"@id\":\"https:\\\/\\\/www.fcbarcelonanoticias.com\\\/en\\\/#website\",\"url\":\"https:\\\/\\\/www.fcbarcelonanoticias.com\\\/en\\\/\",\"name\":\"EN - FC Barcelona Noticias\",\"description\":\"\",\"potentialAction\":[{\"@type\":\"SearchAction\",\"target\":{\"@type\":\"EntryPoint\",\"urlTemplate\":\"https:\\\/\\\/www.fcbarcelonanoticias.com\\\/en\\\/?s={search_term_string}\"},\"query-input\":{\"@type\":\"PropertyValueSpecification\",\"valueRequired\":true,\"valueName\":\"search_term_string\"}}],\"inLanguage\":\"en-US\"},{\"@type\":\"Person\",\"@id\":\"https:\\\/\\\/www.fcbarcelonanoticias.com\\\/en\\\/#\\\/schema\\\/person\\\/ba19d9de61d41107240dd68c56521ef5\",\"name\":\"David Jim\u00e9nez\",\"image\":{\"@type\":\"ImageObject\",\"inLanguage\":\"en-US\",\"@id\":\"https:\\\/\\\/secure.gravatar.com\\\/avatar\\\/?s=96&d=mm&r=g\",\"url\":\"https:\\\/\\\/secure.gravatar.com\\\/avatar\\\/?s=96&d=mm&r=g\",\"contentUrl\":\"https:\\\/\\\/secure.gravatar.com\\\/avatar\\\/?s=96&d=mm&r=g\",\"caption\":\"David Jim\u00e9nez\"},\"description\":\"Responsable editorial en FC Barcelona Noticias (FCBN).\u00a0Especializado en la actualidad del F\u00fatbol Club Barcelona: partidos, fichajes, an\u00e1lisis t\u00e1ctico y competiciones oficiales. Coordina coberturas, edici\u00f3n y est\u00e1ndares editoriales para garantizar rigor, contexto y verificaci\u00f3n de datos en todos los contenidos. Con gran experiencia en el ecosistema\u00a0digital deportivo, medios de comunicaci\u00f3n\u00a0y gesti\u00f3n de audiencias. Impulsa piezas explicativas, gu\u00edas pr\u00e1cticas y contenidos innovadores de servicio al lector, priorizando fuentes oficiales (F\u00fatbol Club Barcelona, LaLiga, UEFA, RFEF) y contrastes m\u00faltiples. Transparencia editorial: trabajamos conforme a nuestra Pol\u00edtica Editorial y Pol\u00edtica de Correcciones. M\u00e1s informaci\u00f3n sobre el medio en Qui\u00e9nes somos.\",\"url\":\"https:\\\/\\\/www.fcbarcelonanoticias.com\\\/en\\\/fc-barcelona\\\/david-jimenez_7_115.html\"}]}<\/script>\n<!-- \/ Yoast SEO plugin. -->","yoast_head_json":{"title":"BREAKING NEWS: Dani Olmo will not be able to play against Athletic Club","description":"Finally, Dani Olmo will not be able to make his debut this Saturday in the match against Athletic Club. Although the player was included in Hansi Flick's squad, FC Barcelona has not been able to register him for LaLiga in time","robots":{"index":"index","follow":"follow","max-snippet":"max-snippet:-1","max-image-preview":"max-image-preview:large","max-video-preview":"max-video-preview:-1"},"canonical":"https:\/\/www.fcbarcelonanoticias.com\/en\/fc-barcelona\/breaking-news-dani-olmo-will-not-be-able-to-play-against-athletic-club_306743_102.html","og_locale":"en_US","og_type":"article","og_title":"BREAKING NEWS: Dani Olmo will not be able to play against Athletic Club","og_description":"Finally, Dani Olmo will not be able to make his debut this Saturday in the match against Athletic Club. Although the player was included in Hansi Flick's squad, FC Barcelona has not been able to register him for LaLiga in time","og_url":"https:\/\/www.fcbarcelonanoticias.com\/en\/fc-barcelona\/breaking-news-dani-olmo-will-not-be-able-to-play-against-athletic-club_306743_102.html","og_site_name":"EN - FC Barcelona Noticias","article_published_time":"2024-08-24T15:43:00+00:00","article_modified_time":"2024-08-24T18:59:00+00:00","og_image":[{"width":1300,"height":732,"url":"https:\/\/www.fcbarcelonanoticias.com\/en\/wp-content\/uploads\/sites\/2\/2024\/08\/dani-olmo-en-su-presentacion-como-jugador-del-fc-barcelona-en-el-trofeo-joan-gamper-2024-25.png","type":"image\/png"}],"author":"David Jim\u00e9nez","twitter_card":"summary_large_image","twitter_misc":{"Written by":"David Jim\u00e9nez","Est. reading time":"1 minute"},"schema":{"@context":"https:\/\/schema.org","@graph":[{"@type":"Article","@id":"https:\/\/www.fcbarcelonanoticias.com\/en\/fc-barcelona\/breaking-news-dani-olmo-will-not-be-able-to-play-against-athletic-club_306743_102.html#article","isPartOf":{"@id":"https:\/\/www.fcbarcelonanoticias.com\/en\/fc-barcelona\/breaking-news-dani-olmo-will-not-be-able-to-play-against-athletic-club_306743_102.html"},"author":{"name":"David Jim\u00e9nez","@id":"https:\/\/www.fcbarcelonanoticias.com\/en\/#\/schema\/person\/ba19d9de61d41107240dd68c56521ef5"},"headline":"BREAKING NEWS: Dani Olmo will not be able to play against Athletic Club","datePublished":"2024-08-24T15:43:00+00:00","dateModified":"2024-08-24T18:59:00+00:00","mainEntityOfPage":{"@id":"https:\/\/www.fcbarcelonanoticias.com\/en\/fc-barcelona\/breaking-news-dani-olmo-will-not-be-able-to-play-against-athletic-club_306743_102.html"},"wordCount":147,"image":{"@id":"https:\/\/www.fcbarcelonanoticias.com\/en\/fc-barcelona\/breaking-news-dani-olmo-will-not-be-able-to-play-against-athletic-club_306743_102.html#primaryimage"},"thumbnailUrl":"https:\/\/www.fcbarcelonanoticias.com\/en\/wp-content\/uploads\/sites\/2\/2024\/08\/dani-olmo-en-su-presentacion-como-jugador-del-fc-barcelona-en-el-trofeo-joan-gamper-2024-25.png","keywords":["Athletic de Bilbao"],"articleSection":["FC Barcelona"],"inLanguage":"en-US"},{"@type":"WebPage","@id":"https:\/\/www.fcbarcelonanoticias.com\/en\/fc-barcelona\/breaking-news-dani-olmo-will-not-be-able-to-play-against-athletic-club_306743_102.html","url":"https:\/\/www.fcbarcelonanoticias.com\/en\/fc-barcelona\/breaking-news-dani-olmo-will-not-be-able-to-play-against-athletic-club_306743_102.html","name":"BREAKING NEWS: Dani Olmo will not be able to play against Athletic Club","isPartOf":{"@id":"https:\/\/www.fcbarcelonanoticias.com\/en\/#website"},"primaryImageOfPage":{"@id":"https:\/\/www.fcbarcelonanoticias.com\/en\/fc-barcelona\/breaking-news-dani-olmo-will-not-be-able-to-play-against-athletic-club_306743_102.html#primaryimage"},"image":{"@id":"https:\/\/www.fcbarcelonanoticias.com\/en\/fc-barcelona\/breaking-news-dani-olmo-will-not-be-able-to-play-against-athletic-club_306743_102.html#primaryimage"},"thumbnailUrl":"https:\/\/www.fcbarcelonanoticias.com\/en\/wp-content\/uploads\/sites\/2\/2024\/08\/dani-olmo-en-su-presentacion-como-jugador-del-fc-barcelona-en-el-trofeo-joan-gamper-2024-25.png","datePublished":"2024-08-24T15:43:00+00:00","dateModified":"2024-08-24T18:59:00+00:00","author":{"@id":"https:\/\/www.fcbarcelonanoticias.com\/en\/#\/schema\/person\/ba19d9de61d41107240dd68c56521ef5"},"description":"Finally, Dani Olmo will not be able to make his debut this Saturday in the match against Athletic Club. Although the player was included in Hansi Flick's squad, FC Barcelona has not been able to register him for LaLiga in time","breadcrumb":{"@id":"https:\/\/www.fcbarcelonanoticias.com\/en\/fc-barcelona\/breaking-news-dani-olmo-will-not-be-able-to-play-against-athletic-club_306743_102.html#breadcrumb"},"inLanguage":"en-US","potentialAction":[{"@type":"ReadAction","target":["https:\/\/www.fcbarcelonanoticias.com\/en\/fc-barcelona\/breaking-news-dani-olmo-will-not-be-able-to-play-against-athletic-club_306743_102.html"]}]},{"@type":"ImageObject","inLanguage":"en-US","@id":"https:\/\/www.fcbarcelonanoticias.com\/en\/fc-barcelona\/breaking-news-dani-olmo-will-not-be-able-to-play-against-athletic-club_306743_102.html#primaryimage","url":"https:\/\/www.fcbarcelonanoticias.com\/en\/wp-content\/uploads\/sites\/2\/2024\/08\/dani-olmo-en-su-presentacion-como-jugador-del-fc-barcelona-en-el-trofeo-joan-gamper-2024-25.png","contentUrl":"https:\/\/www.fcbarcelonanoticias.com\/en\/wp-content\/uploads\/sites\/2\/2024\/08\/dani-olmo-en-su-presentacion-como-jugador-del-fc-barcelona-en-el-trofeo-joan-gamper-2024-25.png","width":1300,"height":732},{"@type":"BreadcrumbList","@id":"https:\/\/www.fcbarcelonanoticias.com\/en\/fc-barcelona\/breaking-news-dani-olmo-will-not-be-able-to-play-against-athletic-club_306743_102.html#breadcrumb","itemListElement":[{"@type":"ListItem","position":1,"name":"Portada","item":"https:\/\/www.fcbarcelonanoticias.com\/en\/"},{"@type":"ListItem","position":2,"name":"BREAKING NEWS: Dani Olmo will not be able to play against Athletic Club"}]},{"@type":"WebSite","@id":"https:\/\/www.fcbarcelonanoticias.com\/en\/#website","url":"https:\/\/www.fcbarcelonanoticias.com\/en\/","name":"EN - FC Barcelona Noticias","description":"","potentialAction":[{"@type":"SearchAction","target":{"@type":"EntryPoint","urlTemplate":"https:\/\/www.fcbarcelonanoticias.com\/en\/?s={search_term_string}"},"query-input":{"@type":"PropertyValueSpecification","valueRequired":true,"valueName":"search_term_string"}}],"inLanguage":"en-US"},{"@type":"Person","@id":"https:\/\/www.fcbarcelonanoticias.com\/en\/#\/schema\/person\/ba19d9de61d41107240dd68c56521ef5","name":"David Jim\u00e9nez","image":{"@type":"ImageObject","inLanguage":"en-US","@id":"https:\/\/secure.gravatar.com\/avatar\/?s=96&d=mm&r=g","url":"https:\/\/secure.gravatar.com\/avatar\/?s=96&d=mm&r=g","contentUrl":"https:\/\/secure.gravatar.com\/avatar\/?s=96&d=mm&r=g","caption":"David Jim\u00e9nez"},"description":"Responsable editorial en FC Barcelona Noticias (FCBN).\u00a0Especializado en la actualidad del F\u00fatbol Club Barcelona: partidos, fichajes, an\u00e1lisis t\u00e1ctico y competiciones oficiales. Coordina coberturas, edici\u00f3n y est\u00e1ndares editoriales para garantizar rigor, contexto y verificaci\u00f3n de datos en todos los contenidos. Con gran experiencia en el ecosistema\u00a0digital deportivo, medios de comunicaci\u00f3n\u00a0y gesti\u00f3n de audiencias. Impulsa piezas explicativas, gu\u00edas pr\u00e1cticas y contenidos innovadores de servicio al lector, priorizando fuentes oficiales (F\u00fatbol Club Barcelona, LaLiga, UEFA, RFEF) y contrastes m\u00faltiples. Transparencia editorial: trabajamos conforme a nuestra Pol\u00edtica Editorial y Pol\u00edtica de Correcciones. M\u00e1s informaci\u00f3n sobre el medio en Qui\u00e9nes somos.","url":"https:\/\/www.fcbarcelonanoticias.com\/en\/fc-barcelona\/david-jimenez_7_115.html"}]}},"_links":{"self":[{"href":"https:\/\/www.fcbarcelonanoticias.com\/en\/wp-json\/wp\/v2\/posts\/15570","targetHints":{"allow":["GET"]}}],"collection":[{"href":"https:\/\/www.fcbarcelonanoticias.com\/en\/wp-json\/wp\/v2\/posts"}],"about":[{"href":"https:\/\/www.fcbarcelonanoticias.com\/en\/wp-json\/wp\/v2\/types\/post"}],"author":[{"embeddable":true,"href":"https:\/\/www.fcbarcelonanoticias.com\/en\/wp-json\/wp\/v2\/users\/351"}],"replies":[{"embeddable":true,"href":"https:\/\/www.fcbarcelonanoticias.com\/en\/wp-json\/wp\/v2\/comments?post=15570"}],"version-history":[{"count":1,"href":"https:\/\/www.fcbarcelonanoticias.com\/en\/wp-json\/wp\/v2\/posts\/15570\/revisions"}],"predecessor-version":[{"id":15572,"href":"https:\/\/www.fcbarcelonanoticias.com\/en\/wp-json\/wp\/v2\/posts\/15570\/revisions\/15572"}],"wp:featuredmedia":[{"embeddable":true,"href":"https:\/\/www.fcbarcelonanoticias.com\/en\/wp-json\/wp\/v2\/media\/15571"}],"wp:attachment":[{"href":"https:\/\/www.fcbarcelonanoticias.com\/en\/wp-json\/wp\/v2\/media?parent=15570"}],"wp:term":[{"taxonomy":"category","embeddable":true,"href":"https:\/\/www.fcbarcelonanoticias.com\/en\/wp-json\/wp\/v2\/categories?post=15570"},{"taxonomy":"post_tag","embeddable":true,"href":"https:\/\/www.fcbarcelonanoticias.com\/en\/wp-json\/wp\/v2\/tags?post=15570"}],"curies":[{"name":"wp","href":"https:\/\/api.w.org\/{rel}","templated":true}]}}