{"id":15591,"date":"2023-03-05T18:51:00","date_gmt":"2023-03-05T17:51:00","guid":{"rendered":"https:\/\/weisetech.dev\/fc-barcelona-noticias\/en\/busquets-kounde-ansu-barca-valencia_290237_102\/"},"modified":"2023-03-05T18:51:00","modified_gmt":"2023-03-05T17:51:00","slug":"busquets-kounde-ansu-barca-valencia_290237_102","status":"publish","type":"post","link":"https:\/\/www.fcbarcelonanoticias.com\/en\/fc-barcelona\/busquets-kounde-ansu-barca-valencia_290237_102.html","title":{"rendered":"Busquets, Kound\u00e9, Ansu\u2026 1-1 for Bar\u00e7a in the win against Valencia"},"content":{"rendered":"<h2 class=\"wp-block-heading\">El FC Barcelona ha logrado otra importante victoria en LaLiga al vencer al Valencia por la m\u00ednima diferencia. Un gol de Raphinha al minuto 15 ha bastado para obtener tres valiosos puntos<\/h2>  \r\n<div class=\"article-addons\">\r\n    <a href=\"https:\/\/www.fcbarcelonanoticias.com\/en\/calendar-fc-barcelona.html\"\r\n       target=\"_self\"\r\n       title=\"Calendar of FC Barcelona\"\r\n       class=\"blue-gredient-btn\">\r\n       \r\n        Calendar of FC Barcelona    <\/a>\r\n<\/div>   <p>The FC Barcelona has reencontrado with<a data-external=\"0\" data-intl-links-en=\"https:\/\/www.fcbarcelonanoticias.com\/en\/laliga\/barcelona-imposes-difficulties-sum-worked-triumph-valencia-1-0_290231_102.html\" data-intl-links-es=\"https:\/\/www.fcbarcelonanoticias.com\/laliga\/barcelona-se-impone-dificultades-suma-trabajado-triunfo-valencia-1-0_290231_102.html\" href=\"https:\/\/www.fcbarcelonanoticias.com\/en\/laliga\/barcelona-imposes-difficulties-sum-worked-triumph-valencia-1-0_290231_102.html\" rel=\"follow\" target=\"_self\" title=\"El Bar\u00e7a se impone a las dificultades y suma un trabajado triunfo ante el Valencia (1-0)\"> the victory in LaLiga in front of Valencia<\/a>. The hit on the table in the Glass of the King in front of the Real Madrid seems to have promoted to the ones of Xavi Hern\u00e1ndez to go back to the senda winning. With this triumph, <strong>the cul\u00e9s continue with his solid rhythm in the tournament of the regularity<\/strong>, whose title keeps on being the main aim of the season for the Barcelona team.<\/p>  <h4>Marc-Andr\u00e9 Ter Stegen<\/h4>  <p>The guardameta German did not see very demanded in the commitment, although<strong> his presence yes supposed something of risk for the cul\u00e9s after a played with the feet that would give wings to an action of Linen<\/strong> that would start more than a sigh between the present fans in the Spotify Camp Nou.<\/p>  <h4>Jules Kound\u00e9<\/h4>  <p>The French continues doing the times of carrilero by the right side and was key to support to Raphinha in several played offensive. Nevertheless, <strong>one of his errors would take place in the middle of the played in which Ronald Ara\u00fajo would finish being expelled<\/strong> in front of the rushed forward of Hugo Hard that loomed to Ter Stegen.<\/p>  <h4>Ronald Ara\u00fajo<\/h4>  <p>The Uruguayan defender showed again his dowries of leadership in the last line of the field, correcting errors of his mates. But the excess of intensity and sacrifice has played him against in his action on Hugo Hard, what <strong>cost him a red <a data-external=\"0\" data-intl-links-en=\"https:\/\/www.fcbarcelonanoticias.com\/en\/fc-barcelona\/araujo-left-barca-ten-valencia_290236_102.html\" data-intl-links-es=\"https:\/\/www.fcbarcelonanoticias.com\/fc-barcelona\/ronald-araujo-dejo-barca-con-diez-evitar-contra-valencia_290236_102.html\" href=\"https:\/\/www.fcbarcelonanoticias.com\/en\/fc-barcelona\/araujo-left-barca-ten-valencia_290236_102.html\" rel=\"follow\" target=\"_self\" title=\"Ronald Ara\u00fajo dej\u00f3 al Bar\u00e7a con diez para evitar un uno contra uno del Valencia\"> <\/a><a data-external=\"0\" data-intl-links-en=\"https:\/\/www.fcbarcelonanoticias.com\/en\/fc-barcelona\/araujo-left-barca-ten-valencia_290236_102.html\" data-intl-links-es=\"https:\/\/www.fcbarcelonanoticias.com\/fc-barcelona\/ronald-araujo-dejo-barca-con-diez-evitar-contra-valencia_290236_102.html\" href=\"https:\/\/www.fcbarcelonanoticias.com\/en\/fc-barcelona\/araujo-left-barca-ten-valencia_290236_102.html\" rel=\"follow\" target=\"_self\" title=\"Ronald Ara\u00fajo dej\u00f3 al Bar\u00e7a con diez para evitar un uno contra uno del Valencia\"> direct<\/a> that will prevent him be present in Saint Mam\u00e9s<\/strong> for the day 25 in front of the Athletic Club of Bilbao.<\/p>  <h4>Andreas Christensen<\/h4>  <p>After have not been present from the start, to the Danish has not touched him a simple work, <strong>especially when having to cover the sector of Ronald Ara\u00fajo after his expulsion<\/strong> near of the first hour of the commitment. Only some punctual errors at the end would suppose something of risk, but the result would keep<\/p>  <h4>Alejandro Balde<\/h4>  <p>The carrilero left, the one who finally jumped to the field from the start when all seemed to aim to that the m\u00edster would play it to him with Jordi Alba, <strong>had quite movement in his zone, especially in front of the rushed forward of Thierry<\/strong>. By the left side, also has done his contribution in attack in combination with Raphinha.<\/p>  <h4>Sergio Busquets<\/h4>  <p>The hierarchy and the order have done present in the &#8216;room of machines&#8217;. <strong>The captain was the agent of the played that would finish in the so much of Raphinha<\/strong> that would translate in the victory of the Barcelona in front of the team &#8216;che&#8217;. The so much would give oxygen to a Barcelona team that follows missing to several of his key pieces.<\/p>  <h4>Frenkie Of Jong<\/h4>  <p>The Dutch has showed again be a complete player and engaged with the Barcelona cause<strong>. The international with the &#8216;Oranje&#8217; knew to collaborate in several actions out of his zone of the field<\/strong>, as in the case of some defensive works in difficult moments for the Bar\u00e7a during the commitment.<\/p>  <h4>Sergi Roberto<\/h4>  <p>The one of Reus carried several dates without being present from the start of a party. <strong>It did not have a bad performance, but neither carried the leadership in the centre of the field<\/strong>. It transmitted something of tranquility with the team decimated, but no luc\u00eda precise in several played keeping the possession of the ball.<\/p>  <h4>Raphinha<\/h4>  <p>The big figure of the Barcelona in the commitment. <strong>The Brazilian <a data-external=\"0\" data-intl-links-en=\"https:\/\/www.fcbarcelonanoticias.com\/en\/fc-barcelona\/raphinha-decisive-goal-barca-top-scorer_290235_102.html\" data-intl-links-es=\"https:\/\/www.fcbarcelonanoticias.com\/fc-barcelona\/paso-frente-raphinha-gol-decisivo-convertirse-en-2o-maximo-artillero-barca_290235_102.html\" href=\"https:\/\/www.fcbarcelonanoticias.com\/en\/fc-barcelona\/raphinha-decisive-goal-barca-top-scorer_290235_102.html\" rel=\"follow\" target=\"_self\" title=\"\u00a1Paso al frente de Raphinha! Gol decisivo para convertirse en el 2\u00ba m\u00e1ximo artillero del Bar\u00e7a\">has claimed with his target<\/a> after a hit pass of &#8216;Busi&#8217;<\/strong>. After so many doubts on his adaptation to the team of Xavi, the Brazilian seems to give signals to be showing again his best version. Raphinha Has reencontrado with the goal after the party in front of Osasuna.<\/p>  <h4>Ferran Torres<\/h4>  <p>Once again, the Valencian has occupied the position that usually carries the name of the lesionado Robert Lewandowski. <strong>Ferran has showed to be solvent and, to the equal that Raphinha, has come redeeming<\/strong> and justifying the investment that in his moment did the Catalan entity to bring him from England.<\/p>  <h4>Ansu Fati<\/h4>  <p>With tarpaulins and errors during the crash, <strong>the Hispanic-guinean wine of more to less to measure that advanced the minutes<\/strong>. Perhaps it was this the reason by which Xavi did not come having he with a greater regularity. Ferran Torres would prevent him earn a penalti that later would finish failing in his attempt to extend the advantage<\/p>  <h4>Reinforcements from the bench<\/h4>  <p>To freshen a bit the alignment title, Xavi Hern\u00e1ndez resorted to the services of Eric Garc\u00eda in the defensive section as By his part, <strong>Kessi\u00e9 knew to keep the intensity during the meeting, transmitting solidity during the most critical minutes<\/strong>, in spite of being very near to commit an infringement that could cost a penalti. \u00c1ngel Alarc\u00f3n ingresar\u00eda to try keep the balloon far of the area, whereas Marcos Alonso would be the called to reinforce the defence after the red to Ara\u00fajo.<\/p> ","protected":false},"excerpt":{"rendered":"<p>El FC Barcelona ha logrado otra importante victoria en LaLiga al vencer al Valencia por la m\u00ednima diferencia. Un gol de Raphinha al minuto 15 ha bastado para obtener tres valiosos puntos The FC Barcelona has reencontrado with the victory in LaLiga in front of Valencia. The hit on the table in the Glass of [&hellip;]<\/p>\n","protected":false},"author":363,"featured_media":15592,"comment_status":"closed","ping_status":"open","sticky":false,"template":"","format":"standard","meta":{"_acf_changed":false,"inline_featured_image":false,"_nextfly_llmd_date_locked":false,"footnotes":""},"categories":[111],"tags":[166,80],"class_list":["post-15591","post","type-post","status-publish","format-standard","has-post-thumbnail","hentry","category-fc-barcelona","tag-sergio-busquets","tag-valencia-cf"],"acf":[],"yoast_head":"<!-- This site is optimized with the Yoast SEO plugin v27.3 - https:\/\/yoast.com\/product\/yoast-seo-wordpress\/ -->\n<title>Busquets, Kound\u00e9, Ansu\u2026 1x1 of the Bar\u00e7a in the triumph in front of Valencia<\/title>\n<meta name=\"description\" content=\"The FC Barcelona has attained another important victory in LaLiga when winning to Valencia by the minimum difference. A goal of Raphinha to the minute 15 has sufficed to obtain three valuable points\" \/>\n<meta name=\"robots\" content=\"index, follow, max-snippet:-1, max-image-preview:large, max-video-preview:-1\" \/>\n<link rel=\"canonical\" href=\"https:\/\/www.fcbarcelonanoticias.com\/en\/fc-barcelona\/busquets-kounde-ansu-barca-valencia_290237_102.html\" \/>\n<meta property=\"og:locale\" content=\"en_US\" \/>\n<meta property=\"og:type\" content=\"article\" \/>\n<meta property=\"og:title\" content=\"Busquets, Kound\u00e9, Ansu\u2026 1x1 of the Bar\u00e7a in the triumph in front of Valencia\" \/>\n<meta property=\"og:description\" content=\"The FC Barcelona has attained another important victory in LaLiga when winning to Valencia by the minimum difference. A goal of Raphinha to the minute 15 has sufficed to obtain three valuable points\" \/>\n<meta property=\"og:url\" content=\"https:\/\/www.fcbarcelonanoticias.com\/en\/fc-barcelona\/busquets-kounde-ansu-barca-valencia_290237_102.html\" \/>\n<meta property=\"og:site_name\" content=\"EN - FC Barcelona Noticias\" \/>\n<meta property=\"article:published_time\" content=\"2023-03-05T17:51:00+00:00\" \/>\n<meta property=\"og:image\" content=\"https:\/\/www.fcbarcelonanoticias.com\/en\/wp-content\/uploads\/sites\/2\/2023\/03\/fc-barcelona-v-valencia-cf-laliga-santander-2-1.jpeg\" \/>\n\t<meta property=\"og:image:width\" content=\"1200\" \/>\n\t<meta property=\"og:image:height\" content=\"701\" \/>\n\t<meta property=\"og:image:type\" content=\"image\/jpeg\" \/>\n<meta name=\"author\" content=\"Claudio Betancourt\" \/>\n<meta name=\"twitter:card\" content=\"summary_large_image\" \/>\n<meta name=\"twitter:label1\" content=\"Written by\" \/>\n\t<meta name=\"twitter:data1\" content=\"Claudio Betancourt\" \/>\n\t<meta name=\"twitter:label2\" content=\"Est. reading time\" \/>\n\t<meta name=\"twitter:data2\" content=\"4 minutes\" \/>\n<script type=\"application\/ld+json\" class=\"yoast-schema-graph\">{\"@context\":\"https:\\\/\\\/schema.org\",\"@graph\":[{\"@type\":\"Article\",\"@id\":\"https:\\\/\\\/www.fcbarcelonanoticias.com\\\/en\\\/fc-barcelona\\\/busquets-kounde-ansu-barca-valencia_290237_102.html#article\",\"isPartOf\":{\"@id\":\"https:\\\/\\\/www.fcbarcelonanoticias.com\\\/en\\\/fc-barcelona\\\/busquets-kounde-ansu-barca-valencia_290237_102.html\"},\"author\":{\"name\":\"Claudio Betancourt\",\"@id\":\"https:\\\/\\\/www.fcbarcelonanoticias.com\\\/en\\\/#\\\/schema\\\/person\\\/76c77917e39f918eb1604c571055386e\"},\"headline\":\"Busquets, Kound\u00e9, Ansu\u2026 1-1 for Bar\u00e7a in the win against Valencia\",\"datePublished\":\"2023-03-05T17:51:00+00:00\",\"mainEntityOfPage\":{\"@id\":\"https:\\\/\\\/www.fcbarcelonanoticias.com\\\/en\\\/fc-barcelona\\\/busquets-kounde-ansu-barca-valencia_290237_102.html\"},\"wordCount\":879,\"image\":{\"@id\":\"https:\\\/\\\/www.fcbarcelonanoticias.com\\\/en\\\/fc-barcelona\\\/busquets-kounde-ansu-barca-valencia_290237_102.html#primaryimage\"},\"thumbnailUrl\":\"https:\\\/\\\/www.fcbarcelonanoticias.com\\\/en\\\/wp-content\\\/uploads\\\/sites\\\/2\\\/2023\\\/03\\\/fc-barcelona-v-valencia-cf-laliga-santander-2-1.jpeg\",\"keywords\":[\"Sergio Busquets\",\"Valencia CF\"],\"articleSection\":[\"FC Barcelona\"],\"inLanguage\":\"en-US\"},{\"@type\":\"WebPage\",\"@id\":\"https:\\\/\\\/www.fcbarcelonanoticias.com\\\/en\\\/fc-barcelona\\\/busquets-kounde-ansu-barca-valencia_290237_102.html\",\"url\":\"https:\\\/\\\/www.fcbarcelonanoticias.com\\\/en\\\/fc-barcelona\\\/busquets-kounde-ansu-barca-valencia_290237_102.html\",\"name\":\"Busquets, Kound\u00e9, Ansu\u2026 1x1 of the Bar\u00e7a in the triumph in front of Valencia\",\"isPartOf\":{\"@id\":\"https:\\\/\\\/www.fcbarcelonanoticias.com\\\/en\\\/#website\"},\"primaryImageOfPage\":{\"@id\":\"https:\\\/\\\/www.fcbarcelonanoticias.com\\\/en\\\/fc-barcelona\\\/busquets-kounde-ansu-barca-valencia_290237_102.html#primaryimage\"},\"image\":{\"@id\":\"https:\\\/\\\/www.fcbarcelonanoticias.com\\\/en\\\/fc-barcelona\\\/busquets-kounde-ansu-barca-valencia_290237_102.html#primaryimage\"},\"thumbnailUrl\":\"https:\\\/\\\/www.fcbarcelonanoticias.com\\\/en\\\/wp-content\\\/uploads\\\/sites\\\/2\\\/2023\\\/03\\\/fc-barcelona-v-valencia-cf-laliga-santander-2-1.jpeg\",\"datePublished\":\"2023-03-05T17:51:00+00:00\",\"author\":{\"@id\":\"https:\\\/\\\/www.fcbarcelonanoticias.com\\\/en\\\/#\\\/schema\\\/person\\\/76c77917e39f918eb1604c571055386e\"},\"description\":\"The FC Barcelona has attained another important victory in LaLiga when winning to Valencia by the minimum difference. A goal of Raphinha to the minute 15 has sufficed to obtain three valuable points\",\"breadcrumb\":{\"@id\":\"https:\\\/\\\/www.fcbarcelonanoticias.com\\\/en\\\/fc-barcelona\\\/busquets-kounde-ansu-barca-valencia_290237_102.html#breadcrumb\"},\"inLanguage\":\"en-US\",\"potentialAction\":[{\"@type\":\"ReadAction\",\"target\":[\"https:\\\/\\\/www.fcbarcelonanoticias.com\\\/en\\\/fc-barcelona\\\/busquets-kounde-ansu-barca-valencia_290237_102.html\"]}]},{\"@type\":\"ImageObject\",\"inLanguage\":\"en-US\",\"@id\":\"https:\\\/\\\/www.fcbarcelonanoticias.com\\\/en\\\/fc-barcelona\\\/busquets-kounde-ansu-barca-valencia_290237_102.html#primaryimage\",\"url\":\"https:\\\/\\\/www.fcbarcelonanoticias.com\\\/en\\\/wp-content\\\/uploads\\\/sites\\\/2\\\/2023\\\/03\\\/fc-barcelona-v-valencia-cf-laliga-santander-2-1.jpeg\",\"contentUrl\":\"https:\\\/\\\/www.fcbarcelonanoticias.com\\\/en\\\/wp-content\\\/uploads\\\/sites\\\/2\\\/2023\\\/03\\\/fc-barcelona-v-valencia-cf-laliga-santander-2-1.jpeg\",\"width\":1200,\"height\":701},{\"@type\":\"BreadcrumbList\",\"@id\":\"https:\\\/\\\/www.fcbarcelonanoticias.com\\\/en\\\/fc-barcelona\\\/busquets-kounde-ansu-barca-valencia_290237_102.html#breadcrumb\",\"itemListElement\":[{\"@type\":\"ListItem\",\"position\":1,\"name\":\"Portada\",\"item\":\"https:\\\/\\\/www.fcbarcelonanoticias.com\\\/en\\\/\"},{\"@type\":\"ListItem\",\"position\":2,\"name\":\"Busquets, Kound\u00e9, Ansu\u2026 1-1 for Bar\u00e7a in the win against Valencia\"}]},{\"@type\":\"WebSite\",\"@id\":\"https:\\\/\\\/www.fcbarcelonanoticias.com\\\/en\\\/#website\",\"url\":\"https:\\\/\\\/www.fcbarcelonanoticias.com\\\/en\\\/\",\"name\":\"EN - FC Barcelona Noticias\",\"description\":\"\",\"potentialAction\":[{\"@type\":\"SearchAction\",\"target\":{\"@type\":\"EntryPoint\",\"urlTemplate\":\"https:\\\/\\\/www.fcbarcelonanoticias.com\\\/en\\\/?s={search_term_string}\"},\"query-input\":{\"@type\":\"PropertyValueSpecification\",\"valueRequired\":true,\"valueName\":\"search_term_string\"}}],\"inLanguage\":\"en-US\"},{\"@type\":\"Person\",\"@id\":\"https:\\\/\\\/www.fcbarcelonanoticias.com\\\/en\\\/#\\\/schema\\\/person\\\/76c77917e39f918eb1604c571055386e\",\"name\":\"Claudio Betancourt\",\"image\":{\"@type\":\"ImageObject\",\"inLanguage\":\"en-US\",\"@id\":\"https:\\\/\\\/secure.gravatar.com\\\/avatar\\\/?s=96&d=mm&r=g\",\"url\":\"https:\\\/\\\/secure.gravatar.com\\\/avatar\\\/?s=96&d=mm&r=g\",\"contentUrl\":\"https:\\\/\\\/secure.gravatar.com\\\/avatar\\\/?s=96&d=mm&r=g\",\"caption\":\"Claudio Betancourt\"},\"url\":\"https:\\\/\\\/www.fcbarcelonanoticias.com\\\/en\\\/claudio-betancourt_14_115.html\"}]}<\/script>\n<!-- \/ Yoast SEO plugin. -->","yoast_head_json":{"title":"Busquets, Kound\u00e9, Ansu\u2026 1x1 of the Bar\u00e7a in the triumph in front of Valencia","description":"The FC Barcelona has attained another important victory in LaLiga when winning to Valencia by the minimum difference. A goal of Raphinha to the minute 15 has sufficed to obtain three valuable points","robots":{"index":"index","follow":"follow","max-snippet":"max-snippet:-1","max-image-preview":"max-image-preview:large","max-video-preview":"max-video-preview:-1"},"canonical":"https:\/\/www.fcbarcelonanoticias.com\/en\/fc-barcelona\/busquets-kounde-ansu-barca-valencia_290237_102.html","og_locale":"en_US","og_type":"article","og_title":"Busquets, Kound\u00e9, Ansu\u2026 1x1 of the Bar\u00e7a in the triumph in front of Valencia","og_description":"The FC Barcelona has attained another important victory in LaLiga when winning to Valencia by the minimum difference. A goal of Raphinha to the minute 15 has sufficed to obtain three valuable points","og_url":"https:\/\/www.fcbarcelonanoticias.com\/en\/fc-barcelona\/busquets-kounde-ansu-barca-valencia_290237_102.html","og_site_name":"EN - FC Barcelona Noticias","article_published_time":"2023-03-05T17:51:00+00:00","og_image":[{"width":1200,"height":701,"url":"https:\/\/www.fcbarcelonanoticias.com\/en\/wp-content\/uploads\/sites\/2\/2023\/03\/fc-barcelona-v-valencia-cf-laliga-santander-2-1.jpeg","type":"image\/jpeg"}],"author":"Claudio Betancourt","twitter_card":"summary_large_image","twitter_misc":{"Written by":"Claudio Betancourt","Est. reading time":"4 minutes"},"schema":{"@context":"https:\/\/schema.org","@graph":[{"@type":"Article","@id":"https:\/\/www.fcbarcelonanoticias.com\/en\/fc-barcelona\/busquets-kounde-ansu-barca-valencia_290237_102.html#article","isPartOf":{"@id":"https:\/\/www.fcbarcelonanoticias.com\/en\/fc-barcelona\/busquets-kounde-ansu-barca-valencia_290237_102.html"},"author":{"name":"Claudio Betancourt","@id":"https:\/\/www.fcbarcelonanoticias.com\/en\/#\/schema\/person\/76c77917e39f918eb1604c571055386e"},"headline":"Busquets, Kound\u00e9, Ansu\u2026 1-1 for Bar\u00e7a in the win against Valencia","datePublished":"2023-03-05T17:51:00+00:00","mainEntityOfPage":{"@id":"https:\/\/www.fcbarcelonanoticias.com\/en\/fc-barcelona\/busquets-kounde-ansu-barca-valencia_290237_102.html"},"wordCount":879,"image":{"@id":"https:\/\/www.fcbarcelonanoticias.com\/en\/fc-barcelona\/busquets-kounde-ansu-barca-valencia_290237_102.html#primaryimage"},"thumbnailUrl":"https:\/\/www.fcbarcelonanoticias.com\/en\/wp-content\/uploads\/sites\/2\/2023\/03\/fc-barcelona-v-valencia-cf-laliga-santander-2-1.jpeg","keywords":["Sergio Busquets","Valencia CF"],"articleSection":["FC Barcelona"],"inLanguage":"en-US"},{"@type":"WebPage","@id":"https:\/\/www.fcbarcelonanoticias.com\/en\/fc-barcelona\/busquets-kounde-ansu-barca-valencia_290237_102.html","url":"https:\/\/www.fcbarcelonanoticias.com\/en\/fc-barcelona\/busquets-kounde-ansu-barca-valencia_290237_102.html","name":"Busquets, Kound\u00e9, Ansu\u2026 1x1 of the Bar\u00e7a in the triumph in front of Valencia","isPartOf":{"@id":"https:\/\/www.fcbarcelonanoticias.com\/en\/#website"},"primaryImageOfPage":{"@id":"https:\/\/www.fcbarcelonanoticias.com\/en\/fc-barcelona\/busquets-kounde-ansu-barca-valencia_290237_102.html#primaryimage"},"image":{"@id":"https:\/\/www.fcbarcelonanoticias.com\/en\/fc-barcelona\/busquets-kounde-ansu-barca-valencia_290237_102.html#primaryimage"},"thumbnailUrl":"https:\/\/www.fcbarcelonanoticias.com\/en\/wp-content\/uploads\/sites\/2\/2023\/03\/fc-barcelona-v-valencia-cf-laliga-santander-2-1.jpeg","datePublished":"2023-03-05T17:51:00+00:00","author":{"@id":"https:\/\/www.fcbarcelonanoticias.com\/en\/#\/schema\/person\/76c77917e39f918eb1604c571055386e"},"description":"The FC Barcelona has attained another important victory in LaLiga when winning to Valencia by the minimum difference. A goal of Raphinha to the minute 15 has sufficed to obtain three valuable points","breadcrumb":{"@id":"https:\/\/www.fcbarcelonanoticias.com\/en\/fc-barcelona\/busquets-kounde-ansu-barca-valencia_290237_102.html#breadcrumb"},"inLanguage":"en-US","potentialAction":[{"@type":"ReadAction","target":["https:\/\/www.fcbarcelonanoticias.com\/en\/fc-barcelona\/busquets-kounde-ansu-barca-valencia_290237_102.html"]}]},{"@type":"ImageObject","inLanguage":"en-US","@id":"https:\/\/www.fcbarcelonanoticias.com\/en\/fc-barcelona\/busquets-kounde-ansu-barca-valencia_290237_102.html#primaryimage","url":"https:\/\/www.fcbarcelonanoticias.com\/en\/wp-content\/uploads\/sites\/2\/2023\/03\/fc-barcelona-v-valencia-cf-laliga-santander-2-1.jpeg","contentUrl":"https:\/\/www.fcbarcelonanoticias.com\/en\/wp-content\/uploads\/sites\/2\/2023\/03\/fc-barcelona-v-valencia-cf-laliga-santander-2-1.jpeg","width":1200,"height":701},{"@type":"BreadcrumbList","@id":"https:\/\/www.fcbarcelonanoticias.com\/en\/fc-barcelona\/busquets-kounde-ansu-barca-valencia_290237_102.html#breadcrumb","itemListElement":[{"@type":"ListItem","position":1,"name":"Portada","item":"https:\/\/www.fcbarcelonanoticias.com\/en\/"},{"@type":"ListItem","position":2,"name":"Busquets, Kound\u00e9, Ansu\u2026 1-1 for Bar\u00e7a in the win against Valencia"}]},{"@type":"WebSite","@id":"https:\/\/www.fcbarcelonanoticias.com\/en\/#website","url":"https:\/\/www.fcbarcelonanoticias.com\/en\/","name":"EN - FC Barcelona Noticias","description":"","potentialAction":[{"@type":"SearchAction","target":{"@type":"EntryPoint","urlTemplate":"https:\/\/www.fcbarcelonanoticias.com\/en\/?s={search_term_string}"},"query-input":{"@type":"PropertyValueSpecification","valueRequired":true,"valueName":"search_term_string"}}],"inLanguage":"en-US"},{"@type":"Person","@id":"https:\/\/www.fcbarcelonanoticias.com\/en\/#\/schema\/person\/76c77917e39f918eb1604c571055386e","name":"Claudio Betancourt","image":{"@type":"ImageObject","inLanguage":"en-US","@id":"https:\/\/secure.gravatar.com\/avatar\/?s=96&d=mm&r=g","url":"https:\/\/secure.gravatar.com\/avatar\/?s=96&d=mm&r=g","contentUrl":"https:\/\/secure.gravatar.com\/avatar\/?s=96&d=mm&r=g","caption":"Claudio Betancourt"},"url":"https:\/\/www.fcbarcelonanoticias.com\/en\/claudio-betancourt_14_115.html"}]}},"_links":{"self":[{"href":"https:\/\/www.fcbarcelonanoticias.com\/en\/wp-json\/wp\/v2\/posts\/15591","targetHints":{"allow":["GET"]}}],"collection":[{"href":"https:\/\/www.fcbarcelonanoticias.com\/en\/wp-json\/wp\/v2\/posts"}],"about":[{"href":"https:\/\/www.fcbarcelonanoticias.com\/en\/wp-json\/wp\/v2\/types\/post"}],"author":[{"embeddable":true,"href":"https:\/\/www.fcbarcelonanoticias.com\/en\/wp-json\/wp\/v2\/users\/363"}],"replies":[{"embeddable":true,"href":"https:\/\/www.fcbarcelonanoticias.com\/en\/wp-json\/wp\/v2\/comments?post=15591"}],"version-history":[{"count":1,"href":"https:\/\/www.fcbarcelonanoticias.com\/en\/wp-json\/wp\/v2\/posts\/15591\/revisions"}],"predecessor-version":[{"id":104433,"href":"https:\/\/www.fcbarcelonanoticias.com\/en\/wp-json\/wp\/v2\/posts\/15591\/revisions\/104433"}],"wp:featuredmedia":[{"embeddable":true,"href":"https:\/\/www.fcbarcelonanoticias.com\/en\/wp-json\/wp\/v2\/media\/15592"}],"wp:attachment":[{"href":"https:\/\/www.fcbarcelonanoticias.com\/en\/wp-json\/wp\/v2\/media?parent=15591"}],"wp:term":[{"taxonomy":"category","embeddable":true,"href":"https:\/\/www.fcbarcelonanoticias.com\/en\/wp-json\/wp\/v2\/categories?post=15591"},{"taxonomy":"post_tag","embeddable":true,"href":"https:\/\/www.fcbarcelonanoticias.com\/en\/wp-json\/wp\/v2\/tags?post=15591"}],"curies":[{"name":"wp","href":"https:\/\/api.w.org\/{rel}","templated":true}]}}