{"id":15593,"date":"2023-02-18T12:48:00","date_gmt":"2023-02-18T11:48:00","guid":{"rendered":"https:\/\/weisetech.dev\/fc-barcelona-noticias\/en\/busquets-returns-group-work-discharged_289741_102\/"},"modified":"2023-02-18T13:03:00","modified_gmt":"2023-02-18T12:03:00","slug":"busquets-returns-group-work-discharged_289741_102","status":"publish","type":"post","link":"https:\/\/www.fcbarcelonanoticias.com\/en\/fc-barcelona\/busquets-returns-group-work-discharged_289741_102.html","title":{"rendered":"Busquets returns to group work and could be discharged"},"content":{"rendered":"<h2 class=\"wp-block-heading\">Sergio Busquets would be showing clear signs of recovery after his sprain injury during the match against Sevilla and could return to a call-up, this time for the league match against C\u00e1diz<\/h2>  \r\n<div class=\"article-addons\">\r\n    <a href=\"https:\/\/www.fcbarcelonanoticias.com\/en\/calendar-fc-barcelona.html\"\r\n       target=\"_self\"\r\n       title=\"Calendar of FC Barcelona\"\r\n       class=\"blue-gredient-btn\">\r\n       \r\n        Calendar of FC Barcelona    <\/a>\r\n<\/div>   <p>The <a data-external=\"0\" data-intl-links-en=\"https:\/\/www.fcbarcelonanoticias.com\/en\/fc-barcelona\/barca-rules-out-busquets-match-united_289430_102.html\" data-intl-links-es=\"https:\/\/www.fcbarcelonanoticias.com\/fc-barcelona\/barca-descarta-forzar-busquets-partido-united_289430_102.html\" href=\"https:\/\/www.fcbarcelonanoticias.com\/en\/fc-barcelona\/barca-rules-out-busquets-match-united_289430_102.html\" rel=\"follow\" target=\"_self\" title=\"El Bar\u00e7a descarta forzar a Busquets para el partido ante el United\">absence of Sergio Busquets<\/a> beyond all doubt has repercutido in the party of the FC Barcelona in front of the Manchester United, in which the cul\u00e9s could not happen of the tie and all has remained opened of face to the following clash in the frame of the playoffs of the UEFA Europe League. Now, of face to the following date of the domestic tournament, <strong>there is good news with the midfield player, that could take action<\/strong>.<\/p>  <p>The captain has returned to the dynamic grupales of training headed by Xavi Hern\u00e1ndez, a clear signal of evolution in his process of recovery. In case that these to his time reflect in the sessions of physical works, <strong>his name could go back to the list of summoned of Xavi Hern\u00e1ndez<\/strong>; no like this in the case of other players <a data-external=\"0\" data-intl-links-en=\"https:\/\/www.fcbarcelonanoticias.com\/en\/players\/dembele-pedri-busquets-this-infirmary-barcelona_289730_102.html\" data-intl-links-es=\"https:\/\/www.fcbarcelonanoticias.com\/jugadores\/dembele-pedri-busquets-esta-enfermeria-barcelona_289730_102.html\" href=\"https:\/\/www.fcbarcelonanoticias.com\/en\/players\/dembele-pedri-busquets-this-infirmary-barcelona_289730_102.html\" rel=\"follow\" target=\"_self\" title=\"Demb\u00e9l\u00e9, Pedri, Busquets... As\u00ed est\u00e1 la enfermer\u00eda del Bar\u00e7a\">like Pedri Gonz\u00e1lez and Ousmane Demb\u00e9l\u00e9<\/a>, the one who will have to remain something more than time in the infirmary.<\/p>  <p>In case that &#8216;Busi&#8217; can jump to the field again, the m\u00edster would have a formidable piece to configure his disposal in the &#8216;room of machines&#8217;, <strong>possibly accompanied by a &#8216;todoterreno&#8217; as Frenkie of Jong and Franck Kessi\u00e9<\/strong>, the one who in spite of the rumours that again link him to the Italian football continues winning minutes of game, especially in front of the absences that has presented the staff lately, whereas Gavi would have a more offensive role.<\/p>  <p>Sergio Busquets <strong>comes to suffer a sprain in one of his ankles during the meeting suspender belt in front of the Seville<\/strong>. In case to take action the Sunday in front of the gaditanos would be already 14 the days that has been of drop, what supposes a significant reduction of the process of usual recovery for this type of conditions, thanks to his commitment and to the good physical state that usually has kept like player.<\/p>  <h4>It could be in front of the United<\/h4>  <p>Likewise, if all continue leaving without problems, <strong>the one of Badia will be travelling with the rest of the group to look for the classification to the eighth of final of the continental tournament in Old Trafford<\/strong>. This key will define in England and Xavi wants to have the greater quantity of possible pieces to continue advancing in the competition. It will not be an easy party in front of the directed by Erik Have Hag, that lucieron solid in the gone.<\/p> ","protected":false},"excerpt":{"rendered":"<p>Sergio Busquets would be showing clear signs of recovery after his sprain injury during the match against Sevilla and could return to a call-up, this time for the league match against C\u00e1diz The absence of Sergio Busquets beyond all doubt has repercutido in the party of the FC Barcelona in front of the Manchester United, [&hellip;]<\/p>\n","protected":false},"author":363,"featured_media":15594,"comment_status":"closed","ping_status":"open","sticky":false,"template":"","format":"standard","meta":{"_acf_changed":false,"inline_featured_image":false,"_nextfly_llmd_date_locked":false,"footnotes":""},"categories":[111],"tags":[349,166],"class_list":["post-15593","post","type-post","status-publish","format-standard","has-post-thumbnail","hentry","category-fc-barcelona","tag-cadiz-cf","tag-sergio-busquets"],"acf":[],"yoast_head":"<!-- This site is optimized with the Yoast SEO plugin v27.3 - https:\/\/yoast.com\/product\/yoast-seo-wordpress\/ -->\n<title>Busquets goes back to the work grupal and could receive the high<\/title>\n<meta name=\"description\" content=\"Sergio Busquets would be giving clear signals of recovery after his injury in the sprain during the party in front of the Seville and could go back to an announcement, this time for the crash suspender belt in front of the C\u00e1diz\" \/>\n<meta name=\"robots\" content=\"index, follow, max-snippet:-1, max-image-preview:large, max-video-preview:-1\" \/>\n<link rel=\"canonical\" href=\"https:\/\/www.fcbarcelonanoticias.com\/en\/fc-barcelona\/busquets-returns-group-work-discharged_289741_102.html\" \/>\n<meta property=\"og:locale\" content=\"en_US\" \/>\n<meta property=\"og:type\" content=\"article\" \/>\n<meta property=\"og:title\" content=\"Busquets goes back to the work grupal and could receive the high\" \/>\n<meta property=\"og:description\" content=\"Sergio Busquets would be giving clear signals of recovery after his injury in the sprain during the party in front of the Seville and could go back to an announcement, this time for the crash suspender belt in front of the C\u00e1diz\" \/>\n<meta property=\"og:url\" content=\"https:\/\/www.fcbarcelonanoticias.com\/en\/fc-barcelona\/busquets-returns-group-work-discharged_289741_102.html\" \/>\n<meta property=\"og:site_name\" content=\"EN - FC Barcelona Noticias\" \/>\n<meta property=\"article:published_time\" content=\"2023-02-18T11:48:00+00:00\" \/>\n<meta property=\"article:modified_time\" content=\"2023-02-18T12:03:00+00:00\" \/>\n<meta property=\"og:image\" content=\"https:\/\/www.fcbarcelonanoticias.com\/en\/wp-content\/uploads\/sites\/2\/2023\/02\/fc-barcelona-v-getafe-cf-laliga-santander-6-1.jpeg\" \/>\n\t<meta property=\"og:image:width\" content=\"1200\" \/>\n\t<meta property=\"og:image:height\" content=\"707\" \/>\n\t<meta property=\"og:image:type\" content=\"image\/jpeg\" \/>\n<meta name=\"author\" content=\"Claudio Betancourt\" \/>\n<meta name=\"twitter:card\" content=\"summary_large_image\" \/>\n<meta name=\"twitter:label1\" content=\"Written by\" \/>\n\t<meta name=\"twitter:data1\" content=\"Claudio Betancourt\" \/>\n\t<meta name=\"twitter:label2\" content=\"Est. reading time\" \/>\n\t<meta name=\"twitter:data2\" content=\"2 minutes\" \/>\n<script type=\"application\/ld+json\" class=\"yoast-schema-graph\">{\"@context\":\"https:\\\/\\\/schema.org\",\"@graph\":[{\"@type\":\"Article\",\"@id\":\"https:\\\/\\\/www.fcbarcelonanoticias.com\\\/en\\\/fc-barcelona\\\/busquets-returns-group-work-discharged_289741_102.html#article\",\"isPartOf\":{\"@id\":\"https:\\\/\\\/www.fcbarcelonanoticias.com\\\/en\\\/fc-barcelona\\\/busquets-returns-group-work-discharged_289741_102.html\"},\"author\":{\"name\":\"Claudio Betancourt\",\"@id\":\"https:\\\/\\\/www.fcbarcelonanoticias.com\\\/en\\\/#\\\/schema\\\/person\\\/76c77917e39f918eb1604c571055386e\"},\"headline\":\"Busquets returns to group work and could be discharged\",\"datePublished\":\"2023-02-18T11:48:00+00:00\",\"dateModified\":\"2023-02-18T12:03:00+00:00\",\"mainEntityOfPage\":{\"@id\":\"https:\\\/\\\/www.fcbarcelonanoticias.com\\\/en\\\/fc-barcelona\\\/busquets-returns-group-work-discharged_289741_102.html\"},\"wordCount\":451,\"image\":{\"@id\":\"https:\\\/\\\/www.fcbarcelonanoticias.com\\\/en\\\/fc-barcelona\\\/busquets-returns-group-work-discharged_289741_102.html#primaryimage\"},\"thumbnailUrl\":\"https:\\\/\\\/www.fcbarcelonanoticias.com\\\/en\\\/wp-content\\\/uploads\\\/sites\\\/2\\\/2023\\\/02\\\/fc-barcelona-v-getafe-cf-laliga-santander-6-1.jpeg\",\"keywords\":[\"C\u00e1diz CF\",\"Sergio Busquets\"],\"articleSection\":[\"FC Barcelona\"],\"inLanguage\":\"en-US\"},{\"@type\":\"WebPage\",\"@id\":\"https:\\\/\\\/www.fcbarcelonanoticias.com\\\/en\\\/fc-barcelona\\\/busquets-returns-group-work-discharged_289741_102.html\",\"url\":\"https:\\\/\\\/www.fcbarcelonanoticias.com\\\/en\\\/fc-barcelona\\\/busquets-returns-group-work-discharged_289741_102.html\",\"name\":\"Busquets goes back to the work grupal and could receive the high\",\"isPartOf\":{\"@id\":\"https:\\\/\\\/www.fcbarcelonanoticias.com\\\/en\\\/#website\"},\"primaryImageOfPage\":{\"@id\":\"https:\\\/\\\/www.fcbarcelonanoticias.com\\\/en\\\/fc-barcelona\\\/busquets-returns-group-work-discharged_289741_102.html#primaryimage\"},\"image\":{\"@id\":\"https:\\\/\\\/www.fcbarcelonanoticias.com\\\/en\\\/fc-barcelona\\\/busquets-returns-group-work-discharged_289741_102.html#primaryimage\"},\"thumbnailUrl\":\"https:\\\/\\\/www.fcbarcelonanoticias.com\\\/en\\\/wp-content\\\/uploads\\\/sites\\\/2\\\/2023\\\/02\\\/fc-barcelona-v-getafe-cf-laliga-santander-6-1.jpeg\",\"datePublished\":\"2023-02-18T11:48:00+00:00\",\"dateModified\":\"2023-02-18T12:03:00+00:00\",\"author\":{\"@id\":\"https:\\\/\\\/www.fcbarcelonanoticias.com\\\/en\\\/#\\\/schema\\\/person\\\/76c77917e39f918eb1604c571055386e\"},\"description\":\"Sergio Busquets would be giving clear signals of recovery after his injury in the sprain during the party in front of the Seville and could go back to an announcement, this time for the crash suspender belt in front of the C\u00e1diz\",\"breadcrumb\":{\"@id\":\"https:\\\/\\\/www.fcbarcelonanoticias.com\\\/en\\\/fc-barcelona\\\/busquets-returns-group-work-discharged_289741_102.html#breadcrumb\"},\"inLanguage\":\"en-US\",\"potentialAction\":[{\"@type\":\"ReadAction\",\"target\":[\"https:\\\/\\\/www.fcbarcelonanoticias.com\\\/en\\\/fc-barcelona\\\/busquets-returns-group-work-discharged_289741_102.html\"]}]},{\"@type\":\"ImageObject\",\"inLanguage\":\"en-US\",\"@id\":\"https:\\\/\\\/www.fcbarcelonanoticias.com\\\/en\\\/fc-barcelona\\\/busquets-returns-group-work-discharged_289741_102.html#primaryimage\",\"url\":\"https:\\\/\\\/www.fcbarcelonanoticias.com\\\/en\\\/wp-content\\\/uploads\\\/sites\\\/2\\\/2023\\\/02\\\/fc-barcelona-v-getafe-cf-laliga-santander-6-1.jpeg\",\"contentUrl\":\"https:\\\/\\\/www.fcbarcelonanoticias.com\\\/en\\\/wp-content\\\/uploads\\\/sites\\\/2\\\/2023\\\/02\\\/fc-barcelona-v-getafe-cf-laliga-santander-6-1.jpeg\",\"width\":1200,\"height\":707},{\"@type\":\"BreadcrumbList\",\"@id\":\"https:\\\/\\\/www.fcbarcelonanoticias.com\\\/en\\\/fc-barcelona\\\/busquets-returns-group-work-discharged_289741_102.html#breadcrumb\",\"itemListElement\":[{\"@type\":\"ListItem\",\"position\":1,\"name\":\"Portada\",\"item\":\"https:\\\/\\\/www.fcbarcelonanoticias.com\\\/en\\\/\"},{\"@type\":\"ListItem\",\"position\":2,\"name\":\"Busquets returns to group work and could be discharged\"}]},{\"@type\":\"WebSite\",\"@id\":\"https:\\\/\\\/www.fcbarcelonanoticias.com\\\/en\\\/#website\",\"url\":\"https:\\\/\\\/www.fcbarcelonanoticias.com\\\/en\\\/\",\"name\":\"EN - FC Barcelona Noticias\",\"description\":\"\",\"potentialAction\":[{\"@type\":\"SearchAction\",\"target\":{\"@type\":\"EntryPoint\",\"urlTemplate\":\"https:\\\/\\\/www.fcbarcelonanoticias.com\\\/en\\\/?s={search_term_string}\"},\"query-input\":{\"@type\":\"PropertyValueSpecification\",\"valueRequired\":true,\"valueName\":\"search_term_string\"}}],\"inLanguage\":\"en-US\"},{\"@type\":\"Person\",\"@id\":\"https:\\\/\\\/www.fcbarcelonanoticias.com\\\/en\\\/#\\\/schema\\\/person\\\/76c77917e39f918eb1604c571055386e\",\"name\":\"Claudio Betancourt\",\"image\":{\"@type\":\"ImageObject\",\"inLanguage\":\"en-US\",\"@id\":\"https:\\\/\\\/secure.gravatar.com\\\/avatar\\\/?s=96&d=mm&r=g\",\"url\":\"https:\\\/\\\/secure.gravatar.com\\\/avatar\\\/?s=96&d=mm&r=g\",\"contentUrl\":\"https:\\\/\\\/secure.gravatar.com\\\/avatar\\\/?s=96&d=mm&r=g\",\"caption\":\"Claudio Betancourt\"},\"url\":\"https:\\\/\\\/www.fcbarcelonanoticias.com\\\/en\\\/claudio-betancourt_14_115.html\"}]}<\/script>\n<!-- \/ Yoast SEO plugin. -->","yoast_head_json":{"title":"Busquets goes back to the work grupal and could receive the high","description":"Sergio Busquets would be giving clear signals of recovery after his injury in the sprain during the party in front of the Seville and could go back to an announcement, this time for the crash suspender belt in front of the C\u00e1diz","robots":{"index":"index","follow":"follow","max-snippet":"max-snippet:-1","max-image-preview":"max-image-preview:large","max-video-preview":"max-video-preview:-1"},"canonical":"https:\/\/www.fcbarcelonanoticias.com\/en\/fc-barcelona\/busquets-returns-group-work-discharged_289741_102.html","og_locale":"en_US","og_type":"article","og_title":"Busquets goes back to the work grupal and could receive the high","og_description":"Sergio Busquets would be giving clear signals of recovery after his injury in the sprain during the party in front of the Seville and could go back to an announcement, this time for the crash suspender belt in front of the C\u00e1diz","og_url":"https:\/\/www.fcbarcelonanoticias.com\/en\/fc-barcelona\/busquets-returns-group-work-discharged_289741_102.html","og_site_name":"EN - FC Barcelona Noticias","article_published_time":"2023-02-18T11:48:00+00:00","article_modified_time":"2023-02-18T12:03:00+00:00","og_image":[{"width":1200,"height":707,"url":"https:\/\/www.fcbarcelonanoticias.com\/en\/wp-content\/uploads\/sites\/2\/2023\/02\/fc-barcelona-v-getafe-cf-laliga-santander-6-1.jpeg","type":"image\/jpeg"}],"author":"Claudio Betancourt","twitter_card":"summary_large_image","twitter_misc":{"Written by":"Claudio Betancourt","Est. reading time":"2 minutes"},"schema":{"@context":"https:\/\/schema.org","@graph":[{"@type":"Article","@id":"https:\/\/www.fcbarcelonanoticias.com\/en\/fc-barcelona\/busquets-returns-group-work-discharged_289741_102.html#article","isPartOf":{"@id":"https:\/\/www.fcbarcelonanoticias.com\/en\/fc-barcelona\/busquets-returns-group-work-discharged_289741_102.html"},"author":{"name":"Claudio Betancourt","@id":"https:\/\/www.fcbarcelonanoticias.com\/en\/#\/schema\/person\/76c77917e39f918eb1604c571055386e"},"headline":"Busquets returns to group work and could be discharged","datePublished":"2023-02-18T11:48:00+00:00","dateModified":"2023-02-18T12:03:00+00:00","mainEntityOfPage":{"@id":"https:\/\/www.fcbarcelonanoticias.com\/en\/fc-barcelona\/busquets-returns-group-work-discharged_289741_102.html"},"wordCount":451,"image":{"@id":"https:\/\/www.fcbarcelonanoticias.com\/en\/fc-barcelona\/busquets-returns-group-work-discharged_289741_102.html#primaryimage"},"thumbnailUrl":"https:\/\/www.fcbarcelonanoticias.com\/en\/wp-content\/uploads\/sites\/2\/2023\/02\/fc-barcelona-v-getafe-cf-laliga-santander-6-1.jpeg","keywords":["C\u00e1diz CF","Sergio Busquets"],"articleSection":["FC Barcelona"],"inLanguage":"en-US"},{"@type":"WebPage","@id":"https:\/\/www.fcbarcelonanoticias.com\/en\/fc-barcelona\/busquets-returns-group-work-discharged_289741_102.html","url":"https:\/\/www.fcbarcelonanoticias.com\/en\/fc-barcelona\/busquets-returns-group-work-discharged_289741_102.html","name":"Busquets goes back to the work grupal and could receive the high","isPartOf":{"@id":"https:\/\/www.fcbarcelonanoticias.com\/en\/#website"},"primaryImageOfPage":{"@id":"https:\/\/www.fcbarcelonanoticias.com\/en\/fc-barcelona\/busquets-returns-group-work-discharged_289741_102.html#primaryimage"},"image":{"@id":"https:\/\/www.fcbarcelonanoticias.com\/en\/fc-barcelona\/busquets-returns-group-work-discharged_289741_102.html#primaryimage"},"thumbnailUrl":"https:\/\/www.fcbarcelonanoticias.com\/en\/wp-content\/uploads\/sites\/2\/2023\/02\/fc-barcelona-v-getafe-cf-laliga-santander-6-1.jpeg","datePublished":"2023-02-18T11:48:00+00:00","dateModified":"2023-02-18T12:03:00+00:00","author":{"@id":"https:\/\/www.fcbarcelonanoticias.com\/en\/#\/schema\/person\/76c77917e39f918eb1604c571055386e"},"description":"Sergio Busquets would be giving clear signals of recovery after his injury in the sprain during the party in front of the Seville and could go back to an announcement, this time for the crash suspender belt in front of the C\u00e1diz","breadcrumb":{"@id":"https:\/\/www.fcbarcelonanoticias.com\/en\/fc-barcelona\/busquets-returns-group-work-discharged_289741_102.html#breadcrumb"},"inLanguage":"en-US","potentialAction":[{"@type":"ReadAction","target":["https:\/\/www.fcbarcelonanoticias.com\/en\/fc-barcelona\/busquets-returns-group-work-discharged_289741_102.html"]}]},{"@type":"ImageObject","inLanguage":"en-US","@id":"https:\/\/www.fcbarcelonanoticias.com\/en\/fc-barcelona\/busquets-returns-group-work-discharged_289741_102.html#primaryimage","url":"https:\/\/www.fcbarcelonanoticias.com\/en\/wp-content\/uploads\/sites\/2\/2023\/02\/fc-barcelona-v-getafe-cf-laliga-santander-6-1.jpeg","contentUrl":"https:\/\/www.fcbarcelonanoticias.com\/en\/wp-content\/uploads\/sites\/2\/2023\/02\/fc-barcelona-v-getafe-cf-laliga-santander-6-1.jpeg","width":1200,"height":707},{"@type":"BreadcrumbList","@id":"https:\/\/www.fcbarcelonanoticias.com\/en\/fc-barcelona\/busquets-returns-group-work-discharged_289741_102.html#breadcrumb","itemListElement":[{"@type":"ListItem","position":1,"name":"Portada","item":"https:\/\/www.fcbarcelonanoticias.com\/en\/"},{"@type":"ListItem","position":2,"name":"Busquets returns to group work and could be discharged"}]},{"@type":"WebSite","@id":"https:\/\/www.fcbarcelonanoticias.com\/en\/#website","url":"https:\/\/www.fcbarcelonanoticias.com\/en\/","name":"EN - FC Barcelona Noticias","description":"","potentialAction":[{"@type":"SearchAction","target":{"@type":"EntryPoint","urlTemplate":"https:\/\/www.fcbarcelonanoticias.com\/en\/?s={search_term_string}"},"query-input":{"@type":"PropertyValueSpecification","valueRequired":true,"valueName":"search_term_string"}}],"inLanguage":"en-US"},{"@type":"Person","@id":"https:\/\/www.fcbarcelonanoticias.com\/en\/#\/schema\/person\/76c77917e39f918eb1604c571055386e","name":"Claudio Betancourt","image":{"@type":"ImageObject","inLanguage":"en-US","@id":"https:\/\/secure.gravatar.com\/avatar\/?s=96&d=mm&r=g","url":"https:\/\/secure.gravatar.com\/avatar\/?s=96&d=mm&r=g","contentUrl":"https:\/\/secure.gravatar.com\/avatar\/?s=96&d=mm&r=g","caption":"Claudio Betancourt"},"url":"https:\/\/www.fcbarcelonanoticias.com\/en\/claudio-betancourt_14_115.html"}]}},"_links":{"self":[{"href":"https:\/\/www.fcbarcelonanoticias.com\/en\/wp-json\/wp\/v2\/posts\/15593","targetHints":{"allow":["GET"]}}],"collection":[{"href":"https:\/\/www.fcbarcelonanoticias.com\/en\/wp-json\/wp\/v2\/posts"}],"about":[{"href":"https:\/\/www.fcbarcelonanoticias.com\/en\/wp-json\/wp\/v2\/types\/post"}],"author":[{"embeddable":true,"href":"https:\/\/www.fcbarcelonanoticias.com\/en\/wp-json\/wp\/v2\/users\/363"}],"replies":[{"embeddable":true,"href":"https:\/\/www.fcbarcelonanoticias.com\/en\/wp-json\/wp\/v2\/comments?post=15593"}],"version-history":[{"count":1,"href":"https:\/\/www.fcbarcelonanoticias.com\/en\/wp-json\/wp\/v2\/posts\/15593\/revisions"}],"predecessor-version":[{"id":104457,"href":"https:\/\/www.fcbarcelonanoticias.com\/en\/wp-json\/wp\/v2\/posts\/15593\/revisions\/104457"}],"wp:featuredmedia":[{"embeddable":true,"href":"https:\/\/www.fcbarcelonanoticias.com\/en\/wp-json\/wp\/v2\/media\/15594"}],"wp:attachment":[{"href":"https:\/\/www.fcbarcelonanoticias.com\/en\/wp-json\/wp\/v2\/media?parent=15593"}],"wp:term":[{"taxonomy":"category","embeddable":true,"href":"https:\/\/www.fcbarcelonanoticias.com\/en\/wp-json\/wp\/v2\/categories?post=15593"},{"taxonomy":"post_tag","embeddable":true,"href":"https:\/\/www.fcbarcelonanoticias.com\/en\/wp-json\/wp\/v2\/tags?post=15593"}],"curies":[{"name":"wp","href":"https:\/\/api.w.org\/{rel}","templated":true}]}}