{"id":15697,"date":"2026-01-14T18:26:00","date_gmt":"2026-01-14T17:26:00","guid":{"rendered":"https:\/\/weisetech.dev\/fc-barcelona-noticias\/en\/cancelo-already-trains-with-the-squad-and-is-aiming-for-the-racing-barca-match_315750_102\/"},"modified":"2026-01-14T18:26:00","modified_gmt":"2026-01-14T17:26:00","slug":"cancelo-already-trains-with-the-squad-and-is-aiming-for-the-racing-barca-match_315750_102","status":"publish","type":"post","link":"https:\/\/www.fcbarcelonanoticias.com\/en\/fc-barcelona\/cancelo-already-trains-with-the-squad-and-is-aiming-for-the-racing-barca-match_315750_102.html","title":{"rendered":"Cancelo completes his first training session and could debut in Santander"},"content":{"rendered":"<h2 class=\"wp-block-heading\">Joao Cancelo completed his first training session on Tuesday at the Ciutat Esportiva. The Portuguese player could be included in the squad for the Racing-Barcelona Copa del Rey match<\/h2>  \r\n<div class=\"article-addons\">\r\n    <a href=\"https:\/\/www.fcbarcelonanoticias.com\/en\/calendar-fc-barcelona.html\"\r\n       target=\"_self\"\r\n       title=\"Calendar of FC Barcelona\"\r\n       class=\"blue-gredient-btn\">\r\n       \r\n        Calendar of FC Barcelona    <\/a>\r\n<\/div>   <p>The <a data-external=\"0\" data-intl-links-en=\"https:\/\/www.fcbarcelonanoticias.com\/en\/fc-barcelona-squad.html\" data-intl-links-es=\"https:\/\/www.fcbarcelonanoticias.com\/jugadores-fcbarcelona.html\" href=\"https:\/\/www.fcbarcelonanoticias.com\/en\/fc-barcelona-squad.html\" rel=\"follow\" target=\"_self\" title=\"Plantilla del FC Barcelona 2025-26\">FC Barcelona squad<\/a> held its final training session before visiting <a data-external=\"0\" data-intl-links-en=\"https:\/\/www.fcbarcelonanoticias.com\/en\/copa-del-rey\/racing-vs-barcelona-live-and-online-when-and-where-to-watch-copa-del-rey-match_315748_102.html\" data-intl-links-es=\"https:\/\/www.fcbarcelonanoticias.com\/copa-del-rey\/racing-vs-barcelona-directo-online-cuando-donde-ver-partido-copa-del-rey-tv_315748_102.html\" href=\"https:\/\/www.fcbarcelonanoticias.com\/en\/copa-del-rey\/racing-vs-barcelona-live-and-online-when-and-where-to-watch-copa-del-rey-match_315748_102.html\" rel=\"follow\" target=\"_self\" title=\"Racing vs Barcelona en directo y online: cu\u00e1ndo y d\u00f3nde ver el partido de Copa del Rey en TV\">Racing de Santander (Thursday, 9:00 PM CEST)<\/a> this Wednesday at the Ciutat Esportiva, with <strong>Joao Cancelo<\/strong> as the main novelty. The Portuguese player worked for the first time under the orders of <strong>Hansi Flick<\/strong> and could be included in the manager&#8217;s squad for the Copa del Rey round of 16 clash.<\/p>  <p>Flick himself made it clear that Cancelo &#8220;could get some minutes&#8221; at El Sardinero, once his six-month loan move was finalized. The club took advantage of Andreas Christensen&#8217;s absence to sign him, and although the Portuguese player is not yet registered with LaLiga, he already has a federation license to play<\/p>  <h2>Warm welcome for Cancelo, ready to debut with Bar\u00e7a<\/h2>  <p>On Tuesday, Joao was welcomed by his teammates with the traditional gauntlet. The Barreiro native already shared with most of the Bar\u00e7a locker room in 23\/24, where he **played 42 official matches** under **Xavi Hern\u00e1ndez**.In a presentation, the 31-year-old full-back made it clear that he is coming with the intention of fighting for a place, but mainly to help the team win trophies, something he could not do in his first spell at Can Bar\u00e7a.<\/p>  <blockquote class=\"twitter-tweet\"> <p dir=\"ltr\" lang=\"en\">Welcome, Cancelo! \ud83d\udc99\u2764\ufe0f <a href=\"https:\/\/t.co\/en\/0CpxrzqS1i\">pic.twitter.com\/0CpxrzqS1i<\/a><\/p> \u2014 FC Barcelona (@FCBarcelona_es) <a href=\"https:\/\/twitter.com\/en\/FCBarcelona_es\/status\/2011389847177461933?ref_src=twsrc%5Etfw\">January 14, 2026<\/a> <\/blockquote> <p>The Catalans, for their part, arrive at the duel against Racing at their best footballing and morale moment of the season: with a majority of available players and full confidence after winning the Spanish Super Cup on Sunday, a match that also marked the tenth consecutive victory for the Blaugrana team in all competitions.<\/p>  <p>Cancelo played his last match with Al Hilal on December 22, but he is physically fit to play minutes in Santander. The Portuguese player has completely overcome the hamstring injury in his thigh from mid-September that kept him out of the first half of the Saudi league, due to the foreign player quota limit.For the Copa del Rey, Joao did not play any of Bar\u00e7a&#8217;s three matches in 23\/24. A knee injury kept him out against <a data-external=\"0\" data-intl-links-en=\"https:\/\/www.fcbarcelonanoticias.com\/en\/copa-del-rey\/the-barca-to-eighth-of-glass-with-suffering-in-front-of-the-barbastro-2-3_299687_102.html\" data-intl-links-es=\"https:\/\/www.fcbarcelonanoticias.com\/copa-del-rey\/barca-octavos-copa-con-sufrimiento-barbastro-2-3_299687_102.html\" href=\"https:\/\/www.fcbarcelonanoticias.com\/en\/copa-del-rey\/the-barca-to-eighth-of-glass-with-suffering-in-front-of-the-barbastro-2-3_299687_102.html\" rel=\"follow\" target=\"_self\" title=\"El Bar\u00e7a, a octavos de Copa con sufrimiento ante el Barbastro (2-3)\">Barbastro<\/a> (2-3) and <a data-external=\"0\" data-intl-links-en=\"https:\/\/www.fcbarcelonanoticias.com\/en\/copa-del-rey\/the-barca-elusive-the-abyss-in-front-of-unionistas-to-base-of-golazos-and-puts-in-chambers-of-glass-1-3_300026_102.html\" data-intl-links-es=\"https:\/\/www.fcbarcelonanoticias.com\/copa-del-rey\/barca-esquiva-abismo-unionistas-base-golazos-se-mete-en-cuartos-copa-1-3_300026_102.html\" href=\"https:\/\/www.fcbarcelonanoticias.com\/en\/copa-del-rey\/the-barca-elusive-the-abyss-in-front-of-unionistas-to-base-of-golazos-and-puts-in-chambers-of-glass-1-3_300026_102.html\" rel=\"follow\" target=\"_self\" title=\"El Bar\u00e7a esquiva el 'abismo' ante Unionistas a base de golazos y se mete en cuartos de Copa (1-3)\">Unionistas<\/a> (1-3), while in the quarter-final defeat against <a data-external=\"0\" data-intl-links-en=\"https:\/\/www.fcbarcelonanoticias.com\/en\/copa-del-rey\/barcelona-cannot-with-combative-athletic-is-out-of-cup-4-2_300215_102.html\" data-intl-links-es=\"https:\/\/www.fcbarcelonanoticias.com\/copa-del-rey\/barcelona-no-puede-con-combativo-athletic-queda-fuera-copa-4-2_300215_102.html\" href=\"https:\/\/www.fcbarcelonanoticias.com\/en\/copa-del-rey\/barcelona-cannot-with-combative-athletic-is-out-of-cup-4-2_300215_102.html\" rel=\"follow\" target=\"_self\" title=\"El Bar\u00e7a no puede con un combativo Athletic y se queda fuera de la Copa del Rey (4-2)\">Athletic<\/a> (4-2 after extra time) he was a substitute<\/p>  <h2>Bar\u00e7a to visit Racing with four absences<\/h2>  <p>For the visit to Racing, Hansi Flick will not be able to count on a total of three players due to injury. In addition to <strong>Christensen and Gavi<\/strong>, who have long-term injuries, <strong>Dro Fern\u00e1ndez<\/strong> will also not be available. The youth player was also not present for the Super Cup final due to muscle discomfort that also prevented him from training normally in the last two sessions.<\/p>  <p>The other absence in the Copa del Rey round of 16 will be <a data-external=\"0\" data-intl-links-en=\"https:\/\/www.fcbarcelonanoticias.com\/en\/copa-del-rey\/frenkie-de-jong-to-miss-copa-clash-against-racing_315739_102.html\" data-intl-links-es=\"https:\/\/www.fcbarcelonanoticias.com\/copa-del-rey\/frenkie-jong-baja-por-sancion-contra-racing-octavos-copa_315739_102.html\" href=\"https:\/\/www.fcbarcelonanoticias.com\/en\/copa-del-rey\/frenkie-de-jong-to-miss-copa-clash-against-racing_315739_102.html\" rel=\"follow\" target=\"_self\" title=\"Frenkie de Jong: baja por sanci\u00f3n contra Racing en octavos de Copa\">Frenkie de Jong<\/a>. The Dutchman was sent off in the 90th minute in the victory against Real Madrid with a direct red card and will serve a one-match suspension on Thursday. According to the RFEF disciplinary regulations, suspensions in the Supercopa are served in the immediate Copa or League matches.<\/p> ","protected":false},"excerpt":{"rendered":"<p>Joao Cancelo completed his first training session on Tuesday at the Ciutat Esportiva. The Portuguese player could be included in the squad for the Racing-Barcelona Copa del Rey match The FC Barcelona squad held its final training session before visiting Racing de Santander (Thursday, 9:00 PM CEST) this Wednesday at the Ciutat Esportiva, with Joao [&hellip;]<\/p>\n","protected":false},"author":347,"featured_media":15699,"comment_status":"closed","ping_status":"open","sticky":false,"template":"","format":"standard","meta":{"_acf_changed":false,"inline_featured_image":false,"_nextfly_llmd_date_locked":false,"footnotes":""},"categories":[111],"tags":[87,196,285,460],"class_list":["post-15697","post","type-post","status-publish","format-standard","has-post-thumbnail","hentry","category-fc-barcelona","tag-hansi-flick","tag-joao-cancelo","tag-ronald-araujo","tag-ronald-araujo-2"],"acf":[],"yoast_head":"<!-- This site is optimized with the Yoast SEO plugin v27.3 - https:\/\/yoast.com\/product\/yoast-seo-wordpress\/ -->\n<title>Cancelo already trains with the squad and is aiming for the Racing-Bar\u00e7a match<\/title>\n<meta name=\"description\" content=\"Joao Cancelo completed his first training session on Tuesday at the Ciutat Esportiva. The Portuguese player could be included in the squad for Racing-Barcelona\" \/>\n<meta name=\"robots\" content=\"index, follow, max-snippet:-1, max-image-preview:large, max-video-preview:-1\" \/>\n<link rel=\"canonical\" href=\"https:\/\/www.fcbarcelonanoticias.com\/en\/fc-barcelona\/cancelo-already-trains-with-the-squad-and-is-aiming-for-the-racing-barca-match_315750_102.html\" \/>\n<meta property=\"og:locale\" content=\"en_US\" \/>\n<meta property=\"og:type\" content=\"article\" \/>\n<meta property=\"og:title\" content=\"Cancelo already trains with the squad and is aiming for the Racing-Bar\u00e7a match\" \/>\n<meta property=\"og:description\" content=\"Joao Cancelo completed his first training session on Tuesday at the Ciutat Esportiva. The Portuguese player could be included in the squad for Racing-Barcelona\" \/>\n<meta property=\"og:url\" content=\"https:\/\/www.fcbarcelonanoticias.com\/en\/fc-barcelona\/cancelo-already-trains-with-the-squad-and-is-aiming-for-the-racing-barca-match_315750_102.html\" \/>\n<meta property=\"og:site_name\" content=\"EN - FC Barcelona Noticias\" \/>\n<meta property=\"article:published_time\" content=\"2026-01-14T17:26:00+00:00\" \/>\n<meta property=\"og:image\" content=\"https:\/\/www.fcbarcelonanoticias.com\/en\/wp-content\/uploads\/sites\/2\/2026\/01\/joao-cancelo-barcelona-25-26.jpeg\" \/>\n\t<meta property=\"og:image:width\" content=\"1300\" \/>\n\t<meta property=\"og:image:height\" content=\"732\" \/>\n\t<meta property=\"og:image:type\" content=\"image\/jpeg\" \/>\n<meta name=\"author\" content=\"Andr\u00e9s Quiroz\" \/>\n<meta name=\"twitter:card\" content=\"summary_large_image\" \/>\n<meta name=\"twitter:label1\" content=\"Written by\" \/>\n\t<meta name=\"twitter:data1\" content=\"Andr\u00e9s Quiroz\" \/>\n\t<meta name=\"twitter:label2\" content=\"Est. reading time\" \/>\n\t<meta name=\"twitter:data2\" content=\"3 minutes\" \/>\n<script type=\"application\/ld+json\" class=\"yoast-schema-graph\">{\"@context\":\"https:\\\/\\\/schema.org\",\"@graph\":[{\"@type\":\"Article\",\"@id\":\"https:\\\/\\\/www.fcbarcelonanoticias.com\\\/en\\\/fc-barcelona\\\/cancelo-already-trains-with-the-squad-and-is-aiming-for-the-racing-barca-match_315750_102.html#article\",\"isPartOf\":{\"@id\":\"https:\\\/\\\/www.fcbarcelonanoticias.com\\\/en\\\/fc-barcelona\\\/cancelo-already-trains-with-the-squad-and-is-aiming-for-the-racing-barca-match_315750_102.html\"},\"author\":{\"name\":\"Andr\u00e9s Quiroz\",\"@id\":\"https:\\\/\\\/www.fcbarcelonanoticias.com\\\/en\\\/#\\\/schema\\\/person\\\/c2cd9f6fa1af5c0d0eccd0fefa575c88\"},\"headline\":\"Cancelo completes his first training session and could debut in Santander\",\"datePublished\":\"2026-01-14T17:26:00+00:00\",\"mainEntityOfPage\":{\"@id\":\"https:\\\/\\\/www.fcbarcelonanoticias.com\\\/en\\\/fc-barcelona\\\/cancelo-already-trains-with-the-squad-and-is-aiming-for-the-racing-barca-match_315750_102.html\"},\"wordCount\":541,\"image\":{\"@id\":\"https:\\\/\\\/www.fcbarcelonanoticias.com\\\/en\\\/fc-barcelona\\\/cancelo-already-trains-with-the-squad-and-is-aiming-for-the-racing-barca-match_315750_102.html#primaryimage\"},\"thumbnailUrl\":\"https:\\\/\\\/www.fcbarcelonanoticias.com\\\/en\\\/wp-content\\\/uploads\\\/sites\\\/2\\\/2026\\\/01\\\/joao-cancelo-barcelona-25-26.jpeg\",\"keywords\":[\"Hansi Flick\",\"Joao Cancelo\",\"Ronald Araujo\",\"Ronald Araujo\"],\"articleSection\":[\"FC Barcelona\"],\"inLanguage\":\"en-US\"},{\"@type\":\"WebPage\",\"@id\":\"https:\\\/\\\/www.fcbarcelonanoticias.com\\\/en\\\/fc-barcelona\\\/cancelo-already-trains-with-the-squad-and-is-aiming-for-the-racing-barca-match_315750_102.html\",\"url\":\"https:\\\/\\\/www.fcbarcelonanoticias.com\\\/en\\\/fc-barcelona\\\/cancelo-already-trains-with-the-squad-and-is-aiming-for-the-racing-barca-match_315750_102.html\",\"name\":\"Cancelo already trains with the squad and is aiming for the Racing-Bar\u00e7a match\",\"isPartOf\":{\"@id\":\"https:\\\/\\\/www.fcbarcelonanoticias.com\\\/en\\\/#website\"},\"primaryImageOfPage\":{\"@id\":\"https:\\\/\\\/www.fcbarcelonanoticias.com\\\/en\\\/fc-barcelona\\\/cancelo-already-trains-with-the-squad-and-is-aiming-for-the-racing-barca-match_315750_102.html#primaryimage\"},\"image\":{\"@id\":\"https:\\\/\\\/www.fcbarcelonanoticias.com\\\/en\\\/fc-barcelona\\\/cancelo-already-trains-with-the-squad-and-is-aiming-for-the-racing-barca-match_315750_102.html#primaryimage\"},\"thumbnailUrl\":\"https:\\\/\\\/www.fcbarcelonanoticias.com\\\/en\\\/wp-content\\\/uploads\\\/sites\\\/2\\\/2026\\\/01\\\/joao-cancelo-barcelona-25-26.jpeg\",\"datePublished\":\"2026-01-14T17:26:00+00:00\",\"author\":{\"@id\":\"https:\\\/\\\/www.fcbarcelonanoticias.com\\\/en\\\/#\\\/schema\\\/person\\\/c2cd9f6fa1af5c0d0eccd0fefa575c88\"},\"description\":\"Joao Cancelo completed his first training session on Tuesday at the Ciutat Esportiva. The Portuguese player could be included in the squad for Racing-Barcelona\",\"breadcrumb\":{\"@id\":\"https:\\\/\\\/www.fcbarcelonanoticias.com\\\/en\\\/fc-barcelona\\\/cancelo-already-trains-with-the-squad-and-is-aiming-for-the-racing-barca-match_315750_102.html#breadcrumb\"},\"inLanguage\":\"en-US\",\"potentialAction\":[{\"@type\":\"ReadAction\",\"target\":[\"https:\\\/\\\/www.fcbarcelonanoticias.com\\\/en\\\/fc-barcelona\\\/cancelo-already-trains-with-the-squad-and-is-aiming-for-the-racing-barca-match_315750_102.html\"]}]},{\"@type\":\"ImageObject\",\"inLanguage\":\"en-US\",\"@id\":\"https:\\\/\\\/www.fcbarcelonanoticias.com\\\/en\\\/fc-barcelona\\\/cancelo-already-trains-with-the-squad-and-is-aiming-for-the-racing-barca-match_315750_102.html#primaryimage\",\"url\":\"https:\\\/\\\/www.fcbarcelonanoticias.com\\\/en\\\/wp-content\\\/uploads\\\/sites\\\/2\\\/2026\\\/01\\\/joao-cancelo-barcelona-25-26.jpeg\",\"contentUrl\":\"https:\\\/\\\/www.fcbarcelonanoticias.com\\\/en\\\/wp-content\\\/uploads\\\/sites\\\/2\\\/2026\\\/01\\\/joao-cancelo-barcelona-25-26.jpeg\",\"width\":1300,\"height\":732},{\"@type\":\"BreadcrumbList\",\"@id\":\"https:\\\/\\\/www.fcbarcelonanoticias.com\\\/en\\\/fc-barcelona\\\/cancelo-already-trains-with-the-squad-and-is-aiming-for-the-racing-barca-match_315750_102.html#breadcrumb\",\"itemListElement\":[{\"@type\":\"ListItem\",\"position\":1,\"name\":\"Portada\",\"item\":\"https:\\\/\\\/www.fcbarcelonanoticias.com\\\/en\\\/\"},{\"@type\":\"ListItem\",\"position\":2,\"name\":\"Cancelo completes his first training session and could debut in Santander\"}]},{\"@type\":\"WebSite\",\"@id\":\"https:\\\/\\\/www.fcbarcelonanoticias.com\\\/en\\\/#website\",\"url\":\"https:\\\/\\\/www.fcbarcelonanoticias.com\\\/en\\\/\",\"name\":\"EN - FC Barcelona Noticias\",\"description\":\"\",\"potentialAction\":[{\"@type\":\"SearchAction\",\"target\":{\"@type\":\"EntryPoint\",\"urlTemplate\":\"https:\\\/\\\/www.fcbarcelonanoticias.com\\\/en\\\/?s={search_term_string}\"},\"query-input\":{\"@type\":\"PropertyValueSpecification\",\"valueRequired\":true,\"valueName\":\"search_term_string\"}}],\"inLanguage\":\"en-US\"},{\"@type\":\"Person\",\"@id\":\"https:\\\/\\\/www.fcbarcelonanoticias.com\\\/en\\\/#\\\/schema\\\/person\\\/c2cd9f6fa1af5c0d0eccd0fefa575c88\",\"name\":\"Andr\u00e9s Quiroz\",\"image\":{\"@type\":\"ImageObject\",\"inLanguage\":\"en-US\",\"@id\":\"https:\\\/\\\/secure.gravatar.com\\\/avatar\\\/?s=96&d=mm&r=g\",\"url\":\"https:\\\/\\\/secure.gravatar.com\\\/avatar\\\/?s=96&d=mm&r=g\",\"contentUrl\":\"https:\\\/\\\/secure.gravatar.com\\\/avatar\\\/?s=96&d=mm&r=g\",\"caption\":\"Andr\u00e9s Quiroz\"},\"description\":\"Licenciado en Periodismo por la Universidad de los Andes. Me encargo de analizar y compartir los contenidos m\u00e1s destacados de la\u00a0actualidad del F\u00fatbol Club Barcelona, Mercado de Fichajes y F\u00fatbol Internacional en FCBN. La informaci\u00f3n es poder, pero tambi\u00e9n conocimiento.\",\"url\":\"https:\\\/\\\/www.fcbarcelonanoticias.com\\\/en\\\/fc-barcelona\\\/andres-quiroz_17_115.html\"}]}<\/script>\n<!-- \/ Yoast SEO plugin. -->","yoast_head_json":{"title":"Cancelo already trains with the squad and is aiming for the Racing-Bar\u00e7a match","description":"Joao Cancelo completed his first training session on Tuesday at the Ciutat Esportiva. The Portuguese player could be included in the squad for Racing-Barcelona","robots":{"index":"index","follow":"follow","max-snippet":"max-snippet:-1","max-image-preview":"max-image-preview:large","max-video-preview":"max-video-preview:-1"},"canonical":"https:\/\/www.fcbarcelonanoticias.com\/en\/fc-barcelona\/cancelo-already-trains-with-the-squad-and-is-aiming-for-the-racing-barca-match_315750_102.html","og_locale":"en_US","og_type":"article","og_title":"Cancelo already trains with the squad and is aiming for the Racing-Bar\u00e7a match","og_description":"Joao Cancelo completed his first training session on Tuesday at the Ciutat Esportiva. The Portuguese player could be included in the squad for Racing-Barcelona","og_url":"https:\/\/www.fcbarcelonanoticias.com\/en\/fc-barcelona\/cancelo-already-trains-with-the-squad-and-is-aiming-for-the-racing-barca-match_315750_102.html","og_site_name":"EN - FC Barcelona Noticias","article_published_time":"2026-01-14T17:26:00+00:00","og_image":[{"width":1300,"height":732,"url":"https:\/\/www.fcbarcelonanoticias.com\/en\/wp-content\/uploads\/sites\/2\/2026\/01\/joao-cancelo-barcelona-25-26.jpeg","type":"image\/jpeg"}],"author":"Andr\u00e9s Quiroz","twitter_card":"summary_large_image","twitter_misc":{"Written by":"Andr\u00e9s Quiroz","Est. reading time":"3 minutes"},"schema":{"@context":"https:\/\/schema.org","@graph":[{"@type":"Article","@id":"https:\/\/www.fcbarcelonanoticias.com\/en\/fc-barcelona\/cancelo-already-trains-with-the-squad-and-is-aiming-for-the-racing-barca-match_315750_102.html#article","isPartOf":{"@id":"https:\/\/www.fcbarcelonanoticias.com\/en\/fc-barcelona\/cancelo-already-trains-with-the-squad-and-is-aiming-for-the-racing-barca-match_315750_102.html"},"author":{"name":"Andr\u00e9s Quiroz","@id":"https:\/\/www.fcbarcelonanoticias.com\/en\/#\/schema\/person\/c2cd9f6fa1af5c0d0eccd0fefa575c88"},"headline":"Cancelo completes his first training session and could debut in Santander","datePublished":"2026-01-14T17:26:00+00:00","mainEntityOfPage":{"@id":"https:\/\/www.fcbarcelonanoticias.com\/en\/fc-barcelona\/cancelo-already-trains-with-the-squad-and-is-aiming-for-the-racing-barca-match_315750_102.html"},"wordCount":541,"image":{"@id":"https:\/\/www.fcbarcelonanoticias.com\/en\/fc-barcelona\/cancelo-already-trains-with-the-squad-and-is-aiming-for-the-racing-barca-match_315750_102.html#primaryimage"},"thumbnailUrl":"https:\/\/www.fcbarcelonanoticias.com\/en\/wp-content\/uploads\/sites\/2\/2026\/01\/joao-cancelo-barcelona-25-26.jpeg","keywords":["Hansi Flick","Joao Cancelo","Ronald Araujo","Ronald Araujo"],"articleSection":["FC Barcelona"],"inLanguage":"en-US"},{"@type":"WebPage","@id":"https:\/\/www.fcbarcelonanoticias.com\/en\/fc-barcelona\/cancelo-already-trains-with-the-squad-and-is-aiming-for-the-racing-barca-match_315750_102.html","url":"https:\/\/www.fcbarcelonanoticias.com\/en\/fc-barcelona\/cancelo-already-trains-with-the-squad-and-is-aiming-for-the-racing-barca-match_315750_102.html","name":"Cancelo already trains with the squad and is aiming for the Racing-Bar\u00e7a match","isPartOf":{"@id":"https:\/\/www.fcbarcelonanoticias.com\/en\/#website"},"primaryImageOfPage":{"@id":"https:\/\/www.fcbarcelonanoticias.com\/en\/fc-barcelona\/cancelo-already-trains-with-the-squad-and-is-aiming-for-the-racing-barca-match_315750_102.html#primaryimage"},"image":{"@id":"https:\/\/www.fcbarcelonanoticias.com\/en\/fc-barcelona\/cancelo-already-trains-with-the-squad-and-is-aiming-for-the-racing-barca-match_315750_102.html#primaryimage"},"thumbnailUrl":"https:\/\/www.fcbarcelonanoticias.com\/en\/wp-content\/uploads\/sites\/2\/2026\/01\/joao-cancelo-barcelona-25-26.jpeg","datePublished":"2026-01-14T17:26:00+00:00","author":{"@id":"https:\/\/www.fcbarcelonanoticias.com\/en\/#\/schema\/person\/c2cd9f6fa1af5c0d0eccd0fefa575c88"},"description":"Joao Cancelo completed his first training session on Tuesday at the Ciutat Esportiva. The Portuguese player could be included in the squad for Racing-Barcelona","breadcrumb":{"@id":"https:\/\/www.fcbarcelonanoticias.com\/en\/fc-barcelona\/cancelo-already-trains-with-the-squad-and-is-aiming-for-the-racing-barca-match_315750_102.html#breadcrumb"},"inLanguage":"en-US","potentialAction":[{"@type":"ReadAction","target":["https:\/\/www.fcbarcelonanoticias.com\/en\/fc-barcelona\/cancelo-already-trains-with-the-squad-and-is-aiming-for-the-racing-barca-match_315750_102.html"]}]},{"@type":"ImageObject","inLanguage":"en-US","@id":"https:\/\/www.fcbarcelonanoticias.com\/en\/fc-barcelona\/cancelo-already-trains-with-the-squad-and-is-aiming-for-the-racing-barca-match_315750_102.html#primaryimage","url":"https:\/\/www.fcbarcelonanoticias.com\/en\/wp-content\/uploads\/sites\/2\/2026\/01\/joao-cancelo-barcelona-25-26.jpeg","contentUrl":"https:\/\/www.fcbarcelonanoticias.com\/en\/wp-content\/uploads\/sites\/2\/2026\/01\/joao-cancelo-barcelona-25-26.jpeg","width":1300,"height":732},{"@type":"BreadcrumbList","@id":"https:\/\/www.fcbarcelonanoticias.com\/en\/fc-barcelona\/cancelo-already-trains-with-the-squad-and-is-aiming-for-the-racing-barca-match_315750_102.html#breadcrumb","itemListElement":[{"@type":"ListItem","position":1,"name":"Portada","item":"https:\/\/www.fcbarcelonanoticias.com\/en\/"},{"@type":"ListItem","position":2,"name":"Cancelo completes his first training session and could debut in Santander"}]},{"@type":"WebSite","@id":"https:\/\/www.fcbarcelonanoticias.com\/en\/#website","url":"https:\/\/www.fcbarcelonanoticias.com\/en\/","name":"EN - FC Barcelona Noticias","description":"","potentialAction":[{"@type":"SearchAction","target":{"@type":"EntryPoint","urlTemplate":"https:\/\/www.fcbarcelonanoticias.com\/en\/?s={search_term_string}"},"query-input":{"@type":"PropertyValueSpecification","valueRequired":true,"valueName":"search_term_string"}}],"inLanguage":"en-US"},{"@type":"Person","@id":"https:\/\/www.fcbarcelonanoticias.com\/en\/#\/schema\/person\/c2cd9f6fa1af5c0d0eccd0fefa575c88","name":"Andr\u00e9s Quiroz","image":{"@type":"ImageObject","inLanguage":"en-US","@id":"https:\/\/secure.gravatar.com\/avatar\/?s=96&d=mm&r=g","url":"https:\/\/secure.gravatar.com\/avatar\/?s=96&d=mm&r=g","contentUrl":"https:\/\/secure.gravatar.com\/avatar\/?s=96&d=mm&r=g","caption":"Andr\u00e9s Quiroz"},"description":"Licenciado en Periodismo por la Universidad de los Andes. Me encargo de analizar y compartir los contenidos m\u00e1s destacados de la\u00a0actualidad del F\u00fatbol Club Barcelona, Mercado de Fichajes y F\u00fatbol Internacional en FCBN. La informaci\u00f3n es poder, pero tambi\u00e9n conocimiento.","url":"https:\/\/www.fcbarcelonanoticias.com\/en\/fc-barcelona\/andres-quiroz_17_115.html"}]}},"_links":{"self":[{"href":"https:\/\/www.fcbarcelonanoticias.com\/en\/wp-json\/wp\/v2\/posts\/15697","targetHints":{"allow":["GET"]}}],"collection":[{"href":"https:\/\/www.fcbarcelonanoticias.com\/en\/wp-json\/wp\/v2\/posts"}],"about":[{"href":"https:\/\/www.fcbarcelonanoticias.com\/en\/wp-json\/wp\/v2\/types\/post"}],"author":[{"embeddable":true,"href":"https:\/\/www.fcbarcelonanoticias.com\/en\/wp-json\/wp\/v2\/users\/347"}],"replies":[{"embeddable":true,"href":"https:\/\/www.fcbarcelonanoticias.com\/en\/wp-json\/wp\/v2\/comments?post=15697"}],"version-history":[{"count":1,"href":"https:\/\/www.fcbarcelonanoticias.com\/en\/wp-json\/wp\/v2\/posts\/15697\/revisions"}],"predecessor-version":[{"id":15698,"href":"https:\/\/www.fcbarcelonanoticias.com\/en\/wp-json\/wp\/v2\/posts\/15697\/revisions\/15698"}],"wp:featuredmedia":[{"embeddable":true,"href":"https:\/\/www.fcbarcelonanoticias.com\/en\/wp-json\/wp\/v2\/media\/15699"}],"wp:attachment":[{"href":"https:\/\/www.fcbarcelonanoticias.com\/en\/wp-json\/wp\/v2\/media?parent=15697"}],"wp:term":[{"taxonomy":"category","embeddable":true,"href":"https:\/\/www.fcbarcelonanoticias.com\/en\/wp-json\/wp\/v2\/categories?post=15697"},{"taxonomy":"post_tag","embeddable":true,"href":"https:\/\/www.fcbarcelonanoticias.com\/en\/wp-json\/wp\/v2\/tags?post=15697"}],"curies":[{"name":"wp","href":"https:\/\/api.w.org\/{rel}","templated":true}]}}