{"id":15800,"date":"2025-05-17T01:00:00","date_gmt":"2025-05-16T23:00:00","guid":{"rendered":"https:\/\/weisetech.dev\/fc-barcelona-noticias\/en\/champions-parade-in-barcelona-passion-chants-and-city-dyed-in-blaugrana_312666_102\/"},"modified":"2026-03-27T11:39:53","modified_gmt":"2026-03-27T10:39:53","slug":"champions-parade-in-barcelona-passion-chants-and-city-dyed-in-blaugrana_312666_102","status":"publish","type":"post","link":"https:\/\/www.fcbarcelonanoticias.com\/en\/fc-barcelona\/champions-parade-in-barcelona-passion-chants-and-city-dyed-in-blaugrana_312666_102.html","title":{"rendered":"Champions&#8217; parade in Barcelona: passion, chants and a city dyed in blaugrana"},"content":{"rendered":"<h2 class=\"wp-block-heading\">Barcelona embraced its team: thousands filled the streets in a historic celebration of the cul\u00e9 national treble<\/h2>  \r\n<div class=\"article-addons\">\r\n    <a href=\"https:\/\/www.fcbarcelonanoticias.com\/en\/calendar-fc-barcelona.html\"\r\n       target=\"_self\"\r\n       title=\"Calendar of FC Barcelona\"\r\n       class=\"blue-gredient-btn\">\r\n       \r\n        Calendar of FC Barcelona    <\/a>\r\n<\/div>   <p>A huge success! That&#8217;s how you can describe <a data-external=\"0\" data-intl-links-en=\"https:\/\/www.fcbarcelonanoticias.com\/en\/fc-barcelona\/barca-will-celebrate-national-treble-with-grand-parade-and-final-party-in-montjuic_312647_102.html\" data-intl-links-es=\"https:\/\/www.fcbarcelonanoticias.com\/fc-barcelona\/barcelona-celebracion-rua-fiesta-montjuic-2025_312647_102.html\" href=\"https:\/\/www.fcbarcelonanoticias.com\/en\/fc-barcelona\/barca-will-celebrate-national-treble-with-grand-parade-and-final-party-in-montjuic_312647_102.html\" rel=\"follow\" target=\"_self\" title=\"R\u00faa del Bar\u00e7a hoy y fiesta en Montju\u00efc: as\u00ed ser\u00e1 el homenaje a los CAMPEONES\">the well-deserved champions&#8217; parade<\/a> starring the first team of <strong>Barcelona<\/strong> this Friday. A vibrant tour in which the cul\u00e9s crowded the streets to make their warmth and closeness felt to a team that this season has returned their hope, achieving <a data-external=\"0\" data-intl-links-en=\"https:\/\/www.fcbarcelonanoticias.com\/en\/fc-barcelona\/barcelona-national-treble-liga-copa-and-super-cup_312658_102.html\" data-intl-links-es=\"https:\/\/www.fcbarcelonanoticias.com\/fc-barcelona\/barcelona-gana-triplete-nacional-liga-copa-supercopa_312658_102.html\" href=\"https:\/\/www.fcbarcelonanoticias.com\/en\/fc-barcelona\/barcelona-national-treble-liga-copa-and-super-cup_312658_102.html\" rel=\"follow\" target=\"_self\" title=\"El Barcelona gana TRIPLETE NACIONAL 2024\/25: Liga, Copa y Supercopa\">a remarkable local treble<\/a>: LaLiga, Copa del Rey and Spanish Super Cup.<\/p>  <p>As planned, <strong>the Bar\u00e7a caravan started at 6:00 PM<\/strong> from Avenida Ar\u00edstides Maillol, crossing several emblematic points of the city:<\/p>  <ol> <li>Travessera de Les Corts (Access 13, Spotify Camp Nou)<\/li> \t<li>Calle Numancia<\/li> \t<li>Streets Berl\u00edn and Par\u00eds<\/li> \t<li>Calle Balmes<\/li> \t<li>Calle Fontanella<\/li> \t<li>Calle Trafalgar<\/li> \t<li>Until culminating in the Arc de Triomf<\/li> <\/ol> <div class=\"media media-image\" data-ck-asset-wrapper=\"\"> <div class=\"media-item\"> <p style=\"text-align: center;\"><img loading=\"lazy\" decoding=\"async\" alt=\"Recorrido R\u00faa del FC Barcelona Campeones 2024-2025\" data-id=\"1494411\" data-resize=\"9\" height=\"563\" src=\"https:\/\/www.fcbarcelonanoticias.com\/wp-content\/uploads\/sites\/2\/2025\/05\/fcbn-e6ffd92055d86f89e786a76e9c35adac.jpeg\" title=\"Recorrido R\u00faa del FC Barcelona Campeones 2024-2025\" width=\"1000\"><\/p>  <div class=\"media-title\" style=\"text-align: center;\">Route of the FC Barcelona Champions Parade 2024-2025<\/div> <\/div> <\/div>  <h2>The City Was Dyed in Blaugrana Colors<\/h2>  <p>From the beginning of the parade, it could be seen how the fans filled the streets <strong>with shirts, flags and posters<\/strong>. The enthusiasm knew no limits: many cul\u00e9s also looked out from the balconies of their houses, managing to have a better view of their idols.<\/p>  <p>The Travessera de Les Corts marked the beginning of the visual spectacle, with the first blaugrana flares illuminating the atmosphere. Meanwhile, the players enjoyed the moment from the bus, sharing photos on social networks with an increasingly dedicated public, singing from the classic <strong>&#8220;Champions, champions&#8221;<\/strong> to the inevitable <strong>&#8220;Madridista who doesn&#8217;t jump!&#8221;<\/strong>.<\/p>  <div class=\"media media-image\" data-ck-asset-wrapper=\"\"> <div class=\"media-item\"> <p style=\"text-align: center;\"><img loading=\"lazy\" decoding=\"async\" alt=\"Jugadores del FC Barcelona en la r\u00faa con la afici\u00f3n rodeando el autocar\" data-id=\"1494698\" data-resize=\"9\" height=\"563\" src=\"https:\/\/www.fcbarcelonanoticias.com\/wp-content\/uploads\/sites\/2\/2025\/05\/fcbn-c751ae07b1ec6a9b97cace9c8ece0e4a.jpeg\" title=\"Jugadores del FC Barcelona en la r\u00faa con la afici\u00f3n rodeando el autocar\" width=\"1000\"><\/p>  <div class=\"media-title\" style=\"text-align: center;\">FC Barcelona players in the parade with the fans surrounding the bus<\/div> <\/div> <\/div>  <p>In turn, several players took the opportunity to share their emotions live through <strong>Bar\u00e7a One<\/strong>. For example, <strong>Marc-Andr\u00e9 ter Stegen<\/strong>, Bar\u00e7a captain:<\/p>  <ol> <li>&#8220;The weather is good, people are eager to see us&#8230; I am very happy to be able to celebrate the League with the fans.&#8221;<\/li> \t<li>&#8220;You never get tired of winning titles, it&#8217;s the goal of all of us.&#8221;<\/li> \t<li>&#8220;There is a spectacular connection between the fans and the club.&#8221;<\/li> \t<li>&#8220;What we have achieved this year has a lot of merit.&#8221;<\/li> \t<li>&#8220;Flick&#8217;s philosophy has helped us a lot. We have an exciting future.&#8221;<\/li> <\/ol> <h2>The viral gesture of Lamine Yamal and Casad\u00f3<\/h2>  <p>In a much commented moment, <strong>Lamine Yamal and Marc Casad\u00f3<\/strong> spoke with the microphones of &#8216;Jijantes&#8217;. The &#8217;17&#8217; asked the following: &#8220;<strong>In the end, did we win anything?<\/strong>&#8221; and the &#8217;19&#8217; blaugrana left a phrase that went viral:<\/p>  <blockquote> <p>&#8220;We haven&#8217;t won anything. In December we lost everything.&#8221;<\/p> <\/blockquote>  <p>A clear allusion to the complicated moment that the team went through in December, when many considered the season lost, and that <strong>the team managed to reverse with character and determination<\/strong>.<\/p>  <blockquote class=\"twitter-tweet\" data-media-max-width=\"560\"> <p dir=\"ltr\" lang=\"es\">\ud83d\udcfa DIRECTO <a href=\"https:\/\/twitter.com\/en\/JijantesFC?ref_src=twsrc%5Etfw\">@JijantesFC<\/a><br><br> Marc Casad\u00f3 with the Jijantes&#8217; microphone on the parade bus and Raphinha appears: &#8220;take the third placed ****&#8221; \ud83d\udc40<br><br> Lamine Yamal: &#8220;We haven&#8217;t won. In December we lost everything.&#8221; \ud83d\ude02<br><br> \ud83d\udd17 <a href=\"https:\/\/t.co\/en\/OGW0AKAWMl\">https:\/\/t.co\/OGW0AKAWMl<\/a> <a href=\"https:\/\/t.co\/en\/O8RfjjGrio\">pic.twitter.com\/O8RfjjGrio<\/a><\/p> \u2014 Jijantes FC (@JijantesFC) <a href=\"https:\/\/twitter.com\/en\/JijantesFC\/status\/1923424587531874377?ref_src=twsrc%5Etfw\">May 16, 2025<\/a> <\/blockquote> <h2>Party, spontaneity and emotion in every corner<\/h2>  <p>The players showed their most relaxed version: some eating popcorn or lollipops, others, like <strong>I\u00f1igo Mart\u00ednez<\/strong>, even with a beer in hand. Added to this, the fans were not far behind, and remembered the great absentee of the day: <strong>Ferran Torres<\/strong>, <a data-external=\"0\" data-intl-links-en=\"https:\/\/www.fcbarcelonanoticias.com\/en\/fc-barcelona\/ferran-torres-encourages-barca-after-his-appendicitis-operation_312636_102.html\" data-intl-links-es=\"https:\/\/www.fcbarcelonanoticias.com\/fc-barcelona\/ferran-torres-mensaje-apendicitis-espanyol-barca_312636_102.html\" href=\"https:\/\/www.fcbarcelonanoticias.com\/en\/fc-barcelona\/ferran-torres-encourages-barca-after-his-appendicitis-operation_312636_102.html\" rel=\"follow\" target=\"_self\" title=\"Ferran Torres, positivo tras su operaci\u00f3n de apendicitis: mensaje de aliento antes del Espanyol-Bar\u00e7a\">recently operated on for appendicitis<\/a>. Many carried shark plushies as a symbolic tribute to the &#8220;Shark&#8221; Ferran.<\/p>  <blockquote> <ul> <li>\ud83c\udf99\ufe0f <strong>Ferm\u00edn L\u00f3pez<\/strong> for &#8216;Bar\u00e7a One&#8217;: &#8220;It&#8217;s a dream come true. It was impossible to imagine something like this. We are all culers and people see it&#8221;<\/li> <\/ul> <\/blockquote>  <h2>The appearance of Cat, the cul\u00e9 mascot<\/h2>  <p>In the middle of the tour, <strong>Cat<\/strong>, the club&#8217;s mascot, made its appearance, filling the caravan with confetti and color. It must be remembered that this is the first parade that the fantastic character of the Catalan team has experienced.<\/p>  <div class=\"media media-image\" data-ck-asset-wrapper=\"\"> <div class=\"media-item\"> <p style=\"text-align: center;\"><img loading=\"lazy\" decoding=\"async\" alt=\"Cat, la mascota del FC Barcelona, presente en la r\u00faa\" data-id=\"1494690\" data-resize=\"9\" height=\"563\" src=\"https:\/\/www.fcbarcelonanoticias.com\/wp-content\/uploads\/sites\/2\/2025\/05\/fcbn-d6a14e1cf46cedb47eb9096cdc59a98a.jpeg\" title=\"Cat, la mascota del FC Barcelona, presente en la r\u00faa\" width=\"1000\"><\/p>  <div class=\"media-title\" style=\"text-align: center;\">Cat, the FC Barcelona mascot, present at the parade<\/div> <\/div> <\/div>  <blockquote> <p>\ud83c\udf99\ufe0f More voices of the protagonists for &#8216;Bar\u00e7a One&#8217;:<\/p>  <ul> <li> <strong>Marc Bernal<\/strong>: &#8220;I haven&#8217;t been able to participate much, but I was very excited to see the team.&#8221;<\/li> \t<li> <strong>Gerard Mart\u00edn<\/strong>: &#8220;A League with Bar\u00e7a cannot be described with words. Next season we want to surpass ourselves.&#8221;<\/li> <\/ul> <\/blockquote>  <p>You could also see <strong>Lamine Yamal and Pau Cubars\u00ed<\/strong> singing &#8220;Un d\u00eda de partit&#8221;, filling the atmosphere with emotion and nostalgia.<\/p>  <blockquote> <p>\ud83c\udf99\ufe0f <strong>More voices of the protagonists for &#8216;Bar\u00e7a One&#8217;:<\/strong><\/p>  <ul> <li> <strong>Ronald Ara\u00fajo:<\/strong> &#8220;At the beginning of the season nobody gave anything for us and now we are champions&#8221;<br><br><span style=\"font-family: Arial, Helvetica, sans-serif;\">&#8220;We are missing that Champions League, but it will come. Trust us&#8221;<\/span>  \t<p>&nbsp;<\/p>  \t<p>&#8220;La Masia is incredible, the club has changed important things&#8221;<br> \t&#8220;Two leagues in three seasons is incredible. We don&#8217;t get tired, we are hungry for more&#8221;<\/p> \t<\/li> \t<li> <strong>Andreas Christensen:<\/strong> &#8220;We can feel that this is very important for the fans&#8221;<br> \t&#8220;I am proud of the team&#8221;<\/li> \t<li> <strong>Wojciech Szcz\u0119sny:<\/strong> &#8220;I didn&#8217;t expect, when I retired, to be celebrating three titles&#8221;<\/li> \t<li> <strong>Robert Lewandowski<\/strong>: &#8220;Many people have fallen in love with how we have played&#8221;<br> \t&#8220;Playing with such young guys makes me feel like a teenager again&#8221;<\/li> <\/ul> <\/blockquote>  <p>In addition to this, a scene that quickly went viral was when <strong>Ronald Ara\u00fajo<\/strong> tried to kick a ball from the bus&#8230; and ended up falling to the ground, bringing smiles to teammates and fans.<\/p>  <blockquote class=\"twitter-tweet\" data-media-max-width=\"560\"> <p dir=\"rtl\" lang=\"ar\">\u0623\u0631\u0627\u0648\u062e\u0648 \ud83d\ude02 <a href=\"https:\/\/t.co\/en\/Nnq2xt7Qck\">pic.twitter.com\/Nnq2xt7Qck<\/a><\/p> \u2014 FCB World (@forcabarca_ar) <a href=\"https:\/\/twitter.com\/en\/forcabarca_ar\/status\/1923449156145721749?ref_src=twsrc%5Etfw\">May 16, 2025<\/a> <\/blockquote> <blockquote> <ul> <li>\ud83c\udf99\ufe0f <strong>More voices of the protagonists for &#8216;Bar\u00e7a One&#8217;:<\/strong> <\/li> \t<li> <strong>H\u00e9ctor Fort<\/strong>: &#8220;It&#8217;s crazy, you enjoy it a lot. We have done a very good job&#8221;<br><br> \t&#8220;I am very grateful for the minutes I have had.&#8221;<\/li> \t<li> <strong>Gavi<\/strong>: &#8220;If they had told me at the beginning of the season, I wouldn&#8217;t have believed it&#8221;<\/li> \t<li> <strong>Pau V\u00edctor<\/strong>: &#8220;When I was little I was down there. It gives me goosebumps&#8221;<br><br> \t&#8220;We are a family, we go as one. This is just the beginning&#8221;<\/li> <\/ul> <\/blockquote>  <h2>The parade had a memorable ending at the Arc de Triomf<\/h2>  <p>After almost three hours of travel, the parade culminated around 9:30 p.m. at the <strong>Arc de Triomf<\/strong>, where fireworks and flares gave the perfect ending. <strong>Ronald Araujo<\/strong> and <strong>Raphinha<\/strong>, at the top of the bus, waved the blaugrana flag while the public chanted incessantly.<\/p>  <div class=\"media media-image\" data-ck-asset-wrapper=\"\"> <div class=\"media-item\"> <p style=\"text-align: center;\"><img loading=\"lazy\" decoding=\"async\" alt=\"Marc Casad\u00f3 enarbolando la bandera del FC Barcelona luego de que el autocar cul\u00e9 llegara al Arc de Triomf\" data-id=\"1494714\" data-resize=\"9\" height=\"563\" src=\"https:\/\/www.fcbarcelonanoticias.com\/wp-content\/uploads\/sites\/2\/2025\/05\/fcbn-4ea21b5d7c398cdf9987ceb4bb94cffa.jpeg\" title=\"Marc Casad\u00f3 enarbolando la bandera del FC Barcelona luego de que el autocar cul\u00e9 llegara al Arc de Triomf\" width=\"1000\"><\/p>  <div class=\"media-title\" style=\"text-align: center;\">Marc Casad\u00f3 waving the FC Barcelona flag after the cul\u00e9 bus arrived at the Arc de Triomf<\/div> <\/div> <\/div>  <p>The last to address the fans was <strong>Lamine Yamal<\/strong>, closing the day with emotion: &#8220;It is a dream to be able to live this with the club of my life.&#8221; And with a &#8220;<strong>jump, jump, jump, madridista who doesn&#8217;t jump<\/strong>&#8220;, he sealed a night that will be remembered by all cul\u00e9s.<\/p> ","protected":false},"excerpt":{"rendered":"<p>Barcelona embraced its team: thousands filled the streets in a historic celebration of the cul\u00e9 national treble A huge success! That&#8217;s how you can describe the well-deserved champions&#8217; parade starring the first team of Barcelona this Friday. A vibrant tour in which the cul\u00e9s crowded the streets to make their warmth and closeness felt to [&hellip;]<\/p>\n","protected":false},"author":355,"featured_media":15801,"comment_status":"closed","ping_status":"open","sticky":false,"template":"","format":"standard","meta":{"_acf_changed":false,"inline_featured_image":false,"_nextfly_llmd_date_locked":false,"footnotes":""},"categories":[111],"tags":[169,175],"class_list":["post-15800","post","type-post","status-publish","format-standard","has-post-thumbnail","hentry","category-fc-barcelona","tag-barca-football","tag-viral"],"acf":[],"yoast_head":"<!-- This site is optimized with the Yoast SEO plugin v27.3 - https:\/\/yoast.com\/product\/yoast-seo-wordpress\/ -->\n<title>Champions&#039; parade in Barcelona: passion, chants and a city dyed in blaugrana<\/title>\n<meta name=\"description\" content=\"Barcelona went crazy: Relive the champions&#039; parade with photos and videos. Thousands celebrated the cul\u00e9 national treble. Don&#039;t miss the historic party!\" \/>\n<meta name=\"robots\" content=\"index, follow, max-snippet:-1, max-image-preview:large, max-video-preview:-1\" \/>\n<link rel=\"canonical\" href=\"https:\/\/www.fcbarcelonanoticias.com\/en\/fc-barcelona\/champions-parade-in-barcelona-passion-chants-and-city-dyed-in-blaugrana_312666_102.html\" \/>\n<meta property=\"og:locale\" content=\"en_US\" \/>\n<meta property=\"og:type\" content=\"article\" \/>\n<meta property=\"og:title\" content=\"Champions&#039; parade in Barcelona: passion, chants and a city dyed in blaugrana\" \/>\n<meta property=\"og:description\" content=\"Barcelona went crazy: Relive the champions&#039; parade with photos and videos. Thousands celebrated the cul\u00e9 national treble. Don&#039;t miss the historic party!\" \/>\n<meta property=\"og:url\" content=\"https:\/\/www.fcbarcelonanoticias.com\/en\/fc-barcelona\/champions-parade-in-barcelona-passion-chants-and-city-dyed-in-blaugrana_312666_102.html\" \/>\n<meta property=\"og:site_name\" content=\"EN - FC Barcelona Noticias\" \/>\n<meta property=\"article:published_time\" content=\"2025-05-16T23:00:00+00:00\" \/>\n<meta property=\"article:modified_time\" content=\"2026-03-27T10:39:53+00:00\" \/>\n<meta property=\"og:image\" content=\"https:\/\/www.fcbarcelonanoticias.com\/en\/wp-content\/uploads\/sites\/2\/2025\/05\/la-inolvidable-rua-del-fc-barcelona-tras-conseguir-el-triplete-espanol.jpeg\" \/>\n\t<meta property=\"og:image:width\" content=\"1200\" \/>\n\t<meta property=\"og:image:height\" content=\"675\" \/>\n\t<meta property=\"og:image:type\" content=\"image\/jpeg\" \/>\n<meta name=\"author\" content=\"Kevin G\u00f3mez\" \/>\n<meta name=\"twitter:card\" content=\"summary_large_image\" \/>\n<meta name=\"twitter:label1\" content=\"Written by\" \/>\n\t<meta name=\"twitter:data1\" content=\"Kevin G\u00f3mez\" \/>\n\t<meta name=\"twitter:label2\" content=\"Est. reading time\" \/>\n\t<meta name=\"twitter:data2\" content=\"5 minutes\" \/>\n<script type=\"application\/ld+json\" class=\"yoast-schema-graph\">{\"@context\":\"https:\\\/\\\/schema.org\",\"@graph\":[{\"@type\":\"Article\",\"@id\":\"https:\\\/\\\/www.fcbarcelonanoticias.com\\\/en\\\/fc-barcelona\\\/champions-parade-in-barcelona-passion-chants-and-city-dyed-in-blaugrana_312666_102.html#article\",\"isPartOf\":{\"@id\":\"https:\\\/\\\/www.fcbarcelonanoticias.com\\\/en\\\/fc-barcelona\\\/champions-parade-in-barcelona-passion-chants-and-city-dyed-in-blaugrana_312666_102.html\"},\"author\":{\"name\":\"Kevin G\u00f3mez\",\"@id\":\"https:\\\/\\\/www.fcbarcelonanoticias.com\\\/en\\\/#\\\/schema\\\/person\\\/991443f134df9a64c6874f96ff984c9d\"},\"headline\":\"Champions&#8217; parade in Barcelona: passion, chants and a city dyed in blaugrana\",\"datePublished\":\"2025-05-16T23:00:00+00:00\",\"dateModified\":\"2026-03-27T10:39:53+00:00\",\"mainEntityOfPage\":{\"@id\":\"https:\\\/\\\/www.fcbarcelonanoticias.com\\\/en\\\/fc-barcelona\\\/champions-parade-in-barcelona-passion-chants-and-city-dyed-in-blaugrana_312666_102.html\"},\"wordCount\":1101,\"image\":{\"@id\":\"https:\\\/\\\/www.fcbarcelonanoticias.com\\\/en\\\/fc-barcelona\\\/champions-parade-in-barcelona-passion-chants-and-city-dyed-in-blaugrana_312666_102.html#primaryimage\"},\"thumbnailUrl\":\"https:\\\/\\\/www.fcbarcelonanoticias.com\\\/en\\\/wp-content\\\/uploads\\\/sites\\\/2\\\/2025\\\/05\\\/la-inolvidable-rua-del-fc-barcelona-tras-conseguir-el-triplete-espanol.jpeg\",\"keywords\":[\"Bar\u00e7a\",\"Viral\"],\"articleSection\":[\"FC Barcelona\"],\"inLanguage\":\"en-US\"},{\"@type\":\"WebPage\",\"@id\":\"https:\\\/\\\/www.fcbarcelonanoticias.com\\\/en\\\/fc-barcelona\\\/champions-parade-in-barcelona-passion-chants-and-city-dyed-in-blaugrana_312666_102.html\",\"url\":\"https:\\\/\\\/www.fcbarcelonanoticias.com\\\/en\\\/fc-barcelona\\\/champions-parade-in-barcelona-passion-chants-and-city-dyed-in-blaugrana_312666_102.html\",\"name\":\"Champions' parade in Barcelona: passion, chants and a city dyed in blaugrana\",\"isPartOf\":{\"@id\":\"https:\\\/\\\/www.fcbarcelonanoticias.com\\\/en\\\/#website\"},\"primaryImageOfPage\":{\"@id\":\"https:\\\/\\\/www.fcbarcelonanoticias.com\\\/en\\\/fc-barcelona\\\/champions-parade-in-barcelona-passion-chants-and-city-dyed-in-blaugrana_312666_102.html#primaryimage\"},\"image\":{\"@id\":\"https:\\\/\\\/www.fcbarcelonanoticias.com\\\/en\\\/fc-barcelona\\\/champions-parade-in-barcelona-passion-chants-and-city-dyed-in-blaugrana_312666_102.html#primaryimage\"},\"thumbnailUrl\":\"https:\\\/\\\/www.fcbarcelonanoticias.com\\\/en\\\/wp-content\\\/uploads\\\/sites\\\/2\\\/2025\\\/05\\\/la-inolvidable-rua-del-fc-barcelona-tras-conseguir-el-triplete-espanol.jpeg\",\"datePublished\":\"2025-05-16T23:00:00+00:00\",\"dateModified\":\"2026-03-27T10:39:53+00:00\",\"author\":{\"@id\":\"https:\\\/\\\/www.fcbarcelonanoticias.com\\\/en\\\/#\\\/schema\\\/person\\\/991443f134df9a64c6874f96ff984c9d\"},\"description\":\"Barcelona went crazy: Relive the champions' parade with photos and videos. Thousands celebrated the cul\u00e9 national treble. Don't miss the historic party!\",\"breadcrumb\":{\"@id\":\"https:\\\/\\\/www.fcbarcelonanoticias.com\\\/en\\\/fc-barcelona\\\/champions-parade-in-barcelona-passion-chants-and-city-dyed-in-blaugrana_312666_102.html#breadcrumb\"},\"inLanguage\":\"en-US\",\"potentialAction\":[{\"@type\":\"ReadAction\",\"target\":[\"https:\\\/\\\/www.fcbarcelonanoticias.com\\\/en\\\/fc-barcelona\\\/champions-parade-in-barcelona-passion-chants-and-city-dyed-in-blaugrana_312666_102.html\"]}]},{\"@type\":\"ImageObject\",\"inLanguage\":\"en-US\",\"@id\":\"https:\\\/\\\/www.fcbarcelonanoticias.com\\\/en\\\/fc-barcelona\\\/champions-parade-in-barcelona-passion-chants-and-city-dyed-in-blaugrana_312666_102.html#primaryimage\",\"url\":\"https:\\\/\\\/www.fcbarcelonanoticias.com\\\/en\\\/wp-content\\\/uploads\\\/sites\\\/2\\\/2025\\\/05\\\/la-inolvidable-rua-del-fc-barcelona-tras-conseguir-el-triplete-espanol.jpeg\",\"contentUrl\":\"https:\\\/\\\/www.fcbarcelonanoticias.com\\\/en\\\/wp-content\\\/uploads\\\/sites\\\/2\\\/2025\\\/05\\\/la-inolvidable-rua-del-fc-barcelona-tras-conseguir-el-triplete-espanol.jpeg\",\"width\":1200,\"height\":675},{\"@type\":\"BreadcrumbList\",\"@id\":\"https:\\\/\\\/www.fcbarcelonanoticias.com\\\/en\\\/fc-barcelona\\\/champions-parade-in-barcelona-passion-chants-and-city-dyed-in-blaugrana_312666_102.html#breadcrumb\",\"itemListElement\":[{\"@type\":\"ListItem\",\"position\":1,\"name\":\"Portada\",\"item\":\"https:\\\/\\\/www.fcbarcelonanoticias.com\\\/en\\\/\"},{\"@type\":\"ListItem\",\"position\":2,\"name\":\"Champions&#8217; parade in Barcelona: passion, chants and a city dyed in blaugrana\"}]},{\"@type\":\"WebSite\",\"@id\":\"https:\\\/\\\/www.fcbarcelonanoticias.com\\\/en\\\/#website\",\"url\":\"https:\\\/\\\/www.fcbarcelonanoticias.com\\\/en\\\/\",\"name\":\"EN - FC Barcelona Noticias\",\"description\":\"\",\"potentialAction\":[{\"@type\":\"SearchAction\",\"target\":{\"@type\":\"EntryPoint\",\"urlTemplate\":\"https:\\\/\\\/www.fcbarcelonanoticias.com\\\/en\\\/?s={search_term_string}\"},\"query-input\":{\"@type\":\"PropertyValueSpecification\",\"valueRequired\":true,\"valueName\":\"search_term_string\"}}],\"inLanguage\":\"en-US\"},{\"@type\":\"Person\",\"@id\":\"https:\\\/\\\/www.fcbarcelonanoticias.com\\\/en\\\/#\\\/schema\\\/person\\\/991443f134df9a64c6874f96ff984c9d\",\"name\":\"Kevin G\u00f3mez\",\"image\":{\"@type\":\"ImageObject\",\"inLanguage\":\"en-US\",\"@id\":\"https:\\\/\\\/secure.gravatar.com\\\/avatar\\\/?s=96&d=mm&r=g\",\"url\":\"https:\\\/\\\/secure.gravatar.com\\\/avatar\\\/?s=96&d=mm&r=g\",\"contentUrl\":\"https:\\\/\\\/secure.gravatar.com\\\/avatar\\\/?s=96&d=mm&r=g\",\"caption\":\"Kevin G\u00f3mez\"},\"description\":\"Licenciado\u00a0en Periodismo y Comunicaci\u00f3n Audiovisual. Redactor en FCBN responsable de cubrir toda\u00a0la informaci\u00f3n del FC Barcelona y las principales competiciones de\u00a0f\u00fatbol.\",\"url\":\"https:\\\/\\\/www.fcbarcelonanoticias.com\\\/en\\\/jugadores\\\/kevin-gomez_23_115.html\"}]}<\/script>\n<!-- \/ Yoast SEO plugin. -->","yoast_head_json":{"title":"Champions' parade in Barcelona: passion, chants and a city dyed in blaugrana","description":"Barcelona went crazy: Relive the champions' parade with photos and videos. Thousands celebrated the cul\u00e9 national treble. Don't miss the historic party!","robots":{"index":"index","follow":"follow","max-snippet":"max-snippet:-1","max-image-preview":"max-image-preview:large","max-video-preview":"max-video-preview:-1"},"canonical":"https:\/\/www.fcbarcelonanoticias.com\/en\/fc-barcelona\/champions-parade-in-barcelona-passion-chants-and-city-dyed-in-blaugrana_312666_102.html","og_locale":"en_US","og_type":"article","og_title":"Champions' parade in Barcelona: passion, chants and a city dyed in blaugrana","og_description":"Barcelona went crazy: Relive the champions' parade with photos and videos. Thousands celebrated the cul\u00e9 national treble. Don't miss the historic party!","og_url":"https:\/\/www.fcbarcelonanoticias.com\/en\/fc-barcelona\/champions-parade-in-barcelona-passion-chants-and-city-dyed-in-blaugrana_312666_102.html","og_site_name":"EN - FC Barcelona Noticias","article_published_time":"2025-05-16T23:00:00+00:00","article_modified_time":"2026-03-27T10:39:53+00:00","og_image":[{"width":1200,"height":675,"url":"https:\/\/www.fcbarcelonanoticias.com\/en\/wp-content\/uploads\/sites\/2\/2025\/05\/la-inolvidable-rua-del-fc-barcelona-tras-conseguir-el-triplete-espanol.jpeg","type":"image\/jpeg"}],"author":"Kevin G\u00f3mez","twitter_card":"summary_large_image","twitter_misc":{"Written by":"Kevin G\u00f3mez","Est. reading time":"5 minutes"},"schema":{"@context":"https:\/\/schema.org","@graph":[{"@type":"Article","@id":"https:\/\/www.fcbarcelonanoticias.com\/en\/fc-barcelona\/champions-parade-in-barcelona-passion-chants-and-city-dyed-in-blaugrana_312666_102.html#article","isPartOf":{"@id":"https:\/\/www.fcbarcelonanoticias.com\/en\/fc-barcelona\/champions-parade-in-barcelona-passion-chants-and-city-dyed-in-blaugrana_312666_102.html"},"author":{"name":"Kevin G\u00f3mez","@id":"https:\/\/www.fcbarcelonanoticias.com\/en\/#\/schema\/person\/991443f134df9a64c6874f96ff984c9d"},"headline":"Champions&#8217; parade in Barcelona: passion, chants and a city dyed in blaugrana","datePublished":"2025-05-16T23:00:00+00:00","dateModified":"2026-03-27T10:39:53+00:00","mainEntityOfPage":{"@id":"https:\/\/www.fcbarcelonanoticias.com\/en\/fc-barcelona\/champions-parade-in-barcelona-passion-chants-and-city-dyed-in-blaugrana_312666_102.html"},"wordCount":1101,"image":{"@id":"https:\/\/www.fcbarcelonanoticias.com\/en\/fc-barcelona\/champions-parade-in-barcelona-passion-chants-and-city-dyed-in-blaugrana_312666_102.html#primaryimage"},"thumbnailUrl":"https:\/\/www.fcbarcelonanoticias.com\/en\/wp-content\/uploads\/sites\/2\/2025\/05\/la-inolvidable-rua-del-fc-barcelona-tras-conseguir-el-triplete-espanol.jpeg","keywords":["Bar\u00e7a","Viral"],"articleSection":["FC Barcelona"],"inLanguage":"en-US"},{"@type":"WebPage","@id":"https:\/\/www.fcbarcelonanoticias.com\/en\/fc-barcelona\/champions-parade-in-barcelona-passion-chants-and-city-dyed-in-blaugrana_312666_102.html","url":"https:\/\/www.fcbarcelonanoticias.com\/en\/fc-barcelona\/champions-parade-in-barcelona-passion-chants-and-city-dyed-in-blaugrana_312666_102.html","name":"Champions' parade in Barcelona: passion, chants and a city dyed in blaugrana","isPartOf":{"@id":"https:\/\/www.fcbarcelonanoticias.com\/en\/#website"},"primaryImageOfPage":{"@id":"https:\/\/www.fcbarcelonanoticias.com\/en\/fc-barcelona\/champions-parade-in-barcelona-passion-chants-and-city-dyed-in-blaugrana_312666_102.html#primaryimage"},"image":{"@id":"https:\/\/www.fcbarcelonanoticias.com\/en\/fc-barcelona\/champions-parade-in-barcelona-passion-chants-and-city-dyed-in-blaugrana_312666_102.html#primaryimage"},"thumbnailUrl":"https:\/\/www.fcbarcelonanoticias.com\/en\/wp-content\/uploads\/sites\/2\/2025\/05\/la-inolvidable-rua-del-fc-barcelona-tras-conseguir-el-triplete-espanol.jpeg","datePublished":"2025-05-16T23:00:00+00:00","dateModified":"2026-03-27T10:39:53+00:00","author":{"@id":"https:\/\/www.fcbarcelonanoticias.com\/en\/#\/schema\/person\/991443f134df9a64c6874f96ff984c9d"},"description":"Barcelona went crazy: Relive the champions' parade with photos and videos. Thousands celebrated the cul\u00e9 national treble. Don't miss the historic party!","breadcrumb":{"@id":"https:\/\/www.fcbarcelonanoticias.com\/en\/fc-barcelona\/champions-parade-in-barcelona-passion-chants-and-city-dyed-in-blaugrana_312666_102.html#breadcrumb"},"inLanguage":"en-US","potentialAction":[{"@type":"ReadAction","target":["https:\/\/www.fcbarcelonanoticias.com\/en\/fc-barcelona\/champions-parade-in-barcelona-passion-chants-and-city-dyed-in-blaugrana_312666_102.html"]}]},{"@type":"ImageObject","inLanguage":"en-US","@id":"https:\/\/www.fcbarcelonanoticias.com\/en\/fc-barcelona\/champions-parade-in-barcelona-passion-chants-and-city-dyed-in-blaugrana_312666_102.html#primaryimage","url":"https:\/\/www.fcbarcelonanoticias.com\/en\/wp-content\/uploads\/sites\/2\/2025\/05\/la-inolvidable-rua-del-fc-barcelona-tras-conseguir-el-triplete-espanol.jpeg","contentUrl":"https:\/\/www.fcbarcelonanoticias.com\/en\/wp-content\/uploads\/sites\/2\/2025\/05\/la-inolvidable-rua-del-fc-barcelona-tras-conseguir-el-triplete-espanol.jpeg","width":1200,"height":675},{"@type":"BreadcrumbList","@id":"https:\/\/www.fcbarcelonanoticias.com\/en\/fc-barcelona\/champions-parade-in-barcelona-passion-chants-and-city-dyed-in-blaugrana_312666_102.html#breadcrumb","itemListElement":[{"@type":"ListItem","position":1,"name":"Portada","item":"https:\/\/www.fcbarcelonanoticias.com\/en\/"},{"@type":"ListItem","position":2,"name":"Champions&#8217; parade in Barcelona: passion, chants and a city dyed in blaugrana"}]},{"@type":"WebSite","@id":"https:\/\/www.fcbarcelonanoticias.com\/en\/#website","url":"https:\/\/www.fcbarcelonanoticias.com\/en\/","name":"EN - FC Barcelona Noticias","description":"","potentialAction":[{"@type":"SearchAction","target":{"@type":"EntryPoint","urlTemplate":"https:\/\/www.fcbarcelonanoticias.com\/en\/?s={search_term_string}"},"query-input":{"@type":"PropertyValueSpecification","valueRequired":true,"valueName":"search_term_string"}}],"inLanguage":"en-US"},{"@type":"Person","@id":"https:\/\/www.fcbarcelonanoticias.com\/en\/#\/schema\/person\/991443f134df9a64c6874f96ff984c9d","name":"Kevin G\u00f3mez","image":{"@type":"ImageObject","inLanguage":"en-US","@id":"https:\/\/secure.gravatar.com\/avatar\/?s=96&d=mm&r=g","url":"https:\/\/secure.gravatar.com\/avatar\/?s=96&d=mm&r=g","contentUrl":"https:\/\/secure.gravatar.com\/avatar\/?s=96&d=mm&r=g","caption":"Kevin G\u00f3mez"},"description":"Licenciado\u00a0en Periodismo y Comunicaci\u00f3n Audiovisual. Redactor en FCBN responsable de cubrir toda\u00a0la informaci\u00f3n del FC Barcelona y las principales competiciones de\u00a0f\u00fatbol.","url":"https:\/\/www.fcbarcelonanoticias.com\/en\/jugadores\/kevin-gomez_23_115.html"}]}},"_links":{"self":[{"href":"https:\/\/www.fcbarcelonanoticias.com\/en\/wp-json\/wp\/v2\/posts\/15800","targetHints":{"allow":["GET"]}}],"collection":[{"href":"https:\/\/www.fcbarcelonanoticias.com\/en\/wp-json\/wp\/v2\/posts"}],"about":[{"href":"https:\/\/www.fcbarcelonanoticias.com\/en\/wp-json\/wp\/v2\/types\/post"}],"author":[{"embeddable":true,"href":"https:\/\/www.fcbarcelonanoticias.com\/en\/wp-json\/wp\/v2\/users\/355"}],"replies":[{"embeddable":true,"href":"https:\/\/www.fcbarcelonanoticias.com\/en\/wp-json\/wp\/v2\/comments?post=15800"}],"version-history":[{"count":2,"href":"https:\/\/www.fcbarcelonanoticias.com\/en\/wp-json\/wp\/v2\/posts\/15800\/revisions"}],"predecessor-version":[{"id":161102,"href":"https:\/\/www.fcbarcelonanoticias.com\/en\/wp-json\/wp\/v2\/posts\/15800\/revisions\/161102"}],"wp:featuredmedia":[{"embeddable":true,"href":"https:\/\/www.fcbarcelonanoticias.com\/en\/wp-json\/wp\/v2\/media\/15801"}],"wp:attachment":[{"href":"https:\/\/www.fcbarcelonanoticias.com\/en\/wp-json\/wp\/v2\/media?parent=15800"}],"wp:term":[{"taxonomy":"category","embeddable":true,"href":"https:\/\/www.fcbarcelonanoticias.com\/en\/wp-json\/wp\/v2\/categories?post=15800"},{"taxonomy":"post_tag","embeddable":true,"href":"https:\/\/www.fcbarcelonanoticias.com\/en\/wp-json\/wp\/v2\/tags?post=15800"}],"curies":[{"name":"wp","href":"https:\/\/api.w.org\/{rel}","templated":true}]}}