{"id":16077,"date":"2025-10-10T15:58:00","date_gmt":"2025-10-10T13:58:00","guid":{"rendered":"https:\/\/weisetech.dev\/fc-barcelona-noticias\/en\/dani-olmo-will-return-to-barcelona-due-to-calf-injury_314992_102\/"},"modified":"2026-04-16T09:15:43","modified_gmt":"2026-04-16T07:15:43","slug":"dani-olmo-will-return-to-barcelona-due-to-calf-injury_314992_102","status":"publish","type":"post","link":"https:\/\/www.fcbarcelonanoticias.com\/en\/fc-barcelona\/dani-olmo-will-return-to-barcelona-due-to-calf-injury_314992_102.html","title":{"rendered":"Dani Olmo KO: the player from Egara suffers an injury to his left calf"},"content":{"rendered":"<h2 class=\"wp-block-heading\">Dani Olmo has delivered the first piece of bad news for Bar\u00e7a during the October break. The attacking midfielder is suffering from an injury to his left calf and will return to Catalonia this Saturday<\/h2>  \r\n<div class=\"article-addons\">\r\n    <a href=\"https:\/\/www.fcbarcelonanoticias.com\/en\/calendar-fc-barcelona.html\"\r\n       target=\"_self\"\r\n       title=\"Calendar of FC Barcelona\"\r\n       class=\"blue-gredient-btn\">\r\n       \r\n        Calendar of FC Barcelona    <\/a>\r\n<\/div>   <p><strong>FC Barcelona<\/strong> added another player to their injury list this Friday. <strong>Dani Olmo<\/strong> was discharged from the Spanish National Team after La Roja&#8217;s doctors confirmed that the player from Egara suffers <strong>an injury to his left calf<\/strong> that will prevent him from playing in the matches against <strong>Georgia<\/strong> (Saturday) and <strong>Bulgaria<\/strong> (Tuesday).<\/p>  <p>According to <a data-external=\"1\" href=\"https:\/\/x.com\/en\/SEFutbol\/status\/1976623631678820739\" rel=\"nofollow\" target=\"_blank\" title=\"Statement from the National Team: Dani Olmo injured\">the initial medical report issued by the RFEF<\/a>, the 26-year-old player arrived last Monday at the Spanish camp &#8220;<strong>with signs of muscle fatigue<\/strong>, as reported by the Bar\u00e7a club.&#8221;<\/p>  <p>Olmo had presented some ailments after Sunday&#8217;s <a data-external=\"0\" data-intl-links-en=\"https:\/\/www.fcbarcelonanoticias.com\/en\/laliga\/sevilla-4-1-fc-barcelona-highlights-laliga-25-26_314953_102.html\" data-intl-links-es=\"https:\/\/www.fcbarcelonanoticias.com\/laliga\/resumen-sevilla-4-1-fc-barcelona-laliga-25-26_314953_102.html\" href=\"https:\/\/www.fcbarcelonanoticias.com\/en\/laliga\/sevilla-4-1-fc-barcelona-highlights-laliga-25-26_314953_102.html\" rel=\"follow\" target=\"_self\" title=\"Resumen del Sevilla 4-1 FC Barcelona - LaLiga 25\/26\">Sevilla-Bar\u00e7a<\/a> match, but <strong>Luis de la Fuente<\/strong> kept him on his list of call-ups. &#8220;Although his condition was improving with treatment and load management, during Thursday&#8217;s session\u2014in which he was only supposed to complete part of the training\u2014<strong>he felt discomfort in his left leg again<\/strong>,&#8221; adds the statement from La Roja.<\/p>  <h2>How long will Dani Olmo be out injured?<\/h2>  <p>In that regard, Dani will undergo further complementary tests in the coming hours to <strong>determine the extent of his injury and his consequent time off<\/strong>. The Bar\u00e7a &#8217;20&#8217; will return to the club on Saturday to begin the recovery process for what is his first muscular problem of the 25\/26 season.<\/p>  <p>Last season, <strong>the player from Terrassa missed 15 games for the team managed by Hansi Flick due to injury<\/strong>. As of now, the attacking midfielder is almost certainly out for the La Liga match <a data-external=\"0\" data-intl-links-en=\"https:\/\/www.fcbarcelonanoticias.com\/en\/laliga\/official-barcelona-girona-from-laliga-matchday-9-will-be-at-montjuic_314971_102.html\" data-intl-links-es=\"https:\/\/www.fcbarcelonanoticias.com\/laliga\/comunicado-fc-barcelona-barca-girona-liga-tambien-jugara-montjuic_314971_102.html\" href=\"https:\/\/www.fcbarcelonanoticias.com\/en\/laliga\/official-barcelona-girona-from-laliga-matchday-9-will-be-at-montjuic_314971_102.html\" rel=\"follow\" target=\"_self\" title=\"Comunicado FC Barcelona: el Bar\u00e7a-Girona de Liga tambi\u00e9n se jugar\u00e1 en Montju\u00efc\">against Girona (Saturday the 18th)<\/a> and is doubtful for the Champions League match <a data-external=\"0\" data-intl-links-en=\"https:\/\/www.fcbarcelonanoticias.com\/en\/fc-barcelona\/barcelona-olympiacos-to-be-played-in-montjuic-official-announcement_314921_102.html\" data-intl-links-es=\"https:\/\/www.fcbarcelonanoticias.com\/fc-barcelona\/comunicado-oficial-barca-olympiacos-champions-montjuic_314921_102.html\" href=\"https:\/\/www.fcbarcelonanoticias.com\/en\/fc-barcelona\/barcelona-olympiacos-to-be-played-in-montjuic-official-announcement_314921_102.html\" rel=\"follow\" target=\"_self\" title=\"Comunicado FC Barcelona: el Bar\u00e7a-Olympiacos de Champions se jugar\u00e1 en Montju\u00efc\">against Olympiacos (Tuesday the 21st)<\/a>, both at Montju\u00efc.<\/p>  <p>Generally, <strong>grade 1 injuries (micro-tear) in the calf require a recovery time of 1 to 4 weeks<\/strong>. However, if the tear is grade 2 (partial tear), the player may spend up to 2 months KO. When the muscle tear is complete (grade 3), the downtime ranges from 3 to 6 months, as it requires surgery.<\/p>  <p>Hopefully, Dani will only suffer an overload or micro-tear, as the injury occurred during training. For now, <strong>the &#8217;20&#8217; has accumulated 569 minutes of action<\/strong> in the 10 matches played by Barcelona in the 25\/26 season. The player from Terrassa has started in 5 opportunities, without yet recovering his best form on the field (he has 1 goal and 2 assists).<\/p>  <h2>The National Team preferred to keep Olmo in the squad despite his muscular fatigue<\/h2>  <div class=\"media media-image\" data-ck-asset-wrapper=\"\"> <div class=\"media-item\"> <img loading=\"lazy\" decoding=\"async\" alt=\"Dani Olmo on Hansi Flick and the egos at Barcelona\" data-id=\"1519118\" data-resize=\"9\" height=\"563\" src=\"https:\/\/www.fcbarcelonanoticias.com\/wp-content\/uploads\/sites\/2\/2025\/10\/fcbn-90aa2e3b068cbcaa4c79249093af6903.jpeg\" title=\"Dani Olmo on Hansi Flick and the egos at Barcelona\" width=\"1000\"><div class=\"media-title\">Dani Olmo during a press conference with the National Team.<\/div> <\/div> <\/div>  <p>After feeling the prick in his left leg, <strong>Dani Olmo withdrew from the training camp in Las Rozas, visibly annoyed<\/strong>. Barcelona had warned the RFEF about his discomfort, but even so, the player from Egara remained in Luis de la Fuente&#8217;s squad.<\/p>  <p>In the press conference prior to the match against Georgia, in Elche, the Spanish coach stated that the Bar\u00e7a player &#8220;<strong>came with fatigue, some discomfort. Today he trained for 15 minutes and didn&#8217;t feel comfortable.<\/strong> <strong>They have gone to do some tests on him, the rest are all in perfect condition.&#8221;<\/strong><\/p>  <p>In that sense, he once again referred to the controversy with <a data-external=\"0\" data-intl-links-en=\"https:\/\/www.fcbarcelonanoticias.com\/en\/fc-barcelona\/accuses-the-rfef-of-lying-and-provoking-barca-with-lamine-yamal_314930_102.html\" data-intl-links-es=\"https:\/\/www.fcbarcelonanoticias.com\/fc-barcelona\/maroto-acusa-rfef-provocar-barca-lamine-yamal_314930_102.html\" href=\"https:\/\/www.fcbarcelonanoticias.com\/en\/fc-barcelona\/accuses-the-rfef-of-lying-and-provoking-barca-with-lamine-yamal_314930_102.html\" rel=\"follow\" target=\"_self\" title=\"Lamine Yamal: el director adjunto de AS acusa a la RFEF de mentir y provocar al Bar\u00e7a\">Lamine Yamal<\/a>, who was also forced to play in the double round of World Cup qualifiers in September despite feeling muscular discomfort that ultimately led to pubalgia, which keeps him injured.<\/p>  <p><strong>&#8220;There is no conflict with Flick or with Bar\u00e7a, there is no problem<\/strong>. I feel totally supported, I have a contract until 2028,&#8221; De la Fuente stated. For Spain, Dani&#8217;s is the second absence prior to the match of matchday 3 of the qualifiers, after the injury of <strong>Dean Huijsen <\/strong>(Real Madrid) was confirmed on Tuesday.<\/p>  <p>The center-back also arrived at the training camp with muscular fatigue and was unable to even complete a training session. Upon returning to the &#8216;Casa Blanca&#8217;, the club confirmed that <strong>the defender is suffering from an injury to the soleus muscle in his left leg<\/strong>, which will keep him out for 12 to 15 days. Therefore, he is doubtful for the Cl\u00e1sico against Bar\u00e7a next Sunday the 26th at the Santiago Bernab\u00e9u.<\/p>  <ul> <li>\ud83d\udc49 You can follow all the information about the players&#8217; physical condition in our <a href=\"https:\/\/www.fcbarcelonanoticias.com\/futbol\/fc-barcelona.html\">FC Barcelona<\/a> section.<\/li> <\/ul> ","protected":false},"excerpt":{"rendered":"<p>Dani Olmo has delivered the first piece of bad news for Bar\u00e7a during the October break. The attacking midfielder is suffering from an injury to his left calf and will return to Catalonia this Saturday FC Barcelona added another player to their injury list this Friday. Dani Olmo was discharged from the Spanish National Team [&hellip;]<\/p>\n","protected":false},"author":347,"featured_media":16079,"comment_status":"closed","ping_status":"open","sticky":false,"template":"","format":"standard","meta":{"_acf_changed":false,"inline_featured_image":false,"_nextfly_llmd_date_locked":false,"footnotes":""},"categories":[444,111],"tags":[275,136,91],"class_list":["post-16077","post","type-post","status-publish","format-standard","has-post-thumbnail","hentry","category-dani-olmo","category-fc-barcelona","tag-dani-olmo","tag-injured","tag-national-teams"],"acf":[],"yoast_head":"<!-- This site is optimized with the Yoast SEO plugin v27.3 - https:\/\/yoast.com\/product\/yoast-seo-wordpress\/ -->\n<title>Dani Olmo will return to Barcelona due to a calf injury<\/title>\n<meta name=\"description\" content=\"Dani Olmo suffers an injury to his left calf. Discover the details and his possible time off with Bar\u00e7a\" \/>\n<meta name=\"robots\" content=\"index, follow, max-snippet:-1, max-image-preview:large, max-video-preview:-1\" \/>\n<link rel=\"canonical\" href=\"https:\/\/www.fcbarcelonanoticias.com\/en\/fc-barcelona\/dani-olmo-will-return-to-barcelona-due-to-calf-injury_314992_102.html\" \/>\n<meta property=\"og:locale\" content=\"en_US\" \/>\n<meta property=\"og:type\" content=\"article\" \/>\n<meta property=\"og:title\" content=\"Dani Olmo will return to Barcelona due to a calf injury\" \/>\n<meta property=\"og:description\" content=\"Dani Olmo suffers an injury to his left calf. Discover the details and his possible time off with Bar\u00e7a\" \/>\n<meta property=\"og:url\" content=\"https:\/\/www.fcbarcelonanoticias.com\/en\/fc-barcelona\/dani-olmo-will-return-to-barcelona-due-to-calf-injury_314992_102.html\" \/>\n<meta property=\"og:site_name\" content=\"EN - FC Barcelona Noticias\" \/>\n<meta property=\"article:published_time\" content=\"2025-10-10T13:58:00+00:00\" \/>\n<meta property=\"article:modified_time\" content=\"2026-04-16T07:15:43+00:00\" \/>\n<meta property=\"og:image\" content=\"https:\/\/www.fcbarcelonanoticias.com\/en\/wp-content\/uploads\/sites\/2\/2025\/10\/dani-olmo-fc-barcelona-25-26.webp\" \/>\n\t<meta property=\"og:image:width\" content=\"1200\" \/>\n\t<meta property=\"og:image:height\" content=\"675\" \/>\n\t<meta property=\"og:image:type\" content=\"image\/webp\" \/>\n<meta name=\"author\" content=\"Andr\u00e9s Quiroz\" \/>\n<meta name=\"twitter:card\" content=\"summary_large_image\" \/>\n<meta name=\"twitter:label1\" content=\"Written by\" \/>\n\t<meta name=\"twitter:data1\" content=\"Andr\u00e9s Quiroz\" \/>\n\t<meta name=\"twitter:label2\" content=\"Est. reading time\" \/>\n\t<meta name=\"twitter:data2\" content=\"4 minutes\" \/>\n<script type=\"application\/ld+json\" class=\"yoast-schema-graph\">{\"@context\":\"https:\\\/\\\/schema.org\",\"@graph\":[{\"@type\":\"Article\",\"@id\":\"https:\\\/\\\/www.fcbarcelonanoticias.com\\\/en\\\/fc-barcelona\\\/dani-olmo-will-return-to-barcelona-due-to-calf-injury_314992_102.html#article\",\"isPartOf\":{\"@id\":\"https:\\\/\\\/www.fcbarcelonanoticias.com\\\/en\\\/fc-barcelona\\\/dani-olmo-will-return-to-barcelona-due-to-calf-injury_314992_102.html\"},\"author\":{\"name\":\"Andr\u00e9s Quiroz\",\"@id\":\"https:\\\/\\\/www.fcbarcelonanoticias.com\\\/en\\\/#\\\/schema\\\/person\\\/c2cd9f6fa1af5c0d0eccd0fefa575c88\"},\"headline\":\"Dani Olmo KO: the player from Egara suffers an injury to his left calf\",\"datePublished\":\"2025-10-10T13:58:00+00:00\",\"dateModified\":\"2026-04-16T07:15:43+00:00\",\"mainEntityOfPage\":{\"@id\":\"https:\\\/\\\/www.fcbarcelonanoticias.com\\\/en\\\/fc-barcelona\\\/dani-olmo-will-return-to-barcelona-due-to-calf-injury_314992_102.html\"},\"wordCount\":718,\"image\":{\"@id\":\"https:\\\/\\\/www.fcbarcelonanoticias.com\\\/en\\\/fc-barcelona\\\/dani-olmo-will-return-to-barcelona-due-to-calf-injury_314992_102.html#primaryimage\"},\"thumbnailUrl\":\"https:\\\/\\\/www.fcbarcelonanoticias.com\\\/en\\\/wp-content\\\/uploads\\\/sites\\\/2\\\/2025\\\/10\\\/dani-olmo-fc-barcelona-25-26.webp\",\"keywords\":[\"Dani Olmo\",\"injured\",\"National Teams\"],\"articleSection\":[\"Dani Olmo\",\"FC Barcelona\"],\"inLanguage\":\"en-US\"},{\"@type\":\"WebPage\",\"@id\":\"https:\\\/\\\/www.fcbarcelonanoticias.com\\\/en\\\/fc-barcelona\\\/dani-olmo-will-return-to-barcelona-due-to-calf-injury_314992_102.html\",\"url\":\"https:\\\/\\\/www.fcbarcelonanoticias.com\\\/en\\\/fc-barcelona\\\/dani-olmo-will-return-to-barcelona-due-to-calf-injury_314992_102.html\",\"name\":\"Dani Olmo will return to Barcelona due to a calf injury\",\"isPartOf\":{\"@id\":\"https:\\\/\\\/www.fcbarcelonanoticias.com\\\/en\\\/#website\"},\"primaryImageOfPage\":{\"@id\":\"https:\\\/\\\/www.fcbarcelonanoticias.com\\\/en\\\/fc-barcelona\\\/dani-olmo-will-return-to-barcelona-due-to-calf-injury_314992_102.html#primaryimage\"},\"image\":{\"@id\":\"https:\\\/\\\/www.fcbarcelonanoticias.com\\\/en\\\/fc-barcelona\\\/dani-olmo-will-return-to-barcelona-due-to-calf-injury_314992_102.html#primaryimage\"},\"thumbnailUrl\":\"https:\\\/\\\/www.fcbarcelonanoticias.com\\\/en\\\/wp-content\\\/uploads\\\/sites\\\/2\\\/2025\\\/10\\\/dani-olmo-fc-barcelona-25-26.webp\",\"datePublished\":\"2025-10-10T13:58:00+00:00\",\"dateModified\":\"2026-04-16T07:15:43+00:00\",\"author\":{\"@id\":\"https:\\\/\\\/www.fcbarcelonanoticias.com\\\/en\\\/#\\\/schema\\\/person\\\/c2cd9f6fa1af5c0d0eccd0fefa575c88\"},\"description\":\"Dani Olmo suffers an injury to his left calf. Discover the details and his possible time off with Bar\u00e7a\",\"breadcrumb\":{\"@id\":\"https:\\\/\\\/www.fcbarcelonanoticias.com\\\/en\\\/fc-barcelona\\\/dani-olmo-will-return-to-barcelona-due-to-calf-injury_314992_102.html#breadcrumb\"},\"inLanguage\":\"en-US\",\"potentialAction\":[{\"@type\":\"ReadAction\",\"target\":[\"https:\\\/\\\/www.fcbarcelonanoticias.com\\\/en\\\/fc-barcelona\\\/dani-olmo-will-return-to-barcelona-due-to-calf-injury_314992_102.html\"]}]},{\"@type\":\"ImageObject\",\"inLanguage\":\"en-US\",\"@id\":\"https:\\\/\\\/www.fcbarcelonanoticias.com\\\/en\\\/fc-barcelona\\\/dani-olmo-will-return-to-barcelona-due-to-calf-injury_314992_102.html#primaryimage\",\"url\":\"https:\\\/\\\/www.fcbarcelonanoticias.com\\\/en\\\/wp-content\\\/uploads\\\/sites\\\/2\\\/2025\\\/10\\\/dani-olmo-fc-barcelona-25-26.webp\",\"contentUrl\":\"https:\\\/\\\/www.fcbarcelonanoticias.com\\\/en\\\/wp-content\\\/uploads\\\/sites\\\/2\\\/2025\\\/10\\\/dani-olmo-fc-barcelona-25-26.webp\",\"width\":1200,\"height\":675},{\"@type\":\"BreadcrumbList\",\"@id\":\"https:\\\/\\\/www.fcbarcelonanoticias.com\\\/en\\\/fc-barcelona\\\/dani-olmo-will-return-to-barcelona-due-to-calf-injury_314992_102.html#breadcrumb\",\"itemListElement\":[{\"@type\":\"ListItem\",\"position\":1,\"name\":\"Portada\",\"item\":\"https:\\\/\\\/www.fcbarcelonanoticias.com\\\/en\\\/\"},{\"@type\":\"ListItem\",\"position\":2,\"name\":\"Dani Olmo KO: the player from Egara suffers an injury to his left calf\"}]},{\"@type\":\"WebSite\",\"@id\":\"https:\\\/\\\/www.fcbarcelonanoticias.com\\\/en\\\/#website\",\"url\":\"https:\\\/\\\/www.fcbarcelonanoticias.com\\\/en\\\/\",\"name\":\"EN - FC Barcelona Noticias\",\"description\":\"\",\"potentialAction\":[{\"@type\":\"SearchAction\",\"target\":{\"@type\":\"EntryPoint\",\"urlTemplate\":\"https:\\\/\\\/www.fcbarcelonanoticias.com\\\/en\\\/?s={search_term_string}\"},\"query-input\":{\"@type\":\"PropertyValueSpecification\",\"valueRequired\":true,\"valueName\":\"search_term_string\"}}],\"inLanguage\":\"en-US\"},{\"@type\":\"Person\",\"@id\":\"https:\\\/\\\/www.fcbarcelonanoticias.com\\\/en\\\/#\\\/schema\\\/person\\\/c2cd9f6fa1af5c0d0eccd0fefa575c88\",\"name\":\"Andr\u00e9s Quiroz\",\"image\":{\"@type\":\"ImageObject\",\"inLanguage\":\"en-US\",\"@id\":\"https:\\\/\\\/secure.gravatar.com\\\/avatar\\\/?s=96&d=mm&r=g\",\"url\":\"https:\\\/\\\/secure.gravatar.com\\\/avatar\\\/?s=96&d=mm&r=g\",\"contentUrl\":\"https:\\\/\\\/secure.gravatar.com\\\/avatar\\\/?s=96&d=mm&r=g\",\"caption\":\"Andr\u00e9s Quiroz\"},\"description\":\"Licenciado en Periodismo por la Universidad de los Andes. Me encargo de analizar y compartir los contenidos m\u00e1s destacados de la\u00a0actualidad del F\u00fatbol Club Barcelona, Mercado de Fichajes y F\u00fatbol Internacional en FCBN. La informaci\u00f3n es poder, pero tambi\u00e9n conocimiento.\",\"url\":\"https:\\\/\\\/www.fcbarcelonanoticias.com\\\/en\\\/fc-barcelona\\\/andres-quiroz_17_115.html\"}]}<\/script>\n<!-- \/ Yoast SEO plugin. -->","yoast_head_json":{"title":"Dani Olmo will return to Barcelona due to a calf injury","description":"Dani Olmo suffers an injury to his left calf. Discover the details and his possible time off with Bar\u00e7a","robots":{"index":"index","follow":"follow","max-snippet":"max-snippet:-1","max-image-preview":"max-image-preview:large","max-video-preview":"max-video-preview:-1"},"canonical":"https:\/\/www.fcbarcelonanoticias.com\/en\/fc-barcelona\/dani-olmo-will-return-to-barcelona-due-to-calf-injury_314992_102.html","og_locale":"en_US","og_type":"article","og_title":"Dani Olmo will return to Barcelona due to a calf injury","og_description":"Dani Olmo suffers an injury to his left calf. Discover the details and his possible time off with Bar\u00e7a","og_url":"https:\/\/www.fcbarcelonanoticias.com\/en\/fc-barcelona\/dani-olmo-will-return-to-barcelona-due-to-calf-injury_314992_102.html","og_site_name":"EN - FC Barcelona Noticias","article_published_time":"2025-10-10T13:58:00+00:00","article_modified_time":"2026-04-16T07:15:43+00:00","og_image":[{"width":1200,"height":675,"url":"https:\/\/www.fcbarcelonanoticias.com\/en\/wp-content\/uploads\/sites\/2\/2025\/10\/dani-olmo-fc-barcelona-25-26.webp","type":"image\/webp"}],"author":"Andr\u00e9s Quiroz","twitter_card":"summary_large_image","twitter_misc":{"Written by":"Andr\u00e9s Quiroz","Est. reading time":"4 minutes"},"schema":{"@context":"https:\/\/schema.org","@graph":[{"@type":"Article","@id":"https:\/\/www.fcbarcelonanoticias.com\/en\/fc-barcelona\/dani-olmo-will-return-to-barcelona-due-to-calf-injury_314992_102.html#article","isPartOf":{"@id":"https:\/\/www.fcbarcelonanoticias.com\/en\/fc-barcelona\/dani-olmo-will-return-to-barcelona-due-to-calf-injury_314992_102.html"},"author":{"name":"Andr\u00e9s Quiroz","@id":"https:\/\/www.fcbarcelonanoticias.com\/en\/#\/schema\/person\/c2cd9f6fa1af5c0d0eccd0fefa575c88"},"headline":"Dani Olmo KO: the player from Egara suffers an injury to his left calf","datePublished":"2025-10-10T13:58:00+00:00","dateModified":"2026-04-16T07:15:43+00:00","mainEntityOfPage":{"@id":"https:\/\/www.fcbarcelonanoticias.com\/en\/fc-barcelona\/dani-olmo-will-return-to-barcelona-due-to-calf-injury_314992_102.html"},"wordCount":718,"image":{"@id":"https:\/\/www.fcbarcelonanoticias.com\/en\/fc-barcelona\/dani-olmo-will-return-to-barcelona-due-to-calf-injury_314992_102.html#primaryimage"},"thumbnailUrl":"https:\/\/www.fcbarcelonanoticias.com\/en\/wp-content\/uploads\/sites\/2\/2025\/10\/dani-olmo-fc-barcelona-25-26.webp","keywords":["Dani Olmo","injured","National Teams"],"articleSection":["Dani Olmo","FC Barcelona"],"inLanguage":"en-US"},{"@type":"WebPage","@id":"https:\/\/www.fcbarcelonanoticias.com\/en\/fc-barcelona\/dani-olmo-will-return-to-barcelona-due-to-calf-injury_314992_102.html","url":"https:\/\/www.fcbarcelonanoticias.com\/en\/fc-barcelona\/dani-olmo-will-return-to-barcelona-due-to-calf-injury_314992_102.html","name":"Dani Olmo will return to Barcelona due to a calf injury","isPartOf":{"@id":"https:\/\/www.fcbarcelonanoticias.com\/en\/#website"},"primaryImageOfPage":{"@id":"https:\/\/www.fcbarcelonanoticias.com\/en\/fc-barcelona\/dani-olmo-will-return-to-barcelona-due-to-calf-injury_314992_102.html#primaryimage"},"image":{"@id":"https:\/\/www.fcbarcelonanoticias.com\/en\/fc-barcelona\/dani-olmo-will-return-to-barcelona-due-to-calf-injury_314992_102.html#primaryimage"},"thumbnailUrl":"https:\/\/www.fcbarcelonanoticias.com\/en\/wp-content\/uploads\/sites\/2\/2025\/10\/dani-olmo-fc-barcelona-25-26.webp","datePublished":"2025-10-10T13:58:00+00:00","dateModified":"2026-04-16T07:15:43+00:00","author":{"@id":"https:\/\/www.fcbarcelonanoticias.com\/en\/#\/schema\/person\/c2cd9f6fa1af5c0d0eccd0fefa575c88"},"description":"Dani Olmo suffers an injury to his left calf. Discover the details and his possible time off with Bar\u00e7a","breadcrumb":{"@id":"https:\/\/www.fcbarcelonanoticias.com\/en\/fc-barcelona\/dani-olmo-will-return-to-barcelona-due-to-calf-injury_314992_102.html#breadcrumb"},"inLanguage":"en-US","potentialAction":[{"@type":"ReadAction","target":["https:\/\/www.fcbarcelonanoticias.com\/en\/fc-barcelona\/dani-olmo-will-return-to-barcelona-due-to-calf-injury_314992_102.html"]}]},{"@type":"ImageObject","inLanguage":"en-US","@id":"https:\/\/www.fcbarcelonanoticias.com\/en\/fc-barcelona\/dani-olmo-will-return-to-barcelona-due-to-calf-injury_314992_102.html#primaryimage","url":"https:\/\/www.fcbarcelonanoticias.com\/en\/wp-content\/uploads\/sites\/2\/2025\/10\/dani-olmo-fc-barcelona-25-26.webp","contentUrl":"https:\/\/www.fcbarcelonanoticias.com\/en\/wp-content\/uploads\/sites\/2\/2025\/10\/dani-olmo-fc-barcelona-25-26.webp","width":1200,"height":675},{"@type":"BreadcrumbList","@id":"https:\/\/www.fcbarcelonanoticias.com\/en\/fc-barcelona\/dani-olmo-will-return-to-barcelona-due-to-calf-injury_314992_102.html#breadcrumb","itemListElement":[{"@type":"ListItem","position":1,"name":"Portada","item":"https:\/\/www.fcbarcelonanoticias.com\/en\/"},{"@type":"ListItem","position":2,"name":"Dani Olmo KO: the player from Egara suffers an injury to his left calf"}]},{"@type":"WebSite","@id":"https:\/\/www.fcbarcelonanoticias.com\/en\/#website","url":"https:\/\/www.fcbarcelonanoticias.com\/en\/","name":"EN - FC Barcelona Noticias","description":"","potentialAction":[{"@type":"SearchAction","target":{"@type":"EntryPoint","urlTemplate":"https:\/\/www.fcbarcelonanoticias.com\/en\/?s={search_term_string}"},"query-input":{"@type":"PropertyValueSpecification","valueRequired":true,"valueName":"search_term_string"}}],"inLanguage":"en-US"},{"@type":"Person","@id":"https:\/\/www.fcbarcelonanoticias.com\/en\/#\/schema\/person\/c2cd9f6fa1af5c0d0eccd0fefa575c88","name":"Andr\u00e9s Quiroz","image":{"@type":"ImageObject","inLanguage":"en-US","@id":"https:\/\/secure.gravatar.com\/avatar\/?s=96&d=mm&r=g","url":"https:\/\/secure.gravatar.com\/avatar\/?s=96&d=mm&r=g","contentUrl":"https:\/\/secure.gravatar.com\/avatar\/?s=96&d=mm&r=g","caption":"Andr\u00e9s Quiroz"},"description":"Licenciado en Periodismo por la Universidad de los Andes. Me encargo de analizar y compartir los contenidos m\u00e1s destacados de la\u00a0actualidad del F\u00fatbol Club Barcelona, Mercado de Fichajes y F\u00fatbol Internacional en FCBN. La informaci\u00f3n es poder, pero tambi\u00e9n conocimiento.","url":"https:\/\/www.fcbarcelonanoticias.com\/en\/fc-barcelona\/andres-quiroz_17_115.html"}]}},"_links":{"self":[{"href":"https:\/\/www.fcbarcelonanoticias.com\/en\/wp-json\/wp\/v2\/posts\/16077","targetHints":{"allow":["GET"]}}],"collection":[{"href":"https:\/\/www.fcbarcelonanoticias.com\/en\/wp-json\/wp\/v2\/posts"}],"about":[{"href":"https:\/\/www.fcbarcelonanoticias.com\/en\/wp-json\/wp\/v2\/types\/post"}],"author":[{"embeddable":true,"href":"https:\/\/www.fcbarcelonanoticias.com\/en\/wp-json\/wp\/v2\/users\/347"}],"replies":[{"embeddable":true,"href":"https:\/\/www.fcbarcelonanoticias.com\/en\/wp-json\/wp\/v2\/comments?post=16077"}],"version-history":[{"count":3,"href":"https:\/\/www.fcbarcelonanoticias.com\/en\/wp-json\/wp\/v2\/posts\/16077\/revisions"}],"predecessor-version":[{"id":170392,"href":"https:\/\/www.fcbarcelonanoticias.com\/en\/wp-json\/wp\/v2\/posts\/16077\/revisions\/170392"}],"wp:featuredmedia":[{"embeddable":true,"href":"https:\/\/www.fcbarcelonanoticias.com\/en\/wp-json\/wp\/v2\/media\/16079"}],"wp:attachment":[{"href":"https:\/\/www.fcbarcelonanoticias.com\/en\/wp-json\/wp\/v2\/media?parent=16077"}],"wp:term":[{"taxonomy":"category","embeddable":true,"href":"https:\/\/www.fcbarcelonanoticias.com\/en\/wp-json\/wp\/v2\/categories?post=16077"},{"taxonomy":"post_tag","embeddable":true,"href":"https:\/\/www.fcbarcelonanoticias.com\/en\/wp-json\/wp\/v2\/tags?post=16077"}],"curies":[{"name":"wp","href":"https:\/\/api.w.org\/{rel}","templated":true}]}}