{"id":163216,"date":"2024-06-28T15:20:00","date_gmt":"2024-06-28T13:20:00","guid":{"rendered":"https:\/\/www.fcbarcelonanoticias.com\/en\/the-physical-state-of-leo-messi-lights-the-alarms-in-argentina_304942_102-2\/"},"modified":"2026-04-06T12:22:08","modified_gmt":"2026-04-06T10:22:08","slug":"the-physical-state-of-leo-messi-lights-the-alarms-in-argentina_304942_102-2","status":"publish","type":"post","link":"https:\/\/www.fcbarcelonanoticias.com\/en\/lionel-messi\/the-physical-state-of-leo-messi-lights-the-alarms-in-argentina_304942_102.html","title":{"rendered":"Leo Messi&#8217;s physical condition sets off &#8216;alarms&#8217; in Argentina"},"content":{"rendered":"<h2 class=\"wp-block-heading\">Leo Messi is suffering from ailments in his right adductor. The area is very inflamed and more tests will be carried out this Friday, with his presence ruled out for the duel against Peru on Saturday and being a doubt for the quarterfinals.<\/h2>\n<p>The selection of Argentina achieved his classification to the quarter-finals of the Glass America the past Tuesday <a data-external=\"0\" data-intl-links-en=\"https:\/\/www.fcbarcelonanoticias.com\/en\/international-football\/agonizing-goal-from-lautaro-martinez-so-that-leo-messis-argentina-dvance-to-quarterfinals-against-chile-0-1_304868_102.html\" data-intl-links-es=\"https:\/\/www.fcbarcelonanoticias.com\/futbol-internacional\/agonico-gol-lautaro-martinez-argentina-leo-messi-avance-cuartos-chile-0-1_304868_102.html\" href=\"https:\/\/www.fcbarcelonanoticias.com\/en\/international-football\/agonizing-goal-from-lautaro-martinez-so-that-leo-messis-argentina-dvance-to-quarterfinals-against-chile-0-1_304868_102.html\" rel=\"follow\" target=\"_self\" title=\"Ag\u00f3nico gol de Lautaro Mart\u00ednez para que la Argentina de Leo Messi avance a cuartos ante Chile (0-1)\">with the victory in front of Chile by 0-1<\/a>. However, the triumph lit the &#8216;alarms&#8217; in the albiceleste, <strong>since the party <a data-external=\"0\" data-intl-links-en=\"https:\/\/www.fcbarcelonanoticias.com\/en\/players\/lionel-messi\" data-intl-links-es=\"https:\/\/www.fcbarcelonanoticias.com\/jugadores\/lionel-messi\" href=\"https:\/\/www.fcbarcelonanoticias.com\/en\/players\/lionel-messi.html\" rel=\"follow\" target=\"_self\" title=\"Lionel Messi\">of Lionel Messi<\/a> was conditioned by some ailments in the aductor right that accompanied him almost from the pitazo initial of the \u00e1rbrito<\/strong>.<\/p>\n<p>&#8220;In the first played put me hard the aductor. I did not feel prick, tear, at all of this. It is a contracture, but cost me move me with soltura and especially by the head, because one goes thinking that it goes to hurt, that goes to puncture\u2026 was not loose of the everything. <strong>Now the truth bothers me a bit, but could finish playing. So I expect that it was not at all grave<\/strong>&#8220;, commented the &#8217;10&#8217; when finalising the meeting.<\/p>\n<p>Although the footballer wanted to put him &#8216;cold cloths&#8217; to the situation, the true is that the combined Argentinian finds in state of alert from the meeting in front of the Red. <strong>The &#8216;flea&#8217; lost the first training in Miami, will not form part of the party of the next Saturday in front of Peru and is doubt for the duel of quarter-finals of the Thursday<\/strong> of the following week, by what the physical state of the eight winning times of the Balloon of Gold begins to shoot worries<\/p>\n<p><strong>During this Friday, the player of 37 years will subject to new studies because the zone of the injury was very inflamed<\/strong>. Leo ausent\u00f3 of the Argentinian training and, as &#8216;Sportive World&#8217;, internal sources of the combined albiceleste confess that it finds very adolorido and very fastidioso. The AFA freed him so that it went to rest with his family in his house in Miami, but this Friday in the afternoon reintegrar\u00e1 to the preparatory session of the selection.<\/p>\n<h2>It is doubt for the quarter-finals<\/h2>\n<p>The true is that the evolution of the injury of Messi has not gone as it expected . Although his absence in the duel in front of Peru does not represent a problem since Argentina is classified to the following round and will play with acting, <strong>exist speculations that put in doubt his presence in the party of quarter-finals of the Thursday<\/strong>, a situation that yes would cause worry in the champion of the world. The next hours will be keys for the development of his ailments.<\/p>\n","protected":false},"excerpt":{"rendered":"<p>Leo Messi is suffering from ailments in his right adductor. The area is very inflamed and more tests will be carried out this Friday, with his presence ruled out for the duel against Peru on Saturday and being a doubt for the quarterfinals. The selection of Argentina achieved his classification to the quarter-finals of the [&hellip;]<\/p>\n","protected":false},"author":358,"featured_media":163217,"comment_status":"open","ping_status":"open","sticky":false,"template":"","format":"standard","meta":{"_acf_changed":false,"inline_featured_image":false,"_nextfly_llmd_date_locked":false,"footnotes":""},"categories":[115],"tags":[],"class_list":["post-163216","post","type-post","status-publish","format-standard","has-post-thumbnail","hentry","category-lionel-messi"],"acf":[],"yoast_head":"<!-- This site is optimized with the Yoast SEO plugin v27.3 - https:\/\/yoast.com\/product\/yoast-seo-wordpress\/ -->\n<title>The physical state of Leo Messi lights the &#039;alarms&#039; in Argentina<\/title>\n<meta name=\"description\" content=\"Leo Messi is suffering ailments in the aductor right. The zone is very inflamed and this Friday will make him more proofs, with his presence descartada for the duel in front of Peru the Saturday and being doubt for the quarter-finals\" \/>\n<meta name=\"robots\" content=\"index, follow, max-snippet:-1, max-image-preview:large, max-video-preview:-1\" \/>\n<link rel=\"canonical\" href=\"https:\/\/www.fcbarcelonanoticias.com\/en\/lionel-messi\/the-physical-state-of-leo-messi-lights-the-alarms-in-argentina_304942_102.html\" \/>\n<meta property=\"og:locale\" content=\"en_US\" \/>\n<meta property=\"og:type\" content=\"article\" \/>\n<meta property=\"og:title\" content=\"The physical state of Leo Messi lights the &#039;alarms&#039; in Argentina\" \/>\n<meta property=\"og:description\" content=\"Leo Messi is suffering ailments in the aductor right. The zone is very inflamed and this Friday will make him more proofs, with his presence descartada for the duel in front of Peru the Saturday and being doubt for the quarter-finals\" \/>\n<meta property=\"og:url\" content=\"https:\/\/www.fcbarcelonanoticias.com\/en\/lionel-messi\/the-physical-state-of-leo-messi-lights-the-alarms-in-argentina_304942_102.html\" \/>\n<meta property=\"og:site_name\" content=\"EN - FC Barcelona Noticias\" \/>\n<meta property=\"article:published_time\" content=\"2024-06-28T13:20:00+00:00\" \/>\n<meta property=\"article:modified_time\" content=\"2026-04-06T10:22:08+00:00\" \/>\n<meta property=\"og:image\" content=\"https:\/\/www.fcbarcelonanoticias.com\/en\/wp-content\/uploads\/sites\/2\/2024\/06\/leo-messi-partido5-2.jpeg\" \/>\n\t<meta property=\"og:image:width\" content=\"1300\" \/>\n\t<meta property=\"og:image:height\" content=\"737\" \/>\n\t<meta property=\"og:image:type\" content=\"image\/jpeg\" \/>\n<meta name=\"author\" content=\"Juan Pablo Berdugo\" \/>\n<meta name=\"twitter:card\" content=\"summary_large_image\" \/>\n<meta name=\"twitter:label1\" content=\"Written by\" \/>\n\t<meta name=\"twitter:data1\" content=\"Juan Pablo Berdugo\" \/>\n\t<meta name=\"twitter:label2\" content=\"Est. reading time\" \/>\n\t<meta name=\"twitter:data2\" content=\"2 minutes\" \/>\n<script type=\"application\/ld+json\" class=\"yoast-schema-graph\">{\"@context\":\"https:\\\/\\\/schema.org\",\"@graph\":[{\"@type\":\"Article\",\"@id\":\"https:\\\/\\\/www.fcbarcelonanoticias.com\\\/en\\\/lionel-messi\\\/the-physical-state-of-leo-messi-lights-the-alarms-in-argentina_304942_102.html#article\",\"isPartOf\":{\"@id\":\"https:\\\/\\\/www.fcbarcelonanoticias.com\\\/en\\\/lionel-messi\\\/the-physical-state-of-leo-messi-lights-the-alarms-in-argentina_304942_102.html\"},\"author\":{\"name\":\"Juan Pablo Berdugo\",\"@id\":\"https:\\\/\\\/www.fcbarcelonanoticias.com\\\/en\\\/#\\\/schema\\\/person\\\/88d756918a0a1ae9fa593b5edddd1815\"},\"headline\":\"Leo Messi&#8217;s physical condition sets off &#8216;alarms&#8217; in Argentina\",\"datePublished\":\"2024-06-28T13:20:00+00:00\",\"dateModified\":\"2026-04-06T10:22:08+00:00\",\"mainEntityOfPage\":{\"@id\":\"https:\\\/\\\/www.fcbarcelonanoticias.com\\\/en\\\/lionel-messi\\\/the-physical-state-of-leo-messi-lights-the-alarms-in-argentina_304942_102.html\"},\"wordCount\":454,\"commentCount\":0,\"image\":{\"@id\":\"https:\\\/\\\/www.fcbarcelonanoticias.com\\\/en\\\/lionel-messi\\\/the-physical-state-of-leo-messi-lights-the-alarms-in-argentina_304942_102.html#primaryimage\"},\"thumbnailUrl\":\"https:\\\/\\\/www.fcbarcelonanoticias.com\\\/en\\\/wp-content\\\/uploads\\\/sites\\\/2\\\/2024\\\/06\\\/leo-messi-partido5-2.jpeg\",\"articleSection\":[\"Lionel Messi\"],\"inLanguage\":\"en-US\",\"potentialAction\":[{\"@type\":\"CommentAction\",\"name\":\"Comment\",\"target\":[\"https:\\\/\\\/www.fcbarcelonanoticias.com\\\/en\\\/lionel-messi\\\/the-physical-state-of-leo-messi-lights-the-alarms-in-argentina_304942_102.html#respond\"]}]},{\"@type\":\"WebPage\",\"@id\":\"https:\\\/\\\/www.fcbarcelonanoticias.com\\\/en\\\/lionel-messi\\\/the-physical-state-of-leo-messi-lights-the-alarms-in-argentina_304942_102.html\",\"url\":\"https:\\\/\\\/www.fcbarcelonanoticias.com\\\/en\\\/lionel-messi\\\/the-physical-state-of-leo-messi-lights-the-alarms-in-argentina_304942_102.html\",\"name\":\"The physical state of Leo Messi lights the 'alarms' in Argentina\",\"isPartOf\":{\"@id\":\"https:\\\/\\\/www.fcbarcelonanoticias.com\\\/en\\\/#website\"},\"primaryImageOfPage\":{\"@id\":\"https:\\\/\\\/www.fcbarcelonanoticias.com\\\/en\\\/lionel-messi\\\/the-physical-state-of-leo-messi-lights-the-alarms-in-argentina_304942_102.html#primaryimage\"},\"image\":{\"@id\":\"https:\\\/\\\/www.fcbarcelonanoticias.com\\\/en\\\/lionel-messi\\\/the-physical-state-of-leo-messi-lights-the-alarms-in-argentina_304942_102.html#primaryimage\"},\"thumbnailUrl\":\"https:\\\/\\\/www.fcbarcelonanoticias.com\\\/en\\\/wp-content\\\/uploads\\\/sites\\\/2\\\/2024\\\/06\\\/leo-messi-partido5-2.jpeg\",\"datePublished\":\"2024-06-28T13:20:00+00:00\",\"dateModified\":\"2026-04-06T10:22:08+00:00\",\"author\":{\"@id\":\"https:\\\/\\\/www.fcbarcelonanoticias.com\\\/en\\\/#\\\/schema\\\/person\\\/88d756918a0a1ae9fa593b5edddd1815\"},\"description\":\"Leo Messi is suffering ailments in the aductor right. The zone is very inflamed and this Friday will make him more proofs, with his presence descartada for the duel in front of Peru the Saturday and being doubt for the quarter-finals\",\"breadcrumb\":{\"@id\":\"https:\\\/\\\/www.fcbarcelonanoticias.com\\\/en\\\/lionel-messi\\\/the-physical-state-of-leo-messi-lights-the-alarms-in-argentina_304942_102.html#breadcrumb\"},\"inLanguage\":\"en-US\",\"potentialAction\":[{\"@type\":\"ReadAction\",\"target\":[\"https:\\\/\\\/www.fcbarcelonanoticias.com\\\/en\\\/lionel-messi\\\/the-physical-state-of-leo-messi-lights-the-alarms-in-argentina_304942_102.html\"]}]},{\"@type\":\"ImageObject\",\"inLanguage\":\"en-US\",\"@id\":\"https:\\\/\\\/www.fcbarcelonanoticias.com\\\/en\\\/lionel-messi\\\/the-physical-state-of-leo-messi-lights-the-alarms-in-argentina_304942_102.html#primaryimage\",\"url\":\"https:\\\/\\\/www.fcbarcelonanoticias.com\\\/en\\\/wp-content\\\/uploads\\\/sites\\\/2\\\/2024\\\/06\\\/leo-messi-partido5-2.jpeg\",\"contentUrl\":\"https:\\\/\\\/www.fcbarcelonanoticias.com\\\/en\\\/wp-content\\\/uploads\\\/sites\\\/2\\\/2024\\\/06\\\/leo-messi-partido5-2.jpeg\",\"width\":1300,\"height\":737},{\"@type\":\"BreadcrumbList\",\"@id\":\"https:\\\/\\\/www.fcbarcelonanoticias.com\\\/en\\\/lionel-messi\\\/the-physical-state-of-leo-messi-lights-the-alarms-in-argentina_304942_102.html#breadcrumb\",\"itemListElement\":[{\"@type\":\"ListItem\",\"position\":1,\"name\":\"Portada\",\"item\":\"https:\\\/\\\/www.fcbarcelonanoticias.com\\\/en\\\/\"},{\"@type\":\"ListItem\",\"position\":2,\"name\":\"Leo Messi&#8217;s physical condition sets off &#8216;alarms&#8217; in Argentina\"}]},{\"@type\":\"WebSite\",\"@id\":\"https:\\\/\\\/www.fcbarcelonanoticias.com\\\/en\\\/#website\",\"url\":\"https:\\\/\\\/www.fcbarcelonanoticias.com\\\/en\\\/\",\"name\":\"EN - FC Barcelona Noticias\",\"description\":\"\",\"potentialAction\":[{\"@type\":\"SearchAction\",\"target\":{\"@type\":\"EntryPoint\",\"urlTemplate\":\"https:\\\/\\\/www.fcbarcelonanoticias.com\\\/en\\\/?s={search_term_string}\"},\"query-input\":{\"@type\":\"PropertyValueSpecification\",\"valueRequired\":true,\"valueName\":\"search_term_string\"}}],\"inLanguage\":\"en-US\"},{\"@type\":\"Person\",\"@id\":\"https:\\\/\\\/www.fcbarcelonanoticias.com\\\/en\\\/#\\\/schema\\\/person\\\/88d756918a0a1ae9fa593b5edddd1815\",\"name\":\"Juan Pablo Berdugo\",\"image\":{\"@type\":\"ImageObject\",\"inLanguage\":\"en-US\",\"@id\":\"https:\\\/\\\/secure.gravatar.com\\\/avatar\\\/?s=96&d=mm&r=g\",\"url\":\"https:\\\/\\\/secure.gravatar.com\\\/avatar\\\/?s=96&d=mm&r=g\",\"contentUrl\":\"https:\\\/\\\/secure.gravatar.com\\\/avatar\\\/?s=96&d=mm&r=g\",\"caption\":\"Juan Pablo Berdugo\"},\"description\":\"Juan Pablo Berdugo es graduado en Periodismo. Colabora con FCBN como especialista en informaci\u00f3n del primer equipo del FC Barcelona, f\u00fatbol internacional y mercado de fichajes. Destaca por su enfoque anal\u00edtico, su rigor informativo y su capacidad para detectar tendencias emergentes en el f\u00fatbol global.\",\"url\":\"https:\\\/\\\/www.fcbarcelonanoticias.com\\\/en\\\/fc-barcelona\\\/juan-pablo-berdugo_18_115.html\"}]}<\/script>\n<!-- \/ Yoast SEO plugin. -->","yoast_head_json":{"title":"The physical state of Leo Messi lights the 'alarms' in Argentina","description":"Leo Messi is suffering ailments in the aductor right. The zone is very inflamed and this Friday will make him more proofs, with his presence descartada for the duel in front of Peru the Saturday and being doubt for the quarter-finals","robots":{"index":"index","follow":"follow","max-snippet":"max-snippet:-1","max-image-preview":"max-image-preview:large","max-video-preview":"max-video-preview:-1"},"canonical":"https:\/\/www.fcbarcelonanoticias.com\/en\/lionel-messi\/the-physical-state-of-leo-messi-lights-the-alarms-in-argentina_304942_102.html","og_locale":"en_US","og_type":"article","og_title":"The physical state of Leo Messi lights the 'alarms' in Argentina","og_description":"Leo Messi is suffering ailments in the aductor right. The zone is very inflamed and this Friday will make him more proofs, with his presence descartada for the duel in front of Peru the Saturday and being doubt for the quarter-finals","og_url":"https:\/\/www.fcbarcelonanoticias.com\/en\/lionel-messi\/the-physical-state-of-leo-messi-lights-the-alarms-in-argentina_304942_102.html","og_site_name":"EN - FC Barcelona Noticias","article_published_time":"2024-06-28T13:20:00+00:00","article_modified_time":"2026-04-06T10:22:08+00:00","og_image":[{"width":1300,"height":737,"url":"https:\/\/www.fcbarcelonanoticias.com\/en\/wp-content\/uploads\/sites\/2\/2024\/06\/leo-messi-partido5-2.jpeg","type":"image\/jpeg"}],"author":"Juan Pablo Berdugo","twitter_card":"summary_large_image","twitter_misc":{"Written by":"Juan Pablo Berdugo","Est. reading time":"2 minutes"},"schema":{"@context":"https:\/\/schema.org","@graph":[{"@type":"Article","@id":"https:\/\/www.fcbarcelonanoticias.com\/en\/lionel-messi\/the-physical-state-of-leo-messi-lights-the-alarms-in-argentina_304942_102.html#article","isPartOf":{"@id":"https:\/\/www.fcbarcelonanoticias.com\/en\/lionel-messi\/the-physical-state-of-leo-messi-lights-the-alarms-in-argentina_304942_102.html"},"author":{"name":"Juan Pablo Berdugo","@id":"https:\/\/www.fcbarcelonanoticias.com\/en\/#\/schema\/person\/88d756918a0a1ae9fa593b5edddd1815"},"headline":"Leo Messi&#8217;s physical condition sets off &#8216;alarms&#8217; in Argentina","datePublished":"2024-06-28T13:20:00+00:00","dateModified":"2026-04-06T10:22:08+00:00","mainEntityOfPage":{"@id":"https:\/\/www.fcbarcelonanoticias.com\/en\/lionel-messi\/the-physical-state-of-leo-messi-lights-the-alarms-in-argentina_304942_102.html"},"wordCount":454,"commentCount":0,"image":{"@id":"https:\/\/www.fcbarcelonanoticias.com\/en\/lionel-messi\/the-physical-state-of-leo-messi-lights-the-alarms-in-argentina_304942_102.html#primaryimage"},"thumbnailUrl":"https:\/\/www.fcbarcelonanoticias.com\/en\/wp-content\/uploads\/sites\/2\/2024\/06\/leo-messi-partido5-2.jpeg","articleSection":["Lionel Messi"],"inLanguage":"en-US","potentialAction":[{"@type":"CommentAction","name":"Comment","target":["https:\/\/www.fcbarcelonanoticias.com\/en\/lionel-messi\/the-physical-state-of-leo-messi-lights-the-alarms-in-argentina_304942_102.html#respond"]}]},{"@type":"WebPage","@id":"https:\/\/www.fcbarcelonanoticias.com\/en\/lionel-messi\/the-physical-state-of-leo-messi-lights-the-alarms-in-argentina_304942_102.html","url":"https:\/\/www.fcbarcelonanoticias.com\/en\/lionel-messi\/the-physical-state-of-leo-messi-lights-the-alarms-in-argentina_304942_102.html","name":"The physical state of Leo Messi lights the 'alarms' in Argentina","isPartOf":{"@id":"https:\/\/www.fcbarcelonanoticias.com\/en\/#website"},"primaryImageOfPage":{"@id":"https:\/\/www.fcbarcelonanoticias.com\/en\/lionel-messi\/the-physical-state-of-leo-messi-lights-the-alarms-in-argentina_304942_102.html#primaryimage"},"image":{"@id":"https:\/\/www.fcbarcelonanoticias.com\/en\/lionel-messi\/the-physical-state-of-leo-messi-lights-the-alarms-in-argentina_304942_102.html#primaryimage"},"thumbnailUrl":"https:\/\/www.fcbarcelonanoticias.com\/en\/wp-content\/uploads\/sites\/2\/2024\/06\/leo-messi-partido5-2.jpeg","datePublished":"2024-06-28T13:20:00+00:00","dateModified":"2026-04-06T10:22:08+00:00","author":{"@id":"https:\/\/www.fcbarcelonanoticias.com\/en\/#\/schema\/person\/88d756918a0a1ae9fa593b5edddd1815"},"description":"Leo Messi is suffering ailments in the aductor right. The zone is very inflamed and this Friday will make him more proofs, with his presence descartada for the duel in front of Peru the Saturday and being doubt for the quarter-finals","breadcrumb":{"@id":"https:\/\/www.fcbarcelonanoticias.com\/en\/lionel-messi\/the-physical-state-of-leo-messi-lights-the-alarms-in-argentina_304942_102.html#breadcrumb"},"inLanguage":"en-US","potentialAction":[{"@type":"ReadAction","target":["https:\/\/www.fcbarcelonanoticias.com\/en\/lionel-messi\/the-physical-state-of-leo-messi-lights-the-alarms-in-argentina_304942_102.html"]}]},{"@type":"ImageObject","inLanguage":"en-US","@id":"https:\/\/www.fcbarcelonanoticias.com\/en\/lionel-messi\/the-physical-state-of-leo-messi-lights-the-alarms-in-argentina_304942_102.html#primaryimage","url":"https:\/\/www.fcbarcelonanoticias.com\/en\/wp-content\/uploads\/sites\/2\/2024\/06\/leo-messi-partido5-2.jpeg","contentUrl":"https:\/\/www.fcbarcelonanoticias.com\/en\/wp-content\/uploads\/sites\/2\/2024\/06\/leo-messi-partido5-2.jpeg","width":1300,"height":737},{"@type":"BreadcrumbList","@id":"https:\/\/www.fcbarcelonanoticias.com\/en\/lionel-messi\/the-physical-state-of-leo-messi-lights-the-alarms-in-argentina_304942_102.html#breadcrumb","itemListElement":[{"@type":"ListItem","position":1,"name":"Portada","item":"https:\/\/www.fcbarcelonanoticias.com\/en\/"},{"@type":"ListItem","position":2,"name":"Leo Messi&#8217;s physical condition sets off &#8216;alarms&#8217; in Argentina"}]},{"@type":"WebSite","@id":"https:\/\/www.fcbarcelonanoticias.com\/en\/#website","url":"https:\/\/www.fcbarcelonanoticias.com\/en\/","name":"EN - FC Barcelona Noticias","description":"","potentialAction":[{"@type":"SearchAction","target":{"@type":"EntryPoint","urlTemplate":"https:\/\/www.fcbarcelonanoticias.com\/en\/?s={search_term_string}"},"query-input":{"@type":"PropertyValueSpecification","valueRequired":true,"valueName":"search_term_string"}}],"inLanguage":"en-US"},{"@type":"Person","@id":"https:\/\/www.fcbarcelonanoticias.com\/en\/#\/schema\/person\/88d756918a0a1ae9fa593b5edddd1815","name":"Juan Pablo Berdugo","image":{"@type":"ImageObject","inLanguage":"en-US","@id":"https:\/\/secure.gravatar.com\/avatar\/?s=96&d=mm&r=g","url":"https:\/\/secure.gravatar.com\/avatar\/?s=96&d=mm&r=g","contentUrl":"https:\/\/secure.gravatar.com\/avatar\/?s=96&d=mm&r=g","caption":"Juan Pablo Berdugo"},"description":"Juan Pablo Berdugo es graduado en Periodismo. Colabora con FCBN como especialista en informaci\u00f3n del primer equipo del FC Barcelona, f\u00fatbol internacional y mercado de fichajes. Destaca por su enfoque anal\u00edtico, su rigor informativo y su capacidad para detectar tendencias emergentes en el f\u00fatbol global.","url":"https:\/\/www.fcbarcelonanoticias.com\/en\/fc-barcelona\/juan-pablo-berdugo_18_115.html"}]}},"_links":{"self":[{"href":"https:\/\/www.fcbarcelonanoticias.com\/en\/wp-json\/wp\/v2\/posts\/163216","targetHints":{"allow":["GET"]}}],"collection":[{"href":"https:\/\/www.fcbarcelonanoticias.com\/en\/wp-json\/wp\/v2\/posts"}],"about":[{"href":"https:\/\/www.fcbarcelonanoticias.com\/en\/wp-json\/wp\/v2\/types\/post"}],"author":[{"embeddable":true,"href":"https:\/\/www.fcbarcelonanoticias.com\/en\/wp-json\/wp\/v2\/users\/358"}],"replies":[{"embeddable":true,"href":"https:\/\/www.fcbarcelonanoticias.com\/en\/wp-json\/wp\/v2\/comments?post=163216"}],"version-history":[{"count":1,"href":"https:\/\/www.fcbarcelonanoticias.com\/en\/wp-json\/wp\/v2\/posts\/163216\/revisions"}],"predecessor-version":[{"id":163330,"href":"https:\/\/www.fcbarcelonanoticias.com\/en\/wp-json\/wp\/v2\/posts\/163216\/revisions\/163330"}],"wp:featuredmedia":[{"embeddable":true,"href":"https:\/\/www.fcbarcelonanoticias.com\/en\/wp-json\/wp\/v2\/media\/163217"}],"wp:attachment":[{"href":"https:\/\/www.fcbarcelonanoticias.com\/en\/wp-json\/wp\/v2\/media?parent=163216"}],"wp:term":[{"taxonomy":"category","embeddable":true,"href":"https:\/\/www.fcbarcelonanoticias.com\/en\/wp-json\/wp\/v2\/categories?post=163216"},{"taxonomy":"post_tag","embeddable":true,"href":"https:\/\/www.fcbarcelonanoticias.com\/en\/wp-json\/wp\/v2\/tags?post=163216"}],"curies":[{"name":"wp","href":"https:\/\/api.w.org\/{rel}","templated":true}]}}