{"id":163269,"date":"2025-11-11T17:20:00","date_gmt":"2025-11-11T16:20:00","guid":{"rendered":"https:\/\/www.fcbarcelonanoticias.com\/en\/lamine-returns-to-barcelona-to-undergo-radiofrequency-treatment_315245_102-2\/"},"modified":"2026-04-09T14:03:34","modified_gmt":"2026-04-09T12:03:34","slug":"lamine-returns-to-barcelona-to-undergo-radiofrequency-treatment_315245_102-2","status":"publish","type":"post","link":"https:\/\/www.fcbarcelonanoticias.com\/en\/fc-barcelona\/lamine-returns-to-barcelona-to-undergo-radiofrequency-treatment_315245_102.html","title":{"rendered":"Lamine Yamal returns to Barcelona to continue his treatment for osteitis pubis"},"content":{"rendered":"<h2 class=\"wp-block-heading\">Lamine Yamal returned to Barcelona this Tuesday after being withdrawn from the Spanish squad, at Bar\u00e7a&#8217;s request. The Matar\u00f3 native will undergo radiofrequency treatment for his osteitis pubis<\/h2>\n<p><strong>FC Barcelona<\/strong> welcomed back <strong>Lamine Yamal<\/strong> this Tuesday, after the Spanish national team confirmed his withdrawal from the squad for the matches against <strong>Georgia<\/strong> (11\/15) and <strong>Turkey<\/strong> (11\/18). <strong>Jorge de Frutos (Rayo)<\/strong> was called up to take his place on <strong>Luis de la Fuente<\/strong>&#8216;s list for the last two matchdays of the World Cup qualifiers.<\/p>\n<p>The Blaugrana &#8217;10&#8217; returned to the Catalan capital after <a data-external=\"0\" data-intl-links-en=\"https:\/\/www.fcbarcelonanoticias.com\/en\/fc-barcelona\/lamine-yamal-de-selected-the-rfef-criticizes-barca_315243_102.html\" data-intl-links-es=\"https:\/\/www.fcbarcelonanoticias.com\/fc-barcelona\/lamine-yamal-desconvocado-con-seleccion-rfef-carga-contra-barcelona_315243_102.html\" href=\"https:\/\/www.fcbarcelonanoticias.com\/en\/fc-barcelona\/lamine-yamal-de-selected-the-rfef-criticizes-barca_315243_102.html\" rel=\"follow\" target=\"_self\" title=\"Lamine Yamal, desconvocado con la Selecci\u00f3n: la RFEF carga contra el FC Barcelona\">the controversy between the Royal Spanish Football Federation (RFEF), the National Team, and Bar\u00e7a<\/a> over the club&#8217;s request to release the player from Matar\u00f3. Lamine will undergo radiofrequency treatment this week, which requires a rest period of seven to ten days.<\/p>\n<h2>Bar\u00e7a opts for a new conservative treatment for Lamine Yamal<\/h2>\n<p>Therefore, he could not play with Spain, although he will be available for the match against <a data-external=\"0\" data-intl-links-en=\"https:\/\/www.fcbarcelonanoticias.com\/en\/laliga\/barcelona-athletic-schedule-and-tv-laliga-2025-26-md13_315077_102.html\" data-intl-links-es=\"https:\/\/www.fcbarcelonanoticias.com\/laliga\/horario-tv-barcelona-athletic-laliga-2025-26-j13_315077_102.html\" href=\"https:\/\/www.fcbarcelonanoticias.com\/en\/laliga\/barcelona-athletic-schedule-and-tv-laliga-2025-26-md13_315077_102.html\" rel=\"follow\" target=\"_self\" title=\"Horario y TV del Barcelona - Athletic: LaLiga 2025\/26 J13\">Athletic<\/a>, for matchday 13 of LaLiga. The national team did not take it well that <strong>Bar\u00e7a waited until Monday night<\/strong> to communicate Yamal&#8217;s treatment, who had joined the Roja&#8217;s training camp at the Ciudad del F\u00fatbol in Las Rozas on Monday afternoon<\/p>\n<p>Bar\u00e7a, however, complied with the protocol of notifying the National Team about the treatment of the 18-year-old winger, which was authorized by the head of the club&#8217;s medical services, doctor <strong>Ricard Pruna<\/strong>, along with Belgian doctor <strong>Ernest Schilders<\/strong>, who has extensive experience in addressing pathologies such as osteitis pubis.<\/p>\n<p>This season, the Rocafonda player has missed 5 games due to his pubis discomfort. Furthermore, <strong>he only completed the full 90 minutes in 7 of the 16 matches played by Bar\u00e7a<\/strong>. Lamine has undergone specific training at the Ciutat Esportiva in recent weeks to deal with the pain and inflammation, factors that reduce his usual explosiveness in attack down the wing.<\/p>\n<h2>How does radiofrequency treatment work?<\/h2>\n<p>In this regard, the club has decided to take advantage of the November break, the last one in 2025, to subject the forward to radiofrequency treatment. This outpatient procedure consists of **applying electricity or heat to the affected area using special needles with X-rays** to relieve nerve pain.<\/p>\n<p>The treatment, in turn, allows for a reduction in the use of painkillers for pain, <strong>in conjunction with physiotherapy and specific physical preparation<\/strong>, to avoid muscle overload. Lamine Yamal will rest for the entire week, once the radiofrequency is completed, and will return to work with the squad next Wednesday the 19th, with an eye on Athletic.<\/p>\n<p>In his last three games, <strong>the Matar\u00f3 player has scored 3 goals and provided 1 assist<\/strong>, marking his best streak of the season. Next week, the Blaugrana team also expects to welcome back <a data-external=\"0\" data-intl-links-en=\"https:\/\/www.fcbarcelonanoticias.com\/en\/fc-barcelona\/joan-garcia-and-raphinha-two-highly-anticipated-arrivals-in-barcelona_315242_102.html\" data-intl-links-es=\"https:\/\/www.fcbarcelonanoticias.com\/fc-barcelona\/joan-garcia-raphinha-dos-altas-muy-esperadas-barcelona-tras-paron_315242_102.html\" href=\"https:\/\/www.fcbarcelonanoticias.com\/en\/fc-barcelona\/joan-garcia-and-raphinha-two-highly-anticipated-arrivals-in-barcelona_315242_102.html\" rel=\"follow\" target=\"_self\" title=\"Joan Garc\u00eda y Raphinha: dos altas muy esperadas en Barcelona tras el par\u00f3n\">Joan Garc\u00eda and Raphinha<\/a>, both injured since the visit to Oviedo (September 25).<\/p>\n<ul>\n<li>At <strong>FC Barcelona News<\/strong>, we tell you every detail of the Blaugrana current events and the <strong><a data-external=\"0\" data-intl-links-en=\"https:\/\/www.fcbarcelonanoticias.com\/en\/tags\/injured\" data-intl-links-es=\"https:\/\/www.fcbarcelonanoticias.com\/tags\/lesionados\" href=\"https:\/\/www.fcbarcelonanoticias.com\/en\/tags\/injured.html\" rel=\"follow\" target=\"_self\" title=\"Lesionados\">evolution of all the injured players<\/a><\/strong> <\/li>\n<\/ul>\n","protected":false},"excerpt":{"rendered":"<p>Lamine Yamal returned to Barcelona this Tuesday after being withdrawn from the Spanish squad, at Bar\u00e7a&#8217;s request. The Matar\u00f3 native will undergo radiofrequency treatment for his osteitis pubis FC Barcelona welcomed back Lamine Yamal this Tuesday, after the Spanish national team confirmed his withdrawal from the squad for the matches against Georgia (11\/15) and Turkey [&hellip;]<\/p>\n","protected":false},"author":347,"featured_media":163270,"comment_status":"open","ping_status":"open","sticky":false,"template":"","format":"standard","meta":{"_acf_changed":false,"inline_featured_image":false,"_nextfly_llmd_date_locked":false,"footnotes":""},"categories":[111],"tags":[136,147,91,95],"class_list":["post-163269","post","type-post","status-publish","format-standard","has-post-thumbnail","hentry","category-fc-barcelona","tag-injured","tag-lamine-yamal","tag-national-teams","tag-rfef"],"acf":[],"yoast_head":"<!-- This site is optimized with the Yoast SEO plugin v27.3 - https:\/\/yoast.com\/product\/yoast-seo-wordpress\/ -->\n<title>Lamine returns to Barcelona to undergo radiofrequency treatment<\/title>\n<meta name=\"description\" content=\"Lamine Yamal returned to Barcelona this Tuesday and will undergo radiofrequency treatment for his osteitis pubis. Discover how this treatment works\" \/>\n<meta name=\"robots\" content=\"index, follow, max-snippet:-1, max-image-preview:large, max-video-preview:-1\" \/>\n<link rel=\"canonical\" href=\"https:\/\/www.fcbarcelonanoticias.com\/en\/transfers\/lamine-returns-to-barcelona-to-undergo-radiofrequency-treatment_315245_102.html\" \/>\n<meta property=\"og:locale\" content=\"en_US\" \/>\n<meta property=\"og:type\" content=\"article\" \/>\n<meta property=\"og:title\" content=\"Lamine returns to Barcelona to undergo radiofrequency treatment\" \/>\n<meta property=\"og:description\" content=\"Lamine Yamal returned to Barcelona this Tuesday and will undergo radiofrequency treatment for his osteitis pubis. Discover how this treatment works\" \/>\n<meta property=\"og:url\" content=\"https:\/\/www.fcbarcelonanoticias.com\/en\/transfers\/lamine-returns-to-barcelona-to-undergo-radiofrequency-treatment_315245_102.html\" \/>\n<meta property=\"og:site_name\" content=\"EN - FC Barcelona Noticias\" \/>\n<meta property=\"article:published_time\" content=\"2025-11-11T16:20:00+00:00\" \/>\n<meta property=\"article:modified_time\" content=\"2026-04-09T12:03:34+00:00\" \/>\n<meta property=\"og:image\" content=\"https:\/\/www.fcbarcelonanoticias.com\/en\/wp-content\/uploads\/sites\/2\/2025\/11\/lamine-yamal-camp-nou-1.webp\" \/>\n\t<meta property=\"og:image:width\" content=\"1200\" \/>\n\t<meta property=\"og:image:height\" content=\"675\" \/>\n\t<meta property=\"og:image:type\" content=\"image\/webp\" \/>\n<meta name=\"author\" content=\"Andr\u00e9s Quiroz\" \/>\n<meta name=\"twitter:card\" content=\"summary_large_image\" \/>\n<meta name=\"twitter:label1\" content=\"Written by\" \/>\n\t<meta name=\"twitter:data1\" content=\"Andr\u00e9s Quiroz\" \/>\n\t<meta name=\"twitter:label2\" content=\"Est. reading time\" \/>\n\t<meta name=\"twitter:data2\" content=\"3 minutes\" \/>\n<script type=\"application\/ld+json\" class=\"yoast-schema-graph\">{\"@context\":\"https:\\\/\\\/schema.org\",\"@graph\":[{\"@type\":\"Article\",\"@id\":\"https:\\\/\\\/www.fcbarcelonanoticias.com\\\/en\\\/transfers\\\/lamine-returns-to-barcelona-to-undergo-radiofrequency-treatment_315245_102.html#article\",\"isPartOf\":{\"@id\":\"https:\\\/\\\/www.fcbarcelonanoticias.com\\\/en\\\/fc-barcelona\\\/lamine-returns-to-barcelona-to-undergo-radiofrequency-treatment_315245_102.html\"},\"author\":{\"name\":\"Andr\u00e9s Quiroz\",\"@id\":\"https:\\\/\\\/www.fcbarcelonanoticias.com\\\/en\\\/#\\\/schema\\\/person\\\/c2cd9f6fa1af5c0d0eccd0fefa575c88\"},\"headline\":\"Lamine Yamal returns to Barcelona to continue his treatment for osteitis pubis\",\"datePublished\":\"2025-11-11T16:20:00+00:00\",\"dateModified\":\"2026-04-09T12:03:34+00:00\",\"mainEntityOfPage\":{\"@id\":\"https:\\\/\\\/www.fcbarcelonanoticias.com\\\/en\\\/fc-barcelona\\\/lamine-returns-to-barcelona-to-undergo-radiofrequency-treatment_315245_102.html\"},\"wordCount\":503,\"commentCount\":0,\"image\":{\"@id\":\"https:\\\/\\\/www.fcbarcelonanoticias.com\\\/en\\\/transfers\\\/lamine-returns-to-barcelona-to-undergo-radiofrequency-treatment_315245_102.html#primaryimage\"},\"thumbnailUrl\":\"https:\\\/\\\/www.fcbarcelonanoticias.com\\\/en\\\/wp-content\\\/uploads\\\/sites\\\/2\\\/2025\\\/11\\\/lamine-yamal-camp-nou-1.webp\",\"keywords\":[\"injured\",\"Lamine Yamal\",\"National Teams\",\"RFEF\"],\"articleSection\":[\"FC Barcelona\"],\"inLanguage\":\"en-US\",\"potentialAction\":[{\"@type\":\"CommentAction\",\"name\":\"Comment\",\"target\":[\"https:\\\/\\\/www.fcbarcelonanoticias.com\\\/en\\\/transfers\\\/lamine-returns-to-barcelona-to-undergo-radiofrequency-treatment_315245_102.html#respond\"]}]},{\"@type\":\"WebPage\",\"@id\":\"https:\\\/\\\/www.fcbarcelonanoticias.com\\\/en\\\/fc-barcelona\\\/lamine-returns-to-barcelona-to-undergo-radiofrequency-treatment_315245_102.html\",\"url\":\"https:\\\/\\\/www.fcbarcelonanoticias.com\\\/en\\\/transfers\\\/lamine-returns-to-barcelona-to-undergo-radiofrequency-treatment_315245_102.html\",\"name\":\"Lamine returns to Barcelona to undergo radiofrequency treatment\",\"isPartOf\":{\"@id\":\"https:\\\/\\\/www.fcbarcelonanoticias.com\\\/en\\\/#website\"},\"primaryImageOfPage\":{\"@id\":\"https:\\\/\\\/www.fcbarcelonanoticias.com\\\/en\\\/transfers\\\/lamine-returns-to-barcelona-to-undergo-radiofrequency-treatment_315245_102.html#primaryimage\"},\"image\":{\"@id\":\"https:\\\/\\\/www.fcbarcelonanoticias.com\\\/en\\\/transfers\\\/lamine-returns-to-barcelona-to-undergo-radiofrequency-treatment_315245_102.html#primaryimage\"},\"thumbnailUrl\":\"https:\\\/\\\/www.fcbarcelonanoticias.com\\\/en\\\/wp-content\\\/uploads\\\/sites\\\/2\\\/2025\\\/11\\\/lamine-yamal-camp-nou-1.webp\",\"datePublished\":\"2025-11-11T16:20:00+00:00\",\"dateModified\":\"2026-04-09T12:03:34+00:00\",\"author\":{\"@id\":\"https:\\\/\\\/www.fcbarcelonanoticias.com\\\/en\\\/#\\\/schema\\\/person\\\/c2cd9f6fa1af5c0d0eccd0fefa575c88\"},\"description\":\"Lamine Yamal returned to Barcelona this Tuesday and will undergo radiofrequency treatment for his osteitis pubis. Discover how this treatment works\",\"breadcrumb\":{\"@id\":\"https:\\\/\\\/www.fcbarcelonanoticias.com\\\/en\\\/transfers\\\/lamine-returns-to-barcelona-to-undergo-radiofrequency-treatment_315245_102.html#breadcrumb\"},\"inLanguage\":\"en-US\",\"potentialAction\":[{\"@type\":\"ReadAction\",\"target\":[\"https:\\\/\\\/www.fcbarcelonanoticias.com\\\/en\\\/transfers\\\/lamine-returns-to-barcelona-to-undergo-radiofrequency-treatment_315245_102.html\"]}]},{\"@type\":\"ImageObject\",\"inLanguage\":\"en-US\",\"@id\":\"https:\\\/\\\/www.fcbarcelonanoticias.com\\\/en\\\/transfers\\\/lamine-returns-to-barcelona-to-undergo-radiofrequency-treatment_315245_102.html#primaryimage\",\"url\":\"https:\\\/\\\/www.fcbarcelonanoticias.com\\\/en\\\/wp-content\\\/uploads\\\/sites\\\/2\\\/2025\\\/11\\\/lamine-yamal-camp-nou-1.webp\",\"contentUrl\":\"https:\\\/\\\/www.fcbarcelonanoticias.com\\\/en\\\/wp-content\\\/uploads\\\/sites\\\/2\\\/2025\\\/11\\\/lamine-yamal-camp-nou-1.webp\",\"width\":1200,\"height\":675},{\"@type\":\"BreadcrumbList\",\"@id\":\"https:\\\/\\\/www.fcbarcelonanoticias.com\\\/en\\\/transfers\\\/lamine-returns-to-barcelona-to-undergo-radiofrequency-treatment_315245_102.html#breadcrumb\",\"itemListElement\":[{\"@type\":\"ListItem\",\"position\":1,\"name\":\"Portada\",\"item\":\"https:\\\/\\\/www.fcbarcelonanoticias.com\\\/en\\\/\"},{\"@type\":\"ListItem\",\"position\":2,\"name\":\"Lamine Yamal returns to Barcelona to continue his treatment for osteitis pubis\"}]},{\"@type\":\"WebSite\",\"@id\":\"https:\\\/\\\/www.fcbarcelonanoticias.com\\\/en\\\/#website\",\"url\":\"https:\\\/\\\/www.fcbarcelonanoticias.com\\\/en\\\/\",\"name\":\"EN - FC Barcelona Noticias\",\"description\":\"\",\"potentialAction\":[{\"@type\":\"SearchAction\",\"target\":{\"@type\":\"EntryPoint\",\"urlTemplate\":\"https:\\\/\\\/www.fcbarcelonanoticias.com\\\/en\\\/?s={search_term_string}\"},\"query-input\":{\"@type\":\"PropertyValueSpecification\",\"valueRequired\":true,\"valueName\":\"search_term_string\"}}],\"inLanguage\":\"en-US\"},{\"@type\":\"Person\",\"@id\":\"https:\\\/\\\/www.fcbarcelonanoticias.com\\\/en\\\/#\\\/schema\\\/person\\\/c2cd9f6fa1af5c0d0eccd0fefa575c88\",\"name\":\"Andr\u00e9s Quiroz\",\"image\":{\"@type\":\"ImageObject\",\"inLanguage\":\"en-US\",\"@id\":\"https:\\\/\\\/secure.gravatar.com\\\/avatar\\\/?s=96&d=mm&r=g\",\"url\":\"https:\\\/\\\/secure.gravatar.com\\\/avatar\\\/?s=96&d=mm&r=g\",\"contentUrl\":\"https:\\\/\\\/secure.gravatar.com\\\/avatar\\\/?s=96&d=mm&r=g\",\"caption\":\"Andr\u00e9s Quiroz\"},\"description\":\"Licenciado en Periodismo por la Universidad de los Andes. Me encargo de analizar y compartir los contenidos m\u00e1s destacados de la\u00a0actualidad del F\u00fatbol Club Barcelona, Mercado de Fichajes y F\u00fatbol Internacional en FCBN. La informaci\u00f3n es poder, pero tambi\u00e9n conocimiento.\",\"url\":\"https:\\\/\\\/www.fcbarcelonanoticias.com\\\/en\\\/fc-barcelona\\\/andres-quiroz_17_115.html\"}]}<\/script>\n<!-- \/ Yoast SEO plugin. -->","yoast_head_json":{"title":"Lamine returns to Barcelona to undergo radiofrequency treatment","description":"Lamine Yamal returned to Barcelona this Tuesday and will undergo radiofrequency treatment for his osteitis pubis. Discover how this treatment works","robots":{"index":"index","follow":"follow","max-snippet":"max-snippet:-1","max-image-preview":"max-image-preview:large","max-video-preview":"max-video-preview:-1"},"canonical":"https:\/\/www.fcbarcelonanoticias.com\/en\/transfers\/lamine-returns-to-barcelona-to-undergo-radiofrequency-treatment_315245_102.html","og_locale":"en_US","og_type":"article","og_title":"Lamine returns to Barcelona to undergo radiofrequency treatment","og_description":"Lamine Yamal returned to Barcelona this Tuesday and will undergo radiofrequency treatment for his osteitis pubis. Discover how this treatment works","og_url":"https:\/\/www.fcbarcelonanoticias.com\/en\/transfers\/lamine-returns-to-barcelona-to-undergo-radiofrequency-treatment_315245_102.html","og_site_name":"EN - FC Barcelona Noticias","article_published_time":"2025-11-11T16:20:00+00:00","article_modified_time":"2026-04-09T12:03:34+00:00","og_image":[{"width":1200,"height":675,"url":"https:\/\/www.fcbarcelonanoticias.com\/en\/wp-content\/uploads\/sites\/2\/2025\/11\/lamine-yamal-camp-nou-1.webp","type":"image\/webp"}],"author":"Andr\u00e9s Quiroz","twitter_card":"summary_large_image","twitter_misc":{"Written by":"Andr\u00e9s Quiroz","Est. reading time":"3 minutes"},"schema":{"@context":"https:\/\/schema.org","@graph":[{"@type":"Article","@id":"https:\/\/www.fcbarcelonanoticias.com\/en\/transfers\/lamine-returns-to-barcelona-to-undergo-radiofrequency-treatment_315245_102.html#article","isPartOf":{"@id":"https:\/\/www.fcbarcelonanoticias.com\/en\/fc-barcelona\/lamine-returns-to-barcelona-to-undergo-radiofrequency-treatment_315245_102.html"},"author":{"name":"Andr\u00e9s Quiroz","@id":"https:\/\/www.fcbarcelonanoticias.com\/en\/#\/schema\/person\/c2cd9f6fa1af5c0d0eccd0fefa575c88"},"headline":"Lamine Yamal returns to Barcelona to continue his treatment for osteitis pubis","datePublished":"2025-11-11T16:20:00+00:00","dateModified":"2026-04-09T12:03:34+00:00","mainEntityOfPage":{"@id":"https:\/\/www.fcbarcelonanoticias.com\/en\/fc-barcelona\/lamine-returns-to-barcelona-to-undergo-radiofrequency-treatment_315245_102.html"},"wordCount":503,"commentCount":0,"image":{"@id":"https:\/\/www.fcbarcelonanoticias.com\/en\/transfers\/lamine-returns-to-barcelona-to-undergo-radiofrequency-treatment_315245_102.html#primaryimage"},"thumbnailUrl":"https:\/\/www.fcbarcelonanoticias.com\/en\/wp-content\/uploads\/sites\/2\/2025\/11\/lamine-yamal-camp-nou-1.webp","keywords":["injured","Lamine Yamal","National Teams","RFEF"],"articleSection":["FC Barcelona"],"inLanguage":"en-US","potentialAction":[{"@type":"CommentAction","name":"Comment","target":["https:\/\/www.fcbarcelonanoticias.com\/en\/transfers\/lamine-returns-to-barcelona-to-undergo-radiofrequency-treatment_315245_102.html#respond"]}]},{"@type":"WebPage","@id":"https:\/\/www.fcbarcelonanoticias.com\/en\/fc-barcelona\/lamine-returns-to-barcelona-to-undergo-radiofrequency-treatment_315245_102.html","url":"https:\/\/www.fcbarcelonanoticias.com\/en\/transfers\/lamine-returns-to-barcelona-to-undergo-radiofrequency-treatment_315245_102.html","name":"Lamine returns to Barcelona to undergo radiofrequency treatment","isPartOf":{"@id":"https:\/\/www.fcbarcelonanoticias.com\/en\/#website"},"primaryImageOfPage":{"@id":"https:\/\/www.fcbarcelonanoticias.com\/en\/transfers\/lamine-returns-to-barcelona-to-undergo-radiofrequency-treatment_315245_102.html#primaryimage"},"image":{"@id":"https:\/\/www.fcbarcelonanoticias.com\/en\/transfers\/lamine-returns-to-barcelona-to-undergo-radiofrequency-treatment_315245_102.html#primaryimage"},"thumbnailUrl":"https:\/\/www.fcbarcelonanoticias.com\/en\/wp-content\/uploads\/sites\/2\/2025\/11\/lamine-yamal-camp-nou-1.webp","datePublished":"2025-11-11T16:20:00+00:00","dateModified":"2026-04-09T12:03:34+00:00","author":{"@id":"https:\/\/www.fcbarcelonanoticias.com\/en\/#\/schema\/person\/c2cd9f6fa1af5c0d0eccd0fefa575c88"},"description":"Lamine Yamal returned to Barcelona this Tuesday and will undergo radiofrequency treatment for his osteitis pubis. Discover how this treatment works","breadcrumb":{"@id":"https:\/\/www.fcbarcelonanoticias.com\/en\/transfers\/lamine-returns-to-barcelona-to-undergo-radiofrequency-treatment_315245_102.html#breadcrumb"},"inLanguage":"en-US","potentialAction":[{"@type":"ReadAction","target":["https:\/\/www.fcbarcelonanoticias.com\/en\/transfers\/lamine-returns-to-barcelona-to-undergo-radiofrequency-treatment_315245_102.html"]}]},{"@type":"ImageObject","inLanguage":"en-US","@id":"https:\/\/www.fcbarcelonanoticias.com\/en\/transfers\/lamine-returns-to-barcelona-to-undergo-radiofrequency-treatment_315245_102.html#primaryimage","url":"https:\/\/www.fcbarcelonanoticias.com\/en\/wp-content\/uploads\/sites\/2\/2025\/11\/lamine-yamal-camp-nou-1.webp","contentUrl":"https:\/\/www.fcbarcelonanoticias.com\/en\/wp-content\/uploads\/sites\/2\/2025\/11\/lamine-yamal-camp-nou-1.webp","width":1200,"height":675},{"@type":"BreadcrumbList","@id":"https:\/\/www.fcbarcelonanoticias.com\/en\/transfers\/lamine-returns-to-barcelona-to-undergo-radiofrequency-treatment_315245_102.html#breadcrumb","itemListElement":[{"@type":"ListItem","position":1,"name":"Portada","item":"https:\/\/www.fcbarcelonanoticias.com\/en\/"},{"@type":"ListItem","position":2,"name":"Lamine Yamal returns to Barcelona to continue his treatment for osteitis pubis"}]},{"@type":"WebSite","@id":"https:\/\/www.fcbarcelonanoticias.com\/en\/#website","url":"https:\/\/www.fcbarcelonanoticias.com\/en\/","name":"EN - FC Barcelona Noticias","description":"","potentialAction":[{"@type":"SearchAction","target":{"@type":"EntryPoint","urlTemplate":"https:\/\/www.fcbarcelonanoticias.com\/en\/?s={search_term_string}"},"query-input":{"@type":"PropertyValueSpecification","valueRequired":true,"valueName":"search_term_string"}}],"inLanguage":"en-US"},{"@type":"Person","@id":"https:\/\/www.fcbarcelonanoticias.com\/en\/#\/schema\/person\/c2cd9f6fa1af5c0d0eccd0fefa575c88","name":"Andr\u00e9s Quiroz","image":{"@type":"ImageObject","inLanguage":"en-US","@id":"https:\/\/secure.gravatar.com\/avatar\/?s=96&d=mm&r=g","url":"https:\/\/secure.gravatar.com\/avatar\/?s=96&d=mm&r=g","contentUrl":"https:\/\/secure.gravatar.com\/avatar\/?s=96&d=mm&r=g","caption":"Andr\u00e9s Quiroz"},"description":"Licenciado en Periodismo por la Universidad de los Andes. Me encargo de analizar y compartir los contenidos m\u00e1s destacados de la\u00a0actualidad del F\u00fatbol Club Barcelona, Mercado de Fichajes y F\u00fatbol Internacional en FCBN. La informaci\u00f3n es poder, pero tambi\u00e9n conocimiento.","url":"https:\/\/www.fcbarcelonanoticias.com\/en\/fc-barcelona\/andres-quiroz_17_115.html"}]}},"_links":{"self":[{"href":"https:\/\/www.fcbarcelonanoticias.com\/en\/wp-json\/wp\/v2\/posts\/163269","targetHints":{"allow":["GET"]}}],"collection":[{"href":"https:\/\/www.fcbarcelonanoticias.com\/en\/wp-json\/wp\/v2\/posts"}],"about":[{"href":"https:\/\/www.fcbarcelonanoticias.com\/en\/wp-json\/wp\/v2\/types\/post"}],"author":[{"embeddable":true,"href":"https:\/\/www.fcbarcelonanoticias.com\/en\/wp-json\/wp\/v2\/users\/347"}],"replies":[{"embeddable":true,"href":"https:\/\/www.fcbarcelonanoticias.com\/en\/wp-json\/wp\/v2\/comments?post=163269"}],"version-history":[{"count":1,"href":"https:\/\/www.fcbarcelonanoticias.com\/en\/wp-json\/wp\/v2\/posts\/163269\/revisions"}],"predecessor-version":[{"id":163373,"href":"https:\/\/www.fcbarcelonanoticias.com\/en\/wp-json\/wp\/v2\/posts\/163269\/revisions\/163373"}],"wp:featuredmedia":[{"embeddable":true,"href":"https:\/\/www.fcbarcelonanoticias.com\/en\/wp-json\/wp\/v2\/media\/163270"}],"wp:attachment":[{"href":"https:\/\/www.fcbarcelonanoticias.com\/en\/wp-json\/wp\/v2\/media?parent=163269"}],"wp:term":[{"taxonomy":"category","embeddable":true,"href":"https:\/\/www.fcbarcelonanoticias.com\/en\/wp-json\/wp\/v2\/categories?post=163269"},{"taxonomy":"post_tag","embeddable":true,"href":"https:\/\/www.fcbarcelonanoticias.com\/en\/wp-json\/wp\/v2\/tags?post=163269"}],"curies":[{"name":"wp","href":"https:\/\/api.w.org\/{rel}","templated":true}]}}