{"id":163276,"date":"2025-11-15T16:54:00","date_gmt":"2025-11-15T15:54:00","guid":{"rendered":"https:\/\/www.fcbarcelonanoticias.com\/en\/psg-offensive-to-remove-eric-garcia-from-barcelona-in-january_315271_102-2\/"},"modified":"2026-04-09T15:36:53","modified_gmt":"2026-04-09T13:36:53","slug":"psg-offensive-to-remove-eric-garcia-from-barcelona-in-january_315271_102-2","status":"publish","type":"post","link":"https:\/\/www.fcbarcelonanoticias.com\/en\/transfers\/psg-offensive-to-remove-eric-garcia-from-barcelona-in-january_315271_102.html","title":{"rendered":"PSG seeks to torpedo Eric Garc\u00eda&#8217;s renewal with Barcelona"},"content":{"rendered":"<h2 class=\"wp-block-heading\">Luis Enrique would be interested in signing Eric Garc\u00eda. With Achraf Hakimi injured, PSG is left without a reliable right-back and Bar\u00e7a&#8217;s &#8217;24&#8217; is one of the most highly rated options<\/h2>\n<p><strong><a data-external=\"0\" data-intl-links-en=\"https:\/\/www.fcbarcelonanoticias.com\/en\/tags\/paris-saint-germain\" data-intl-links-es=\"https:\/\/www.fcbarcelonanoticias.com\/tags\/paris-saint-germain\" href=\"https:\/\/www.fcbarcelonanoticias.com\/en\/tags\/paris-saint-germain.html\" rel=\"follow\" target=\"_self\" title=\"Paris Saint-Germain\">Paris Saint-Germain<\/a> <\/strong>could go for a right-back in the next winter transfer window. The injury to <strong>Achraf Hakimi<\/strong> against Bayern Munich could leave the Moroccan out until January and, for the moment, <strong>Warren Za\u00efre-Emery<\/strong> has been Luis Enrique&#8217;s choice to cover the flank.<\/p>\n<p>With no other natural center-back for this position in the Parisian squad, the Asturian coach has reportedly set his sights on <strong>Eric Garc\u00eda <\/strong>as a potential reinforcement for the second half of the 25\/26 season. As reported by &#8216;L&#8217;Equipe&#8217;, PSG could present <strong>a reduced offer for the Martorell-born player in January<\/strong>, taking advantage of his imminent contract expiry with FC Barcelona.<\/p>\n<p>Eric has established himself as Jules Kound\u00e9&#8217;s replacement this year, being **the defender with the most minutes in Hansi Flick&#8217;s team so far this season (1,211&#8242;)**. His versatility and offensive contribution have made him a key player for the German coach, and for this reason, the club is working on his renewal<\/p>\n<h2>How much would PSG offer Bar\u00e7a for Eric Garc\u00eda?<\/h2>\n<p>Garc\u00eda&#8217;s market value has risen to 25 million euros on &#8216;Transfermarkt&#8217; in recent months. However, the defender&#8217;s contract ends in June, which would allow Paris to negotiate a lower price, **in the region of 12-15 million**.<\/p>\n<p><strong>Bar\u00e7a was close to selling the 24-year-old center-back last January<\/strong>, but Flick blocked his departure. Time ultimately proved the German right, as the player from Martorell was a key support in dealing with defensive injuries, even playing several games as a defensive midfielder in the first half of 24\/25.<\/p>\n<p>Last summer\u2019s transfer window also saw offers for Eric, but the defender preferred to stay, knowing he was an important player for the German coach. Now, <a data-external=\"0\" data-intl-links-en=\"https:\/\/www.fcbarcelonanoticias.com\/en\/fc-barcelona\/deco-focuses-on-renewing-eric-garcia-free-in-2026_314923_102.html\" data-intl-links-es=\"https:\/\/www.fcbarcelonanoticias.com\/fc-barcelona\/barca-renovacion-eric-garcia-contrato-expira-2026_314923_102.html\" href=\"https:\/\/www.fcbarcelonanoticias.com\/en\/fc-barcelona\/deco-focuses-on-renewing-eric-garcia-free-in-2026_314923_102.html\" rel=\"follow\" target=\"_self\" title=\"El Bar\u00e7a se centra en la renovaci\u00f3n de Eric Garc\u00eda: su contrato expira en 2026\">both the player and the club seem willing to sign a new contract<\/a>, an option that PSG is trying to torpedo with an offer that is not very tempting for Bar\u00e7a at the moment.<\/p>\n<p>With the winter transfer window approaching, <a data-external=\"0\" data-intl-links-en=\"https:\/\/www.fcbarcelonanoticias.com\/en\/transfers\/will-barca-sign-in-january-the-board-makes-decision_315220_102.html\" data-intl-links-es=\"https:\/\/www.fcbarcelonanoticias.com\/fichajes\/barcelona-define-hoja-ruta-mercado-invierno_315220_102.html\" href=\"https:\/\/www.fcbarcelonanoticias.com\/en\/transfers\/will-barca-sign-in-january-the-board-makes-decision_315220_102.html\" rel=\"follow\" target=\"_self\" title=\"El Barcelona define su hoja de ruta para el mercado de invierno\">the board is not considering any signings or departures<\/a>. Despite the injury crisis, Flick has full confidence in the talent and depth of the squad to compete for all titles in 2026. Eric Garc\u00eda, logically, is a player the staff will not want to lose for the second half of the season.<\/p>\n<h2>Barcelona Works on Eric Garc\u00eda&#8217;s Contract Extension<\/h2>\n<p>In this regard, the club could offer the Spanish international a contract for four or five more seasons, until June 2030-31, with the &#8217;24&#8217; being one of the three players whose contracts expire in June. The other two are Andreas Christensen and Robert Lewandowski, whose renewals appear more distant due to the physical factor and age, respectively.<\/p>\n<p>With Eric, on the other hand, there is confidence in resolving his contract extension before Christmas. This would dissipate the interest of PSG and other teams in the defender, who arrived at Barcelona for free in 2021 from Manchester City. At the moment, he has scored 7 goals and provided 5 assists in 131 official matches, in addition to 5 trophies with the club.<\/p>\n<ul>\n<li><strong>\ud83d\udc49Don&#8217;t miss the latest FC Barcelona and LaLiga market rumors in our &nbsp;<a data-external=\"0\" data-intl-links-en=\"https:\/\/www.fcbarcelonanoticias.com\/en\/transfers\" data-intl-links-es=\"https:\/\/www.fcbarcelonanoticias.com\/fichajes\" href=\"https:\/\/www.fcbarcelonanoticias.com\/en\/fc-barcelona\/transfers.html\" rel=\"follow\" target=\"_self\" title=\"Fichajes\">TRANSFERS<\/a> section.<\/strong><\/li>\n<\/ul>\n","protected":false},"excerpt":{"rendered":"<p>Luis Enrique would be interested in signing Eric Garc\u00eda. With Achraf Hakimi injured, PSG is left without a reliable right-back and Bar\u00e7a&#8217;s &#8217;24&#8217; is one of the most highly rated options Paris Saint-Germain could go for a right-back in the next winter transfer window. The injury to Achraf Hakimi against Bayern Munich could leave the [&hellip;]<\/p>\n","protected":false},"author":347,"featured_media":163277,"comment_status":"open","ping_status":"open","sticky":false,"template":"","format":"standard","meta":{"_acf_changed":false,"inline_featured_image":false,"_nextfly_llmd_date_locked":false,"footnotes":""},"categories":[106],"tags":[295,87,148,88,261],"class_list":["post-163276","post","type-post","status-publish","format-standard","has-post-thumbnail","hentry","category-transfers","tag-eric-garcia","tag-hansi-flick","tag-luis-enrique","tag-paris-saint-germain","tag-football-transfer-rumors"],"acf":[],"yoast_head":"<!-- This site is optimized with the Yoast SEO plugin v27.3 - https:\/\/yoast.com\/product\/yoast-seo-wordpress\/ -->\n<title>PSG offensive to remove Eric Garc\u00eda from Bar\u00e7a in January<\/title>\n<meta name=\"description\" content=\"Luis Enrique would be interested in signing Eric Garc\u00eda. PSG could go for Bar\u00e7a&#039;s &#039;24&#039; as a replacement for the injured Achraf Hakimi\" \/>\n<meta name=\"robots\" content=\"index, follow, max-snippet:-1, max-image-preview:large, max-video-preview:-1\" \/>\n<link rel=\"canonical\" href=\"https:\/\/www.fcbarcelonanoticias.com\/en\/champions-league\/psg-offensive-to-remove-eric-garcia-from-barcelona-in-january_315271_102.html\" \/>\n<meta property=\"og:locale\" content=\"en_US\" \/>\n<meta property=\"og:type\" content=\"article\" \/>\n<meta property=\"og:title\" content=\"PSG offensive to remove Eric Garc\u00eda from Bar\u00e7a in January\" \/>\n<meta property=\"og:description\" content=\"Luis Enrique would be interested in signing Eric Garc\u00eda. PSG could go for Bar\u00e7a&#039;s &#039;24&#039; as a replacement for the injured Achraf Hakimi\" \/>\n<meta property=\"og:url\" content=\"https:\/\/www.fcbarcelonanoticias.com\/en\/champions-league\/psg-offensive-to-remove-eric-garcia-from-barcelona-in-january_315271_102.html\" \/>\n<meta property=\"og:site_name\" content=\"EN - FC Barcelona Noticias\" \/>\n<meta property=\"article:published_time\" content=\"2025-11-15T15:54:00+00:00\" \/>\n<meta property=\"article:modified_time\" content=\"2026-04-09T13:36:53+00:00\" \/>\n<meta property=\"og:image\" content=\"https:\/\/www.fcbarcelonanoticias.com\/en\/wp-content\/uploads\/sites\/2\/2025\/11\/eric-garcia-v-psg-champions-25-26-1.webp\" \/>\n\t<meta property=\"og:image:width\" content=\"1200\" \/>\n\t<meta property=\"og:image:height\" content=\"675\" \/>\n\t<meta property=\"og:image:type\" content=\"image\/webp\" \/>\n<meta name=\"author\" content=\"Andr\u00e9s Quiroz\" \/>\n<meta name=\"twitter:card\" content=\"summary_large_image\" \/>\n<meta name=\"twitter:label1\" content=\"Written by\" \/>\n\t<meta name=\"twitter:data1\" content=\"Andr\u00e9s Quiroz\" \/>\n\t<meta name=\"twitter:label2\" content=\"Est. reading time\" \/>\n\t<meta name=\"twitter:data2\" content=\"3 minutes\" \/>\n<script type=\"application\/ld+json\" class=\"yoast-schema-graph\">{\"@context\":\"https:\\\/\\\/schema.org\",\"@graph\":[{\"@type\":\"Article\",\"@id\":\"https:\\\/\\\/www.fcbarcelonanoticias.com\\\/en\\\/champions-league\\\/psg-offensive-to-remove-eric-garcia-from-barcelona-in-january_315271_102.html#article\",\"isPartOf\":{\"@id\":\"https:\\\/\\\/www.fcbarcelonanoticias.com\\\/en\\\/transfers\\\/psg-offensive-to-remove-eric-garcia-from-barcelona-in-january_315271_102.html\"},\"author\":{\"name\":\"Andr\u00e9s Quiroz\",\"@id\":\"https:\\\/\\\/www.fcbarcelonanoticias.com\\\/en\\\/#\\\/schema\\\/person\\\/c2cd9f6fa1af5c0d0eccd0fefa575c88\"},\"headline\":\"PSG seeks to torpedo Eric Garc\u00eda&#8217;s renewal with Barcelona\",\"datePublished\":\"2025-11-15T15:54:00+00:00\",\"dateModified\":\"2026-04-09T13:36:53+00:00\",\"mainEntityOfPage\":{\"@id\":\"https:\\\/\\\/www.fcbarcelonanoticias.com\\\/en\\\/transfers\\\/psg-offensive-to-remove-eric-garcia-from-barcelona-in-january_315271_102.html\"},\"wordCount\":562,\"commentCount\":0,\"image\":{\"@id\":\"https:\\\/\\\/www.fcbarcelonanoticias.com\\\/en\\\/champions-league\\\/psg-offensive-to-remove-eric-garcia-from-barcelona-in-january_315271_102.html#primaryimage\"},\"thumbnailUrl\":\"https:\\\/\\\/www.fcbarcelonanoticias.com\\\/en\\\/wp-content\\\/uploads\\\/sites\\\/2\\\/2025\\\/11\\\/eric-garcia-v-psg-champions-25-26-1.webp\",\"keywords\":[\"Eric Garc\u00eda\",\"Hansi Flick\",\"Luis Enrique\",\"Paris Saint-Germain\",\"Transfer Rumors\"],\"articleSection\":[\"Transfers\"],\"inLanguage\":\"en-US\",\"potentialAction\":[{\"@type\":\"CommentAction\",\"name\":\"Comment\",\"target\":[\"https:\\\/\\\/www.fcbarcelonanoticias.com\\\/en\\\/champions-league\\\/psg-offensive-to-remove-eric-garcia-from-barcelona-in-january_315271_102.html#respond\"]}]},{\"@type\":\"WebPage\",\"@id\":\"https:\\\/\\\/www.fcbarcelonanoticias.com\\\/en\\\/transfers\\\/psg-offensive-to-remove-eric-garcia-from-barcelona-in-january_315271_102.html\",\"url\":\"https:\\\/\\\/www.fcbarcelonanoticias.com\\\/en\\\/champions-league\\\/psg-offensive-to-remove-eric-garcia-from-barcelona-in-january_315271_102.html\",\"name\":\"PSG offensive to remove Eric Garc\u00eda from Bar\u00e7a in January\",\"isPartOf\":{\"@id\":\"https:\\\/\\\/www.fcbarcelonanoticias.com\\\/en\\\/#website\"},\"primaryImageOfPage\":{\"@id\":\"https:\\\/\\\/www.fcbarcelonanoticias.com\\\/en\\\/champions-league\\\/psg-offensive-to-remove-eric-garcia-from-barcelona-in-january_315271_102.html#primaryimage\"},\"image\":{\"@id\":\"https:\\\/\\\/www.fcbarcelonanoticias.com\\\/en\\\/champions-league\\\/psg-offensive-to-remove-eric-garcia-from-barcelona-in-january_315271_102.html#primaryimage\"},\"thumbnailUrl\":\"https:\\\/\\\/www.fcbarcelonanoticias.com\\\/en\\\/wp-content\\\/uploads\\\/sites\\\/2\\\/2025\\\/11\\\/eric-garcia-v-psg-champions-25-26-1.webp\",\"datePublished\":\"2025-11-15T15:54:00+00:00\",\"dateModified\":\"2026-04-09T13:36:53+00:00\",\"author\":{\"@id\":\"https:\\\/\\\/www.fcbarcelonanoticias.com\\\/en\\\/#\\\/schema\\\/person\\\/c2cd9f6fa1af5c0d0eccd0fefa575c88\"},\"description\":\"Luis Enrique would be interested in signing Eric Garc\u00eda. PSG could go for Bar\u00e7a's '24' as a replacement for the injured Achraf Hakimi\",\"breadcrumb\":{\"@id\":\"https:\\\/\\\/www.fcbarcelonanoticias.com\\\/en\\\/champions-league\\\/psg-offensive-to-remove-eric-garcia-from-barcelona-in-january_315271_102.html#breadcrumb\"},\"inLanguage\":\"en-US\",\"potentialAction\":[{\"@type\":\"ReadAction\",\"target\":[\"https:\\\/\\\/www.fcbarcelonanoticias.com\\\/en\\\/champions-league\\\/psg-offensive-to-remove-eric-garcia-from-barcelona-in-january_315271_102.html\"]}]},{\"@type\":\"ImageObject\",\"inLanguage\":\"en-US\",\"@id\":\"https:\\\/\\\/www.fcbarcelonanoticias.com\\\/en\\\/champions-league\\\/psg-offensive-to-remove-eric-garcia-from-barcelona-in-january_315271_102.html#primaryimage\",\"url\":\"https:\\\/\\\/www.fcbarcelonanoticias.com\\\/en\\\/wp-content\\\/uploads\\\/sites\\\/2\\\/2025\\\/11\\\/eric-garcia-v-psg-champions-25-26-1.webp\",\"contentUrl\":\"https:\\\/\\\/www.fcbarcelonanoticias.com\\\/en\\\/wp-content\\\/uploads\\\/sites\\\/2\\\/2025\\\/11\\\/eric-garcia-v-psg-champions-25-26-1.webp\",\"width\":1200,\"height\":675},{\"@type\":\"BreadcrumbList\",\"@id\":\"https:\\\/\\\/www.fcbarcelonanoticias.com\\\/en\\\/champions-league\\\/psg-offensive-to-remove-eric-garcia-from-barcelona-in-january_315271_102.html#breadcrumb\",\"itemListElement\":[{\"@type\":\"ListItem\",\"position\":1,\"name\":\"Portada\",\"item\":\"https:\\\/\\\/www.fcbarcelonanoticias.com\\\/en\\\/\"},{\"@type\":\"ListItem\",\"position\":2,\"name\":\"PSG seeks to torpedo Eric Garc\u00eda&#8217;s renewal with Barcelona\"}]},{\"@type\":\"WebSite\",\"@id\":\"https:\\\/\\\/www.fcbarcelonanoticias.com\\\/en\\\/#website\",\"url\":\"https:\\\/\\\/www.fcbarcelonanoticias.com\\\/en\\\/\",\"name\":\"EN - FC Barcelona Noticias\",\"description\":\"\",\"potentialAction\":[{\"@type\":\"SearchAction\",\"target\":{\"@type\":\"EntryPoint\",\"urlTemplate\":\"https:\\\/\\\/www.fcbarcelonanoticias.com\\\/en\\\/?s={search_term_string}\"},\"query-input\":{\"@type\":\"PropertyValueSpecification\",\"valueRequired\":true,\"valueName\":\"search_term_string\"}}],\"inLanguage\":\"en-US\"},{\"@type\":\"Person\",\"@id\":\"https:\\\/\\\/www.fcbarcelonanoticias.com\\\/en\\\/#\\\/schema\\\/person\\\/c2cd9f6fa1af5c0d0eccd0fefa575c88\",\"name\":\"Andr\u00e9s Quiroz\",\"image\":{\"@type\":\"ImageObject\",\"inLanguage\":\"en-US\",\"@id\":\"https:\\\/\\\/secure.gravatar.com\\\/avatar\\\/?s=96&d=mm&r=g\",\"url\":\"https:\\\/\\\/secure.gravatar.com\\\/avatar\\\/?s=96&d=mm&r=g\",\"contentUrl\":\"https:\\\/\\\/secure.gravatar.com\\\/avatar\\\/?s=96&d=mm&r=g\",\"caption\":\"Andr\u00e9s Quiroz\"},\"description\":\"Licenciado en Periodismo por la Universidad de los Andes. Me encargo de analizar y compartir los contenidos m\u00e1s destacados de la\u00a0actualidad del F\u00fatbol Club Barcelona, Mercado de Fichajes y F\u00fatbol Internacional en FCBN. La informaci\u00f3n es poder, pero tambi\u00e9n conocimiento.\",\"url\":\"https:\\\/\\\/www.fcbarcelonanoticias.com\\\/en\\\/fc-barcelona\\\/andres-quiroz_17_115.html\"}]}<\/script>\n<!-- \/ Yoast SEO plugin. -->","yoast_head_json":{"title":"PSG offensive to remove Eric Garc\u00eda from Bar\u00e7a in January","description":"Luis Enrique would be interested in signing Eric Garc\u00eda. PSG could go for Bar\u00e7a's '24' as a replacement for the injured Achraf Hakimi","robots":{"index":"index","follow":"follow","max-snippet":"max-snippet:-1","max-image-preview":"max-image-preview:large","max-video-preview":"max-video-preview:-1"},"canonical":"https:\/\/www.fcbarcelonanoticias.com\/en\/champions-league\/psg-offensive-to-remove-eric-garcia-from-barcelona-in-january_315271_102.html","og_locale":"en_US","og_type":"article","og_title":"PSG offensive to remove Eric Garc\u00eda from Bar\u00e7a in January","og_description":"Luis Enrique would be interested in signing Eric Garc\u00eda. PSG could go for Bar\u00e7a's '24' as a replacement for the injured Achraf Hakimi","og_url":"https:\/\/www.fcbarcelonanoticias.com\/en\/champions-league\/psg-offensive-to-remove-eric-garcia-from-barcelona-in-january_315271_102.html","og_site_name":"EN - FC Barcelona Noticias","article_published_time":"2025-11-15T15:54:00+00:00","article_modified_time":"2026-04-09T13:36:53+00:00","og_image":[{"width":1200,"height":675,"url":"https:\/\/www.fcbarcelonanoticias.com\/en\/wp-content\/uploads\/sites\/2\/2025\/11\/eric-garcia-v-psg-champions-25-26-1.webp","type":"image\/webp"}],"author":"Andr\u00e9s Quiroz","twitter_card":"summary_large_image","twitter_misc":{"Written by":"Andr\u00e9s Quiroz","Est. reading time":"3 minutes"},"schema":{"@context":"https:\/\/schema.org","@graph":[{"@type":"Article","@id":"https:\/\/www.fcbarcelonanoticias.com\/en\/champions-league\/psg-offensive-to-remove-eric-garcia-from-barcelona-in-january_315271_102.html#article","isPartOf":{"@id":"https:\/\/www.fcbarcelonanoticias.com\/en\/transfers\/psg-offensive-to-remove-eric-garcia-from-barcelona-in-january_315271_102.html"},"author":{"name":"Andr\u00e9s Quiroz","@id":"https:\/\/www.fcbarcelonanoticias.com\/en\/#\/schema\/person\/c2cd9f6fa1af5c0d0eccd0fefa575c88"},"headline":"PSG seeks to torpedo Eric Garc\u00eda&#8217;s renewal with Barcelona","datePublished":"2025-11-15T15:54:00+00:00","dateModified":"2026-04-09T13:36:53+00:00","mainEntityOfPage":{"@id":"https:\/\/www.fcbarcelonanoticias.com\/en\/transfers\/psg-offensive-to-remove-eric-garcia-from-barcelona-in-january_315271_102.html"},"wordCount":562,"commentCount":0,"image":{"@id":"https:\/\/www.fcbarcelonanoticias.com\/en\/champions-league\/psg-offensive-to-remove-eric-garcia-from-barcelona-in-january_315271_102.html#primaryimage"},"thumbnailUrl":"https:\/\/www.fcbarcelonanoticias.com\/en\/wp-content\/uploads\/sites\/2\/2025\/11\/eric-garcia-v-psg-champions-25-26-1.webp","keywords":["Eric Garc\u00eda","Hansi Flick","Luis Enrique","Paris Saint-Germain","Transfer Rumors"],"articleSection":["Transfers"],"inLanguage":"en-US","potentialAction":[{"@type":"CommentAction","name":"Comment","target":["https:\/\/www.fcbarcelonanoticias.com\/en\/champions-league\/psg-offensive-to-remove-eric-garcia-from-barcelona-in-january_315271_102.html#respond"]}]},{"@type":"WebPage","@id":"https:\/\/www.fcbarcelonanoticias.com\/en\/transfers\/psg-offensive-to-remove-eric-garcia-from-barcelona-in-january_315271_102.html","url":"https:\/\/www.fcbarcelonanoticias.com\/en\/champions-league\/psg-offensive-to-remove-eric-garcia-from-barcelona-in-january_315271_102.html","name":"PSG offensive to remove Eric Garc\u00eda from Bar\u00e7a in January","isPartOf":{"@id":"https:\/\/www.fcbarcelonanoticias.com\/en\/#website"},"primaryImageOfPage":{"@id":"https:\/\/www.fcbarcelonanoticias.com\/en\/champions-league\/psg-offensive-to-remove-eric-garcia-from-barcelona-in-january_315271_102.html#primaryimage"},"image":{"@id":"https:\/\/www.fcbarcelonanoticias.com\/en\/champions-league\/psg-offensive-to-remove-eric-garcia-from-barcelona-in-january_315271_102.html#primaryimage"},"thumbnailUrl":"https:\/\/www.fcbarcelonanoticias.com\/en\/wp-content\/uploads\/sites\/2\/2025\/11\/eric-garcia-v-psg-champions-25-26-1.webp","datePublished":"2025-11-15T15:54:00+00:00","dateModified":"2026-04-09T13:36:53+00:00","author":{"@id":"https:\/\/www.fcbarcelonanoticias.com\/en\/#\/schema\/person\/c2cd9f6fa1af5c0d0eccd0fefa575c88"},"description":"Luis Enrique would be interested in signing Eric Garc\u00eda. PSG could go for Bar\u00e7a's '24' as a replacement for the injured Achraf Hakimi","breadcrumb":{"@id":"https:\/\/www.fcbarcelonanoticias.com\/en\/champions-league\/psg-offensive-to-remove-eric-garcia-from-barcelona-in-january_315271_102.html#breadcrumb"},"inLanguage":"en-US","potentialAction":[{"@type":"ReadAction","target":["https:\/\/www.fcbarcelonanoticias.com\/en\/champions-league\/psg-offensive-to-remove-eric-garcia-from-barcelona-in-january_315271_102.html"]}]},{"@type":"ImageObject","inLanguage":"en-US","@id":"https:\/\/www.fcbarcelonanoticias.com\/en\/champions-league\/psg-offensive-to-remove-eric-garcia-from-barcelona-in-january_315271_102.html#primaryimage","url":"https:\/\/www.fcbarcelonanoticias.com\/en\/wp-content\/uploads\/sites\/2\/2025\/11\/eric-garcia-v-psg-champions-25-26-1.webp","contentUrl":"https:\/\/www.fcbarcelonanoticias.com\/en\/wp-content\/uploads\/sites\/2\/2025\/11\/eric-garcia-v-psg-champions-25-26-1.webp","width":1200,"height":675},{"@type":"BreadcrumbList","@id":"https:\/\/www.fcbarcelonanoticias.com\/en\/champions-league\/psg-offensive-to-remove-eric-garcia-from-barcelona-in-january_315271_102.html#breadcrumb","itemListElement":[{"@type":"ListItem","position":1,"name":"Portada","item":"https:\/\/www.fcbarcelonanoticias.com\/en\/"},{"@type":"ListItem","position":2,"name":"PSG seeks to torpedo Eric Garc\u00eda&#8217;s renewal with Barcelona"}]},{"@type":"WebSite","@id":"https:\/\/www.fcbarcelonanoticias.com\/en\/#website","url":"https:\/\/www.fcbarcelonanoticias.com\/en\/","name":"EN - FC Barcelona Noticias","description":"","potentialAction":[{"@type":"SearchAction","target":{"@type":"EntryPoint","urlTemplate":"https:\/\/www.fcbarcelonanoticias.com\/en\/?s={search_term_string}"},"query-input":{"@type":"PropertyValueSpecification","valueRequired":true,"valueName":"search_term_string"}}],"inLanguage":"en-US"},{"@type":"Person","@id":"https:\/\/www.fcbarcelonanoticias.com\/en\/#\/schema\/person\/c2cd9f6fa1af5c0d0eccd0fefa575c88","name":"Andr\u00e9s Quiroz","image":{"@type":"ImageObject","inLanguage":"en-US","@id":"https:\/\/secure.gravatar.com\/avatar\/?s=96&d=mm&r=g","url":"https:\/\/secure.gravatar.com\/avatar\/?s=96&d=mm&r=g","contentUrl":"https:\/\/secure.gravatar.com\/avatar\/?s=96&d=mm&r=g","caption":"Andr\u00e9s Quiroz"},"description":"Licenciado en Periodismo por la Universidad de los Andes. Me encargo de analizar y compartir los contenidos m\u00e1s destacados de la\u00a0actualidad del F\u00fatbol Club Barcelona, Mercado de Fichajes y F\u00fatbol Internacional en FCBN. La informaci\u00f3n es poder, pero tambi\u00e9n conocimiento.","url":"https:\/\/www.fcbarcelonanoticias.com\/en\/fc-barcelona\/andres-quiroz_17_115.html"}]}},"_links":{"self":[{"href":"https:\/\/www.fcbarcelonanoticias.com\/en\/wp-json\/wp\/v2\/posts\/163276","targetHints":{"allow":["GET"]}}],"collection":[{"href":"https:\/\/www.fcbarcelonanoticias.com\/en\/wp-json\/wp\/v2\/posts"}],"about":[{"href":"https:\/\/www.fcbarcelonanoticias.com\/en\/wp-json\/wp\/v2\/types\/post"}],"author":[{"embeddable":true,"href":"https:\/\/www.fcbarcelonanoticias.com\/en\/wp-json\/wp\/v2\/users\/347"}],"replies":[{"embeddable":true,"href":"https:\/\/www.fcbarcelonanoticias.com\/en\/wp-json\/wp\/v2\/comments?post=163276"}],"version-history":[{"count":1,"href":"https:\/\/www.fcbarcelonanoticias.com\/en\/wp-json\/wp\/v2\/posts\/163276\/revisions"}],"predecessor-version":[{"id":163298,"href":"https:\/\/www.fcbarcelonanoticias.com\/en\/wp-json\/wp\/v2\/posts\/163276\/revisions\/163298"}],"wp:featuredmedia":[{"embeddable":true,"href":"https:\/\/www.fcbarcelonanoticias.com\/en\/wp-json\/wp\/v2\/media\/163277"}],"wp:attachment":[{"href":"https:\/\/www.fcbarcelonanoticias.com\/en\/wp-json\/wp\/v2\/media?parent=163276"}],"wp:term":[{"taxonomy":"category","embeddable":true,"href":"https:\/\/www.fcbarcelonanoticias.com\/en\/wp-json\/wp\/v2\/categories?post=163276"},{"taxonomy":"post_tag","embeddable":true,"href":"https:\/\/www.fcbarcelonanoticias.com\/en\/wp-json\/wp\/v2\/tags?post=163276"}],"curies":[{"name":"wp","href":"https:\/\/api.w.org\/{rel}","templated":true}]}}