{"id":163311,"date":"2024-11-20T21:40:00","date_gmt":"2024-11-20T20:40:00","guid":{"rendered":"https:\/\/www.fcbarcelonanoticias.com\/en\/javier-tebas-charges-against-fifa-uefa-for-excluding-leagues-makes-decisions_308755_102-2\/"},"modified":"2026-04-09T15:04:21","modified_gmt":"2026-04-09T13:04:21","slug":"javier-tebas-charges-against-fifa-uefa-for-excluding-leagues-makes-decisions_308755_102-2","status":"publish","type":"post","link":"https:\/\/www.fcbarcelonanoticias.com\/en\/laliga\/javier-tebas-charges-against-fifa-uefa-for-excluding-leagues-makes-decisions_308755_102.html","title":{"rendered":"Javier Tebas charges against FIFA and UEFA for excluding the leagues in decision making"},"content":{"rendered":"<h2 class=\"wp-block-heading\">Javier Tebas criticized FIFA and UEFA during the Social Football Summit being held in Italy. The LaLiga president believes that both organizations act arbitrarily<\/h2>\n<p>The president of LaLiga, Javier Tebas, <strong>traveled to Rome this week to participate in the Social Football Summit<\/strong>, an event where he took advantage of his role as main interlocutor to criticize FIFA and UEFA for their latest decisions related to the 2025 Club World Cup and the European Club Association (ECA), respectively.<\/p>\n<p>&#8220;It&#8217;s been 20 days since a FIFA circular related to the Club World Cup arrived, extending the player incorporation period from June 1 to June 10,<strong> but they haven&#8217;t asked anyone. They haven&#8217;t made an agreement with the leagues or the teams.&#8221;<\/strong> player unions nothing,&#8221; the LaLiga president began by saying.<\/p>\n<p>In that sense, he also criticized UEFA for a decision that he considers contradictory. &#8220;UEFA has also just stated that it only recognizes the ECA as an association in Europe. <strong>How is that? But if they have told you not to do these things&#8230; Well, they do them,&#8221; <\/strong>said the president of the association.<\/p>\n<h3>Tebas also stood up again against the Super League and piracy<\/h3>\n<p>On the other hand, Tebas also criticized the Super League model again, a tournament that he considers <strong>&#8220;the most disastrous thing that has been planned for European football&#8221;<\/strong>, in addition to leaving a blow to the CEO of the tournament (Bernd Reichart) whom he still They support FC Barcelona and Real Madrid. For the president of LaLiga, it is absurd that, more than three years after its presentation, there is still nothing defined about its format or calendar.<\/p>\n<p>In this regard, he made clear the need to maintain the football ecosystem as it is. <strong>&#8220;We cannot destroy the current model because we run the risk of destroying the product of football<\/strong>. We still have to improve many things, but we must say it clearly: today it is not a model that can be discussed,&#8221; said Tebas, who also spoke about piracy. in the world of football.<\/p>\n<p>For the head of the Spanish First Division, <strong>the Anti-Piracy Law approved by the Italian Congress should be a reference for Spain and the rest of Europe<\/strong>. At the beginning of October, the Italian justice system allowed the implementation of the &#8216;Piracy Shield&#8217;, a platform that restricts access to IPTVS and other platforms that broadcast football online without a license.<\/p>\n","protected":false},"excerpt":{"rendered":"<p>Javier Tebas criticized FIFA and UEFA during the Social Football Summit being held in Italy. The LaLiga president believes that both organizations act arbitrarily The president of LaLiga, Javier Tebas, traveled to Rome this week to participate in the Social Football Summit, an event where he took advantage of his role as main interlocutor to [&hellip;]<\/p>\n","protected":false},"author":347,"featured_media":163312,"comment_status":"open","ping_status":"open","sticky":false,"template":"","format":"standard","meta":{"_acf_changed":false,"inline_featured_image":false,"_nextfly_llmd_date_locked":false,"footnotes":""},"categories":[114],"tags":[160,162,99,91,264,54],"class_list":["post-163311","post","type-post","status-publish","format-standard","has-post-thumbnail","hentry","category-laliga","tag-club-world-cup","tag-fifa","tag-javier-thebes","tag-national-teams","tag-super-league","tag-uefa"],"acf":[],"yoast_head":"<!-- This site is optimized with the Yoast SEO plugin v27.3 - https:\/\/yoast.com\/product\/yoast-seo-wordpress\/ -->\n<title>Javier Tebas charges against FIFA and UEFA for excluding the leagues in decision making<\/title>\n<meta name=\"description\" content=\"Javier Tebas criticized FIFA and UEFA during the Social Football Summit being held in Italy. The LaLiga president believes that both organizations act arbitrarily\" \/>\n<meta name=\"robots\" content=\"index, follow, max-snippet:-1, max-image-preview:large, max-video-preview:-1\" \/>\n<link rel=\"canonical\" href=\"https:\/\/www.fcbarcelonanoticias.com\/en\/football-soccer\/laliga\/javier-tebas-charges-against-fifa-uefa-for-excluding-leagues-makes-decisions_308755_102.html\" \/>\n<meta property=\"og:locale\" content=\"en_US\" \/>\n<meta property=\"og:type\" content=\"article\" \/>\n<meta property=\"og:title\" content=\"Javier Tebas charges against FIFA and UEFA for excluding the leagues in decision making\" \/>\n<meta property=\"og:description\" content=\"Javier Tebas criticized FIFA and UEFA during the Social Football Summit being held in Italy. The LaLiga president believes that both organizations act arbitrarily\" \/>\n<meta property=\"og:url\" content=\"https:\/\/www.fcbarcelonanoticias.com\/en\/football-soccer\/laliga\/javier-tebas-charges-against-fifa-uefa-for-excluding-leagues-makes-decisions_308755_102.html\" \/>\n<meta property=\"og:site_name\" content=\"EN - FC Barcelona Noticias\" \/>\n<meta property=\"article:published_time\" content=\"2024-11-20T20:40:00+00:00\" \/>\n<meta property=\"article:modified_time\" content=\"2026-04-09T13:04:21+00:00\" \/>\n<meta property=\"og:image\" content=\"https:\/\/www.fcbarcelonanoticias.com\/en\/wp-content\/uploads\/sites\/2\/2024\/11\/javier-tebas-laliga.jpeg\" \/>\n\t<meta property=\"og:image:width\" content=\"1250\" \/>\n\t<meta property=\"og:image:height\" content=\"730\" \/>\n\t<meta property=\"og:image:type\" content=\"image\/jpeg\" \/>\n<meta name=\"author\" content=\"Andr\u00e9s Quiroz\" \/>\n<meta name=\"twitter:card\" content=\"summary_large_image\" \/>\n<meta name=\"twitter:label1\" content=\"Written by\" \/>\n\t<meta name=\"twitter:data1\" content=\"Andr\u00e9s Quiroz\" \/>\n\t<meta name=\"twitter:label2\" content=\"Est. reading time\" \/>\n\t<meta name=\"twitter:data2\" content=\"2 minutes\" \/>\n<script type=\"application\/ld+json\" class=\"yoast-schema-graph\">{\"@context\":\"https:\\\/\\\/schema.org\",\"@graph\":[{\"@type\":\"Article\",\"@id\":\"https:\\\/\\\/www.fcbarcelonanoticias.com\\\/en\\\/football-soccer\\\/laliga\\\/javier-tebas-charges-against-fifa-uefa-for-excluding-leagues-makes-decisions_308755_102.html#article\",\"isPartOf\":{\"@id\":\"https:\\\/\\\/www.fcbarcelonanoticias.com\\\/en\\\/laliga\\\/javier-tebas-charges-against-fifa-uefa-for-excluding-leagues-makes-decisions_308755_102.html\"},\"author\":{\"name\":\"Andr\u00e9s Quiroz\",\"@id\":\"https:\\\/\\\/www.fcbarcelonanoticias.com\\\/en\\\/#\\\/schema\\\/person\\\/c2cd9f6fa1af5c0d0eccd0fefa575c88\"},\"headline\":\"Javier Tebas charges against FIFA and UEFA for excluding the leagues in decision making\",\"datePublished\":\"2024-11-20T20:40:00+00:00\",\"dateModified\":\"2026-04-09T13:04:21+00:00\",\"mainEntityOfPage\":{\"@id\":\"https:\\\/\\\/www.fcbarcelonanoticias.com\\\/en\\\/laliga\\\/javier-tebas-charges-against-fifa-uefa-for-excluding-leagues-makes-decisions_308755_102.html\"},\"wordCount\":412,\"commentCount\":0,\"image\":{\"@id\":\"https:\\\/\\\/www.fcbarcelonanoticias.com\\\/en\\\/football-soccer\\\/laliga\\\/javier-tebas-charges-against-fifa-uefa-for-excluding-leagues-makes-decisions_308755_102.html#primaryimage\"},\"thumbnailUrl\":\"https:\\\/\\\/www.fcbarcelonanoticias.com\\\/en\\\/wp-content\\\/uploads\\\/sites\\\/2\\\/2024\\\/11\\\/javier-tebas-laliga.jpeg\",\"keywords\":[\"Club World Cup\",\"FIFA\",\"Javier Thebes\",\"National Teams\",\"Super League\",\"UEFA\"],\"articleSection\":[\"LaLiga\"],\"inLanguage\":\"en-US\",\"potentialAction\":[{\"@type\":\"CommentAction\",\"name\":\"Comment\",\"target\":[\"https:\\\/\\\/www.fcbarcelonanoticias.com\\\/en\\\/football-soccer\\\/laliga\\\/javier-tebas-charges-against-fifa-uefa-for-excluding-leagues-makes-decisions_308755_102.html#respond\"]}]},{\"@type\":\"WebPage\",\"@id\":\"https:\\\/\\\/www.fcbarcelonanoticias.com\\\/en\\\/laliga\\\/javier-tebas-charges-against-fifa-uefa-for-excluding-leagues-makes-decisions_308755_102.html\",\"url\":\"https:\\\/\\\/www.fcbarcelonanoticias.com\\\/en\\\/football-soccer\\\/laliga\\\/javier-tebas-charges-against-fifa-uefa-for-excluding-leagues-makes-decisions_308755_102.html\",\"name\":\"Javier Tebas charges against FIFA and UEFA for excluding the leagues in decision making\",\"isPartOf\":{\"@id\":\"https:\\\/\\\/www.fcbarcelonanoticias.com\\\/en\\\/#website\"},\"primaryImageOfPage\":{\"@id\":\"https:\\\/\\\/www.fcbarcelonanoticias.com\\\/en\\\/football-soccer\\\/laliga\\\/javier-tebas-charges-against-fifa-uefa-for-excluding-leagues-makes-decisions_308755_102.html#primaryimage\"},\"image\":{\"@id\":\"https:\\\/\\\/www.fcbarcelonanoticias.com\\\/en\\\/football-soccer\\\/laliga\\\/javier-tebas-charges-against-fifa-uefa-for-excluding-leagues-makes-decisions_308755_102.html#primaryimage\"},\"thumbnailUrl\":\"https:\\\/\\\/www.fcbarcelonanoticias.com\\\/en\\\/wp-content\\\/uploads\\\/sites\\\/2\\\/2024\\\/11\\\/javier-tebas-laliga.jpeg\",\"datePublished\":\"2024-11-20T20:40:00+00:00\",\"dateModified\":\"2026-04-09T13:04:21+00:00\",\"author\":{\"@id\":\"https:\\\/\\\/www.fcbarcelonanoticias.com\\\/en\\\/#\\\/schema\\\/person\\\/c2cd9f6fa1af5c0d0eccd0fefa575c88\"},\"description\":\"Javier Tebas criticized FIFA and UEFA during the Social Football Summit being held in Italy. The LaLiga president believes that both organizations act arbitrarily\",\"breadcrumb\":{\"@id\":\"https:\\\/\\\/www.fcbarcelonanoticias.com\\\/en\\\/football-soccer\\\/laliga\\\/javier-tebas-charges-against-fifa-uefa-for-excluding-leagues-makes-decisions_308755_102.html#breadcrumb\"},\"inLanguage\":\"en-US\",\"potentialAction\":[{\"@type\":\"ReadAction\",\"target\":[\"https:\\\/\\\/www.fcbarcelonanoticias.com\\\/en\\\/football-soccer\\\/laliga\\\/javier-tebas-charges-against-fifa-uefa-for-excluding-leagues-makes-decisions_308755_102.html\"]}]},{\"@type\":\"ImageObject\",\"inLanguage\":\"en-US\",\"@id\":\"https:\\\/\\\/www.fcbarcelonanoticias.com\\\/en\\\/football-soccer\\\/laliga\\\/javier-tebas-charges-against-fifa-uefa-for-excluding-leagues-makes-decisions_308755_102.html#primaryimage\",\"url\":\"https:\\\/\\\/www.fcbarcelonanoticias.com\\\/en\\\/wp-content\\\/uploads\\\/sites\\\/2\\\/2024\\\/11\\\/javier-tebas-laliga.jpeg\",\"contentUrl\":\"https:\\\/\\\/www.fcbarcelonanoticias.com\\\/en\\\/wp-content\\\/uploads\\\/sites\\\/2\\\/2024\\\/11\\\/javier-tebas-laliga.jpeg\",\"width\":1250,\"height\":730},{\"@type\":\"BreadcrumbList\",\"@id\":\"https:\\\/\\\/www.fcbarcelonanoticias.com\\\/en\\\/football-soccer\\\/laliga\\\/javier-tebas-charges-against-fifa-uefa-for-excluding-leagues-makes-decisions_308755_102.html#breadcrumb\",\"itemListElement\":[{\"@type\":\"ListItem\",\"position\":1,\"name\":\"Portada\",\"item\":\"https:\\\/\\\/www.fcbarcelonanoticias.com\\\/en\\\/\"},{\"@type\":\"ListItem\",\"position\":2,\"name\":\"Javier Tebas charges against FIFA and UEFA for excluding the leagues in decision making\"}]},{\"@type\":\"WebSite\",\"@id\":\"https:\\\/\\\/www.fcbarcelonanoticias.com\\\/en\\\/#website\",\"url\":\"https:\\\/\\\/www.fcbarcelonanoticias.com\\\/en\\\/\",\"name\":\"EN - FC Barcelona Noticias\",\"description\":\"\",\"potentialAction\":[{\"@type\":\"SearchAction\",\"target\":{\"@type\":\"EntryPoint\",\"urlTemplate\":\"https:\\\/\\\/www.fcbarcelonanoticias.com\\\/en\\\/?s={search_term_string}\"},\"query-input\":{\"@type\":\"PropertyValueSpecification\",\"valueRequired\":true,\"valueName\":\"search_term_string\"}}],\"inLanguage\":\"en-US\"},{\"@type\":\"Person\",\"@id\":\"https:\\\/\\\/www.fcbarcelonanoticias.com\\\/en\\\/#\\\/schema\\\/person\\\/c2cd9f6fa1af5c0d0eccd0fefa575c88\",\"name\":\"Andr\u00e9s Quiroz\",\"image\":{\"@type\":\"ImageObject\",\"inLanguage\":\"en-US\",\"@id\":\"https:\\\/\\\/secure.gravatar.com\\\/avatar\\\/?s=96&d=mm&r=g\",\"url\":\"https:\\\/\\\/secure.gravatar.com\\\/avatar\\\/?s=96&d=mm&r=g\",\"contentUrl\":\"https:\\\/\\\/secure.gravatar.com\\\/avatar\\\/?s=96&d=mm&r=g\",\"caption\":\"Andr\u00e9s Quiroz\"},\"description\":\"Licenciado en Periodismo por la Universidad de los Andes. Me encargo de analizar y compartir los contenidos m\u00e1s destacados de la\u00a0actualidad del F\u00fatbol Club Barcelona, Mercado de Fichajes y F\u00fatbol Internacional en FCBN. La informaci\u00f3n es poder, pero tambi\u00e9n conocimiento.\",\"url\":\"https:\\\/\\\/www.fcbarcelonanoticias.com\\\/en\\\/fc-barcelona\\\/andres-quiroz_17_115.html\"}]}<\/script>\n<!-- \/ Yoast SEO plugin. -->","yoast_head_json":{"title":"Javier Tebas charges against FIFA and UEFA for excluding the leagues in decision making","description":"Javier Tebas criticized FIFA and UEFA during the Social Football Summit being held in Italy. The LaLiga president believes that both organizations act arbitrarily","robots":{"index":"index","follow":"follow","max-snippet":"max-snippet:-1","max-image-preview":"max-image-preview:large","max-video-preview":"max-video-preview:-1"},"canonical":"https:\/\/www.fcbarcelonanoticias.com\/en\/football-soccer\/laliga\/javier-tebas-charges-against-fifa-uefa-for-excluding-leagues-makes-decisions_308755_102.html","og_locale":"en_US","og_type":"article","og_title":"Javier Tebas charges against FIFA and UEFA for excluding the leagues in decision making","og_description":"Javier Tebas criticized FIFA and UEFA during the Social Football Summit being held in Italy. The LaLiga president believes that both organizations act arbitrarily","og_url":"https:\/\/www.fcbarcelonanoticias.com\/en\/football-soccer\/laliga\/javier-tebas-charges-against-fifa-uefa-for-excluding-leagues-makes-decisions_308755_102.html","og_site_name":"EN - FC Barcelona Noticias","article_published_time":"2024-11-20T20:40:00+00:00","article_modified_time":"2026-04-09T13:04:21+00:00","og_image":[{"width":1250,"height":730,"url":"https:\/\/www.fcbarcelonanoticias.com\/en\/wp-content\/uploads\/sites\/2\/2024\/11\/javier-tebas-laliga.jpeg","type":"image\/jpeg"}],"author":"Andr\u00e9s Quiroz","twitter_card":"summary_large_image","twitter_misc":{"Written by":"Andr\u00e9s Quiroz","Est. reading time":"2 minutes"},"schema":{"@context":"https:\/\/schema.org","@graph":[{"@type":"Article","@id":"https:\/\/www.fcbarcelonanoticias.com\/en\/football-soccer\/laliga\/javier-tebas-charges-against-fifa-uefa-for-excluding-leagues-makes-decisions_308755_102.html#article","isPartOf":{"@id":"https:\/\/www.fcbarcelonanoticias.com\/en\/laliga\/javier-tebas-charges-against-fifa-uefa-for-excluding-leagues-makes-decisions_308755_102.html"},"author":{"name":"Andr\u00e9s Quiroz","@id":"https:\/\/www.fcbarcelonanoticias.com\/en\/#\/schema\/person\/c2cd9f6fa1af5c0d0eccd0fefa575c88"},"headline":"Javier Tebas charges against FIFA and UEFA for excluding the leagues in decision making","datePublished":"2024-11-20T20:40:00+00:00","dateModified":"2026-04-09T13:04:21+00:00","mainEntityOfPage":{"@id":"https:\/\/www.fcbarcelonanoticias.com\/en\/laliga\/javier-tebas-charges-against-fifa-uefa-for-excluding-leagues-makes-decisions_308755_102.html"},"wordCount":412,"commentCount":0,"image":{"@id":"https:\/\/www.fcbarcelonanoticias.com\/en\/football-soccer\/laliga\/javier-tebas-charges-against-fifa-uefa-for-excluding-leagues-makes-decisions_308755_102.html#primaryimage"},"thumbnailUrl":"https:\/\/www.fcbarcelonanoticias.com\/en\/wp-content\/uploads\/sites\/2\/2024\/11\/javier-tebas-laliga.jpeg","keywords":["Club World Cup","FIFA","Javier Thebes","National Teams","Super League","UEFA"],"articleSection":["LaLiga"],"inLanguage":"en-US","potentialAction":[{"@type":"CommentAction","name":"Comment","target":["https:\/\/www.fcbarcelonanoticias.com\/en\/football-soccer\/laliga\/javier-tebas-charges-against-fifa-uefa-for-excluding-leagues-makes-decisions_308755_102.html#respond"]}]},{"@type":"WebPage","@id":"https:\/\/www.fcbarcelonanoticias.com\/en\/laliga\/javier-tebas-charges-against-fifa-uefa-for-excluding-leagues-makes-decisions_308755_102.html","url":"https:\/\/www.fcbarcelonanoticias.com\/en\/football-soccer\/laliga\/javier-tebas-charges-against-fifa-uefa-for-excluding-leagues-makes-decisions_308755_102.html","name":"Javier Tebas charges against FIFA and UEFA for excluding the leagues in decision making","isPartOf":{"@id":"https:\/\/www.fcbarcelonanoticias.com\/en\/#website"},"primaryImageOfPage":{"@id":"https:\/\/www.fcbarcelonanoticias.com\/en\/football-soccer\/laliga\/javier-tebas-charges-against-fifa-uefa-for-excluding-leagues-makes-decisions_308755_102.html#primaryimage"},"image":{"@id":"https:\/\/www.fcbarcelonanoticias.com\/en\/football-soccer\/laliga\/javier-tebas-charges-against-fifa-uefa-for-excluding-leagues-makes-decisions_308755_102.html#primaryimage"},"thumbnailUrl":"https:\/\/www.fcbarcelonanoticias.com\/en\/wp-content\/uploads\/sites\/2\/2024\/11\/javier-tebas-laliga.jpeg","datePublished":"2024-11-20T20:40:00+00:00","dateModified":"2026-04-09T13:04:21+00:00","author":{"@id":"https:\/\/www.fcbarcelonanoticias.com\/en\/#\/schema\/person\/c2cd9f6fa1af5c0d0eccd0fefa575c88"},"description":"Javier Tebas criticized FIFA and UEFA during the Social Football Summit being held in Italy. The LaLiga president believes that both organizations act arbitrarily","breadcrumb":{"@id":"https:\/\/www.fcbarcelonanoticias.com\/en\/football-soccer\/laliga\/javier-tebas-charges-against-fifa-uefa-for-excluding-leagues-makes-decisions_308755_102.html#breadcrumb"},"inLanguage":"en-US","potentialAction":[{"@type":"ReadAction","target":["https:\/\/www.fcbarcelonanoticias.com\/en\/football-soccer\/laliga\/javier-tebas-charges-against-fifa-uefa-for-excluding-leagues-makes-decisions_308755_102.html"]}]},{"@type":"ImageObject","inLanguage":"en-US","@id":"https:\/\/www.fcbarcelonanoticias.com\/en\/football-soccer\/laliga\/javier-tebas-charges-against-fifa-uefa-for-excluding-leagues-makes-decisions_308755_102.html#primaryimage","url":"https:\/\/www.fcbarcelonanoticias.com\/en\/wp-content\/uploads\/sites\/2\/2024\/11\/javier-tebas-laliga.jpeg","contentUrl":"https:\/\/www.fcbarcelonanoticias.com\/en\/wp-content\/uploads\/sites\/2\/2024\/11\/javier-tebas-laliga.jpeg","width":1250,"height":730},{"@type":"BreadcrumbList","@id":"https:\/\/www.fcbarcelonanoticias.com\/en\/football-soccer\/laliga\/javier-tebas-charges-against-fifa-uefa-for-excluding-leagues-makes-decisions_308755_102.html#breadcrumb","itemListElement":[{"@type":"ListItem","position":1,"name":"Portada","item":"https:\/\/www.fcbarcelonanoticias.com\/en\/"},{"@type":"ListItem","position":2,"name":"Javier Tebas charges against FIFA and UEFA for excluding the leagues in decision making"}]},{"@type":"WebSite","@id":"https:\/\/www.fcbarcelonanoticias.com\/en\/#website","url":"https:\/\/www.fcbarcelonanoticias.com\/en\/","name":"EN - FC Barcelona Noticias","description":"","potentialAction":[{"@type":"SearchAction","target":{"@type":"EntryPoint","urlTemplate":"https:\/\/www.fcbarcelonanoticias.com\/en\/?s={search_term_string}"},"query-input":{"@type":"PropertyValueSpecification","valueRequired":true,"valueName":"search_term_string"}}],"inLanguage":"en-US"},{"@type":"Person","@id":"https:\/\/www.fcbarcelonanoticias.com\/en\/#\/schema\/person\/c2cd9f6fa1af5c0d0eccd0fefa575c88","name":"Andr\u00e9s Quiroz","image":{"@type":"ImageObject","inLanguage":"en-US","@id":"https:\/\/secure.gravatar.com\/avatar\/?s=96&d=mm&r=g","url":"https:\/\/secure.gravatar.com\/avatar\/?s=96&d=mm&r=g","contentUrl":"https:\/\/secure.gravatar.com\/avatar\/?s=96&d=mm&r=g","caption":"Andr\u00e9s Quiroz"},"description":"Licenciado en Periodismo por la Universidad de los Andes. Me encargo de analizar y compartir los contenidos m\u00e1s destacados de la\u00a0actualidad del F\u00fatbol Club Barcelona, Mercado de Fichajes y F\u00fatbol Internacional en FCBN. La informaci\u00f3n es poder, pero tambi\u00e9n conocimiento.","url":"https:\/\/www.fcbarcelonanoticias.com\/en\/fc-barcelona\/andres-quiroz_17_115.html"}]}},"_links":{"self":[{"href":"https:\/\/www.fcbarcelonanoticias.com\/en\/wp-json\/wp\/v2\/posts\/163311","targetHints":{"allow":["GET"]}}],"collection":[{"href":"https:\/\/www.fcbarcelonanoticias.com\/en\/wp-json\/wp\/v2\/posts"}],"about":[{"href":"https:\/\/www.fcbarcelonanoticias.com\/en\/wp-json\/wp\/v2\/types\/post"}],"author":[{"embeddable":true,"href":"https:\/\/www.fcbarcelonanoticias.com\/en\/wp-json\/wp\/v2\/users\/347"}],"replies":[{"embeddable":true,"href":"https:\/\/www.fcbarcelonanoticias.com\/en\/wp-json\/wp\/v2\/comments?post=163311"}],"version-history":[{"count":1,"href":"https:\/\/www.fcbarcelonanoticias.com\/en\/wp-json\/wp\/v2\/posts\/163311\/revisions"}],"predecessor-version":[{"id":163427,"href":"https:\/\/www.fcbarcelonanoticias.com\/en\/wp-json\/wp\/v2\/posts\/163311\/revisions\/163427"}],"wp:featuredmedia":[{"embeddable":true,"href":"https:\/\/www.fcbarcelonanoticias.com\/en\/wp-json\/wp\/v2\/media\/163312"}],"wp:attachment":[{"href":"https:\/\/www.fcbarcelonanoticias.com\/en\/wp-json\/wp\/v2\/media?parent=163311"}],"wp:term":[{"taxonomy":"category","embeddable":true,"href":"https:\/\/www.fcbarcelonanoticias.com\/en\/wp-json\/wp\/v2\/categories?post=163311"},{"taxonomy":"post_tag","embeddable":true,"href":"https:\/\/www.fcbarcelonanoticias.com\/en\/wp-json\/wp\/v2\/tags?post=163311"}],"curies":[{"name":"wp","href":"https:\/\/api.w.org\/{rel}","templated":true}]}}