{"id":163358,"date":"2025-11-13T00:11:00","date_gmt":"2025-11-12T23:11:00","guid":{"rendered":"https:\/\/www.fcbarcelonanoticias.com\/en\/final-stretch-for-opening-of-phase-1b-of-spotify-camp-nou_315255_102-3\/"},"modified":"2026-04-09T15:12:37","modified_gmt":"2026-04-09T13:12:37","slug":"final-stretch-for-opening-of-phase-1b-of-spotify-camp-nou_315255_102-3","status":"publish","type":"post","link":"https:\/\/www.fcbarcelonanoticias.com\/en\/fc-barcelona\/final-stretch-for-opening-of-phase-1b-of-spotify-camp-nou_315255_102.html","title":{"rendered":"Bar\u00e7a awaits the first occupancy license for phase 1B of Camp Nou"},"content":{"rendered":"<h2 class=\"wp-block-heading\">The City Council must respond this week to the request for the first occupancy license for phase 1B of the Spotify Camp Nou. Bar\u00e7a is confident of obtaining the permits in time for matchday 13 of LaLiga<\/h2>\n<p>The board of <strong>FC Barcelona<\/strong> awaits a positive response from the City Council to the request for the first occupancy license for phase 1B of the <strong>Spotify Camp Nou<\/strong>, with the Lateral stand now enabled and a capacity for 45,000 spectators.<\/p>\n<p>The success of the operational trial carried out last Friday, with <a data-external=\"0\" data-intl-links-en=\"https:\/\/www.fcbarcelonanoticias.com\/en\/fc-barcelona\/barca-returns-new-camp-nou-900-days-later_315211_102.html\" data-intl-links-es=\"https:\/\/www.fcbarcelonanoticias.com\/fc-barcelona\/dia-historico-barca-regreso-camp-nou-900-dias-despues_315211_102.html\" href=\"https:\/\/www.fcbarcelonanoticias.com\/en\/fc-barcelona\/barca-returns-new-camp-nou-900-days-later_315211_102.html\" rel=\"follow\" target=\"_self\" title=\"D\u00eda hist\u00f3rico para los cul\u00e9s: regreso al nuevo Camp Nou 900 d\u00edas despu\u00e9s\">open-door training<\/a>, gives the club greater confidence in obtaining the permits that will allow, after two and a half years, to play League and Champions League matches again in the cul\u00e9 temple.<\/p>\n<p>For now, <strong>Bar\u00e7a could only play League matches at Camp Nou with the Tribuna and Gol Sur enabled<\/strong> for almost 23,000 fans. Less than half of what the Llu\u00eds Companys stadium in Montju\u00efc can accommodate. For this reason, the board preferred to wait for the completion of the Lateral stand to return home.<\/p>\n<p>Additionally, UEFA will only allow Champions League matches to be played at Les Corts with all three stands open, in order to segment visiting fans. In principle, each club must play all league phase matches in the same stadium, but **Joan Laporta hopes to obtain special permission to play against Eintracht and Copenhagen** at the revamped Bar\u00e7a stadium.<\/p>\n<h2>Saturday, deadline for City Hall to respond to Phase 1B<\/h2>\n<p>In principle, the club expects to receive a response from the City Council between Thursday and Saturday regarding the authorization of the Lateral. Unlike phase 1A, the first occupancy license for the second stage should arrive more quickly<\/p>\n<p>The reason has to do with<strong> advances in access and ensuring the operational safety<\/strong> of the structure. Boxes, press areas, and entrance zones show a much more recognizable face, although the facade and the construction of the third tier still have a lot of work to complete.<\/p>\n<p>The open-door training session served to check how ready the Spotify Camp Nou is to host matches every three or four days, and in that regard, there is confidence that everything will be ready, at the latest, for matchday 14 of La Liga, on Saturday, November 29 <a data-external=\"0\" data-intl-links-en=\"https:\/\/www.fcbarcelonanoticias.com\/en\/laliga\/barcelona-alaves-schedule-and-tv-laliga-2025-26-md14_315149_102.html\" data-intl-links-es=\"https:\/\/www.fcbarcelonanoticias.com\/laliga\/horario-tv-barcelona-alaves-laliga-2025-26-j14_315149_102.html\" href=\"https:\/\/www.fcbarcelonanoticias.com\/en\/laliga\/barcelona-alaves-schedule-and-tv-laliga-2025-26-md14_315149_102.html\" rel=\"follow\" target=\"_self\" title=\"Horario y TV del Barcelona - Alav\u00e9s: LaLiga 2025\/26 J14\">against Alav\u00e9s<\/a><\/p>\n<p>And indeed, to host Athletic (Saturday the 22nd), the deadlines may be too short regarding logistics and ticket sales. In any case, the venue for the clash against the Basques must be confirmed this weekend, while the team rests during the international break.<\/p>\n<p>If there were a new delay in the opening of Camp Nou for its phase 1B, Bar\u00e7a could continue playing at Montju\u00efc until the end of the year if it deems it appropriate. The club renewed its permit to occupy Llu\u00eds Companys <a data-external=\"0\" data-intl-links-en=\"https:\/\/www.fcbarcelonanoticias.com\/en\/fc-barcelona\/barca-could-play-in-montjuic-until-the-end-of-february_314262_102.html\" data-intl-links-es=\"https:\/\/www.fcbarcelonanoticias.com\/fc-barcelona\/barca-podria-jugar-montjuic-hasta-finales-febrero_314262_102.html\" href=\"https:\/\/www.fcbarcelonanoticias.com\/en\/fc-barcelona\/barca-could-play-in-montjuic-until-the-end-of-february_314262_102.html\" rel=\"follow\" target=\"_self\" title=\"El Bar\u00e7a podr\u00eda jugar en Montju\u00efc hasta finales de febrero\">until February 2026<\/a> with Barcelona Serveis Municipals (BSM) last summer<\/p>\n<h2>FC Barcelona&#8217;s Upcoming Home Games<\/h2>\n<ol>\n<li>November 22 (16:15 CEST): vs <strong>Athletic <\/strong>for LaLiga Matchday 13.<\/li>\n<li>November 29 (16:15 CEST): vs <strong>Alav\u00e9s <\/strong>for LaLiga Matchday 14.<\/li>\n<li>December 02 (21:00 CEST): vs <strong>Atl\u00e9tico de Madrid<\/strong> for LaLiga Matchday 19 (postponed).<\/li>\n<li>December 09 (21:00 CEST): vs <strong>Eintracht Frankfurt<\/strong> for Champions League Matchday 6.<\/li>\n<li>December 14 (TBD): vs <strong>Osasuna <\/strong>for LaLiga Matchday 16.<\/li>\n<\/ol>\n","protected":false},"excerpt":{"rendered":"<p>The City Council must respond this week to the request for the first occupancy license for phase 1B of the Spotify Camp Nou. Bar\u00e7a is confident of obtaining the permits in time for matchday 13 of LaLiga The board of FC Barcelona awaits a positive response from the City Council to the request for the [&hellip;]<\/p>\n","protected":false},"author":347,"featured_media":163359,"comment_status":"open","ping_status":"open","sticky":false,"template":"","format":"standard","meta":{"_acf_changed":false,"inline_featured_image":false,"_nextfly_llmd_date_locked":false,"footnotes":""},"categories":[111],"tags":[82],"class_list":["post-163358","post","type-post","status-publish","format-standard","has-post-thumbnail","hentry","category-fc-barcelona","tag-camp-nou"],"acf":[],"yoast_head":"<!-- This site is optimized with the Yoast SEO plugin v27.3 - https:\/\/yoast.com\/product\/yoast-seo-wordpress\/ -->\n<title>Final stretch for the opening of phase 1B of Spotify Camp Nou<\/title>\n<meta name=\"description\" content=\"The City Council must respond this week to Bar\u00e7a&#039;s request for the first occupancy license for phase 1B of the Spotify Camp Nou\" \/>\n<meta name=\"robots\" content=\"index, follow, max-snippet:-1, max-image-preview:large, max-video-preview:-1\" \/>\n<link rel=\"canonical\" href=\"https:\/\/www.fcbarcelonanoticias.com\/en\/fc-barcelona\/transfers\/the-marseilles-negotiates-the-traspaso-of-one-of-the-jewels-of-the-barca_269530_102.html\" \/>\n<meta property=\"og:locale\" content=\"en_US\" \/>\n<meta property=\"og:type\" content=\"article\" \/>\n<meta property=\"og:title\" content=\"Final stretch for the opening of phase 1B of Spotify Camp Nou\" \/>\n<meta property=\"og:description\" content=\"The City Council must respond this week to Bar\u00e7a&#039;s request for the first occupancy license for phase 1B of the Spotify Camp Nou\" \/>\n<meta property=\"og:url\" content=\"https:\/\/www.fcbarcelonanoticias.com\/en\/fc-barcelona\/transfers\/the-marseilles-negotiates-the-traspaso-of-one-of-the-jewels-of-the-barca_269530_102.html\" \/>\n<meta property=\"og:site_name\" content=\"EN - FC Barcelona Noticias\" \/>\n<meta property=\"article:published_time\" content=\"2025-11-12T23:11:00+00:00\" \/>\n<meta property=\"article:modified_time\" content=\"2026-04-09T13:12:37+00:00\" \/>\n<meta property=\"og:image\" content=\"https:\/\/www.fcbarcelonanoticias.com\/en\/wp-content\/uploads\/sites\/2\/2025\/11\/camp-nou-obras-noviembre-2025-2.webp\" \/>\n\t<meta property=\"og:image:width\" content=\"1200\" \/>\n\t<meta property=\"og:image:height\" content=\"675\" \/>\n\t<meta property=\"og:image:type\" content=\"image\/webp\" \/>\n<meta name=\"author\" content=\"Andr\u00e9s Quiroz\" \/>\n<meta name=\"twitter:card\" content=\"summary_large_image\" \/>\n<meta name=\"twitter:label1\" content=\"Written by\" \/>\n\t<meta name=\"twitter:data1\" content=\"Andr\u00e9s Quiroz\" \/>\n\t<meta name=\"twitter:label2\" content=\"Est. reading time\" \/>\n\t<meta name=\"twitter:data2\" content=\"3 minutes\" \/>\n<script type=\"application\/ld+json\" class=\"yoast-schema-graph\">{\"@context\":\"https:\\\/\\\/schema.org\",\"@graph\":[{\"@type\":\"Article\",\"@id\":\"https:\\\/\\\/www.fcbarcelonanoticias.com\\\/en\\\/fc-barcelona\\\/transfers\\\/the-marseilles-negotiates-the-traspaso-of-one-of-the-jewels-of-the-barca_269530_102.html#article\",\"isPartOf\":{\"@id\":\"https:\\\/\\\/www.fcbarcelonanoticias.com\\\/en\\\/fc-barcelona\\\/final-stretch-for-opening-of-phase-1b-of-spotify-camp-nou_315255_102.html\"},\"author\":{\"name\":\"Andr\u00e9s Quiroz\",\"@id\":\"https:\\\/\\\/www.fcbarcelonanoticias.com\\\/en\\\/#\\\/schema\\\/person\\\/c2cd9f6fa1af5c0d0eccd0fefa575c88\"},\"headline\":\"Bar\u00e7a awaits the first occupancy license for phase 1B of Camp Nou\",\"datePublished\":\"2025-11-12T23:11:00+00:00\",\"dateModified\":\"2026-04-09T13:12:37+00:00\",\"mainEntityOfPage\":{\"@id\":\"https:\\\/\\\/www.fcbarcelonanoticias.com\\\/en\\\/fc-barcelona\\\/final-stretch-for-opening-of-phase-1b-of-spotify-camp-nou_315255_102.html\"},\"wordCount\":535,\"commentCount\":0,\"image\":{\"@id\":\"https:\\\/\\\/www.fcbarcelonanoticias.com\\\/en\\\/fc-barcelona\\\/transfers\\\/the-marseilles-negotiates-the-traspaso-of-one-of-the-jewels-of-the-barca_269530_102.html#primaryimage\"},\"thumbnailUrl\":\"https:\\\/\\\/www.fcbarcelonanoticias.com\\\/en\\\/wp-content\\\/uploads\\\/sites\\\/2\\\/2025\\\/11\\\/camp-nou-obras-noviembre-2025-2.webp\",\"keywords\":[\"Camp Nou\"],\"articleSection\":[\"FC Barcelona\"],\"inLanguage\":\"en-US\",\"potentialAction\":[{\"@type\":\"CommentAction\",\"name\":\"Comment\",\"target\":[\"https:\\\/\\\/www.fcbarcelonanoticias.com\\\/en\\\/fc-barcelona\\\/transfers\\\/the-marseilles-negotiates-the-traspaso-of-one-of-the-jewels-of-the-barca_269530_102.html#respond\"]}]},{\"@type\":\"WebPage\",\"@id\":\"https:\\\/\\\/www.fcbarcelonanoticias.com\\\/en\\\/fc-barcelona\\\/final-stretch-for-opening-of-phase-1b-of-spotify-camp-nou_315255_102.html\",\"url\":\"https:\\\/\\\/www.fcbarcelonanoticias.com\\\/en\\\/fc-barcelona\\\/transfers\\\/the-marseilles-negotiates-the-traspaso-of-one-of-the-jewels-of-the-barca_269530_102.html\",\"name\":\"Final stretch for the opening of phase 1B of Spotify Camp Nou\",\"isPartOf\":{\"@id\":\"https:\\\/\\\/www.fcbarcelonanoticias.com\\\/en\\\/#website\"},\"primaryImageOfPage\":{\"@id\":\"https:\\\/\\\/www.fcbarcelonanoticias.com\\\/en\\\/fc-barcelona\\\/transfers\\\/the-marseilles-negotiates-the-traspaso-of-one-of-the-jewels-of-the-barca_269530_102.html#primaryimage\"},\"image\":{\"@id\":\"https:\\\/\\\/www.fcbarcelonanoticias.com\\\/en\\\/fc-barcelona\\\/transfers\\\/the-marseilles-negotiates-the-traspaso-of-one-of-the-jewels-of-the-barca_269530_102.html#primaryimage\"},\"thumbnailUrl\":\"https:\\\/\\\/www.fcbarcelonanoticias.com\\\/en\\\/wp-content\\\/uploads\\\/sites\\\/2\\\/2025\\\/11\\\/camp-nou-obras-noviembre-2025-2.webp\",\"datePublished\":\"2025-11-12T23:11:00+00:00\",\"dateModified\":\"2026-04-09T13:12:37+00:00\",\"author\":{\"@id\":\"https:\\\/\\\/www.fcbarcelonanoticias.com\\\/en\\\/#\\\/schema\\\/person\\\/c2cd9f6fa1af5c0d0eccd0fefa575c88\"},\"description\":\"The City Council must respond this week to Bar\u00e7a's request for the first occupancy license for phase 1B of the Spotify Camp Nou\",\"breadcrumb\":{\"@id\":\"https:\\\/\\\/www.fcbarcelonanoticias.com\\\/en\\\/fc-barcelona\\\/transfers\\\/the-marseilles-negotiates-the-traspaso-of-one-of-the-jewels-of-the-barca_269530_102.html#breadcrumb\"},\"inLanguage\":\"en-US\",\"potentialAction\":[{\"@type\":\"ReadAction\",\"target\":[\"https:\\\/\\\/www.fcbarcelonanoticias.com\\\/en\\\/fc-barcelona\\\/transfers\\\/the-marseilles-negotiates-the-traspaso-of-one-of-the-jewels-of-the-barca_269530_102.html\"]}]},{\"@type\":\"ImageObject\",\"inLanguage\":\"en-US\",\"@id\":\"https:\\\/\\\/www.fcbarcelonanoticias.com\\\/en\\\/fc-barcelona\\\/transfers\\\/the-marseilles-negotiates-the-traspaso-of-one-of-the-jewels-of-the-barca_269530_102.html#primaryimage\",\"url\":\"https:\\\/\\\/www.fcbarcelonanoticias.com\\\/en\\\/wp-content\\\/uploads\\\/sites\\\/2\\\/2025\\\/11\\\/camp-nou-obras-noviembre-2025-2.webp\",\"contentUrl\":\"https:\\\/\\\/www.fcbarcelonanoticias.com\\\/en\\\/wp-content\\\/uploads\\\/sites\\\/2\\\/2025\\\/11\\\/camp-nou-obras-noviembre-2025-2.webp\",\"width\":1200,\"height\":675},{\"@type\":\"BreadcrumbList\",\"@id\":\"https:\\\/\\\/www.fcbarcelonanoticias.com\\\/en\\\/fc-barcelona\\\/transfers\\\/the-marseilles-negotiates-the-traspaso-of-one-of-the-jewels-of-the-barca_269530_102.html#breadcrumb\",\"itemListElement\":[{\"@type\":\"ListItem\",\"position\":1,\"name\":\"Portada\",\"item\":\"https:\\\/\\\/www.fcbarcelonanoticias.com\\\/en\\\/\"},{\"@type\":\"ListItem\",\"position\":2,\"name\":\"Bar\u00e7a awaits the first occupancy license for phase 1B of Camp Nou\"}]},{\"@type\":\"WebSite\",\"@id\":\"https:\\\/\\\/www.fcbarcelonanoticias.com\\\/en\\\/#website\",\"url\":\"https:\\\/\\\/www.fcbarcelonanoticias.com\\\/en\\\/\",\"name\":\"EN - FC Barcelona Noticias\",\"description\":\"\",\"potentialAction\":[{\"@type\":\"SearchAction\",\"target\":{\"@type\":\"EntryPoint\",\"urlTemplate\":\"https:\\\/\\\/www.fcbarcelonanoticias.com\\\/en\\\/?s={search_term_string}\"},\"query-input\":{\"@type\":\"PropertyValueSpecification\",\"valueRequired\":true,\"valueName\":\"search_term_string\"}}],\"inLanguage\":\"en-US\"},{\"@type\":\"Person\",\"@id\":\"https:\\\/\\\/www.fcbarcelonanoticias.com\\\/en\\\/#\\\/schema\\\/person\\\/c2cd9f6fa1af5c0d0eccd0fefa575c88\",\"name\":\"Andr\u00e9s Quiroz\",\"image\":{\"@type\":\"ImageObject\",\"inLanguage\":\"en-US\",\"@id\":\"https:\\\/\\\/secure.gravatar.com\\\/avatar\\\/?s=96&d=mm&r=g\",\"url\":\"https:\\\/\\\/secure.gravatar.com\\\/avatar\\\/?s=96&d=mm&r=g\",\"contentUrl\":\"https:\\\/\\\/secure.gravatar.com\\\/avatar\\\/?s=96&d=mm&r=g\",\"caption\":\"Andr\u00e9s Quiroz\"},\"description\":\"Licenciado en Periodismo por la Universidad de los Andes. Me encargo de analizar y compartir los contenidos m\u00e1s destacados de la\u00a0actualidad del F\u00fatbol Club Barcelona, Mercado de Fichajes y F\u00fatbol Internacional en FCBN. La informaci\u00f3n es poder, pero tambi\u00e9n conocimiento.\",\"url\":\"https:\\\/\\\/www.fcbarcelonanoticias.com\\\/en\\\/fc-barcelona\\\/andres-quiroz_17_115.html\"}]}<\/script>\n<!-- \/ Yoast SEO plugin. -->","yoast_head_json":{"title":"Final stretch for the opening of phase 1B of Spotify Camp Nou","description":"The City Council must respond this week to Bar\u00e7a's request for the first occupancy license for phase 1B of the Spotify Camp Nou","robots":{"index":"index","follow":"follow","max-snippet":"max-snippet:-1","max-image-preview":"max-image-preview:large","max-video-preview":"max-video-preview:-1"},"canonical":"https:\/\/www.fcbarcelonanoticias.com\/en\/fc-barcelona\/transfers\/the-marseilles-negotiates-the-traspaso-of-one-of-the-jewels-of-the-barca_269530_102.html","og_locale":"en_US","og_type":"article","og_title":"Final stretch for the opening of phase 1B of Spotify Camp Nou","og_description":"The City Council must respond this week to Bar\u00e7a's request for the first occupancy license for phase 1B of the Spotify Camp Nou","og_url":"https:\/\/www.fcbarcelonanoticias.com\/en\/fc-barcelona\/transfers\/the-marseilles-negotiates-the-traspaso-of-one-of-the-jewels-of-the-barca_269530_102.html","og_site_name":"EN - FC Barcelona Noticias","article_published_time":"2025-11-12T23:11:00+00:00","article_modified_time":"2026-04-09T13:12:37+00:00","og_image":[{"width":1200,"height":675,"url":"https:\/\/www.fcbarcelonanoticias.com\/en\/wp-content\/uploads\/sites\/2\/2025\/11\/camp-nou-obras-noviembre-2025-2.webp","type":"image\/webp"}],"author":"Andr\u00e9s Quiroz","twitter_card":"summary_large_image","twitter_misc":{"Written by":"Andr\u00e9s Quiroz","Est. reading time":"3 minutes"},"schema":{"@context":"https:\/\/schema.org","@graph":[{"@type":"Article","@id":"https:\/\/www.fcbarcelonanoticias.com\/en\/fc-barcelona\/transfers\/the-marseilles-negotiates-the-traspaso-of-one-of-the-jewels-of-the-barca_269530_102.html#article","isPartOf":{"@id":"https:\/\/www.fcbarcelonanoticias.com\/en\/fc-barcelona\/final-stretch-for-opening-of-phase-1b-of-spotify-camp-nou_315255_102.html"},"author":{"name":"Andr\u00e9s Quiroz","@id":"https:\/\/www.fcbarcelonanoticias.com\/en\/#\/schema\/person\/c2cd9f6fa1af5c0d0eccd0fefa575c88"},"headline":"Bar\u00e7a awaits the first occupancy license for phase 1B of Camp Nou","datePublished":"2025-11-12T23:11:00+00:00","dateModified":"2026-04-09T13:12:37+00:00","mainEntityOfPage":{"@id":"https:\/\/www.fcbarcelonanoticias.com\/en\/fc-barcelona\/final-stretch-for-opening-of-phase-1b-of-spotify-camp-nou_315255_102.html"},"wordCount":535,"commentCount":0,"image":{"@id":"https:\/\/www.fcbarcelonanoticias.com\/en\/fc-barcelona\/transfers\/the-marseilles-negotiates-the-traspaso-of-one-of-the-jewels-of-the-barca_269530_102.html#primaryimage"},"thumbnailUrl":"https:\/\/www.fcbarcelonanoticias.com\/en\/wp-content\/uploads\/sites\/2\/2025\/11\/camp-nou-obras-noviembre-2025-2.webp","keywords":["Camp Nou"],"articleSection":["FC Barcelona"],"inLanguage":"en-US","potentialAction":[{"@type":"CommentAction","name":"Comment","target":["https:\/\/www.fcbarcelonanoticias.com\/en\/fc-barcelona\/transfers\/the-marseilles-negotiates-the-traspaso-of-one-of-the-jewels-of-the-barca_269530_102.html#respond"]}]},{"@type":"WebPage","@id":"https:\/\/www.fcbarcelonanoticias.com\/en\/fc-barcelona\/final-stretch-for-opening-of-phase-1b-of-spotify-camp-nou_315255_102.html","url":"https:\/\/www.fcbarcelonanoticias.com\/en\/fc-barcelona\/transfers\/the-marseilles-negotiates-the-traspaso-of-one-of-the-jewels-of-the-barca_269530_102.html","name":"Final stretch for the opening of phase 1B of Spotify Camp Nou","isPartOf":{"@id":"https:\/\/www.fcbarcelonanoticias.com\/en\/#website"},"primaryImageOfPage":{"@id":"https:\/\/www.fcbarcelonanoticias.com\/en\/fc-barcelona\/transfers\/the-marseilles-negotiates-the-traspaso-of-one-of-the-jewels-of-the-barca_269530_102.html#primaryimage"},"image":{"@id":"https:\/\/www.fcbarcelonanoticias.com\/en\/fc-barcelona\/transfers\/the-marseilles-negotiates-the-traspaso-of-one-of-the-jewels-of-the-barca_269530_102.html#primaryimage"},"thumbnailUrl":"https:\/\/www.fcbarcelonanoticias.com\/en\/wp-content\/uploads\/sites\/2\/2025\/11\/camp-nou-obras-noviembre-2025-2.webp","datePublished":"2025-11-12T23:11:00+00:00","dateModified":"2026-04-09T13:12:37+00:00","author":{"@id":"https:\/\/www.fcbarcelonanoticias.com\/en\/#\/schema\/person\/c2cd9f6fa1af5c0d0eccd0fefa575c88"},"description":"The City Council must respond this week to Bar\u00e7a's request for the first occupancy license for phase 1B of the Spotify Camp Nou","breadcrumb":{"@id":"https:\/\/www.fcbarcelonanoticias.com\/en\/fc-barcelona\/transfers\/the-marseilles-negotiates-the-traspaso-of-one-of-the-jewels-of-the-barca_269530_102.html#breadcrumb"},"inLanguage":"en-US","potentialAction":[{"@type":"ReadAction","target":["https:\/\/www.fcbarcelonanoticias.com\/en\/fc-barcelona\/transfers\/the-marseilles-negotiates-the-traspaso-of-one-of-the-jewels-of-the-barca_269530_102.html"]}]},{"@type":"ImageObject","inLanguage":"en-US","@id":"https:\/\/www.fcbarcelonanoticias.com\/en\/fc-barcelona\/transfers\/the-marseilles-negotiates-the-traspaso-of-one-of-the-jewels-of-the-barca_269530_102.html#primaryimage","url":"https:\/\/www.fcbarcelonanoticias.com\/en\/wp-content\/uploads\/sites\/2\/2025\/11\/camp-nou-obras-noviembre-2025-2.webp","contentUrl":"https:\/\/www.fcbarcelonanoticias.com\/en\/wp-content\/uploads\/sites\/2\/2025\/11\/camp-nou-obras-noviembre-2025-2.webp","width":1200,"height":675},{"@type":"BreadcrumbList","@id":"https:\/\/www.fcbarcelonanoticias.com\/en\/fc-barcelona\/transfers\/the-marseilles-negotiates-the-traspaso-of-one-of-the-jewels-of-the-barca_269530_102.html#breadcrumb","itemListElement":[{"@type":"ListItem","position":1,"name":"Portada","item":"https:\/\/www.fcbarcelonanoticias.com\/en\/"},{"@type":"ListItem","position":2,"name":"Bar\u00e7a awaits the first occupancy license for phase 1B of Camp Nou"}]},{"@type":"WebSite","@id":"https:\/\/www.fcbarcelonanoticias.com\/en\/#website","url":"https:\/\/www.fcbarcelonanoticias.com\/en\/","name":"EN - FC Barcelona Noticias","description":"","potentialAction":[{"@type":"SearchAction","target":{"@type":"EntryPoint","urlTemplate":"https:\/\/www.fcbarcelonanoticias.com\/en\/?s={search_term_string}"},"query-input":{"@type":"PropertyValueSpecification","valueRequired":true,"valueName":"search_term_string"}}],"inLanguage":"en-US"},{"@type":"Person","@id":"https:\/\/www.fcbarcelonanoticias.com\/en\/#\/schema\/person\/c2cd9f6fa1af5c0d0eccd0fefa575c88","name":"Andr\u00e9s Quiroz","image":{"@type":"ImageObject","inLanguage":"en-US","@id":"https:\/\/secure.gravatar.com\/avatar\/?s=96&d=mm&r=g","url":"https:\/\/secure.gravatar.com\/avatar\/?s=96&d=mm&r=g","contentUrl":"https:\/\/secure.gravatar.com\/avatar\/?s=96&d=mm&r=g","caption":"Andr\u00e9s Quiroz"},"description":"Licenciado en Periodismo por la Universidad de los Andes. Me encargo de analizar y compartir los contenidos m\u00e1s destacados de la\u00a0actualidad del F\u00fatbol Club Barcelona, Mercado de Fichajes y F\u00fatbol Internacional en FCBN. La informaci\u00f3n es poder, pero tambi\u00e9n conocimiento.","url":"https:\/\/www.fcbarcelonanoticias.com\/en\/fc-barcelona\/andres-quiroz_17_115.html"}]}},"_links":{"self":[{"href":"https:\/\/www.fcbarcelonanoticias.com\/en\/wp-json\/wp\/v2\/posts\/163358","targetHints":{"allow":["GET"]}}],"collection":[{"href":"https:\/\/www.fcbarcelonanoticias.com\/en\/wp-json\/wp\/v2\/posts"}],"about":[{"href":"https:\/\/www.fcbarcelonanoticias.com\/en\/wp-json\/wp\/v2\/types\/post"}],"author":[{"embeddable":true,"href":"https:\/\/www.fcbarcelonanoticias.com\/en\/wp-json\/wp\/v2\/users\/347"}],"replies":[{"embeddable":true,"href":"https:\/\/www.fcbarcelonanoticias.com\/en\/wp-json\/wp\/v2\/comments?post=163358"}],"version-history":[{"count":1,"href":"https:\/\/www.fcbarcelonanoticias.com\/en\/wp-json\/wp\/v2\/posts\/163358\/revisions"}],"predecessor-version":[{"id":163370,"href":"https:\/\/www.fcbarcelonanoticias.com\/en\/wp-json\/wp\/v2\/posts\/163358\/revisions\/163370"}],"wp:featuredmedia":[{"embeddable":true,"href":"https:\/\/www.fcbarcelonanoticias.com\/en\/wp-json\/wp\/v2\/media\/163359"}],"wp:attachment":[{"href":"https:\/\/www.fcbarcelonanoticias.com\/en\/wp-json\/wp\/v2\/media?parent=163358"}],"wp:term":[{"taxonomy":"category","embeddable":true,"href":"https:\/\/www.fcbarcelonanoticias.com\/en\/wp-json\/wp\/v2\/categories?post=163358"},{"taxonomy":"post_tag","embeddable":true,"href":"https:\/\/www.fcbarcelonanoticias.com\/en\/wp-json\/wp\/v2\/tags?post=163358"}],"curies":[{"name":"wp","href":"https:\/\/api.w.org\/{rel}","templated":true}]}}