{"id":163362,"date":"2025-11-18T16:59:00","date_gmt":"2025-11-18T15:59:00","guid":{"rendered":"https:\/\/www.fcbarcelonanoticias.com\/en\/joan-laporta-provides-details-on-phase-1c-of-spotify-camp-nou_315277_102-3\/"},"modified":"2026-04-09T15:40:53","modified_gmt":"2026-04-09T13:40:53","slug":"joan-laporta-provides-details-on-phase-1c-of-spotify-camp-nou_315277_102-3","status":"publish","type":"post","link":"https:\/\/www.fcbarcelonanoticias.com\/en\/fc-barcelona\/joan-laporta-provides-details-on-phase-1c-of-spotify-camp-nou_315277_102.html","title":{"rendered":"Joan Laporta celebrates Bar\u00e7a&#8217;s return to Spotify Camp Nou and reveals details about phase 1C"},"content":{"rendered":"<h2 class=\"wp-block-heading\">Joan Laporta celebrated Bar\u00e7a&#8217;s return to the Spotify Camp Nou in an interview for &#8216;RAC1&#8217; where he also spoke about the price of tickets for the match against Athletic and the upcoming progress in the works<\/h2>\n<p>Obtaining the first occupancy license for phase 1B of the <a data-external=\"0\" data-intl-links-en=\"https:\/\/www.fcbarcelonanoticias.com\/en\/tags\/camp-nou\" data-intl-links-es=\"https:\/\/www.fcbarcelonanoticias.com\/tags\/camp-nou\" href=\"https:\/\/www.fcbarcelonanoticias.com\/en\/tags\/camp-nou.html\" rel=\"follow\" target=\"_self\" title=\"Camp Nou\">Spotify Camp Nou<\/a> will allow <strong>FC Barcelona<\/strong> to finalize, 909 days later, the long-awaited return to the cul\u00e9 temple for <strong>LaLiga<\/strong> matches. The stadium will host 45,401 spectators <a data-external=\"0\" data-intl-links-en=\"https:\/\/www.fcbarcelonanoticias.com\/en\/laliga\/barcelona-athletic-schedule-and-tv-laliga-2025-26-md13_315077_102.html\" data-intl-links-es=\"https:\/\/www.fcbarcelonanoticias.com\/laliga\/horario-tv-barcelona-athletic-laliga-2025-26-j13_315077_102.html\" href=\"https:\/\/www.fcbarcelonanoticias.com\/en\/laliga\/barcelona-athletic-schedule-and-tv-laliga-2025-26-md13_315077_102.html\" rel=\"follow\" target=\"_self\" title=\"Horario y TV del Barcelona - Athletic: LaLiga 2025\/26 J13\">against Athletic (16:15 CEST)<\/a> this Saturday, and Joan Laporta expressed his excitement about achieving a goal that took longer than expected<\/p>\n<p>&#8220;It&#8217;s a return to the future. We will relive the past and we are very eager. <strong>It will be a historic moment and we are recovering a home-field advantage that we don&#8217;t have at<\/strong>&nbsp;<strong>Montju\u00efc<\/strong>. The moment to return will be delightful,&#8221; commented the Bar\u00e7a president in an interview with &#8216;El M\u00f3n a RAC 1&#8242;.Likewise, Laporta made it clear that the work on the stadium will not stop. For match days, however, there will be 48-hour breaks in the workers&#8217; shifts. &#8220;<strong>We are now fighting for phase 1C (62,000 spectators). This continues<\/strong>,&#8221; &#8216;Jan&#8217; concluded.<\/p>\n<h2>Ticket prices for Bar\u00e7a-Athletic and UEFA&#8217;s &#8216;OK&#8217;<\/h2>\n<p>In this regard, the Bar\u00e7a president referred to one of the aspects that generated the most comments about the return to Spotify Camp Nou: **the price of tickets** for the match against Athletic.Non-season ticket holders must pay from 159 euros to 471 euros for each ticket, while the general public can purchase their tickets in a range of \u20ac199 to \u20ac589. For season ticket holders at Montju\u00efc, there is a 20% discount.<\/p>\n<p>Regarding this, Laporta made it clear that **these prices are exceptional for next Saturday and &#8220;will be adjusted&#8221;** during the rest of the 25\/26 season, as the stadium expands its capacity.<\/p>\n<div class=\"media media-image\" data-ck-asset-wrapper=\"\">\n<div class=\"media-item\"> <img loading=\"lazy\" decoding=\"async\" alt=\"Spotify Camp Nou: first Bar\u00e7a training session\" data-id=\"1529901\" data-resize=\"9\" height=\"563\" src=\"https:\/\/www.fcbarcelonanoticias.com\/uploads\/s1\/15\/29\/90\/2\/primer-entrenamiento-del-barc-a-en-el-camp-nou_9_1000x563.webp\" title=\"Spotify Camp Nou: first Bar\u00e7a training session\" width=\"1000\"><\/p>\n<div class=\"media-title\">Spotify Camp Nou: first Bar\u00e7a training session<\/div>\n<\/p><\/div>\n<\/p><\/div>\n<p>&#8220;Based on studies we&#8217;ve conducted, these are the prices we believed we should set. They are a bit above average. Members can get them starting at 159 euros. It&#8217;s a historic moment. And for the 24,000 season ticket holders, the Tribune costs 52 euros per game and a corner or Gol seat costs 20 euros,&#8221; argued the Bar\u00e7a president.<\/p>\n<p>Furthermore, Laporta expressed his confidence in closing 2025 with **the North Goal operational (phase 1C)**, as well as UEFA&#8217;s &#8216;OK&#8217; for the Spotify Camp Nou to open for matchday 6 of the <a data-external=\"0\" data-intl-links-en=\"https:\/\/www.fcbarcelonanoticias.com\/en\/champions-league\" data-intl-links-es=\"https:\/\/www.fcbarcelonanoticias.com\/champions-league\" href=\"https:\/\/www.fcbarcelonanoticias.com\/en\/football\/champions-league.html\" rel=\"follow\" target=\"_self\" title=\"Champions League\">Champions<\/a> League league phase, against **Eintracht** (December 9).<\/p>\n<p>To do this, it is key to enable a section of the stands for local fans, a factor that will prevent Athletic fans from traveling to J13 of LaLiga. &#8220;We are conditioning what is necessary to meet UEFA requirements. **If there is no quota of tickets for the visiting fans, we will not be able to play at home, but I am optimistic**,&#8221; he stated.<\/p>\n<h2>Laporta expects a full party at Camp Nou for Bar\u00e7a-Athletic<\/h2>\n<p>Regarding Saturday&#8217;s match, Joan Laporta made it clear what it means for the team to be able to return home, as well as the spectacle of receiving Athletic with the added spice of having Nico Williams on the opposing side.<\/p>\n<p><strong>&#8220;It&#8217;s a good match. There&#8217;s rivalry and it&#8217;s a great team<\/strong>. We&#8217;ll see two playing styles, increasingly similar, with very high-level players and <strong>I know that the players and Hansi Flick at the helm are hyper-motivated<\/strong>,&#8221; the Bar\u00e7a president pointed out during his visit to &#8216;RAC1&#8217;.<\/p>\n<p>Barcelona has not played at the Spotify Camp Nou since <strong>May 28, 2023<\/strong>, on matchday 37 of LaLiga 22\/23. <a data-external=\"0\" data-intl-links-en=\"https:\/\/www.fcbarcelonanoticias.com\/en\/laliga\/rout-barcelona-mallorca-dismiss-big-camp-nou-3-0_292730_102.html\" data-intl-links-es=\"https:\/\/www.fcbarcelonanoticias.com\/laliga\/goleada-barcelona-mallorca-despedir-grande-camp-nou-3-0_292730_102.html\" href=\"https:\/\/www.fcbarcelonanoticias.com\/en\/laliga\/rout-barcelona-mallorca-dismiss-big-camp-nou-3-0_292730_102.html\" rel=\"follow\" target=\"_self\" title=\"Goleada del Bar\u00e7a al Mallorca para despedir a lo grande el Camp Nou (3-0)\">The Catalans thrashed Mallorca (3-0)<\/a> with a brace from Ansu Fati and another goal from Gavi. Starting in the summer of that year, the stadium began its renovation, and its official reopening, initially scheduled for November 2024, took a year longer than expected.<\/p>\n","protected":false},"excerpt":{"rendered":"<p>Joan Laporta celebrated Bar\u00e7a&#8217;s return to the Spotify Camp Nou in an interview for &#8216;RAC1&#8217; where he also spoke about the price of tickets for the match against Athletic and the upcoming progress in the works Obtaining the first occupancy license for phase 1B of the Spotify Camp Nou will allow FC Barcelona to finalize, [&hellip;]<\/p>\n","protected":false},"author":347,"featured_media":163363,"comment_status":"open","ping_status":"open","sticky":false,"template":"","format":"standard","meta":{"_acf_changed":false,"inline_featured_image":false,"_nextfly_llmd_date_locked":false,"footnotes":""},"categories":[111],"tags":[82,189,158,54],"class_list":["post-163362","post","type-post","status-publish","format-standard","has-post-thumbnail","hentry","category-fc-barcelona","tag-camp-nou","tag-fc-barcelona-vs-athletic-club","tag-joan-laporta","tag-uefa"],"acf":[],"yoast_head":"<!-- This site is optimized with the Yoast SEO plugin v27.3 - https:\/\/yoast.com\/product\/yoast-seo-wordpress\/ -->\n<title>Joan Laporta provides details on phase 1C of the Camp Nou<\/title>\n<meta name=\"description\" content=\"Joan Laporta spoke with &#039;RAC1&#039; about the ticket prices for the Bar\u00e7a-Athletic match and the upcoming progress on the Spotify Camp Nou stadium works\" \/>\n<meta name=\"robots\" content=\"index, follow, max-snippet:-1, max-image-preview:large, max-video-preview:-1\" \/>\n<link rel=\"canonical\" href=\"https:\/\/www.fcbarcelonanoticias.com\/en\/laliga\/joan-laporta-provides-details-on-phase-1c-of-spotify-camp-nou_315277_102.html\" \/>\n<meta property=\"og:locale\" content=\"en_US\" \/>\n<meta property=\"og:type\" content=\"article\" \/>\n<meta property=\"og:title\" content=\"Joan Laporta provides details on phase 1C of the Camp Nou\" \/>\n<meta property=\"og:description\" content=\"Joan Laporta spoke with &#039;RAC1&#039; about the ticket prices for the Bar\u00e7a-Athletic match and the upcoming progress on the Spotify Camp Nou stadium works\" \/>\n<meta property=\"og:url\" content=\"https:\/\/www.fcbarcelonanoticias.com\/en\/laliga\/joan-laporta-provides-details-on-phase-1c-of-spotify-camp-nou_315277_102.html\" \/>\n<meta property=\"og:site_name\" content=\"EN - FC Barcelona Noticias\" \/>\n<meta property=\"article:published_time\" content=\"2025-11-18T15:59:00+00:00\" \/>\n<meta property=\"article:modified_time\" content=\"2026-04-09T13:40:53+00:00\" \/>\n<meta property=\"og:image\" content=\"https:\/\/www.fcbarcelonanoticias.com\/en\/wp-content\/uploads\/sites\/2\/2025\/11\/joan-laporta-fc-barcelona-1.webp\" \/>\n\t<meta property=\"og:image:width\" content=\"1200\" \/>\n\t<meta property=\"og:image:height\" content=\"675\" \/>\n\t<meta property=\"og:image:type\" content=\"image\/webp\" \/>\n<meta name=\"author\" content=\"Andr\u00e9s Quiroz\" \/>\n<meta name=\"twitter:card\" content=\"summary_large_image\" \/>\n<meta name=\"twitter:label1\" content=\"Written by\" \/>\n\t<meta name=\"twitter:data1\" content=\"Andr\u00e9s Quiroz\" \/>\n\t<meta name=\"twitter:label2\" content=\"Est. reading time\" \/>\n\t<meta name=\"twitter:data2\" content=\"4 minutes\" \/>\n<script type=\"application\/ld+json\" class=\"yoast-schema-graph\">{\"@context\":\"https:\\\/\\\/schema.org\",\"@graph\":[{\"@type\":\"Article\",\"@id\":\"https:\\\/\\\/www.fcbarcelonanoticias.com\\\/en\\\/laliga\\\/joan-laporta-provides-details-on-phase-1c-of-spotify-camp-nou_315277_102.html#article\",\"isPartOf\":{\"@id\":\"https:\\\/\\\/www.fcbarcelonanoticias.com\\\/en\\\/fc-barcelona\\\/joan-laporta-provides-details-on-phase-1c-of-spotify-camp-nou_315277_102.html\"},\"author\":{\"name\":\"Andr\u00e9s Quiroz\",\"@id\":\"https:\\\/\\\/www.fcbarcelonanoticias.com\\\/en\\\/#\\\/schema\\\/person\\\/c2cd9f6fa1af5c0d0eccd0fefa575c88\"},\"headline\":\"Joan Laporta celebrates Bar\u00e7a&#8217;s return to Spotify Camp Nou and reveals details about phase 1C\",\"datePublished\":\"2025-11-18T15:59:00+00:00\",\"dateModified\":\"2026-04-09T13:40:53+00:00\",\"mainEntityOfPage\":{\"@id\":\"https:\\\/\\\/www.fcbarcelonanoticias.com\\\/en\\\/fc-barcelona\\\/joan-laporta-provides-details-on-phase-1c-of-spotify-camp-nou_315277_102.html\"},\"wordCount\":648,\"commentCount\":0,\"image\":{\"@id\":\"https:\\\/\\\/www.fcbarcelonanoticias.com\\\/en\\\/laliga\\\/joan-laporta-provides-details-on-phase-1c-of-spotify-camp-nou_315277_102.html#primaryimage\"},\"thumbnailUrl\":\"https:\\\/\\\/www.fcbarcelonanoticias.com\\\/en\\\/wp-content\\\/uploads\\\/sites\\\/2\\\/2025\\\/11\\\/joan-laporta-fc-barcelona-1.webp\",\"keywords\":[\"Camp Nou\",\"FC Barcelona vs Athletic Club\",\"Joan Laporta\",\"UEFA\"],\"articleSection\":[\"FC Barcelona\"],\"inLanguage\":\"en-US\",\"potentialAction\":[{\"@type\":\"CommentAction\",\"name\":\"Comment\",\"target\":[\"https:\\\/\\\/www.fcbarcelonanoticias.com\\\/en\\\/laliga\\\/joan-laporta-provides-details-on-phase-1c-of-spotify-camp-nou_315277_102.html#respond\"]}]},{\"@type\":\"WebPage\",\"@id\":\"https:\\\/\\\/www.fcbarcelonanoticias.com\\\/en\\\/fc-barcelona\\\/joan-laporta-provides-details-on-phase-1c-of-spotify-camp-nou_315277_102.html\",\"url\":\"https:\\\/\\\/www.fcbarcelonanoticias.com\\\/en\\\/laliga\\\/joan-laporta-provides-details-on-phase-1c-of-spotify-camp-nou_315277_102.html\",\"name\":\"Joan Laporta provides details on phase 1C of the Camp Nou\",\"isPartOf\":{\"@id\":\"https:\\\/\\\/www.fcbarcelonanoticias.com\\\/en\\\/#website\"},\"primaryImageOfPage\":{\"@id\":\"https:\\\/\\\/www.fcbarcelonanoticias.com\\\/en\\\/laliga\\\/joan-laporta-provides-details-on-phase-1c-of-spotify-camp-nou_315277_102.html#primaryimage\"},\"image\":{\"@id\":\"https:\\\/\\\/www.fcbarcelonanoticias.com\\\/en\\\/laliga\\\/joan-laporta-provides-details-on-phase-1c-of-spotify-camp-nou_315277_102.html#primaryimage\"},\"thumbnailUrl\":\"https:\\\/\\\/www.fcbarcelonanoticias.com\\\/en\\\/wp-content\\\/uploads\\\/sites\\\/2\\\/2025\\\/11\\\/joan-laporta-fc-barcelona-1.webp\",\"datePublished\":\"2025-11-18T15:59:00+00:00\",\"dateModified\":\"2026-04-09T13:40:53+00:00\",\"author\":{\"@id\":\"https:\\\/\\\/www.fcbarcelonanoticias.com\\\/en\\\/#\\\/schema\\\/person\\\/c2cd9f6fa1af5c0d0eccd0fefa575c88\"},\"description\":\"Joan Laporta spoke with 'RAC1' about the ticket prices for the Bar\u00e7a-Athletic match and the upcoming progress on the Spotify Camp Nou stadium works\",\"breadcrumb\":{\"@id\":\"https:\\\/\\\/www.fcbarcelonanoticias.com\\\/en\\\/laliga\\\/joan-laporta-provides-details-on-phase-1c-of-spotify-camp-nou_315277_102.html#breadcrumb\"},\"inLanguage\":\"en-US\",\"potentialAction\":[{\"@type\":\"ReadAction\",\"target\":[\"https:\\\/\\\/www.fcbarcelonanoticias.com\\\/en\\\/laliga\\\/joan-laporta-provides-details-on-phase-1c-of-spotify-camp-nou_315277_102.html\"]}]},{\"@type\":\"ImageObject\",\"inLanguage\":\"en-US\",\"@id\":\"https:\\\/\\\/www.fcbarcelonanoticias.com\\\/en\\\/laliga\\\/joan-laporta-provides-details-on-phase-1c-of-spotify-camp-nou_315277_102.html#primaryimage\",\"url\":\"https:\\\/\\\/www.fcbarcelonanoticias.com\\\/en\\\/wp-content\\\/uploads\\\/sites\\\/2\\\/2025\\\/11\\\/joan-laporta-fc-barcelona-1.webp\",\"contentUrl\":\"https:\\\/\\\/www.fcbarcelonanoticias.com\\\/en\\\/wp-content\\\/uploads\\\/sites\\\/2\\\/2025\\\/11\\\/joan-laporta-fc-barcelona-1.webp\",\"width\":1200,\"height\":675},{\"@type\":\"BreadcrumbList\",\"@id\":\"https:\\\/\\\/www.fcbarcelonanoticias.com\\\/en\\\/laliga\\\/joan-laporta-provides-details-on-phase-1c-of-spotify-camp-nou_315277_102.html#breadcrumb\",\"itemListElement\":[{\"@type\":\"ListItem\",\"position\":1,\"name\":\"Portada\",\"item\":\"https:\\\/\\\/www.fcbarcelonanoticias.com\\\/en\\\/\"},{\"@type\":\"ListItem\",\"position\":2,\"name\":\"Joan Laporta celebrates Bar\u00e7a&#8217;s return to Spotify Camp Nou and reveals details about phase 1C\"}]},{\"@type\":\"WebSite\",\"@id\":\"https:\\\/\\\/www.fcbarcelonanoticias.com\\\/en\\\/#website\",\"url\":\"https:\\\/\\\/www.fcbarcelonanoticias.com\\\/en\\\/\",\"name\":\"EN - FC Barcelona Noticias\",\"description\":\"\",\"potentialAction\":[{\"@type\":\"SearchAction\",\"target\":{\"@type\":\"EntryPoint\",\"urlTemplate\":\"https:\\\/\\\/www.fcbarcelonanoticias.com\\\/en\\\/?s={search_term_string}\"},\"query-input\":{\"@type\":\"PropertyValueSpecification\",\"valueRequired\":true,\"valueName\":\"search_term_string\"}}],\"inLanguage\":\"en-US\"},{\"@type\":\"Person\",\"@id\":\"https:\\\/\\\/www.fcbarcelonanoticias.com\\\/en\\\/#\\\/schema\\\/person\\\/c2cd9f6fa1af5c0d0eccd0fefa575c88\",\"name\":\"Andr\u00e9s Quiroz\",\"image\":{\"@type\":\"ImageObject\",\"inLanguage\":\"en-US\",\"@id\":\"https:\\\/\\\/secure.gravatar.com\\\/avatar\\\/?s=96&d=mm&r=g\",\"url\":\"https:\\\/\\\/secure.gravatar.com\\\/avatar\\\/?s=96&d=mm&r=g\",\"contentUrl\":\"https:\\\/\\\/secure.gravatar.com\\\/avatar\\\/?s=96&d=mm&r=g\",\"caption\":\"Andr\u00e9s Quiroz\"},\"description\":\"Licenciado en Periodismo por la Universidad de los Andes. Me encargo de analizar y compartir los contenidos m\u00e1s destacados de la\u00a0actualidad del F\u00fatbol Club Barcelona, Mercado de Fichajes y F\u00fatbol Internacional en FCBN. La informaci\u00f3n es poder, pero tambi\u00e9n conocimiento.\",\"url\":\"https:\\\/\\\/www.fcbarcelonanoticias.com\\\/en\\\/fc-barcelona\\\/andres-quiroz_17_115.html\"}]}<\/script>\n<!-- \/ Yoast SEO plugin. -->","yoast_head_json":{"title":"Joan Laporta provides details on phase 1C of the Camp Nou","description":"Joan Laporta spoke with 'RAC1' about the ticket prices for the Bar\u00e7a-Athletic match and the upcoming progress on the Spotify Camp Nou stadium works","robots":{"index":"index","follow":"follow","max-snippet":"max-snippet:-1","max-image-preview":"max-image-preview:large","max-video-preview":"max-video-preview:-1"},"canonical":"https:\/\/www.fcbarcelonanoticias.com\/en\/laliga\/joan-laporta-provides-details-on-phase-1c-of-spotify-camp-nou_315277_102.html","og_locale":"en_US","og_type":"article","og_title":"Joan Laporta provides details on phase 1C of the Camp Nou","og_description":"Joan Laporta spoke with 'RAC1' about the ticket prices for the Bar\u00e7a-Athletic match and the upcoming progress on the Spotify Camp Nou stadium works","og_url":"https:\/\/www.fcbarcelonanoticias.com\/en\/laliga\/joan-laporta-provides-details-on-phase-1c-of-spotify-camp-nou_315277_102.html","og_site_name":"EN - FC Barcelona Noticias","article_published_time":"2025-11-18T15:59:00+00:00","article_modified_time":"2026-04-09T13:40:53+00:00","og_image":[{"width":1200,"height":675,"url":"https:\/\/www.fcbarcelonanoticias.com\/en\/wp-content\/uploads\/sites\/2\/2025\/11\/joan-laporta-fc-barcelona-1.webp","type":"image\/webp"}],"author":"Andr\u00e9s Quiroz","twitter_card":"summary_large_image","twitter_misc":{"Written by":"Andr\u00e9s Quiroz","Est. reading time":"4 minutes"},"schema":{"@context":"https:\/\/schema.org","@graph":[{"@type":"Article","@id":"https:\/\/www.fcbarcelonanoticias.com\/en\/laliga\/joan-laporta-provides-details-on-phase-1c-of-spotify-camp-nou_315277_102.html#article","isPartOf":{"@id":"https:\/\/www.fcbarcelonanoticias.com\/en\/fc-barcelona\/joan-laporta-provides-details-on-phase-1c-of-spotify-camp-nou_315277_102.html"},"author":{"name":"Andr\u00e9s Quiroz","@id":"https:\/\/www.fcbarcelonanoticias.com\/en\/#\/schema\/person\/c2cd9f6fa1af5c0d0eccd0fefa575c88"},"headline":"Joan Laporta celebrates Bar\u00e7a&#8217;s return to Spotify Camp Nou and reveals details about phase 1C","datePublished":"2025-11-18T15:59:00+00:00","dateModified":"2026-04-09T13:40:53+00:00","mainEntityOfPage":{"@id":"https:\/\/www.fcbarcelonanoticias.com\/en\/fc-barcelona\/joan-laporta-provides-details-on-phase-1c-of-spotify-camp-nou_315277_102.html"},"wordCount":648,"commentCount":0,"image":{"@id":"https:\/\/www.fcbarcelonanoticias.com\/en\/laliga\/joan-laporta-provides-details-on-phase-1c-of-spotify-camp-nou_315277_102.html#primaryimage"},"thumbnailUrl":"https:\/\/www.fcbarcelonanoticias.com\/en\/wp-content\/uploads\/sites\/2\/2025\/11\/joan-laporta-fc-barcelona-1.webp","keywords":["Camp Nou","FC Barcelona vs Athletic Club","Joan Laporta","UEFA"],"articleSection":["FC Barcelona"],"inLanguage":"en-US","potentialAction":[{"@type":"CommentAction","name":"Comment","target":["https:\/\/www.fcbarcelonanoticias.com\/en\/laliga\/joan-laporta-provides-details-on-phase-1c-of-spotify-camp-nou_315277_102.html#respond"]}]},{"@type":"WebPage","@id":"https:\/\/www.fcbarcelonanoticias.com\/en\/fc-barcelona\/joan-laporta-provides-details-on-phase-1c-of-spotify-camp-nou_315277_102.html","url":"https:\/\/www.fcbarcelonanoticias.com\/en\/laliga\/joan-laporta-provides-details-on-phase-1c-of-spotify-camp-nou_315277_102.html","name":"Joan Laporta provides details on phase 1C of the Camp Nou","isPartOf":{"@id":"https:\/\/www.fcbarcelonanoticias.com\/en\/#website"},"primaryImageOfPage":{"@id":"https:\/\/www.fcbarcelonanoticias.com\/en\/laliga\/joan-laporta-provides-details-on-phase-1c-of-spotify-camp-nou_315277_102.html#primaryimage"},"image":{"@id":"https:\/\/www.fcbarcelonanoticias.com\/en\/laliga\/joan-laporta-provides-details-on-phase-1c-of-spotify-camp-nou_315277_102.html#primaryimage"},"thumbnailUrl":"https:\/\/www.fcbarcelonanoticias.com\/en\/wp-content\/uploads\/sites\/2\/2025\/11\/joan-laporta-fc-barcelona-1.webp","datePublished":"2025-11-18T15:59:00+00:00","dateModified":"2026-04-09T13:40:53+00:00","author":{"@id":"https:\/\/www.fcbarcelonanoticias.com\/en\/#\/schema\/person\/c2cd9f6fa1af5c0d0eccd0fefa575c88"},"description":"Joan Laporta spoke with 'RAC1' about the ticket prices for the Bar\u00e7a-Athletic match and the upcoming progress on the Spotify Camp Nou stadium works","breadcrumb":{"@id":"https:\/\/www.fcbarcelonanoticias.com\/en\/laliga\/joan-laporta-provides-details-on-phase-1c-of-spotify-camp-nou_315277_102.html#breadcrumb"},"inLanguage":"en-US","potentialAction":[{"@type":"ReadAction","target":["https:\/\/www.fcbarcelonanoticias.com\/en\/laliga\/joan-laporta-provides-details-on-phase-1c-of-spotify-camp-nou_315277_102.html"]}]},{"@type":"ImageObject","inLanguage":"en-US","@id":"https:\/\/www.fcbarcelonanoticias.com\/en\/laliga\/joan-laporta-provides-details-on-phase-1c-of-spotify-camp-nou_315277_102.html#primaryimage","url":"https:\/\/www.fcbarcelonanoticias.com\/en\/wp-content\/uploads\/sites\/2\/2025\/11\/joan-laporta-fc-barcelona-1.webp","contentUrl":"https:\/\/www.fcbarcelonanoticias.com\/en\/wp-content\/uploads\/sites\/2\/2025\/11\/joan-laporta-fc-barcelona-1.webp","width":1200,"height":675},{"@type":"BreadcrumbList","@id":"https:\/\/www.fcbarcelonanoticias.com\/en\/laliga\/joan-laporta-provides-details-on-phase-1c-of-spotify-camp-nou_315277_102.html#breadcrumb","itemListElement":[{"@type":"ListItem","position":1,"name":"Portada","item":"https:\/\/www.fcbarcelonanoticias.com\/en\/"},{"@type":"ListItem","position":2,"name":"Joan Laporta celebrates Bar\u00e7a&#8217;s return to Spotify Camp Nou and reveals details about phase 1C"}]},{"@type":"WebSite","@id":"https:\/\/www.fcbarcelonanoticias.com\/en\/#website","url":"https:\/\/www.fcbarcelonanoticias.com\/en\/","name":"EN - FC Barcelona Noticias","description":"","potentialAction":[{"@type":"SearchAction","target":{"@type":"EntryPoint","urlTemplate":"https:\/\/www.fcbarcelonanoticias.com\/en\/?s={search_term_string}"},"query-input":{"@type":"PropertyValueSpecification","valueRequired":true,"valueName":"search_term_string"}}],"inLanguage":"en-US"},{"@type":"Person","@id":"https:\/\/www.fcbarcelonanoticias.com\/en\/#\/schema\/person\/c2cd9f6fa1af5c0d0eccd0fefa575c88","name":"Andr\u00e9s Quiroz","image":{"@type":"ImageObject","inLanguage":"en-US","@id":"https:\/\/secure.gravatar.com\/avatar\/?s=96&d=mm&r=g","url":"https:\/\/secure.gravatar.com\/avatar\/?s=96&d=mm&r=g","contentUrl":"https:\/\/secure.gravatar.com\/avatar\/?s=96&d=mm&r=g","caption":"Andr\u00e9s Quiroz"},"description":"Licenciado en Periodismo por la Universidad de los Andes. Me encargo de analizar y compartir los contenidos m\u00e1s destacados de la\u00a0actualidad del F\u00fatbol Club Barcelona, Mercado de Fichajes y F\u00fatbol Internacional en FCBN. La informaci\u00f3n es poder, pero tambi\u00e9n conocimiento.","url":"https:\/\/www.fcbarcelonanoticias.com\/en\/fc-barcelona\/andres-quiroz_17_115.html"}]}},"_links":{"self":[{"href":"https:\/\/www.fcbarcelonanoticias.com\/en\/wp-json\/wp\/v2\/posts\/163362","targetHints":{"allow":["GET"]}}],"collection":[{"href":"https:\/\/www.fcbarcelonanoticias.com\/en\/wp-json\/wp\/v2\/posts"}],"about":[{"href":"https:\/\/www.fcbarcelonanoticias.com\/en\/wp-json\/wp\/v2\/types\/post"}],"author":[{"embeddable":true,"href":"https:\/\/www.fcbarcelonanoticias.com\/en\/wp-json\/wp\/v2\/users\/347"}],"replies":[{"embeddable":true,"href":"https:\/\/www.fcbarcelonanoticias.com\/en\/wp-json\/wp\/v2\/comments?post=163362"}],"version-history":[{"count":1,"href":"https:\/\/www.fcbarcelonanoticias.com\/en\/wp-json\/wp\/v2\/posts\/163362\/revisions"}],"predecessor-version":[{"id":163372,"href":"https:\/\/www.fcbarcelonanoticias.com\/en\/wp-json\/wp\/v2\/posts\/163362\/revisions\/163372"}],"wp:featuredmedia":[{"embeddable":true,"href":"https:\/\/www.fcbarcelonanoticias.com\/en\/wp-json\/wp\/v2\/media\/163363"}],"wp:attachment":[{"href":"https:\/\/www.fcbarcelonanoticias.com\/en\/wp-json\/wp\/v2\/media?parent=163362"}],"wp:term":[{"taxonomy":"category","embeddable":true,"href":"https:\/\/www.fcbarcelonanoticias.com\/en\/wp-json\/wp\/v2\/categories?post=163362"},{"taxonomy":"post_tag","embeddable":true,"href":"https:\/\/www.fcbarcelonanoticias.com\/en\/wp-json\/wp\/v2\/tags?post=163362"}],"curies":[{"name":"wp","href":"https:\/\/api.w.org\/{rel}","templated":true}]}}