{"id":163366,"date":"2025-11-13T17:43:00","date_gmt":"2025-11-13T16:43:00","guid":{"rendered":"https:\/\/www.fcbarcelonanoticias.com\/en\/pedri-shortens-recovery-timeline-with-barcelona_315257_102-3\/"},"modified":"2026-04-09T15:32:37","modified_gmt":"2026-04-09T13:32:37","slug":"pedri-shortens-recovery-timeline-with-barcelona_315257_102-3","status":"publish","type":"post","link":"https:\/\/www.fcbarcelonanoticias.com\/en\/fc-barcelona\/pedri-shortens-recovery-timeline-with-barcelona_315257_102.html","title":{"rendered":"Pedri shortens recovery timeline: when will he play for Bar\u00e7a again?"},"content":{"rendered":"<h2 class=\"wp-block-heading\">Bar\u00e7a could get Pedri back sooner than expected. The midfielder is recovering very well from his left thigh injury and could return in the last week of November<\/h2>\n<p>The <strong>FC Barcelona <\/strong>medical department could deliver excellent news next week. In addition to <a data-external=\"0\" data-intl-links-en=\"https:\/\/www.fcbarcelonanoticias.com\/en\/fc-barcelona\/joan-garcia-and-raphinha-two-highly-anticipated-arrivals-in-barcelona_315242_102.html\" data-intl-links-es=\"https:\/\/www.fcbarcelonanoticias.com\/fc-barcelona\/joan-garcia-raphinha-dos-altas-muy-esperadas-barcelona-tras-paron_315242_102.html\" href=\"https:\/\/www.fcbarcelonanoticias.com\/en\/fc-barcelona\/joan-garcia-and-raphinha-two-highly-anticipated-arrivals-in-barcelona_315242_102.html\" rel=\"follow\" target=\"_self\" title=\"Joan Garc\u00eda y Raphinha: dos altas muy esperadas en Barcelona tras el par\u00f3n\">Joan Garc\u00eda and Raphinha<\/a>, Hansi Flick could see <strong>Pedri Gonz\u00e1lez<\/strong> return around 15 days earlier than expected.<\/p>\n<p>According to &#8216;AS&#8217;, the midfielder is completing a record recovery from the tear of the distal biceps femoris in his left leg suffered after the Cl\u00e1sico against Real Madrid<\/p>\n<p>In principle, it was expected that the Tegueste player <strong>would be out for four to six weeks<\/strong> due to his first muscular injury in a year and a half. However, the work carried out in recent days has allowed the &#8216;8&#8217; to heal the affected area quickly. The coaching staff, however, does not plan to risk an early return for the 22-year-old footballer.<\/p>\n<h2>Pedri could be ready for Chelsea-Bar\u00e7a Champions League clash<\/h2>\n<p>And the information leaked by &#8216;AS&#8217; assures that Pedri could be medically cleared before the duel against Athletic, next Saturday, November 22. In that case, Flick could give him some minutes in the second half, perhaps thinking of returning him to the XI against Chelsea for matchday 5 of the Champions League (November 25).<\/p>\n<p>However, for the Tenerife-born player to return to the lineup in London, he would have to complete several full training sessions before and after the visit of Athletic. A scenario unthinkable just a week ago, when the absence of the midfielder was even feared for the league matches against Alav\u00e9s and Atl\u00e9tico de Madrid.<\/p>\n<p>In any case, the coaching staff will wait until the team returns to work with the entire group available mid-next week to determine **the return date and the work plan** to follow with Pedri<\/p>\n<h2>The technical staff will reinforce their care for the injured<\/h2>\n<p>Flick already had a bad experience with <a data-external=\"0\" data-intl-links-en=\"https:\/\/www.fcbarcelonanoticias.com\/en\/laliga\/clasico-injuries-raphinha-relapses-kounde-is-also-doubtful_315104_102.html\" data-intl-links-es=\"https:\/\/www.fcbarcelonanoticias.com\/laliga\/barca-aprietos-raphinha-recae-lesion-kounde-tambien-duda-clasico_315104_102.html\" href=\"https:\/\/www.fcbarcelonanoticias.com\/en\/laliga\/clasico-injuries-raphinha-relapses-kounde-is-also-doubtful_315104_102.html\" rel=\"follow\" target=\"_self\" title=\"El Bar\u00e7a en aprietos: Raphinha recae de su lesi\u00f3n y se pierde el cl\u00e1sico\">Raphinha<\/a> before the Cl\u00e1sico (the Brazilian relapsed from his right thigh injury before facing Real Madrid) and will not allow a similar scenario with the Blaugrana number 8. <a data-external=\"0\" data-intl-links-en=\"https:\/\/www.fcbarcelonanoticias.com\/en\/fc-barcelona\/marc-casado-scare-before-celta-barca-but-no-injury_315237_102.html\" data-intl-links-es=\"https:\/\/www.fcbarcelonanoticias.com\/fc-barcelona\/marc-casado-susto-antes-celta-barca-pero-sin-lesion_315237_102.html\" href=\"https:\/\/www.fcbarcelonanoticias.com\/en\/fc-barcelona\/marc-casado-scare-before-celta-barca-but-no-injury_315237_102.html\" rel=\"follow\" target=\"_self\" title=\"Marc Casad\u00f3: susto antes del Celta-Bar\u00e7a, pero sin lesi\u00f3n\">Marc Casad\u00f3<\/a> will continue to accompany **Frenkie de Jong** in midfield while the Canary Islander fully recovers.<\/p>\n<p>Against Athletic, however, Dani Olmo will have to play a bit deeper to cover for <a data-external=\"0\" data-intl-links-en=\"https:\/\/www.fcbarcelonanoticias.com\/en\/laliga\/frenkie-de-jong-to-miss-barca-athletic-match-due-to-suspension_315240_102.html\" data-intl-links-es=\"https:\/\/www.fcbarcelonanoticias.com\/laliga\/frenkie-de-jong-tercera-expulsion-con-barcelona-baja-athletic_315240_102.html\" href=\"https:\/\/www.fcbarcelonanoticias.com\/en\/laliga\/frenkie-de-jong-to-miss-barca-athletic-match-due-to-suspension_315240_102.html\" rel=\"follow\" target=\"_self\" title=\"Frenkie de Jong: tercera expulsi\u00f3n con el Barcelona y baja ante el Athletic\">Frenkie&#8217;s absence<\/a>, after his expulsion for a second yellow card against Celta. Marc Bernal, Eric Garc\u00eda, and even Andreas Christensen could help out in the pivot position if the coach deems it appropriate.<\/p>\n<ul>\n<li>At&nbsp;<strong>FC Barcelona News<\/strong>&nbsp;we tell you every detail of the blaugrana current events and the&nbsp;<strong><a data-external=\"0\" data-intl-links-en=\"https:\/\/www.fcbarcelonanoticias.com\/en\/tags\/injured\" data-intl-links-es=\"https:\/\/www.fcbarcelonanoticias.com\/tags\/lesionados\" href=\"https:\/\/www.fcbarcelonanoticias.com\/en\/tags\/injured.html\" rel=\"follow\" target=\"_self\" title=\"Injured\">evolution of all the injured<\/a><\/strong> <\/li>\n<\/ul>\n<h2>Pedri Opens Up About His Physical Condition and Relationship with Flick<\/h2>\n<div class=\"media media-image\" data-ck-asset-wrapper=\"\">\n<div class=\"media-item\"> <img loading=\"lazy\" decoding=\"async\" alt=\"Pedri greeting Hansi Flick in a Champions League match\" data-id=\"1530731\" data-resize=\"9\" height=\"563\" src=\"https:\/\/www.fcbarcelonanoticias.com\/uploads\/s1\/15\/30\/73\/2\/hansi-flick-pedri-fc-barcelona_9_1000x563.webp\" title=\"Pedri greeting Hansi Flick in a Champions League match\" width=\"1000\"><\/p>\n<div class=\"media-title\">Pedri greeting Hansi Flick in a Champions League match<\/div>\n<\/p><\/div>\n<\/p><\/div>\n<p>Thus, Pedri faces the final stretch of his recovery with renewed spirits and the confidence to continue leading the Bar\u00e7a midfield. In 25\/26, the 22-year-old player <strong>has a couple of goals and assists in 13 games (1,099 minutes)<\/strong> with Bar\u00e7a. Before getting injured, the &#8216;8&#8217; started every game.<\/p>\n<p>In an interview for the 126th edition of &#8216;<strong>Bar\u00e7a Magazine<\/strong>&#8216;, the midfielder stated that he has &#8220;<strong>learned to control my body and to know what it needs at all times. Injuries are tough, but they teach you to value what you have<\/strong>,&#8221; the Spanish international pointed out.<\/p>\n<p>Between 2021 and 2024, Pedri suffered nine muscle injuries. After Hansi Flick&#8217;s arrival, the player from Tenerife overcame his continuous relapses. In this regard, he valued his relationship with the manager, as well as Ronald Koeman&#8217;s contribution to his growth as a player at Barcelona.<\/p>\n<p>&#8220;I will always be grateful to Koeman because he gave me my debut, trusting me when I was nobody. <strong>Xavi helped us revive the excitement, winning a league title that no one expected.<\/strong> He is also a club legend who helped us a lot and trusted young players. And with Flick, <strong>we have taken another step forward in terms of competitiveness<\/strong>, to try to fight for all the titles,&#8221; he argued<\/p>\n<blockquote>\n<p>&#8220;Flick has that characteristic German seriousness. He&#8217;s serious when he needs to be, and when it&#8217;s time to laugh, he makes us laugh a lot. He usually takes things calmly, but it&#8217;s better not to make him angry&#8221;<\/p>\n<\/blockquote>\n<ul>\n<li>\ud83d\udc49Consult more FC Barcelona news in our section dedicated to&nbsp;<strong><a data-external=\"0\" data-intl-links-en=\"https:\/\/www.fcbarcelonanoticias.com\/en\/fc-barcelona\" data-intl-links-es=\"https:\/\/www.fcbarcelonanoticias.com\/fc-barcelona\" href=\"https:\/\/www.fcbarcelonanoticias.com\/en\/football-soccer\/fc-barcelona.html\" rel=\"follow\" target=\"_self\" title=\"FC Barcelona\">Football Club Barcelona<\/a><\/strong>.<\/li>\n<\/ul>\n","protected":false},"excerpt":{"rendered":"<p>Bar\u00e7a could get Pedri back sooner than expected. The midfielder is recovering very well from his left thigh injury and could return in the last week of November The FC Barcelona medical department could deliver excellent news next week. In addition to Joan Garc\u00eda and Raphinha, Hansi Flick could see Pedri Gonz\u00e1lez return around 15 [&hellip;]<\/p>\n","protected":false},"author":347,"featured_media":163367,"comment_status":"open","ping_status":"open","sticky":false,"template":"","format":"standard","meta":{"_acf_changed":false,"inline_featured_image":false,"_nextfly_llmd_date_locked":false,"footnotes":""},"categories":[111],"tags":[87,136,149],"class_list":["post-163366","post","type-post","status-publish","format-standard","has-post-thumbnail","hentry","category-fc-barcelona","tag-hansi-flick","tag-injured","tag-pedri"],"acf":[],"yoast_head":"<!-- This site is optimized with the Yoast SEO plugin v27.3 - https:\/\/yoast.com\/product\/yoast-seo-wordpress\/ -->\n<title>Pedri shortens recovery timeline with Barcelona<\/title>\n<meta name=\"description\" content=\"Pedri is recovering very well from his left thigh injury and could return to play in the last week of November with Bar\u00e7a\" \/>\n<meta name=\"robots\" content=\"index, follow, max-snippet:-1, max-image-preview:large, max-video-preview:-1\" \/>\n<link rel=\"canonical\" href=\"https:\/\/www.fcbarcelonanoticias.com\/en\/transfers\/pedri-shortens-recovery-timeline-with-barcelona_315257_102.html\" \/>\n<meta property=\"og:locale\" content=\"en_US\" \/>\n<meta property=\"og:type\" content=\"article\" \/>\n<meta property=\"og:title\" content=\"Pedri shortens recovery timeline with Barcelona\" \/>\n<meta property=\"og:description\" content=\"Pedri is recovering very well from his left thigh injury and could return to play in the last week of November with Bar\u00e7a\" \/>\n<meta property=\"og:url\" content=\"https:\/\/www.fcbarcelonanoticias.com\/en\/transfers\/pedri-shortens-recovery-timeline-with-barcelona_315257_102.html\" \/>\n<meta property=\"og:site_name\" content=\"EN - FC Barcelona Noticias\" \/>\n<meta property=\"article:published_time\" content=\"2025-11-13T16:43:00+00:00\" \/>\n<meta property=\"article:modified_time\" content=\"2026-04-09T13:32:37+00:00\" \/>\n<meta property=\"og:image\" content=\"https:\/\/www.fcbarcelonanoticias.com\/en\/wp-content\/uploads\/sites\/2\/2025\/11\/pedri-v-real-madrid-clasico-laliga-2.webp\" \/>\n\t<meta property=\"og:image:width\" content=\"1200\" \/>\n\t<meta property=\"og:image:height\" content=\"675\" \/>\n\t<meta property=\"og:image:type\" content=\"image\/webp\" \/>\n<meta name=\"author\" content=\"Andr\u00e9s Quiroz\" \/>\n<meta name=\"twitter:card\" content=\"summary_large_image\" \/>\n<meta name=\"twitter:label1\" content=\"Written by\" \/>\n\t<meta name=\"twitter:data1\" content=\"Andr\u00e9s Quiroz\" \/>\n\t<meta name=\"twitter:label2\" content=\"Est. reading time\" \/>\n\t<meta name=\"twitter:data2\" content=\"4 minutes\" \/>\n<script type=\"application\/ld+json\" class=\"yoast-schema-graph\">{\"@context\":\"https:\\\/\\\/schema.org\",\"@graph\":[{\"@type\":\"Article\",\"@id\":\"https:\\\/\\\/www.fcbarcelonanoticias.com\\\/en\\\/transfers\\\/pedri-shortens-recovery-timeline-with-barcelona_315257_102.html#article\",\"isPartOf\":{\"@id\":\"https:\\\/\\\/www.fcbarcelonanoticias.com\\\/en\\\/fc-barcelona\\\/pedri-shortens-recovery-timeline-with-barcelona_315257_102.html\"},\"author\":{\"name\":\"Andr\u00e9s Quiroz\",\"@id\":\"https:\\\/\\\/www.fcbarcelonanoticias.com\\\/en\\\/#\\\/schema\\\/person\\\/c2cd9f6fa1af5c0d0eccd0fefa575c88\"},\"headline\":\"Pedri shortens recovery timeline: when will he play for Bar\u00e7a again?\",\"datePublished\":\"2025-11-13T16:43:00+00:00\",\"dateModified\":\"2026-04-09T13:32:37+00:00\",\"mainEntityOfPage\":{\"@id\":\"https:\\\/\\\/www.fcbarcelonanoticias.com\\\/en\\\/fc-barcelona\\\/pedri-shortens-recovery-timeline-with-barcelona_315257_102.html\"},\"wordCount\":737,\"commentCount\":0,\"image\":{\"@id\":\"https:\\\/\\\/www.fcbarcelonanoticias.com\\\/en\\\/transfers\\\/pedri-shortens-recovery-timeline-with-barcelona_315257_102.html#primaryimage\"},\"thumbnailUrl\":\"https:\\\/\\\/www.fcbarcelonanoticias.com\\\/en\\\/wp-content\\\/uploads\\\/sites\\\/2\\\/2025\\\/11\\\/pedri-v-real-madrid-clasico-laliga-2.webp\",\"keywords\":[\"Hansi Flick\",\"injured\",\"Pedri\"],\"articleSection\":[\"FC Barcelona\"],\"inLanguage\":\"en-US\",\"potentialAction\":[{\"@type\":\"CommentAction\",\"name\":\"Comment\",\"target\":[\"https:\\\/\\\/www.fcbarcelonanoticias.com\\\/en\\\/transfers\\\/pedri-shortens-recovery-timeline-with-barcelona_315257_102.html#respond\"]}]},{\"@type\":\"WebPage\",\"@id\":\"https:\\\/\\\/www.fcbarcelonanoticias.com\\\/en\\\/fc-barcelona\\\/pedri-shortens-recovery-timeline-with-barcelona_315257_102.html\",\"url\":\"https:\\\/\\\/www.fcbarcelonanoticias.com\\\/en\\\/transfers\\\/pedri-shortens-recovery-timeline-with-barcelona_315257_102.html\",\"name\":\"Pedri shortens recovery timeline with Barcelona\",\"isPartOf\":{\"@id\":\"https:\\\/\\\/www.fcbarcelonanoticias.com\\\/en\\\/#website\"},\"primaryImageOfPage\":{\"@id\":\"https:\\\/\\\/www.fcbarcelonanoticias.com\\\/en\\\/transfers\\\/pedri-shortens-recovery-timeline-with-barcelona_315257_102.html#primaryimage\"},\"image\":{\"@id\":\"https:\\\/\\\/www.fcbarcelonanoticias.com\\\/en\\\/transfers\\\/pedri-shortens-recovery-timeline-with-barcelona_315257_102.html#primaryimage\"},\"thumbnailUrl\":\"https:\\\/\\\/www.fcbarcelonanoticias.com\\\/en\\\/wp-content\\\/uploads\\\/sites\\\/2\\\/2025\\\/11\\\/pedri-v-real-madrid-clasico-laliga-2.webp\",\"datePublished\":\"2025-11-13T16:43:00+00:00\",\"dateModified\":\"2026-04-09T13:32:37+00:00\",\"author\":{\"@id\":\"https:\\\/\\\/www.fcbarcelonanoticias.com\\\/en\\\/#\\\/schema\\\/person\\\/c2cd9f6fa1af5c0d0eccd0fefa575c88\"},\"description\":\"Pedri is recovering very well from his left thigh injury and could return to play in the last week of November with Bar\u00e7a\",\"breadcrumb\":{\"@id\":\"https:\\\/\\\/www.fcbarcelonanoticias.com\\\/en\\\/transfers\\\/pedri-shortens-recovery-timeline-with-barcelona_315257_102.html#breadcrumb\"},\"inLanguage\":\"en-US\",\"potentialAction\":[{\"@type\":\"ReadAction\",\"target\":[\"https:\\\/\\\/www.fcbarcelonanoticias.com\\\/en\\\/transfers\\\/pedri-shortens-recovery-timeline-with-barcelona_315257_102.html\"]}]},{\"@type\":\"ImageObject\",\"inLanguage\":\"en-US\",\"@id\":\"https:\\\/\\\/www.fcbarcelonanoticias.com\\\/en\\\/transfers\\\/pedri-shortens-recovery-timeline-with-barcelona_315257_102.html#primaryimage\",\"url\":\"https:\\\/\\\/www.fcbarcelonanoticias.com\\\/en\\\/wp-content\\\/uploads\\\/sites\\\/2\\\/2025\\\/11\\\/pedri-v-real-madrid-clasico-laliga-2.webp\",\"contentUrl\":\"https:\\\/\\\/www.fcbarcelonanoticias.com\\\/en\\\/wp-content\\\/uploads\\\/sites\\\/2\\\/2025\\\/11\\\/pedri-v-real-madrid-clasico-laliga-2.webp\",\"width\":1200,\"height\":675},{\"@type\":\"BreadcrumbList\",\"@id\":\"https:\\\/\\\/www.fcbarcelonanoticias.com\\\/en\\\/transfers\\\/pedri-shortens-recovery-timeline-with-barcelona_315257_102.html#breadcrumb\",\"itemListElement\":[{\"@type\":\"ListItem\",\"position\":1,\"name\":\"Portada\",\"item\":\"https:\\\/\\\/www.fcbarcelonanoticias.com\\\/en\\\/\"},{\"@type\":\"ListItem\",\"position\":2,\"name\":\"Pedri shortens recovery timeline: when will he play for Bar\u00e7a again?\"}]},{\"@type\":\"WebSite\",\"@id\":\"https:\\\/\\\/www.fcbarcelonanoticias.com\\\/en\\\/#website\",\"url\":\"https:\\\/\\\/www.fcbarcelonanoticias.com\\\/en\\\/\",\"name\":\"EN - FC Barcelona Noticias\",\"description\":\"\",\"potentialAction\":[{\"@type\":\"SearchAction\",\"target\":{\"@type\":\"EntryPoint\",\"urlTemplate\":\"https:\\\/\\\/www.fcbarcelonanoticias.com\\\/en\\\/?s={search_term_string}\"},\"query-input\":{\"@type\":\"PropertyValueSpecification\",\"valueRequired\":true,\"valueName\":\"search_term_string\"}}],\"inLanguage\":\"en-US\"},{\"@type\":\"Person\",\"@id\":\"https:\\\/\\\/www.fcbarcelonanoticias.com\\\/en\\\/#\\\/schema\\\/person\\\/c2cd9f6fa1af5c0d0eccd0fefa575c88\",\"name\":\"Andr\u00e9s Quiroz\",\"image\":{\"@type\":\"ImageObject\",\"inLanguage\":\"en-US\",\"@id\":\"https:\\\/\\\/secure.gravatar.com\\\/avatar\\\/?s=96&d=mm&r=g\",\"url\":\"https:\\\/\\\/secure.gravatar.com\\\/avatar\\\/?s=96&d=mm&r=g\",\"contentUrl\":\"https:\\\/\\\/secure.gravatar.com\\\/avatar\\\/?s=96&d=mm&r=g\",\"caption\":\"Andr\u00e9s Quiroz\"},\"description\":\"Licenciado en Periodismo por la Universidad de los Andes. Me encargo de analizar y compartir los contenidos m\u00e1s destacados de la\u00a0actualidad del F\u00fatbol Club Barcelona, Mercado de Fichajes y F\u00fatbol Internacional en FCBN. La informaci\u00f3n es poder, pero tambi\u00e9n conocimiento.\",\"url\":\"https:\\\/\\\/www.fcbarcelonanoticias.com\\\/en\\\/fc-barcelona\\\/andres-quiroz_17_115.html\"}]}<\/script>\n<!-- \/ Yoast SEO plugin. -->","yoast_head_json":{"title":"Pedri shortens recovery timeline with Barcelona","description":"Pedri is recovering very well from his left thigh injury and could return to play in the last week of November with Bar\u00e7a","robots":{"index":"index","follow":"follow","max-snippet":"max-snippet:-1","max-image-preview":"max-image-preview:large","max-video-preview":"max-video-preview:-1"},"canonical":"https:\/\/www.fcbarcelonanoticias.com\/en\/transfers\/pedri-shortens-recovery-timeline-with-barcelona_315257_102.html","og_locale":"en_US","og_type":"article","og_title":"Pedri shortens recovery timeline with Barcelona","og_description":"Pedri is recovering very well from his left thigh injury and could return to play in the last week of November with Bar\u00e7a","og_url":"https:\/\/www.fcbarcelonanoticias.com\/en\/transfers\/pedri-shortens-recovery-timeline-with-barcelona_315257_102.html","og_site_name":"EN - FC Barcelona Noticias","article_published_time":"2025-11-13T16:43:00+00:00","article_modified_time":"2026-04-09T13:32:37+00:00","og_image":[{"width":1200,"height":675,"url":"https:\/\/www.fcbarcelonanoticias.com\/en\/wp-content\/uploads\/sites\/2\/2025\/11\/pedri-v-real-madrid-clasico-laliga-2.webp","type":"image\/webp"}],"author":"Andr\u00e9s Quiroz","twitter_card":"summary_large_image","twitter_misc":{"Written by":"Andr\u00e9s Quiroz","Est. reading time":"4 minutes"},"schema":{"@context":"https:\/\/schema.org","@graph":[{"@type":"Article","@id":"https:\/\/www.fcbarcelonanoticias.com\/en\/transfers\/pedri-shortens-recovery-timeline-with-barcelona_315257_102.html#article","isPartOf":{"@id":"https:\/\/www.fcbarcelonanoticias.com\/en\/fc-barcelona\/pedri-shortens-recovery-timeline-with-barcelona_315257_102.html"},"author":{"name":"Andr\u00e9s Quiroz","@id":"https:\/\/www.fcbarcelonanoticias.com\/en\/#\/schema\/person\/c2cd9f6fa1af5c0d0eccd0fefa575c88"},"headline":"Pedri shortens recovery timeline: when will he play for Bar\u00e7a again?","datePublished":"2025-11-13T16:43:00+00:00","dateModified":"2026-04-09T13:32:37+00:00","mainEntityOfPage":{"@id":"https:\/\/www.fcbarcelonanoticias.com\/en\/fc-barcelona\/pedri-shortens-recovery-timeline-with-barcelona_315257_102.html"},"wordCount":737,"commentCount":0,"image":{"@id":"https:\/\/www.fcbarcelonanoticias.com\/en\/transfers\/pedri-shortens-recovery-timeline-with-barcelona_315257_102.html#primaryimage"},"thumbnailUrl":"https:\/\/www.fcbarcelonanoticias.com\/en\/wp-content\/uploads\/sites\/2\/2025\/11\/pedri-v-real-madrid-clasico-laliga-2.webp","keywords":["Hansi Flick","injured","Pedri"],"articleSection":["FC Barcelona"],"inLanguage":"en-US","potentialAction":[{"@type":"CommentAction","name":"Comment","target":["https:\/\/www.fcbarcelonanoticias.com\/en\/transfers\/pedri-shortens-recovery-timeline-with-barcelona_315257_102.html#respond"]}]},{"@type":"WebPage","@id":"https:\/\/www.fcbarcelonanoticias.com\/en\/fc-barcelona\/pedri-shortens-recovery-timeline-with-barcelona_315257_102.html","url":"https:\/\/www.fcbarcelonanoticias.com\/en\/transfers\/pedri-shortens-recovery-timeline-with-barcelona_315257_102.html","name":"Pedri shortens recovery timeline with Barcelona","isPartOf":{"@id":"https:\/\/www.fcbarcelonanoticias.com\/en\/#website"},"primaryImageOfPage":{"@id":"https:\/\/www.fcbarcelonanoticias.com\/en\/transfers\/pedri-shortens-recovery-timeline-with-barcelona_315257_102.html#primaryimage"},"image":{"@id":"https:\/\/www.fcbarcelonanoticias.com\/en\/transfers\/pedri-shortens-recovery-timeline-with-barcelona_315257_102.html#primaryimage"},"thumbnailUrl":"https:\/\/www.fcbarcelonanoticias.com\/en\/wp-content\/uploads\/sites\/2\/2025\/11\/pedri-v-real-madrid-clasico-laliga-2.webp","datePublished":"2025-11-13T16:43:00+00:00","dateModified":"2026-04-09T13:32:37+00:00","author":{"@id":"https:\/\/www.fcbarcelonanoticias.com\/en\/#\/schema\/person\/c2cd9f6fa1af5c0d0eccd0fefa575c88"},"description":"Pedri is recovering very well from his left thigh injury and could return to play in the last week of November with Bar\u00e7a","breadcrumb":{"@id":"https:\/\/www.fcbarcelonanoticias.com\/en\/transfers\/pedri-shortens-recovery-timeline-with-barcelona_315257_102.html#breadcrumb"},"inLanguage":"en-US","potentialAction":[{"@type":"ReadAction","target":["https:\/\/www.fcbarcelonanoticias.com\/en\/transfers\/pedri-shortens-recovery-timeline-with-barcelona_315257_102.html"]}]},{"@type":"ImageObject","inLanguage":"en-US","@id":"https:\/\/www.fcbarcelonanoticias.com\/en\/transfers\/pedri-shortens-recovery-timeline-with-barcelona_315257_102.html#primaryimage","url":"https:\/\/www.fcbarcelonanoticias.com\/en\/wp-content\/uploads\/sites\/2\/2025\/11\/pedri-v-real-madrid-clasico-laliga-2.webp","contentUrl":"https:\/\/www.fcbarcelonanoticias.com\/en\/wp-content\/uploads\/sites\/2\/2025\/11\/pedri-v-real-madrid-clasico-laliga-2.webp","width":1200,"height":675},{"@type":"BreadcrumbList","@id":"https:\/\/www.fcbarcelonanoticias.com\/en\/transfers\/pedri-shortens-recovery-timeline-with-barcelona_315257_102.html#breadcrumb","itemListElement":[{"@type":"ListItem","position":1,"name":"Portada","item":"https:\/\/www.fcbarcelonanoticias.com\/en\/"},{"@type":"ListItem","position":2,"name":"Pedri shortens recovery timeline: when will he play for Bar\u00e7a again?"}]},{"@type":"WebSite","@id":"https:\/\/www.fcbarcelonanoticias.com\/en\/#website","url":"https:\/\/www.fcbarcelonanoticias.com\/en\/","name":"EN - FC Barcelona Noticias","description":"","potentialAction":[{"@type":"SearchAction","target":{"@type":"EntryPoint","urlTemplate":"https:\/\/www.fcbarcelonanoticias.com\/en\/?s={search_term_string}"},"query-input":{"@type":"PropertyValueSpecification","valueRequired":true,"valueName":"search_term_string"}}],"inLanguage":"en-US"},{"@type":"Person","@id":"https:\/\/www.fcbarcelonanoticias.com\/en\/#\/schema\/person\/c2cd9f6fa1af5c0d0eccd0fefa575c88","name":"Andr\u00e9s Quiroz","image":{"@type":"ImageObject","inLanguage":"en-US","@id":"https:\/\/secure.gravatar.com\/avatar\/?s=96&d=mm&r=g","url":"https:\/\/secure.gravatar.com\/avatar\/?s=96&d=mm&r=g","contentUrl":"https:\/\/secure.gravatar.com\/avatar\/?s=96&d=mm&r=g","caption":"Andr\u00e9s Quiroz"},"description":"Licenciado en Periodismo por la Universidad de los Andes. Me encargo de analizar y compartir los contenidos m\u00e1s destacados de la\u00a0actualidad del F\u00fatbol Club Barcelona, Mercado de Fichajes y F\u00fatbol Internacional en FCBN. La informaci\u00f3n es poder, pero tambi\u00e9n conocimiento.","url":"https:\/\/www.fcbarcelonanoticias.com\/en\/fc-barcelona\/andres-quiroz_17_115.html"}]}},"_links":{"self":[{"href":"https:\/\/www.fcbarcelonanoticias.com\/en\/wp-json\/wp\/v2\/posts\/163366","targetHints":{"allow":["GET"]}}],"collection":[{"href":"https:\/\/www.fcbarcelonanoticias.com\/en\/wp-json\/wp\/v2\/posts"}],"about":[{"href":"https:\/\/www.fcbarcelonanoticias.com\/en\/wp-json\/wp\/v2\/types\/post"}],"author":[{"embeddable":true,"href":"https:\/\/www.fcbarcelonanoticias.com\/en\/wp-json\/wp\/v2\/users\/347"}],"replies":[{"embeddable":true,"href":"https:\/\/www.fcbarcelonanoticias.com\/en\/wp-json\/wp\/v2\/comments?post=163366"}],"version-history":[{"count":1,"href":"https:\/\/www.fcbarcelonanoticias.com\/en\/wp-json\/wp\/v2\/posts\/163366\/revisions"}],"predecessor-version":[{"id":163377,"href":"https:\/\/www.fcbarcelonanoticias.com\/en\/wp-json\/wp\/v2\/posts\/163366\/revisions\/163377"}],"wp:featuredmedia":[{"embeddable":true,"href":"https:\/\/www.fcbarcelonanoticias.com\/en\/wp-json\/wp\/v2\/media\/163367"}],"wp:attachment":[{"href":"https:\/\/www.fcbarcelonanoticias.com\/en\/wp-json\/wp\/v2\/media?parent=163366"}],"wp:term":[{"taxonomy":"category","embeddable":true,"href":"https:\/\/www.fcbarcelonanoticias.com\/en\/wp-json\/wp\/v2\/categories?post=163366"},{"taxonomy":"post_tag","embeddable":true,"href":"https:\/\/www.fcbarcelonanoticias.com\/en\/wp-json\/wp\/v2\/tags?post=163366"}],"curies":[{"name":"wp","href":"https:\/\/api.w.org\/{rel}","templated":true}]}}