{"id":163433,"date":"2025-11-15T01:36:00","date_gmt":"2025-11-15T00:36:00","guid":{"rendered":"https:\/\/www.fcbarcelonanoticias.com\/en\/javier-clemente-lamine-yamal-won-last-long-at-the-elite-level_315270_102-6\/"},"modified":"2026-04-09T15:00:03","modified_gmt":"2026-04-09T13:00:03","slug":"javier-clemente-lamine-yamal-won-last-long-at-the-elite-level_315270_102-6","status":"publish","type":"post","link":"https:\/\/www.fcbarcelonanoticias.com\/en\/superliga\/javier-clemente-lamine-yamal-won-last-long-at-the-elite-level_315270_102.html","title":{"rendered":"The surprising forecast of a former Spain coach about Lamine Yamal"},"content":{"rendered":"<h2 class=\"wp-block-heading\">Not everyone is praising Lamine Yamal in Spanish football. The former &#8216;La Roja&#8217; coach, Javier Clemente, had a jab at the Bar\u00e7a winger regarding his behavior off the field<\/h2>\n<p>Former Spanish national team coach <strong>Javier Clemente<\/strong>, at 75 years old, remains very attentive to current Spanish football events. Retired from the sidelines since 2022, the Vizcaya native surprised by discussing <strong>Lamine Yamal<\/strong> and what his career with <strong>FC Barcelona<\/strong> and &#8216;La Roja&#8217; could be.<\/p>\n<p>True to his custom, Clemente did not hesitate to make a controversial prediction about the future of the player from Matar\u00f3. In an interview for the program &#8216;Qu\u00e8 T&#8217;hi Jugues&#8217; on the &#8216;SER&#8217; network, he assured that **Lamine must be much more professional off the field** if he intends to have a career commensurate with his talent and potential.<\/p>\n<p>&#8220;As a player he is very good, but the problem is that, if he doesn&#8217;t behave correctly as an athlete in his personal life, he won&#8217;t last long. That&#8217;s clear. They won&#8217;t allow it,&#8221; began the former coach of Spain and Athletic Club, among many other clubs and national teams.<\/p>\n<h2>Javier Clemente believes Lamine Yamal must change to succeed at the elite level<\/h2>\n<p>In this regard, the Bilbao-born coach, who managed the national team in **the 1994 and 1998 World Cups**, criticized the controversies surrounding the private life of the Blaugrana&#8217;s &#8217;10&#8217;, as well as the management of the <a data-external=\"0\" data-intl-links-en=\"https:\/\/www.fcbarcelonanoticias.com\/en\/fc-barcelona\/lamine-returns-to-barcelona-to-undergo-radiofrequency-treatment_315245_102.html\" data-intl-links-es=\"https:\/\/www.fcbarcelonanoticias.com\/fc-barcelona\/lamine-yamal-regresa-barcelona-continuar-tratamiento-contra-pubalgia_315245_102.html\" href=\"https:\/\/www.fcbarcelonanoticias.com\/en\/transfers\/lamine-returns-to-barcelona-to-undergo-radiofrequency-treatment_315245_102.html\" rel=\"follow\" target=\"_self\" title=\"Lamine Yamal regresa a Barcelona para continuar su tratamiento contra la pubalgia\">pubalgia<\/a> that has affected him in the last two months.<\/p>\n<p>For Clemente, situations like his most recent <a data-external=\"0\" data-intl-links-en=\"https:\/\/www.fcbarcelonanoticias.com\/en\/fc-barcelona\/lamine-yamal-de-selected-the-rfef-criticizes-barca_315243_102.html\" data-intl-links-es=\"https:\/\/www.fcbarcelonanoticias.com\/fc-barcelona\/lamine-yamal-desconvocado-con-seleccion-rfef-carga-contra-barcelona_315243_102.html\" href=\"https:\/\/www.fcbarcelonanoticias.com\/en\/fc-barcelona\/lamine-yamal-de-selected-the-rfef-criticizes-barca_315243_102.html\" rel=\"follow\" target=\"_self\" title=\"Lamine Yamal, desconvocado con la Selecci\u00f3n: la RFEF carga contra el FC Barcelona\">withdrawal from Spain<\/a> &#8220;do not benefit&#8221; Yamal in any way, who, moreover, opponents are gradually finding ways to neutralize on the field<\/p>\n<div class=\"media media-image\" data-ck-asset-wrapper=\"\">\n<div class=\"media-item\"> <img loading=\"lazy\" decoding=\"async\" alt=\"Lamine Yamal, deconvocado: la RFEF carga contra el FC Barcelona\" data-id=\"1530513\" data-resize=\"9\" height=\"563\" src=\"https:\/\/www.fcbarcelonanoticias.com\/uploads\/s1\/15\/30\/51\/4\/lamine-yamal-baja-espana-lesion_9_1000x563.webp\" title=\"Lamine Yamal, deconvocado: la RFEF carga contra el FC Barcelona\" width=\"1000\"><\/p>\n<div class=\"media-title\">Lamine Yamal, deconvocado: la RFEF carga contra el FC Barcelona<\/div>\n<\/p><\/div>\n<\/p><\/div>\n<p>&#8220;<strong>He does brilliant things, but<\/strong>&nbsp;<strong>opponents already know how he plays<\/strong>, they know how to read him. They know he&#8217;s one of those players you can&#8217;t let play because he has so much quality that he can do many things,&#8221; said the experienced Basque coach.He added: &#8220;<strong>He will have very special marking and surveillance. If he doesn&#8217;t change, he won&#8217;t be as flashy as what we&#8217;ve seen so far<\/strong>,&#8221; pointed out Clemente, who has a modest track record in his almost five decades on the sidelines (he won four titles with Athletic between 1983 and 1984).<\/p>\n<p>Lamine, for his part, has just won two Kopa Trophies and was runner-up in the 2025 Ballon d&#8217;Or before turning 18, in addition to winning a domestic treble with Bar\u00e7a and the European Championship with Spain, being a key player and undisputed starter. His meteoric rise to stardom, logically, must deserve some criticism, however far-fetched it may seem.<\/p>\n<h2>Javier Clemente&#8217;s advice to Bar\u00e7a and the National Team regarding the &#8216;Lamine case&#8217;<\/h2>\n<p>Regarding the tensions between Bar\u00e7a and the National Team over Lamine Yamal&#8217;s physical condition and his recent call-ups with &#8216;La Roja,&#8217; Javier Clemente called to &#8220;<strong>avoid cockfights<\/strong>&#8221; and manage everything related to the Matar\u00f3 player&#8217;s injury with greater prudence.<\/p>\n<p>&#8220;It has to be handled differently. **Neither Bar\u00e7a nor the Federation should confront each other, nor the Federation Bar\u00e7a**. Nor the coach (Luis de la Fuente). That has to be dealt with internally,&#8221; explained the Basque.<\/p>\n<p>Lamine was withdrawn from the Spanish squad in October and November due to his pubic discomfort. The winger&#8217;s injury worsened, precisely, after the September FIFA date, where the forward started in both matches despite complaining of muscle discomfort<\/p>\n","protected":false},"excerpt":{"rendered":"<p>Not everyone is praising Lamine Yamal in Spanish football. The former &#8216;La Roja&#8217; coach, Javier Clemente, had a jab at the Bar\u00e7a winger regarding his behavior off the field Former Spanish national team coach Javier Clemente, at 75 years old, remains very attentive to current Spanish football events. Retired from the sidelines since 2022, the [&hellip;]<\/p>\n","protected":false},"author":347,"featured_media":163434,"comment_status":"open","ping_status":"open","sticky":false,"template":"","format":"standard","meta":{"_acf_changed":false,"inline_featured_image":false,"_nextfly_llmd_date_locked":false,"footnotes":""},"categories":[111],"tags":[147],"class_list":["post-163433","post","type-post","status-publish","format-standard","has-post-thumbnail","hentry","category-fc-barcelona","tag-lamine-yamal"],"acf":[],"yoast_head":"<!-- This site is optimized with the Yoast SEO plugin v27.3 - https:\/\/yoast.com\/product\/yoast-seo-wordpress\/ -->\n<title>Javier Clemente: Lamine Yamal &quot;won&#039;t last long&quot; at the elite level<\/title>\n<meta name=\"description\" content=\"Not all praise is for Lamine Yamal in Spanish football. The former coach of La Roja, Javier Clemente, delivered a surprising blow to the Bar\u00e7a winger\" \/>\n<meta name=\"robots\" content=\"index, follow, max-snippet:-1, max-image-preview:large, max-video-preview:-1\" \/>\n<link rel=\"canonical\" href=\"https:\/\/www.fcbarcelonanoticias.com\/en\/champions-league\/javier-clemente-lamine-yamal-won-last-long-at-the-elite-level_315270_102.html\" \/>\n<meta property=\"og:locale\" content=\"en_US\" \/>\n<meta property=\"og:type\" content=\"article\" \/>\n<meta property=\"og:title\" content=\"Javier Clemente: Lamine Yamal &quot;won&#039;t last long&quot; at the elite level\" \/>\n<meta property=\"og:description\" content=\"Not all praise is for Lamine Yamal in Spanish football. The former coach of La Roja, Javier Clemente, delivered a surprising blow to the Bar\u00e7a winger\" \/>\n<meta property=\"og:url\" content=\"https:\/\/www.fcbarcelonanoticias.com\/en\/champions-league\/javier-clemente-lamine-yamal-won-last-long-at-the-elite-level_315270_102.html\" \/>\n<meta property=\"og:site_name\" content=\"EN - FC Barcelona Noticias\" \/>\n<meta property=\"article:published_time\" content=\"2025-11-15T00:36:00+00:00\" \/>\n<meta property=\"article:modified_time\" content=\"2026-04-09T13:00:03+00:00\" \/>\n<meta property=\"og:image\" content=\"https:\/\/www.fcbarcelonanoticias.com\/en\/wp-content\/uploads\/sites\/2\/2025\/11\/lamine-yamal-hansi-flick-25-26-5.webp\" \/>\n\t<meta property=\"og:image:width\" content=\"1200\" \/>\n\t<meta property=\"og:image:height\" content=\"675\" \/>\n\t<meta property=\"og:image:type\" content=\"image\/webp\" \/>\n<meta name=\"author\" content=\"Andr\u00e9s Quiroz\" \/>\n<meta name=\"twitter:card\" content=\"summary_large_image\" \/>\n<meta name=\"twitter:label1\" content=\"Written by\" \/>\n\t<meta name=\"twitter:data1\" content=\"Andr\u00e9s Quiroz\" \/>\n\t<meta name=\"twitter:label2\" content=\"Est. reading time\" \/>\n\t<meta name=\"twitter:data2\" content=\"3 minutes\" \/>\n<script type=\"application\/ld+json\" class=\"yoast-schema-graph\">{\"@context\":\"https:\\\/\\\/schema.org\",\"@graph\":[{\"@type\":\"Article\",\"@id\":\"https:\\\/\\\/www.fcbarcelonanoticias.com\\\/en\\\/champions-league\\\/javier-clemente-lamine-yamal-won-last-long-at-the-elite-level_315270_102.html#article\",\"isPartOf\":{\"@id\":\"https:\\\/\\\/www.fcbarcelonanoticias.com\\\/en\\\/superliga\\\/javier-clemente-lamine-yamal-won-last-long-at-the-elite-level_315270_102.html\"},\"author\":{\"name\":\"Andr\u00e9s Quiroz\",\"@id\":\"https:\\\/\\\/www.fcbarcelonanoticias.com\\\/en\\\/#\\\/schema\\\/person\\\/c2cd9f6fa1af5c0d0eccd0fefa575c88\"},\"headline\":\"The surprising forecast of a former Spain coach about Lamine Yamal\",\"datePublished\":\"2025-11-15T00:36:00+00:00\",\"dateModified\":\"2026-04-09T13:00:03+00:00\",\"mainEntityOfPage\":{\"@id\":\"https:\\\/\\\/www.fcbarcelonanoticias.com\\\/en\\\/superliga\\\/javier-clemente-lamine-yamal-won-last-long-at-the-elite-level_315270_102.html\"},\"wordCount\":587,\"commentCount\":0,\"image\":{\"@id\":\"https:\\\/\\\/www.fcbarcelonanoticias.com\\\/en\\\/champions-league\\\/javier-clemente-lamine-yamal-won-last-long-at-the-elite-level_315270_102.html#primaryimage\"},\"thumbnailUrl\":\"https:\\\/\\\/www.fcbarcelonanoticias.com\\\/en\\\/wp-content\\\/uploads\\\/sites\\\/2\\\/2025\\\/11\\\/lamine-yamal-hansi-flick-25-26-5.webp\",\"keywords\":[\"Lamine Yamal\"],\"articleSection\":[\"FC Barcelona\"],\"inLanguage\":\"en-US\",\"potentialAction\":[{\"@type\":\"CommentAction\",\"name\":\"Comment\",\"target\":[\"https:\\\/\\\/www.fcbarcelonanoticias.com\\\/en\\\/champions-league\\\/javier-clemente-lamine-yamal-won-last-long-at-the-elite-level_315270_102.html#respond\"]}]},{\"@type\":\"WebPage\",\"@id\":\"https:\\\/\\\/www.fcbarcelonanoticias.com\\\/en\\\/superliga\\\/javier-clemente-lamine-yamal-won-last-long-at-the-elite-level_315270_102.html\",\"url\":\"https:\\\/\\\/www.fcbarcelonanoticias.com\\\/en\\\/champions-league\\\/javier-clemente-lamine-yamal-won-last-long-at-the-elite-level_315270_102.html\",\"name\":\"Javier Clemente: Lamine Yamal \\\"won't last long\\\" at the elite level\",\"isPartOf\":{\"@id\":\"https:\\\/\\\/www.fcbarcelonanoticias.com\\\/en\\\/#website\"},\"primaryImageOfPage\":{\"@id\":\"https:\\\/\\\/www.fcbarcelonanoticias.com\\\/en\\\/champions-league\\\/javier-clemente-lamine-yamal-won-last-long-at-the-elite-level_315270_102.html#primaryimage\"},\"image\":{\"@id\":\"https:\\\/\\\/www.fcbarcelonanoticias.com\\\/en\\\/champions-league\\\/javier-clemente-lamine-yamal-won-last-long-at-the-elite-level_315270_102.html#primaryimage\"},\"thumbnailUrl\":\"https:\\\/\\\/www.fcbarcelonanoticias.com\\\/en\\\/wp-content\\\/uploads\\\/sites\\\/2\\\/2025\\\/11\\\/lamine-yamal-hansi-flick-25-26-5.webp\",\"datePublished\":\"2025-11-15T00:36:00+00:00\",\"dateModified\":\"2026-04-09T13:00:03+00:00\",\"author\":{\"@id\":\"https:\\\/\\\/www.fcbarcelonanoticias.com\\\/en\\\/#\\\/schema\\\/person\\\/c2cd9f6fa1af5c0d0eccd0fefa575c88\"},\"description\":\"Not all praise is for Lamine Yamal in Spanish football. The former coach of La Roja, Javier Clemente, delivered a surprising blow to the Bar\u00e7a winger\",\"breadcrumb\":{\"@id\":\"https:\\\/\\\/www.fcbarcelonanoticias.com\\\/en\\\/champions-league\\\/javier-clemente-lamine-yamal-won-last-long-at-the-elite-level_315270_102.html#breadcrumb\"},\"inLanguage\":\"en-US\",\"potentialAction\":[{\"@type\":\"ReadAction\",\"target\":[\"https:\\\/\\\/www.fcbarcelonanoticias.com\\\/en\\\/champions-league\\\/javier-clemente-lamine-yamal-won-last-long-at-the-elite-level_315270_102.html\"]}]},{\"@type\":\"ImageObject\",\"inLanguage\":\"en-US\",\"@id\":\"https:\\\/\\\/www.fcbarcelonanoticias.com\\\/en\\\/champions-league\\\/javier-clemente-lamine-yamal-won-last-long-at-the-elite-level_315270_102.html#primaryimage\",\"url\":\"https:\\\/\\\/www.fcbarcelonanoticias.com\\\/en\\\/wp-content\\\/uploads\\\/sites\\\/2\\\/2025\\\/11\\\/lamine-yamal-hansi-flick-25-26-5.webp\",\"contentUrl\":\"https:\\\/\\\/www.fcbarcelonanoticias.com\\\/en\\\/wp-content\\\/uploads\\\/sites\\\/2\\\/2025\\\/11\\\/lamine-yamal-hansi-flick-25-26-5.webp\",\"width\":1200,\"height\":675},{\"@type\":\"BreadcrumbList\",\"@id\":\"https:\\\/\\\/www.fcbarcelonanoticias.com\\\/en\\\/champions-league\\\/javier-clemente-lamine-yamal-won-last-long-at-the-elite-level_315270_102.html#breadcrumb\",\"itemListElement\":[{\"@type\":\"ListItem\",\"position\":1,\"name\":\"Portada\",\"item\":\"https:\\\/\\\/www.fcbarcelonanoticias.com\\\/en\\\/\"},{\"@type\":\"ListItem\",\"position\":2,\"name\":\"The surprising forecast of a former Spain coach about Lamine Yamal\"}]},{\"@type\":\"WebSite\",\"@id\":\"https:\\\/\\\/www.fcbarcelonanoticias.com\\\/en\\\/#website\",\"url\":\"https:\\\/\\\/www.fcbarcelonanoticias.com\\\/en\\\/\",\"name\":\"EN - FC Barcelona Noticias\",\"description\":\"\",\"potentialAction\":[{\"@type\":\"SearchAction\",\"target\":{\"@type\":\"EntryPoint\",\"urlTemplate\":\"https:\\\/\\\/www.fcbarcelonanoticias.com\\\/en\\\/?s={search_term_string}\"},\"query-input\":{\"@type\":\"PropertyValueSpecification\",\"valueRequired\":true,\"valueName\":\"search_term_string\"}}],\"inLanguage\":\"en-US\"},{\"@type\":\"Person\",\"@id\":\"https:\\\/\\\/www.fcbarcelonanoticias.com\\\/en\\\/#\\\/schema\\\/person\\\/c2cd9f6fa1af5c0d0eccd0fefa575c88\",\"name\":\"Andr\u00e9s Quiroz\",\"image\":{\"@type\":\"ImageObject\",\"inLanguage\":\"en-US\",\"@id\":\"https:\\\/\\\/secure.gravatar.com\\\/avatar\\\/?s=96&d=mm&r=g\",\"url\":\"https:\\\/\\\/secure.gravatar.com\\\/avatar\\\/?s=96&d=mm&r=g\",\"contentUrl\":\"https:\\\/\\\/secure.gravatar.com\\\/avatar\\\/?s=96&d=mm&r=g\",\"caption\":\"Andr\u00e9s Quiroz\"},\"description\":\"Licenciado en Periodismo por la Universidad de los Andes. Me encargo de analizar y compartir los contenidos m\u00e1s destacados de la\u00a0actualidad del F\u00fatbol Club Barcelona, Mercado de Fichajes y F\u00fatbol Internacional en FCBN. La informaci\u00f3n es poder, pero tambi\u00e9n conocimiento.\",\"url\":\"https:\\\/\\\/www.fcbarcelonanoticias.com\\\/en\\\/fc-barcelona\\\/andres-quiroz_17_115.html\"}]}<\/script>\n<!-- \/ Yoast SEO plugin. -->","yoast_head_json":{"title":"Javier Clemente: Lamine Yamal \"won't last long\" at the elite level","description":"Not all praise is for Lamine Yamal in Spanish football. The former coach of La Roja, Javier Clemente, delivered a surprising blow to the Bar\u00e7a winger","robots":{"index":"index","follow":"follow","max-snippet":"max-snippet:-1","max-image-preview":"max-image-preview:large","max-video-preview":"max-video-preview:-1"},"canonical":"https:\/\/www.fcbarcelonanoticias.com\/en\/champions-league\/javier-clemente-lamine-yamal-won-last-long-at-the-elite-level_315270_102.html","og_locale":"en_US","og_type":"article","og_title":"Javier Clemente: Lamine Yamal \"won't last long\" at the elite level","og_description":"Not all praise is for Lamine Yamal in Spanish football. The former coach of La Roja, Javier Clemente, delivered a surprising blow to the Bar\u00e7a winger","og_url":"https:\/\/www.fcbarcelonanoticias.com\/en\/champions-league\/javier-clemente-lamine-yamal-won-last-long-at-the-elite-level_315270_102.html","og_site_name":"EN - FC Barcelona Noticias","article_published_time":"2025-11-15T00:36:00+00:00","article_modified_time":"2026-04-09T13:00:03+00:00","og_image":[{"width":1200,"height":675,"url":"https:\/\/www.fcbarcelonanoticias.com\/en\/wp-content\/uploads\/sites\/2\/2025\/11\/lamine-yamal-hansi-flick-25-26-5.webp","type":"image\/webp"}],"author":"Andr\u00e9s Quiroz","twitter_card":"summary_large_image","twitter_misc":{"Written by":"Andr\u00e9s Quiroz","Est. reading time":"3 minutes"},"schema":{"@context":"https:\/\/schema.org","@graph":[{"@type":"Article","@id":"https:\/\/www.fcbarcelonanoticias.com\/en\/champions-league\/javier-clemente-lamine-yamal-won-last-long-at-the-elite-level_315270_102.html#article","isPartOf":{"@id":"https:\/\/www.fcbarcelonanoticias.com\/en\/superliga\/javier-clemente-lamine-yamal-won-last-long-at-the-elite-level_315270_102.html"},"author":{"name":"Andr\u00e9s Quiroz","@id":"https:\/\/www.fcbarcelonanoticias.com\/en\/#\/schema\/person\/c2cd9f6fa1af5c0d0eccd0fefa575c88"},"headline":"The surprising forecast of a former Spain coach about Lamine Yamal","datePublished":"2025-11-15T00:36:00+00:00","dateModified":"2026-04-09T13:00:03+00:00","mainEntityOfPage":{"@id":"https:\/\/www.fcbarcelonanoticias.com\/en\/superliga\/javier-clemente-lamine-yamal-won-last-long-at-the-elite-level_315270_102.html"},"wordCount":587,"commentCount":0,"image":{"@id":"https:\/\/www.fcbarcelonanoticias.com\/en\/champions-league\/javier-clemente-lamine-yamal-won-last-long-at-the-elite-level_315270_102.html#primaryimage"},"thumbnailUrl":"https:\/\/www.fcbarcelonanoticias.com\/en\/wp-content\/uploads\/sites\/2\/2025\/11\/lamine-yamal-hansi-flick-25-26-5.webp","keywords":["Lamine Yamal"],"articleSection":["FC Barcelona"],"inLanguage":"en-US","potentialAction":[{"@type":"CommentAction","name":"Comment","target":["https:\/\/www.fcbarcelonanoticias.com\/en\/champions-league\/javier-clemente-lamine-yamal-won-last-long-at-the-elite-level_315270_102.html#respond"]}]},{"@type":"WebPage","@id":"https:\/\/www.fcbarcelonanoticias.com\/en\/superliga\/javier-clemente-lamine-yamal-won-last-long-at-the-elite-level_315270_102.html","url":"https:\/\/www.fcbarcelonanoticias.com\/en\/champions-league\/javier-clemente-lamine-yamal-won-last-long-at-the-elite-level_315270_102.html","name":"Javier Clemente: Lamine Yamal \"won't last long\" at the elite level","isPartOf":{"@id":"https:\/\/www.fcbarcelonanoticias.com\/en\/#website"},"primaryImageOfPage":{"@id":"https:\/\/www.fcbarcelonanoticias.com\/en\/champions-league\/javier-clemente-lamine-yamal-won-last-long-at-the-elite-level_315270_102.html#primaryimage"},"image":{"@id":"https:\/\/www.fcbarcelonanoticias.com\/en\/champions-league\/javier-clemente-lamine-yamal-won-last-long-at-the-elite-level_315270_102.html#primaryimage"},"thumbnailUrl":"https:\/\/www.fcbarcelonanoticias.com\/en\/wp-content\/uploads\/sites\/2\/2025\/11\/lamine-yamal-hansi-flick-25-26-5.webp","datePublished":"2025-11-15T00:36:00+00:00","dateModified":"2026-04-09T13:00:03+00:00","author":{"@id":"https:\/\/www.fcbarcelonanoticias.com\/en\/#\/schema\/person\/c2cd9f6fa1af5c0d0eccd0fefa575c88"},"description":"Not all praise is for Lamine Yamal in Spanish football. The former coach of La Roja, Javier Clemente, delivered a surprising blow to the Bar\u00e7a winger","breadcrumb":{"@id":"https:\/\/www.fcbarcelonanoticias.com\/en\/champions-league\/javier-clemente-lamine-yamal-won-last-long-at-the-elite-level_315270_102.html#breadcrumb"},"inLanguage":"en-US","potentialAction":[{"@type":"ReadAction","target":["https:\/\/www.fcbarcelonanoticias.com\/en\/champions-league\/javier-clemente-lamine-yamal-won-last-long-at-the-elite-level_315270_102.html"]}]},{"@type":"ImageObject","inLanguage":"en-US","@id":"https:\/\/www.fcbarcelonanoticias.com\/en\/champions-league\/javier-clemente-lamine-yamal-won-last-long-at-the-elite-level_315270_102.html#primaryimage","url":"https:\/\/www.fcbarcelonanoticias.com\/en\/wp-content\/uploads\/sites\/2\/2025\/11\/lamine-yamal-hansi-flick-25-26-5.webp","contentUrl":"https:\/\/www.fcbarcelonanoticias.com\/en\/wp-content\/uploads\/sites\/2\/2025\/11\/lamine-yamal-hansi-flick-25-26-5.webp","width":1200,"height":675},{"@type":"BreadcrumbList","@id":"https:\/\/www.fcbarcelonanoticias.com\/en\/champions-league\/javier-clemente-lamine-yamal-won-last-long-at-the-elite-level_315270_102.html#breadcrumb","itemListElement":[{"@type":"ListItem","position":1,"name":"Portada","item":"https:\/\/www.fcbarcelonanoticias.com\/en\/"},{"@type":"ListItem","position":2,"name":"The surprising forecast of a former Spain coach about Lamine Yamal"}]},{"@type":"WebSite","@id":"https:\/\/www.fcbarcelonanoticias.com\/en\/#website","url":"https:\/\/www.fcbarcelonanoticias.com\/en\/","name":"EN - FC Barcelona Noticias","description":"","potentialAction":[{"@type":"SearchAction","target":{"@type":"EntryPoint","urlTemplate":"https:\/\/www.fcbarcelonanoticias.com\/en\/?s={search_term_string}"},"query-input":{"@type":"PropertyValueSpecification","valueRequired":true,"valueName":"search_term_string"}}],"inLanguage":"en-US"},{"@type":"Person","@id":"https:\/\/www.fcbarcelonanoticias.com\/en\/#\/schema\/person\/c2cd9f6fa1af5c0d0eccd0fefa575c88","name":"Andr\u00e9s Quiroz","image":{"@type":"ImageObject","inLanguage":"en-US","@id":"https:\/\/secure.gravatar.com\/avatar\/?s=96&d=mm&r=g","url":"https:\/\/secure.gravatar.com\/avatar\/?s=96&d=mm&r=g","contentUrl":"https:\/\/secure.gravatar.com\/avatar\/?s=96&d=mm&r=g","caption":"Andr\u00e9s Quiroz"},"description":"Licenciado en Periodismo por la Universidad de los Andes. Me encargo de analizar y compartir los contenidos m\u00e1s destacados de la\u00a0actualidad del F\u00fatbol Club Barcelona, Mercado de Fichajes y F\u00fatbol Internacional en FCBN. La informaci\u00f3n es poder, pero tambi\u00e9n conocimiento.","url":"https:\/\/www.fcbarcelonanoticias.com\/en\/fc-barcelona\/andres-quiroz_17_115.html"}]}},"_links":{"self":[{"href":"https:\/\/www.fcbarcelonanoticias.com\/en\/wp-json\/wp\/v2\/posts\/163433","targetHints":{"allow":["GET"]}}],"collection":[{"href":"https:\/\/www.fcbarcelonanoticias.com\/en\/wp-json\/wp\/v2\/posts"}],"about":[{"href":"https:\/\/www.fcbarcelonanoticias.com\/en\/wp-json\/wp\/v2\/types\/post"}],"author":[{"embeddable":true,"href":"https:\/\/www.fcbarcelonanoticias.com\/en\/wp-json\/wp\/v2\/users\/347"}],"replies":[{"embeddable":true,"href":"https:\/\/www.fcbarcelonanoticias.com\/en\/wp-json\/wp\/v2\/comments?post=163433"}],"version-history":[{"count":1,"href":"https:\/\/www.fcbarcelonanoticias.com\/en\/wp-json\/wp\/v2\/posts\/163433\/revisions"}],"predecessor-version":[{"id":163535,"href":"https:\/\/www.fcbarcelonanoticias.com\/en\/wp-json\/wp\/v2\/posts\/163433\/revisions\/163535"}],"wp:featuredmedia":[{"embeddable":true,"href":"https:\/\/www.fcbarcelonanoticias.com\/en\/wp-json\/wp\/v2\/media\/163434"}],"wp:attachment":[{"href":"https:\/\/www.fcbarcelonanoticias.com\/en\/wp-json\/wp\/v2\/media?parent=163433"}],"wp:term":[{"taxonomy":"category","embeddable":true,"href":"https:\/\/www.fcbarcelonanoticias.com\/en\/wp-json\/wp\/v2\/categories?post=163433"},{"taxonomy":"post_tag","embeddable":true,"href":"https:\/\/www.fcbarcelonanoticias.com\/en\/wp-json\/wp\/v2\/tags?post=163433"}],"curies":[{"name":"wp","href":"https:\/\/api.w.org\/{rel}","templated":true}]}}