{"id":163493,"date":"2020-11-12T22:08:00","date_gmt":"2020-11-12T21:08:00","guid":{"rendered":"https:\/\/www.fcbarcelonanoticias.com\/en\/?p=163493"},"modified":"2026-04-16T10:08:13","modified_gmt":"2026-04-16T08:08:13","slug":"official-the-barcelona-knows-the-dates-of-his-next-elections_262256_102-2","status":"publish","type":"post","link":"https:\/\/www.fcbarcelonanoticias.com\/en\/fc-barcelona\/official-the-barcelona-knows-the-dates-of-his-next-elections_262256_102.html","title":{"rendered":"OFFICIAL: The Barcelona knows the dates of their next elections"},"content":{"rendered":"<h2>The Managing Commission of the Barcelona has announced the official dates of the presidential elections after the resignation of Josep Mar\u00eda Bartomeu<\/h2>\n\n\r\n<div class=\"article-addons\">\r\n    <a href=\"https:\/\/www.fcbarcelonanoticias.com\/en\/calendar-fc-barcelona.html\"\r\n       target=\"_self\"\r\n       title=\"Calendar of FC Barcelona\"\r\n       class=\"blue-gredient-btn\">\r\n       \r\n        Calendar of FC Barcelona    <\/a>\r\n<\/div>\n\n<p>Already it is official. <strong>The <a title=\"FC Barcelona\" href=\"https:\/\/www.fcbarcelonanoticias.com\/en\/football-soccer\/fc-barcelona.html\" target=\"_self\" rel=\"follow\" data-external=\"0\" data-intl-links-en=\"https:\/\/www.fcbarcelonanoticias.com\/en\/fc-barcelona\" data-intl-links-es=\"https:\/\/www.fcbarcelonanoticias.com\/fc-barcelona\">FC Barcelona<\/a> will celebrate his presidential elections next Sunday 24 January 2021<\/strong>. The Managing Commission of the club, chaired by Carles Tusquets, gathered this Thursday and the most important decision was the calendar of the elections for the elections that will live the club, after the resignation of <strong>Josep Mar\u00eda Bartomeu<\/strong> and his directive.<\/p>\n<p>In the table of the Board stirred two possible dates: <strong>the 17 and 24 January<\/strong> and finished decanting by the one of the penultimate Sunday of the month of January. In this weekend, <strong>the Barcelona will play in front of the Elche, <\/strong>but out of house. Whenever the crisis by the pandemia of the coronavirus allow it, the Boat will have a new president for finals of month.<\/p>\n<p>During the next week, the authorities blaugranas will gather with the agents of <strong>the Generalitat,<\/strong> the <strong>Departament of Salut and the General Secretary of l&#8217;Esport,<\/strong> to pose the protocols of performance. Previously, it had proposed that the vote take place in different headquarters, to avoid agglomerations and, by the moment, no descarta that there is more than a day to exert the right to the vote.<\/p>\n<h3>For now, seven precandidatos<\/h3>\n<p>The fight by the presidency of the Barcelona began does a pair of months and already know to the first that will launch like candidates to assume the place that left Josep Mar\u00eda Bartomeu to consequence of the big social pressure. It treats of <strong>Xavi Vilajoana, V\u00edctor Font, Toni Freixa, Jordi Farr\u00e9, Agust\u00ed Benedito, Pere Laughed and Llu\u00eds Fern\u00e1ndez Allah. <\/strong><\/p>\n<p>Although until the moment there is seven precandidatos, no descarta that in the next days add more people. For now, some already have explained his lines of performance, as <a title=\"V\u00edctor Font responde a FCBN: Fichajes, Koeman, Griezmann, Messi, VAR...\" href=\"https:\/\/www.fcbarcelonanoticias.com\/club\/victor-font-answers-fcbn-signings-koeman-griezmann-var_262169_102.html\" target=\"_self\" rel=\"follow\" data-external=\"0\" data-intl-links-en=\"https:\/\/www.fcbarcelonanoticias.com\/club\/victor-font-answers-fcbn-signings-koeman-griezmann-var_262169_102.html\" data-intl-links-es=\"https:\/\/www.fcbarcelonanoticias.com\/club\/victor-font-responde-fcbn-fichajes-koeman-griezmann-messi-var_262169_102.html\">V\u00edctor Font, that has answered to FCBN on his plans of future<\/a> for the Barcelona club.<\/p>","protected":false},"excerpt":{"rendered":"<p>The Managing Commission of the Barcelona has announced the official dates of the presidential elections after the resignation of Josep Mar\u00eda Bartomeu Already it is official. The FC Barcelona will celebrate his presidential elections next Sunday 24 January 2021. The Managing Commission of the club, chaired by Carles Tusquets, gathered this Thursday and the most [&hellip;]<\/p>\n","protected":false},"author":1,"featured_media":145580,"comment_status":"open","ping_status":"open","sticky":false,"template":"","format":"standard","meta":{"_acf_changed":false,"inline_featured_image":false,"_nextfly_llmd_date_locked":false,"footnotes":""},"categories":[111],"tags":[],"class_list":["post-163493","post","type-post","status-publish","format-standard","has-post-thumbnail","hentry","category-fc-barcelona"],"acf":[],"yoast_head":"<!-- This site is optimized with the Yoast SEO plugin v27.3 - https:\/\/yoast.com\/product\/yoast-seo-wordpress\/ -->\n<title>OFFICIAL: The Barcelona knows the dates of his next elections<\/title>\n<meta name=\"description\" content=\"The Managing Commission of the Barcelona has announced the official dates of the presidential elections after the resignation of Josep Mar\u00eda Bartomeu\" \/>\n<meta name=\"robots\" content=\"index, follow, max-snippet:-1, max-image-preview:large, max-video-preview:-1\" \/>\n<link rel=\"canonical\" href=\"https:\/\/www.fcbarcelonanoticias.com\/en\/fc-barcelona\/official-the-barcelona-knows-the-dates-of-his-next-elections_262256_102.html\" \/>\n<meta property=\"og:locale\" content=\"en_US\" \/>\n<meta property=\"og:type\" content=\"article\" \/>\n<meta property=\"og:title\" content=\"OFFICIAL: The Barcelona knows the dates of his next elections\" \/>\n<meta property=\"og:description\" content=\"The Managing Commission of the Barcelona has announced the official dates of the presidential elections after the resignation of Josep Mar\u00eda Bartomeu\" \/>\n<meta property=\"og:url\" content=\"https:\/\/www.fcbarcelonanoticias.com\/en\/fc-barcelona\/official-the-barcelona-knows-the-dates-of-his-next-elections_262256_102.html\" \/>\n<meta property=\"og:site_name\" content=\"EN - FC Barcelona Noticias\" \/>\n<meta property=\"article:published_time\" content=\"2020-11-12T21:08:00+00:00\" \/>\n<meta property=\"article:modified_time\" content=\"2026-04-16T08:08:13+00:00\" \/>\n<meta property=\"og:image\" content=\"https:\/\/www.fcbarcelonanoticias.com\/en\/wp-content\/uploads\/sites\/2\/2020\/11\/carles-tusquets-en-una-imagen-de-archivo.jpeg\" \/>\n\t<meta property=\"og:image:width\" content=\"1200\" \/>\n\t<meta property=\"og:image:height\" content=\"682\" \/>\n\t<meta property=\"og:image:type\" content=\"image\/jpeg\" \/>\n<meta name=\"author\" content=\"ravidesai\" \/>\n<meta name=\"twitter:card\" content=\"summary_large_image\" \/>\n<meta name=\"twitter:label1\" content=\"Written by\" \/>\n\t<meta name=\"twitter:data1\" content=\"ravidesai\" \/>\n\t<meta name=\"twitter:label2\" content=\"Est. reading time\" \/>\n\t<meta name=\"twitter:data2\" content=\"2 minutes\" \/>\n<script type=\"application\/ld+json\" class=\"yoast-schema-graph\">{\"@context\":\"https:\\\/\\\/schema.org\",\"@graph\":[{\"@type\":\"Article\",\"@id\":\"https:\\\/\\\/www.fcbarcelonanoticias.com\\\/en\\\/fc-barcelona\\\/official-the-barcelona-knows-the-dates-of-his-next-elections_262256_102.html#article\",\"isPartOf\":{\"@id\":\"https:\\\/\\\/www.fcbarcelonanoticias.com\\\/en\\\/fc-barcelona\\\/official-the-barcelona-knows-the-dates-of-his-next-elections_262256_102.html\"},\"author\":{\"name\":\"ravidesai\",\"@id\":\"https:\\\/\\\/www.fcbarcelonanoticias.com\\\/en\\\/#\\\/schema\\\/person\\\/dfc58ec34e2bff99bba97ec7f1bee800\"},\"headline\":\"OFFICIAL: The Barcelona knows the dates of their next elections\",\"datePublished\":\"2020-11-12T21:08:00+00:00\",\"dateModified\":\"2026-04-16T08:08:13+00:00\",\"mainEntityOfPage\":{\"@id\":\"https:\\\/\\\/www.fcbarcelonanoticias.com\\\/en\\\/fc-barcelona\\\/official-the-barcelona-knows-the-dates-of-his-next-elections_262256_102.html\"},\"wordCount\":338,\"commentCount\":0,\"image\":{\"@id\":\"https:\\\/\\\/www.fcbarcelonanoticias.com\\\/en\\\/fc-barcelona\\\/official-the-barcelona-knows-the-dates-of-his-next-elections_262256_102.html#primaryimage\"},\"thumbnailUrl\":\"https:\\\/\\\/www.fcbarcelonanoticias.com\\\/en\\\/wp-content\\\/uploads\\\/sites\\\/2\\\/2020\\\/11\\\/carles-tusquets-en-una-imagen-de-archivo.jpeg\",\"articleSection\":[\"FC Barcelona\"],\"inLanguage\":\"en-US\",\"potentialAction\":[{\"@type\":\"CommentAction\",\"name\":\"Comment\",\"target\":[\"https:\\\/\\\/www.fcbarcelonanoticias.com\\\/en\\\/fc-barcelona\\\/official-the-barcelona-knows-the-dates-of-his-next-elections_262256_102.html#respond\"]}]},{\"@type\":\"WebPage\",\"@id\":\"https:\\\/\\\/www.fcbarcelonanoticias.com\\\/en\\\/fc-barcelona\\\/official-the-barcelona-knows-the-dates-of-his-next-elections_262256_102.html\",\"url\":\"https:\\\/\\\/www.fcbarcelonanoticias.com\\\/en\\\/fc-barcelona\\\/official-the-barcelona-knows-the-dates-of-his-next-elections_262256_102.html\",\"name\":\"OFFICIAL: The Barcelona knows the dates of his next elections\",\"isPartOf\":{\"@id\":\"https:\\\/\\\/www.fcbarcelonanoticias.com\\\/en\\\/#website\"},\"primaryImageOfPage\":{\"@id\":\"https:\\\/\\\/www.fcbarcelonanoticias.com\\\/en\\\/fc-barcelona\\\/official-the-barcelona-knows-the-dates-of-his-next-elections_262256_102.html#primaryimage\"},\"image\":{\"@id\":\"https:\\\/\\\/www.fcbarcelonanoticias.com\\\/en\\\/fc-barcelona\\\/official-the-barcelona-knows-the-dates-of-his-next-elections_262256_102.html#primaryimage\"},\"thumbnailUrl\":\"https:\\\/\\\/www.fcbarcelonanoticias.com\\\/en\\\/wp-content\\\/uploads\\\/sites\\\/2\\\/2020\\\/11\\\/carles-tusquets-en-una-imagen-de-archivo.jpeg\",\"datePublished\":\"2020-11-12T21:08:00+00:00\",\"dateModified\":\"2026-04-16T08:08:13+00:00\",\"author\":{\"@id\":\"https:\\\/\\\/www.fcbarcelonanoticias.com\\\/en\\\/#\\\/schema\\\/person\\\/dfc58ec34e2bff99bba97ec7f1bee800\"},\"description\":\"The Managing Commission of the Barcelona has announced the official dates of the presidential elections after the resignation of Josep Mar\u00eda Bartomeu\",\"breadcrumb\":{\"@id\":\"https:\\\/\\\/www.fcbarcelonanoticias.com\\\/en\\\/fc-barcelona\\\/official-the-barcelona-knows-the-dates-of-his-next-elections_262256_102.html#breadcrumb\"},\"inLanguage\":\"en-US\",\"potentialAction\":[{\"@type\":\"ReadAction\",\"target\":[\"https:\\\/\\\/www.fcbarcelonanoticias.com\\\/en\\\/fc-barcelona\\\/official-the-barcelona-knows-the-dates-of-his-next-elections_262256_102.html\"]}]},{\"@type\":\"ImageObject\",\"inLanguage\":\"en-US\",\"@id\":\"https:\\\/\\\/www.fcbarcelonanoticias.com\\\/en\\\/fc-barcelona\\\/official-the-barcelona-knows-the-dates-of-his-next-elections_262256_102.html#primaryimage\",\"url\":\"https:\\\/\\\/www.fcbarcelonanoticias.com\\\/en\\\/wp-content\\\/uploads\\\/sites\\\/2\\\/2020\\\/11\\\/carles-tusquets-en-una-imagen-de-archivo.jpeg\",\"contentUrl\":\"https:\\\/\\\/www.fcbarcelonanoticias.com\\\/en\\\/wp-content\\\/uploads\\\/sites\\\/2\\\/2020\\\/11\\\/carles-tusquets-en-una-imagen-de-archivo.jpeg\",\"width\":1200,\"height\":682},{\"@type\":\"BreadcrumbList\",\"@id\":\"https:\\\/\\\/www.fcbarcelonanoticias.com\\\/en\\\/fc-barcelona\\\/official-the-barcelona-knows-the-dates-of-his-next-elections_262256_102.html#breadcrumb\",\"itemListElement\":[{\"@type\":\"ListItem\",\"position\":1,\"name\":\"Portada\",\"item\":\"https:\\\/\\\/www.fcbarcelonanoticias.com\\\/en\\\/\"},{\"@type\":\"ListItem\",\"position\":2,\"name\":\"OFFICIAL: The Barcelona knows the dates of their next elections\"}]},{\"@type\":\"WebSite\",\"@id\":\"https:\\\/\\\/www.fcbarcelonanoticias.com\\\/en\\\/#website\",\"url\":\"https:\\\/\\\/www.fcbarcelonanoticias.com\\\/en\\\/\",\"name\":\"EN - FC Barcelona Noticias\",\"description\":\"\",\"potentialAction\":[{\"@type\":\"SearchAction\",\"target\":{\"@type\":\"EntryPoint\",\"urlTemplate\":\"https:\\\/\\\/www.fcbarcelonanoticias.com\\\/en\\\/?s={search_term_string}\"},\"query-input\":{\"@type\":\"PropertyValueSpecification\",\"valueRequired\":true,\"valueName\":\"search_term_string\"}}],\"inLanguage\":\"en-US\"},{\"@type\":\"Person\",\"@id\":\"https:\\\/\\\/www.fcbarcelonanoticias.com\\\/en\\\/#\\\/schema\\\/person\\\/dfc58ec34e2bff99bba97ec7f1bee800\",\"name\":\"ravidesai\",\"image\":{\"@type\":\"ImageObject\",\"inLanguage\":\"en-US\",\"@id\":\"https:\\\/\\\/secure.gravatar.com\\\/avatar\\\/2a8edd35597ee89488963e5bf42fd7e3509f245a14eb5f256c9bff43d866b54b?s=96&d=mm&r=g\",\"url\":\"https:\\\/\\\/secure.gravatar.com\\\/avatar\\\/2a8edd35597ee89488963e5bf42fd7e3509f245a14eb5f256c9bff43d866b54b?s=96&d=mm&r=g\",\"contentUrl\":\"https:\\\/\\\/secure.gravatar.com\\\/avatar\\\/2a8edd35597ee89488963e5bf42fd7e3509f245a14eb5f256c9bff43d866b54b?s=96&d=mm&r=g\",\"caption\":\"ravidesai\"},\"description\":\"Licenciado en Periodismo por la Universidad de los Andes. Me encargo de analizar y compartir los contenidos m\u00e1s destacados de la actualidad del F\u00fatbol Club Barcelona, Mercado de Fichajes y F\u00fatbol Internacional en FCBN. La informaci\u00f3n es poder, pero tambi\u00e9n conocimiento.\",\"sameAs\":[\"https:\\\/\\\/www.fcbarcelonanoticias.com\"],\"url\":\"https:\\\/\\\/www.fcbarcelonanoticias.com\\\/en\\\/admin.html\"}]}<\/script>\n<!-- \/ Yoast SEO plugin. -->","yoast_head_json":{"title":"OFFICIAL: The Barcelona knows the dates of his next elections","description":"The Managing Commission of the Barcelona has announced the official dates of the presidential elections after the resignation of Josep Mar\u00eda Bartomeu","robots":{"index":"index","follow":"follow","max-snippet":"max-snippet:-1","max-image-preview":"max-image-preview:large","max-video-preview":"max-video-preview:-1"},"canonical":"https:\/\/www.fcbarcelonanoticias.com\/en\/fc-barcelona\/official-the-barcelona-knows-the-dates-of-his-next-elections_262256_102.html","og_locale":"en_US","og_type":"article","og_title":"OFFICIAL: The Barcelona knows the dates of his next elections","og_description":"The Managing Commission of the Barcelona has announced the official dates of the presidential elections after the resignation of Josep Mar\u00eda Bartomeu","og_url":"https:\/\/www.fcbarcelonanoticias.com\/en\/fc-barcelona\/official-the-barcelona-knows-the-dates-of-his-next-elections_262256_102.html","og_site_name":"EN - FC Barcelona Noticias","article_published_time":"2020-11-12T21:08:00+00:00","article_modified_time":"2026-04-16T08:08:13+00:00","og_image":[{"width":1200,"height":682,"url":"https:\/\/www.fcbarcelonanoticias.com\/en\/wp-content\/uploads\/sites\/2\/2020\/11\/carles-tusquets-en-una-imagen-de-archivo.jpeg","type":"image\/jpeg"}],"author":"ravidesai","twitter_card":"summary_large_image","twitter_misc":{"Written by":"ravidesai","Est. reading time":"2 minutes"},"schema":{"@context":"https:\/\/schema.org","@graph":[{"@type":"Article","@id":"https:\/\/www.fcbarcelonanoticias.com\/en\/fc-barcelona\/official-the-barcelona-knows-the-dates-of-his-next-elections_262256_102.html#article","isPartOf":{"@id":"https:\/\/www.fcbarcelonanoticias.com\/en\/fc-barcelona\/official-the-barcelona-knows-the-dates-of-his-next-elections_262256_102.html"},"author":{"name":"ravidesai","@id":"https:\/\/www.fcbarcelonanoticias.com\/en\/#\/schema\/person\/dfc58ec34e2bff99bba97ec7f1bee800"},"headline":"OFFICIAL: The Barcelona knows the dates of their next elections","datePublished":"2020-11-12T21:08:00+00:00","dateModified":"2026-04-16T08:08:13+00:00","mainEntityOfPage":{"@id":"https:\/\/www.fcbarcelonanoticias.com\/en\/fc-barcelona\/official-the-barcelona-knows-the-dates-of-his-next-elections_262256_102.html"},"wordCount":338,"commentCount":0,"image":{"@id":"https:\/\/www.fcbarcelonanoticias.com\/en\/fc-barcelona\/official-the-barcelona-knows-the-dates-of-his-next-elections_262256_102.html#primaryimage"},"thumbnailUrl":"https:\/\/www.fcbarcelonanoticias.com\/en\/wp-content\/uploads\/sites\/2\/2020\/11\/carles-tusquets-en-una-imagen-de-archivo.jpeg","articleSection":["FC Barcelona"],"inLanguage":"en-US","potentialAction":[{"@type":"CommentAction","name":"Comment","target":["https:\/\/www.fcbarcelonanoticias.com\/en\/fc-barcelona\/official-the-barcelona-knows-the-dates-of-his-next-elections_262256_102.html#respond"]}]},{"@type":"WebPage","@id":"https:\/\/www.fcbarcelonanoticias.com\/en\/fc-barcelona\/official-the-barcelona-knows-the-dates-of-his-next-elections_262256_102.html","url":"https:\/\/www.fcbarcelonanoticias.com\/en\/fc-barcelona\/official-the-barcelona-knows-the-dates-of-his-next-elections_262256_102.html","name":"OFFICIAL: The Barcelona knows the dates of his next elections","isPartOf":{"@id":"https:\/\/www.fcbarcelonanoticias.com\/en\/#website"},"primaryImageOfPage":{"@id":"https:\/\/www.fcbarcelonanoticias.com\/en\/fc-barcelona\/official-the-barcelona-knows-the-dates-of-his-next-elections_262256_102.html#primaryimage"},"image":{"@id":"https:\/\/www.fcbarcelonanoticias.com\/en\/fc-barcelona\/official-the-barcelona-knows-the-dates-of-his-next-elections_262256_102.html#primaryimage"},"thumbnailUrl":"https:\/\/www.fcbarcelonanoticias.com\/en\/wp-content\/uploads\/sites\/2\/2020\/11\/carles-tusquets-en-una-imagen-de-archivo.jpeg","datePublished":"2020-11-12T21:08:00+00:00","dateModified":"2026-04-16T08:08:13+00:00","author":{"@id":"https:\/\/www.fcbarcelonanoticias.com\/en\/#\/schema\/person\/dfc58ec34e2bff99bba97ec7f1bee800"},"description":"The Managing Commission of the Barcelona has announced the official dates of the presidential elections after the resignation of Josep Mar\u00eda Bartomeu","breadcrumb":{"@id":"https:\/\/www.fcbarcelonanoticias.com\/en\/fc-barcelona\/official-the-barcelona-knows-the-dates-of-his-next-elections_262256_102.html#breadcrumb"},"inLanguage":"en-US","potentialAction":[{"@type":"ReadAction","target":["https:\/\/www.fcbarcelonanoticias.com\/en\/fc-barcelona\/official-the-barcelona-knows-the-dates-of-his-next-elections_262256_102.html"]}]},{"@type":"ImageObject","inLanguage":"en-US","@id":"https:\/\/www.fcbarcelonanoticias.com\/en\/fc-barcelona\/official-the-barcelona-knows-the-dates-of-his-next-elections_262256_102.html#primaryimage","url":"https:\/\/www.fcbarcelonanoticias.com\/en\/wp-content\/uploads\/sites\/2\/2020\/11\/carles-tusquets-en-una-imagen-de-archivo.jpeg","contentUrl":"https:\/\/www.fcbarcelonanoticias.com\/en\/wp-content\/uploads\/sites\/2\/2020\/11\/carles-tusquets-en-una-imagen-de-archivo.jpeg","width":1200,"height":682},{"@type":"BreadcrumbList","@id":"https:\/\/www.fcbarcelonanoticias.com\/en\/fc-barcelona\/official-the-barcelona-knows-the-dates-of-his-next-elections_262256_102.html#breadcrumb","itemListElement":[{"@type":"ListItem","position":1,"name":"Portada","item":"https:\/\/www.fcbarcelonanoticias.com\/en\/"},{"@type":"ListItem","position":2,"name":"OFFICIAL: The Barcelona knows the dates of their next elections"}]},{"@type":"WebSite","@id":"https:\/\/www.fcbarcelonanoticias.com\/en\/#website","url":"https:\/\/www.fcbarcelonanoticias.com\/en\/","name":"EN - FC Barcelona Noticias","description":"","potentialAction":[{"@type":"SearchAction","target":{"@type":"EntryPoint","urlTemplate":"https:\/\/www.fcbarcelonanoticias.com\/en\/?s={search_term_string}"},"query-input":{"@type":"PropertyValueSpecification","valueRequired":true,"valueName":"search_term_string"}}],"inLanguage":"en-US"},{"@type":"Person","@id":"https:\/\/www.fcbarcelonanoticias.com\/en\/#\/schema\/person\/dfc58ec34e2bff99bba97ec7f1bee800","name":"ravidesai","image":{"@type":"ImageObject","inLanguage":"en-US","@id":"https:\/\/secure.gravatar.com\/avatar\/2a8edd35597ee89488963e5bf42fd7e3509f245a14eb5f256c9bff43d866b54b?s=96&d=mm&r=g","url":"https:\/\/secure.gravatar.com\/avatar\/2a8edd35597ee89488963e5bf42fd7e3509f245a14eb5f256c9bff43d866b54b?s=96&d=mm&r=g","contentUrl":"https:\/\/secure.gravatar.com\/avatar\/2a8edd35597ee89488963e5bf42fd7e3509f245a14eb5f256c9bff43d866b54b?s=96&d=mm&r=g","caption":"ravidesai"},"description":"Licenciado en Periodismo por la Universidad de los Andes. Me encargo de analizar y compartir los contenidos m\u00e1s destacados de la actualidad del F\u00fatbol Club Barcelona, Mercado de Fichajes y F\u00fatbol Internacional en FCBN. La informaci\u00f3n es poder, pero tambi\u00e9n conocimiento.","sameAs":["https:\/\/www.fcbarcelonanoticias.com"],"url":"https:\/\/www.fcbarcelonanoticias.com\/en\/admin.html"}]}},"_links":{"self":[{"href":"https:\/\/www.fcbarcelonanoticias.com\/en\/wp-json\/wp\/v2\/posts\/163493","targetHints":{"allow":["GET"]}}],"collection":[{"href":"https:\/\/www.fcbarcelonanoticias.com\/en\/wp-json\/wp\/v2\/posts"}],"about":[{"href":"https:\/\/www.fcbarcelonanoticias.com\/en\/wp-json\/wp\/v2\/types\/post"}],"author":[{"embeddable":true,"href":"https:\/\/www.fcbarcelonanoticias.com\/en\/wp-json\/wp\/v2\/users\/1"}],"replies":[{"embeddable":true,"href":"https:\/\/www.fcbarcelonanoticias.com\/en\/wp-json\/wp\/v2\/comments?post=163493"}],"version-history":[{"count":2,"href":"https:\/\/www.fcbarcelonanoticias.com\/en\/wp-json\/wp\/v2\/posts\/163493\/revisions"}],"predecessor-version":[{"id":185423,"href":"https:\/\/www.fcbarcelonanoticias.com\/en\/wp-json\/wp\/v2\/posts\/163493\/revisions\/185423"}],"wp:featuredmedia":[{"embeddable":true,"href":"https:\/\/www.fcbarcelonanoticias.com\/en\/wp-json\/wp\/v2\/media\/145580"}],"wp:attachment":[{"href":"https:\/\/www.fcbarcelonanoticias.com\/en\/wp-json\/wp\/v2\/media?parent=163493"}],"wp:term":[{"taxonomy":"category","embeddable":true,"href":"https:\/\/www.fcbarcelonanoticias.com\/en\/wp-json\/wp\/v2\/categories?post=163493"},{"taxonomy":"post_tag","embeddable":true,"href":"https:\/\/www.fcbarcelonanoticias.com\/en\/wp-json\/wp\/v2\/tags?post=163493"}],"curies":[{"name":"wp","href":"https:\/\/api.w.org\/{rel}","templated":true}]}}