{"id":163509,"date":"2025-08-16T20:54:00","date_gmt":"2025-08-16T18:54:00","guid":{"rendered":"https:\/\/www.fcbarcelonanoticias.com\/en\/?p=163509"},"modified":"2026-04-09T11:05:35","modified_gmt":"2026-04-09T09:05:35","slug":"ferran-torres-goalscoring-debut-with-controversy-included-in-mallorca_314160_102-2","status":"publish","type":"post","link":"https:\/\/www.fcbarcelonanoticias.com\/en\/fc-barcelona\/ferran-torres-goalscoring-debut-with-controversy-included-in-mallorca_314160_102.html","title":{"rendered":"Ferran Torres: goalscoring debut with controversy included in Mallorca"},"content":{"rendered":"<h2 class=\"wp-block-heading\">Ferran Torres increased Bar\u00e7a&#8217;s lead over Mallorca to 23 with a goal surrounded by controversy, as there was a &#8216;vermillion&#8217; player lying in the area<\/h2>\n\n\r\n<div class=\"article-addons\">\r\n    <a href=\"https:\/\/www.fcbarcelonanoticias.com\/calendar-fc-barcelona.html\"\r\n       target=\"_self\"\r\n       title=\"Calendar of FC Barcelona\"\r\n       class=\"blue-gredient-btn\">\r\n       \r\n        Calendar of FC Barcelona    <\/a>\r\n<\/div>\n\n<p><strong>FC Barcelona started the new season with their forwards on fire<\/strong>. In that sense, the person responsible for the second goal of the azulgrana team was <strong>Ferran Torres<\/strong>, who is going through his best moment as a Bar\u00e7a player since his arrival in December 2021.<\/p>\n<div data-oembed-url=\"https:\/\/x.com\/MovistarFutbol\/status\/1956779006730162217\">\n<blockquote class=\"twitter-tweet\" data-dnt=\"true\">\n<p dir=\"ltr\" lang=\"es\">\u25aa\ufe0f Ra\u00edllo despeja con la cabeza un fuerte disparo de Lamine Yamal y queda tendido.<\/p>\n<p>\u25aa\ufe0fTras varios rechaces, Ferran dispara y anota el 0-2 en Son Moix. <a href=\"https:\/\/twitter.com\/en\/hashtag\/LALIGAEASPORTS?src=hash&amp;ref_src=twsrc%5Etfw\">#LALIGAEASPORTS<\/a> <a href=\"https:\/\/twitter.com\/en\/hashtag\/LaCasaDelF%C3%BAtbol?src=hash&amp;ref_src=twsrc%5Etfw\">#LaCasaDelF\u00fatbol<\/a> <a href=\"https:\/\/t.co\/en\/JlYL2SeuWt\">pic.twitter.com\/JlYL2SeuWt<\/a><\/p>\n<p>\u2014 F\u00fatbol en Movistar Plus+ (@MovistarFutbol) <a href=\"https:\/\/twitter.com\/en\/MovistarFutbol\/status\/1956779006730162217?ref_src=twsrc%5Etfw\">August 16, 2025<\/a><\/p>\n<\/blockquote>\n<\/div>\n<p>Thus, a Catalan team with its attack zone made up for this match by the &#8216;Shark&#8217;, Lamine Yamal and Raphinha, is making its rival, RCD Mallorca, start the season in the most bitter way.<\/p>\n<p><a title=\"\u00a1Primer gol de la 25\/26! Raphinha abre el marcador para el Bar\u00e7a en Mallorca\" href=\"https:\/\/www.fcbarcelonanoticias.com\/en\/football\/laliga\/1st-goal-of-25-26-raphinha-puts-barca-ahead-in-mallorca_314157_102.html\" target=\"_self\" rel=\"follow\" data-external=\"0\" data-intl-links-en=\"https:\/\/www.fcbarcelonanoticias.com\/en\/football\/laliga\/1st-goal-of-25-26-raphinha-puts-barca-ahead-in-mallorca_314157_102.html\" data-intl-links-es=\"https:\/\/www.fcbarcelonanoticias.com\/futbol\/laliga\/primer-gol-25-26-raphinha-abre-marcador-barca-mallorca_314157_102.html\">After the first goal for Barcelona in the campaign, scored by <\/a>&#8216;<a title=\"\u00a1Primer gol de la 25\/26! Raphinha abre el marcador para el Bar\u00e7a en Mallorca\" href=\"https:\/\/www.fcbarcelonanoticias.com\/en\/football\/laliga\/1st-goal-of-25-26-raphinha-puts-barca-ahead-in-mallorca_314157_102.html\" target=\"_self\" rel=\"follow\" data-external=\"0\" data-intl-links-en=\"https:\/\/www.fcbarcelonanoticias.com\/en\/football\/laliga\/1st-goal-of-25-26-raphinha-puts-barca-ahead-in-mallorca_314157_102.html\" data-intl-links-es=\"https:\/\/www.fcbarcelonanoticias.com\/futbol\/laliga\/primer-gol-25-26-raphinha-abre-marcador-barca-mallorca_314157_102.html\">Rapha<\/a>&#8216;<a title=\"\u00a1Primer gol de la 25\/26! Raphinha abre el marcador para el Bar\u00e7a en Mallorca\" href=\"https:\/\/www.fcbarcelonanoticias.com\/en\/football\/laliga\/1st-goal-of-25-26-raphinha-puts-barca-ahead-in-mallorca_314157_102.html\" target=\"_self\" rel=\"follow\" data-external=\"0\" data-intl-links-en=\"https:\/\/www.fcbarcelonanoticias.com\/en\/football\/laliga\/1st-goal-of-25-26-raphinha-puts-barca-ahead-in-mallorca_314157_102.html\" data-intl-links-es=\"https:\/\/www.fcbarcelonanoticias.com\/futbol\/laliga\/primer-gol-25-26-raphinha-abre-marcador-barca-mallorca_314157_102.html\"> in the 7th minute<\/a>, Ferran took advantage of a controversial opportunity in the 23rd minute, when the Valencian striker gave a right-footed shot to the ball that hung it in the angle to increase the superiority of the blaugranas over the &#8216;bermellones&#8217;.<\/p>\n<h2>Ferran Torres&#8217; goal, marked by controversy<\/h2>\n<p>In this context, Ferran&#8217;s annotation was marked by tension, since, although Torres signed a great goal from outside the area, the action was surrounded by controversy, because in the action prior to the goal, Lamine Yamal sent a left-footed shot to Leo Rom\u00e1n&#8217;s goal that ended up being blocked by Antonio Ra\u00edllo with his head.<\/p>\n<p>Therefore, several Mallorca players were distracted, worried about the state of the defender of the &#8216;bermell\u00f3n&#8217; team, who remained lying in his own area, but the referee <strong>Jos\u00e9 Luis Munuera<\/strong>, seeing that other teammates continued to dispute the ball, did not stop the match.<\/p>\n<p>This decision of the referee allowed the goal to go up on the scoreboard. <strong>The decision ignited the spirits in the Balearic team, which protested vehemently for what they considered a failure of the refereeing.<\/strong><\/p>\n<h2>Ferran Torres continues unstoppable as in the 2024\/25 season<\/h2>\n<p>It is worth remembering that the &#8216;Shark&#8217; is playing as a center forward, while Robert Lewandowski recovers from discomfort in the femoral biceps of his left leg.<\/p>\n<p>Ferran Torres has become the ideal, but mainly unexpected, revulsive of the Pole. The &#8216;7&#8217; in the past campaign signed 19 goals and 7 assists in 45 commitments (1,921 minutes).<\/p>\n<p>During the current summer transfer market, the player has been linked with several clubs, especially with Aston Villa, <strong>but the attacker has always expressed his desire to succeed at Bar\u00e7a, demonstrating it in preseason, where he also scored 2 goals.<\/strong><\/p>\n<p>This version of the Valencian has meant that, for now, the Catalan team has given up on its idea of launching into the transfer window in search of a guaranteed substitute for the native of Warsaw.<\/p>\n\n\n<p><\/p>\n","protected":false},"excerpt":{"rendered":"<p>Ferran Torres increased Bar\u00e7a&#8217;s lead over Mallorca to 23 with a goal surrounded by controversy, as there was a &#8216;vermillion&#8217; player lying in the area FC Barcelona started the new season with their forwards on fire. In that sense, the person responsible for the second goal of the azulgrana team was Ferran Torres, who is [&hellip;]<\/p>\n","protected":false},"author":1,"featured_media":19289,"comment_status":"open","ping_status":"open","sticky":false,"template":"","format":"standard","meta":{"_acf_changed":false,"inline_featured_image":false,"_nextfly_llmd_date_locked":false,"footnotes":""},"categories":[448],"tags":[191,45,195,157],"class_list":["post-163509","post","type-post","status-publish","format-standard","has-post-thumbnail","hentry","category-laliga-2","tag-fc-barcelona-goalscorers","tag-fc-barcelona-vs-mallorca","tag-ferran-torres","tag-statistics"],"acf":[],"yoast_head":"<!-- This site is optimized with the Yoast SEO plugin v27.3 - https:\/\/yoast.com\/product\/yoast-seo-wordpress\/ -->\n<title>Ferran Torres: goalscoring debut with controversy included in Mallorca<\/title>\n<meta name=\"description\" content=\"Ferran Torres increased Bar\u00e7a&#039;s lead over Mallorca to 23 with a goal surrounded by controversy, as there was a &#039;vermillion&#039; player lying in the area\" \/>\n<meta name=\"robots\" content=\"index, follow, max-snippet:-1, max-image-preview:large, max-video-preview:-1\" \/>\n<link rel=\"canonical\" href=\"https:\/\/www.fcbarcelonanoticias.com\/en\/fc-barcelona\/ferran-torres-goalscoring-debut-with-controversy-included-in-mallorca_314160_102.html\" \/>\n<meta property=\"og:locale\" content=\"en_US\" \/>\n<meta property=\"og:type\" content=\"article\" \/>\n<meta property=\"og:title\" content=\"Ferran Torres: goalscoring debut with controversy included in Mallorca\" \/>\n<meta property=\"og:description\" content=\"Ferran Torres increased Bar\u00e7a&#039;s lead over Mallorca to 23 with a goal surrounded by controversy, as there was a &#039;vermillion&#039; player lying in the area\" \/>\n<meta property=\"og:url\" content=\"https:\/\/www.fcbarcelonanoticias.com\/en\/fc-barcelona\/ferran-torres-goalscoring-debut-with-controversy-included-in-mallorca_314160_102.html\" \/>\n<meta property=\"og:site_name\" content=\"EN - FC Barcelona Noticias\" \/>\n<meta property=\"article:published_time\" content=\"2025-08-16T18:54:00+00:00\" \/>\n<meta property=\"article:modified_time\" content=\"2026-04-09T09:05:35+00:00\" \/>\n<meta property=\"og:image\" content=\"https:\/\/www.fcbarcelonanoticias.com\/en\/wp-content\/uploads\/sites\/2\/2025\/08\/ferran-torres.webp\" \/>\n\t<meta property=\"og:image:width\" content=\"1200\" \/>\n\t<meta property=\"og:image:height\" content=\"675\" \/>\n\t<meta property=\"og:image:type\" content=\"image\/webp\" \/>\n<meta name=\"author\" content=\"ravidesai\" \/>\n<meta name=\"twitter:card\" content=\"summary_large_image\" \/>\n<meta name=\"twitter:label1\" content=\"Written by\" \/>\n\t<meta name=\"twitter:data1\" content=\"ravidesai\" \/>\n\t<meta name=\"twitter:label2\" content=\"Est. reading time\" \/>\n\t<meta name=\"twitter:data2\" content=\"3 minutes\" \/>\n<script type=\"application\/ld+json\" class=\"yoast-schema-graph\">{\"@context\":\"https:\\\/\\\/schema.org\",\"@graph\":[{\"@type\":\"Article\",\"@id\":\"https:\\\/\\\/www.fcbarcelonanoticias.com\\\/en\\\/fc-barcelona\\\/ferran-torres-goalscoring-debut-with-controversy-included-in-mallorca_314160_102.html#article\",\"isPartOf\":{\"@id\":\"https:\\\/\\\/www.fcbarcelonanoticias.com\\\/en\\\/fc-barcelona\\\/ferran-torres-goalscoring-debut-with-controversy-included-in-mallorca_314160_102.html\"},\"author\":{\"name\":\"ravidesai\",\"@id\":\"https:\\\/\\\/www.fcbarcelonanoticias.com\\\/en\\\/#\\\/schema\\\/person\\\/dfc58ec34e2bff99bba97ec7f1bee800\"},\"headline\":\"Ferran Torres: goalscoring debut with controversy included in Mallorca\",\"datePublished\":\"2025-08-16T18:54:00+00:00\",\"dateModified\":\"2026-04-09T09:05:35+00:00\",\"mainEntityOfPage\":{\"@id\":\"https:\\\/\\\/www.fcbarcelonanoticias.com\\\/en\\\/fc-barcelona\\\/ferran-torres-goalscoring-debut-with-controversy-included-in-mallorca_314160_102.html\"},\"wordCount\":491,\"commentCount\":0,\"image\":{\"@id\":\"https:\\\/\\\/www.fcbarcelonanoticias.com\\\/en\\\/fc-barcelona\\\/ferran-torres-goalscoring-debut-with-controversy-included-in-mallorca_314160_102.html#primaryimage\"},\"thumbnailUrl\":\"https:\\\/\\\/www.fcbarcelonanoticias.com\\\/en\\\/wp-content\\\/uploads\\\/sites\\\/2\\\/2025\\\/08\\\/ferran-torres.webp\",\"keywords\":[\"FC Barcelona Goalscorers\",\"FC Barcelona vs RCD Mallorca\",\"Ferran Torres\",\"Statistics\"],\"articleSection\":[\"LaLiga\"],\"inLanguage\":\"en-US\",\"potentialAction\":[{\"@type\":\"CommentAction\",\"name\":\"Comment\",\"target\":[\"https:\\\/\\\/www.fcbarcelonanoticias.com\\\/en\\\/fc-barcelona\\\/ferran-torres-goalscoring-debut-with-controversy-included-in-mallorca_314160_102.html#respond\"]}]},{\"@type\":\"WebPage\",\"@id\":\"https:\\\/\\\/www.fcbarcelonanoticias.com\\\/en\\\/fc-barcelona\\\/ferran-torres-goalscoring-debut-with-controversy-included-in-mallorca_314160_102.html\",\"url\":\"https:\\\/\\\/www.fcbarcelonanoticias.com\\\/en\\\/fc-barcelona\\\/ferran-torres-goalscoring-debut-with-controversy-included-in-mallorca_314160_102.html\",\"name\":\"Ferran Torres: goalscoring debut with controversy included in Mallorca\",\"isPartOf\":{\"@id\":\"https:\\\/\\\/www.fcbarcelonanoticias.com\\\/en\\\/#website\"},\"primaryImageOfPage\":{\"@id\":\"https:\\\/\\\/www.fcbarcelonanoticias.com\\\/en\\\/fc-barcelona\\\/ferran-torres-goalscoring-debut-with-controversy-included-in-mallorca_314160_102.html#primaryimage\"},\"image\":{\"@id\":\"https:\\\/\\\/www.fcbarcelonanoticias.com\\\/en\\\/fc-barcelona\\\/ferran-torres-goalscoring-debut-with-controversy-included-in-mallorca_314160_102.html#primaryimage\"},\"thumbnailUrl\":\"https:\\\/\\\/www.fcbarcelonanoticias.com\\\/en\\\/wp-content\\\/uploads\\\/sites\\\/2\\\/2025\\\/08\\\/ferran-torres.webp\",\"datePublished\":\"2025-08-16T18:54:00+00:00\",\"dateModified\":\"2026-04-09T09:05:35+00:00\",\"author\":{\"@id\":\"https:\\\/\\\/www.fcbarcelonanoticias.com\\\/en\\\/#\\\/schema\\\/person\\\/dfc58ec34e2bff99bba97ec7f1bee800\"},\"description\":\"Ferran Torres increased Bar\u00e7a's lead over Mallorca to 23 with a goal surrounded by controversy, as there was a 'vermillion' player lying in the area\",\"breadcrumb\":{\"@id\":\"https:\\\/\\\/www.fcbarcelonanoticias.com\\\/en\\\/fc-barcelona\\\/ferran-torres-goalscoring-debut-with-controversy-included-in-mallorca_314160_102.html#breadcrumb\"},\"inLanguage\":\"en-US\",\"potentialAction\":[{\"@type\":\"ReadAction\",\"target\":[\"https:\\\/\\\/www.fcbarcelonanoticias.com\\\/en\\\/fc-barcelona\\\/ferran-torres-goalscoring-debut-with-controversy-included-in-mallorca_314160_102.html\"]}]},{\"@type\":\"ImageObject\",\"inLanguage\":\"en-US\",\"@id\":\"https:\\\/\\\/www.fcbarcelonanoticias.com\\\/en\\\/fc-barcelona\\\/ferran-torres-goalscoring-debut-with-controversy-included-in-mallorca_314160_102.html#primaryimage\",\"url\":\"https:\\\/\\\/www.fcbarcelonanoticias.com\\\/en\\\/wp-content\\\/uploads\\\/sites\\\/2\\\/2025\\\/08\\\/ferran-torres.webp\",\"contentUrl\":\"https:\\\/\\\/www.fcbarcelonanoticias.com\\\/en\\\/wp-content\\\/uploads\\\/sites\\\/2\\\/2025\\\/08\\\/ferran-torres.webp\",\"width\":1200,\"height\":675},{\"@type\":\"BreadcrumbList\",\"@id\":\"https:\\\/\\\/www.fcbarcelonanoticias.com\\\/en\\\/fc-barcelona\\\/ferran-torres-goalscoring-debut-with-controversy-included-in-mallorca_314160_102.html#breadcrumb\",\"itemListElement\":[{\"@type\":\"ListItem\",\"position\":1,\"name\":\"Portada\",\"item\":\"https:\\\/\\\/www.fcbarcelonanoticias.com\\\/en\\\/\"},{\"@type\":\"ListItem\",\"position\":2,\"name\":\"Ferran Torres: goalscoring debut with controversy included in Mallorca\"}]},{\"@type\":\"WebSite\",\"@id\":\"https:\\\/\\\/www.fcbarcelonanoticias.com\\\/en\\\/#website\",\"url\":\"https:\\\/\\\/www.fcbarcelonanoticias.com\\\/en\\\/\",\"name\":\"EN - FC Barcelona Noticias\",\"description\":\"\",\"potentialAction\":[{\"@type\":\"SearchAction\",\"target\":{\"@type\":\"EntryPoint\",\"urlTemplate\":\"https:\\\/\\\/www.fcbarcelonanoticias.com\\\/en\\\/?s={search_term_string}\"},\"query-input\":{\"@type\":\"PropertyValueSpecification\",\"valueRequired\":true,\"valueName\":\"search_term_string\"}}],\"inLanguage\":\"en-US\"},{\"@type\":\"Person\",\"@id\":\"https:\\\/\\\/www.fcbarcelonanoticias.com\\\/en\\\/#\\\/schema\\\/person\\\/dfc58ec34e2bff99bba97ec7f1bee800\",\"name\":\"ravidesai\",\"image\":{\"@type\":\"ImageObject\",\"inLanguage\":\"en-US\",\"@id\":\"https:\\\/\\\/secure.gravatar.com\\\/avatar\\\/2a8edd35597ee89488963e5bf42fd7e3509f245a14eb5f256c9bff43d866b54b?s=96&d=mm&r=g\",\"url\":\"https:\\\/\\\/secure.gravatar.com\\\/avatar\\\/2a8edd35597ee89488963e5bf42fd7e3509f245a14eb5f256c9bff43d866b54b?s=96&d=mm&r=g\",\"contentUrl\":\"https:\\\/\\\/secure.gravatar.com\\\/avatar\\\/2a8edd35597ee89488963e5bf42fd7e3509f245a14eb5f256c9bff43d866b54b?s=96&d=mm&r=g\",\"caption\":\"ravidesai\"},\"description\":\"Licenciado en Periodismo por la Universidad de los Andes. Me encargo de analizar y compartir los contenidos m\u00e1s destacados de la actualidad del F\u00fatbol Club Barcelona, Mercado de Fichajes y F\u00fatbol Internacional en FCBN. La informaci\u00f3n es poder, pero tambi\u00e9n conocimiento.\",\"sameAs\":[\"https:\\\/\\\/www.fcbarcelonanoticias.com\"],\"url\":\"https:\\\/\\\/www.fcbarcelonanoticias.com\\\/en\\\/admin.html\"}]}<\/script>\n<!-- \/ Yoast SEO plugin. -->","yoast_head_json":{"title":"Ferran Torres: goalscoring debut with controversy included in Mallorca","description":"Ferran Torres increased Bar\u00e7a's lead over Mallorca to 23 with a goal surrounded by controversy, as there was a 'vermillion' player lying in the area","robots":{"index":"index","follow":"follow","max-snippet":"max-snippet:-1","max-image-preview":"max-image-preview:large","max-video-preview":"max-video-preview:-1"},"canonical":"https:\/\/www.fcbarcelonanoticias.com\/en\/fc-barcelona\/ferran-torres-goalscoring-debut-with-controversy-included-in-mallorca_314160_102.html","og_locale":"en_US","og_type":"article","og_title":"Ferran Torres: goalscoring debut with controversy included in Mallorca","og_description":"Ferran Torres increased Bar\u00e7a's lead over Mallorca to 23 with a goal surrounded by controversy, as there was a 'vermillion' player lying in the area","og_url":"https:\/\/www.fcbarcelonanoticias.com\/en\/fc-barcelona\/ferran-torres-goalscoring-debut-with-controversy-included-in-mallorca_314160_102.html","og_site_name":"EN - FC Barcelona Noticias","article_published_time":"2025-08-16T18:54:00+00:00","article_modified_time":"2026-04-09T09:05:35+00:00","og_image":[{"width":1200,"height":675,"url":"https:\/\/www.fcbarcelonanoticias.com\/en\/wp-content\/uploads\/sites\/2\/2025\/08\/ferran-torres.webp","type":"image\/webp"}],"author":"ravidesai","twitter_card":"summary_large_image","twitter_misc":{"Written by":"ravidesai","Est. reading time":"3 minutes"},"schema":{"@context":"https:\/\/schema.org","@graph":[{"@type":"Article","@id":"https:\/\/www.fcbarcelonanoticias.com\/en\/fc-barcelona\/ferran-torres-goalscoring-debut-with-controversy-included-in-mallorca_314160_102.html#article","isPartOf":{"@id":"https:\/\/www.fcbarcelonanoticias.com\/en\/fc-barcelona\/ferran-torres-goalscoring-debut-with-controversy-included-in-mallorca_314160_102.html"},"author":{"name":"ravidesai","@id":"https:\/\/www.fcbarcelonanoticias.com\/en\/#\/schema\/person\/dfc58ec34e2bff99bba97ec7f1bee800"},"headline":"Ferran Torres: goalscoring debut with controversy included in Mallorca","datePublished":"2025-08-16T18:54:00+00:00","dateModified":"2026-04-09T09:05:35+00:00","mainEntityOfPage":{"@id":"https:\/\/www.fcbarcelonanoticias.com\/en\/fc-barcelona\/ferran-torres-goalscoring-debut-with-controversy-included-in-mallorca_314160_102.html"},"wordCount":491,"commentCount":0,"image":{"@id":"https:\/\/www.fcbarcelonanoticias.com\/en\/fc-barcelona\/ferran-torres-goalscoring-debut-with-controversy-included-in-mallorca_314160_102.html#primaryimage"},"thumbnailUrl":"https:\/\/www.fcbarcelonanoticias.com\/en\/wp-content\/uploads\/sites\/2\/2025\/08\/ferran-torres.webp","keywords":["FC Barcelona Goalscorers","FC Barcelona vs RCD Mallorca","Ferran Torres","Statistics"],"articleSection":["LaLiga"],"inLanguage":"en-US","potentialAction":[{"@type":"CommentAction","name":"Comment","target":["https:\/\/www.fcbarcelonanoticias.com\/en\/fc-barcelona\/ferran-torres-goalscoring-debut-with-controversy-included-in-mallorca_314160_102.html#respond"]}]},{"@type":"WebPage","@id":"https:\/\/www.fcbarcelonanoticias.com\/en\/fc-barcelona\/ferran-torres-goalscoring-debut-with-controversy-included-in-mallorca_314160_102.html","url":"https:\/\/www.fcbarcelonanoticias.com\/en\/fc-barcelona\/ferran-torres-goalscoring-debut-with-controversy-included-in-mallorca_314160_102.html","name":"Ferran Torres: goalscoring debut with controversy included in Mallorca","isPartOf":{"@id":"https:\/\/www.fcbarcelonanoticias.com\/en\/#website"},"primaryImageOfPage":{"@id":"https:\/\/www.fcbarcelonanoticias.com\/en\/fc-barcelona\/ferran-torres-goalscoring-debut-with-controversy-included-in-mallorca_314160_102.html#primaryimage"},"image":{"@id":"https:\/\/www.fcbarcelonanoticias.com\/en\/fc-barcelona\/ferran-torres-goalscoring-debut-with-controversy-included-in-mallorca_314160_102.html#primaryimage"},"thumbnailUrl":"https:\/\/www.fcbarcelonanoticias.com\/en\/wp-content\/uploads\/sites\/2\/2025\/08\/ferran-torres.webp","datePublished":"2025-08-16T18:54:00+00:00","dateModified":"2026-04-09T09:05:35+00:00","author":{"@id":"https:\/\/www.fcbarcelonanoticias.com\/en\/#\/schema\/person\/dfc58ec34e2bff99bba97ec7f1bee800"},"description":"Ferran Torres increased Bar\u00e7a's lead over Mallorca to 23 with a goal surrounded by controversy, as there was a 'vermillion' player lying in the area","breadcrumb":{"@id":"https:\/\/www.fcbarcelonanoticias.com\/en\/fc-barcelona\/ferran-torres-goalscoring-debut-with-controversy-included-in-mallorca_314160_102.html#breadcrumb"},"inLanguage":"en-US","potentialAction":[{"@type":"ReadAction","target":["https:\/\/www.fcbarcelonanoticias.com\/en\/fc-barcelona\/ferran-torres-goalscoring-debut-with-controversy-included-in-mallorca_314160_102.html"]}]},{"@type":"ImageObject","inLanguage":"en-US","@id":"https:\/\/www.fcbarcelonanoticias.com\/en\/fc-barcelona\/ferran-torres-goalscoring-debut-with-controversy-included-in-mallorca_314160_102.html#primaryimage","url":"https:\/\/www.fcbarcelonanoticias.com\/en\/wp-content\/uploads\/sites\/2\/2025\/08\/ferran-torres.webp","contentUrl":"https:\/\/www.fcbarcelonanoticias.com\/en\/wp-content\/uploads\/sites\/2\/2025\/08\/ferran-torres.webp","width":1200,"height":675},{"@type":"BreadcrumbList","@id":"https:\/\/www.fcbarcelonanoticias.com\/en\/fc-barcelona\/ferran-torres-goalscoring-debut-with-controversy-included-in-mallorca_314160_102.html#breadcrumb","itemListElement":[{"@type":"ListItem","position":1,"name":"Portada","item":"https:\/\/www.fcbarcelonanoticias.com\/en\/"},{"@type":"ListItem","position":2,"name":"Ferran Torres: goalscoring debut with controversy included in Mallorca"}]},{"@type":"WebSite","@id":"https:\/\/www.fcbarcelonanoticias.com\/en\/#website","url":"https:\/\/www.fcbarcelonanoticias.com\/en\/","name":"EN - FC Barcelona Noticias","description":"","potentialAction":[{"@type":"SearchAction","target":{"@type":"EntryPoint","urlTemplate":"https:\/\/www.fcbarcelonanoticias.com\/en\/?s={search_term_string}"},"query-input":{"@type":"PropertyValueSpecification","valueRequired":true,"valueName":"search_term_string"}}],"inLanguage":"en-US"},{"@type":"Person","@id":"https:\/\/www.fcbarcelonanoticias.com\/en\/#\/schema\/person\/dfc58ec34e2bff99bba97ec7f1bee800","name":"ravidesai","image":{"@type":"ImageObject","inLanguage":"en-US","@id":"https:\/\/secure.gravatar.com\/avatar\/2a8edd35597ee89488963e5bf42fd7e3509f245a14eb5f256c9bff43d866b54b?s=96&d=mm&r=g","url":"https:\/\/secure.gravatar.com\/avatar\/2a8edd35597ee89488963e5bf42fd7e3509f245a14eb5f256c9bff43d866b54b?s=96&d=mm&r=g","contentUrl":"https:\/\/secure.gravatar.com\/avatar\/2a8edd35597ee89488963e5bf42fd7e3509f245a14eb5f256c9bff43d866b54b?s=96&d=mm&r=g","caption":"ravidesai"},"description":"Licenciado en Periodismo por la Universidad de los Andes. Me encargo de analizar y compartir los contenidos m\u00e1s destacados de la actualidad del F\u00fatbol Club Barcelona, Mercado de Fichajes y F\u00fatbol Internacional en FCBN. La informaci\u00f3n es poder, pero tambi\u00e9n conocimiento.","sameAs":["https:\/\/www.fcbarcelonanoticias.com"],"url":"https:\/\/www.fcbarcelonanoticias.com\/en\/admin.html"}]}},"_links":{"self":[{"href":"https:\/\/www.fcbarcelonanoticias.com\/en\/wp-json\/wp\/v2\/posts\/163509","targetHints":{"allow":["GET"]}}],"collection":[{"href":"https:\/\/www.fcbarcelonanoticias.com\/en\/wp-json\/wp\/v2\/posts"}],"about":[{"href":"https:\/\/www.fcbarcelonanoticias.com\/en\/wp-json\/wp\/v2\/types\/post"}],"author":[{"embeddable":true,"href":"https:\/\/www.fcbarcelonanoticias.com\/en\/wp-json\/wp\/v2\/users\/1"}],"replies":[{"embeddable":true,"href":"https:\/\/www.fcbarcelonanoticias.com\/en\/wp-json\/wp\/v2\/comments?post=163509"}],"version-history":[{"count":1,"href":"https:\/\/www.fcbarcelonanoticias.com\/en\/wp-json\/wp\/v2\/posts\/163509\/revisions"}],"predecessor-version":[{"id":163510,"href":"https:\/\/www.fcbarcelonanoticias.com\/en\/wp-json\/wp\/v2\/posts\/163509\/revisions\/163510"}],"wp:featuredmedia":[{"embeddable":true,"href":"https:\/\/www.fcbarcelonanoticias.com\/en\/wp-json\/wp\/v2\/media\/19289"}],"wp:attachment":[{"href":"https:\/\/www.fcbarcelonanoticias.com\/en\/wp-json\/wp\/v2\/media?parent=163509"}],"wp:term":[{"taxonomy":"category","embeddable":true,"href":"https:\/\/www.fcbarcelonanoticias.com\/en\/wp-json\/wp\/v2\/categories?post=163509"},{"taxonomy":"post_tag","embeddable":true,"href":"https:\/\/www.fcbarcelonanoticias.com\/en\/wp-json\/wp\/v2\/tags?post=163509"}],"curies":[{"name":"wp","href":"https:\/\/api.w.org\/{rel}","templated":true}]}}