{"id":16448,"date":"2023-08-20T11:10:00","date_gmt":"2023-08-20T09:10:00","guid":{"rendered":"https:\/\/weisetech.dev\/fc-barcelona-noticias\/en\/deco-seeks-to-break-the-curse-sports-management-barcelona_295297_102\/"},"modified":"2023-08-20T11:10:00","modified_gmt":"2023-08-20T09:10:00","slug":"deco-seeks-to-break-the-curse-sports-management-barcelona_295297_102","status":"publish","type":"post","link":"https:\/\/www.fcbarcelonanoticias.com\/en\/fc-barcelona\/deco-seeks-to-break-the-curse-sports-management-barcelona_295297_102.html","title":{"rendered":"Deco seeks to break the &#8216;curse&#8217; of the sports management of Bar\u00e7a"},"content":{"rendered":"<h2 class=\"wp-block-heading\">The sports management of FC Barcelona is currently going through a new restructuring, after a couple of years of stability with the Mateu Alemany-Jordi Cruyff tandem. Since 2015, no manager has lasted more than three years in office<\/h2>  \r\n<div class=\"article-addons\">\r\n    <a href=\"https:\/\/www.fcbarcelonanoticias.com\/en\/calendar-fc-barcelona.html\"\r\n       target=\"_self\"\r\n       title=\"Calendar of FC Barcelona\"\r\n       class=\"blue-gredient-btn\">\r\n       \r\n        Calendar of FC Barcelona    <\/a>\r\n<\/div>   <p>The FC Barcelona begins the season 2023\/24 in full restructuring of his sportive direction. As it has been habit in the last eight years, <strong>the club bets by a new change of rudder in his technical organisation chart, in this case by personal decisions of Joan Laporta and of Mateu Alemany<\/strong>. The arrival of Deco to the sportive direction supposes a new goodbye for Mateu, after filtering his exit to the Aston Villa in June, which did not concretise .<\/p>  <p>Then, <strong>the one who if it opted for stepping definite to the side was Jordi Cruyff<\/strong>, with the one who Alemany had done a good tandem from 2021. Cruyff Exerted like technical secretary and sportive director, yielding leadership medi\u00e1tico to Mateu. However, <a data-external=\"0\" data-intl-links-en=\"https:\/\/www.fcbarcelonanoticias.com\/en\/club\/the-first-tasks-of-deco-like-sportive-director-of-the-barca_295235_102.html\" data-intl-links-es=\"https:\/\/www.fcbarcelonanoticias.com\/club\/primeras-tareas-deco-como-director-deportivo-barca_295235_102.html\" href=\"https:\/\/www.fcbarcelonanoticias.com\/en\/club\/the-first-tasks-of-deco-like-sportive-director-of-the-barca_295235_102.html\" rel=\"follow\" target=\"_self\" title=\"Las primeras tareas de Deco como director deportivo del Bar\u00e7a\">the return of Deco to the club<\/a> supposes a change of cycle in an area that, from the exit of Andoni Zubizarreta in 2015, has lacked stability and, in a lot of cases, logic to take decisions.<\/p>  <h2>Eight years of a lot of changes and projects fallidos<\/h2>  <p>The start of the mandate of Josep Mar\u00eda Bartomeu brought achieve the arrival of <strong>Robert Fern\u00e1ndez<\/strong> like technical secretary of the first team, with <strong>Pep Safe<\/strong> to charge of the filial. Fern\u00e1ndez held the &#8216;serials&#8217; of the goodbye of Neymar and the arrivals of Ousmane Demb\u00e9l\u00e9 and Philippe Coutinho in 2017, leaving the witness to Safe in 2018 after differences with Bartomeu. Pep, by his part, stepped to the side a year later, after varied brush with <strong>Eric Abidal<\/strong>.<\/p>  <p><strong>The ex side cul\u00e9 went out by the rear door in 2020<\/strong> after a bochornoso crossing with the staff, just when the club crossed his worst sportive moment of the last 20 years. <strong>Ram\u00f3n Plans commissioned of the technical secretary until finals of 2021<\/strong>, although Joan Laporta restarted the control around the middle of year. The return of Joan brought achieve to Alemany and Cruyff. Now, Deco assumes the challenge to break the &#8216;maleficio&#8217; of a very hot charge in Can Bar\u00e7a.<\/p>  <h2>Deco Will try to emulate the done by <strong>Begiristain<\/strong> <\/h2>  <p>The ex international luso landed in Catalonia in 2004, just when <strong>Txiki Begiristain began to give touch them final to the team of Frank Rijkaard<\/strong>. Begiristain<strong> <\/strong>Was seven years in the technical office, until June of 2010. Andoni Zubizarreta Occupied the charge until 2015 and, from here from now on, already know the history. <strong><a data-external=\"0\" data-intl-links-en=\"https:\/\/www.fcbarcelonanoticias.com\/en\/fc-barcelona\/total-union-they-deny-alleged-differences-between-xavi-and-deco_295198_102.html\" data-intl-links-es=\"https:\/\/www.fcbarcelonanoticias.com\/fc-barcelona\/union-total-desmienten-presuntas-diferencias-entre-xavi-deco_295198_102.html\" href=\"https:\/\/www.fcbarcelonanoticias.com\/en\/fc-barcelona\/total-union-they-deny-alleged-differences-between-xavi-and-deco_295198_102.html\" rel=\"follow\" target=\"_self\" title=\"\u00a1Uni\u00f3n total! Desmienten presuntas diferencias entre Xavi y Deco\">Deco Will bet by his good relation with Xavi Hern\u00e1ndez<\/a> like the base of his management<\/strong>, in addition to incorporating to other old known (Bojan Krkic, the first) to win confidence to his around. In the meantime, Laporta assents expecting time of elder calms in the flat elder cul\u00e9.<\/p> ","protected":false},"excerpt":{"rendered":"<p>The sports management of FC Barcelona is currently going through a new restructuring, after a couple of years of stability with the Mateu Alemany-Jordi Cruyff tandem. Since 2015, no manager has lasted more than three years in office The FC Barcelona begins the season 2023\/24 in full restructuring of his sportive direction. As it has [&hellip;]<\/p>\n","protected":false},"author":347,"featured_media":16242,"comment_status":"closed","ping_status":"open","sticky":false,"template":"","format":"standard","meta":{"_acf_changed":false,"inline_featured_image":false,"_nextfly_llmd_date_locked":false,"footnotes":""},"categories":[111],"tags":[158,329],"class_list":["post-16448","post","type-post","status-publish","format-standard","has-post-thumbnail","hentry","category-fc-barcelona","tag-joan-laporta","tag-mateu-alemany"],"acf":[],"yoast_head":"<!-- This site is optimized with the Yoast SEO plugin v27.3 - https:\/\/yoast.com\/product\/yoast-seo-wordpress\/ -->\n<title>Deco seeks to break the &#039;curse&#039; of the sports management of Bar\u00e7a<\/title>\n<meta name=\"description\" content=\"The sports management of FC Barcelona is currently going through a new restructuring, after a couple of years of stability with the Mateu Alemany-Jordi Cruyff tandem. Since 2015, no manager has lasted more than three years in office\" \/>\n<meta name=\"robots\" content=\"index, follow, max-snippet:-1, max-image-preview:large, max-video-preview:-1\" \/>\n<link rel=\"canonical\" href=\"https:\/\/www.fcbarcelonanoticias.com\/en\/fc-barcelona\/deco-seeks-to-break-the-curse-sports-management-barcelona_295297_102.html\" \/>\n<meta property=\"og:locale\" content=\"en_US\" \/>\n<meta property=\"og:type\" content=\"article\" \/>\n<meta property=\"og:title\" content=\"Deco seeks to break the &#039;curse&#039; of the sports management of Bar\u00e7a\" \/>\n<meta property=\"og:description\" content=\"The sports management of FC Barcelona is currently going through a new restructuring, after a couple of years of stability with the Mateu Alemany-Jordi Cruyff tandem. Since 2015, no manager has lasted more than three years in office\" \/>\n<meta property=\"og:url\" content=\"https:\/\/www.fcbarcelonanoticias.com\/en\/fc-barcelona\/deco-seeks-to-break-the-curse-sports-management-barcelona_295297_102.html\" \/>\n<meta property=\"og:site_name\" content=\"EN - FC Barcelona Noticias\" \/>\n<meta property=\"article:published_time\" content=\"2023-08-20T09:10:00+00:00\" \/>\n<meta property=\"og:image\" content=\"https:\/\/www.fcbarcelonanoticias.com\/en\/wp-content\/uploads\/sites\/2\/2021\/05\/deco.jpeg\" \/>\n\t<meta property=\"og:image:width\" content=\"1250\" \/>\n\t<meta property=\"og:image:height\" content=\"750\" \/>\n\t<meta property=\"og:image:type\" content=\"image\/jpeg\" \/>\n<meta name=\"author\" content=\"Andr\u00e9s Quiroz\" \/>\n<meta name=\"twitter:card\" content=\"summary_large_image\" \/>\n<meta name=\"twitter:label1\" content=\"Written by\" \/>\n\t<meta name=\"twitter:data1\" content=\"Andr\u00e9s Quiroz\" \/>\n\t<meta name=\"twitter:label2\" content=\"Est. reading time\" \/>\n\t<meta name=\"twitter:data2\" content=\"2 minutes\" \/>\n<script type=\"application\/ld+json\" class=\"yoast-schema-graph\">{\"@context\":\"https:\\\/\\\/schema.org\",\"@graph\":[{\"@type\":\"Article\",\"@id\":\"https:\\\/\\\/www.fcbarcelonanoticias.com\\\/en\\\/fc-barcelona\\\/deco-seeks-to-break-the-curse-sports-management-barcelona_295297_102.html#article\",\"isPartOf\":{\"@id\":\"https:\\\/\\\/www.fcbarcelonanoticias.com\\\/en\\\/fc-barcelona\\\/deco-seeks-to-break-the-curse-sports-management-barcelona_295297_102.html\"},\"author\":{\"name\":\"Andr\u00e9s Quiroz\",\"@id\":\"https:\\\/\\\/www.fcbarcelonanoticias.com\\\/en\\\/#\\\/schema\\\/person\\\/c2cd9f6fa1af5c0d0eccd0fefa575c88\"},\"headline\":\"Deco seeks to break the &#8216;curse&#8217; of the sports management of Bar\u00e7a\",\"datePublished\":\"2023-08-20T09:10:00+00:00\",\"mainEntityOfPage\":{\"@id\":\"https:\\\/\\\/www.fcbarcelonanoticias.com\\\/en\\\/fc-barcelona\\\/deco-seeks-to-break-the-curse-sports-management-barcelona_295297_102.html\"},\"wordCount\":488,\"image\":{\"@id\":\"https:\\\/\\\/www.fcbarcelonanoticias.com\\\/en\\\/fc-barcelona\\\/deco-seeks-to-break-the-curse-sports-management-barcelona_295297_102.html#primaryimage\"},\"thumbnailUrl\":\"https:\\\/\\\/www.fcbarcelonanoticias.com\\\/en\\\/wp-content\\\/uploads\\\/sites\\\/2\\\/2021\\\/05\\\/deco.jpeg\",\"keywords\":[\"Joan Laporta\",\"Mateu Alemany\"],\"articleSection\":[\"FC Barcelona\"],\"inLanguage\":\"en-US\"},{\"@type\":\"WebPage\",\"@id\":\"https:\\\/\\\/www.fcbarcelonanoticias.com\\\/en\\\/fc-barcelona\\\/deco-seeks-to-break-the-curse-sports-management-barcelona_295297_102.html\",\"url\":\"https:\\\/\\\/www.fcbarcelonanoticias.com\\\/en\\\/fc-barcelona\\\/deco-seeks-to-break-the-curse-sports-management-barcelona_295297_102.html\",\"name\":\"Deco seeks to break the 'curse' of the sports management of Bar\u00e7a\",\"isPartOf\":{\"@id\":\"https:\\\/\\\/www.fcbarcelonanoticias.com\\\/en\\\/#website\"},\"primaryImageOfPage\":{\"@id\":\"https:\\\/\\\/www.fcbarcelonanoticias.com\\\/en\\\/fc-barcelona\\\/deco-seeks-to-break-the-curse-sports-management-barcelona_295297_102.html#primaryimage\"},\"image\":{\"@id\":\"https:\\\/\\\/www.fcbarcelonanoticias.com\\\/en\\\/fc-barcelona\\\/deco-seeks-to-break-the-curse-sports-management-barcelona_295297_102.html#primaryimage\"},\"thumbnailUrl\":\"https:\\\/\\\/www.fcbarcelonanoticias.com\\\/en\\\/wp-content\\\/uploads\\\/sites\\\/2\\\/2021\\\/05\\\/deco.jpeg\",\"datePublished\":\"2023-08-20T09:10:00+00:00\",\"author\":{\"@id\":\"https:\\\/\\\/www.fcbarcelonanoticias.com\\\/en\\\/#\\\/schema\\\/person\\\/c2cd9f6fa1af5c0d0eccd0fefa575c88\"},\"description\":\"The sports management of FC Barcelona is currently going through a new restructuring, after a couple of years of stability with the Mateu Alemany-Jordi Cruyff tandem. Since 2015, no manager has lasted more than three years in office\",\"breadcrumb\":{\"@id\":\"https:\\\/\\\/www.fcbarcelonanoticias.com\\\/en\\\/fc-barcelona\\\/deco-seeks-to-break-the-curse-sports-management-barcelona_295297_102.html#breadcrumb\"},\"inLanguage\":\"en-US\",\"potentialAction\":[{\"@type\":\"ReadAction\",\"target\":[\"https:\\\/\\\/www.fcbarcelonanoticias.com\\\/en\\\/fc-barcelona\\\/deco-seeks-to-break-the-curse-sports-management-barcelona_295297_102.html\"]}]},{\"@type\":\"ImageObject\",\"inLanguage\":\"en-US\",\"@id\":\"https:\\\/\\\/www.fcbarcelonanoticias.com\\\/en\\\/fc-barcelona\\\/deco-seeks-to-break-the-curse-sports-management-barcelona_295297_102.html#primaryimage\",\"url\":\"https:\\\/\\\/www.fcbarcelonanoticias.com\\\/en\\\/wp-content\\\/uploads\\\/sites\\\/2\\\/2021\\\/05\\\/deco.jpeg\",\"contentUrl\":\"https:\\\/\\\/www.fcbarcelonanoticias.com\\\/en\\\/wp-content\\\/uploads\\\/sites\\\/2\\\/2021\\\/05\\\/deco.jpeg\",\"width\":1250,\"height\":750},{\"@type\":\"BreadcrumbList\",\"@id\":\"https:\\\/\\\/www.fcbarcelonanoticias.com\\\/en\\\/fc-barcelona\\\/deco-seeks-to-break-the-curse-sports-management-barcelona_295297_102.html#breadcrumb\",\"itemListElement\":[{\"@type\":\"ListItem\",\"position\":1,\"name\":\"Portada\",\"item\":\"https:\\\/\\\/www.fcbarcelonanoticias.com\\\/en\\\/\"},{\"@type\":\"ListItem\",\"position\":2,\"name\":\"Deco seeks to break the &#8216;curse&#8217; of the sports management of Bar\u00e7a\"}]},{\"@type\":\"WebSite\",\"@id\":\"https:\\\/\\\/www.fcbarcelonanoticias.com\\\/en\\\/#website\",\"url\":\"https:\\\/\\\/www.fcbarcelonanoticias.com\\\/en\\\/\",\"name\":\"EN - FC Barcelona Noticias\",\"description\":\"\",\"potentialAction\":[{\"@type\":\"SearchAction\",\"target\":{\"@type\":\"EntryPoint\",\"urlTemplate\":\"https:\\\/\\\/www.fcbarcelonanoticias.com\\\/en\\\/?s={search_term_string}\"},\"query-input\":{\"@type\":\"PropertyValueSpecification\",\"valueRequired\":true,\"valueName\":\"search_term_string\"}}],\"inLanguage\":\"en-US\"},{\"@type\":\"Person\",\"@id\":\"https:\\\/\\\/www.fcbarcelonanoticias.com\\\/en\\\/#\\\/schema\\\/person\\\/c2cd9f6fa1af5c0d0eccd0fefa575c88\",\"name\":\"Andr\u00e9s Quiroz\",\"image\":{\"@type\":\"ImageObject\",\"inLanguage\":\"en-US\",\"@id\":\"https:\\\/\\\/secure.gravatar.com\\\/avatar\\\/?s=96&d=mm&r=g\",\"url\":\"https:\\\/\\\/secure.gravatar.com\\\/avatar\\\/?s=96&d=mm&r=g\",\"contentUrl\":\"https:\\\/\\\/secure.gravatar.com\\\/avatar\\\/?s=96&d=mm&r=g\",\"caption\":\"Andr\u00e9s Quiroz\"},\"description\":\"Licenciado en Periodismo por la Universidad de los Andes. Me encargo de analizar y compartir los contenidos m\u00e1s destacados de la\u00a0actualidad del F\u00fatbol Club Barcelona, Mercado de Fichajes y F\u00fatbol Internacional en FCBN. La informaci\u00f3n es poder, pero tambi\u00e9n conocimiento.\",\"url\":\"https:\\\/\\\/www.fcbarcelonanoticias.com\\\/en\\\/fc-barcelona\\\/andres-quiroz_17_115.html\"}]}<\/script>\n<!-- \/ Yoast SEO plugin. -->","yoast_head_json":{"title":"Deco seeks to break the 'curse' of the sports management of Bar\u00e7a","description":"The sports management of FC Barcelona is currently going through a new restructuring, after a couple of years of stability with the Mateu Alemany-Jordi Cruyff tandem. Since 2015, no manager has lasted more than three years in office","robots":{"index":"index","follow":"follow","max-snippet":"max-snippet:-1","max-image-preview":"max-image-preview:large","max-video-preview":"max-video-preview:-1"},"canonical":"https:\/\/www.fcbarcelonanoticias.com\/en\/fc-barcelona\/deco-seeks-to-break-the-curse-sports-management-barcelona_295297_102.html","og_locale":"en_US","og_type":"article","og_title":"Deco seeks to break the 'curse' of the sports management of Bar\u00e7a","og_description":"The sports management of FC Barcelona is currently going through a new restructuring, after a couple of years of stability with the Mateu Alemany-Jordi Cruyff tandem. Since 2015, no manager has lasted more than three years in office","og_url":"https:\/\/www.fcbarcelonanoticias.com\/en\/fc-barcelona\/deco-seeks-to-break-the-curse-sports-management-barcelona_295297_102.html","og_site_name":"EN - FC Barcelona Noticias","article_published_time":"2023-08-20T09:10:00+00:00","og_image":[{"width":1250,"height":750,"url":"https:\/\/www.fcbarcelonanoticias.com\/en\/wp-content\/uploads\/sites\/2\/2021\/05\/deco.jpeg","type":"image\/jpeg"}],"author":"Andr\u00e9s Quiroz","twitter_card":"summary_large_image","twitter_misc":{"Written by":"Andr\u00e9s Quiroz","Est. reading time":"2 minutes"},"schema":{"@context":"https:\/\/schema.org","@graph":[{"@type":"Article","@id":"https:\/\/www.fcbarcelonanoticias.com\/en\/fc-barcelona\/deco-seeks-to-break-the-curse-sports-management-barcelona_295297_102.html#article","isPartOf":{"@id":"https:\/\/www.fcbarcelonanoticias.com\/en\/fc-barcelona\/deco-seeks-to-break-the-curse-sports-management-barcelona_295297_102.html"},"author":{"name":"Andr\u00e9s Quiroz","@id":"https:\/\/www.fcbarcelonanoticias.com\/en\/#\/schema\/person\/c2cd9f6fa1af5c0d0eccd0fefa575c88"},"headline":"Deco seeks to break the &#8216;curse&#8217; of the sports management of Bar\u00e7a","datePublished":"2023-08-20T09:10:00+00:00","mainEntityOfPage":{"@id":"https:\/\/www.fcbarcelonanoticias.com\/en\/fc-barcelona\/deco-seeks-to-break-the-curse-sports-management-barcelona_295297_102.html"},"wordCount":488,"image":{"@id":"https:\/\/www.fcbarcelonanoticias.com\/en\/fc-barcelona\/deco-seeks-to-break-the-curse-sports-management-barcelona_295297_102.html#primaryimage"},"thumbnailUrl":"https:\/\/www.fcbarcelonanoticias.com\/en\/wp-content\/uploads\/sites\/2\/2021\/05\/deco.jpeg","keywords":["Joan Laporta","Mateu Alemany"],"articleSection":["FC Barcelona"],"inLanguage":"en-US"},{"@type":"WebPage","@id":"https:\/\/www.fcbarcelonanoticias.com\/en\/fc-barcelona\/deco-seeks-to-break-the-curse-sports-management-barcelona_295297_102.html","url":"https:\/\/www.fcbarcelonanoticias.com\/en\/fc-barcelona\/deco-seeks-to-break-the-curse-sports-management-barcelona_295297_102.html","name":"Deco seeks to break the 'curse' of the sports management of Bar\u00e7a","isPartOf":{"@id":"https:\/\/www.fcbarcelonanoticias.com\/en\/#website"},"primaryImageOfPage":{"@id":"https:\/\/www.fcbarcelonanoticias.com\/en\/fc-barcelona\/deco-seeks-to-break-the-curse-sports-management-barcelona_295297_102.html#primaryimage"},"image":{"@id":"https:\/\/www.fcbarcelonanoticias.com\/en\/fc-barcelona\/deco-seeks-to-break-the-curse-sports-management-barcelona_295297_102.html#primaryimage"},"thumbnailUrl":"https:\/\/www.fcbarcelonanoticias.com\/en\/wp-content\/uploads\/sites\/2\/2021\/05\/deco.jpeg","datePublished":"2023-08-20T09:10:00+00:00","author":{"@id":"https:\/\/www.fcbarcelonanoticias.com\/en\/#\/schema\/person\/c2cd9f6fa1af5c0d0eccd0fefa575c88"},"description":"The sports management of FC Barcelona is currently going through a new restructuring, after a couple of years of stability with the Mateu Alemany-Jordi Cruyff tandem. Since 2015, no manager has lasted more than three years in office","breadcrumb":{"@id":"https:\/\/www.fcbarcelonanoticias.com\/en\/fc-barcelona\/deco-seeks-to-break-the-curse-sports-management-barcelona_295297_102.html#breadcrumb"},"inLanguage":"en-US","potentialAction":[{"@type":"ReadAction","target":["https:\/\/www.fcbarcelonanoticias.com\/en\/fc-barcelona\/deco-seeks-to-break-the-curse-sports-management-barcelona_295297_102.html"]}]},{"@type":"ImageObject","inLanguage":"en-US","@id":"https:\/\/www.fcbarcelonanoticias.com\/en\/fc-barcelona\/deco-seeks-to-break-the-curse-sports-management-barcelona_295297_102.html#primaryimage","url":"https:\/\/www.fcbarcelonanoticias.com\/en\/wp-content\/uploads\/sites\/2\/2021\/05\/deco.jpeg","contentUrl":"https:\/\/www.fcbarcelonanoticias.com\/en\/wp-content\/uploads\/sites\/2\/2021\/05\/deco.jpeg","width":1250,"height":750},{"@type":"BreadcrumbList","@id":"https:\/\/www.fcbarcelonanoticias.com\/en\/fc-barcelona\/deco-seeks-to-break-the-curse-sports-management-barcelona_295297_102.html#breadcrumb","itemListElement":[{"@type":"ListItem","position":1,"name":"Portada","item":"https:\/\/www.fcbarcelonanoticias.com\/en\/"},{"@type":"ListItem","position":2,"name":"Deco seeks to break the &#8216;curse&#8217; of the sports management of Bar\u00e7a"}]},{"@type":"WebSite","@id":"https:\/\/www.fcbarcelonanoticias.com\/en\/#website","url":"https:\/\/www.fcbarcelonanoticias.com\/en\/","name":"EN - FC Barcelona Noticias","description":"","potentialAction":[{"@type":"SearchAction","target":{"@type":"EntryPoint","urlTemplate":"https:\/\/www.fcbarcelonanoticias.com\/en\/?s={search_term_string}"},"query-input":{"@type":"PropertyValueSpecification","valueRequired":true,"valueName":"search_term_string"}}],"inLanguage":"en-US"},{"@type":"Person","@id":"https:\/\/www.fcbarcelonanoticias.com\/en\/#\/schema\/person\/c2cd9f6fa1af5c0d0eccd0fefa575c88","name":"Andr\u00e9s Quiroz","image":{"@type":"ImageObject","inLanguage":"en-US","@id":"https:\/\/secure.gravatar.com\/avatar\/?s=96&d=mm&r=g","url":"https:\/\/secure.gravatar.com\/avatar\/?s=96&d=mm&r=g","contentUrl":"https:\/\/secure.gravatar.com\/avatar\/?s=96&d=mm&r=g","caption":"Andr\u00e9s Quiroz"},"description":"Licenciado en Periodismo por la Universidad de los Andes. Me encargo de analizar y compartir los contenidos m\u00e1s destacados de la\u00a0actualidad del F\u00fatbol Club Barcelona, Mercado de Fichajes y F\u00fatbol Internacional en FCBN. La informaci\u00f3n es poder, pero tambi\u00e9n conocimiento.","url":"https:\/\/www.fcbarcelonanoticias.com\/en\/fc-barcelona\/andres-quiroz_17_115.html"}]}},"_links":{"self":[{"href":"https:\/\/www.fcbarcelonanoticias.com\/en\/wp-json\/wp\/v2\/posts\/16448","targetHints":{"allow":["GET"]}}],"collection":[{"href":"https:\/\/www.fcbarcelonanoticias.com\/en\/wp-json\/wp\/v2\/posts"}],"about":[{"href":"https:\/\/www.fcbarcelonanoticias.com\/en\/wp-json\/wp\/v2\/types\/post"}],"author":[{"embeddable":true,"href":"https:\/\/www.fcbarcelonanoticias.com\/en\/wp-json\/wp\/v2\/users\/347"}],"replies":[{"embeddable":true,"href":"https:\/\/www.fcbarcelonanoticias.com\/en\/wp-json\/wp\/v2\/comments?post=16448"}],"version-history":[{"count":1,"href":"https:\/\/www.fcbarcelonanoticias.com\/en\/wp-json\/wp\/v2\/posts\/16448\/revisions"}],"predecessor-version":[{"id":102400,"href":"https:\/\/www.fcbarcelonanoticias.com\/en\/wp-json\/wp\/v2\/posts\/16448\/revisions\/102400"}],"wp:featuredmedia":[{"embeddable":true,"href":"https:\/\/www.fcbarcelonanoticias.com\/en\/wp-json\/wp\/v2\/media\/16242"}],"wp:attachment":[{"href":"https:\/\/www.fcbarcelonanoticias.com\/en\/wp-json\/wp\/v2\/media?parent=16448"}],"wp:term":[{"taxonomy":"category","embeddable":true,"href":"https:\/\/www.fcbarcelonanoticias.com\/en\/wp-json\/wp\/v2\/categories?post=16448"},{"taxonomy":"post_tag","embeddable":true,"href":"https:\/\/www.fcbarcelonanoticias.com\/en\/wp-json\/wp\/v2\/tags?post=16448"}],"curies":[{"name":"wp","href":"https:\/\/api.w.org\/{rel}","templated":true}]}}