{"id":16792,"date":"2022-01-18T23:47:00","date_gmt":"2022-01-18T22:47:00","guid":{"rendered":"https:\/\/weisetech.dev\/fc-barcelona-noticias\/en\/dani-alves-invited-to-messi-to-withdraw-in-the-barca-it-would-be_277058_102\/"},"modified":"2022-01-18T23:47:00","modified_gmt":"2022-01-18T22:47:00","slug":"dani-alves-invited-to-messi-to-withdraw-in-the-barca-it-would-be_277058_102","status":"publish","type":"post","link":"https:\/\/www.fcbarcelonanoticias.com\/en\/fc-barcelona\/dani-alves-invited-to-messi-to-withdraw-in-the-barca-it-would-be_277058_102.html","title":{"rendered":"Dani Alves invited Messi to retire at Bar\u00e7a: &#8220;It would be a great gift&#8221;"},"content":{"rendered":"<h2 class=\"wp-block-heading\">In an interview with the Catalunya R\u00e0dio program &#8216;Tot Costa&#8217;, the experienced winger stated that, for Messi, it would be a great gift to end his career at FC Barcelona. In addition, he described Xavi as &#8220;the leader of Bar\u00e7a 3.0&#8221;<\/h2>  \r\n<div class=\"article-addons\">\r\n    <a href=\"https:\/\/www.fcbarcelonanoticias.com\/en\/calendar-fc-barcelona.html\"\r\n       target=\"_self\"\r\n       title=\"Calendar of FC Barcelona\"\r\n       class=\"blue-gredient-btn\">\r\n       \r\n        Calendar of FC Barcelona    <\/a>\r\n<\/div>   <p>Dani Alves Analysed the actuality of the <a data-external=\"0\" data-intl-links-en=\"https:\/\/www.fcbarcelonanoticias.com\/en\/transfers\/the-barca-will-have-to-win-to-the-direction-of-chelsea-to-arrive-to-azpilicueta_277056_102.html\" data-intl-links-es=\"https:\/\/www.fcbarcelonanoticias.com\/fichajes\/barcelona-debera-vencer-direccion-chelsea-llegar-azpilicueta_277056_102.html\" href=\"https:\/\/www.fcbarcelonanoticias.com\/en\/transfers\/the-barca-will-have-to-win-to-the-direction-of-chelsea-to-arrive-to-azpilicueta_277056_102.html\" rel=\"follow\" target=\"_self\" title=\"El Bar\u00e7a deber\u00e1 vencer a la direcci\u00f3n del Chelsea para llegar a Azpilicueta\">FC Barcelona<\/a> in an interview conceded to the program &#8216;Tot Coast&#8217; of Catalonia R\u00e0dio. <strong>The player of 38 years invited to Lionel Messi to return to the Bar\u00e7a<\/strong>, since it would be a big gift for him withdraw in the club. &#8220;No only it is the best player cul\u00e9 of the history, but of the history of the world-wide football; it is odd to be here and not to have it, but the things no always suceden as we dream&#8221;, said Alves.<\/p>  <p>However, the Brazilian side ensured that some time have spoken it: &#8220;where you will be better that here?&#8221;. Thus, <strong>Alves does not renounce to the idea to see to Messi withdrawing in the Bar\u00e7a <\/strong>because &#8220;if the things are good it is necessary to repeat them&#8221;, this regarding his return to Catalonia.<\/p>  <p>Besides, Alves ensured that it remained him &#8220;the espinita&#8221; of not being able to sack of Lionel as it had wanted. <strong>&#8220;It would be very beautiful that the directive commissioned of his return&#8221;<\/strong>, added the one of Bay, that never bites the tongue to say what thinks.<\/p>  <p>On the actuality blaugrana, Alves thinks that in Barcelona always looks for revolutionise the football ,as sucedi\u00f3 with Cruyff and Guardiola. However, the situation of the club does that all cost more now, by which has to return to the &#8220;love by the ball and by the game&#8221;. <strong>&#8220;It is painful to see where has been driven the <a data-external=\"0\" data-intl-links-en=\"https:\/\/www.fcbarcelonanoticias.com\/en\/fc-barcelona\/marathon-barcelona-could-chain-eight-matches-away-from-home_277049_102.html\" data-intl-links-es=\"https:\/\/www.fcbarcelonanoticias.com\/fc-barcelona\/maraton-barcelona-podria-encadenar-hasta-ocho-partidos-fuera-casa_277049_102.html\" href=\"https:\/\/www.fcbarcelonanoticias.com\/en\/fc-barcelona\/marathon-barcelona-could-chain-eight-matches-away-from-home_277049_102.html\" rel=\"follow\" target=\"_self\" title=\"\u00a1Marat\u00f3n! El Bar\u00e7a podr\u00eda encadenar hasta ocho partidos fuera de casa\">Bar\u00e7a<\/a>, but it is necessary to centre in the solution and in the how will do it to bring him of turn&#8221;<\/strong>, manifested the side.<\/p>  <h3>The version 3.0 of the Bar\u00e7a<\/h3>  <p>On the arrival of Xavi Hern\u00e1ndez to the bench cul\u00e9, Dani Alves ensures that &#8220;it is of brave come and assume the technical direction in these moments&#8221;. For the player with more titles in the history of the football (44), <strong>&#8220;Xavi trainer is the version 3.0 of the Bar\u00e7a because tene the same philosophy that Guardiola, the same style&#8221;<\/strong>.<\/p>  <p>On the Classical of the past week, <strong>the Brazilian thinks that the Bar\u00e7a went out strengthened<\/strong> because they showed that they can compete and correct the errors without going down the arms. For Alves, the team is &#8220;in good way&#8221; and in front of the Real Madrid showed it. From his incripci\u00f3n, the player of 38 years has been headline in all the parties with the blaugranas.<\/p> ","protected":false},"excerpt":{"rendered":"<p>In an interview with the Catalunya R\u00e0dio program &#8216;Tot Costa&#8217;, the experienced winger stated that, for Messi, it would be a great gift to end his career at FC Barcelona. In addition, he described Xavi as &#8220;the leader of Bar\u00e7a 3.0&#8221; Dani Alves Analysed the actuality of the FC Barcelona in an interview conceded to [&hellip;]<\/p>\n","protected":false},"author":347,"featured_media":16793,"comment_status":"closed","ping_status":"open","sticky":false,"template":"","format":"standard","meta":{"_acf_changed":false,"inline_featured_image":false,"_nextfly_llmd_date_locked":false,"footnotes":""},"categories":[111],"tags":[225],"class_list":["post-16792","post","type-post","status-publish","format-standard","has-post-thumbnail","hentry","category-fc-barcelona","tag-dani-alves"],"acf":[],"yoast_head":"<!-- This site is optimized with the Yoast SEO plugin v27.3 - https:\/\/yoast.com\/product\/yoast-seo-wordpress\/ -->\n<title>Dani Alves invited Messi to retire at Bar\u00e7a: &quot;It would be a great gift&quot;<\/title>\n<meta name=\"description\" content=\"In an interview to the program &#039;Tot Coast&#039; of Catalonia R\u00e0dio, the experienced lateral affirmed that, for Messi, would be a big gift finish his career in the...\" \/>\n<meta name=\"robots\" content=\"index, follow, max-snippet:-1, max-image-preview:large, max-video-preview:-1\" \/>\n<link rel=\"canonical\" href=\"https:\/\/www.fcbarcelonanoticias.com\/en\/fc-barcelona\/dani-alves-invited-to-messi-to-withdraw-in-the-barca-it-would-be_277058_102.html\" \/>\n<meta property=\"og:locale\" content=\"en_US\" \/>\n<meta property=\"og:type\" content=\"article\" \/>\n<meta property=\"og:title\" content=\"Dani Alves invited Messi to retire at Bar\u00e7a: &quot;It would be a great gift&quot;\" \/>\n<meta property=\"og:description\" content=\"In an interview to the program &#039;Tot Coast&#039; of Catalonia R\u00e0dio, the experienced lateral affirmed that, for Messi, would be a big gift finish his career in the...\" \/>\n<meta property=\"og:url\" content=\"https:\/\/www.fcbarcelonanoticias.com\/en\/fc-barcelona\/dani-alves-invited-to-messi-to-withdraw-in-the-barca-it-would-be_277058_102.html\" \/>\n<meta property=\"og:site_name\" content=\"EN - FC Barcelona Noticias\" \/>\n<meta property=\"article:published_time\" content=\"2022-01-18T22:47:00+00:00\" \/>\n<meta property=\"og:image\" content=\"https:\/\/www.fcbarcelonanoticias.com\/en\/wp-content\/uploads\/sites\/2\/2022\/01\/alves-aportara-barca.jpeg\" \/>\n\t<meta property=\"og:image:width\" content=\"1300\" \/>\n\t<meta property=\"og:image:height\" content=\"731\" \/>\n\t<meta property=\"og:image:type\" content=\"image\/jpeg\" \/>\n<meta name=\"author\" content=\"Andr\u00e9s Quiroz\" \/>\n<meta name=\"twitter:card\" content=\"summary_large_image\" \/>\n<meta name=\"twitter:label1\" content=\"Written by\" \/>\n\t<meta name=\"twitter:data1\" content=\"Andr\u00e9s Quiroz\" \/>\n\t<meta name=\"twitter:label2\" content=\"Est. reading time\" \/>\n\t<meta name=\"twitter:data2\" content=\"2 minutes\" \/>\n<script type=\"application\/ld+json\" class=\"yoast-schema-graph\">{\"@context\":\"https:\\\/\\\/schema.org\",\"@graph\":[{\"@type\":\"Article\",\"@id\":\"https:\\\/\\\/www.fcbarcelonanoticias.com\\\/en\\\/fc-barcelona\\\/dani-alves-invited-to-messi-to-withdraw-in-the-barca-it-would-be_277058_102.html#article\",\"isPartOf\":{\"@id\":\"https:\\\/\\\/www.fcbarcelonanoticias.com\\\/en\\\/fc-barcelona\\\/dani-alves-invited-to-messi-to-withdraw-in-the-barca-it-would-be_277058_102.html\"},\"author\":{\"name\":\"Andr\u00e9s Quiroz\",\"@id\":\"https:\\\/\\\/www.fcbarcelonanoticias.com\\\/en\\\/#\\\/schema\\\/person\\\/c2cd9f6fa1af5c0d0eccd0fefa575c88\"},\"headline\":\"Dani Alves invited Messi to retire at Bar\u00e7a: &#8220;It would be a great gift&#8221;\",\"datePublished\":\"2022-01-18T22:47:00+00:00\",\"mainEntityOfPage\":{\"@id\":\"https:\\\/\\\/www.fcbarcelonanoticias.com\\\/en\\\/fc-barcelona\\\/dani-alves-invited-to-messi-to-withdraw-in-the-barca-it-would-be_277058_102.html\"},\"wordCount\":464,\"image\":{\"@id\":\"https:\\\/\\\/www.fcbarcelonanoticias.com\\\/en\\\/fc-barcelona\\\/dani-alves-invited-to-messi-to-withdraw-in-the-barca-it-would-be_277058_102.html#primaryimage\"},\"thumbnailUrl\":\"https:\\\/\\\/www.fcbarcelonanoticias.com\\\/en\\\/wp-content\\\/uploads\\\/sites\\\/2\\\/2022\\\/01\\\/alves-aportara-barca.jpeg\",\"keywords\":[\"Dani Alves\"],\"articleSection\":[\"FC Barcelona\"],\"inLanguage\":\"en-US\"},{\"@type\":\"WebPage\",\"@id\":\"https:\\\/\\\/www.fcbarcelonanoticias.com\\\/en\\\/fc-barcelona\\\/dani-alves-invited-to-messi-to-withdraw-in-the-barca-it-would-be_277058_102.html\",\"url\":\"https:\\\/\\\/www.fcbarcelonanoticias.com\\\/en\\\/fc-barcelona\\\/dani-alves-invited-to-messi-to-withdraw-in-the-barca-it-would-be_277058_102.html\",\"name\":\"Dani Alves invited Messi to retire at Bar\u00e7a: \\\"It would be a great gift\\\"\",\"isPartOf\":{\"@id\":\"https:\\\/\\\/www.fcbarcelonanoticias.com\\\/en\\\/#website\"},\"primaryImageOfPage\":{\"@id\":\"https:\\\/\\\/www.fcbarcelonanoticias.com\\\/en\\\/fc-barcelona\\\/dani-alves-invited-to-messi-to-withdraw-in-the-barca-it-would-be_277058_102.html#primaryimage\"},\"image\":{\"@id\":\"https:\\\/\\\/www.fcbarcelonanoticias.com\\\/en\\\/fc-barcelona\\\/dani-alves-invited-to-messi-to-withdraw-in-the-barca-it-would-be_277058_102.html#primaryimage\"},\"thumbnailUrl\":\"https:\\\/\\\/www.fcbarcelonanoticias.com\\\/en\\\/wp-content\\\/uploads\\\/sites\\\/2\\\/2022\\\/01\\\/alves-aportara-barca.jpeg\",\"datePublished\":\"2022-01-18T22:47:00+00:00\",\"author\":{\"@id\":\"https:\\\/\\\/www.fcbarcelonanoticias.com\\\/en\\\/#\\\/schema\\\/person\\\/c2cd9f6fa1af5c0d0eccd0fefa575c88\"},\"description\":\"In an interview to the program 'Tot Coast' of Catalonia R\u00e0dio, the experienced lateral affirmed that, for Messi, would be a big gift finish his career in the...\",\"breadcrumb\":{\"@id\":\"https:\\\/\\\/www.fcbarcelonanoticias.com\\\/en\\\/fc-barcelona\\\/dani-alves-invited-to-messi-to-withdraw-in-the-barca-it-would-be_277058_102.html#breadcrumb\"},\"inLanguage\":\"en-US\",\"potentialAction\":[{\"@type\":\"ReadAction\",\"target\":[\"https:\\\/\\\/www.fcbarcelonanoticias.com\\\/en\\\/fc-barcelona\\\/dani-alves-invited-to-messi-to-withdraw-in-the-barca-it-would-be_277058_102.html\"]}]},{\"@type\":\"ImageObject\",\"inLanguage\":\"en-US\",\"@id\":\"https:\\\/\\\/www.fcbarcelonanoticias.com\\\/en\\\/fc-barcelona\\\/dani-alves-invited-to-messi-to-withdraw-in-the-barca-it-would-be_277058_102.html#primaryimage\",\"url\":\"https:\\\/\\\/www.fcbarcelonanoticias.com\\\/en\\\/wp-content\\\/uploads\\\/sites\\\/2\\\/2022\\\/01\\\/alves-aportara-barca.jpeg\",\"contentUrl\":\"https:\\\/\\\/www.fcbarcelonanoticias.com\\\/en\\\/wp-content\\\/uploads\\\/sites\\\/2\\\/2022\\\/01\\\/alves-aportara-barca.jpeg\",\"width\":1300,\"height\":731},{\"@type\":\"BreadcrumbList\",\"@id\":\"https:\\\/\\\/www.fcbarcelonanoticias.com\\\/en\\\/fc-barcelona\\\/dani-alves-invited-to-messi-to-withdraw-in-the-barca-it-would-be_277058_102.html#breadcrumb\",\"itemListElement\":[{\"@type\":\"ListItem\",\"position\":1,\"name\":\"Portada\",\"item\":\"https:\\\/\\\/www.fcbarcelonanoticias.com\\\/en\\\/\"},{\"@type\":\"ListItem\",\"position\":2,\"name\":\"Dani Alves invited Messi to retire at Bar\u00e7a: &#8220;It would be a great gift&#8221;\"}]},{\"@type\":\"WebSite\",\"@id\":\"https:\\\/\\\/www.fcbarcelonanoticias.com\\\/en\\\/#website\",\"url\":\"https:\\\/\\\/www.fcbarcelonanoticias.com\\\/en\\\/\",\"name\":\"EN - FC Barcelona Noticias\",\"description\":\"\",\"potentialAction\":[{\"@type\":\"SearchAction\",\"target\":{\"@type\":\"EntryPoint\",\"urlTemplate\":\"https:\\\/\\\/www.fcbarcelonanoticias.com\\\/en\\\/?s={search_term_string}\"},\"query-input\":{\"@type\":\"PropertyValueSpecification\",\"valueRequired\":true,\"valueName\":\"search_term_string\"}}],\"inLanguage\":\"en-US\"},{\"@type\":\"Person\",\"@id\":\"https:\\\/\\\/www.fcbarcelonanoticias.com\\\/en\\\/#\\\/schema\\\/person\\\/c2cd9f6fa1af5c0d0eccd0fefa575c88\",\"name\":\"Andr\u00e9s Quiroz\",\"image\":{\"@type\":\"ImageObject\",\"inLanguage\":\"en-US\",\"@id\":\"https:\\\/\\\/secure.gravatar.com\\\/avatar\\\/?s=96&d=mm&r=g\",\"url\":\"https:\\\/\\\/secure.gravatar.com\\\/avatar\\\/?s=96&d=mm&r=g\",\"contentUrl\":\"https:\\\/\\\/secure.gravatar.com\\\/avatar\\\/?s=96&d=mm&r=g\",\"caption\":\"Andr\u00e9s Quiroz\"},\"description\":\"Licenciado en Periodismo por la Universidad de los Andes. Me encargo de analizar y compartir los contenidos m\u00e1s destacados de la\u00a0actualidad del F\u00fatbol Club Barcelona, Mercado de Fichajes y F\u00fatbol Internacional en FCBN. La informaci\u00f3n es poder, pero tambi\u00e9n conocimiento.\",\"url\":\"https:\\\/\\\/www.fcbarcelonanoticias.com\\\/en\\\/fc-barcelona\\\/andres-quiroz_17_115.html\"}]}<\/script>\n<!-- \/ Yoast SEO plugin. -->","yoast_head_json":{"title":"Dani Alves invited Messi to retire at Bar\u00e7a: \"It would be a great gift\"","description":"In an interview to the program 'Tot Coast' of Catalonia R\u00e0dio, the experienced lateral affirmed that, for Messi, would be a big gift finish his career in the...","robots":{"index":"index","follow":"follow","max-snippet":"max-snippet:-1","max-image-preview":"max-image-preview:large","max-video-preview":"max-video-preview:-1"},"canonical":"https:\/\/www.fcbarcelonanoticias.com\/en\/fc-barcelona\/dani-alves-invited-to-messi-to-withdraw-in-the-barca-it-would-be_277058_102.html","og_locale":"en_US","og_type":"article","og_title":"Dani Alves invited Messi to retire at Bar\u00e7a: \"It would be a great gift\"","og_description":"In an interview to the program 'Tot Coast' of Catalonia R\u00e0dio, the experienced lateral affirmed that, for Messi, would be a big gift finish his career in the...","og_url":"https:\/\/www.fcbarcelonanoticias.com\/en\/fc-barcelona\/dani-alves-invited-to-messi-to-withdraw-in-the-barca-it-would-be_277058_102.html","og_site_name":"EN - FC Barcelona Noticias","article_published_time":"2022-01-18T22:47:00+00:00","og_image":[{"width":1300,"height":731,"url":"https:\/\/www.fcbarcelonanoticias.com\/en\/wp-content\/uploads\/sites\/2\/2022\/01\/alves-aportara-barca.jpeg","type":"image\/jpeg"}],"author":"Andr\u00e9s Quiroz","twitter_card":"summary_large_image","twitter_misc":{"Written by":"Andr\u00e9s Quiroz","Est. reading time":"2 minutes"},"schema":{"@context":"https:\/\/schema.org","@graph":[{"@type":"Article","@id":"https:\/\/www.fcbarcelonanoticias.com\/en\/fc-barcelona\/dani-alves-invited-to-messi-to-withdraw-in-the-barca-it-would-be_277058_102.html#article","isPartOf":{"@id":"https:\/\/www.fcbarcelonanoticias.com\/en\/fc-barcelona\/dani-alves-invited-to-messi-to-withdraw-in-the-barca-it-would-be_277058_102.html"},"author":{"name":"Andr\u00e9s Quiroz","@id":"https:\/\/www.fcbarcelonanoticias.com\/en\/#\/schema\/person\/c2cd9f6fa1af5c0d0eccd0fefa575c88"},"headline":"Dani Alves invited Messi to retire at Bar\u00e7a: &#8220;It would be a great gift&#8221;","datePublished":"2022-01-18T22:47:00+00:00","mainEntityOfPage":{"@id":"https:\/\/www.fcbarcelonanoticias.com\/en\/fc-barcelona\/dani-alves-invited-to-messi-to-withdraw-in-the-barca-it-would-be_277058_102.html"},"wordCount":464,"image":{"@id":"https:\/\/www.fcbarcelonanoticias.com\/en\/fc-barcelona\/dani-alves-invited-to-messi-to-withdraw-in-the-barca-it-would-be_277058_102.html#primaryimage"},"thumbnailUrl":"https:\/\/www.fcbarcelonanoticias.com\/en\/wp-content\/uploads\/sites\/2\/2022\/01\/alves-aportara-barca.jpeg","keywords":["Dani Alves"],"articleSection":["FC Barcelona"],"inLanguage":"en-US"},{"@type":"WebPage","@id":"https:\/\/www.fcbarcelonanoticias.com\/en\/fc-barcelona\/dani-alves-invited-to-messi-to-withdraw-in-the-barca-it-would-be_277058_102.html","url":"https:\/\/www.fcbarcelonanoticias.com\/en\/fc-barcelona\/dani-alves-invited-to-messi-to-withdraw-in-the-barca-it-would-be_277058_102.html","name":"Dani Alves invited Messi to retire at Bar\u00e7a: \"It would be a great gift\"","isPartOf":{"@id":"https:\/\/www.fcbarcelonanoticias.com\/en\/#website"},"primaryImageOfPage":{"@id":"https:\/\/www.fcbarcelonanoticias.com\/en\/fc-barcelona\/dani-alves-invited-to-messi-to-withdraw-in-the-barca-it-would-be_277058_102.html#primaryimage"},"image":{"@id":"https:\/\/www.fcbarcelonanoticias.com\/en\/fc-barcelona\/dani-alves-invited-to-messi-to-withdraw-in-the-barca-it-would-be_277058_102.html#primaryimage"},"thumbnailUrl":"https:\/\/www.fcbarcelonanoticias.com\/en\/wp-content\/uploads\/sites\/2\/2022\/01\/alves-aportara-barca.jpeg","datePublished":"2022-01-18T22:47:00+00:00","author":{"@id":"https:\/\/www.fcbarcelonanoticias.com\/en\/#\/schema\/person\/c2cd9f6fa1af5c0d0eccd0fefa575c88"},"description":"In an interview to the program 'Tot Coast' of Catalonia R\u00e0dio, the experienced lateral affirmed that, for Messi, would be a big gift finish his career in the...","breadcrumb":{"@id":"https:\/\/www.fcbarcelonanoticias.com\/en\/fc-barcelona\/dani-alves-invited-to-messi-to-withdraw-in-the-barca-it-would-be_277058_102.html#breadcrumb"},"inLanguage":"en-US","potentialAction":[{"@type":"ReadAction","target":["https:\/\/www.fcbarcelonanoticias.com\/en\/fc-barcelona\/dani-alves-invited-to-messi-to-withdraw-in-the-barca-it-would-be_277058_102.html"]}]},{"@type":"ImageObject","inLanguage":"en-US","@id":"https:\/\/www.fcbarcelonanoticias.com\/en\/fc-barcelona\/dani-alves-invited-to-messi-to-withdraw-in-the-barca-it-would-be_277058_102.html#primaryimage","url":"https:\/\/www.fcbarcelonanoticias.com\/en\/wp-content\/uploads\/sites\/2\/2022\/01\/alves-aportara-barca.jpeg","contentUrl":"https:\/\/www.fcbarcelonanoticias.com\/en\/wp-content\/uploads\/sites\/2\/2022\/01\/alves-aportara-barca.jpeg","width":1300,"height":731},{"@type":"BreadcrumbList","@id":"https:\/\/www.fcbarcelonanoticias.com\/en\/fc-barcelona\/dani-alves-invited-to-messi-to-withdraw-in-the-barca-it-would-be_277058_102.html#breadcrumb","itemListElement":[{"@type":"ListItem","position":1,"name":"Portada","item":"https:\/\/www.fcbarcelonanoticias.com\/en\/"},{"@type":"ListItem","position":2,"name":"Dani Alves invited Messi to retire at Bar\u00e7a: &#8220;It would be a great gift&#8221;"}]},{"@type":"WebSite","@id":"https:\/\/www.fcbarcelonanoticias.com\/en\/#website","url":"https:\/\/www.fcbarcelonanoticias.com\/en\/","name":"EN - FC Barcelona Noticias","description":"","potentialAction":[{"@type":"SearchAction","target":{"@type":"EntryPoint","urlTemplate":"https:\/\/www.fcbarcelonanoticias.com\/en\/?s={search_term_string}"},"query-input":{"@type":"PropertyValueSpecification","valueRequired":true,"valueName":"search_term_string"}}],"inLanguage":"en-US"},{"@type":"Person","@id":"https:\/\/www.fcbarcelonanoticias.com\/en\/#\/schema\/person\/c2cd9f6fa1af5c0d0eccd0fefa575c88","name":"Andr\u00e9s Quiroz","image":{"@type":"ImageObject","inLanguage":"en-US","@id":"https:\/\/secure.gravatar.com\/avatar\/?s=96&d=mm&r=g","url":"https:\/\/secure.gravatar.com\/avatar\/?s=96&d=mm&r=g","contentUrl":"https:\/\/secure.gravatar.com\/avatar\/?s=96&d=mm&r=g","caption":"Andr\u00e9s Quiroz"},"description":"Licenciado en Periodismo por la Universidad de los Andes. Me encargo de analizar y compartir los contenidos m\u00e1s destacados de la\u00a0actualidad del F\u00fatbol Club Barcelona, Mercado de Fichajes y F\u00fatbol Internacional en FCBN. La informaci\u00f3n es poder, pero tambi\u00e9n conocimiento.","url":"https:\/\/www.fcbarcelonanoticias.com\/en\/fc-barcelona\/andres-quiroz_17_115.html"}]}},"_links":{"self":[{"href":"https:\/\/www.fcbarcelonanoticias.com\/en\/wp-json\/wp\/v2\/posts\/16792","targetHints":{"allow":["GET"]}}],"collection":[{"href":"https:\/\/www.fcbarcelonanoticias.com\/en\/wp-json\/wp\/v2\/posts"}],"about":[{"href":"https:\/\/www.fcbarcelonanoticias.com\/en\/wp-json\/wp\/v2\/types\/post"}],"author":[{"embeddable":true,"href":"https:\/\/www.fcbarcelonanoticias.com\/en\/wp-json\/wp\/v2\/users\/347"}],"replies":[{"embeddable":true,"href":"https:\/\/www.fcbarcelonanoticias.com\/en\/wp-json\/wp\/v2\/comments?post=16792"}],"version-history":[{"count":1,"href":"https:\/\/www.fcbarcelonanoticias.com\/en\/wp-json\/wp\/v2\/posts\/16792\/revisions"}],"predecessor-version":[{"id":16796,"href":"https:\/\/www.fcbarcelonanoticias.com\/en\/wp-json\/wp\/v2\/posts\/16792\/revisions\/16796"}],"wp:featuredmedia":[{"embeddable":true,"href":"https:\/\/www.fcbarcelonanoticias.com\/en\/wp-json\/wp\/v2\/media\/16793"}],"wp:attachment":[{"href":"https:\/\/www.fcbarcelonanoticias.com\/en\/wp-json\/wp\/v2\/media?parent=16792"}],"wp:term":[{"taxonomy":"category","embeddable":true,"href":"https:\/\/www.fcbarcelonanoticias.com\/en\/wp-json\/wp\/v2\/categories?post=16792"},{"taxonomy":"post_tag","embeddable":true,"href":"https:\/\/www.fcbarcelonanoticias.com\/en\/wp-json\/wp\/v2\/tags?post=16792"}],"curies":[{"name":"wp","href":"https:\/\/api.w.org\/{rel}","templated":true}]}}