{"id":16794,"date":"2022-08-03T23:38:00","date_gmt":"2022-08-03T21:38:00","guid":{"rendered":"https:\/\/weisetech.dev\/fc-barcelona-noticias\/en\/cumbre-fc-barcelona-con-pique-baje-sueldo_282864_102\/"},"modified":"2022-08-04T08:47:00","modified_gmt":"2022-08-04T06:47:00","slug":"cumbre-fc-barcelona-con-pique-baje-sueldo_282864_102","status":"publish","type":"post","link":"https:\/\/www.fcbarcelonanoticias.com\/en\/fc-barcelona\/cumbre-fc-barcelona-con-pique-baje-sueldo_282864_102.html","title":{"rendered":"Bar\u00e7a&#8217;s &#8216;Summit&#8217; with Piqu\u00e9 to lower his salary"},"content":{"rendered":"<h2 class=\"wp-block-heading\">The journalist Gerard Romero confirmed on his &#8216;Jijantes&#8217; podcast that the FC Barcelona board met with Gerard Piqu\u00e9 on Wednesday night. The meeting in a restaurant had the objective of persuading the central defender to lower his salary again<\/h2>  \r\n<div class=\"article-addons\">\r\n    <a href=\"https:\/\/www.fcbarcelonanoticias.com\/en\/calendar-fc-barcelona.html\"\r\n       target=\"_self\"\r\n       title=\"Calendar of FC Barcelona\"\r\n       class=\"blue-gredient-btn\">\r\n       \r\n        Calendar of FC Barcelona    <\/a>\r\n<\/div>   <p>Gerard Hammered knows that it does not explain for Xavi Hern\u00e1ndez. <strong>After the arrivals of Andreas Christensen and Jules Kound\u00e9, the captain cul\u00e9 is now the fifth head office for the one of Terrassa<\/strong>, since so much Ronald Ara\u00fajo is like Eric Garc\u00eda are by in front his in the plans of the trainer. Even, it could be the sixth defender regarding head offices refers if it concretises the signing of <a data-external=\"0\" data-intl-links-en=\"https:\/\/www.fcbarcelonanoticias.com\/en\/transfers\/inigo-martinez-has-clear-that-does-not-have-to-leave-happen-the-tre_282843_102.html\" data-intl-links-es=\"https:\/\/www.fcbarcelonanoticias.com\/fichajes\/inigo-martinez-tiene-claro-no-debe-dejar-pasar-tren-barcelona_282843_102.html\" href=\"https:\/\/www.fcbarcelonanoticias.com\/en\/transfers\/inigo-martinez-has-clear-that-does-not-have-to-leave-happen-the-tre_282843_102.html\" rel=\"follow\" target=\"_self\" title=\"I\u00f1igo Mart\u00ednez tiene claro que no debe dejar pasar el tren del Bar\u00e7a\">I\u00f1igo Mart\u00ednez<\/a>, another of the defensive aims of the club.<\/p>  <p>In this sense, the technician egarense was clear with Hammered from does a pair of months. His role in the 2022-23 will be residual, by which, in front of the urgency to inscribe to the reinforcements purchased in summer,<strong> the directive needs that the player of 35 years go down again his wage<\/strong>. According to the journalist Gerard Romero, <strong>a comitiva integrated by Joan Laporta, Mateu Alemany, Rafa Yuste and Arturo Channels<\/strong> (representative of Hammered) gathered the Wednesday at night with the defender to convince him of this.<\/p>  <blockquote class=\"twitter-tweet\"> <p dir=\"ltr\" lang=\"es\">\ud83d\udcfa DIRECT <a href=\"https:\/\/twitter.com\/en\/JijantesFC?ref_src=twsrc%5Etfw\">@JijantesFC<\/a><br><br> SUMMIT ! <a href=\"https:\/\/t.co\/en\/3KVGW54way\">https:\/\/t.co\/3kvgw54way<\/a> <a href=\"https:\/\/t.co\/en\/CAXE7gzQ5N\">pic.twitter.com\/caxe7gzq5n<\/a><\/p> \u2014 Gerard Romero (@gerardromero) <a href=\"https:\/\/twitter.com\/en\/gerardromero\/status\/1554917562848256000?ref_src=twsrc%5Etfw\">August 3, 2022<\/a> <\/blockquote> <p>The wage of Gerard has generated controversial in the last two seasons. Finalising the 2021, Hammered shared a capture in his corresponding social networks to 50% ingresado in this year like player of the Bar\u00e7a: 2.328.884 euros was the mount published by the defender in the capture, without greater specifications. <strong>In theory, the whole wage of the Catalan is of 10.5 &#8216;kilos&#8217; by season, which went down to 4.7M with the last discount accepted by the &#8216;3&#8217; in 2020<\/strong>.<\/p>  <p>Now, <strong>the club expects that I Hammered go down his index card to a mount near to the 2.5 million euros<\/strong> and, maybe, renew his agreement (culminates in 2024) as they did in January with Samuel Umtiti. Of this way, the club will be able to adjust his mass salarial to inscribe to the up to now six reinforcements of the summer (Kessi\u00e9, Christensen, Pablo Tower, Raphinha, Lewandowski and <a data-external=\"0\" data-intl-links-en=\"https:\/\/www.fcbarcelonanoticias.com\/en\/preseason\/kounde-debuted-to-the-orders-of-xavi-this-wednesday_282862_102.html\" data-intl-links-es=\"https:\/\/www.fcbarcelonanoticias.com\/pretemporada\/kounde-debuto-ordenes-xavi-este-miercoles_282862_102.html\" href=\"https:\/\/www.fcbarcelonanoticias.com\/en\/preseason\/kounde-debuted-to-the-orders-of-xavi-this-wednesday_282862_102.html\" rel=\"follow\" target=\"_self\" title=\"Kound\u00e9 'debut\u00f3' a la \u00f3rdenes de Xavi este mi\u00e9rcoles\">Kound\u00e9<\/a>), but this would not be the only discount that needs to apply the Bar\u00e7a in his payroll.<\/p>  <h3>Busquets, the next in the list of discounts<\/h3>  <p>As it advances &#8216;SPORT&#8217;, <strong>Sergio Busquets will be the next player to the that the directive will ask to go down, again, the wage<\/strong>. The midfield player culminates agreement in June of 2023 and bill in this moment <strong>12.6 million net euros to the a\u00f1<\/strong>or, after the readjustment applied during the pandemia. Originally, the one of Sabadell ingresaba 23 &#8216;kilos&#8217;, five less than the original agreement signed by Hammered.<\/p>  <p>Of this way, Laporta expects the support of his captains to adjust the payroll cul\u00e9 for the 2022-23. Anyway, <strong>this discount is more a postponement of wage<\/strong>, since the club will have to pay the montos differed in the next three or four years. Likewise, <strong>the Bar\u00e7a expects that <a data-external=\"0\" data-intl-links-en=\"https:\/\/www.fcbarcelonanoticias.com\/en\/fc-barcelona\/laporta-insists-in-putting-to-of-jong-against-the-sword-and-the_282863_102.html\" data-intl-links-es=\"https:\/\/www.fcbarcelonanoticias.com\/fc-barcelona\/laporta-insiste-poner-jong-contra-espada-pared_282863_102.html\" href=\"https:\/\/www.fcbarcelonanoticias.com\/en\/fc-barcelona\/laporta-insists-in-putting-to-of-jong-against-the-sword-and-the_282863_102.html\" rel=\"follow\" target=\"_self\" title=\"Laporta insiste en poner a De Jong contra la espada y la pared\">Frenkie of Jong<\/a> follow suit going down the wage<\/strong> if it insists in remaining , although in the case of the Dutch the ideal would be traspasarle this same summer to free a contingent in the staff and, to his time, do, box.<\/p> ","protected":false},"excerpt":{"rendered":"<p>The journalist Gerard Romero confirmed on his &#8216;Jijantes&#8217; podcast that the FC Barcelona board met with Gerard Piqu\u00e9 on Wednesday night. The meeting in a restaurant had the objective of persuading the central defender to lower his salary again Gerard Hammered knows that it does not explain for Xavi Hern\u00e1ndez. After the arrivals of Andreas [&hellip;]<\/p>\n","protected":false},"author":347,"featured_media":16290,"comment_status":"closed","ping_status":"open","sticky":false,"template":"","format":"standard","meta":{"_acf_changed":false,"inline_featured_image":false,"_nextfly_llmd_date_locked":false,"footnotes":""},"categories":[111],"tags":[163,158],"class_list":["post-16794","post","type-post","status-publish","format-standard","has-post-thumbnail","hentry","category-fc-barcelona","tag-gerard-pique","tag-joan-laporta"],"acf":[],"yoast_head":"<!-- This site is optimized with the Yoast SEO plugin v27.3 - https:\/\/yoast.com\/product\/yoast-seo-wordpress\/ -->\n<title>&#039;Summit&#039; of the Bar\u00e7a with Hammered so that it go down the wage<\/title>\n<meta name=\"description\" content=\"The journalist Gerard Romero confirmed in his podcast &#039;Jijantes&#039; that the directive of the FC Barcelona gathered the night of the Wednesday with Gerard Hammered. The encuent...\" \/>\n<meta name=\"robots\" content=\"index, follow, max-snippet:-1, max-image-preview:large, max-video-preview:-1\" \/>\n<link rel=\"canonical\" href=\"https:\/\/www.fcbarcelonanoticias.com\/en\/fc-barcelona\/cumbre-fc-barcelona-con-pique-baje-sueldo_282864_102.html\" \/>\n<meta property=\"og:locale\" content=\"en_US\" \/>\n<meta property=\"og:type\" content=\"article\" \/>\n<meta property=\"og:title\" content=\"&#039;Summit&#039; of the Bar\u00e7a with Hammered so that it go down the wage\" \/>\n<meta property=\"og:description\" content=\"The journalist Gerard Romero confirmed in his podcast &#039;Jijantes&#039; that the directive of the FC Barcelona gathered the night of the Wednesday with Gerard Hammered. The encuent...\" \/>\n<meta property=\"og:url\" content=\"https:\/\/www.fcbarcelonanoticias.com\/en\/fc-barcelona\/cumbre-fc-barcelona-con-pique-baje-sueldo_282864_102.html\" \/>\n<meta property=\"og:site_name\" content=\"EN - FC Barcelona Noticias\" \/>\n<meta property=\"article:published_time\" content=\"2022-08-03T21:38:00+00:00\" \/>\n<meta property=\"article:modified_time\" content=\"2022-08-04T06:47:00+00:00\" \/>\n<meta property=\"og:image\" content=\"https:\/\/www.fcbarcelonanoticias.com\/en\/wp-content\/uploads\/sites\/2\/2022\/04\/gerard-pique-fc-barcelona.jpeg\" \/>\n\t<meta property=\"og:image:width\" content=\"1300\" \/>\n\t<meta property=\"og:image:height\" content=\"732\" \/>\n\t<meta property=\"og:image:type\" content=\"image\/jpeg\" \/>\n<meta name=\"author\" content=\"Andr\u00e9s Quiroz\" \/>\n<meta name=\"twitter:card\" content=\"summary_large_image\" \/>\n<meta name=\"twitter:label1\" content=\"Written by\" \/>\n\t<meta name=\"twitter:data1\" content=\"Andr\u00e9s Quiroz\" \/>\n\t<meta name=\"twitter:label2\" content=\"Est. reading time\" \/>\n\t<meta name=\"twitter:data2\" content=\"3 minutes\" \/>\n<script type=\"application\/ld+json\" class=\"yoast-schema-graph\">{\"@context\":\"https:\\\/\\\/schema.org\",\"@graph\":[{\"@type\":\"Article\",\"@id\":\"https:\\\/\\\/www.fcbarcelonanoticias.com\\\/en\\\/fc-barcelona\\\/cumbre-fc-barcelona-con-pique-baje-sueldo_282864_102.html#article\",\"isPartOf\":{\"@id\":\"https:\\\/\\\/www.fcbarcelonanoticias.com\\\/en\\\/fc-barcelona\\\/cumbre-fc-barcelona-con-pique-baje-sueldo_282864_102.html\"},\"author\":{\"name\":\"Andr\u00e9s Quiroz\",\"@id\":\"https:\\\/\\\/www.fcbarcelonanoticias.com\\\/en\\\/#\\\/schema\\\/person\\\/c2cd9f6fa1af5c0d0eccd0fefa575c88\"},\"headline\":\"Bar\u00e7a&#8217;s &#8216;Summit&#8217; with Piqu\u00e9 to lower his salary\",\"datePublished\":\"2022-08-03T21:38:00+00:00\",\"dateModified\":\"2022-08-04T06:47:00+00:00\",\"mainEntityOfPage\":{\"@id\":\"https:\\\/\\\/www.fcbarcelonanoticias.com\\\/en\\\/fc-barcelona\\\/cumbre-fc-barcelona-con-pique-baje-sueldo_282864_102.html\"},\"wordCount\":567,\"image\":{\"@id\":\"https:\\\/\\\/www.fcbarcelonanoticias.com\\\/en\\\/fc-barcelona\\\/cumbre-fc-barcelona-con-pique-baje-sueldo_282864_102.html#primaryimage\"},\"thumbnailUrl\":\"https:\\\/\\\/www.fcbarcelonanoticias.com\\\/en\\\/wp-content\\\/uploads\\\/sites\\\/2\\\/2022\\\/04\\\/gerard-pique-fc-barcelona.jpeg\",\"keywords\":[\"Gerard Piqu\u00e9\",\"Joan Laporta\"],\"articleSection\":[\"FC Barcelona\"],\"inLanguage\":\"en-US\"},{\"@type\":\"WebPage\",\"@id\":\"https:\\\/\\\/www.fcbarcelonanoticias.com\\\/en\\\/fc-barcelona\\\/cumbre-fc-barcelona-con-pique-baje-sueldo_282864_102.html\",\"url\":\"https:\\\/\\\/www.fcbarcelonanoticias.com\\\/en\\\/fc-barcelona\\\/cumbre-fc-barcelona-con-pique-baje-sueldo_282864_102.html\",\"name\":\"'Summit' of the Bar\u00e7a with Hammered so that it go down the wage\",\"isPartOf\":{\"@id\":\"https:\\\/\\\/www.fcbarcelonanoticias.com\\\/en\\\/#website\"},\"primaryImageOfPage\":{\"@id\":\"https:\\\/\\\/www.fcbarcelonanoticias.com\\\/en\\\/fc-barcelona\\\/cumbre-fc-barcelona-con-pique-baje-sueldo_282864_102.html#primaryimage\"},\"image\":{\"@id\":\"https:\\\/\\\/www.fcbarcelonanoticias.com\\\/en\\\/fc-barcelona\\\/cumbre-fc-barcelona-con-pique-baje-sueldo_282864_102.html#primaryimage\"},\"thumbnailUrl\":\"https:\\\/\\\/www.fcbarcelonanoticias.com\\\/en\\\/wp-content\\\/uploads\\\/sites\\\/2\\\/2022\\\/04\\\/gerard-pique-fc-barcelona.jpeg\",\"datePublished\":\"2022-08-03T21:38:00+00:00\",\"dateModified\":\"2022-08-04T06:47:00+00:00\",\"author\":{\"@id\":\"https:\\\/\\\/www.fcbarcelonanoticias.com\\\/en\\\/#\\\/schema\\\/person\\\/c2cd9f6fa1af5c0d0eccd0fefa575c88\"},\"description\":\"The journalist Gerard Romero confirmed in his podcast 'Jijantes' that the directive of the FC Barcelona gathered the night of the Wednesday with Gerard Hammered. The encuent...\",\"breadcrumb\":{\"@id\":\"https:\\\/\\\/www.fcbarcelonanoticias.com\\\/en\\\/fc-barcelona\\\/cumbre-fc-barcelona-con-pique-baje-sueldo_282864_102.html#breadcrumb\"},\"inLanguage\":\"en-US\",\"potentialAction\":[{\"@type\":\"ReadAction\",\"target\":[\"https:\\\/\\\/www.fcbarcelonanoticias.com\\\/en\\\/fc-barcelona\\\/cumbre-fc-barcelona-con-pique-baje-sueldo_282864_102.html\"]}]},{\"@type\":\"ImageObject\",\"inLanguage\":\"en-US\",\"@id\":\"https:\\\/\\\/www.fcbarcelonanoticias.com\\\/en\\\/fc-barcelona\\\/cumbre-fc-barcelona-con-pique-baje-sueldo_282864_102.html#primaryimage\",\"url\":\"https:\\\/\\\/www.fcbarcelonanoticias.com\\\/en\\\/wp-content\\\/uploads\\\/sites\\\/2\\\/2022\\\/04\\\/gerard-pique-fc-barcelona.jpeg\",\"contentUrl\":\"https:\\\/\\\/www.fcbarcelonanoticias.com\\\/en\\\/wp-content\\\/uploads\\\/sites\\\/2\\\/2022\\\/04\\\/gerard-pique-fc-barcelona.jpeg\",\"width\":1300,\"height\":732},{\"@type\":\"BreadcrumbList\",\"@id\":\"https:\\\/\\\/www.fcbarcelonanoticias.com\\\/en\\\/fc-barcelona\\\/cumbre-fc-barcelona-con-pique-baje-sueldo_282864_102.html#breadcrumb\",\"itemListElement\":[{\"@type\":\"ListItem\",\"position\":1,\"name\":\"Portada\",\"item\":\"https:\\\/\\\/www.fcbarcelonanoticias.com\\\/en\\\/\"},{\"@type\":\"ListItem\",\"position\":2,\"name\":\"Bar\u00e7a&#8217;s &#8216;Summit&#8217; with Piqu\u00e9 to lower his salary\"}]},{\"@type\":\"WebSite\",\"@id\":\"https:\\\/\\\/www.fcbarcelonanoticias.com\\\/en\\\/#website\",\"url\":\"https:\\\/\\\/www.fcbarcelonanoticias.com\\\/en\\\/\",\"name\":\"EN - FC Barcelona Noticias\",\"description\":\"\",\"potentialAction\":[{\"@type\":\"SearchAction\",\"target\":{\"@type\":\"EntryPoint\",\"urlTemplate\":\"https:\\\/\\\/www.fcbarcelonanoticias.com\\\/en\\\/?s={search_term_string}\"},\"query-input\":{\"@type\":\"PropertyValueSpecification\",\"valueRequired\":true,\"valueName\":\"search_term_string\"}}],\"inLanguage\":\"en-US\"},{\"@type\":\"Person\",\"@id\":\"https:\\\/\\\/www.fcbarcelonanoticias.com\\\/en\\\/#\\\/schema\\\/person\\\/c2cd9f6fa1af5c0d0eccd0fefa575c88\",\"name\":\"Andr\u00e9s Quiroz\",\"image\":{\"@type\":\"ImageObject\",\"inLanguage\":\"en-US\",\"@id\":\"https:\\\/\\\/secure.gravatar.com\\\/avatar\\\/?s=96&d=mm&r=g\",\"url\":\"https:\\\/\\\/secure.gravatar.com\\\/avatar\\\/?s=96&d=mm&r=g\",\"contentUrl\":\"https:\\\/\\\/secure.gravatar.com\\\/avatar\\\/?s=96&d=mm&r=g\",\"caption\":\"Andr\u00e9s Quiroz\"},\"description\":\"Licenciado en Periodismo por la Universidad de los Andes. Me encargo de analizar y compartir los contenidos m\u00e1s destacados de la\u00a0actualidad del F\u00fatbol Club Barcelona, Mercado de Fichajes y F\u00fatbol Internacional en FCBN. La informaci\u00f3n es poder, pero tambi\u00e9n conocimiento.\",\"url\":\"https:\\\/\\\/www.fcbarcelonanoticias.com\\\/en\\\/fc-barcelona\\\/andres-quiroz_17_115.html\"}]}<\/script>\n<!-- \/ Yoast SEO plugin. -->","yoast_head_json":{"title":"'Summit' of the Bar\u00e7a with Hammered so that it go down the wage","description":"The journalist Gerard Romero confirmed in his podcast 'Jijantes' that the directive of the FC Barcelona gathered the night of the Wednesday with Gerard Hammered. The encuent...","robots":{"index":"index","follow":"follow","max-snippet":"max-snippet:-1","max-image-preview":"max-image-preview:large","max-video-preview":"max-video-preview:-1"},"canonical":"https:\/\/www.fcbarcelonanoticias.com\/en\/fc-barcelona\/cumbre-fc-barcelona-con-pique-baje-sueldo_282864_102.html","og_locale":"en_US","og_type":"article","og_title":"'Summit' of the Bar\u00e7a with Hammered so that it go down the wage","og_description":"The journalist Gerard Romero confirmed in his podcast 'Jijantes' that the directive of the FC Barcelona gathered the night of the Wednesday with Gerard Hammered. The encuent...","og_url":"https:\/\/www.fcbarcelonanoticias.com\/en\/fc-barcelona\/cumbre-fc-barcelona-con-pique-baje-sueldo_282864_102.html","og_site_name":"EN - FC Barcelona Noticias","article_published_time":"2022-08-03T21:38:00+00:00","article_modified_time":"2022-08-04T06:47:00+00:00","og_image":[{"width":1300,"height":732,"url":"https:\/\/www.fcbarcelonanoticias.com\/en\/wp-content\/uploads\/sites\/2\/2022\/04\/gerard-pique-fc-barcelona.jpeg","type":"image\/jpeg"}],"author":"Andr\u00e9s Quiroz","twitter_card":"summary_large_image","twitter_misc":{"Written by":"Andr\u00e9s Quiroz","Est. reading time":"3 minutes"},"schema":{"@context":"https:\/\/schema.org","@graph":[{"@type":"Article","@id":"https:\/\/www.fcbarcelonanoticias.com\/en\/fc-barcelona\/cumbre-fc-barcelona-con-pique-baje-sueldo_282864_102.html#article","isPartOf":{"@id":"https:\/\/www.fcbarcelonanoticias.com\/en\/fc-barcelona\/cumbre-fc-barcelona-con-pique-baje-sueldo_282864_102.html"},"author":{"name":"Andr\u00e9s Quiroz","@id":"https:\/\/www.fcbarcelonanoticias.com\/en\/#\/schema\/person\/c2cd9f6fa1af5c0d0eccd0fefa575c88"},"headline":"Bar\u00e7a&#8217;s &#8216;Summit&#8217; with Piqu\u00e9 to lower his salary","datePublished":"2022-08-03T21:38:00+00:00","dateModified":"2022-08-04T06:47:00+00:00","mainEntityOfPage":{"@id":"https:\/\/www.fcbarcelonanoticias.com\/en\/fc-barcelona\/cumbre-fc-barcelona-con-pique-baje-sueldo_282864_102.html"},"wordCount":567,"image":{"@id":"https:\/\/www.fcbarcelonanoticias.com\/en\/fc-barcelona\/cumbre-fc-barcelona-con-pique-baje-sueldo_282864_102.html#primaryimage"},"thumbnailUrl":"https:\/\/www.fcbarcelonanoticias.com\/en\/wp-content\/uploads\/sites\/2\/2022\/04\/gerard-pique-fc-barcelona.jpeg","keywords":["Gerard Piqu\u00e9","Joan Laporta"],"articleSection":["FC Barcelona"],"inLanguage":"en-US"},{"@type":"WebPage","@id":"https:\/\/www.fcbarcelonanoticias.com\/en\/fc-barcelona\/cumbre-fc-barcelona-con-pique-baje-sueldo_282864_102.html","url":"https:\/\/www.fcbarcelonanoticias.com\/en\/fc-barcelona\/cumbre-fc-barcelona-con-pique-baje-sueldo_282864_102.html","name":"'Summit' of the Bar\u00e7a with Hammered so that it go down the wage","isPartOf":{"@id":"https:\/\/www.fcbarcelonanoticias.com\/en\/#website"},"primaryImageOfPage":{"@id":"https:\/\/www.fcbarcelonanoticias.com\/en\/fc-barcelona\/cumbre-fc-barcelona-con-pique-baje-sueldo_282864_102.html#primaryimage"},"image":{"@id":"https:\/\/www.fcbarcelonanoticias.com\/en\/fc-barcelona\/cumbre-fc-barcelona-con-pique-baje-sueldo_282864_102.html#primaryimage"},"thumbnailUrl":"https:\/\/www.fcbarcelonanoticias.com\/en\/wp-content\/uploads\/sites\/2\/2022\/04\/gerard-pique-fc-barcelona.jpeg","datePublished":"2022-08-03T21:38:00+00:00","dateModified":"2022-08-04T06:47:00+00:00","author":{"@id":"https:\/\/www.fcbarcelonanoticias.com\/en\/#\/schema\/person\/c2cd9f6fa1af5c0d0eccd0fefa575c88"},"description":"The journalist Gerard Romero confirmed in his podcast 'Jijantes' that the directive of the FC Barcelona gathered the night of the Wednesday with Gerard Hammered. The encuent...","breadcrumb":{"@id":"https:\/\/www.fcbarcelonanoticias.com\/en\/fc-barcelona\/cumbre-fc-barcelona-con-pique-baje-sueldo_282864_102.html#breadcrumb"},"inLanguage":"en-US","potentialAction":[{"@type":"ReadAction","target":["https:\/\/www.fcbarcelonanoticias.com\/en\/fc-barcelona\/cumbre-fc-barcelona-con-pique-baje-sueldo_282864_102.html"]}]},{"@type":"ImageObject","inLanguage":"en-US","@id":"https:\/\/www.fcbarcelonanoticias.com\/en\/fc-barcelona\/cumbre-fc-barcelona-con-pique-baje-sueldo_282864_102.html#primaryimage","url":"https:\/\/www.fcbarcelonanoticias.com\/en\/wp-content\/uploads\/sites\/2\/2022\/04\/gerard-pique-fc-barcelona.jpeg","contentUrl":"https:\/\/www.fcbarcelonanoticias.com\/en\/wp-content\/uploads\/sites\/2\/2022\/04\/gerard-pique-fc-barcelona.jpeg","width":1300,"height":732},{"@type":"BreadcrumbList","@id":"https:\/\/www.fcbarcelonanoticias.com\/en\/fc-barcelona\/cumbre-fc-barcelona-con-pique-baje-sueldo_282864_102.html#breadcrumb","itemListElement":[{"@type":"ListItem","position":1,"name":"Portada","item":"https:\/\/www.fcbarcelonanoticias.com\/en\/"},{"@type":"ListItem","position":2,"name":"Bar\u00e7a&#8217;s &#8216;Summit&#8217; with Piqu\u00e9 to lower his salary"}]},{"@type":"WebSite","@id":"https:\/\/www.fcbarcelonanoticias.com\/en\/#website","url":"https:\/\/www.fcbarcelonanoticias.com\/en\/","name":"EN - FC Barcelona Noticias","description":"","potentialAction":[{"@type":"SearchAction","target":{"@type":"EntryPoint","urlTemplate":"https:\/\/www.fcbarcelonanoticias.com\/en\/?s={search_term_string}"},"query-input":{"@type":"PropertyValueSpecification","valueRequired":true,"valueName":"search_term_string"}}],"inLanguage":"en-US"},{"@type":"Person","@id":"https:\/\/www.fcbarcelonanoticias.com\/en\/#\/schema\/person\/c2cd9f6fa1af5c0d0eccd0fefa575c88","name":"Andr\u00e9s Quiroz","image":{"@type":"ImageObject","inLanguage":"en-US","@id":"https:\/\/secure.gravatar.com\/avatar\/?s=96&d=mm&r=g","url":"https:\/\/secure.gravatar.com\/avatar\/?s=96&d=mm&r=g","contentUrl":"https:\/\/secure.gravatar.com\/avatar\/?s=96&d=mm&r=g","caption":"Andr\u00e9s Quiroz"},"description":"Licenciado en Periodismo por la Universidad de los Andes. Me encargo de analizar y compartir los contenidos m\u00e1s destacados de la\u00a0actualidad del F\u00fatbol Club Barcelona, Mercado de Fichajes y F\u00fatbol Internacional en FCBN. La informaci\u00f3n es poder, pero tambi\u00e9n conocimiento.","url":"https:\/\/www.fcbarcelonanoticias.com\/en\/fc-barcelona\/andres-quiroz_17_115.html"}]}},"_links":{"self":[{"href":"https:\/\/www.fcbarcelonanoticias.com\/en\/wp-json\/wp\/v2\/posts\/16794","targetHints":{"allow":["GET"]}}],"collection":[{"href":"https:\/\/www.fcbarcelonanoticias.com\/en\/wp-json\/wp\/v2\/posts"}],"about":[{"href":"https:\/\/www.fcbarcelonanoticias.com\/en\/wp-json\/wp\/v2\/types\/post"}],"author":[{"embeddable":true,"href":"https:\/\/www.fcbarcelonanoticias.com\/en\/wp-json\/wp\/v2\/users\/347"}],"replies":[{"embeddable":true,"href":"https:\/\/www.fcbarcelonanoticias.com\/en\/wp-json\/wp\/v2\/comments?post=16794"}],"version-history":[{"count":1,"href":"https:\/\/www.fcbarcelonanoticias.com\/en\/wp-json\/wp\/v2\/posts\/16794\/revisions"}],"predecessor-version":[{"id":16797,"href":"https:\/\/www.fcbarcelonanoticias.com\/en\/wp-json\/wp\/v2\/posts\/16794\/revisions\/16797"}],"wp:featuredmedia":[{"embeddable":true,"href":"https:\/\/www.fcbarcelonanoticias.com\/en\/wp-json\/wp\/v2\/media\/16290"}],"wp:attachment":[{"href":"https:\/\/www.fcbarcelonanoticias.com\/en\/wp-json\/wp\/v2\/media?parent=16794"}],"wp:term":[{"taxonomy":"category","embeddable":true,"href":"https:\/\/www.fcbarcelonanoticias.com\/en\/wp-json\/wp\/v2\/categories?post=16794"},{"taxonomy":"post_tag","embeddable":true,"href":"https:\/\/www.fcbarcelonanoticias.com\/en\/wp-json\/wp\/v2\/tags?post=16794"}],"curies":[{"name":"wp","href":"https:\/\/api.w.org\/{rel}","templated":true}]}}