{"id":16885,"date":"2021-03-23T16:03:00","date_gmt":"2021-03-23T15:03:00","guid":{"rendered":"https:\/\/weisetech.dev\/fc-barcelona-noticias\/en\/deserved-the-new-distinction-that-has-received-ansu-fati_266618_102\/"},"modified":"2021-03-25T00:27:00","modified_gmt":"2021-03-24T23:27:00","slug":"deserved-the-new-distinction-that-has-received-ansu-fati_266618_102","status":"publish","type":"post","link":"https:\/\/www.fcbarcelonanoticias.com\/en\/fc-barcelona\/deserved-the-new-distinction-that-has-received-ansu-fati_266618_102.html","title":{"rendered":"Deserved! The new distinction that has received Ansu Fati"},"content":{"rendered":"<h2 class=\"wp-block-heading\">Ansu Fati Has been awarded with the prize NxGn 2021, awarded to the best young footballer of the year, in spite of being lesionado from the month of November<\/h2>  \r\n<div class=\"article-addons\">\r\n    <a href=\"https:\/\/www.fcbarcelonanoticias.com\/en\/calendar-fc-barcelona.html\"\r\n       target=\"_self\"\r\n       title=\"Calendar of FC Barcelona\"\r\n       class=\"blue-gredient-btn\">\r\n       \r\n        Calendar of FC Barcelona    <\/a>\r\n<\/div>   <p><a data-external=\"0\" data-intl-links-en=\"https:\/\/www.fcbarcelonanoticias.com\/en\/fc-barcelona\/koeman-could-receive-a-big-news-on-ansu-fati-in_266544_102.html\" data-intl-links-es=\"https:\/\/www.fcbarcelonanoticias.com\/fc-barcelona\/koeman-podria-recibir-gran-noticia-sobre-ansu-fati-en-proximas-semanas_266544_102.html\" href=\"https:\/\/www.fcbarcelonanoticias.com\/en\/fc-barcelona\/koeman-could-receive-a-big-news-on-ansu-fati-in_266544_102.html\" rel=\"follow\" target=\"_self\" title=\"Koeman podr\u00eda recibir una gran noticia sobre Ansu Fati en las pr\u00f3ximas semanas\">The irruption of Ansu Fati<\/a> in the world of the football no only revolutionised the actuality of the FC Barcelona, since also cal\u00f3 very deep in the actuality of the balompi\u00e9 world-wide, given the <strong>enormous talent and the precocity of the canterano cul\u00e9<\/strong>. The best proof of this is the fact that the extreme formed in The Farm have received the <strong>prize NxGn 2021<\/strong>, awarded to the best young footballer of the year.<\/p>  <blockquote class=\"twitter-tweet\"> <p dir=\"ltr\" lang=\"es\">In case it remains some absent-minded &#8230; ?<br><br> ? <a href=\"https:\/\/twitter.com\/en\/ANSUFATI?ref_src=twsrc%5Etfw\">@ANSUFATI<\/a>, winner of the <a href=\"https:\/\/twitter.com\/en\/hashtag\/NXGN?src=hash&amp;ref_src=twsrc%5Etfw\">#NXGN<\/a> 2021! ? <a href=\"https:\/\/t.co\/en\/wB10K1CsFD\">pic.twitter.com\/wb10k1csfd<\/a><\/p> \u2014 Goal Spain (@GoalEspana) <a href=\"https:\/\/twitter.com\/en\/GoalEspana\/status\/1374360383083925510?ref_src=twsrc%5Etfw\">March 23, 2021<\/a> <\/blockquote> <p>The footballer of the FC Barcelona imposed in the career by the individual distinction to other young talents like <strong>Eduardo Camavinga<\/strong> of the Rennes, <strong>Giovanni Reyna<\/strong> of the Borussia Dortmund, <strong>Pedri of the Barcelona and Jude Bellingham<\/strong>, also of the German picture, those who have completed the five first players with more votes. In spite of being lesionado from the month of November, <a data-external=\"0\" data-intl-links-en=\"https:\/\/www.fcbarcelonanoticias.com\/en\/players\/new-date-for-the-turn-of-ansu-fati-with-the-barca_266261_102.html\" data-intl-links-es=\"https:\/\/www.fcbarcelonanoticias.com\/jugadores\/nueva-fecha-vuelta-ansu-fati-barca_266261_102.html\" href=\"https:\/\/www.fcbarcelonanoticias.com\/en\/players\/new-date-for-the-turn-of-ansu-fati-with-the-barca_266261_102.html\" rel=\"follow\" target=\"_self\" title=\"Nueva fecha para la vuelta de Ansu Fati con el Bar\u00e7a\">Ansu Fati follows imposing his law<\/a> in the world of the lower stars of 21 years in the world of the football.<\/p>  <p>With the obtaining of the prize NxGn 2021, Ansu Fati adds a new distinction to his personal list of winners, since it also was awarded with <strong>the Prize Golden Boy of the 2020<\/strong>. Of equal form, the canterano of the Barcelona was nominated for the <strong>trophy Laureus<\/strong>, awarded to the footballer disclosure of the year, but could not do with the same.<\/p>  <p>During the present season, Ansu Fati has participated in <strong>10 parties<\/strong>, annotating <strong>five goals<\/strong> and delivering <strong>four assistances<\/strong>, but his progression saw braked by <strong>the injury that suffered in the last quarter of the past year<\/strong>. The FC Barcelona still expects his turn to the terrains of game and more now that it was awarded with the prize NxGn 2021.<\/p>  <h3>Pedri And Moriba accompanied to Ansu Fati<\/h3>  <p>Further that <strong>Ansu Fati<\/strong> could do with the prize NxGn 2021, also fits to highlight that <strong>Pedri and Ilaix Moriba<\/strong> colaron in the list of 50 selected for the personal award. The mediocampista Canarian remained in <strong>the fourth position<\/strong> of the elected, whereas the Hispanic-guinean occupied the <strong>put number 50<\/strong> of the classification.<\/p>  <p>The presence of these three players in the election of the prize <strong>NxGn 2021<\/strong> is not more than the best sample of the bet to future that is making the Barcelona, including young players between the important plans of his staff. Incidentally, that <strong>Ansu Fati and Ilaix Moriba<\/strong> have said present in the t\u00edtulaci\u00f3n and the list of the recognition, speech very well of the quality of production of talents that follow having in <strong>The Farm<\/strong>.<\/p> ","protected":false},"excerpt":{"rendered":"<p>Ansu Fati Has been awarded with the prize NxGn 2021, awarded to the best young footballer of the year, in spite of being lesionado from the month of November The irruption of Ansu Fati in the world of the football no only revolutionised the actuality of the FC Barcelona, since also cal\u00f3 very deep in [&hellip;]<\/p>\n","protected":false},"author":469,"featured_media":16888,"comment_status":"closed","ping_status":"open","sticky":false,"template":"","format":"standard","meta":{"_acf_changed":false,"inline_featured_image":false,"_nextfly_llmd_date_locked":false,"footnotes":""},"categories":[111],"tags":[137,383],"class_list":["post-16885","post","type-post","status-publish","format-standard","has-post-thumbnail","hentry","category-fc-barcelona","tag-awards","tag-ilaix-moriba"],"acf":[],"yoast_head":"<!-- This site is optimized with the Yoast SEO plugin v27.3 - https:\/\/yoast.com\/product\/yoast-seo-wordpress\/ -->\n<title>Deserved! The new distinction that has received Ansu Fati<\/title>\n<meta name=\"description\" content=\"Ansu Fati Has been awarded with the prize NxGn 2021, awarded to the best young footballer of the year, in spite of being lesionado from the month of November\" \/>\n<meta name=\"robots\" content=\"index, follow, max-snippet:-1, max-image-preview:large, max-video-preview:-1\" \/>\n<link rel=\"canonical\" href=\"https:\/\/www.fcbarcelonanoticias.com\/en\/fc-barcelona\/deserved-the-new-distinction-that-has-received-ansu-fati_266618_102.html\" \/>\n<meta property=\"og:locale\" content=\"en_US\" \/>\n<meta property=\"og:type\" content=\"article\" \/>\n<meta property=\"og:title\" content=\"Deserved! The new distinction that has received Ansu Fati\" \/>\n<meta property=\"og:description\" content=\"Ansu Fati Has been awarded with the prize NxGn 2021, awarded to the best young footballer of the year, in spite of being lesionado from the month of November\" \/>\n<meta property=\"og:url\" content=\"https:\/\/www.fcbarcelonanoticias.com\/en\/fc-barcelona\/deserved-the-new-distinction-that-has-received-ansu-fati_266618_102.html\" \/>\n<meta property=\"og:site_name\" content=\"EN - FC Barcelona Noticias\" \/>\n<meta property=\"article:published_time\" content=\"2021-03-23T15:03:00+00:00\" \/>\n<meta property=\"article:modified_time\" content=\"2021-03-24T23:27:00+00:00\" \/>\n<meta property=\"og:image\" content=\"https:\/\/www.fcbarcelonanoticias.com\/en\/wp-content\/uploads\/sites\/2\/2021\/03\/ansu-fati-betis-1.jpeg\" \/>\n\t<meta property=\"og:image:width\" content=\"1200\" \/>\n\t<meta property=\"og:image:height\" content=\"714\" \/>\n\t<meta property=\"og:image:type\" content=\"image\/jpeg\" \/>\n<meta name=\"author\" content=\"user_4125\" \/>\n<meta name=\"twitter:card\" content=\"summary_large_image\" \/>\n<meta name=\"twitter:label1\" content=\"Written by\" \/>\n\t<meta name=\"twitter:data1\" content=\"user_4125\" \/>\n\t<meta name=\"twitter:label2\" content=\"Est. reading time\" \/>\n\t<meta name=\"twitter:data2\" content=\"2 minutes\" \/>\n<script type=\"application\/ld+json\" class=\"yoast-schema-graph\">{\"@context\":\"https:\\\/\\\/schema.org\",\"@graph\":[{\"@type\":\"Article\",\"@id\":\"https:\\\/\\\/www.fcbarcelonanoticias.com\\\/en\\\/fc-barcelona\\\/deserved-the-new-distinction-that-has-received-ansu-fati_266618_102.html#article\",\"isPartOf\":{\"@id\":\"https:\\\/\\\/www.fcbarcelonanoticias.com\\\/en\\\/fc-barcelona\\\/deserved-the-new-distinction-that-has-received-ansu-fati_266618_102.html\"},\"author\":{\"name\":\"user_4125\",\"@id\":\"https:\\\/\\\/www.fcbarcelonanoticias.com\\\/en\\\/#\\\/schema\\\/person\\\/cd76beb4dc29365ad4d29ef99b2916aa\"},\"headline\":\"Deserved! The new distinction that has received Ansu Fati\",\"datePublished\":\"2021-03-23T15:03:00+00:00\",\"dateModified\":\"2021-03-24T23:27:00+00:00\",\"mainEntityOfPage\":{\"@id\":\"https:\\\/\\\/www.fcbarcelonanoticias.com\\\/en\\\/fc-barcelona\\\/deserved-the-new-distinction-that-has-received-ansu-fati_266618_102.html\"},\"wordCount\":466,\"image\":{\"@id\":\"https:\\\/\\\/www.fcbarcelonanoticias.com\\\/en\\\/fc-barcelona\\\/deserved-the-new-distinction-that-has-received-ansu-fati_266618_102.html#primaryimage\"},\"thumbnailUrl\":\"https:\\\/\\\/www.fcbarcelonanoticias.com\\\/en\\\/wp-content\\\/uploads\\\/sites\\\/2\\\/2021\\\/03\\\/ansu-fati-betis-1.jpeg\",\"keywords\":[\"awards\",\"Ilaix Moriba\"],\"articleSection\":[\"FC Barcelona\"],\"inLanguage\":\"en-US\"},{\"@type\":\"WebPage\",\"@id\":\"https:\\\/\\\/www.fcbarcelonanoticias.com\\\/en\\\/fc-barcelona\\\/deserved-the-new-distinction-that-has-received-ansu-fati_266618_102.html\",\"url\":\"https:\\\/\\\/www.fcbarcelonanoticias.com\\\/en\\\/fc-barcelona\\\/deserved-the-new-distinction-that-has-received-ansu-fati_266618_102.html\",\"name\":\"Deserved! The new distinction that has received Ansu Fati\",\"isPartOf\":{\"@id\":\"https:\\\/\\\/www.fcbarcelonanoticias.com\\\/en\\\/#website\"},\"primaryImageOfPage\":{\"@id\":\"https:\\\/\\\/www.fcbarcelonanoticias.com\\\/en\\\/fc-barcelona\\\/deserved-the-new-distinction-that-has-received-ansu-fati_266618_102.html#primaryimage\"},\"image\":{\"@id\":\"https:\\\/\\\/www.fcbarcelonanoticias.com\\\/en\\\/fc-barcelona\\\/deserved-the-new-distinction-that-has-received-ansu-fati_266618_102.html#primaryimage\"},\"thumbnailUrl\":\"https:\\\/\\\/www.fcbarcelonanoticias.com\\\/en\\\/wp-content\\\/uploads\\\/sites\\\/2\\\/2021\\\/03\\\/ansu-fati-betis-1.jpeg\",\"datePublished\":\"2021-03-23T15:03:00+00:00\",\"dateModified\":\"2021-03-24T23:27:00+00:00\",\"author\":{\"@id\":\"https:\\\/\\\/www.fcbarcelonanoticias.com\\\/en\\\/#\\\/schema\\\/person\\\/cd76beb4dc29365ad4d29ef99b2916aa\"},\"description\":\"Ansu Fati Has been awarded with the prize NxGn 2021, awarded to the best young footballer of the year, in spite of being lesionado from the month of November\",\"breadcrumb\":{\"@id\":\"https:\\\/\\\/www.fcbarcelonanoticias.com\\\/en\\\/fc-barcelona\\\/deserved-the-new-distinction-that-has-received-ansu-fati_266618_102.html#breadcrumb\"},\"inLanguage\":\"en-US\",\"potentialAction\":[{\"@type\":\"ReadAction\",\"target\":[\"https:\\\/\\\/www.fcbarcelonanoticias.com\\\/en\\\/fc-barcelona\\\/deserved-the-new-distinction-that-has-received-ansu-fati_266618_102.html\"]}]},{\"@type\":\"ImageObject\",\"inLanguage\":\"en-US\",\"@id\":\"https:\\\/\\\/www.fcbarcelonanoticias.com\\\/en\\\/fc-barcelona\\\/deserved-the-new-distinction-that-has-received-ansu-fati_266618_102.html#primaryimage\",\"url\":\"https:\\\/\\\/www.fcbarcelonanoticias.com\\\/en\\\/wp-content\\\/uploads\\\/sites\\\/2\\\/2021\\\/03\\\/ansu-fati-betis-1.jpeg\",\"contentUrl\":\"https:\\\/\\\/www.fcbarcelonanoticias.com\\\/en\\\/wp-content\\\/uploads\\\/sites\\\/2\\\/2021\\\/03\\\/ansu-fati-betis-1.jpeg\",\"width\":1200,\"height\":714},{\"@type\":\"BreadcrumbList\",\"@id\":\"https:\\\/\\\/www.fcbarcelonanoticias.com\\\/en\\\/fc-barcelona\\\/deserved-the-new-distinction-that-has-received-ansu-fati_266618_102.html#breadcrumb\",\"itemListElement\":[{\"@type\":\"ListItem\",\"position\":1,\"name\":\"Portada\",\"item\":\"https:\\\/\\\/www.fcbarcelonanoticias.com\\\/en\\\/\"},{\"@type\":\"ListItem\",\"position\":2,\"name\":\"Deserved! The new distinction that has received Ansu Fati\"}]},{\"@type\":\"WebSite\",\"@id\":\"https:\\\/\\\/www.fcbarcelonanoticias.com\\\/en\\\/#website\",\"url\":\"https:\\\/\\\/www.fcbarcelonanoticias.com\\\/en\\\/\",\"name\":\"EN - FC Barcelona Noticias\",\"description\":\"\",\"potentialAction\":[{\"@type\":\"SearchAction\",\"target\":{\"@type\":\"EntryPoint\",\"urlTemplate\":\"https:\\\/\\\/www.fcbarcelonanoticias.com\\\/en\\\/?s={search_term_string}\"},\"query-input\":{\"@type\":\"PropertyValueSpecification\",\"valueRequired\":true,\"valueName\":\"search_term_string\"}}],\"inLanguage\":\"en-US\"},{\"@type\":\"Person\",\"@id\":\"https:\\\/\\\/www.fcbarcelonanoticias.com\\\/en\\\/#\\\/schema\\\/person\\\/cd76beb4dc29365ad4d29ef99b2916aa\",\"name\":\"user_4125\",\"image\":{\"@type\":\"ImageObject\",\"inLanguage\":\"en-US\",\"@id\":\"https:\\\/\\\/secure.gravatar.com\\\/avatar\\\/?s=96&d=mm&r=g\",\"url\":\"https:\\\/\\\/secure.gravatar.com\\\/avatar\\\/?s=96&d=mm&r=g\",\"contentUrl\":\"https:\\\/\\\/secure.gravatar.com\\\/avatar\\\/?s=96&d=mm&r=g\",\"caption\":\"user_4125\"},\"url\":\"https:\\\/\\\/www.fcbarcelonanoticias.com\\\/en\\\/user_4125.html\"}]}<\/script>\n<!-- \/ Yoast SEO plugin. -->","yoast_head_json":{"title":"Deserved! The new distinction that has received Ansu Fati","description":"Ansu Fati Has been awarded with the prize NxGn 2021, awarded to the best young footballer of the year, in spite of being lesionado from the month of November","robots":{"index":"index","follow":"follow","max-snippet":"max-snippet:-1","max-image-preview":"max-image-preview:large","max-video-preview":"max-video-preview:-1"},"canonical":"https:\/\/www.fcbarcelonanoticias.com\/en\/fc-barcelona\/deserved-the-new-distinction-that-has-received-ansu-fati_266618_102.html","og_locale":"en_US","og_type":"article","og_title":"Deserved! The new distinction that has received Ansu Fati","og_description":"Ansu Fati Has been awarded with the prize NxGn 2021, awarded to the best young footballer of the year, in spite of being lesionado from the month of November","og_url":"https:\/\/www.fcbarcelonanoticias.com\/en\/fc-barcelona\/deserved-the-new-distinction-that-has-received-ansu-fati_266618_102.html","og_site_name":"EN - FC Barcelona Noticias","article_published_time":"2021-03-23T15:03:00+00:00","article_modified_time":"2021-03-24T23:27:00+00:00","og_image":[{"width":1200,"height":714,"url":"https:\/\/www.fcbarcelonanoticias.com\/en\/wp-content\/uploads\/sites\/2\/2021\/03\/ansu-fati-betis-1.jpeg","type":"image\/jpeg"}],"author":"user_4125","twitter_card":"summary_large_image","twitter_misc":{"Written by":"user_4125","Est. reading time":"2 minutes"},"schema":{"@context":"https:\/\/schema.org","@graph":[{"@type":"Article","@id":"https:\/\/www.fcbarcelonanoticias.com\/en\/fc-barcelona\/deserved-the-new-distinction-that-has-received-ansu-fati_266618_102.html#article","isPartOf":{"@id":"https:\/\/www.fcbarcelonanoticias.com\/en\/fc-barcelona\/deserved-the-new-distinction-that-has-received-ansu-fati_266618_102.html"},"author":{"name":"user_4125","@id":"https:\/\/www.fcbarcelonanoticias.com\/en\/#\/schema\/person\/cd76beb4dc29365ad4d29ef99b2916aa"},"headline":"Deserved! The new distinction that has received Ansu Fati","datePublished":"2021-03-23T15:03:00+00:00","dateModified":"2021-03-24T23:27:00+00:00","mainEntityOfPage":{"@id":"https:\/\/www.fcbarcelonanoticias.com\/en\/fc-barcelona\/deserved-the-new-distinction-that-has-received-ansu-fati_266618_102.html"},"wordCount":466,"image":{"@id":"https:\/\/www.fcbarcelonanoticias.com\/en\/fc-barcelona\/deserved-the-new-distinction-that-has-received-ansu-fati_266618_102.html#primaryimage"},"thumbnailUrl":"https:\/\/www.fcbarcelonanoticias.com\/en\/wp-content\/uploads\/sites\/2\/2021\/03\/ansu-fati-betis-1.jpeg","keywords":["awards","Ilaix Moriba"],"articleSection":["FC Barcelona"],"inLanguage":"en-US"},{"@type":"WebPage","@id":"https:\/\/www.fcbarcelonanoticias.com\/en\/fc-barcelona\/deserved-the-new-distinction-that-has-received-ansu-fati_266618_102.html","url":"https:\/\/www.fcbarcelonanoticias.com\/en\/fc-barcelona\/deserved-the-new-distinction-that-has-received-ansu-fati_266618_102.html","name":"Deserved! The new distinction that has received Ansu Fati","isPartOf":{"@id":"https:\/\/www.fcbarcelonanoticias.com\/en\/#website"},"primaryImageOfPage":{"@id":"https:\/\/www.fcbarcelonanoticias.com\/en\/fc-barcelona\/deserved-the-new-distinction-that-has-received-ansu-fati_266618_102.html#primaryimage"},"image":{"@id":"https:\/\/www.fcbarcelonanoticias.com\/en\/fc-barcelona\/deserved-the-new-distinction-that-has-received-ansu-fati_266618_102.html#primaryimage"},"thumbnailUrl":"https:\/\/www.fcbarcelonanoticias.com\/en\/wp-content\/uploads\/sites\/2\/2021\/03\/ansu-fati-betis-1.jpeg","datePublished":"2021-03-23T15:03:00+00:00","dateModified":"2021-03-24T23:27:00+00:00","author":{"@id":"https:\/\/www.fcbarcelonanoticias.com\/en\/#\/schema\/person\/cd76beb4dc29365ad4d29ef99b2916aa"},"description":"Ansu Fati Has been awarded with the prize NxGn 2021, awarded to the best young footballer of the year, in spite of being lesionado from the month of November","breadcrumb":{"@id":"https:\/\/www.fcbarcelonanoticias.com\/en\/fc-barcelona\/deserved-the-new-distinction-that-has-received-ansu-fati_266618_102.html#breadcrumb"},"inLanguage":"en-US","potentialAction":[{"@type":"ReadAction","target":["https:\/\/www.fcbarcelonanoticias.com\/en\/fc-barcelona\/deserved-the-new-distinction-that-has-received-ansu-fati_266618_102.html"]}]},{"@type":"ImageObject","inLanguage":"en-US","@id":"https:\/\/www.fcbarcelonanoticias.com\/en\/fc-barcelona\/deserved-the-new-distinction-that-has-received-ansu-fati_266618_102.html#primaryimage","url":"https:\/\/www.fcbarcelonanoticias.com\/en\/wp-content\/uploads\/sites\/2\/2021\/03\/ansu-fati-betis-1.jpeg","contentUrl":"https:\/\/www.fcbarcelonanoticias.com\/en\/wp-content\/uploads\/sites\/2\/2021\/03\/ansu-fati-betis-1.jpeg","width":1200,"height":714},{"@type":"BreadcrumbList","@id":"https:\/\/www.fcbarcelonanoticias.com\/en\/fc-barcelona\/deserved-the-new-distinction-that-has-received-ansu-fati_266618_102.html#breadcrumb","itemListElement":[{"@type":"ListItem","position":1,"name":"Portada","item":"https:\/\/www.fcbarcelonanoticias.com\/en\/"},{"@type":"ListItem","position":2,"name":"Deserved! The new distinction that has received Ansu Fati"}]},{"@type":"WebSite","@id":"https:\/\/www.fcbarcelonanoticias.com\/en\/#website","url":"https:\/\/www.fcbarcelonanoticias.com\/en\/","name":"EN - FC Barcelona Noticias","description":"","potentialAction":[{"@type":"SearchAction","target":{"@type":"EntryPoint","urlTemplate":"https:\/\/www.fcbarcelonanoticias.com\/en\/?s={search_term_string}"},"query-input":{"@type":"PropertyValueSpecification","valueRequired":true,"valueName":"search_term_string"}}],"inLanguage":"en-US"},{"@type":"Person","@id":"https:\/\/www.fcbarcelonanoticias.com\/en\/#\/schema\/person\/cd76beb4dc29365ad4d29ef99b2916aa","name":"user_4125","image":{"@type":"ImageObject","inLanguage":"en-US","@id":"https:\/\/secure.gravatar.com\/avatar\/?s=96&d=mm&r=g","url":"https:\/\/secure.gravatar.com\/avatar\/?s=96&d=mm&r=g","contentUrl":"https:\/\/secure.gravatar.com\/avatar\/?s=96&d=mm&r=g","caption":"user_4125"},"url":"https:\/\/www.fcbarcelonanoticias.com\/en\/user_4125.html"}]}},"_links":{"self":[{"href":"https:\/\/www.fcbarcelonanoticias.com\/en\/wp-json\/wp\/v2\/posts\/16885","targetHints":{"allow":["GET"]}}],"collection":[{"href":"https:\/\/www.fcbarcelonanoticias.com\/en\/wp-json\/wp\/v2\/posts"}],"about":[{"href":"https:\/\/www.fcbarcelonanoticias.com\/en\/wp-json\/wp\/v2\/types\/post"}],"author":[{"embeddable":true,"href":"https:\/\/www.fcbarcelonanoticias.com\/en\/wp-json\/wp\/v2\/users\/469"}],"replies":[{"embeddable":true,"href":"https:\/\/www.fcbarcelonanoticias.com\/en\/wp-json\/wp\/v2\/comments?post=16885"}],"version-history":[{"count":1,"href":"https:\/\/www.fcbarcelonanoticias.com\/en\/wp-json\/wp\/v2\/posts\/16885\/revisions"}],"predecessor-version":[{"id":16886,"href":"https:\/\/www.fcbarcelonanoticias.com\/en\/wp-json\/wp\/v2\/posts\/16885\/revisions\/16886"}],"wp:featuredmedia":[{"embeddable":true,"href":"https:\/\/www.fcbarcelonanoticias.com\/en\/wp-json\/wp\/v2\/media\/16888"}],"wp:attachment":[{"href":"https:\/\/www.fcbarcelonanoticias.com\/en\/wp-json\/wp\/v2\/media?parent=16885"}],"wp:term":[{"taxonomy":"category","embeddable":true,"href":"https:\/\/www.fcbarcelonanoticias.com\/en\/wp-json\/wp\/v2\/categories?post=16885"},{"taxonomy":"post_tag","embeddable":true,"href":"https:\/\/www.fcbarcelonanoticias.com\/en\/wp-json\/wp\/v2\/tags?post=16885"}],"curies":[{"name":"wp","href":"https:\/\/api.w.org\/{rel}","templated":true}]}}