{"id":16997,"date":"2017-04-26T23:01:00","date_gmt":"2017-04-26T21:01:00","guid":{"rendered":"https:\/\/weisetech.dev\/fc-barcelona-noticias\/en\/doublet-of-paquito-alcacer-to-confirm-the-adaptation_199331_102\/"},"modified":"2026-04-16T09:23:02","modified_gmt":"2026-04-16T07:23:02","slug":"doublet-of-paquito-alcacer-to-confirm-the-adaptation_199331_102","status":"publish","type":"post","link":"https:\/\/www.fcbarcelonanoticias.com\/en\/fc-barcelona\/doublet-of-paquito-alcacer-to-confirm-the-adaptation_199331_102.html","title":{"rendered":"&#8220;Doublet&#8221; of Paquito Alc\u00e1cer to confirm the adaptation"},"content":{"rendered":"<h2 class=\"wp-block-heading\">It did not begin with good foot, but the last weeks are seating of fable to Paco Alc\u00e1cer that consecrated with a &#8220;doublet&#8221; in front of Osasuna his progressive adaptation to the Bar\u00e7a of Luis Enrique. Without Luis Su\u00e1rez, had more spaces near of the rival area<\/h2>  \r\n<div class=\"article-addons\">\r\n    <a href=\"https:\/\/www.fcbarcelonanoticias.com\/en\/calendar-fc-barcelona.html\"\r\n       target=\"_self\"\r\n       title=\"Calendar of FC Barcelona\"\r\n       class=\"blue-gredient-btn\">\r\n       \r\n        Calendar of FC Barcelona    <\/a>\r\n<\/div>   <p><strong>Paco Alc\u00e1cer follows improving with the step of the weeks in <a href=\"https:\/\/www.fcbarcelonanoticias.com\/futbol\/fc-barcelona.html\">the FC Barcelona<\/a><\/strong>. What seemed that it would finish being a signing without too much route, given the first performances of the Valencian in the Barcelona group, is turning into  an operation of present and future if we take into account the last duels, in which Alc\u00e1cer is showing a big progression.<\/p> <p>The one who theoretically would have to be the fourth goleador of the FC Barcelona goes approaching little by little <a href=\"https:\/\/www.fcbarcelonanoticias.com\/goleadores-fc-barcelona-2016-2017.html\"><strong>to the one who occupies at present said honour, Burn Turan (13),<\/strong><\/a> and also to<strong> Ivan Rakitic (8)<\/strong> to the one who already has to so only a goal of distance. Alc\u00e1cer Has annotated 7 goals already between League and Glass of Rey, empatando of this way with<strong> Rafinha Alc\u00e1ntara<\/strong> regarding contribution realizadora.<\/p> <p>In front of Osasuna,<strong> annotated his two targets in the second half<\/strong>, the first of them taking advantage of a pass to the area that left to happen Mascherano, and that sent to perfection at the end of the meshes with a light touch to elevate the ball above Sirigu.<\/p> <h2>Alc\u00e1cer Will finish the season like a shot<\/h2> <p>The second goal was also of pure forward, to the contragolpe, when receiving a pass to the space that took advantage of for <strong>encarar to the guardameta Italian, driblarle and send later the spherical at the end of the goal<\/strong>, attaining like this the last target of the goleada of the FC Barcelona.<\/p> <p><strong>Paco Alc\u00e1cer follows showing an undoubted progression in the Bar\u00e7a<\/strong>, and proof of this are the minutes that is giving him Luis Enrique, increasingly, in this final stretch of campaign. This Wednesday, without going more far, did not do fault that Luis Su\u00e1rez dressed  of short.<\/p> <h2><a href=\"https:\/\/www.fcbarcelonanoticias.com\/fc-barcelona\/video-resumen-barcelona-7-osasuna-1-laliga-j34_199315_102.html\">SUMMARY And GOALS OF THE FC BARCELONA 7 OSASUNA 1<\/a><\/h2> ","protected":false},"excerpt":{"rendered":"<p>It did not begin with good foot, but the last weeks are seating of fable to Paco Alc\u00e1cer that consecrated with a &#8220;doublet&#8221; in front of Osasuna his progressive adaptation to the Bar\u00e7a of Luis Enrique. Without Luis Su\u00e1rez, had more spaces near of the rival area Paco Alc\u00e1cer follows improving with the step of [&hellip;]<\/p>\n","protected":false},"author":366,"featured_media":16998,"comment_status":"closed","ping_status":"open","sticky":false,"template":"","format":"standard","meta":{"_acf_changed":false,"inline_featured_image":false,"_nextfly_llmd_date_locked":false,"footnotes":""},"categories":[111],"tags":[179],"class_list":["post-16997","post","type-post","status-publish","format-standard","has-post-thumbnail","hentry","category-fc-barcelona","tag-paco-alcacer"],"acf":[],"yoast_head":"<!-- This site is optimized with the Yoast SEO plugin v27.3 - https:\/\/yoast.com\/product\/yoast-seo-wordpress\/ -->\n<title>&quot;Doublet&quot; of Paquito Alc\u00e1cer to confirm the adaptation<\/title>\n<meta name=\"description\" content=\"It did not begin with good foot, but the last weeks are seating of fable to Paco Alc\u00e1cer that consecrated with a &quot;doublet&quot; in front of Osasuna his...\" \/>\n<meta name=\"robots\" content=\"index, follow, max-snippet:-1, max-image-preview:large, max-video-preview:-1\" \/>\n<link rel=\"canonical\" href=\"https:\/\/www.fcbarcelonanoticias.com\/en\/fc-barcelona\/doublet-of-paquito-alcacer-to-confirm-the-adaptation_199331_102.html\" \/>\n<meta property=\"og:locale\" content=\"en_US\" \/>\n<meta property=\"og:type\" content=\"article\" \/>\n<meta property=\"og:title\" content=\"&quot;Doublet&quot; of Paquito Alc\u00e1cer to confirm the adaptation\" \/>\n<meta property=\"og:description\" content=\"It did not begin with good foot, but the last weeks are seating of fable to Paco Alc\u00e1cer that consecrated with a &quot;doublet&quot; in front of Osasuna his...\" \/>\n<meta property=\"og:url\" content=\"https:\/\/www.fcbarcelonanoticias.com\/en\/fc-barcelona\/doublet-of-paquito-alcacer-to-confirm-the-adaptation_199331_102.html\" \/>\n<meta property=\"og:site_name\" content=\"EN - FC Barcelona Noticias\" \/>\n<meta property=\"article:published_time\" content=\"2017-04-26T21:01:00+00:00\" \/>\n<meta property=\"article:modified_time\" content=\"2026-04-16T07:23:02+00:00\" \/>\n<meta property=\"og:image\" content=\"https:\/\/www.fcbarcelonanoticias.com\/en\/wp-content\/uploads\/sites\/2\/2017\/04\/alcacer-216577.jpeg\" \/>\n\t<meta property=\"og:image:width\" content=\"761\" \/>\n\t<meta property=\"og:image:height\" content=\"428\" \/>\n\t<meta property=\"og:image:type\" content=\"image\/jpeg\" \/>\n<meta name=\"author\" content=\"Carlos Dom\u00ednguez\" \/>\n<meta name=\"twitter:card\" content=\"summary_large_image\" \/>\n<meta name=\"twitter:label1\" content=\"Written by\" \/>\n\t<meta name=\"twitter:data1\" content=\"Carlos Dom\u00ednguez\" \/>\n\t<meta name=\"twitter:label2\" content=\"Est. reading time\" \/>\n\t<meta name=\"twitter:data2\" content=\"2 minutes\" \/>\n<script type=\"application\/ld+json\" class=\"yoast-schema-graph\">{\"@context\":\"https:\\\/\\\/schema.org\",\"@graph\":[{\"@type\":\"Article\",\"@id\":\"https:\\\/\\\/www.fcbarcelonanoticias.com\\\/en\\\/fc-barcelona\\\/doublet-of-paquito-alcacer-to-confirm-the-adaptation_199331_102.html#article\",\"isPartOf\":{\"@id\":\"https:\\\/\\\/www.fcbarcelonanoticias.com\\\/en\\\/fc-barcelona\\\/doublet-of-paquito-alcacer-to-confirm-the-adaptation_199331_102.html\"},\"author\":{\"name\":\"Carlos Dom\u00ednguez\",\"@id\":\"https:\\\/\\\/www.fcbarcelonanoticias.com\\\/en\\\/#\\\/schema\\\/person\\\/888e29b17b79c70d1c617d8a7bc9b8c6\"},\"headline\":\"&#8220;Doublet&#8221; of Paquito Alc\u00e1cer to confirm the adaptation\",\"datePublished\":\"2017-04-26T21:01:00+00:00\",\"dateModified\":\"2026-04-16T07:23:02+00:00\",\"mainEntityOfPage\":{\"@id\":\"https:\\\/\\\/www.fcbarcelonanoticias.com\\\/en\\\/fc-barcelona\\\/doublet-of-paquito-alcacer-to-confirm-the-adaptation_199331_102.html\"},\"wordCount\":365,\"image\":{\"@id\":\"https:\\\/\\\/www.fcbarcelonanoticias.com\\\/en\\\/fc-barcelona\\\/doublet-of-paquito-alcacer-to-confirm-the-adaptation_199331_102.html#primaryimage\"},\"thumbnailUrl\":\"https:\\\/\\\/www.fcbarcelonanoticias.com\\\/en\\\/wp-content\\\/uploads\\\/sites\\\/2\\\/2017\\\/04\\\/alcacer-216577.jpeg\",\"keywords\":[\"Paco Alc\u00e1cer\"],\"articleSection\":[\"FC Barcelona\"],\"inLanguage\":\"en-US\"},{\"@type\":\"WebPage\",\"@id\":\"https:\\\/\\\/www.fcbarcelonanoticias.com\\\/en\\\/fc-barcelona\\\/doublet-of-paquito-alcacer-to-confirm-the-adaptation_199331_102.html\",\"url\":\"https:\\\/\\\/www.fcbarcelonanoticias.com\\\/en\\\/fc-barcelona\\\/doublet-of-paquito-alcacer-to-confirm-the-adaptation_199331_102.html\",\"name\":\"\\\"Doublet\\\" of Paquito Alc\u00e1cer to confirm the adaptation\",\"isPartOf\":{\"@id\":\"https:\\\/\\\/www.fcbarcelonanoticias.com\\\/en\\\/#website\"},\"primaryImageOfPage\":{\"@id\":\"https:\\\/\\\/www.fcbarcelonanoticias.com\\\/en\\\/fc-barcelona\\\/doublet-of-paquito-alcacer-to-confirm-the-adaptation_199331_102.html#primaryimage\"},\"image\":{\"@id\":\"https:\\\/\\\/www.fcbarcelonanoticias.com\\\/en\\\/fc-barcelona\\\/doublet-of-paquito-alcacer-to-confirm-the-adaptation_199331_102.html#primaryimage\"},\"thumbnailUrl\":\"https:\\\/\\\/www.fcbarcelonanoticias.com\\\/en\\\/wp-content\\\/uploads\\\/sites\\\/2\\\/2017\\\/04\\\/alcacer-216577.jpeg\",\"datePublished\":\"2017-04-26T21:01:00+00:00\",\"dateModified\":\"2026-04-16T07:23:02+00:00\",\"author\":{\"@id\":\"https:\\\/\\\/www.fcbarcelonanoticias.com\\\/en\\\/#\\\/schema\\\/person\\\/888e29b17b79c70d1c617d8a7bc9b8c6\"},\"description\":\"It did not begin with good foot, but the last weeks are seating of fable to Paco Alc\u00e1cer that consecrated with a \\\"doublet\\\" in front of Osasuna his...\",\"breadcrumb\":{\"@id\":\"https:\\\/\\\/www.fcbarcelonanoticias.com\\\/en\\\/fc-barcelona\\\/doublet-of-paquito-alcacer-to-confirm-the-adaptation_199331_102.html#breadcrumb\"},\"inLanguage\":\"en-US\",\"potentialAction\":[{\"@type\":\"ReadAction\",\"target\":[\"https:\\\/\\\/www.fcbarcelonanoticias.com\\\/en\\\/fc-barcelona\\\/doublet-of-paquito-alcacer-to-confirm-the-adaptation_199331_102.html\"]}]},{\"@type\":\"ImageObject\",\"inLanguage\":\"en-US\",\"@id\":\"https:\\\/\\\/www.fcbarcelonanoticias.com\\\/en\\\/fc-barcelona\\\/doublet-of-paquito-alcacer-to-confirm-the-adaptation_199331_102.html#primaryimage\",\"url\":\"https:\\\/\\\/www.fcbarcelonanoticias.com\\\/en\\\/wp-content\\\/uploads\\\/sites\\\/2\\\/2017\\\/04\\\/alcacer-216577.jpeg\",\"contentUrl\":\"https:\\\/\\\/www.fcbarcelonanoticias.com\\\/en\\\/wp-content\\\/uploads\\\/sites\\\/2\\\/2017\\\/04\\\/alcacer-216577.jpeg\",\"width\":761,\"height\":428},{\"@type\":\"BreadcrumbList\",\"@id\":\"https:\\\/\\\/www.fcbarcelonanoticias.com\\\/en\\\/fc-barcelona\\\/doublet-of-paquito-alcacer-to-confirm-the-adaptation_199331_102.html#breadcrumb\",\"itemListElement\":[{\"@type\":\"ListItem\",\"position\":1,\"name\":\"Portada\",\"item\":\"https:\\\/\\\/www.fcbarcelonanoticias.com\\\/en\\\/\"},{\"@type\":\"ListItem\",\"position\":2,\"name\":\"&#8220;Doublet&#8221; of Paquito Alc\u00e1cer to confirm the adaptation\"}]},{\"@type\":\"WebSite\",\"@id\":\"https:\\\/\\\/www.fcbarcelonanoticias.com\\\/en\\\/#website\",\"url\":\"https:\\\/\\\/www.fcbarcelonanoticias.com\\\/en\\\/\",\"name\":\"EN - FC Barcelona Noticias\",\"description\":\"\",\"potentialAction\":[{\"@type\":\"SearchAction\",\"target\":{\"@type\":\"EntryPoint\",\"urlTemplate\":\"https:\\\/\\\/www.fcbarcelonanoticias.com\\\/en\\\/?s={search_term_string}\"},\"query-input\":{\"@type\":\"PropertyValueSpecification\",\"valueRequired\":true,\"valueName\":\"search_term_string\"}}],\"inLanguage\":\"en-US\"},{\"@type\":\"Person\",\"@id\":\"https:\\\/\\\/www.fcbarcelonanoticias.com\\\/en\\\/#\\\/schema\\\/person\\\/888e29b17b79c70d1c617d8a7bc9b8c6\",\"name\":\"Carlos Dom\u00ednguez\",\"image\":{\"@type\":\"ImageObject\",\"inLanguage\":\"en-US\",\"@id\":\"https:\\\/\\\/secure.gravatar.com\\\/avatar\\\/?s=96&d=mm&r=g\",\"url\":\"https:\\\/\\\/secure.gravatar.com\\\/avatar\\\/?s=96&d=mm&r=g\",\"contentUrl\":\"https:\\\/\\\/secure.gravatar.com\\\/avatar\\\/?s=96&d=mm&r=g\",\"caption\":\"Carlos Dom\u00ednguez\"},\"url\":\"https:\\\/\\\/www.fcbarcelonanoticias.com\\\/en\\\/carlos-dominguez_2_115.html\"}]}<\/script>\n<!-- \/ Yoast SEO plugin. -->","yoast_head_json":{"title":"\"Doublet\" of Paquito Alc\u00e1cer to confirm the adaptation","description":"It did not begin with good foot, but the last weeks are seating of fable to Paco Alc\u00e1cer that consecrated with a \"doublet\" in front of Osasuna his...","robots":{"index":"index","follow":"follow","max-snippet":"max-snippet:-1","max-image-preview":"max-image-preview:large","max-video-preview":"max-video-preview:-1"},"canonical":"https:\/\/www.fcbarcelonanoticias.com\/en\/fc-barcelona\/doublet-of-paquito-alcacer-to-confirm-the-adaptation_199331_102.html","og_locale":"en_US","og_type":"article","og_title":"\"Doublet\" of Paquito Alc\u00e1cer to confirm the adaptation","og_description":"It did not begin with good foot, but the last weeks are seating of fable to Paco Alc\u00e1cer that consecrated with a \"doublet\" in front of Osasuna his...","og_url":"https:\/\/www.fcbarcelonanoticias.com\/en\/fc-barcelona\/doublet-of-paquito-alcacer-to-confirm-the-adaptation_199331_102.html","og_site_name":"EN - FC Barcelona Noticias","article_published_time":"2017-04-26T21:01:00+00:00","article_modified_time":"2026-04-16T07:23:02+00:00","og_image":[{"width":761,"height":428,"url":"https:\/\/www.fcbarcelonanoticias.com\/en\/wp-content\/uploads\/sites\/2\/2017\/04\/alcacer-216577.jpeg","type":"image\/jpeg"}],"author":"Carlos Dom\u00ednguez","twitter_card":"summary_large_image","twitter_misc":{"Written by":"Carlos Dom\u00ednguez","Est. reading time":"2 minutes"},"schema":{"@context":"https:\/\/schema.org","@graph":[{"@type":"Article","@id":"https:\/\/www.fcbarcelonanoticias.com\/en\/fc-barcelona\/doublet-of-paquito-alcacer-to-confirm-the-adaptation_199331_102.html#article","isPartOf":{"@id":"https:\/\/www.fcbarcelonanoticias.com\/en\/fc-barcelona\/doublet-of-paquito-alcacer-to-confirm-the-adaptation_199331_102.html"},"author":{"name":"Carlos Dom\u00ednguez","@id":"https:\/\/www.fcbarcelonanoticias.com\/en\/#\/schema\/person\/888e29b17b79c70d1c617d8a7bc9b8c6"},"headline":"&#8220;Doublet&#8221; of Paquito Alc\u00e1cer to confirm the adaptation","datePublished":"2017-04-26T21:01:00+00:00","dateModified":"2026-04-16T07:23:02+00:00","mainEntityOfPage":{"@id":"https:\/\/www.fcbarcelonanoticias.com\/en\/fc-barcelona\/doublet-of-paquito-alcacer-to-confirm-the-adaptation_199331_102.html"},"wordCount":365,"image":{"@id":"https:\/\/www.fcbarcelonanoticias.com\/en\/fc-barcelona\/doublet-of-paquito-alcacer-to-confirm-the-adaptation_199331_102.html#primaryimage"},"thumbnailUrl":"https:\/\/www.fcbarcelonanoticias.com\/en\/wp-content\/uploads\/sites\/2\/2017\/04\/alcacer-216577.jpeg","keywords":["Paco Alc\u00e1cer"],"articleSection":["FC Barcelona"],"inLanguage":"en-US"},{"@type":"WebPage","@id":"https:\/\/www.fcbarcelonanoticias.com\/en\/fc-barcelona\/doublet-of-paquito-alcacer-to-confirm-the-adaptation_199331_102.html","url":"https:\/\/www.fcbarcelonanoticias.com\/en\/fc-barcelona\/doublet-of-paquito-alcacer-to-confirm-the-adaptation_199331_102.html","name":"\"Doublet\" of Paquito Alc\u00e1cer to confirm the adaptation","isPartOf":{"@id":"https:\/\/www.fcbarcelonanoticias.com\/en\/#website"},"primaryImageOfPage":{"@id":"https:\/\/www.fcbarcelonanoticias.com\/en\/fc-barcelona\/doublet-of-paquito-alcacer-to-confirm-the-adaptation_199331_102.html#primaryimage"},"image":{"@id":"https:\/\/www.fcbarcelonanoticias.com\/en\/fc-barcelona\/doublet-of-paquito-alcacer-to-confirm-the-adaptation_199331_102.html#primaryimage"},"thumbnailUrl":"https:\/\/www.fcbarcelonanoticias.com\/en\/wp-content\/uploads\/sites\/2\/2017\/04\/alcacer-216577.jpeg","datePublished":"2017-04-26T21:01:00+00:00","dateModified":"2026-04-16T07:23:02+00:00","author":{"@id":"https:\/\/www.fcbarcelonanoticias.com\/en\/#\/schema\/person\/888e29b17b79c70d1c617d8a7bc9b8c6"},"description":"It did not begin with good foot, but the last weeks are seating of fable to Paco Alc\u00e1cer that consecrated with a \"doublet\" in front of Osasuna his...","breadcrumb":{"@id":"https:\/\/www.fcbarcelonanoticias.com\/en\/fc-barcelona\/doublet-of-paquito-alcacer-to-confirm-the-adaptation_199331_102.html#breadcrumb"},"inLanguage":"en-US","potentialAction":[{"@type":"ReadAction","target":["https:\/\/www.fcbarcelonanoticias.com\/en\/fc-barcelona\/doublet-of-paquito-alcacer-to-confirm-the-adaptation_199331_102.html"]}]},{"@type":"ImageObject","inLanguage":"en-US","@id":"https:\/\/www.fcbarcelonanoticias.com\/en\/fc-barcelona\/doublet-of-paquito-alcacer-to-confirm-the-adaptation_199331_102.html#primaryimage","url":"https:\/\/www.fcbarcelonanoticias.com\/en\/wp-content\/uploads\/sites\/2\/2017\/04\/alcacer-216577.jpeg","contentUrl":"https:\/\/www.fcbarcelonanoticias.com\/en\/wp-content\/uploads\/sites\/2\/2017\/04\/alcacer-216577.jpeg","width":761,"height":428},{"@type":"BreadcrumbList","@id":"https:\/\/www.fcbarcelonanoticias.com\/en\/fc-barcelona\/doublet-of-paquito-alcacer-to-confirm-the-adaptation_199331_102.html#breadcrumb","itemListElement":[{"@type":"ListItem","position":1,"name":"Portada","item":"https:\/\/www.fcbarcelonanoticias.com\/en\/"},{"@type":"ListItem","position":2,"name":"&#8220;Doublet&#8221; of Paquito Alc\u00e1cer to confirm the adaptation"}]},{"@type":"WebSite","@id":"https:\/\/www.fcbarcelonanoticias.com\/en\/#website","url":"https:\/\/www.fcbarcelonanoticias.com\/en\/","name":"EN - FC Barcelona Noticias","description":"","potentialAction":[{"@type":"SearchAction","target":{"@type":"EntryPoint","urlTemplate":"https:\/\/www.fcbarcelonanoticias.com\/en\/?s={search_term_string}"},"query-input":{"@type":"PropertyValueSpecification","valueRequired":true,"valueName":"search_term_string"}}],"inLanguage":"en-US"},{"@type":"Person","@id":"https:\/\/www.fcbarcelonanoticias.com\/en\/#\/schema\/person\/888e29b17b79c70d1c617d8a7bc9b8c6","name":"Carlos Dom\u00ednguez","image":{"@type":"ImageObject","inLanguage":"en-US","@id":"https:\/\/secure.gravatar.com\/avatar\/?s=96&d=mm&r=g","url":"https:\/\/secure.gravatar.com\/avatar\/?s=96&d=mm&r=g","contentUrl":"https:\/\/secure.gravatar.com\/avatar\/?s=96&d=mm&r=g","caption":"Carlos Dom\u00ednguez"},"url":"https:\/\/www.fcbarcelonanoticias.com\/en\/carlos-dominguez_2_115.html"}]}},"_links":{"self":[{"href":"https:\/\/www.fcbarcelonanoticias.com\/en\/wp-json\/wp\/v2\/posts\/16997","targetHints":{"allow":["GET"]}}],"collection":[{"href":"https:\/\/www.fcbarcelonanoticias.com\/en\/wp-json\/wp\/v2\/posts"}],"about":[{"href":"https:\/\/www.fcbarcelonanoticias.com\/en\/wp-json\/wp\/v2\/types\/post"}],"author":[{"embeddable":true,"href":"https:\/\/www.fcbarcelonanoticias.com\/en\/wp-json\/wp\/v2\/users\/366"}],"replies":[{"embeddable":true,"href":"https:\/\/www.fcbarcelonanoticias.com\/en\/wp-json\/wp\/v2\/comments?post=16997"}],"version-history":[{"count":4,"href":"https:\/\/www.fcbarcelonanoticias.com\/en\/wp-json\/wp\/v2\/posts\/16997\/revisions"}],"predecessor-version":[{"id":173292,"href":"https:\/\/www.fcbarcelonanoticias.com\/en\/wp-json\/wp\/v2\/posts\/16997\/revisions\/173292"}],"wp:featuredmedia":[{"embeddable":true,"href":"https:\/\/www.fcbarcelonanoticias.com\/en\/wp-json\/wp\/v2\/media\/16998"}],"wp:attachment":[{"href":"https:\/\/www.fcbarcelonanoticias.com\/en\/wp-json\/wp\/v2\/media?parent=16997"}],"wp:term":[{"taxonomy":"category","embeddable":true,"href":"https:\/\/www.fcbarcelonanoticias.com\/en\/wp-json\/wp\/v2\/categories?post=16997"},{"taxonomy":"post_tag","embeddable":true,"href":"https:\/\/www.fcbarcelonanoticias.com\/en\/wp-json\/wp\/v2\/tags?post=16997"}],"curies":[{"name":"wp","href":"https:\/\/api.w.org\/{rel}","templated":true}]}}