{"id":17174,"date":"2022-07-23T18:19:00","date_gmt":"2022-07-23T16:19:00","guid":{"rendered":"https:\/\/weisetech.dev\/fc-barcelona-noticias\/en\/eduard-romeu-key-for-the-activation-of-the-crowbars_282487_102\/"},"modified":"2022-07-23T18:23:00","modified_gmt":"2022-07-23T16:23:00","slug":"eduard-romeu-key-for-the-activation-of-the-crowbars_282487_102","status":"publish","type":"post","link":"https:\/\/www.fcbarcelonanoticias.com\/en\/fc-barcelona\/eduard-romeu-key-for-the-activation-of-the-crowbars_282487_102.html","title":{"rendered":"Eduard Romeu, key to activating Bar\u00e7a&#8217;s &#8216;levers&#8217;"},"content":{"rendered":"<h2 class=\"wp-block-heading\">Eduard Romeu was one of the few directors of FC Barcelona who stayed in Catalonia while the team went on tour to the United States. The economic vice president has been key this summer for the activation of the financial &#8216;levers&#8217;<\/h2>  \r\n<div class=\"article-addons\">\r\n    <a href=\"https:\/\/www.fcbarcelonanoticias.com\/en\/calendar-fc-barcelona.html\"\r\n       target=\"_self\"\r\n       title=\"Calendar of FC Barcelona\"\r\n       class=\"blue-gredient-btn\">\r\n       \r\n        Calendar of FC Barcelona    <\/a>\r\n<\/div>   <p>In March 2021, <a data-external=\"0\" data-intl-links-en=\"https:\/\/www.fcbarcelonanoticias.com\/en\/transfers\/new-war-barca-chelsea-the-three-keys-of-the-operation-kounde_282486_102.html\" data-intl-links-es=\"https:\/\/www.fcbarcelonanoticias.com\/fichajes\/nueva-guerra-barcelona-chelsea-tres-claves-operacion-kounde_282486_102.html\" href=\"https:\/\/www.fcbarcelonanoticias.com\/en\/transfers\/new-war-barca-chelsea-the-three-keys-of-the-operation-kounde_282486_102.html\" rel=\"follow\" target=\"_self\" title=\"New Bar\u00e7a-Chelsea war: The three keys to the 'Kound\u00e9 operation'\">FC Barcelona<\/a> announced the departure of Jaume Gir\u00f3 as economic vice president of the club. Gir\u00f3 stepped down from his post before Joan Laporta began his second term as president and, <strong>in his place, the top cul\u00e9 leader put Eduard Romeu Barcel\u00f3<\/strong>, who is also vice president of the company Audax Renovables. Since then, Romeu has become one of the key men in the Blaugrana board, so much so that he spends most of the week in the club&#8217;s offices.<\/p>  <p>In that sense, the person in charge of the economic vice-presidency was one of the few directors who did not travel with the team to the tour of the United States. <strong>In total, a delegation of 164 club members (Bar\u00e7a coaches, footballers, managers, family members and employees)<\/strong> is on North American soil at the moment. In the meantime. Romeu is working on activating the financial &#8216;levers&#8217; promised by the board for this summer.<\/p>  <p>This week, <strong>the club made official the sale of an additional 15% of LaLiga&#8217;s television rights for the next 25 years with the US investment group Sixth Street<\/strong>. This operation will leave around 350 million euros in cash, an amount with which the club hopes to finance another couple of signings for 2022-23 and finish cleaning up the finances this summer to be able to register the reinforcements.<\/p>  <p>Likewise, <strong>Romeu is fully working on activating a third &#8216;lever&#8217; that has to do with the sale of 49.9% of Bar\u00e7a Studios, the club&#8217;s audiovisual production company<\/strong>. This new operation will also leave nearly 300 &#8216;kilos&#8217; in the Catalan coffers, enough to get out of the current crisis. With all this, the board hopes to restore the enthusiasm of the fans with a squad that is competitive enough to once again dominate Spanish football, just as the club was able to do in the last decade.<\/p>  <h3>The &#8216;classical economy&#8217;, Eduard Romeu&#8217;s business philosophy<\/h3>  <p>Since his arrival at <a data-external=\"0\" data-intl-links-en=\"https:\/\/www.fcbarcelonanoticias.com\/en\/transfers\/official-the-barca-index-card-to-one-of-the-big-promises-of_282482_102.html\" data-intl-links-es=\"https:\/\/www.fcbarcelonanoticias.com\/fichajes\/oficial-barcelona-ficha-grandes-promesas-girona_282482_102.html\" href=\"https:\/\/www.fcbarcelonanoticias.com\/en\/transfers\/official-the-barca-index-card-to-one-of-the-big-promises-of_282482_102.html\" rel=\"follow\" target=\"_self\" title=\"OFFICIAL! Bar\u00e7a signs one of Girona's great promises\">Bar\u00e7a<\/a>, the businessman has recommended that Laporta follow a fundamental criterion of &#8216;classical economics&#8217; to get out of the financial crisis:<strong> reduce expenses and increase income. To do this, the club has been leaving assets that represented an investment greater than the profits they generated<\/strong>, reinvesting this capital in the purchase of players that enhance the sports project led by Xavi Hern\u00e1ndez. While Laporta does marketing in the United States, Romeu works from home. This is how the new Blaugrana directive works.<\/p> ","protected":false},"excerpt":{"rendered":"<p>Eduard Romeu was one of the few directors of FC Barcelona who stayed in Catalonia while the team went on tour to the United States. The economic vice president has been key this summer for the activation of the financial &#8216;levers&#8217; In March 2021, FC Barcelona announced the departure of Jaume Gir\u00f3 as economic vice [&hellip;]<\/p>\n","protected":false},"author":347,"featured_media":14127,"comment_status":"closed","ping_status":"open","sticky":false,"template":"","format":"standard","meta":{"_acf_changed":false,"inline_featured_image":false,"_nextfly_llmd_date_locked":false,"footnotes":""},"categories":[111],"tags":[158],"class_list":["post-17174","post","type-post","status-publish","format-standard","has-post-thumbnail","hentry","category-fc-barcelona","tag-joan-laporta"],"acf":[],"yoast_head":"<!-- This site is optimized with the Yoast SEO plugin v27.3 - https:\/\/yoast.com\/product\/yoast-seo-wordpress\/ -->\n<title>Eduard Romeu, key to activating Bar\u00e7a&#039;s &#039;levers&#039;<\/title>\n<meta name=\"description\" content=\"Eduard Romeu was one of the few directors of the FC Barcelona that remained in Catalonia while the team went of turns to the United States. The vicepresid...\" \/>\n<meta name=\"robots\" content=\"index, follow, max-snippet:-1, max-image-preview:large, max-video-preview:-1\" \/>\n<link rel=\"canonical\" href=\"https:\/\/www.fcbarcelonanoticias.com\/en\/fc-barcelona\/eduard-romeu-key-for-the-activation-of-the-crowbars_282487_102.html\" \/>\n<meta property=\"og:locale\" content=\"en_US\" \/>\n<meta property=\"og:type\" content=\"article\" \/>\n<meta property=\"og:title\" content=\"Eduard Romeu, key to activating Bar\u00e7a&#039;s &#039;levers&#039;\" \/>\n<meta property=\"og:description\" content=\"Eduard Romeu was one of the few directors of the FC Barcelona that remained in Catalonia while the team went of turns to the United States. The vicepresid...\" \/>\n<meta property=\"og:url\" content=\"https:\/\/www.fcbarcelonanoticias.com\/en\/fc-barcelona\/eduard-romeu-key-for-the-activation-of-the-crowbars_282487_102.html\" \/>\n<meta property=\"og:site_name\" content=\"EN - FC Barcelona Noticias\" \/>\n<meta property=\"article:published_time\" content=\"2022-07-23T16:19:00+00:00\" \/>\n<meta property=\"article:modified_time\" content=\"2022-07-23T16:23:00+00:00\" \/>\n<meta property=\"og:image\" content=\"https:\/\/www.fcbarcelonanoticias.com\/en\/wp-content\/uploads\/sites\/2\/2023\/10\/eduard-romeu-con-el-barca.jpeg\" \/>\n\t<meta property=\"og:image:width\" content=\"1300\" \/>\n\t<meta property=\"og:image:height\" content=\"737\" \/>\n\t<meta property=\"og:image:type\" content=\"image\/jpeg\" \/>\n<meta name=\"author\" content=\"Andr\u00e9s Quiroz\" \/>\n<meta name=\"twitter:card\" content=\"summary_large_image\" \/>\n<meta name=\"twitter:label1\" content=\"Written by\" \/>\n\t<meta name=\"twitter:data1\" content=\"Andr\u00e9s Quiroz\" \/>\n\t<meta name=\"twitter:label2\" content=\"Est. reading time\" \/>\n\t<meta name=\"twitter:data2\" content=\"2 minutes\" \/>\n<script type=\"application\/ld+json\" class=\"yoast-schema-graph\">{\"@context\":\"https:\\\/\\\/schema.org\",\"@graph\":[{\"@type\":\"Article\",\"@id\":\"https:\\\/\\\/www.fcbarcelonanoticias.com\\\/en\\\/fc-barcelona\\\/eduard-romeu-key-for-the-activation-of-the-crowbars_282487_102.html#article\",\"isPartOf\":{\"@id\":\"https:\\\/\\\/www.fcbarcelonanoticias.com\\\/en\\\/fc-barcelona\\\/eduard-romeu-key-for-the-activation-of-the-crowbars_282487_102.html\"},\"author\":{\"name\":\"Andr\u00e9s Quiroz\",\"@id\":\"https:\\\/\\\/www.fcbarcelonanoticias.com\\\/en\\\/#\\\/schema\\\/person\\\/c2cd9f6fa1af5c0d0eccd0fefa575c88\"},\"headline\":\"Eduard Romeu, key to activating Bar\u00e7a&#8217;s &#8216;levers&#8217;\",\"datePublished\":\"2022-07-23T16:19:00+00:00\",\"dateModified\":\"2022-07-23T16:23:00+00:00\",\"mainEntityOfPage\":{\"@id\":\"https:\\\/\\\/www.fcbarcelonanoticias.com\\\/en\\\/fc-barcelona\\\/eduard-romeu-key-for-the-activation-of-the-crowbars_282487_102.html\"},\"wordCount\":454,\"image\":{\"@id\":\"https:\\\/\\\/www.fcbarcelonanoticias.com\\\/en\\\/fc-barcelona\\\/eduard-romeu-key-for-the-activation-of-the-crowbars_282487_102.html#primaryimage\"},\"thumbnailUrl\":\"https:\\\/\\\/www.fcbarcelonanoticias.com\\\/en\\\/wp-content\\\/uploads\\\/sites\\\/2\\\/2023\\\/10\\\/eduard-romeu-con-el-barca.jpeg\",\"keywords\":[\"Joan Laporta\"],\"articleSection\":[\"FC Barcelona\"],\"inLanguage\":\"en-US\"},{\"@type\":\"WebPage\",\"@id\":\"https:\\\/\\\/www.fcbarcelonanoticias.com\\\/en\\\/fc-barcelona\\\/eduard-romeu-key-for-the-activation-of-the-crowbars_282487_102.html\",\"url\":\"https:\\\/\\\/www.fcbarcelonanoticias.com\\\/en\\\/fc-barcelona\\\/eduard-romeu-key-for-the-activation-of-the-crowbars_282487_102.html\",\"name\":\"Eduard Romeu, key to activating Bar\u00e7a's 'levers'\",\"isPartOf\":{\"@id\":\"https:\\\/\\\/www.fcbarcelonanoticias.com\\\/en\\\/#website\"},\"primaryImageOfPage\":{\"@id\":\"https:\\\/\\\/www.fcbarcelonanoticias.com\\\/en\\\/fc-barcelona\\\/eduard-romeu-key-for-the-activation-of-the-crowbars_282487_102.html#primaryimage\"},\"image\":{\"@id\":\"https:\\\/\\\/www.fcbarcelonanoticias.com\\\/en\\\/fc-barcelona\\\/eduard-romeu-key-for-the-activation-of-the-crowbars_282487_102.html#primaryimage\"},\"thumbnailUrl\":\"https:\\\/\\\/www.fcbarcelonanoticias.com\\\/en\\\/wp-content\\\/uploads\\\/sites\\\/2\\\/2023\\\/10\\\/eduard-romeu-con-el-barca.jpeg\",\"datePublished\":\"2022-07-23T16:19:00+00:00\",\"dateModified\":\"2022-07-23T16:23:00+00:00\",\"author\":{\"@id\":\"https:\\\/\\\/www.fcbarcelonanoticias.com\\\/en\\\/#\\\/schema\\\/person\\\/c2cd9f6fa1af5c0d0eccd0fefa575c88\"},\"description\":\"Eduard Romeu was one of the few directors of the FC Barcelona that remained in Catalonia while the team went of turns to the United States. The vicepresid...\",\"breadcrumb\":{\"@id\":\"https:\\\/\\\/www.fcbarcelonanoticias.com\\\/en\\\/fc-barcelona\\\/eduard-romeu-key-for-the-activation-of-the-crowbars_282487_102.html#breadcrumb\"},\"inLanguage\":\"en-US\",\"potentialAction\":[{\"@type\":\"ReadAction\",\"target\":[\"https:\\\/\\\/www.fcbarcelonanoticias.com\\\/en\\\/fc-barcelona\\\/eduard-romeu-key-for-the-activation-of-the-crowbars_282487_102.html\"]}]},{\"@type\":\"ImageObject\",\"inLanguage\":\"en-US\",\"@id\":\"https:\\\/\\\/www.fcbarcelonanoticias.com\\\/en\\\/fc-barcelona\\\/eduard-romeu-key-for-the-activation-of-the-crowbars_282487_102.html#primaryimage\",\"url\":\"https:\\\/\\\/www.fcbarcelonanoticias.com\\\/en\\\/wp-content\\\/uploads\\\/sites\\\/2\\\/2023\\\/10\\\/eduard-romeu-con-el-barca.jpeg\",\"contentUrl\":\"https:\\\/\\\/www.fcbarcelonanoticias.com\\\/en\\\/wp-content\\\/uploads\\\/sites\\\/2\\\/2023\\\/10\\\/eduard-romeu-con-el-barca.jpeg\",\"width\":1300,\"height\":737},{\"@type\":\"BreadcrumbList\",\"@id\":\"https:\\\/\\\/www.fcbarcelonanoticias.com\\\/en\\\/fc-barcelona\\\/eduard-romeu-key-for-the-activation-of-the-crowbars_282487_102.html#breadcrumb\",\"itemListElement\":[{\"@type\":\"ListItem\",\"position\":1,\"name\":\"Portada\",\"item\":\"https:\\\/\\\/www.fcbarcelonanoticias.com\\\/en\\\/\"},{\"@type\":\"ListItem\",\"position\":2,\"name\":\"Eduard Romeu, key to activating Bar\u00e7a&#8217;s &#8216;levers&#8217;\"}]},{\"@type\":\"WebSite\",\"@id\":\"https:\\\/\\\/www.fcbarcelonanoticias.com\\\/en\\\/#website\",\"url\":\"https:\\\/\\\/www.fcbarcelonanoticias.com\\\/en\\\/\",\"name\":\"EN - FC Barcelona Noticias\",\"description\":\"\",\"potentialAction\":[{\"@type\":\"SearchAction\",\"target\":{\"@type\":\"EntryPoint\",\"urlTemplate\":\"https:\\\/\\\/www.fcbarcelonanoticias.com\\\/en\\\/?s={search_term_string}\"},\"query-input\":{\"@type\":\"PropertyValueSpecification\",\"valueRequired\":true,\"valueName\":\"search_term_string\"}}],\"inLanguage\":\"en-US\"},{\"@type\":\"Person\",\"@id\":\"https:\\\/\\\/www.fcbarcelonanoticias.com\\\/en\\\/#\\\/schema\\\/person\\\/c2cd9f6fa1af5c0d0eccd0fefa575c88\",\"name\":\"Andr\u00e9s Quiroz\",\"image\":{\"@type\":\"ImageObject\",\"inLanguage\":\"en-US\",\"@id\":\"https:\\\/\\\/secure.gravatar.com\\\/avatar\\\/?s=96&d=mm&r=g\",\"url\":\"https:\\\/\\\/secure.gravatar.com\\\/avatar\\\/?s=96&d=mm&r=g\",\"contentUrl\":\"https:\\\/\\\/secure.gravatar.com\\\/avatar\\\/?s=96&d=mm&r=g\",\"caption\":\"Andr\u00e9s Quiroz\"},\"description\":\"Licenciado en Periodismo por la Universidad de los Andes. Me encargo de analizar y compartir los contenidos m\u00e1s destacados de la\u00a0actualidad del F\u00fatbol Club Barcelona, Mercado de Fichajes y F\u00fatbol Internacional en FCBN. La informaci\u00f3n es poder, pero tambi\u00e9n conocimiento.\",\"url\":\"https:\\\/\\\/www.fcbarcelonanoticias.com\\\/en\\\/fc-barcelona\\\/andres-quiroz_17_115.html\"}]}<\/script>\n<!-- \/ Yoast SEO plugin. -->","yoast_head_json":{"title":"Eduard Romeu, key to activating Bar\u00e7a's 'levers'","description":"Eduard Romeu was one of the few directors of the FC Barcelona that remained in Catalonia while the team went of turns to the United States. The vicepresid...","robots":{"index":"index","follow":"follow","max-snippet":"max-snippet:-1","max-image-preview":"max-image-preview:large","max-video-preview":"max-video-preview:-1"},"canonical":"https:\/\/www.fcbarcelonanoticias.com\/en\/fc-barcelona\/eduard-romeu-key-for-the-activation-of-the-crowbars_282487_102.html","og_locale":"en_US","og_type":"article","og_title":"Eduard Romeu, key to activating Bar\u00e7a's 'levers'","og_description":"Eduard Romeu was one of the few directors of the FC Barcelona that remained in Catalonia while the team went of turns to the United States. The vicepresid...","og_url":"https:\/\/www.fcbarcelonanoticias.com\/en\/fc-barcelona\/eduard-romeu-key-for-the-activation-of-the-crowbars_282487_102.html","og_site_name":"EN - FC Barcelona Noticias","article_published_time":"2022-07-23T16:19:00+00:00","article_modified_time":"2022-07-23T16:23:00+00:00","og_image":[{"width":1300,"height":737,"url":"https:\/\/www.fcbarcelonanoticias.com\/en\/wp-content\/uploads\/sites\/2\/2023\/10\/eduard-romeu-con-el-barca.jpeg","type":"image\/jpeg"}],"author":"Andr\u00e9s Quiroz","twitter_card":"summary_large_image","twitter_misc":{"Written by":"Andr\u00e9s Quiroz","Est. reading time":"2 minutes"},"schema":{"@context":"https:\/\/schema.org","@graph":[{"@type":"Article","@id":"https:\/\/www.fcbarcelonanoticias.com\/en\/fc-barcelona\/eduard-romeu-key-for-the-activation-of-the-crowbars_282487_102.html#article","isPartOf":{"@id":"https:\/\/www.fcbarcelonanoticias.com\/en\/fc-barcelona\/eduard-romeu-key-for-the-activation-of-the-crowbars_282487_102.html"},"author":{"name":"Andr\u00e9s Quiroz","@id":"https:\/\/www.fcbarcelonanoticias.com\/en\/#\/schema\/person\/c2cd9f6fa1af5c0d0eccd0fefa575c88"},"headline":"Eduard Romeu, key to activating Bar\u00e7a&#8217;s &#8216;levers&#8217;","datePublished":"2022-07-23T16:19:00+00:00","dateModified":"2022-07-23T16:23:00+00:00","mainEntityOfPage":{"@id":"https:\/\/www.fcbarcelonanoticias.com\/en\/fc-barcelona\/eduard-romeu-key-for-the-activation-of-the-crowbars_282487_102.html"},"wordCount":454,"image":{"@id":"https:\/\/www.fcbarcelonanoticias.com\/en\/fc-barcelona\/eduard-romeu-key-for-the-activation-of-the-crowbars_282487_102.html#primaryimage"},"thumbnailUrl":"https:\/\/www.fcbarcelonanoticias.com\/en\/wp-content\/uploads\/sites\/2\/2023\/10\/eduard-romeu-con-el-barca.jpeg","keywords":["Joan Laporta"],"articleSection":["FC Barcelona"],"inLanguage":"en-US"},{"@type":"WebPage","@id":"https:\/\/www.fcbarcelonanoticias.com\/en\/fc-barcelona\/eduard-romeu-key-for-the-activation-of-the-crowbars_282487_102.html","url":"https:\/\/www.fcbarcelonanoticias.com\/en\/fc-barcelona\/eduard-romeu-key-for-the-activation-of-the-crowbars_282487_102.html","name":"Eduard Romeu, key to activating Bar\u00e7a's 'levers'","isPartOf":{"@id":"https:\/\/www.fcbarcelonanoticias.com\/en\/#website"},"primaryImageOfPage":{"@id":"https:\/\/www.fcbarcelonanoticias.com\/en\/fc-barcelona\/eduard-romeu-key-for-the-activation-of-the-crowbars_282487_102.html#primaryimage"},"image":{"@id":"https:\/\/www.fcbarcelonanoticias.com\/en\/fc-barcelona\/eduard-romeu-key-for-the-activation-of-the-crowbars_282487_102.html#primaryimage"},"thumbnailUrl":"https:\/\/www.fcbarcelonanoticias.com\/en\/wp-content\/uploads\/sites\/2\/2023\/10\/eduard-romeu-con-el-barca.jpeg","datePublished":"2022-07-23T16:19:00+00:00","dateModified":"2022-07-23T16:23:00+00:00","author":{"@id":"https:\/\/www.fcbarcelonanoticias.com\/en\/#\/schema\/person\/c2cd9f6fa1af5c0d0eccd0fefa575c88"},"description":"Eduard Romeu was one of the few directors of the FC Barcelona that remained in Catalonia while the team went of turns to the United States. The vicepresid...","breadcrumb":{"@id":"https:\/\/www.fcbarcelonanoticias.com\/en\/fc-barcelona\/eduard-romeu-key-for-the-activation-of-the-crowbars_282487_102.html#breadcrumb"},"inLanguage":"en-US","potentialAction":[{"@type":"ReadAction","target":["https:\/\/www.fcbarcelonanoticias.com\/en\/fc-barcelona\/eduard-romeu-key-for-the-activation-of-the-crowbars_282487_102.html"]}]},{"@type":"ImageObject","inLanguage":"en-US","@id":"https:\/\/www.fcbarcelonanoticias.com\/en\/fc-barcelona\/eduard-romeu-key-for-the-activation-of-the-crowbars_282487_102.html#primaryimage","url":"https:\/\/www.fcbarcelonanoticias.com\/en\/wp-content\/uploads\/sites\/2\/2023\/10\/eduard-romeu-con-el-barca.jpeg","contentUrl":"https:\/\/www.fcbarcelonanoticias.com\/en\/wp-content\/uploads\/sites\/2\/2023\/10\/eduard-romeu-con-el-barca.jpeg","width":1300,"height":737},{"@type":"BreadcrumbList","@id":"https:\/\/www.fcbarcelonanoticias.com\/en\/fc-barcelona\/eduard-romeu-key-for-the-activation-of-the-crowbars_282487_102.html#breadcrumb","itemListElement":[{"@type":"ListItem","position":1,"name":"Portada","item":"https:\/\/www.fcbarcelonanoticias.com\/en\/"},{"@type":"ListItem","position":2,"name":"Eduard Romeu, key to activating Bar\u00e7a&#8217;s &#8216;levers&#8217;"}]},{"@type":"WebSite","@id":"https:\/\/www.fcbarcelonanoticias.com\/en\/#website","url":"https:\/\/www.fcbarcelonanoticias.com\/en\/","name":"EN - FC Barcelona Noticias","description":"","potentialAction":[{"@type":"SearchAction","target":{"@type":"EntryPoint","urlTemplate":"https:\/\/www.fcbarcelonanoticias.com\/en\/?s={search_term_string}"},"query-input":{"@type":"PropertyValueSpecification","valueRequired":true,"valueName":"search_term_string"}}],"inLanguage":"en-US"},{"@type":"Person","@id":"https:\/\/www.fcbarcelonanoticias.com\/en\/#\/schema\/person\/c2cd9f6fa1af5c0d0eccd0fefa575c88","name":"Andr\u00e9s Quiroz","image":{"@type":"ImageObject","inLanguage":"en-US","@id":"https:\/\/secure.gravatar.com\/avatar\/?s=96&d=mm&r=g","url":"https:\/\/secure.gravatar.com\/avatar\/?s=96&d=mm&r=g","contentUrl":"https:\/\/secure.gravatar.com\/avatar\/?s=96&d=mm&r=g","caption":"Andr\u00e9s Quiroz"},"description":"Licenciado en Periodismo por la Universidad de los Andes. Me encargo de analizar y compartir los contenidos m\u00e1s destacados de la\u00a0actualidad del F\u00fatbol Club Barcelona, Mercado de Fichajes y F\u00fatbol Internacional en FCBN. La informaci\u00f3n es poder, pero tambi\u00e9n conocimiento.","url":"https:\/\/www.fcbarcelonanoticias.com\/en\/fc-barcelona\/andres-quiroz_17_115.html"}]}},"_links":{"self":[{"href":"https:\/\/www.fcbarcelonanoticias.com\/en\/wp-json\/wp\/v2\/posts\/17174","targetHints":{"allow":["GET"]}}],"collection":[{"href":"https:\/\/www.fcbarcelonanoticias.com\/en\/wp-json\/wp\/v2\/posts"}],"about":[{"href":"https:\/\/www.fcbarcelonanoticias.com\/en\/wp-json\/wp\/v2\/types\/post"}],"author":[{"embeddable":true,"href":"https:\/\/www.fcbarcelonanoticias.com\/en\/wp-json\/wp\/v2\/users\/347"}],"replies":[{"embeddable":true,"href":"https:\/\/www.fcbarcelonanoticias.com\/en\/wp-json\/wp\/v2\/comments?post=17174"}],"version-history":[{"count":1,"href":"https:\/\/www.fcbarcelonanoticias.com\/en\/wp-json\/wp\/v2\/posts\/17174\/revisions"}],"predecessor-version":[{"id":103621,"href":"https:\/\/www.fcbarcelonanoticias.com\/en\/wp-json\/wp\/v2\/posts\/17174\/revisions\/103621"}],"wp:featuredmedia":[{"embeddable":true,"href":"https:\/\/www.fcbarcelonanoticias.com\/en\/wp-json\/wp\/v2\/media\/14127"}],"wp:attachment":[{"href":"https:\/\/www.fcbarcelonanoticias.com\/en\/wp-json\/wp\/v2\/media?parent=17174"}],"wp:term":[{"taxonomy":"category","embeddable":true,"href":"https:\/\/www.fcbarcelonanoticias.com\/en\/wp-json\/wp\/v2\/categories?post=17174"},{"taxonomy":"post_tag","embeddable":true,"href":"https:\/\/www.fcbarcelonanoticias.com\/en\/wp-json\/wp\/v2\/tags?post=17174"}],"curies":[{"name":"wp","href":"https:\/\/api.w.org\/{rel}","templated":true}]}}