{"id":17228,"date":"2024-06-11T13:36:00","date_gmt":"2024-06-11T11:36:00","guid":{"rendered":"https:\/\/weisetech.dev\/fc-barcelona-noticias\/en\/frenkie-of-jong-will-not-have-to-operate-and-could-arrive-to-the-pre-season-of-the-barca-to-100_304381_102\/"},"modified":"2024-06-11T15:33:00","modified_gmt":"2024-06-11T13:33:00","slug":"frenkie-of-jong-will-not-have-to-operate-and-could-arrive-to-the-pre-season-of-the-barca-to-100_304381_102","status":"publish","type":"post","link":"https:\/\/www.fcbarcelonanoticias.com\/en\/fc-barcelona\/frenkie-of-jong-will-not-have-to-operate-and-could-arrive-to-the-pre-season-of-the-barca-to-100_304381_102.html","title":{"rendered":"Frenkie de Jong will not have to have surgery and could arrive at Bar\u00e7a&#8217;s preseason at 100%"},"content":{"rendered":"<h2 class=\"wp-block-heading\">Frenkie de Jong does not need to undergo surgery to resolve his ankle injury. Although the Dutch midfielder failed to recover in time to join his national team at the Euro Cup, an operation is ruled out.<\/h2>  \r\n<div class=\"article-addons\">\r\n    <a href=\"https:\/\/www.fcbarcelonanoticias.com\/en\/calendar-fc-barcelona.html\"\r\n       target=\"_self\"\r\n       title=\"Calendar of FC Barcelona\"\r\n       class=\"blue-gredient-btn\">\r\n       \r\n        Calendar of FC Barcelona    <\/a>\r\n<\/div>   <p>The selection of Low Countries received a hard &#8216;blow&#8217; the past Monday <a data-external=\"0\" data-intl-links-en=\"https:\/\/www.fcbarcelonanoticias.com\/en\/euro-2024-football-news-matches-results\/official-frenkie-of-jong-will-lose-the-eurocopa_304367_102.html\" data-intl-links-es=\"https:\/\/www.fcbarcelonanoticias.com\/eurocopa-2024\/oficial-frenkie-jong-se-perdera-eurocopa_304367_102.html\" href=\"https:\/\/www.fcbarcelonanoticias.com\/en\/euro-2024-football-news-matches-results\/official-frenkie-of-jong-will-lose-the-eurocopa_304367_102.html\" rel=\"follow\" target=\"_self\" title=\"OFICIAL: \u00a1Frenkie de Jong se pierde la Eurocopa!\">when confirming the absence of Frenkie of Jong in the Eurocopa 2024<\/a>. The &#8216;Oranje&#8217; begin his adventure in Germany next Sunday 16 June in front of the Poland of Robert Lewandowski, <strong>but will have to do it without the presence of the midfield player of the <a data-external=\"0\" data-intl-links-en=\"https:\/\/www.fcbarcelonanoticias.com\/en\/fc-barcelona\" data-intl-links-es=\"https:\/\/www.fcbarcelonanoticias.com\/fc-barcelona\" href=\"https:\/\/www.fcbarcelonanoticias.com\/en\/football-soccer\/fc-barcelona.html\" rel=\"follow\" target=\"_self\" title=\"FC Barcelona\">FC Barcelona<\/a><\/strong>, that no vi\u00f3 in conditions to contest the continental tournament.<\/p>  <p>The past 2 June the footballer had admitted that was<strong> &#8220;prepared to assume some risks of face to the Eurocopa&#8221;.<\/strong> However, the annoyances in his right ankle, which has involved along the season, have forced him to go down of the list of the square directed by Ronald Koeman.<\/p>  <p>In spite of this,<strong> Of Jong will not have to operate to solve his physical setback<\/strong>, as they inform from &#8216;Sportive World&#8217;. Nine days ago it stirred the possibility that the Dutch went through the operating theatre, but the same has descartado even after knowing the drop of the player in the Euro 2024. &#8220;The most important for me is that the injury do not turn into chronic. Still it is not the case and therefore they have not operated me of the ankle&#8221;, confessed the same Frenkie.<\/p>  <p><strong>The mediocentro of Gorcum is separated of the terrains of game from the past 21 April<\/strong>, when it had to withdraw of the field to the edge of the rest in the Classical celebrated in Santiago Bernab\u00e9u. Of Jong went out to block a shot of Federico Valverde, but did it putting the foot sideways with the outside to the balloon, what finished twisting his right ankle, that did not hold the impact of the spherical.<\/p>  <h2>A third injury no forzosa<\/h2>  <p><strong>The player suffered of this way his third injury in the same zone during the past season<\/strong>. In the previous meetings to the Madrid-Bar\u00e7a, Of Jong found without annoyances and therefore it was to title in the gone of quarter-finals of the Champions League in Paris in front of the PSG, to the equal that a week afterwards in the turn in Montju\u00efc. In the Park of the Princes, on 10 April, went back after being five weeks in the dry dam after suffering on 3 March his second sprain of ankle of the campaign in front of the Athletic Club in Saint Mam\u00e9s. Now, Flick expects his fast recovery to be able to have he in the start of the pre-season blaugrana.<\/p> ","protected":false},"excerpt":{"rendered":"<p>Frenkie de Jong does not need to undergo surgery to resolve his ankle injury. Although the Dutch midfielder failed to recover in time to join his national team at the Euro Cup, an operation is ruled out. The selection of Low Countries received a hard &#8216;blow&#8217; the past Monday when confirming the absence of Frenkie [&hellip;]<\/p>\n","protected":false},"author":358,"featured_media":17235,"comment_status":"closed","ping_status":"open","sticky":false,"template":"","format":"standard","meta":{"_acf_changed":false,"inline_featured_image":false,"_nextfly_llmd_date_locked":false,"footnotes":""},"categories":[111],"tags":[136],"class_list":["post-17228","post","type-post","status-publish","format-standard","has-post-thumbnail","hentry","category-fc-barcelona","tag-injured"],"acf":[],"yoast_head":"<!-- This site is optimized with the Yoast SEO plugin v27.3 - https:\/\/yoast.com\/product\/yoast-seo-wordpress\/ -->\n<title>Frenkie Of Jong will not have to operate and could arrive to the pre-season of the Bar\u00e7a to 100%<\/title>\n<meta name=\"description\" content=\"Frenkie Of Jong does not need to go through the operating theatre to solve his injury of ankle. Although the Dutch midfield player did not attain to recover to time to join to his selection in the Eurocopa, an operation is descartada\" \/>\n<meta name=\"robots\" content=\"index, follow, max-snippet:-1, max-image-preview:large, max-video-preview:-1\" \/>\n<link rel=\"canonical\" href=\"https:\/\/www.fcbarcelonanoticias.com\/en\/fc-barcelona\/frenkie-of-jong-will-not-have-to-operate-and-could-arrive-to-the-pre-season-of-the-barca-to-100_304381_102.html\" \/>\n<meta property=\"og:locale\" content=\"en_US\" \/>\n<meta property=\"og:type\" content=\"article\" \/>\n<meta property=\"og:title\" content=\"Frenkie Of Jong will not have to operate and could arrive to the pre-season of the Bar\u00e7a to 100%\" \/>\n<meta property=\"og:description\" content=\"Frenkie Of Jong does not need to go through the operating theatre to solve his injury of ankle. Although the Dutch midfield player did not attain to recover to time to join to his selection in the Eurocopa, an operation is descartada\" \/>\n<meta property=\"og:url\" content=\"https:\/\/www.fcbarcelonanoticias.com\/en\/fc-barcelona\/frenkie-of-jong-will-not-have-to-operate-and-could-arrive-to-the-pre-season-of-the-barca-to-100_304381_102.html\" \/>\n<meta property=\"og:site_name\" content=\"EN - FC Barcelona Noticias\" \/>\n<meta property=\"article:published_time\" content=\"2024-06-11T11:36:00+00:00\" \/>\n<meta property=\"article:modified_time\" content=\"2024-06-11T13:33:00+00:00\" \/>\n<meta property=\"og:image\" content=\"https:\/\/www.fcbarcelonanoticias.com\/en\/wp-content\/uploads\/sites\/2\/2024\/06\/frenkie-de-jong-lesionado-en-el-duelo-entre-el-athletic-club-y-el-fc-barcelona-en-laliga-ea-sports.png\" \/>\n\t<meta property=\"og:image:width\" content=\"1300\" \/>\n\t<meta property=\"og:image:height\" content=\"732\" \/>\n\t<meta property=\"og:image:type\" content=\"image\/png\" \/>\n<meta name=\"author\" content=\"Juan Pablo Berdugo\" \/>\n<meta name=\"twitter:card\" content=\"summary_large_image\" \/>\n<meta name=\"twitter:label1\" content=\"Written by\" \/>\n\t<meta name=\"twitter:data1\" content=\"Juan Pablo Berdugo\" \/>\n\t<meta name=\"twitter:label2\" content=\"Est. reading time\" \/>\n\t<meta name=\"twitter:data2\" content=\"2 minutes\" \/>\n<script type=\"application\/ld+json\" class=\"yoast-schema-graph\">{\"@context\":\"https:\\\/\\\/schema.org\",\"@graph\":[{\"@type\":\"Article\",\"@id\":\"https:\\\/\\\/www.fcbarcelonanoticias.com\\\/en\\\/fc-barcelona\\\/frenkie-of-jong-will-not-have-to-operate-and-could-arrive-to-the-pre-season-of-the-barca-to-100_304381_102.html#article\",\"isPartOf\":{\"@id\":\"https:\\\/\\\/www.fcbarcelonanoticias.com\\\/en\\\/fc-barcelona\\\/frenkie-of-jong-will-not-have-to-operate-and-could-arrive-to-the-pre-season-of-the-barca-to-100_304381_102.html\"},\"author\":{\"name\":\"Juan Pablo Berdugo\",\"@id\":\"https:\\\/\\\/www.fcbarcelonanoticias.com\\\/en\\\/#\\\/schema\\\/person\\\/88d756918a0a1ae9fa593b5edddd1815\"},\"headline\":\"Frenkie de Jong will not have to have surgery and could arrive at Bar\u00e7a&#8217;s preseason at 100%\",\"datePublished\":\"2024-06-11T11:36:00+00:00\",\"dateModified\":\"2024-06-11T13:33:00+00:00\",\"mainEntityOfPage\":{\"@id\":\"https:\\\/\\\/www.fcbarcelonanoticias.com\\\/en\\\/fc-barcelona\\\/frenkie-of-jong-will-not-have-to-operate-and-could-arrive-to-the-pre-season-of-the-barca-to-100_304381_102.html\"},\"wordCount\":463,\"image\":{\"@id\":\"https:\\\/\\\/www.fcbarcelonanoticias.com\\\/en\\\/fc-barcelona\\\/frenkie-of-jong-will-not-have-to-operate-and-could-arrive-to-the-pre-season-of-the-barca-to-100_304381_102.html#primaryimage\"},\"thumbnailUrl\":\"https:\\\/\\\/www.fcbarcelonanoticias.com\\\/en\\\/wp-content\\\/uploads\\\/sites\\\/2\\\/2024\\\/06\\\/frenkie-de-jong-lesionado-en-el-duelo-entre-el-athletic-club-y-el-fc-barcelona-en-laliga-ea-sports.png\",\"keywords\":[\"injured\"],\"articleSection\":[\"FC Barcelona\"],\"inLanguage\":\"en-US\"},{\"@type\":\"WebPage\",\"@id\":\"https:\\\/\\\/www.fcbarcelonanoticias.com\\\/en\\\/fc-barcelona\\\/frenkie-of-jong-will-not-have-to-operate-and-could-arrive-to-the-pre-season-of-the-barca-to-100_304381_102.html\",\"url\":\"https:\\\/\\\/www.fcbarcelonanoticias.com\\\/en\\\/fc-barcelona\\\/frenkie-of-jong-will-not-have-to-operate-and-could-arrive-to-the-pre-season-of-the-barca-to-100_304381_102.html\",\"name\":\"Frenkie Of Jong will not have to operate and could arrive to the pre-season of the Bar\u00e7a to 100%\",\"isPartOf\":{\"@id\":\"https:\\\/\\\/www.fcbarcelonanoticias.com\\\/en\\\/#website\"},\"primaryImageOfPage\":{\"@id\":\"https:\\\/\\\/www.fcbarcelonanoticias.com\\\/en\\\/fc-barcelona\\\/frenkie-of-jong-will-not-have-to-operate-and-could-arrive-to-the-pre-season-of-the-barca-to-100_304381_102.html#primaryimage\"},\"image\":{\"@id\":\"https:\\\/\\\/www.fcbarcelonanoticias.com\\\/en\\\/fc-barcelona\\\/frenkie-of-jong-will-not-have-to-operate-and-could-arrive-to-the-pre-season-of-the-barca-to-100_304381_102.html#primaryimage\"},\"thumbnailUrl\":\"https:\\\/\\\/www.fcbarcelonanoticias.com\\\/en\\\/wp-content\\\/uploads\\\/sites\\\/2\\\/2024\\\/06\\\/frenkie-de-jong-lesionado-en-el-duelo-entre-el-athletic-club-y-el-fc-barcelona-en-laliga-ea-sports.png\",\"datePublished\":\"2024-06-11T11:36:00+00:00\",\"dateModified\":\"2024-06-11T13:33:00+00:00\",\"author\":{\"@id\":\"https:\\\/\\\/www.fcbarcelonanoticias.com\\\/en\\\/#\\\/schema\\\/person\\\/88d756918a0a1ae9fa593b5edddd1815\"},\"description\":\"Frenkie Of Jong does not need to go through the operating theatre to solve his injury of ankle. Although the Dutch midfield player did not attain to recover to time to join to his selection in the Eurocopa, an operation is descartada\",\"breadcrumb\":{\"@id\":\"https:\\\/\\\/www.fcbarcelonanoticias.com\\\/en\\\/fc-barcelona\\\/frenkie-of-jong-will-not-have-to-operate-and-could-arrive-to-the-pre-season-of-the-barca-to-100_304381_102.html#breadcrumb\"},\"inLanguage\":\"en-US\",\"potentialAction\":[{\"@type\":\"ReadAction\",\"target\":[\"https:\\\/\\\/www.fcbarcelonanoticias.com\\\/en\\\/fc-barcelona\\\/frenkie-of-jong-will-not-have-to-operate-and-could-arrive-to-the-pre-season-of-the-barca-to-100_304381_102.html\"]}]},{\"@type\":\"ImageObject\",\"inLanguage\":\"en-US\",\"@id\":\"https:\\\/\\\/www.fcbarcelonanoticias.com\\\/en\\\/fc-barcelona\\\/frenkie-of-jong-will-not-have-to-operate-and-could-arrive-to-the-pre-season-of-the-barca-to-100_304381_102.html#primaryimage\",\"url\":\"https:\\\/\\\/www.fcbarcelonanoticias.com\\\/en\\\/wp-content\\\/uploads\\\/sites\\\/2\\\/2024\\\/06\\\/frenkie-de-jong-lesionado-en-el-duelo-entre-el-athletic-club-y-el-fc-barcelona-en-laliga-ea-sports.png\",\"contentUrl\":\"https:\\\/\\\/www.fcbarcelonanoticias.com\\\/en\\\/wp-content\\\/uploads\\\/sites\\\/2\\\/2024\\\/06\\\/frenkie-de-jong-lesionado-en-el-duelo-entre-el-athletic-club-y-el-fc-barcelona-en-laliga-ea-sports.png\",\"width\":1300,\"height\":732},{\"@type\":\"BreadcrumbList\",\"@id\":\"https:\\\/\\\/www.fcbarcelonanoticias.com\\\/en\\\/fc-barcelona\\\/frenkie-of-jong-will-not-have-to-operate-and-could-arrive-to-the-pre-season-of-the-barca-to-100_304381_102.html#breadcrumb\",\"itemListElement\":[{\"@type\":\"ListItem\",\"position\":1,\"name\":\"Portada\",\"item\":\"https:\\\/\\\/www.fcbarcelonanoticias.com\\\/en\\\/\"},{\"@type\":\"ListItem\",\"position\":2,\"name\":\"Frenkie de Jong will not have to have surgery and could arrive at Bar\u00e7a&#8217;s preseason at 100%\"}]},{\"@type\":\"WebSite\",\"@id\":\"https:\\\/\\\/www.fcbarcelonanoticias.com\\\/en\\\/#website\",\"url\":\"https:\\\/\\\/www.fcbarcelonanoticias.com\\\/en\\\/\",\"name\":\"EN - FC Barcelona Noticias\",\"description\":\"\",\"potentialAction\":[{\"@type\":\"SearchAction\",\"target\":{\"@type\":\"EntryPoint\",\"urlTemplate\":\"https:\\\/\\\/www.fcbarcelonanoticias.com\\\/en\\\/?s={search_term_string}\"},\"query-input\":{\"@type\":\"PropertyValueSpecification\",\"valueRequired\":true,\"valueName\":\"search_term_string\"}}],\"inLanguage\":\"en-US\"},{\"@type\":\"Person\",\"@id\":\"https:\\\/\\\/www.fcbarcelonanoticias.com\\\/en\\\/#\\\/schema\\\/person\\\/88d756918a0a1ae9fa593b5edddd1815\",\"name\":\"Juan Pablo Berdugo\",\"image\":{\"@type\":\"ImageObject\",\"inLanguage\":\"en-US\",\"@id\":\"https:\\\/\\\/secure.gravatar.com\\\/avatar\\\/?s=96&d=mm&r=g\",\"url\":\"https:\\\/\\\/secure.gravatar.com\\\/avatar\\\/?s=96&d=mm&r=g\",\"contentUrl\":\"https:\\\/\\\/secure.gravatar.com\\\/avatar\\\/?s=96&d=mm&r=g\",\"caption\":\"Juan Pablo Berdugo\"},\"description\":\"Juan Pablo Berdugo es graduado en Periodismo. Colabora con FCBN como especialista en informaci\u00f3n del primer equipo del FC Barcelona, f\u00fatbol internacional y mercado de fichajes. Destaca por su enfoque anal\u00edtico, su rigor informativo y su capacidad para detectar tendencias emergentes en el f\u00fatbol global.\",\"url\":\"https:\\\/\\\/www.fcbarcelonanoticias.com\\\/en\\\/fc-barcelona\\\/juan-pablo-berdugo_18_115.html\"}]}<\/script>\n<!-- \/ Yoast SEO plugin. -->","yoast_head_json":{"title":"Frenkie Of Jong will not have to operate and could arrive to the pre-season of the Bar\u00e7a to 100%","description":"Frenkie Of Jong does not need to go through the operating theatre to solve his injury of ankle. Although the Dutch midfield player did not attain to recover to time to join to his selection in the Eurocopa, an operation is descartada","robots":{"index":"index","follow":"follow","max-snippet":"max-snippet:-1","max-image-preview":"max-image-preview:large","max-video-preview":"max-video-preview:-1"},"canonical":"https:\/\/www.fcbarcelonanoticias.com\/en\/fc-barcelona\/frenkie-of-jong-will-not-have-to-operate-and-could-arrive-to-the-pre-season-of-the-barca-to-100_304381_102.html","og_locale":"en_US","og_type":"article","og_title":"Frenkie Of Jong will not have to operate and could arrive to the pre-season of the Bar\u00e7a to 100%","og_description":"Frenkie Of Jong does not need to go through the operating theatre to solve his injury of ankle. Although the Dutch midfield player did not attain to recover to time to join to his selection in the Eurocopa, an operation is descartada","og_url":"https:\/\/www.fcbarcelonanoticias.com\/en\/fc-barcelona\/frenkie-of-jong-will-not-have-to-operate-and-could-arrive-to-the-pre-season-of-the-barca-to-100_304381_102.html","og_site_name":"EN - FC Barcelona Noticias","article_published_time":"2024-06-11T11:36:00+00:00","article_modified_time":"2024-06-11T13:33:00+00:00","og_image":[{"width":1300,"height":732,"url":"https:\/\/www.fcbarcelonanoticias.com\/en\/wp-content\/uploads\/sites\/2\/2024\/06\/frenkie-de-jong-lesionado-en-el-duelo-entre-el-athletic-club-y-el-fc-barcelona-en-laliga-ea-sports.png","type":"image\/png"}],"author":"Juan Pablo Berdugo","twitter_card":"summary_large_image","twitter_misc":{"Written by":"Juan Pablo Berdugo","Est. reading time":"2 minutes"},"schema":{"@context":"https:\/\/schema.org","@graph":[{"@type":"Article","@id":"https:\/\/www.fcbarcelonanoticias.com\/en\/fc-barcelona\/frenkie-of-jong-will-not-have-to-operate-and-could-arrive-to-the-pre-season-of-the-barca-to-100_304381_102.html#article","isPartOf":{"@id":"https:\/\/www.fcbarcelonanoticias.com\/en\/fc-barcelona\/frenkie-of-jong-will-not-have-to-operate-and-could-arrive-to-the-pre-season-of-the-barca-to-100_304381_102.html"},"author":{"name":"Juan Pablo Berdugo","@id":"https:\/\/www.fcbarcelonanoticias.com\/en\/#\/schema\/person\/88d756918a0a1ae9fa593b5edddd1815"},"headline":"Frenkie de Jong will not have to have surgery and could arrive at Bar\u00e7a&#8217;s preseason at 100%","datePublished":"2024-06-11T11:36:00+00:00","dateModified":"2024-06-11T13:33:00+00:00","mainEntityOfPage":{"@id":"https:\/\/www.fcbarcelonanoticias.com\/en\/fc-barcelona\/frenkie-of-jong-will-not-have-to-operate-and-could-arrive-to-the-pre-season-of-the-barca-to-100_304381_102.html"},"wordCount":463,"image":{"@id":"https:\/\/www.fcbarcelonanoticias.com\/en\/fc-barcelona\/frenkie-of-jong-will-not-have-to-operate-and-could-arrive-to-the-pre-season-of-the-barca-to-100_304381_102.html#primaryimage"},"thumbnailUrl":"https:\/\/www.fcbarcelonanoticias.com\/en\/wp-content\/uploads\/sites\/2\/2024\/06\/frenkie-de-jong-lesionado-en-el-duelo-entre-el-athletic-club-y-el-fc-barcelona-en-laliga-ea-sports.png","keywords":["injured"],"articleSection":["FC Barcelona"],"inLanguage":"en-US"},{"@type":"WebPage","@id":"https:\/\/www.fcbarcelonanoticias.com\/en\/fc-barcelona\/frenkie-of-jong-will-not-have-to-operate-and-could-arrive-to-the-pre-season-of-the-barca-to-100_304381_102.html","url":"https:\/\/www.fcbarcelonanoticias.com\/en\/fc-barcelona\/frenkie-of-jong-will-not-have-to-operate-and-could-arrive-to-the-pre-season-of-the-barca-to-100_304381_102.html","name":"Frenkie Of Jong will not have to operate and could arrive to the pre-season of the Bar\u00e7a to 100%","isPartOf":{"@id":"https:\/\/www.fcbarcelonanoticias.com\/en\/#website"},"primaryImageOfPage":{"@id":"https:\/\/www.fcbarcelonanoticias.com\/en\/fc-barcelona\/frenkie-of-jong-will-not-have-to-operate-and-could-arrive-to-the-pre-season-of-the-barca-to-100_304381_102.html#primaryimage"},"image":{"@id":"https:\/\/www.fcbarcelonanoticias.com\/en\/fc-barcelona\/frenkie-of-jong-will-not-have-to-operate-and-could-arrive-to-the-pre-season-of-the-barca-to-100_304381_102.html#primaryimage"},"thumbnailUrl":"https:\/\/www.fcbarcelonanoticias.com\/en\/wp-content\/uploads\/sites\/2\/2024\/06\/frenkie-de-jong-lesionado-en-el-duelo-entre-el-athletic-club-y-el-fc-barcelona-en-laliga-ea-sports.png","datePublished":"2024-06-11T11:36:00+00:00","dateModified":"2024-06-11T13:33:00+00:00","author":{"@id":"https:\/\/www.fcbarcelonanoticias.com\/en\/#\/schema\/person\/88d756918a0a1ae9fa593b5edddd1815"},"description":"Frenkie Of Jong does not need to go through the operating theatre to solve his injury of ankle. Although the Dutch midfield player did not attain to recover to time to join to his selection in the Eurocopa, an operation is descartada","breadcrumb":{"@id":"https:\/\/www.fcbarcelonanoticias.com\/en\/fc-barcelona\/frenkie-of-jong-will-not-have-to-operate-and-could-arrive-to-the-pre-season-of-the-barca-to-100_304381_102.html#breadcrumb"},"inLanguage":"en-US","potentialAction":[{"@type":"ReadAction","target":["https:\/\/www.fcbarcelonanoticias.com\/en\/fc-barcelona\/frenkie-of-jong-will-not-have-to-operate-and-could-arrive-to-the-pre-season-of-the-barca-to-100_304381_102.html"]}]},{"@type":"ImageObject","inLanguage":"en-US","@id":"https:\/\/www.fcbarcelonanoticias.com\/en\/fc-barcelona\/frenkie-of-jong-will-not-have-to-operate-and-could-arrive-to-the-pre-season-of-the-barca-to-100_304381_102.html#primaryimage","url":"https:\/\/www.fcbarcelonanoticias.com\/en\/wp-content\/uploads\/sites\/2\/2024\/06\/frenkie-de-jong-lesionado-en-el-duelo-entre-el-athletic-club-y-el-fc-barcelona-en-laliga-ea-sports.png","contentUrl":"https:\/\/www.fcbarcelonanoticias.com\/en\/wp-content\/uploads\/sites\/2\/2024\/06\/frenkie-de-jong-lesionado-en-el-duelo-entre-el-athletic-club-y-el-fc-barcelona-en-laliga-ea-sports.png","width":1300,"height":732},{"@type":"BreadcrumbList","@id":"https:\/\/www.fcbarcelonanoticias.com\/en\/fc-barcelona\/frenkie-of-jong-will-not-have-to-operate-and-could-arrive-to-the-pre-season-of-the-barca-to-100_304381_102.html#breadcrumb","itemListElement":[{"@type":"ListItem","position":1,"name":"Portada","item":"https:\/\/www.fcbarcelonanoticias.com\/en\/"},{"@type":"ListItem","position":2,"name":"Frenkie de Jong will not have to have surgery and could arrive at Bar\u00e7a&#8217;s preseason at 100%"}]},{"@type":"WebSite","@id":"https:\/\/www.fcbarcelonanoticias.com\/en\/#website","url":"https:\/\/www.fcbarcelonanoticias.com\/en\/","name":"EN - FC Barcelona Noticias","description":"","potentialAction":[{"@type":"SearchAction","target":{"@type":"EntryPoint","urlTemplate":"https:\/\/www.fcbarcelonanoticias.com\/en\/?s={search_term_string}"},"query-input":{"@type":"PropertyValueSpecification","valueRequired":true,"valueName":"search_term_string"}}],"inLanguage":"en-US"},{"@type":"Person","@id":"https:\/\/www.fcbarcelonanoticias.com\/en\/#\/schema\/person\/88d756918a0a1ae9fa593b5edddd1815","name":"Juan Pablo Berdugo","image":{"@type":"ImageObject","inLanguage":"en-US","@id":"https:\/\/secure.gravatar.com\/avatar\/?s=96&d=mm&r=g","url":"https:\/\/secure.gravatar.com\/avatar\/?s=96&d=mm&r=g","contentUrl":"https:\/\/secure.gravatar.com\/avatar\/?s=96&d=mm&r=g","caption":"Juan Pablo Berdugo"},"description":"Juan Pablo Berdugo es graduado en Periodismo. Colabora con FCBN como especialista en informaci\u00f3n del primer equipo del FC Barcelona, f\u00fatbol internacional y mercado de fichajes. Destaca por su enfoque anal\u00edtico, su rigor informativo y su capacidad para detectar tendencias emergentes en el f\u00fatbol global.","url":"https:\/\/www.fcbarcelonanoticias.com\/en\/fc-barcelona\/juan-pablo-berdugo_18_115.html"}]}},"_links":{"self":[{"href":"https:\/\/www.fcbarcelonanoticias.com\/en\/wp-json\/wp\/v2\/posts\/17228","targetHints":{"allow":["GET"]}}],"collection":[{"href":"https:\/\/www.fcbarcelonanoticias.com\/en\/wp-json\/wp\/v2\/posts"}],"about":[{"href":"https:\/\/www.fcbarcelonanoticias.com\/en\/wp-json\/wp\/v2\/types\/post"}],"author":[{"embeddable":true,"href":"https:\/\/www.fcbarcelonanoticias.com\/en\/wp-json\/wp\/v2\/users\/358"}],"replies":[{"embeddable":true,"href":"https:\/\/www.fcbarcelonanoticias.com\/en\/wp-json\/wp\/v2\/comments?post=17228"}],"version-history":[{"count":1,"href":"https:\/\/www.fcbarcelonanoticias.com\/en\/wp-json\/wp\/v2\/posts\/17228\/revisions"}],"predecessor-version":[{"id":101866,"href":"https:\/\/www.fcbarcelonanoticias.com\/en\/wp-json\/wp\/v2\/posts\/17228\/revisions\/101866"}],"wp:featuredmedia":[{"embeddable":true,"href":"https:\/\/www.fcbarcelonanoticias.com\/en\/wp-json\/wp\/v2\/media\/17235"}],"wp:attachment":[{"href":"https:\/\/www.fcbarcelonanoticias.com\/en\/wp-json\/wp\/v2\/media?parent=17228"}],"wp:term":[{"taxonomy":"category","embeddable":true,"href":"https:\/\/www.fcbarcelonanoticias.com\/en\/wp-json\/wp\/v2\/categories?post=17228"},{"taxonomy":"post_tag","embeddable":true,"href":"https:\/\/www.fcbarcelonanoticias.com\/en\/wp-json\/wp\/v2\/tags?post=17228"}],"curies":[{"name":"wp","href":"https:\/\/api.w.org\/{rel}","templated":true}]}}