{"id":17401,"date":"2024-08-23T09:24:00","date_gmt":"2024-08-23T07:24:00","guid":{"rendered":"https:\/\/weisetech.dev\/fc-barcelona-noticias\/en\/full-confidence-in-barca-with-the-presence-of-dani-olmo-against-athletic_306706_102\/"},"modified":"2026-04-16T09:50:35","modified_gmt":"2026-04-16T07:50:35","slug":"full-confidence-in-barca-with-the-presence-of-dani-olmo-against-athletic_306706_102","status":"publish","type":"post","link":"https:\/\/www.fcbarcelonanoticias.com\/en\/fc-barcelona\/full-confidence-in-barca-with-the-presence-of-dani-olmo-against-athletic_306706_102.html","title":{"rendered":"Full confidence in Bar\u00e7a with the presence of Dani Olmo against Athletic!"},"content":{"rendered":"<h2 class=\"wp-block-heading\">FC Barcelona seems to be hopeful of being able to register Dani Olmo for the matchday 2 of LaLiga 24\/25 against Athletic Club. This option does not seem simple at first glance, but it is not impossible either, since the club trusts in carrying out certain movements that we detail here in FCBN<\/h2>  \r\n<div class=\"article-addons\">\r\n    <a href=\"https:\/\/www.fcbarcelonanoticias.com\/en\/calendar-fc-barcelona.html\"\r\n       target=\"_self\"\r\n       title=\"Calendar of FC Barcelona\"\r\n       class=\"blue-gredient-btn\">\r\n       \r\n        Calendar of FC Barcelona    <\/a>\r\n<\/div>   <p>The FC Barcelona still holds an important uncertainty regarding its sports planning: <strong><a data-external=\"0\" data-intl-links-en=\"https:\/\/www.fcbarcelonanoticias.com\/en\/fc-barcelona\/will-dani-olmo-be-ready-for-the-match-against-athletic_306594_102.html\" data-intl-links-es=\"https:\/\/www.fcbarcelonanoticias.com\/fc-barcelona\/llegara-dani-olmo-partido-contra-athletic_306594_102.html\" href=\"https:\/\/www.fcbarcelonanoticias.com\/fc-barcelona\/llegara-dani-olmo-partido-contra-athletic_306594_102.html\" rel=\"follow\" target=\"_self\" title=\"Will Dani Olmo be ready for the match against Athletic Club?\">Will Dani Olmo be able to be registered in LaLiga before the match against Athletic Club?<\/a> <\/strong>The Terrassa native, so far the second acquisition made by the Cul\u00e9s this summer, currently stands out as the only member of the Barcelona team who has not yet been able to be registered as part of the first team before the league authority, <strong>which prevented him from participating in the match of matchday 1 against Valencia CF<\/strong>. His presence in the match against the Basques this Saturday, August 24, is in doubt.<\/p>  <p>However, <a data-external=\"0\" data-intl-links-en=\"https:\/\/www.fcbarcelonanoticias.com\/en\/transfers\/three-exits-are-very-close-fc-barcelona-plan-to-have-dani-olmo-against-athletic-club_306664_102.html\" data-intl-links-es=\"https:\/\/www.fcbarcelonanoticias.com\/fichajes\/tres-salidas-caer-plan-fc-barcelona-contar-con-dani-olmo-athletic-club_306664_102.html\" href=\"https:\/\/www.fcbarcelonanoticias.com\/fichajes\/tres-salidas-caer-plan-fc-barcelona-contar-con-dani-olmo-athletic-club_306664_102.html\" rel=\"follow\" target=\"_self\" title=\"Three exits, about to happen: FC Barcelona's plan to have Dani Olmo against Athletic Club\">the club&#8217;s outlook regarding this situation seems to be quite optimistic<\/a>. At this point, the Catalan team would take a big step towards achieving this goal <strong>once the departure of \u0130lkay G\u00fcndo\u011fan is officially confirmed<\/strong>. Although reports suggest he would leave at no cost, which would not generate profit from his transfer, it is clear that freeing up his salary space (18.7 million euros gross \/ nine &#8216;kilos&#8217; net per season) would be a very significant advancement.<\/p>  <p>Furthermore, <strong>the imminent confirmation of Mika Faye&#8217;s departure to Stade Rennes, a transfer that would apparently be closed at around 12 million euros, would also be crucial in this matter<\/strong>. It is important to note that the possible departure of Vitor Roque to Real Betis is not included, as &#8216;Tigrinho&#8217; is not registered in the Cul\u00e9 squad and therefore does not affect financial fair play.<\/p>  <h2>Other key aspects in Dani Olmo&#8217;s registration<\/h2>  <p>However, in addition to this and other operations such as finalizing the contract with Aramark, <strong>the club still needs to make some additional moves to complete Terrassa&#8217;s registration<\/strong>. In this regard, the option of making more sales is not ruled out, with the departure of Cl\u00e9ment Lenglet being particularly attractive due to its impact on the club&#8217;s salary structure (12 million euros gross \/ 5.7 &#8216;kilos&#8217; net), although other exits that have gained strength recently, such as Andreas Christensen&#8217;s, are also not ruled out.<\/p>  <p>Despite everything, it seems that the Catalan team has few options left to finally finalize this operation. <strong>There is the possibility of finding a third buyer for the unpaid shares of Libero<\/strong> <a data-external=\"0\" data-intl-links-en=\"https:\/\/www.fcbarcelonanoticias.com\/en\/fc-barcelona\/fc-barcelona-and-nike-approach-positions-to-close-the-most-anticipated-lever-of-the-summer_306684_102.html\" data-intl-links-es=\"https:\/\/www.fcbarcelonanoticias.com\/fc-barcelona\/fc-barcelona-nike-acercan-posturas-cerrar-palanca-mas-esperada-verano_306684_102.html\" href=\"https:\/\/www.fcbarcelonanoticias.com\/fc-barcelona\/fc-barcelona-nike-acercan-posturas-cerrar-palanca-mas-esperada-verano_306684_102.html\" rel=\"follow\" target=\"_self\" title=\"FC Barcelona and Nike approach positions to close the most anticipated lever of the summer\">or finally reaching an agreement to improve the contract with Nike<\/a>, which would allow them to comply with the 1\/1 rule and operate normally in the market.<\/p>  <h2>The guarantee, a resource that cannot be ruled out<\/h2>  <p>Finally, as suggested by &#8216;OnzeTV3&#8217;, <strong>Bar\u00e7a may resort to personal guarantees from executives to allow the registration of Dani Olmo<\/strong>. This would not be a new move, as in the summer of 2022, Jules Kound\u00e9 was registered in this way. The guarantors were the president himself, Joan Laporta, and the treasurer Ferran Olive, relying on Article 92 of the Clubs and SAD Budget Preparation Rules of LaLiga, which states: &#8220;There is the option to increase the registration capacity by anticipating the achievement of revenues or profits or by applying a cost reduction. <strong>It is a measure that is strictly transitory, with the club&#8217;s commitment to restore the previous situation during the same season. For this, guarantees must be provided through a cash deposit or bank guarantee<\/strong>, which must be provided by the shareholder or a third party outside the club, but never by the club itself&#8221;.<\/p> ","protected":false},"excerpt":{"rendered":"<p>FC Barcelona seems to be hopeful of being able to register Dani Olmo for the matchday 2 of LaLiga 24\/25 against Athletic Club. This option does not seem simple at first glance, but it is not impossible either, since the club trusts in carrying out certain movements that we detail here in FCBN The FC [&hellip;]<\/p>\n","protected":false},"author":355,"featured_media":15571,"comment_status":"closed","ping_status":"open","sticky":false,"template":"","format":"standard","meta":{"_acf_changed":false,"inline_featured_image":false,"_nextfly_llmd_date_locked":false,"footnotes":""},"categories":[111],"tags":[81],"class_list":["post-17401","post","type-post","status-publish","format-standard","has-post-thumbnail","hentry","category-fc-barcelona","tag-athletic-de-bilbao"],"acf":[],"yoast_head":"<!-- This site is optimized with the Yoast SEO plugin v27.3 - https:\/\/yoast.com\/product\/yoast-seo-wordpress\/ -->\n<title>Full confidence in Bar\u00e7a with the presence of Dani Olmo against Athletic!<\/title>\n<meta name=\"description\" content=\"FC Barcelona seems to be hopeful of being able to register Dani Olmo for the matchday 2 of LaLiga 24\/25 against Athletic Club. This option does not seem simple at first glance, but it is not impossible either, since the club trusts in carrying out certain movements that we detail here in FCBN\" \/>\n<meta name=\"robots\" content=\"index, follow, max-snippet:-1, max-image-preview:large, max-video-preview:-1\" \/>\n<link rel=\"canonical\" href=\"https:\/\/www.fcbarcelonanoticias.com\/en\/fc-barcelona\/full-confidence-in-barca-with-the-presence-of-dani-olmo-against-athletic_306706_102.html\" \/>\n<meta property=\"og:locale\" content=\"en_US\" \/>\n<meta property=\"og:type\" content=\"article\" \/>\n<meta property=\"og:title\" content=\"Full confidence in Bar\u00e7a with the presence of Dani Olmo against Athletic!\" \/>\n<meta property=\"og:description\" content=\"FC Barcelona seems to be hopeful of being able to register Dani Olmo for the matchday 2 of LaLiga 24\/25 against Athletic Club. This option does not seem simple at first glance, but it is not impossible either, since the club trusts in carrying out certain movements that we detail here in FCBN\" \/>\n<meta property=\"og:url\" content=\"https:\/\/www.fcbarcelonanoticias.com\/en\/fc-barcelona\/full-confidence-in-barca-with-the-presence-of-dani-olmo-against-athletic_306706_102.html\" \/>\n<meta property=\"og:site_name\" content=\"EN - FC Barcelona Noticias\" \/>\n<meta property=\"article:published_time\" content=\"2024-08-23T07:24:00+00:00\" \/>\n<meta property=\"article:modified_time\" content=\"2026-04-16T07:50:35+00:00\" \/>\n<meta property=\"og:image\" content=\"https:\/\/www.fcbarcelonanoticias.com\/en\/wp-content\/uploads\/sites\/2\/2024\/08\/dani-olmo-en-su-presentacion-como-jugador-del-fc-barcelona-en-el-trofeo-joan-gamper-2024-25.png\" \/>\n\t<meta property=\"og:image:width\" content=\"1300\" \/>\n\t<meta property=\"og:image:height\" content=\"732\" \/>\n\t<meta property=\"og:image:type\" content=\"image\/png\" \/>\n<meta name=\"author\" content=\"Kevin G\u00f3mez\" \/>\n<meta name=\"twitter:card\" content=\"summary_large_image\" \/>\n<meta name=\"twitter:label1\" content=\"Written by\" \/>\n\t<meta name=\"twitter:data1\" content=\"Kevin G\u00f3mez\" \/>\n\t<meta name=\"twitter:label2\" content=\"Est. reading time\" \/>\n\t<meta name=\"twitter:data2\" content=\"3 minutes\" \/>\n<script type=\"application\/ld+json\" class=\"yoast-schema-graph\">{\"@context\":\"https:\\\/\\\/schema.org\",\"@graph\":[{\"@type\":\"Article\",\"@id\":\"https:\\\/\\\/www.fcbarcelonanoticias.com\\\/en\\\/fc-barcelona\\\/full-confidence-in-barca-with-the-presence-of-dani-olmo-against-athletic_306706_102.html#article\",\"isPartOf\":{\"@id\":\"https:\\\/\\\/www.fcbarcelonanoticias.com\\\/en\\\/fc-barcelona\\\/full-confidence-in-barca-with-the-presence-of-dani-olmo-against-athletic_306706_102.html\"},\"author\":{\"name\":\"Kevin G\u00f3mez\",\"@id\":\"https:\\\/\\\/www.fcbarcelonanoticias.com\\\/en\\\/#\\\/schema\\\/person\\\/991443f134df9a64c6874f96ff984c9d\"},\"headline\":\"Full confidence in Bar\u00e7a with the presence of Dani Olmo against Athletic!\",\"datePublished\":\"2024-08-23T07:24:00+00:00\",\"dateModified\":\"2026-04-16T07:50:35+00:00\",\"mainEntityOfPage\":{\"@id\":\"https:\\\/\\\/www.fcbarcelonanoticias.com\\\/en\\\/fc-barcelona\\\/full-confidence-in-barca-with-the-presence-of-dani-olmo-against-athletic_306706_102.html\"},\"wordCount\":614,\"image\":{\"@id\":\"https:\\\/\\\/www.fcbarcelonanoticias.com\\\/en\\\/fc-barcelona\\\/full-confidence-in-barca-with-the-presence-of-dani-olmo-against-athletic_306706_102.html#primaryimage\"},\"thumbnailUrl\":\"https:\\\/\\\/www.fcbarcelonanoticias.com\\\/en\\\/wp-content\\\/uploads\\\/sites\\\/2\\\/2024\\\/08\\\/dani-olmo-en-su-presentacion-como-jugador-del-fc-barcelona-en-el-trofeo-joan-gamper-2024-25.png\",\"keywords\":[\"Athletic de Bilbao\"],\"articleSection\":[\"FC Barcelona\"],\"inLanguage\":\"en-US\"},{\"@type\":\"WebPage\",\"@id\":\"https:\\\/\\\/www.fcbarcelonanoticias.com\\\/en\\\/fc-barcelona\\\/full-confidence-in-barca-with-the-presence-of-dani-olmo-against-athletic_306706_102.html\",\"url\":\"https:\\\/\\\/www.fcbarcelonanoticias.com\\\/en\\\/fc-barcelona\\\/full-confidence-in-barca-with-the-presence-of-dani-olmo-against-athletic_306706_102.html\",\"name\":\"Full confidence in Bar\u00e7a with the presence of Dani Olmo against Athletic!\",\"isPartOf\":{\"@id\":\"https:\\\/\\\/www.fcbarcelonanoticias.com\\\/en\\\/#website\"},\"primaryImageOfPage\":{\"@id\":\"https:\\\/\\\/www.fcbarcelonanoticias.com\\\/en\\\/fc-barcelona\\\/full-confidence-in-barca-with-the-presence-of-dani-olmo-against-athletic_306706_102.html#primaryimage\"},\"image\":{\"@id\":\"https:\\\/\\\/www.fcbarcelonanoticias.com\\\/en\\\/fc-barcelona\\\/full-confidence-in-barca-with-the-presence-of-dani-olmo-against-athletic_306706_102.html#primaryimage\"},\"thumbnailUrl\":\"https:\\\/\\\/www.fcbarcelonanoticias.com\\\/en\\\/wp-content\\\/uploads\\\/sites\\\/2\\\/2024\\\/08\\\/dani-olmo-en-su-presentacion-como-jugador-del-fc-barcelona-en-el-trofeo-joan-gamper-2024-25.png\",\"datePublished\":\"2024-08-23T07:24:00+00:00\",\"dateModified\":\"2026-04-16T07:50:35+00:00\",\"author\":{\"@id\":\"https:\\\/\\\/www.fcbarcelonanoticias.com\\\/en\\\/#\\\/schema\\\/person\\\/991443f134df9a64c6874f96ff984c9d\"},\"description\":\"FC Barcelona seems to be hopeful of being able to register Dani Olmo for the matchday 2 of LaLiga 24\\\/25 against Athletic Club. This option does not seem simple at first glance, but it is not impossible either, since the club trusts in carrying out certain movements that we detail here in FCBN\",\"breadcrumb\":{\"@id\":\"https:\\\/\\\/www.fcbarcelonanoticias.com\\\/en\\\/fc-barcelona\\\/full-confidence-in-barca-with-the-presence-of-dani-olmo-against-athletic_306706_102.html#breadcrumb\"},\"inLanguage\":\"en-US\",\"potentialAction\":[{\"@type\":\"ReadAction\",\"target\":[\"https:\\\/\\\/www.fcbarcelonanoticias.com\\\/en\\\/fc-barcelona\\\/full-confidence-in-barca-with-the-presence-of-dani-olmo-against-athletic_306706_102.html\"]}]},{\"@type\":\"ImageObject\",\"inLanguage\":\"en-US\",\"@id\":\"https:\\\/\\\/www.fcbarcelonanoticias.com\\\/en\\\/fc-barcelona\\\/full-confidence-in-barca-with-the-presence-of-dani-olmo-against-athletic_306706_102.html#primaryimage\",\"url\":\"https:\\\/\\\/www.fcbarcelonanoticias.com\\\/en\\\/wp-content\\\/uploads\\\/sites\\\/2\\\/2024\\\/08\\\/dani-olmo-en-su-presentacion-como-jugador-del-fc-barcelona-en-el-trofeo-joan-gamper-2024-25.png\",\"contentUrl\":\"https:\\\/\\\/www.fcbarcelonanoticias.com\\\/en\\\/wp-content\\\/uploads\\\/sites\\\/2\\\/2024\\\/08\\\/dani-olmo-en-su-presentacion-como-jugador-del-fc-barcelona-en-el-trofeo-joan-gamper-2024-25.png\",\"width\":1300,\"height\":732},{\"@type\":\"BreadcrumbList\",\"@id\":\"https:\\\/\\\/www.fcbarcelonanoticias.com\\\/en\\\/fc-barcelona\\\/full-confidence-in-barca-with-the-presence-of-dani-olmo-against-athletic_306706_102.html#breadcrumb\",\"itemListElement\":[{\"@type\":\"ListItem\",\"position\":1,\"name\":\"Portada\",\"item\":\"https:\\\/\\\/www.fcbarcelonanoticias.com\\\/en\\\/\"},{\"@type\":\"ListItem\",\"position\":2,\"name\":\"Full confidence in Bar\u00e7a with the presence of Dani Olmo against Athletic!\"}]},{\"@type\":\"WebSite\",\"@id\":\"https:\\\/\\\/www.fcbarcelonanoticias.com\\\/en\\\/#website\",\"url\":\"https:\\\/\\\/www.fcbarcelonanoticias.com\\\/en\\\/\",\"name\":\"EN - FC Barcelona Noticias\",\"description\":\"\",\"potentialAction\":[{\"@type\":\"SearchAction\",\"target\":{\"@type\":\"EntryPoint\",\"urlTemplate\":\"https:\\\/\\\/www.fcbarcelonanoticias.com\\\/en\\\/?s={search_term_string}\"},\"query-input\":{\"@type\":\"PropertyValueSpecification\",\"valueRequired\":true,\"valueName\":\"search_term_string\"}}],\"inLanguage\":\"en-US\"},{\"@type\":\"Person\",\"@id\":\"https:\\\/\\\/www.fcbarcelonanoticias.com\\\/en\\\/#\\\/schema\\\/person\\\/991443f134df9a64c6874f96ff984c9d\",\"name\":\"Kevin G\u00f3mez\",\"image\":{\"@type\":\"ImageObject\",\"inLanguage\":\"en-US\",\"@id\":\"https:\\\/\\\/secure.gravatar.com\\\/avatar\\\/?s=96&d=mm&r=g\",\"url\":\"https:\\\/\\\/secure.gravatar.com\\\/avatar\\\/?s=96&d=mm&r=g\",\"contentUrl\":\"https:\\\/\\\/secure.gravatar.com\\\/avatar\\\/?s=96&d=mm&r=g\",\"caption\":\"Kevin G\u00f3mez\"},\"description\":\"Licenciado\u00a0en Periodismo y Comunicaci\u00f3n Audiovisual. Redactor en FCBN responsable de cubrir toda\u00a0la informaci\u00f3n del FC Barcelona y las principales competiciones de\u00a0f\u00fatbol.\",\"url\":\"https:\\\/\\\/www.fcbarcelonanoticias.com\\\/en\\\/jugadores\\\/kevin-gomez_23_115.html\"}]}<\/script>\n<!-- \/ Yoast SEO plugin. -->","yoast_head_json":{"title":"Full confidence in Bar\u00e7a with the presence of Dani Olmo against Athletic!","description":"FC Barcelona seems to be hopeful of being able to register Dani Olmo for the matchday 2 of LaLiga 24\/25 against Athletic Club. This option does not seem simple at first glance, but it is not impossible either, since the club trusts in carrying out certain movements that we detail here in FCBN","robots":{"index":"index","follow":"follow","max-snippet":"max-snippet:-1","max-image-preview":"max-image-preview:large","max-video-preview":"max-video-preview:-1"},"canonical":"https:\/\/www.fcbarcelonanoticias.com\/en\/fc-barcelona\/full-confidence-in-barca-with-the-presence-of-dani-olmo-against-athletic_306706_102.html","og_locale":"en_US","og_type":"article","og_title":"Full confidence in Bar\u00e7a with the presence of Dani Olmo against Athletic!","og_description":"FC Barcelona seems to be hopeful of being able to register Dani Olmo for the matchday 2 of LaLiga 24\/25 against Athletic Club. This option does not seem simple at first glance, but it is not impossible either, since the club trusts in carrying out certain movements that we detail here in FCBN","og_url":"https:\/\/www.fcbarcelonanoticias.com\/en\/fc-barcelona\/full-confidence-in-barca-with-the-presence-of-dani-olmo-against-athletic_306706_102.html","og_site_name":"EN - FC Barcelona Noticias","article_published_time":"2024-08-23T07:24:00+00:00","article_modified_time":"2026-04-16T07:50:35+00:00","og_image":[{"width":1300,"height":732,"url":"https:\/\/www.fcbarcelonanoticias.com\/en\/wp-content\/uploads\/sites\/2\/2024\/08\/dani-olmo-en-su-presentacion-como-jugador-del-fc-barcelona-en-el-trofeo-joan-gamper-2024-25.png","type":"image\/png"}],"author":"Kevin G\u00f3mez","twitter_card":"summary_large_image","twitter_misc":{"Written by":"Kevin G\u00f3mez","Est. reading time":"3 minutes"},"schema":{"@context":"https:\/\/schema.org","@graph":[{"@type":"Article","@id":"https:\/\/www.fcbarcelonanoticias.com\/en\/fc-barcelona\/full-confidence-in-barca-with-the-presence-of-dani-olmo-against-athletic_306706_102.html#article","isPartOf":{"@id":"https:\/\/www.fcbarcelonanoticias.com\/en\/fc-barcelona\/full-confidence-in-barca-with-the-presence-of-dani-olmo-against-athletic_306706_102.html"},"author":{"name":"Kevin G\u00f3mez","@id":"https:\/\/www.fcbarcelonanoticias.com\/en\/#\/schema\/person\/991443f134df9a64c6874f96ff984c9d"},"headline":"Full confidence in Bar\u00e7a with the presence of Dani Olmo against Athletic!","datePublished":"2024-08-23T07:24:00+00:00","dateModified":"2026-04-16T07:50:35+00:00","mainEntityOfPage":{"@id":"https:\/\/www.fcbarcelonanoticias.com\/en\/fc-barcelona\/full-confidence-in-barca-with-the-presence-of-dani-olmo-against-athletic_306706_102.html"},"wordCount":614,"image":{"@id":"https:\/\/www.fcbarcelonanoticias.com\/en\/fc-barcelona\/full-confidence-in-barca-with-the-presence-of-dani-olmo-against-athletic_306706_102.html#primaryimage"},"thumbnailUrl":"https:\/\/www.fcbarcelonanoticias.com\/en\/wp-content\/uploads\/sites\/2\/2024\/08\/dani-olmo-en-su-presentacion-como-jugador-del-fc-barcelona-en-el-trofeo-joan-gamper-2024-25.png","keywords":["Athletic de Bilbao"],"articleSection":["FC Barcelona"],"inLanguage":"en-US"},{"@type":"WebPage","@id":"https:\/\/www.fcbarcelonanoticias.com\/en\/fc-barcelona\/full-confidence-in-barca-with-the-presence-of-dani-olmo-against-athletic_306706_102.html","url":"https:\/\/www.fcbarcelonanoticias.com\/en\/fc-barcelona\/full-confidence-in-barca-with-the-presence-of-dani-olmo-against-athletic_306706_102.html","name":"Full confidence in Bar\u00e7a with the presence of Dani Olmo against Athletic!","isPartOf":{"@id":"https:\/\/www.fcbarcelonanoticias.com\/en\/#website"},"primaryImageOfPage":{"@id":"https:\/\/www.fcbarcelonanoticias.com\/en\/fc-barcelona\/full-confidence-in-barca-with-the-presence-of-dani-olmo-against-athletic_306706_102.html#primaryimage"},"image":{"@id":"https:\/\/www.fcbarcelonanoticias.com\/en\/fc-barcelona\/full-confidence-in-barca-with-the-presence-of-dani-olmo-against-athletic_306706_102.html#primaryimage"},"thumbnailUrl":"https:\/\/www.fcbarcelonanoticias.com\/en\/wp-content\/uploads\/sites\/2\/2024\/08\/dani-olmo-en-su-presentacion-como-jugador-del-fc-barcelona-en-el-trofeo-joan-gamper-2024-25.png","datePublished":"2024-08-23T07:24:00+00:00","dateModified":"2026-04-16T07:50:35+00:00","author":{"@id":"https:\/\/www.fcbarcelonanoticias.com\/en\/#\/schema\/person\/991443f134df9a64c6874f96ff984c9d"},"description":"FC Barcelona seems to be hopeful of being able to register Dani Olmo for the matchday 2 of LaLiga 24\/25 against Athletic Club. This option does not seem simple at first glance, but it is not impossible either, since the club trusts in carrying out certain movements that we detail here in FCBN","breadcrumb":{"@id":"https:\/\/www.fcbarcelonanoticias.com\/en\/fc-barcelona\/full-confidence-in-barca-with-the-presence-of-dani-olmo-against-athletic_306706_102.html#breadcrumb"},"inLanguage":"en-US","potentialAction":[{"@type":"ReadAction","target":["https:\/\/www.fcbarcelonanoticias.com\/en\/fc-barcelona\/full-confidence-in-barca-with-the-presence-of-dani-olmo-against-athletic_306706_102.html"]}]},{"@type":"ImageObject","inLanguage":"en-US","@id":"https:\/\/www.fcbarcelonanoticias.com\/en\/fc-barcelona\/full-confidence-in-barca-with-the-presence-of-dani-olmo-against-athletic_306706_102.html#primaryimage","url":"https:\/\/www.fcbarcelonanoticias.com\/en\/wp-content\/uploads\/sites\/2\/2024\/08\/dani-olmo-en-su-presentacion-como-jugador-del-fc-barcelona-en-el-trofeo-joan-gamper-2024-25.png","contentUrl":"https:\/\/www.fcbarcelonanoticias.com\/en\/wp-content\/uploads\/sites\/2\/2024\/08\/dani-olmo-en-su-presentacion-como-jugador-del-fc-barcelona-en-el-trofeo-joan-gamper-2024-25.png","width":1300,"height":732},{"@type":"BreadcrumbList","@id":"https:\/\/www.fcbarcelonanoticias.com\/en\/fc-barcelona\/full-confidence-in-barca-with-the-presence-of-dani-olmo-against-athletic_306706_102.html#breadcrumb","itemListElement":[{"@type":"ListItem","position":1,"name":"Portada","item":"https:\/\/www.fcbarcelonanoticias.com\/en\/"},{"@type":"ListItem","position":2,"name":"Full confidence in Bar\u00e7a with the presence of Dani Olmo against Athletic!"}]},{"@type":"WebSite","@id":"https:\/\/www.fcbarcelonanoticias.com\/en\/#website","url":"https:\/\/www.fcbarcelonanoticias.com\/en\/","name":"EN - FC Barcelona Noticias","description":"","potentialAction":[{"@type":"SearchAction","target":{"@type":"EntryPoint","urlTemplate":"https:\/\/www.fcbarcelonanoticias.com\/en\/?s={search_term_string}"},"query-input":{"@type":"PropertyValueSpecification","valueRequired":true,"valueName":"search_term_string"}}],"inLanguage":"en-US"},{"@type":"Person","@id":"https:\/\/www.fcbarcelonanoticias.com\/en\/#\/schema\/person\/991443f134df9a64c6874f96ff984c9d","name":"Kevin G\u00f3mez","image":{"@type":"ImageObject","inLanguage":"en-US","@id":"https:\/\/secure.gravatar.com\/avatar\/?s=96&d=mm&r=g","url":"https:\/\/secure.gravatar.com\/avatar\/?s=96&d=mm&r=g","contentUrl":"https:\/\/secure.gravatar.com\/avatar\/?s=96&d=mm&r=g","caption":"Kevin G\u00f3mez"},"description":"Licenciado\u00a0en Periodismo y Comunicaci\u00f3n Audiovisual. Redactor en FCBN responsable de cubrir toda\u00a0la informaci\u00f3n del FC Barcelona y las principales competiciones de\u00a0f\u00fatbol.","url":"https:\/\/www.fcbarcelonanoticias.com\/en\/jugadores\/kevin-gomez_23_115.html"}]}},"_links":{"self":[{"href":"https:\/\/www.fcbarcelonanoticias.com\/en\/wp-json\/wp\/v2\/posts\/17401","targetHints":{"allow":["GET"]}}],"collection":[{"href":"https:\/\/www.fcbarcelonanoticias.com\/en\/wp-json\/wp\/v2\/posts"}],"about":[{"href":"https:\/\/www.fcbarcelonanoticias.com\/en\/wp-json\/wp\/v2\/types\/post"}],"author":[{"embeddable":true,"href":"https:\/\/www.fcbarcelonanoticias.com\/en\/wp-json\/wp\/v2\/users\/355"}],"replies":[{"embeddable":true,"href":"https:\/\/www.fcbarcelonanoticias.com\/en\/wp-json\/wp\/v2\/comments?post=17401"}],"version-history":[{"count":4,"href":"https:\/\/www.fcbarcelonanoticias.com\/en\/wp-json\/wp\/v2\/posts\/17401\/revisions"}],"predecessor-version":[{"id":181064,"href":"https:\/\/www.fcbarcelonanoticias.com\/en\/wp-json\/wp\/v2\/posts\/17401\/revisions\/181064"}],"wp:featuredmedia":[{"embeddable":true,"href":"https:\/\/www.fcbarcelonanoticias.com\/en\/wp-json\/wp\/v2\/media\/15571"}],"wp:attachment":[{"href":"https:\/\/www.fcbarcelonanoticias.com\/en\/wp-json\/wp\/v2\/media?parent=17401"}],"wp:term":[{"taxonomy":"category","embeddable":true,"href":"https:\/\/www.fcbarcelonanoticias.com\/en\/wp-json\/wp\/v2\/categories?post=17401"},{"taxonomy":"post_tag","embeddable":true,"href":"https:\/\/www.fcbarcelonanoticias.com\/en\/wp-json\/wp\/v2\/tags?post=17401"}],"curies":[{"name":"wp","href":"https:\/\/api.w.org\/{rel}","templated":true}]}}