{"id":17588,"date":"2026-01-21T01:10:00","date_gmt":"2026-01-21T00:10:00","guid":{"rendered":"https:\/\/weisetech.dev\/fc-barcelona-noticias\/en\/emotional-farewell-message-from-ter-stegen-to-barcelona_315810_102\/"},"modified":"2026-01-21T01:10:00","modified_gmt":"2026-01-21T00:10:00","slug":"emotional-farewell-message-from-ter-stegen-to-barcelona_315810_102","status":"publish","type":"post","link":"https:\/\/www.fcbarcelonanoticias.com\/en\/fc-barcelona\/emotional-farewell-message-from-ter-stegen-to-barcelona_315810_102.html","title":{"rendered":"Emotional farewell message from Marc-Andr\u00e9 ter Stegen to Bar\u00e7a"},"content":{"rendered":"<h2 class=\"wp-block-heading\">Marc-Andr\u00e9 ter Stegen shared an emotional farewell message to FC Barcelona after concluding his six-month loan spell at Girona. Although he must return to the club in the summer, the &#8216;1&#8217; knows his days as a Bar\u00e7a goalkeeper have come to an end<\/h2>  \r\n<div class=\"article-addons\">\r\n    <a href=\"https:\/\/www.fcbarcelonanoticias.com\/en\/calendar-fc-barcelona.html\"\r\n       target=\"_self\"\r\n       title=\"Calendar of FC Barcelona\"\r\n       class=\"blue-gredient-btn\">\r\n       \r\n        Calendar of FC Barcelona    <\/a>\r\n<\/div>   <p><strong>FC Barcelona<\/strong> and<strong> Marc-Andr\u00e9 ter Stegen<\/strong> parted ways after 11 and a half seasons on Tuesday night. <a data-external=\"0\" data-intl-links-en=\"https:\/\/www.fcbarcelonanoticias.com\/en\/transfers\/official-ter-stegen-loaned-to-girona-for-6-months_315809_102.html\" data-intl-links-es=\"https:\/\/www.fcbarcelonanoticias.com\/fichajes\/oficial-fc-barcelona-cede-ter-stegen-girona-por-seis-meses_315809_102.html\" href=\"https:\/\/www.fcbarcelonanoticias.com\/en\/transfers\/official-ter-stegen-loaned-to-girona-for-6-months_315809_102.html\" rel=\"follow\" target=\"_self\" title=\"OFICIAL: el FC Barcelona cede a Ter Stegen al Girona por seis meses\">The Blaugrana team closed the loan of the German goalkeeper<\/a> to <strong>Girona FC<\/strong> for six months and, after the agreement was made official, the &#8216;1&#8217; and now former Blaugrana captain shared an emotional message on his social media to say goodbye to the club.<\/p>  <p><strong>With a &#8220;see you soon&#8221;<\/strong>, &#8216;Mats&#8217; closed his chapter as a Bar\u00e7a goalkeeper, after 11 and a half years in which he played 423 official matches and won 20 titles. The M\u00f6nchengladbach native thanked the support of a locker room that always considered him a leader and a benchmark, beyond his limited playing time in recent months.<\/p>  <p>Ter Stegen had already said goodbye to the Bar\u00e7a squad and coaching staff on Monday, prior to the team&#8217;s trip to Prague to face <a data-external=\"0\" data-intl-links-en=\"https:\/\/www.fcbarcelonanoticias.com\/en\/champions-league\/slavia-prague-vs-barcelona-live-and-online-when-and-where-to-watch_315798_102.html\" data-intl-links-es=\"https:\/\/www.fcbarcelonanoticias.com\/champions-league\/slavia-praga-vs-barcelona-directo-online-cuando-donde-ver-partido-champions-tv_315798_102.html\" href=\"https:\/\/www.fcbarcelonanoticias.com\/en\/champions-league\/slavia-prague-vs-barcelona-live-and-online-when-and-where-to-watch_315798_102.html\" rel=\"follow\" target=\"_self\" title=\"Slavia Praga vs Barcelona en directo y online: cu\u00e1ndo y d\u00f3nde ver el partido de Champions en TV\">Slavia<\/a>. On Tuesday afternoon, the 33-year-old underwent his medical examination and, as of Wednesday, he will be training under <strong>M\u00edchel <\/strong>at Girona.&nbsp;<\/p>  <h2>Ter Stegen finishes the longest cycle of his career<\/h2>  <p>Marc-Andr\u00e9 arrived in Barcelona in the summer of 2014 from the club where he developed, **Borussia M\u00f6nchengladbach**, for 12 million euros. During his first two seasons, he shared the Bar\u00e7a goal with **Claudio Bravo**, with the Chilean being the starter in LaLiga and &#8216;Mats&#8217; the number 1 in the Champions League and Copa del Rey.<\/p>  <p>From the 2016\/17 season onwards, the German took over the position definitively, retaining undisputed starting status until the beginning of the 2024\/25 season. A serious knee injury forced him to miss almost the entire season and, after the good work of **Wojciech Szczesny** in the second half of the season, **Hansi Flick** kept the Pole as the starter after the captain&#8217;s return.<\/p>  <p>In the summer of 2025, <a data-external=\"0\" data-intl-links-en=\"https:\/\/www.fcbarcelonanoticias.com\/en\/transfers\/official-joan-garcia-new-barca-goalkeeper-until-2031_313120_102.html\" data-intl-links-es=\"https:\/\/www.fcbarcelonanoticias.com\/fichajes\/barca-joan-garcia-fichaje-oficial-portero-2031_313120_102.html\" href=\"https:\/\/www.fcbarcelonanoticias.com\/en\/football\/transfers\/official-joan-garcia-new-barca-goalkeeper-until-2031_313120_102.html\" rel=\"follow\" target=\"_self\" title=\"OFICIAL: Joan Garc\u00eda, nuevo portero del Bar\u00e7a hasta 2031\">Bar\u00e7a decided to sign Joan Garc\u00eda<\/a>, the best goalkeeper in LaLiga after a great season with Espanyol, which meant Ter Stegen definitively lost his place. To make matters worse, another back injury forced him to undergo surgery in July, with four months out that sealed his future at the Blaugrana club.<\/p>  <p>Now, the German is changing scenery, but not city, as he will continue living and playing in Barcelona, but in the Girona jersey. Ter Stegen arrived at Gladbach in 2007 at just 15 years old. 7 seasons later, he signed for Bar\u00e7a at 22 years old with the promise of making history in Spain. In his first season, he won the treble and, 11 and a half years later, he leaves as a Bar\u00e7a legend<\/p>  <h2>Ter Stegen&#8217;s Farewell to Bar\u00e7a on Social Media<\/h2>  <hr> <p>Today is my last day of this season with my teammates and coaching staff of FC Barcelona, and honestly, I have mixed feelings.<\/p>  <p><em>Many memories and emotions come to mind right now. For almost 12 years, this club, and especially that locker room, has been my home. A place where I have grown as a player and as a person, and where I have experienced unforgettable moments.<\/em><\/p>  <p><em>I feel deeply grateful and proud. I love this club, this city, and this country. I carry within me a feeling that will never fade. Your support throughout all these years has been incredible, thank you from the bottom of my heart.<\/em><\/p>  <p><em>In the locker room: thank you for so many years shared, for the day-to-day together, the laughs, the battles, and the respect. I carry you with me.<br> I have had the immense honor of wearing the captain&#8217;s armband, something I will carry with me forever.<\/em><\/p>  <p>My path now continues in Catalonia, and I&#8217;m very excited about what&#8217;s to come. I wish you all the best for the rest of the season and hope to see you lift many more trophiesSee you soon. \ud83d\udc99\u2764\ufe0f<\/p>  <hr> <p><strong>Source<\/strong>: <a data-external=\"1\" href=\"https:\/\/www.instagram.com\/en\/p\/DTv387lCNeX\/?img_index=1\" rel=\"nofollow\" target=\"_blank\" title=\"Mensaje de despedida de Ter Stegen al FC Barcelona\">@mterstegen1<\/a> on Instagram.<\/p> ","protected":false},"excerpt":{"rendered":"<p>Marc-Andr\u00e9 ter Stegen shared an emotional farewell message to FC Barcelona after concluding his six-month loan spell at Girona. Although he must return to the club in the summer, the &#8216;1&#8217; knows his days as a Bar\u00e7a goalkeeper have come to an end FC Barcelona and Marc-Andr\u00e9 ter Stegen parted ways after 11 and a [&hellip;]<\/p>\n","protected":false},"author":353,"featured_media":17591,"comment_status":"closed","ping_status":"open","sticky":false,"template":"","format":"standard","meta":{"_acf_changed":false,"inline_featured_image":false,"_nextfly_llmd_date_locked":false,"footnotes":""},"categories":[111],"tags":[50,188],"class_list":["post-17588","post","type-post","status-publish","format-standard","has-post-thumbnail","hentry","category-fc-barcelona","tag-girona","tag-ter-stegen"],"acf":[],"yoast_head":"<!-- This site is optimized with the Yoast SEO plugin v27.3 - https:\/\/yoast.com\/product\/yoast-seo-wordpress\/ -->\n<title>Emotional farewell message from Ter Stegen to Barcelona<\/title>\n<meta name=\"description\" content=\"Marc-Andr\u00e9 ter Stegen shared an emotional farewell message to FC Barcelona after concluding his six-month loan to Girona.\" \/>\n<meta name=\"robots\" content=\"index, follow, max-snippet:-1, max-image-preview:large, max-video-preview:-1\" \/>\n<link rel=\"canonical\" href=\"https:\/\/www.fcbarcelonanoticias.com\/en\/fc-barcelona\/emotional-farewell-message-from-ter-stegen-to-barcelona_315810_102.html\" \/>\n<meta property=\"og:locale\" content=\"en_US\" \/>\n<meta property=\"og:type\" content=\"article\" \/>\n<meta property=\"og:title\" content=\"Emotional farewell message from Ter Stegen to Barcelona\" \/>\n<meta property=\"og:description\" content=\"Marc-Andr\u00e9 ter Stegen shared an emotional farewell message to FC Barcelona after concluding his six-month loan to Girona.\" \/>\n<meta property=\"og:url\" content=\"https:\/\/www.fcbarcelonanoticias.com\/en\/fc-barcelona\/emotional-farewell-message-from-ter-stegen-to-barcelona_315810_102.html\" \/>\n<meta property=\"og:site_name\" content=\"EN - FC Barcelona Noticias\" \/>\n<meta property=\"article:published_time\" content=\"2026-01-21T00:10:00+00:00\" \/>\n<meta property=\"og:image\" content=\"https:\/\/www.fcbarcelonanoticias.com\/en\/wp-content\/uploads\/sites\/2\/2026\/01\/ter-stegen-trofeo-joan-gamper-2025.jpeg\" \/>\n\t<meta property=\"og:image:width\" content=\"1300\" \/>\n\t<meta property=\"og:image:height\" content=\"732\" \/>\n\t<meta property=\"og:image:type\" content=\"image\/jpeg\" \/>\n<meta name=\"author\" content=\"FC Barcelona Noticias\" \/>\n<meta name=\"twitter:card\" content=\"summary_large_image\" \/>\n<meta name=\"twitter:label1\" content=\"Written by\" \/>\n\t<meta name=\"twitter:data1\" content=\"FC Barcelona Noticias\" \/>\n\t<meta name=\"twitter:label2\" content=\"Est. reading time\" \/>\n\t<meta name=\"twitter:data2\" content=\"3 minutes\" \/>\n<script type=\"application\/ld+json\" class=\"yoast-schema-graph\">{\"@context\":\"https:\\\/\\\/schema.org\",\"@graph\":[{\"@type\":\"Article\",\"@id\":\"https:\\\/\\\/www.fcbarcelonanoticias.com\\\/en\\\/fc-barcelona\\\/emotional-farewell-message-from-ter-stegen-to-barcelona_315810_102.html#article\",\"isPartOf\":{\"@id\":\"https:\\\/\\\/www.fcbarcelonanoticias.com\\\/en\\\/fc-barcelona\\\/emotional-farewell-message-from-ter-stegen-to-barcelona_315810_102.html\"},\"author\":{\"name\":\"FC Barcelona Noticias\",\"@id\":\"https:\\\/\\\/www.fcbarcelonanoticias.com\\\/en\\\/#\\\/schema\\\/person\\\/0f2810101d27606974cdb8edb54fa54b\"},\"headline\":\"Emotional farewell message from Marc-Andr\u00e9 ter Stegen to Bar\u00e7a\",\"datePublished\":\"2026-01-21T00:10:00+00:00\",\"mainEntityOfPage\":{\"@id\":\"https:\\\/\\\/www.fcbarcelonanoticias.com\\\/en\\\/fc-barcelona\\\/emotional-farewell-message-from-ter-stegen-to-barcelona_315810_102.html\"},\"wordCount\":678,\"image\":{\"@id\":\"https:\\\/\\\/www.fcbarcelonanoticias.com\\\/en\\\/fc-barcelona\\\/emotional-farewell-message-from-ter-stegen-to-barcelona_315810_102.html#primaryimage\"},\"thumbnailUrl\":\"https:\\\/\\\/www.fcbarcelonanoticias.com\\\/en\\\/wp-content\\\/uploads\\\/sites\\\/2\\\/2026\\\/01\\\/ter-stegen-trofeo-joan-gamper-2025.jpeg\",\"keywords\":[\"Girona\",\"Ter Stegen\"],\"articleSection\":[\"FC Barcelona\"],\"inLanguage\":\"en-US\"},{\"@type\":\"WebPage\",\"@id\":\"https:\\\/\\\/www.fcbarcelonanoticias.com\\\/en\\\/fc-barcelona\\\/emotional-farewell-message-from-ter-stegen-to-barcelona_315810_102.html\",\"url\":\"https:\\\/\\\/www.fcbarcelonanoticias.com\\\/en\\\/fc-barcelona\\\/emotional-farewell-message-from-ter-stegen-to-barcelona_315810_102.html\",\"name\":\"Emotional farewell message from Ter Stegen to Barcelona\",\"isPartOf\":{\"@id\":\"https:\\\/\\\/www.fcbarcelonanoticias.com\\\/en\\\/#website\"},\"primaryImageOfPage\":{\"@id\":\"https:\\\/\\\/www.fcbarcelonanoticias.com\\\/en\\\/fc-barcelona\\\/emotional-farewell-message-from-ter-stegen-to-barcelona_315810_102.html#primaryimage\"},\"image\":{\"@id\":\"https:\\\/\\\/www.fcbarcelonanoticias.com\\\/en\\\/fc-barcelona\\\/emotional-farewell-message-from-ter-stegen-to-barcelona_315810_102.html#primaryimage\"},\"thumbnailUrl\":\"https:\\\/\\\/www.fcbarcelonanoticias.com\\\/en\\\/wp-content\\\/uploads\\\/sites\\\/2\\\/2026\\\/01\\\/ter-stegen-trofeo-joan-gamper-2025.jpeg\",\"datePublished\":\"2026-01-21T00:10:00+00:00\",\"author\":{\"@id\":\"https:\\\/\\\/www.fcbarcelonanoticias.com\\\/en\\\/#\\\/schema\\\/person\\\/0f2810101d27606974cdb8edb54fa54b\"},\"description\":\"Marc-Andr\u00e9 ter Stegen shared an emotional farewell message to FC Barcelona after concluding his six-month loan to Girona.\",\"breadcrumb\":{\"@id\":\"https:\\\/\\\/www.fcbarcelonanoticias.com\\\/en\\\/fc-barcelona\\\/emotional-farewell-message-from-ter-stegen-to-barcelona_315810_102.html#breadcrumb\"},\"inLanguage\":\"en-US\",\"potentialAction\":[{\"@type\":\"ReadAction\",\"target\":[\"https:\\\/\\\/www.fcbarcelonanoticias.com\\\/en\\\/fc-barcelona\\\/emotional-farewell-message-from-ter-stegen-to-barcelona_315810_102.html\"]}]},{\"@type\":\"ImageObject\",\"inLanguage\":\"en-US\",\"@id\":\"https:\\\/\\\/www.fcbarcelonanoticias.com\\\/en\\\/fc-barcelona\\\/emotional-farewell-message-from-ter-stegen-to-barcelona_315810_102.html#primaryimage\",\"url\":\"https:\\\/\\\/www.fcbarcelonanoticias.com\\\/en\\\/wp-content\\\/uploads\\\/sites\\\/2\\\/2026\\\/01\\\/ter-stegen-trofeo-joan-gamper-2025.jpeg\",\"contentUrl\":\"https:\\\/\\\/www.fcbarcelonanoticias.com\\\/en\\\/wp-content\\\/uploads\\\/sites\\\/2\\\/2026\\\/01\\\/ter-stegen-trofeo-joan-gamper-2025.jpeg\",\"width\":1300,\"height\":732},{\"@type\":\"BreadcrumbList\",\"@id\":\"https:\\\/\\\/www.fcbarcelonanoticias.com\\\/en\\\/fc-barcelona\\\/emotional-farewell-message-from-ter-stegen-to-barcelona_315810_102.html#breadcrumb\",\"itemListElement\":[{\"@type\":\"ListItem\",\"position\":1,\"name\":\"Portada\",\"item\":\"https:\\\/\\\/www.fcbarcelonanoticias.com\\\/en\\\/\"},{\"@type\":\"ListItem\",\"position\":2,\"name\":\"Emotional farewell message from Marc-Andr\u00e9 ter Stegen to Bar\u00e7a\"}]},{\"@type\":\"WebSite\",\"@id\":\"https:\\\/\\\/www.fcbarcelonanoticias.com\\\/en\\\/#website\",\"url\":\"https:\\\/\\\/www.fcbarcelonanoticias.com\\\/en\\\/\",\"name\":\"EN - FC Barcelona Noticias\",\"description\":\"\",\"potentialAction\":[{\"@type\":\"SearchAction\",\"target\":{\"@type\":\"EntryPoint\",\"urlTemplate\":\"https:\\\/\\\/www.fcbarcelonanoticias.com\\\/en\\\/?s={search_term_string}\"},\"query-input\":{\"@type\":\"PropertyValueSpecification\",\"valueRequired\":true,\"valueName\":\"search_term_string\"}}],\"inLanguage\":\"en-US\"},{\"@type\":\"Person\",\"@id\":\"https:\\\/\\\/www.fcbarcelonanoticias.com\\\/en\\\/#\\\/schema\\\/person\\\/0f2810101d27606974cdb8edb54fa54b\",\"name\":\"FC Barcelona Noticias\",\"image\":{\"@type\":\"ImageObject\",\"inLanguage\":\"en-US\",\"@id\":\"https:\\\/\\\/secure.gravatar.com\\\/avatar\\\/?s=96&d=mm&r=g\",\"url\":\"https:\\\/\\\/secure.gravatar.com\\\/avatar\\\/?s=96&d=mm&r=g\",\"contentUrl\":\"https:\\\/\\\/secure.gravatar.com\\\/avatar\\\/?s=96&d=mm&r=g\",\"caption\":\"FC Barcelona Noticias\"},\"url\":\"https:\\\/\\\/www.fcbarcelonanoticias.com\\\/en\\\/fc-barcelona\\\/fcbn-writing-fc-barcelona-news_6_115.html\"}]}<\/script>\n<!-- \/ Yoast SEO plugin. -->","yoast_head_json":{"title":"Emotional farewell message from Ter Stegen to Barcelona","description":"Marc-Andr\u00e9 ter Stegen shared an emotional farewell message to FC Barcelona after concluding his six-month loan to Girona.","robots":{"index":"index","follow":"follow","max-snippet":"max-snippet:-1","max-image-preview":"max-image-preview:large","max-video-preview":"max-video-preview:-1"},"canonical":"https:\/\/www.fcbarcelonanoticias.com\/en\/fc-barcelona\/emotional-farewell-message-from-ter-stegen-to-barcelona_315810_102.html","og_locale":"en_US","og_type":"article","og_title":"Emotional farewell message from Ter Stegen to Barcelona","og_description":"Marc-Andr\u00e9 ter Stegen shared an emotional farewell message to FC Barcelona after concluding his six-month loan to Girona.","og_url":"https:\/\/www.fcbarcelonanoticias.com\/en\/fc-barcelona\/emotional-farewell-message-from-ter-stegen-to-barcelona_315810_102.html","og_site_name":"EN - FC Barcelona Noticias","article_published_time":"2026-01-21T00:10:00+00:00","og_image":[{"width":1300,"height":732,"url":"https:\/\/www.fcbarcelonanoticias.com\/en\/wp-content\/uploads\/sites\/2\/2026\/01\/ter-stegen-trofeo-joan-gamper-2025.jpeg","type":"image\/jpeg"}],"author":"FC Barcelona Noticias","twitter_card":"summary_large_image","twitter_misc":{"Written by":"FC Barcelona Noticias","Est. reading time":"3 minutes"},"schema":{"@context":"https:\/\/schema.org","@graph":[{"@type":"Article","@id":"https:\/\/www.fcbarcelonanoticias.com\/en\/fc-barcelona\/emotional-farewell-message-from-ter-stegen-to-barcelona_315810_102.html#article","isPartOf":{"@id":"https:\/\/www.fcbarcelonanoticias.com\/en\/fc-barcelona\/emotional-farewell-message-from-ter-stegen-to-barcelona_315810_102.html"},"author":{"name":"FC Barcelona Noticias","@id":"https:\/\/www.fcbarcelonanoticias.com\/en\/#\/schema\/person\/0f2810101d27606974cdb8edb54fa54b"},"headline":"Emotional farewell message from Marc-Andr\u00e9 ter Stegen to Bar\u00e7a","datePublished":"2026-01-21T00:10:00+00:00","mainEntityOfPage":{"@id":"https:\/\/www.fcbarcelonanoticias.com\/en\/fc-barcelona\/emotional-farewell-message-from-ter-stegen-to-barcelona_315810_102.html"},"wordCount":678,"image":{"@id":"https:\/\/www.fcbarcelonanoticias.com\/en\/fc-barcelona\/emotional-farewell-message-from-ter-stegen-to-barcelona_315810_102.html#primaryimage"},"thumbnailUrl":"https:\/\/www.fcbarcelonanoticias.com\/en\/wp-content\/uploads\/sites\/2\/2026\/01\/ter-stegen-trofeo-joan-gamper-2025.jpeg","keywords":["Girona","Ter Stegen"],"articleSection":["FC Barcelona"],"inLanguage":"en-US"},{"@type":"WebPage","@id":"https:\/\/www.fcbarcelonanoticias.com\/en\/fc-barcelona\/emotional-farewell-message-from-ter-stegen-to-barcelona_315810_102.html","url":"https:\/\/www.fcbarcelonanoticias.com\/en\/fc-barcelona\/emotional-farewell-message-from-ter-stegen-to-barcelona_315810_102.html","name":"Emotional farewell message from Ter Stegen to Barcelona","isPartOf":{"@id":"https:\/\/www.fcbarcelonanoticias.com\/en\/#website"},"primaryImageOfPage":{"@id":"https:\/\/www.fcbarcelonanoticias.com\/en\/fc-barcelona\/emotional-farewell-message-from-ter-stegen-to-barcelona_315810_102.html#primaryimage"},"image":{"@id":"https:\/\/www.fcbarcelonanoticias.com\/en\/fc-barcelona\/emotional-farewell-message-from-ter-stegen-to-barcelona_315810_102.html#primaryimage"},"thumbnailUrl":"https:\/\/www.fcbarcelonanoticias.com\/en\/wp-content\/uploads\/sites\/2\/2026\/01\/ter-stegen-trofeo-joan-gamper-2025.jpeg","datePublished":"2026-01-21T00:10:00+00:00","author":{"@id":"https:\/\/www.fcbarcelonanoticias.com\/en\/#\/schema\/person\/0f2810101d27606974cdb8edb54fa54b"},"description":"Marc-Andr\u00e9 ter Stegen shared an emotional farewell message to FC Barcelona after concluding his six-month loan to Girona.","breadcrumb":{"@id":"https:\/\/www.fcbarcelonanoticias.com\/en\/fc-barcelona\/emotional-farewell-message-from-ter-stegen-to-barcelona_315810_102.html#breadcrumb"},"inLanguage":"en-US","potentialAction":[{"@type":"ReadAction","target":["https:\/\/www.fcbarcelonanoticias.com\/en\/fc-barcelona\/emotional-farewell-message-from-ter-stegen-to-barcelona_315810_102.html"]}]},{"@type":"ImageObject","inLanguage":"en-US","@id":"https:\/\/www.fcbarcelonanoticias.com\/en\/fc-barcelona\/emotional-farewell-message-from-ter-stegen-to-barcelona_315810_102.html#primaryimage","url":"https:\/\/www.fcbarcelonanoticias.com\/en\/wp-content\/uploads\/sites\/2\/2026\/01\/ter-stegen-trofeo-joan-gamper-2025.jpeg","contentUrl":"https:\/\/www.fcbarcelonanoticias.com\/en\/wp-content\/uploads\/sites\/2\/2026\/01\/ter-stegen-trofeo-joan-gamper-2025.jpeg","width":1300,"height":732},{"@type":"BreadcrumbList","@id":"https:\/\/www.fcbarcelonanoticias.com\/en\/fc-barcelona\/emotional-farewell-message-from-ter-stegen-to-barcelona_315810_102.html#breadcrumb","itemListElement":[{"@type":"ListItem","position":1,"name":"Portada","item":"https:\/\/www.fcbarcelonanoticias.com\/en\/"},{"@type":"ListItem","position":2,"name":"Emotional farewell message from Marc-Andr\u00e9 ter Stegen to Bar\u00e7a"}]},{"@type":"WebSite","@id":"https:\/\/www.fcbarcelonanoticias.com\/en\/#website","url":"https:\/\/www.fcbarcelonanoticias.com\/en\/","name":"EN - FC Barcelona Noticias","description":"","potentialAction":[{"@type":"SearchAction","target":{"@type":"EntryPoint","urlTemplate":"https:\/\/www.fcbarcelonanoticias.com\/en\/?s={search_term_string}"},"query-input":{"@type":"PropertyValueSpecification","valueRequired":true,"valueName":"search_term_string"}}],"inLanguage":"en-US"},{"@type":"Person","@id":"https:\/\/www.fcbarcelonanoticias.com\/en\/#\/schema\/person\/0f2810101d27606974cdb8edb54fa54b","name":"FC Barcelona Noticias","image":{"@type":"ImageObject","inLanguage":"en-US","@id":"https:\/\/secure.gravatar.com\/avatar\/?s=96&d=mm&r=g","url":"https:\/\/secure.gravatar.com\/avatar\/?s=96&d=mm&r=g","contentUrl":"https:\/\/secure.gravatar.com\/avatar\/?s=96&d=mm&r=g","caption":"FC Barcelona Noticias"},"url":"https:\/\/www.fcbarcelonanoticias.com\/en\/fc-barcelona\/fcbn-writing-fc-barcelona-news_6_115.html"}]}},"_links":{"self":[{"href":"https:\/\/www.fcbarcelonanoticias.com\/en\/wp-json\/wp\/v2\/posts\/17588","targetHints":{"allow":["GET"]}}],"collection":[{"href":"https:\/\/www.fcbarcelonanoticias.com\/en\/wp-json\/wp\/v2\/posts"}],"about":[{"href":"https:\/\/www.fcbarcelonanoticias.com\/en\/wp-json\/wp\/v2\/types\/post"}],"author":[{"embeddable":true,"href":"https:\/\/www.fcbarcelonanoticias.com\/en\/wp-json\/wp\/v2\/users\/353"}],"replies":[{"embeddable":true,"href":"https:\/\/www.fcbarcelonanoticias.com\/en\/wp-json\/wp\/v2\/comments?post=17588"}],"version-history":[{"count":1,"href":"https:\/\/www.fcbarcelonanoticias.com\/en\/wp-json\/wp\/v2\/posts\/17588\/revisions"}],"predecessor-version":[{"id":17589,"href":"https:\/\/www.fcbarcelonanoticias.com\/en\/wp-json\/wp\/v2\/posts\/17588\/revisions\/17589"}],"wp:featuredmedia":[{"embeddable":true,"href":"https:\/\/www.fcbarcelonanoticias.com\/en\/wp-json\/wp\/v2\/media\/17591"}],"wp:attachment":[{"href":"https:\/\/www.fcbarcelonanoticias.com\/en\/wp-json\/wp\/v2\/media?parent=17588"}],"wp:term":[{"taxonomy":"category","embeddable":true,"href":"https:\/\/www.fcbarcelonanoticias.com\/en\/wp-json\/wp\/v2\/categories?post=17588"},{"taxonomy":"post_tag","embeddable":true,"href":"https:\/\/www.fcbarcelonanoticias.com\/en\/wp-json\/wp\/v2\/tags?post=17588"}],"curies":[{"name":"wp","href":"https:\/\/api.w.org\/{rel}","templated":true}]}}