{"id":17667,"date":"2025-09-23T22:43:00","date_gmt":"2025-09-23T20:43:00","guid":{"rendered":"https:\/\/weisetech.dev\/fc-barcelona-noticias\/en\/gavi-breaks-down-ko-for-4-5-months-with-flick-barcelona_314804_102\/"},"modified":"2026-04-16T09:15:42","modified_gmt":"2026-04-16T07:15:42","slug":"gavi-breaks-down-ko-for-4-5-months-with-flick-barcelona_314804_102","status":"publish","type":"post","link":"https:\/\/www.fcbarcelonanoticias.com\/en\/fc-barcelona\/gavi-breaks-down-ko-for-4-5-months-with-flick-barcelona_314804_102.html","title":{"rendered":"Gavi will be out until 2026: Barcelona confirms the worst fears"},"content":{"rendered":"<h2 class=\"wp-block-heading\">The arthroscopy performed on Gavi, unfortunately, detected greater damage to the midfielder&#8217;s right knee. Discover the time off expected by the club&#8217;s doctors<\/h2>  \r\n<div class=\"article-addons\">\r\n    <a href=\"https:\/\/www.fcbarcelonanoticias.com\/en\/calendar-fc-barcelona.html\"\r\n       target=\"_self\"\r\n       title=\"Calendar of FC Barcelona\"\r\n       class=\"blue-gredient-btn\">\r\n       \r\n        Calendar of FC Barcelona    <\/a>\r\n<\/div>   <p><strong>FC Barcelona<\/strong> will not be able to count on <strong>Pablo P\u00e1ez Gavira, Gavi<\/strong>, for the remainder of 2025. <a data-external=\"0\" data-intl-links-en=\"https:\/\/www.fcbarcelonanoticias.com\/en\/fc-barcelona\/gavi-will-undergo-arthroscopy-on-his-right-knee_314784_102.html\" data-intl-links-es=\"https:\/\/www.fcbarcelonanoticias.com\/fc-barcelona\/oficial-gavi-sometera-artroscopia-rodilla-derecha_314784_102.html\" href=\"https:\/\/www.fcbarcelonanoticias.com\/en\/fc-barcelona\/gavi-will-undergo-arthroscopy-on-his-right-knee_314784_102.html\" rel=\"follow\" target=\"_self\" title=\"OFFICIAL: Gavi will undergo arthroscopy on his right knee\">The arthroscopy to which the midfielder was subjected<\/a> on Tuesday required a suture to preserve the right meniscus, according to the medical report offered by the club. Doctor <strong>Joan Carles&nbsp;Monllau<\/strong>, the same one who operated on him at the end of 2023, was in charge of the procedure.<\/p>  <p>In that sense, upon verifying the delicate state of the internal meniscus, <strong>Bar\u00e7a has confirmed the 21-year-old player&#8217;s absence for the next four or five months<\/strong>, depending on his evolution in the weeks to come. Thus, the &#8216;6&#8217; could reappear in mid-February, approximately, just four months before the 2026 World Cup.<\/p>  <blockquote class=\"twitter-tweet\"> <p dir=\"ltr\" lang=\"es\">\ud835\udc0c\ud835\udc04\ud835\udc03\ud835\udc08\ud835\udc02\ud835\udc00\ud835\udc0b \ud835\udc12\ud835\udc13\ud835\udc00\ud835\udc13\ud835\udc04\ud835\udc0c\ud835\udc04\ud835\udc0d\ud835\udc13<br><br> The first team player Pablo P\u00e1ez Gavira &#8216;\ud835\udc06\ud835\udc1a\ud835\udc2f\ud835\udc22&#8217; has undergone arthroscopy to solve the injury to the internal meniscus. It has been sutured in order to preserve the meniscus. The recovery time is estimated at&#8230; <a href=\"https:\/\/t.co\/en\/CnhDrHCbPY\">pic.twitter.com\/CnhDrHCbPY<\/a><\/p> \u2014 FC Barcelona (@FCBarcelona_es) <a href=\"https:\/\/twitter.com\/en\/FCBarcelona_es\/status\/1970561778716418125?ref_src=twsrc%5Etfw\">September 23, 2025<\/a> <\/blockquote> <p><a data-external=\"0\" data-intl-links-en=\"https:\/\/www.fcbarcelonanoticias.com\/en\/fc-barcelona\/gavi-doubtful-against-rayo-due-to-knee-discomfort_314489_102.html\" data-intl-links-es=\"https:\/\/www.fcbarcelonanoticias.com\/fc-barcelona\/gavi-preocupa-barca-molestias-rodilla-seria-duda-rayo_314489_102.html\" href=\"https:\/\/www.fcbarcelonanoticias.com\/en\/fc-barcelona\/gavi-doubtful-against-rayo-due-to-knee-discomfort_314489_102.html\" rel=\"follow\" target=\"_self\" title=\"Gavi worries Bar\u00e7a: out against Rayo due to knee discomfort\">The player from Los Palacios y Villafranca was injured on Friday, August 29<\/a>, in a training session prior to the match against Rayo for matchday 3 of LaLiga. Previously, he had played 21 minutes in the thrashing against Mallorca (he gave an assist) and the entire second half in the comeback against Levante (2-3).<\/p>  <h2>Gavi&#8217;s right knee revives the ghosts with Ansu Fati<\/h2>  <p><strong>During the preseason, the Andalusian performed at a high level<\/strong>, adding 3 goals and 1 assist in the 144 minutes he played in 4 friendlies played in the summer. Gavi seemed to have completely overcome his problems in his right knee, the same one that broke with Spain in November 2023. However, the meniscus has deteriorated again.<\/p>  <p>At the time, <strong>the &#8216;6&#8217; suffered a complete rupture of the anterior cruciate ligament<\/strong> and an associated injury to the lateral meniscus of the right knee. Now, <strong>the internal meniscus has been affected<\/strong>. For this reason, it was expected that the arthroscopy would allow the area to be cleaned, giving him a recovery time of about 5 weeks.<\/p>  <div class=\"media media-image\" data-ck-asset-wrapper=\"\"> <div class=\"media-item\"> <img loading=\"lazy\" decoding=\"async\" alt=\"De la Fuente believes that Gavi could go through surgery again\" data-id=\"1520218\" data-resize=\"9\" height=\"563\" src=\"https:\/\/www.fcbarcelonanoticias.com\/wp-content\/uploads\/sites\/2\/2025\/09\/fcbn-7ec56575000e002817876d790d52be39.webp\" title=\"De la Fuente believes that Gavi could go through surgery again\" width=\"1000\"><div class=\"media-title\">Gavi, on the bench of the Ciutat de Valencia Stadium.<\/div> <\/div> <\/div>  <p>However, the prognosis has confirmed the worst fears. <strong>Gavi&#8217;s meniscus required sutures and, therefore, we must wait at least 4 months for the area to finish healing<\/strong>. Afterwards, the physical load on the field will be activated to assess the moment in which the midfielder is in a position to play again.<\/p>  <p>In Can Bar\u00e7a, meanwhile, all the alarms are activated regarding the recovery of the youth squad player. The club already suffered a scenario of consecutive injuries with <a data-external=\"0\" data-intl-links-en=\"https:\/\/www.fcbarcelonanoticias.com\/en\/fc-barcelona\/luz-at-the-end-of-the-tunnel-like-this-it-is-the-knee-of-ansu-fati_268206_102.html\" data-intl-links-es=\"https:\/\/www.fcbarcelonanoticias.com\/fc-barcelona\/luz-final-tunel-esta-rodilla-ansu-fati_268206_102.html\" href=\"https:\/\/www.fcbarcelonanoticias.com\/en\/fc-barcelona\/luz-at-the-end-of-the-tunnel-like-this-it-is-the-knee-of-ansu-fati_268206_102.html\" rel=\"follow\" target=\"_self\" title=\"Light at the end of the tunnel! This is Ansu Fati's knee\">Ansu Fati&#8217;s left knee<\/a> and the club will do everything possible to avoid a similar case.<\/p>  <h2>Gavi KO: immediate impact on Flick&#8217;s Bar\u00e7a<\/h2>  <p>And the injury is a tremendous blow for the player, since the Andalusian had returned to the National Team (<a data-external=\"0\" data-intl-links-en=\"https:\/\/www.fcbarcelonanoticias.com\/en\/fc-barcelona\/gavi-out-misses-rayo-barca-and-the-fifa-date_314503_102.html\" data-intl-links-es=\"https:\/\/www.fcbarcelonanoticias.com\/fc-barcelona\/gavi-se-pierde-rayo-barca-fecha-fifa-cuanto-estara-baja_314503_102.html\" href=\"https:\/\/www.fcbarcelonanoticias.com\/en\/fc-barcelona\/gavi-out-misses-rayo-barca-and-the-fifa-date_314503_102.html\" rel=\"follow\" target=\"_self\" title=\"Gavi misses Rayo-Bar\u00e7a and the FIFA date: how long will he be out?\">he was called up for the September FIFA date<\/a>) and was emerging as a fixture in Luis de la Fuente&#8217;s squad for what would be his second World Cup.<\/p>  <p>Now, not only is the World Cup at risk, but also his career. If the meniscus does not fully recover, Gavi could suffer new future injuries that radically compromise his performance. Even more so <strong>considering his style of play, always at the limit of intensity<\/strong> and without hesitation when it comes to covering ground and clashing with his rivals.<\/p>  <p>Without the 21-year-old player, Hansi Flick loses a key asset for his rotation plan in the center of the field. Few midfielders can run as much as the &#8216;6&#8217; and, in addition, step into the area with ownership.<\/p>  <p>Now, the responsibility of relieving Pedri will fall on <strong>Marc Casad\u00f3<\/strong>, while <strong>Marc Bernal<\/strong>, little by little, must also add minutes as an alternative to <strong>Frenkie de Jong<\/strong>. <strong>Eric Garc\u00eda<\/strong> and <strong>Andreas Christensen<\/strong> themselves can also lend a hand as pivots in case of emergency.<\/p>  <ul> <li><strong>\ud83d\udc49 Follow all the news of the cul\u00e9 team in the section of <a href=\"https:\/\/www.fcbarcelonanoticias.com\/futbol\/fc-barcelona.html\" rel=\"noopener\" target=\"_blank\">latest news from FC Barcelona<\/a><\/strong><\/li> <\/ul> ","protected":false},"excerpt":{"rendered":"<p>The arthroscopy performed on Gavi, unfortunately, detected greater damage to the midfielder&#8217;s right knee. Discover the time off expected by the club&#8217;s doctors FC Barcelona will not be able to count on Pablo P\u00e1ez Gavira, Gavi, for the remainder of 2025. The arthroscopy to which the midfielder was subjected on Tuesday required a suture to [&hellip;]<\/p>\n","protected":false},"author":347,"featured_media":17653,"comment_status":"closed","ping_status":"open","sticky":false,"template":"","format":"standard","meta":{"_acf_changed":false,"inline_featured_image":false,"_nextfly_llmd_date_locked":false,"footnotes":""},"categories":[111,440],"tags":[187,136],"class_list":["post-17667","post","type-post","status-publish","format-standard","has-post-thumbnail","hentry","category-fc-barcelona","category-gavi","tag-gavi","tag-injured"],"acf":[],"yoast_head":"<!-- This site is optimized with the Yoast SEO plugin v27.3 - https:\/\/yoast.com\/product\/yoast-seo-wordpress\/ -->\n<title>Gavi breaks down: KO for 4-5 months with Flick&#039;s Bar\u00e7a<\/title>\n<meta name=\"description\" content=\"The arthroscopy performed on Gavi, unfortunately, detected greater damage to the player&#039;s right knee. Discover the time off expected by the club\" \/>\n<meta name=\"robots\" content=\"index, follow, max-snippet:-1, max-image-preview:large, max-video-preview:-1\" \/>\n<link rel=\"canonical\" href=\"https:\/\/www.fcbarcelonanoticias.com\/en\/fc-barcelona\/gavi-breaks-down-ko-for-4-5-months-with-flick-barcelona_314804_102.html\" \/>\n<meta property=\"og:locale\" content=\"en_US\" \/>\n<meta property=\"og:type\" content=\"article\" \/>\n<meta property=\"og:title\" content=\"Gavi breaks down: KO for 4-5 months with Flick&#039;s Bar\u00e7a\" \/>\n<meta property=\"og:description\" content=\"The arthroscopy performed on Gavi, unfortunately, detected greater damage to the player&#039;s right knee. Discover the time off expected by the club\" \/>\n<meta property=\"og:url\" content=\"https:\/\/www.fcbarcelonanoticias.com\/en\/fc-barcelona\/gavi-breaks-down-ko-for-4-5-months-with-flick-barcelona_314804_102.html\" \/>\n<meta property=\"og:site_name\" content=\"EN - FC Barcelona Noticias\" \/>\n<meta property=\"article:published_time\" content=\"2025-09-23T20:43:00+00:00\" \/>\n<meta property=\"article:modified_time\" content=\"2026-04-16T07:15:42+00:00\" \/>\n<meta property=\"og:image\" content=\"https:\/\/www.fcbarcelonanoticias.com\/en\/wp-content\/uploads\/sites\/2\/2024\/08\/gavi-entrenamiento-fc-barcelona.jpeg\" \/>\n\t<meta property=\"og:image:width\" content=\"1250\" \/>\n\t<meta property=\"og:image:height\" content=\"750\" \/>\n\t<meta property=\"og:image:type\" content=\"image\/jpeg\" \/>\n<meta name=\"author\" content=\"Andr\u00e9s Quiroz\" \/>\n<meta name=\"twitter:card\" content=\"summary_large_image\" \/>\n<meta name=\"twitter:label1\" content=\"Written by\" \/>\n\t<meta name=\"twitter:data1\" content=\"Andr\u00e9s Quiroz\" \/>\n\t<meta name=\"twitter:label2\" content=\"Est. reading time\" \/>\n\t<meta name=\"twitter:data2\" content=\"3 minutes\" \/>\n<script type=\"application\/ld+json\" class=\"yoast-schema-graph\">{\"@context\":\"https:\\\/\\\/schema.org\",\"@graph\":[{\"@type\":\"Article\",\"@id\":\"https:\\\/\\\/www.fcbarcelonanoticias.com\\\/en\\\/fc-barcelona\\\/gavi-breaks-down-ko-for-4-5-months-with-flick-barcelona_314804_102.html#article\",\"isPartOf\":{\"@id\":\"https:\\\/\\\/www.fcbarcelonanoticias.com\\\/en\\\/fc-barcelona\\\/gavi-breaks-down-ko-for-4-5-months-with-flick-barcelona_314804_102.html\"},\"author\":{\"name\":\"Andr\u00e9s Quiroz\",\"@id\":\"https:\\\/\\\/www.fcbarcelonanoticias.com\\\/en\\\/#\\\/schema\\\/person\\\/c2cd9f6fa1af5c0d0eccd0fefa575c88\"},\"headline\":\"Gavi will be out until 2026: Barcelona confirms the worst fears\",\"datePublished\":\"2025-09-23T20:43:00+00:00\",\"dateModified\":\"2026-04-16T07:15:42+00:00\",\"mainEntityOfPage\":{\"@id\":\"https:\\\/\\\/www.fcbarcelonanoticias.com\\\/en\\\/fc-barcelona\\\/gavi-breaks-down-ko-for-4-5-months-with-flick-barcelona_314804_102.html\"},\"wordCount\":690,\"image\":{\"@id\":\"https:\\\/\\\/www.fcbarcelonanoticias.com\\\/en\\\/fc-barcelona\\\/gavi-breaks-down-ko-for-4-5-months-with-flick-barcelona_314804_102.html#primaryimage\"},\"thumbnailUrl\":\"https:\\\/\\\/www.fcbarcelonanoticias.com\\\/en\\\/wp-content\\\/uploads\\\/sites\\\/2\\\/2024\\\/08\\\/gavi-entrenamiento-fc-barcelona.jpeg\",\"keywords\":[\"Gavi\",\"injured\"],\"articleSection\":[\"FC Barcelona\",\"Gavi\"],\"inLanguage\":\"en-US\"},{\"@type\":\"WebPage\",\"@id\":\"https:\\\/\\\/www.fcbarcelonanoticias.com\\\/en\\\/fc-barcelona\\\/gavi-breaks-down-ko-for-4-5-months-with-flick-barcelona_314804_102.html\",\"url\":\"https:\\\/\\\/www.fcbarcelonanoticias.com\\\/en\\\/fc-barcelona\\\/gavi-breaks-down-ko-for-4-5-months-with-flick-barcelona_314804_102.html\",\"name\":\"Gavi breaks down: KO for 4-5 months with Flick's Bar\u00e7a\",\"isPartOf\":{\"@id\":\"https:\\\/\\\/www.fcbarcelonanoticias.com\\\/en\\\/#website\"},\"primaryImageOfPage\":{\"@id\":\"https:\\\/\\\/www.fcbarcelonanoticias.com\\\/en\\\/fc-barcelona\\\/gavi-breaks-down-ko-for-4-5-months-with-flick-barcelona_314804_102.html#primaryimage\"},\"image\":{\"@id\":\"https:\\\/\\\/www.fcbarcelonanoticias.com\\\/en\\\/fc-barcelona\\\/gavi-breaks-down-ko-for-4-5-months-with-flick-barcelona_314804_102.html#primaryimage\"},\"thumbnailUrl\":\"https:\\\/\\\/www.fcbarcelonanoticias.com\\\/en\\\/wp-content\\\/uploads\\\/sites\\\/2\\\/2024\\\/08\\\/gavi-entrenamiento-fc-barcelona.jpeg\",\"datePublished\":\"2025-09-23T20:43:00+00:00\",\"dateModified\":\"2026-04-16T07:15:42+00:00\",\"author\":{\"@id\":\"https:\\\/\\\/www.fcbarcelonanoticias.com\\\/en\\\/#\\\/schema\\\/person\\\/c2cd9f6fa1af5c0d0eccd0fefa575c88\"},\"description\":\"The arthroscopy performed on Gavi, unfortunately, detected greater damage to the player's right knee. Discover the time off expected by the club\",\"breadcrumb\":{\"@id\":\"https:\\\/\\\/www.fcbarcelonanoticias.com\\\/en\\\/fc-barcelona\\\/gavi-breaks-down-ko-for-4-5-months-with-flick-barcelona_314804_102.html#breadcrumb\"},\"inLanguage\":\"en-US\",\"potentialAction\":[{\"@type\":\"ReadAction\",\"target\":[\"https:\\\/\\\/www.fcbarcelonanoticias.com\\\/en\\\/fc-barcelona\\\/gavi-breaks-down-ko-for-4-5-months-with-flick-barcelona_314804_102.html\"]}]},{\"@type\":\"ImageObject\",\"inLanguage\":\"en-US\",\"@id\":\"https:\\\/\\\/www.fcbarcelonanoticias.com\\\/en\\\/fc-barcelona\\\/gavi-breaks-down-ko-for-4-5-months-with-flick-barcelona_314804_102.html#primaryimage\",\"url\":\"https:\\\/\\\/www.fcbarcelonanoticias.com\\\/en\\\/wp-content\\\/uploads\\\/sites\\\/2\\\/2024\\\/08\\\/gavi-entrenamiento-fc-barcelona.jpeg\",\"contentUrl\":\"https:\\\/\\\/www.fcbarcelonanoticias.com\\\/en\\\/wp-content\\\/uploads\\\/sites\\\/2\\\/2024\\\/08\\\/gavi-entrenamiento-fc-barcelona.jpeg\",\"width\":1250,\"height\":750},{\"@type\":\"BreadcrumbList\",\"@id\":\"https:\\\/\\\/www.fcbarcelonanoticias.com\\\/en\\\/fc-barcelona\\\/gavi-breaks-down-ko-for-4-5-months-with-flick-barcelona_314804_102.html#breadcrumb\",\"itemListElement\":[{\"@type\":\"ListItem\",\"position\":1,\"name\":\"Portada\",\"item\":\"https:\\\/\\\/www.fcbarcelonanoticias.com\\\/en\\\/\"},{\"@type\":\"ListItem\",\"position\":2,\"name\":\"Gavi will be out until 2026: Barcelona confirms the worst fears\"}]},{\"@type\":\"WebSite\",\"@id\":\"https:\\\/\\\/www.fcbarcelonanoticias.com\\\/en\\\/#website\",\"url\":\"https:\\\/\\\/www.fcbarcelonanoticias.com\\\/en\\\/\",\"name\":\"EN - FC Barcelona Noticias\",\"description\":\"\",\"potentialAction\":[{\"@type\":\"SearchAction\",\"target\":{\"@type\":\"EntryPoint\",\"urlTemplate\":\"https:\\\/\\\/www.fcbarcelonanoticias.com\\\/en\\\/?s={search_term_string}\"},\"query-input\":{\"@type\":\"PropertyValueSpecification\",\"valueRequired\":true,\"valueName\":\"search_term_string\"}}],\"inLanguage\":\"en-US\"},{\"@type\":\"Person\",\"@id\":\"https:\\\/\\\/www.fcbarcelonanoticias.com\\\/en\\\/#\\\/schema\\\/person\\\/c2cd9f6fa1af5c0d0eccd0fefa575c88\",\"name\":\"Andr\u00e9s Quiroz\",\"image\":{\"@type\":\"ImageObject\",\"inLanguage\":\"en-US\",\"@id\":\"https:\\\/\\\/secure.gravatar.com\\\/avatar\\\/?s=96&d=mm&r=g\",\"url\":\"https:\\\/\\\/secure.gravatar.com\\\/avatar\\\/?s=96&d=mm&r=g\",\"contentUrl\":\"https:\\\/\\\/secure.gravatar.com\\\/avatar\\\/?s=96&d=mm&r=g\",\"caption\":\"Andr\u00e9s Quiroz\"},\"description\":\"Licenciado en Periodismo por la Universidad de los Andes. Me encargo de analizar y compartir los contenidos m\u00e1s destacados de la\u00a0actualidad del F\u00fatbol Club Barcelona, Mercado de Fichajes y F\u00fatbol Internacional en FCBN. La informaci\u00f3n es poder, pero tambi\u00e9n conocimiento.\",\"url\":\"https:\\\/\\\/www.fcbarcelonanoticias.com\\\/en\\\/fc-barcelona\\\/andres-quiroz_17_115.html\"}]}<\/script>\n<!-- \/ Yoast SEO plugin. -->","yoast_head_json":{"title":"Gavi breaks down: KO for 4-5 months with Flick's Bar\u00e7a","description":"The arthroscopy performed on Gavi, unfortunately, detected greater damage to the player's right knee. Discover the time off expected by the club","robots":{"index":"index","follow":"follow","max-snippet":"max-snippet:-1","max-image-preview":"max-image-preview:large","max-video-preview":"max-video-preview:-1"},"canonical":"https:\/\/www.fcbarcelonanoticias.com\/en\/fc-barcelona\/gavi-breaks-down-ko-for-4-5-months-with-flick-barcelona_314804_102.html","og_locale":"en_US","og_type":"article","og_title":"Gavi breaks down: KO for 4-5 months with Flick's Bar\u00e7a","og_description":"The arthroscopy performed on Gavi, unfortunately, detected greater damage to the player's right knee. Discover the time off expected by the club","og_url":"https:\/\/www.fcbarcelonanoticias.com\/en\/fc-barcelona\/gavi-breaks-down-ko-for-4-5-months-with-flick-barcelona_314804_102.html","og_site_name":"EN - FC Barcelona Noticias","article_published_time":"2025-09-23T20:43:00+00:00","article_modified_time":"2026-04-16T07:15:42+00:00","og_image":[{"width":1250,"height":750,"url":"https:\/\/www.fcbarcelonanoticias.com\/en\/wp-content\/uploads\/sites\/2\/2024\/08\/gavi-entrenamiento-fc-barcelona.jpeg","type":"image\/jpeg"}],"author":"Andr\u00e9s Quiroz","twitter_card":"summary_large_image","twitter_misc":{"Written by":"Andr\u00e9s Quiroz","Est. reading time":"3 minutes"},"schema":{"@context":"https:\/\/schema.org","@graph":[{"@type":"Article","@id":"https:\/\/www.fcbarcelonanoticias.com\/en\/fc-barcelona\/gavi-breaks-down-ko-for-4-5-months-with-flick-barcelona_314804_102.html#article","isPartOf":{"@id":"https:\/\/www.fcbarcelonanoticias.com\/en\/fc-barcelona\/gavi-breaks-down-ko-for-4-5-months-with-flick-barcelona_314804_102.html"},"author":{"name":"Andr\u00e9s Quiroz","@id":"https:\/\/www.fcbarcelonanoticias.com\/en\/#\/schema\/person\/c2cd9f6fa1af5c0d0eccd0fefa575c88"},"headline":"Gavi will be out until 2026: Barcelona confirms the worst fears","datePublished":"2025-09-23T20:43:00+00:00","dateModified":"2026-04-16T07:15:42+00:00","mainEntityOfPage":{"@id":"https:\/\/www.fcbarcelonanoticias.com\/en\/fc-barcelona\/gavi-breaks-down-ko-for-4-5-months-with-flick-barcelona_314804_102.html"},"wordCount":690,"image":{"@id":"https:\/\/www.fcbarcelonanoticias.com\/en\/fc-barcelona\/gavi-breaks-down-ko-for-4-5-months-with-flick-barcelona_314804_102.html#primaryimage"},"thumbnailUrl":"https:\/\/www.fcbarcelonanoticias.com\/en\/wp-content\/uploads\/sites\/2\/2024\/08\/gavi-entrenamiento-fc-barcelona.jpeg","keywords":["Gavi","injured"],"articleSection":["FC Barcelona","Gavi"],"inLanguage":"en-US"},{"@type":"WebPage","@id":"https:\/\/www.fcbarcelonanoticias.com\/en\/fc-barcelona\/gavi-breaks-down-ko-for-4-5-months-with-flick-barcelona_314804_102.html","url":"https:\/\/www.fcbarcelonanoticias.com\/en\/fc-barcelona\/gavi-breaks-down-ko-for-4-5-months-with-flick-barcelona_314804_102.html","name":"Gavi breaks down: KO for 4-5 months with Flick's Bar\u00e7a","isPartOf":{"@id":"https:\/\/www.fcbarcelonanoticias.com\/en\/#website"},"primaryImageOfPage":{"@id":"https:\/\/www.fcbarcelonanoticias.com\/en\/fc-barcelona\/gavi-breaks-down-ko-for-4-5-months-with-flick-barcelona_314804_102.html#primaryimage"},"image":{"@id":"https:\/\/www.fcbarcelonanoticias.com\/en\/fc-barcelona\/gavi-breaks-down-ko-for-4-5-months-with-flick-barcelona_314804_102.html#primaryimage"},"thumbnailUrl":"https:\/\/www.fcbarcelonanoticias.com\/en\/wp-content\/uploads\/sites\/2\/2024\/08\/gavi-entrenamiento-fc-barcelona.jpeg","datePublished":"2025-09-23T20:43:00+00:00","dateModified":"2026-04-16T07:15:42+00:00","author":{"@id":"https:\/\/www.fcbarcelonanoticias.com\/en\/#\/schema\/person\/c2cd9f6fa1af5c0d0eccd0fefa575c88"},"description":"The arthroscopy performed on Gavi, unfortunately, detected greater damage to the player's right knee. Discover the time off expected by the club","breadcrumb":{"@id":"https:\/\/www.fcbarcelonanoticias.com\/en\/fc-barcelona\/gavi-breaks-down-ko-for-4-5-months-with-flick-barcelona_314804_102.html#breadcrumb"},"inLanguage":"en-US","potentialAction":[{"@type":"ReadAction","target":["https:\/\/www.fcbarcelonanoticias.com\/en\/fc-barcelona\/gavi-breaks-down-ko-for-4-5-months-with-flick-barcelona_314804_102.html"]}]},{"@type":"ImageObject","inLanguage":"en-US","@id":"https:\/\/www.fcbarcelonanoticias.com\/en\/fc-barcelona\/gavi-breaks-down-ko-for-4-5-months-with-flick-barcelona_314804_102.html#primaryimage","url":"https:\/\/www.fcbarcelonanoticias.com\/en\/wp-content\/uploads\/sites\/2\/2024\/08\/gavi-entrenamiento-fc-barcelona.jpeg","contentUrl":"https:\/\/www.fcbarcelonanoticias.com\/en\/wp-content\/uploads\/sites\/2\/2024\/08\/gavi-entrenamiento-fc-barcelona.jpeg","width":1250,"height":750},{"@type":"BreadcrumbList","@id":"https:\/\/www.fcbarcelonanoticias.com\/en\/fc-barcelona\/gavi-breaks-down-ko-for-4-5-months-with-flick-barcelona_314804_102.html#breadcrumb","itemListElement":[{"@type":"ListItem","position":1,"name":"Portada","item":"https:\/\/www.fcbarcelonanoticias.com\/en\/"},{"@type":"ListItem","position":2,"name":"Gavi will be out until 2026: Barcelona confirms the worst fears"}]},{"@type":"WebSite","@id":"https:\/\/www.fcbarcelonanoticias.com\/en\/#website","url":"https:\/\/www.fcbarcelonanoticias.com\/en\/","name":"EN - FC Barcelona Noticias","description":"","potentialAction":[{"@type":"SearchAction","target":{"@type":"EntryPoint","urlTemplate":"https:\/\/www.fcbarcelonanoticias.com\/en\/?s={search_term_string}"},"query-input":{"@type":"PropertyValueSpecification","valueRequired":true,"valueName":"search_term_string"}}],"inLanguage":"en-US"},{"@type":"Person","@id":"https:\/\/www.fcbarcelonanoticias.com\/en\/#\/schema\/person\/c2cd9f6fa1af5c0d0eccd0fefa575c88","name":"Andr\u00e9s Quiroz","image":{"@type":"ImageObject","inLanguage":"en-US","@id":"https:\/\/secure.gravatar.com\/avatar\/?s=96&d=mm&r=g","url":"https:\/\/secure.gravatar.com\/avatar\/?s=96&d=mm&r=g","contentUrl":"https:\/\/secure.gravatar.com\/avatar\/?s=96&d=mm&r=g","caption":"Andr\u00e9s Quiroz"},"description":"Licenciado en Periodismo por la Universidad de los Andes. Me encargo de analizar y compartir los contenidos m\u00e1s destacados de la\u00a0actualidad del F\u00fatbol Club Barcelona, Mercado de Fichajes y F\u00fatbol Internacional en FCBN. La informaci\u00f3n es poder, pero tambi\u00e9n conocimiento.","url":"https:\/\/www.fcbarcelonanoticias.com\/en\/fc-barcelona\/andres-quiroz_17_115.html"}]}},"_links":{"self":[{"href":"https:\/\/www.fcbarcelonanoticias.com\/en\/wp-json\/wp\/v2\/posts\/17667","targetHints":{"allow":["GET"]}}],"collection":[{"href":"https:\/\/www.fcbarcelonanoticias.com\/en\/wp-json\/wp\/v2\/posts"}],"about":[{"href":"https:\/\/www.fcbarcelonanoticias.com\/en\/wp-json\/wp\/v2\/types\/post"}],"author":[{"embeddable":true,"href":"https:\/\/www.fcbarcelonanoticias.com\/en\/wp-json\/wp\/v2\/users\/347"}],"replies":[{"embeddable":true,"href":"https:\/\/www.fcbarcelonanoticias.com\/en\/wp-json\/wp\/v2\/comments?post=17667"}],"version-history":[{"count":3,"href":"https:\/\/www.fcbarcelonanoticias.com\/en\/wp-json\/wp\/v2\/posts\/17667\/revisions"}],"predecessor-version":[{"id":170389,"href":"https:\/\/www.fcbarcelonanoticias.com\/en\/wp-json\/wp\/v2\/posts\/17667\/revisions\/170389"}],"wp:featuredmedia":[{"embeddable":true,"href":"https:\/\/www.fcbarcelonanoticias.com\/en\/wp-json\/wp\/v2\/media\/17653"}],"wp:attachment":[{"href":"https:\/\/www.fcbarcelonanoticias.com\/en\/wp-json\/wp\/v2\/media?parent=17667"}],"wp:term":[{"taxonomy":"category","embeddable":true,"href":"https:\/\/www.fcbarcelonanoticias.com\/en\/wp-json\/wp\/v2\/categories?post=17667"},{"taxonomy":"post_tag","embeddable":true,"href":"https:\/\/www.fcbarcelonanoticias.com\/en\/wp-json\/wp\/v2\/tags?post=17667"}],"curies":[{"name":"wp","href":"https:\/\/api.w.org\/{rel}","templated":true}]}}