{"id":17792,"date":"2023-10-23T15:42:00","date_gmt":"2023-10-23T13:42:00","guid":{"rendered":"https:\/\/weisetech.dev\/fc-barcelona-noticias\/en\/ernesto-valverde-leaves-clear-that-negreira-no-stain-the-triumphs-of-the-barca_297353_102\/"},"modified":"2023-10-24T00:12:00","modified_gmt":"2023-10-23T22:12:00","slug":"ernesto-valverde-leaves-clear-that-negreira-no-stain-the-triumphs-of-the-barca_297353_102","status":"publish","type":"post","link":"https:\/\/www.fcbarcelonanoticias.com\/en\/fc-barcelona\/ernesto-valverde-leaves-clear-that-negreira-no-stain-the-triumphs-of-the-barca_297353_102.html","title":{"rendered":"Ernesto Valverde leaves clear that Negreira no &#8216;stain&#8217; the triumphs of the Bar\u00e7a"},"content":{"rendered":"<h2 class=\"wp-block-heading\">The technician of the Athletic Club of Bilbao defended the honorabilidad of the triumphs of the FC Barcelona in spite of all the jaleo that there has been by the payments of the entity to Negreira<\/h2>  \r\n<div class=\"article-addons\">\r\n    <a href=\"https:\/\/www.fcbarcelonanoticias.com\/en\/calendar-fc-barcelona.html\"\r\n       target=\"_self\"\r\n       title=\"Calendar of FC Barcelona\"\r\n       class=\"blue-gredient-btn\">\r\n       \r\n        Calendar of FC Barcelona    <\/a>\r\n<\/div>   <p style=\"text-align: justify;\">Since it exploded the &#8216;Case Negreira&#8217; are varied the trainers that have given his opinion.<strong> Ernesto Valverde, technician of the Athletic Club of Bilbao, defended to the club blaugrana of the referee&#8217;s controversy that questions the titles achieved<\/strong> by the club blaugrana in the stage of Jos\u00e9 Mar\u00eda Enr\u00edquez Negreia like vice-president of the Technical Committee of Referees (CTA). The exentrenador of the Barcelona followed the line of Pep Guardiola when they asked after him this subject.<\/p>  <p style=\"text-align: justify;\">In the previous press conference to the party in front of the Brighton, <strong><a data-external=\"0\" data-intl-links-en=\"https:\/\/www.fcbarcelonanoticias.com\/en\/fc-barcelona\/guardiola-defends-barca-remembers-presumption-innocence-in-negreira-case_297288_102.html\" data-intl-links-es=\"https:\/\/www.fcbarcelonanoticias.com\/fc-barcelona\/guardiola-defiende-barca-recuerda-presuncion-inocencia-en-caso-negreira_297288_102.html\" href=\"https:\/\/www.fcbarcelonanoticias.com\/en\/fc-barcelona\/guardiola-defends-barca-remembers-presumption-innocence-in-negreira-case_297288_102.html\" rel=\"follow\" target=\"_self\" title=\"Guardiola defiende al Bar\u00e7a y recuerda la presunci\u00f3n de inocencia en el 'Caso Negreira'\">Guardiola showed like this of conclusive when it referred with these terms to the &#8216;Case Negreira&#8217;<\/a><\/strong>: &#8220;The true scandal was ours form to play. We win all the titles. We were a lot of better that the rivals&#8221;. The ext\u00e9cnico of the club blaugrana, that wanted also defend the innocence of the president Joan Laporta (imputed by cohecho) and reaffirmed with the same terms does less than a month: &#8220;The Bar\u00e7a won because it was better that his rivals&#8221;.<\/p>  <p style=\"text-align: justify;\">Ernesto Valverde has added to the list of trainers that have spoken publicly on the presumptive deal of favour to the Barcelona. In this occasion, the technician extreme\u00f1o has wanted to command a message support to the club blaugrana when ensuring that the Bar\u00e7a won the titles by merits exclusively sportive and no extradeportivos: &#8220;<strong>All what has won in the last years is because it has been better team<\/strong>&#8220;. The &#8216;Txingurri&#8217;, that was in the group cul\u00e9 between 2017 and 2020, referred also to the Real Madrid: &#8220;When it has won the Real Madrid also has been therefore&#8221;.<\/p>  <h2 style=\"text-align: justify;\">Valverde Declared desconocer the referee&#8217;s reports<\/h2>  <p style=\"text-align: justify;\">The now m\u00edster of the Athletic, that was in the group cul\u00e9 between 2017 and 2020, ensured in February of 2023 that desconoc\u00eda the existence of some referee&#8217;s reports by which the Bar\u00e7a paid purportedly some 7,3 million euros to the number two of the Technical Committee of Referees. &#8220;<strong>It did not know neither that existed the referee&#8217;s reports in the Barcelona<\/strong>&#8220;, affirmed the current trainer of the Athletic. Renewed with the Basque group until 2024,<\/p>  <p style=\"text-align: justify;\">Ernesto Valverde showed surprised by these facts: &#8220;it Has been a surprise for me, did not have neither idea of all this. &#8220;I suppose that it is a question that us pilla a bit far. Or right now me pilla a bit far. I suppose that it will go clearing over time, because we still do not have all the data.<strong> It has been a surprise but have to be wary to see where goes all this<\/strong>&#8220;, concluded in his day.<\/p> ","protected":false},"excerpt":{"rendered":"<p>The technician of the Athletic Club of Bilbao defended the honorabilidad of the triumphs of the FC Barcelona in spite of all the jaleo that there has been by the payments of the entity to Negreira Since it exploded the &#8216;Case Negreira&#8217; are varied the trainers that have given his opinion. Ernesto Valverde, technician of [&hellip;]<\/p>\n","protected":false},"author":353,"featured_media":17794,"comment_status":"closed","ping_status":"open","sticky":false,"template":"","format":"standard","meta":{"_acf_changed":false,"inline_featured_image":false,"_nextfly_llmd_date_locked":false,"footnotes":""},"categories":[111],"tags":[270,218,190],"class_list":["post-17792","post","type-post","status-publish","format-standard","has-post-thumbnail","hentry","category-fc-barcelona","tag-case-negreira","tag-ernesto-valverde","tag-referees"],"acf":[],"yoast_head":"<!-- This site is optimized with the Yoast SEO plugin v27.3 - https:\/\/yoast.com\/product\/yoast-seo-wordpress\/ -->\n<title>Ernesto Valverde leaves clear that Negreira no &#039;stain&#039; the triumphs of the Bar\u00e7a<\/title>\n<meta name=\"description\" content=\"The technician of the Athletic Club of Bilbao defends to the club blaugrana: &quot;All what has won in the last years is because it has been better team&quot;\" \/>\n<meta name=\"robots\" content=\"index, follow, max-snippet:-1, max-image-preview:large, max-video-preview:-1\" \/>\n<link rel=\"canonical\" href=\"https:\/\/www.fcbarcelonanoticias.com\/en\/fc-barcelona\/ernesto-valverde-leaves-clear-that-negreira-no-stain-the-triumphs-of-the-barca_297353_102.html\" \/>\n<meta property=\"og:locale\" content=\"en_US\" \/>\n<meta property=\"og:type\" content=\"article\" \/>\n<meta property=\"og:title\" content=\"Ernesto Valverde leaves clear that Negreira no &#039;stain&#039; the triumphs of the Bar\u00e7a\" \/>\n<meta property=\"og:description\" content=\"The technician of the Athletic Club of Bilbao defends to the club blaugrana: &quot;All what has won in the last years is because it has been better team&quot;\" \/>\n<meta property=\"og:url\" content=\"https:\/\/www.fcbarcelonanoticias.com\/en\/fc-barcelona\/ernesto-valverde-leaves-clear-that-negreira-no-stain-the-triumphs-of-the-barca_297353_102.html\" \/>\n<meta property=\"og:site_name\" content=\"EN - FC Barcelona Noticias\" \/>\n<meta property=\"article:published_time\" content=\"2023-10-23T13:42:00+00:00\" \/>\n<meta property=\"article:modified_time\" content=\"2023-10-23T22:12:00+00:00\" \/>\n<meta property=\"og:image\" content=\"https:\/\/www.fcbarcelonanoticias.com\/en\/wp-content\/uploads\/sites\/2\/2023\/10\/erinesto-valverde-exentrenador-del-barc-a.jpeg\" \/>\n\t<meta property=\"og:image:width\" content=\"1200\" \/>\n\t<meta property=\"og:image:height\" content=\"675\" \/>\n\t<meta property=\"og:image:type\" content=\"image\/jpeg\" \/>\n<meta name=\"author\" content=\"FC Barcelona Noticias\" \/>\n<meta name=\"twitter:card\" content=\"summary_large_image\" \/>\n<meta name=\"twitter:label1\" content=\"Written by\" \/>\n\t<meta name=\"twitter:data1\" content=\"FC Barcelona Noticias\" \/>\n\t<meta name=\"twitter:label2\" content=\"Est. reading time\" \/>\n\t<meta name=\"twitter:data2\" content=\"2 minutes\" \/>\n<script type=\"application\/ld+json\" class=\"yoast-schema-graph\">{\"@context\":\"https:\\\/\\\/schema.org\",\"@graph\":[{\"@type\":\"Article\",\"@id\":\"https:\\\/\\\/www.fcbarcelonanoticias.com\\\/en\\\/fc-barcelona\\\/ernesto-valverde-leaves-clear-that-negreira-no-stain-the-triumphs-of-the-barca_297353_102.html#article\",\"isPartOf\":{\"@id\":\"https:\\\/\\\/www.fcbarcelonanoticias.com\\\/en\\\/fc-barcelona\\\/ernesto-valverde-leaves-clear-that-negreira-no-stain-the-triumphs-of-the-barca_297353_102.html\"},\"author\":{\"name\":\"FC Barcelona Noticias\",\"@id\":\"https:\\\/\\\/www.fcbarcelonanoticias.com\\\/en\\\/#\\\/schema\\\/person\\\/0f2810101d27606974cdb8edb54fa54b\"},\"headline\":\"Ernesto Valverde leaves clear that Negreira no &#8216;stain&#8217; the triumphs of the Bar\u00e7a\",\"datePublished\":\"2023-10-23T13:42:00+00:00\",\"dateModified\":\"2023-10-23T22:12:00+00:00\",\"mainEntityOfPage\":{\"@id\":\"https:\\\/\\\/www.fcbarcelonanoticias.com\\\/en\\\/fc-barcelona\\\/ernesto-valverde-leaves-clear-that-negreira-no-stain-the-triumphs-of-the-barca_297353_102.html\"},\"wordCount\":486,\"image\":{\"@id\":\"https:\\\/\\\/www.fcbarcelonanoticias.com\\\/en\\\/fc-barcelona\\\/ernesto-valverde-leaves-clear-that-negreira-no-stain-the-triumphs-of-the-barca_297353_102.html#primaryimage\"},\"thumbnailUrl\":\"https:\\\/\\\/www.fcbarcelonanoticias.com\\\/en\\\/wp-content\\\/uploads\\\/sites\\\/2\\\/2023\\\/10\\\/erinesto-valverde-exentrenador-del-barc-a.jpeg\",\"keywords\":[\"Case Negreira\",\"Ernesto Valverde\",\"Referees\"],\"articleSection\":[\"FC Barcelona\"],\"inLanguage\":\"en-US\"},{\"@type\":\"WebPage\",\"@id\":\"https:\\\/\\\/www.fcbarcelonanoticias.com\\\/en\\\/fc-barcelona\\\/ernesto-valverde-leaves-clear-that-negreira-no-stain-the-triumphs-of-the-barca_297353_102.html\",\"url\":\"https:\\\/\\\/www.fcbarcelonanoticias.com\\\/en\\\/fc-barcelona\\\/ernesto-valverde-leaves-clear-that-negreira-no-stain-the-triumphs-of-the-barca_297353_102.html\",\"name\":\"Ernesto Valverde leaves clear that Negreira no 'stain' the triumphs of the Bar\u00e7a\",\"isPartOf\":{\"@id\":\"https:\\\/\\\/www.fcbarcelonanoticias.com\\\/en\\\/#website\"},\"primaryImageOfPage\":{\"@id\":\"https:\\\/\\\/www.fcbarcelonanoticias.com\\\/en\\\/fc-barcelona\\\/ernesto-valverde-leaves-clear-that-negreira-no-stain-the-triumphs-of-the-barca_297353_102.html#primaryimage\"},\"image\":{\"@id\":\"https:\\\/\\\/www.fcbarcelonanoticias.com\\\/en\\\/fc-barcelona\\\/ernesto-valverde-leaves-clear-that-negreira-no-stain-the-triumphs-of-the-barca_297353_102.html#primaryimage\"},\"thumbnailUrl\":\"https:\\\/\\\/www.fcbarcelonanoticias.com\\\/en\\\/wp-content\\\/uploads\\\/sites\\\/2\\\/2023\\\/10\\\/erinesto-valverde-exentrenador-del-barc-a.jpeg\",\"datePublished\":\"2023-10-23T13:42:00+00:00\",\"dateModified\":\"2023-10-23T22:12:00+00:00\",\"author\":{\"@id\":\"https:\\\/\\\/www.fcbarcelonanoticias.com\\\/en\\\/#\\\/schema\\\/person\\\/0f2810101d27606974cdb8edb54fa54b\"},\"description\":\"The technician of the Athletic Club of Bilbao defends to the club blaugrana: \\\"All what has won in the last years is because it has been better team\\\"\",\"breadcrumb\":{\"@id\":\"https:\\\/\\\/www.fcbarcelonanoticias.com\\\/en\\\/fc-barcelona\\\/ernesto-valverde-leaves-clear-that-negreira-no-stain-the-triumphs-of-the-barca_297353_102.html#breadcrumb\"},\"inLanguage\":\"en-US\",\"potentialAction\":[{\"@type\":\"ReadAction\",\"target\":[\"https:\\\/\\\/www.fcbarcelonanoticias.com\\\/en\\\/fc-barcelona\\\/ernesto-valverde-leaves-clear-that-negreira-no-stain-the-triumphs-of-the-barca_297353_102.html\"]}]},{\"@type\":\"ImageObject\",\"inLanguage\":\"en-US\",\"@id\":\"https:\\\/\\\/www.fcbarcelonanoticias.com\\\/en\\\/fc-barcelona\\\/ernesto-valverde-leaves-clear-that-negreira-no-stain-the-triumphs-of-the-barca_297353_102.html#primaryimage\",\"url\":\"https:\\\/\\\/www.fcbarcelonanoticias.com\\\/en\\\/wp-content\\\/uploads\\\/sites\\\/2\\\/2023\\\/10\\\/erinesto-valverde-exentrenador-del-barc-a.jpeg\",\"contentUrl\":\"https:\\\/\\\/www.fcbarcelonanoticias.com\\\/en\\\/wp-content\\\/uploads\\\/sites\\\/2\\\/2023\\\/10\\\/erinesto-valverde-exentrenador-del-barc-a.jpeg\",\"width\":1200,\"height\":675},{\"@type\":\"BreadcrumbList\",\"@id\":\"https:\\\/\\\/www.fcbarcelonanoticias.com\\\/en\\\/fc-barcelona\\\/ernesto-valverde-leaves-clear-that-negreira-no-stain-the-triumphs-of-the-barca_297353_102.html#breadcrumb\",\"itemListElement\":[{\"@type\":\"ListItem\",\"position\":1,\"name\":\"Portada\",\"item\":\"https:\\\/\\\/www.fcbarcelonanoticias.com\\\/en\\\/\"},{\"@type\":\"ListItem\",\"position\":2,\"name\":\"Ernesto Valverde leaves clear that Negreira no &#8216;stain&#8217; the triumphs of the Bar\u00e7a\"}]},{\"@type\":\"WebSite\",\"@id\":\"https:\\\/\\\/www.fcbarcelonanoticias.com\\\/en\\\/#website\",\"url\":\"https:\\\/\\\/www.fcbarcelonanoticias.com\\\/en\\\/\",\"name\":\"EN - FC Barcelona Noticias\",\"description\":\"\",\"potentialAction\":[{\"@type\":\"SearchAction\",\"target\":{\"@type\":\"EntryPoint\",\"urlTemplate\":\"https:\\\/\\\/www.fcbarcelonanoticias.com\\\/en\\\/?s={search_term_string}\"},\"query-input\":{\"@type\":\"PropertyValueSpecification\",\"valueRequired\":true,\"valueName\":\"search_term_string\"}}],\"inLanguage\":\"en-US\"},{\"@type\":\"Person\",\"@id\":\"https:\\\/\\\/www.fcbarcelonanoticias.com\\\/en\\\/#\\\/schema\\\/person\\\/0f2810101d27606974cdb8edb54fa54b\",\"name\":\"FC Barcelona Noticias\",\"image\":{\"@type\":\"ImageObject\",\"inLanguage\":\"en-US\",\"@id\":\"https:\\\/\\\/secure.gravatar.com\\\/avatar\\\/?s=96&d=mm&r=g\",\"url\":\"https:\\\/\\\/secure.gravatar.com\\\/avatar\\\/?s=96&d=mm&r=g\",\"contentUrl\":\"https:\\\/\\\/secure.gravatar.com\\\/avatar\\\/?s=96&d=mm&r=g\",\"caption\":\"FC Barcelona Noticias\"},\"url\":\"https:\\\/\\\/www.fcbarcelonanoticias.com\\\/en\\\/fc-barcelona\\\/fcbn-writing-fc-barcelona-news_6_115.html\"}]}<\/script>\n<!-- \/ Yoast SEO plugin. -->","yoast_head_json":{"title":"Ernesto Valverde leaves clear that Negreira no 'stain' the triumphs of the Bar\u00e7a","description":"The technician of the Athletic Club of Bilbao defends to the club blaugrana: \"All what has won in the last years is because it has been better team\"","robots":{"index":"index","follow":"follow","max-snippet":"max-snippet:-1","max-image-preview":"max-image-preview:large","max-video-preview":"max-video-preview:-1"},"canonical":"https:\/\/www.fcbarcelonanoticias.com\/en\/fc-barcelona\/ernesto-valverde-leaves-clear-that-negreira-no-stain-the-triumphs-of-the-barca_297353_102.html","og_locale":"en_US","og_type":"article","og_title":"Ernesto Valverde leaves clear that Negreira no 'stain' the triumphs of the Bar\u00e7a","og_description":"The technician of the Athletic Club of Bilbao defends to the club blaugrana: \"All what has won in the last years is because it has been better team\"","og_url":"https:\/\/www.fcbarcelonanoticias.com\/en\/fc-barcelona\/ernesto-valverde-leaves-clear-that-negreira-no-stain-the-triumphs-of-the-barca_297353_102.html","og_site_name":"EN - FC Barcelona Noticias","article_published_time":"2023-10-23T13:42:00+00:00","article_modified_time":"2023-10-23T22:12:00+00:00","og_image":[{"width":1200,"height":675,"url":"https:\/\/www.fcbarcelonanoticias.com\/en\/wp-content\/uploads\/sites\/2\/2023\/10\/erinesto-valverde-exentrenador-del-barc-a.jpeg","type":"image\/jpeg"}],"author":"FC Barcelona Noticias","twitter_card":"summary_large_image","twitter_misc":{"Written by":"FC Barcelona Noticias","Est. reading time":"2 minutes"},"schema":{"@context":"https:\/\/schema.org","@graph":[{"@type":"Article","@id":"https:\/\/www.fcbarcelonanoticias.com\/en\/fc-barcelona\/ernesto-valverde-leaves-clear-that-negreira-no-stain-the-triumphs-of-the-barca_297353_102.html#article","isPartOf":{"@id":"https:\/\/www.fcbarcelonanoticias.com\/en\/fc-barcelona\/ernesto-valverde-leaves-clear-that-negreira-no-stain-the-triumphs-of-the-barca_297353_102.html"},"author":{"name":"FC Barcelona Noticias","@id":"https:\/\/www.fcbarcelonanoticias.com\/en\/#\/schema\/person\/0f2810101d27606974cdb8edb54fa54b"},"headline":"Ernesto Valverde leaves clear that Negreira no &#8216;stain&#8217; the triumphs of the Bar\u00e7a","datePublished":"2023-10-23T13:42:00+00:00","dateModified":"2023-10-23T22:12:00+00:00","mainEntityOfPage":{"@id":"https:\/\/www.fcbarcelonanoticias.com\/en\/fc-barcelona\/ernesto-valverde-leaves-clear-that-negreira-no-stain-the-triumphs-of-the-barca_297353_102.html"},"wordCount":486,"image":{"@id":"https:\/\/www.fcbarcelonanoticias.com\/en\/fc-barcelona\/ernesto-valverde-leaves-clear-that-negreira-no-stain-the-triumphs-of-the-barca_297353_102.html#primaryimage"},"thumbnailUrl":"https:\/\/www.fcbarcelonanoticias.com\/en\/wp-content\/uploads\/sites\/2\/2023\/10\/erinesto-valverde-exentrenador-del-barc-a.jpeg","keywords":["Case Negreira","Ernesto Valverde","Referees"],"articleSection":["FC Barcelona"],"inLanguage":"en-US"},{"@type":"WebPage","@id":"https:\/\/www.fcbarcelonanoticias.com\/en\/fc-barcelona\/ernesto-valverde-leaves-clear-that-negreira-no-stain-the-triumphs-of-the-barca_297353_102.html","url":"https:\/\/www.fcbarcelonanoticias.com\/en\/fc-barcelona\/ernesto-valverde-leaves-clear-that-negreira-no-stain-the-triumphs-of-the-barca_297353_102.html","name":"Ernesto Valverde leaves clear that Negreira no 'stain' the triumphs of the Bar\u00e7a","isPartOf":{"@id":"https:\/\/www.fcbarcelonanoticias.com\/en\/#website"},"primaryImageOfPage":{"@id":"https:\/\/www.fcbarcelonanoticias.com\/en\/fc-barcelona\/ernesto-valverde-leaves-clear-that-negreira-no-stain-the-triumphs-of-the-barca_297353_102.html#primaryimage"},"image":{"@id":"https:\/\/www.fcbarcelonanoticias.com\/en\/fc-barcelona\/ernesto-valverde-leaves-clear-that-negreira-no-stain-the-triumphs-of-the-barca_297353_102.html#primaryimage"},"thumbnailUrl":"https:\/\/www.fcbarcelonanoticias.com\/en\/wp-content\/uploads\/sites\/2\/2023\/10\/erinesto-valverde-exentrenador-del-barc-a.jpeg","datePublished":"2023-10-23T13:42:00+00:00","dateModified":"2023-10-23T22:12:00+00:00","author":{"@id":"https:\/\/www.fcbarcelonanoticias.com\/en\/#\/schema\/person\/0f2810101d27606974cdb8edb54fa54b"},"description":"The technician of the Athletic Club of Bilbao defends to the club blaugrana: \"All what has won in the last years is because it has been better team\"","breadcrumb":{"@id":"https:\/\/www.fcbarcelonanoticias.com\/en\/fc-barcelona\/ernesto-valverde-leaves-clear-that-negreira-no-stain-the-triumphs-of-the-barca_297353_102.html#breadcrumb"},"inLanguage":"en-US","potentialAction":[{"@type":"ReadAction","target":["https:\/\/www.fcbarcelonanoticias.com\/en\/fc-barcelona\/ernesto-valverde-leaves-clear-that-negreira-no-stain-the-triumphs-of-the-barca_297353_102.html"]}]},{"@type":"ImageObject","inLanguage":"en-US","@id":"https:\/\/www.fcbarcelonanoticias.com\/en\/fc-barcelona\/ernesto-valverde-leaves-clear-that-negreira-no-stain-the-triumphs-of-the-barca_297353_102.html#primaryimage","url":"https:\/\/www.fcbarcelonanoticias.com\/en\/wp-content\/uploads\/sites\/2\/2023\/10\/erinesto-valverde-exentrenador-del-barc-a.jpeg","contentUrl":"https:\/\/www.fcbarcelonanoticias.com\/en\/wp-content\/uploads\/sites\/2\/2023\/10\/erinesto-valverde-exentrenador-del-barc-a.jpeg","width":1200,"height":675},{"@type":"BreadcrumbList","@id":"https:\/\/www.fcbarcelonanoticias.com\/en\/fc-barcelona\/ernesto-valverde-leaves-clear-that-negreira-no-stain-the-triumphs-of-the-barca_297353_102.html#breadcrumb","itemListElement":[{"@type":"ListItem","position":1,"name":"Portada","item":"https:\/\/www.fcbarcelonanoticias.com\/en\/"},{"@type":"ListItem","position":2,"name":"Ernesto Valverde leaves clear that Negreira no &#8216;stain&#8217; the triumphs of the Bar\u00e7a"}]},{"@type":"WebSite","@id":"https:\/\/www.fcbarcelonanoticias.com\/en\/#website","url":"https:\/\/www.fcbarcelonanoticias.com\/en\/","name":"EN - FC Barcelona Noticias","description":"","potentialAction":[{"@type":"SearchAction","target":{"@type":"EntryPoint","urlTemplate":"https:\/\/www.fcbarcelonanoticias.com\/en\/?s={search_term_string}"},"query-input":{"@type":"PropertyValueSpecification","valueRequired":true,"valueName":"search_term_string"}}],"inLanguage":"en-US"},{"@type":"Person","@id":"https:\/\/www.fcbarcelonanoticias.com\/en\/#\/schema\/person\/0f2810101d27606974cdb8edb54fa54b","name":"FC Barcelona Noticias","image":{"@type":"ImageObject","inLanguage":"en-US","@id":"https:\/\/secure.gravatar.com\/avatar\/?s=96&d=mm&r=g","url":"https:\/\/secure.gravatar.com\/avatar\/?s=96&d=mm&r=g","contentUrl":"https:\/\/secure.gravatar.com\/avatar\/?s=96&d=mm&r=g","caption":"FC Barcelona Noticias"},"url":"https:\/\/www.fcbarcelonanoticias.com\/en\/fc-barcelona\/fcbn-writing-fc-barcelona-news_6_115.html"}]}},"_links":{"self":[{"href":"https:\/\/www.fcbarcelonanoticias.com\/en\/wp-json\/wp\/v2\/posts\/17792","targetHints":{"allow":["GET"]}}],"collection":[{"href":"https:\/\/www.fcbarcelonanoticias.com\/en\/wp-json\/wp\/v2\/posts"}],"about":[{"href":"https:\/\/www.fcbarcelonanoticias.com\/en\/wp-json\/wp\/v2\/types\/post"}],"author":[{"embeddable":true,"href":"https:\/\/www.fcbarcelonanoticias.com\/en\/wp-json\/wp\/v2\/users\/353"}],"replies":[{"embeddable":true,"href":"https:\/\/www.fcbarcelonanoticias.com\/en\/wp-json\/wp\/v2\/comments?post=17792"}],"version-history":[{"count":1,"href":"https:\/\/www.fcbarcelonanoticias.com\/en\/wp-json\/wp\/v2\/posts\/17792\/revisions"}],"predecessor-version":[{"id":103962,"href":"https:\/\/www.fcbarcelonanoticias.com\/en\/wp-json\/wp\/v2\/posts\/17792\/revisions\/103962"}],"wp:featuredmedia":[{"embeddable":true,"href":"https:\/\/www.fcbarcelonanoticias.com\/en\/wp-json\/wp\/v2\/media\/17794"}],"wp:attachment":[{"href":"https:\/\/www.fcbarcelonanoticias.com\/en\/wp-json\/wp\/v2\/media?parent=17792"}],"wp:term":[{"taxonomy":"category","embeddable":true,"href":"https:\/\/www.fcbarcelonanoticias.com\/en\/wp-json\/wp\/v2\/categories?post=17792"},{"taxonomy":"post_tag","embeddable":true,"href":"https:\/\/www.fcbarcelonanoticias.com\/en\/wp-json\/wp\/v2\/tags?post=17792"}],"curies":[{"name":"wp","href":"https:\/\/api.w.org\/{rel}","templated":true}]}}