{"id":17812,"date":"2025-08-30T17:17:00","date_gmt":"2025-08-30T15:17:00","guid":{"rendered":"https:\/\/weisetech.dev\/fc-barcelona-noticias\/en\/gavi-out-misses-rayo-barca-and-the-fifa-date_314503_102\/"},"modified":"2026-04-16T09:04:19","modified_gmt":"2026-04-16T07:04:19","slug":"gavi-out-misses-rayo-barca-and-the-fifa-date_314503_102","status":"publish","type":"post","link":"https:\/\/www.fcbarcelonanoticias.com\/en\/fc-barcelona\/gavi-out-misses-rayo-barca-and-the-fifa-date_314503_102.html","title":{"rendered":"Gavi misses Rayo-Bar\u00e7a and the FIFA date: how long will he be out?"},"content":{"rendered":"<h2>Gavi presented discomfort in his right knee and will not be available for the match against Rayo Vallecano. He will also not be able to play with Spain in this FIFA date against Bulgaria and Turkey<\/h2>\n\n\r\n<div class=\"article-addons\">\r\n    <a href=\"https:\/\/www.fcbarcelonanoticias.com\/calendario-fcbarcelona.html\"\r\n       target=\"_self\"\r\n       title=\"Calendar of FC Barcelona\"\r\n       class=\"blue-gredient-btn\">\r\n       \r\n        Calendar of FC Barcelona    <\/a>\r\n<\/div>\n\n<div class=\"content-body\" style=\"height: auto !important;\">\n<p><a title=\"Gavi preocupa al Bar\u00e7a: baja contra el Rayo por molestias en la rodilla\" href=\"gavi-doubtful-against-rayo-due-to-knee-discomfort_314489_102.html\" target=\"_self\" rel=\"follow\" data-external=\"0\" data-intl-links-en=\"https:\/\/www.fcbarcelonanoticias.com\/en\/fc-barcelona\/gavi-doubtful-against-rayo-due-to-knee-discomfort_314489_102.html\" data-intl-links-es=\"https:\/\/www.fcbarcelonanoticias.com\/fc-barcelona\/gavi-preocupa-barca-molestias-rodilla-seria-duda-rayo_314489_102.html\">Gavi is injured<\/a> and is out for the match against Rayo Vallecano due to discomfort in his right knee. After the statement from <strong>FC Barcelona<\/strong>, the <strong>Spain<\/strong> national team also confirmed that he will not be available for the matches against <strong>Bulgaria and Turkey<\/strong> on September 4 and 7.<\/p>\n<p>The medical report from Bar\u00e7a indicated that <strong>the evolution of the &#8216;6&#8217; will determine availability.<\/strong> For this reason, the exact date of his return to the field is unknown, nor did he give details of its severity. However, La Roja decided to take precautions and decided to remove him from the call-up.<\/p>\n<p>So far, <strong>Luis de la Fuente<\/strong> has not chosen a player to replace the blaugrana midfielder for the next FIFA date.<\/p>\n<p>The other cul\u00e9 players who will be with the Spanish national team are <strong>Pedri, Dani Olmo, Ferm\u00edn L\u00f3pez, Pau Cubars\u00ed, Lamine Yamal and Ferran Torres.<\/strong><\/p>\n<div data-oembed-url=\"https:\/\/x.com\/SEFutbol\/status\/1961726556482441698\">\n<div class=\"twitter-tweet twitter-tweet-rendered\" style=\"width: 100%; margin: 10px auto; display: flex; max-width: 550px;\"><iframe id=\"twitter-widget-0\" class=\"\" style=\"position: static; visibility: visible; width: 550px; height: 775px; display: block; flex-grow: 1;\" title=\"X Post\" src=\"https:\/\/platform.twitter.com\/embed\/Tweet.html?dnt=true&amp;embedId=twitter-widget-0&amp;features=eyJ0ZndfdGltZWxpbmVfbGlzdCI6eyJidWNrZXQiOltdLCJ2ZXJzaW9uIjpudWxsfSwidGZ3X2ZvbGxvd2VyX2NvdW50X3N1bnNldCI6eyJidWNrZXQiOnRydWUsInZlcnNpb24iOm51bGx9LCJ0ZndfdHdlZXRfZWRpdF9iYWNrZW5kIjp7ImJ1Y2tldCI6Im9uIiwidmVyc2lvbiI6bnVsbH0sInRmd19yZWZzcmNfc2Vzc2lvbiI6eyJidWNrZXQiOiJvbiIsInZlcnNpb24iOm51bGx9LCJ0ZndfZm9zbnJfc29mdF9pbnRlcnZlbnRpb25zX2VuYWJsZWQiOnsiYnVja2V0Ijoib24iLCJ2ZXJzaW9uIjpudWxsfSwidGZ3X21peGVkX21lZGlhXzE1ODk3Ijp7ImJ1Y2tldCI6InRyZWF0bWVudCIsInZlcnNpb24iOm51bGx9LCJ0ZndfZXhwZXJpbWVudHNfY29va2llX2V4cGlyYXRpb24iOnsiYnVja2V0IjoxMjA5NjAwLCJ2ZXJzaW9uIjpudWxsfSwidGZ3X3Nob3dfYmlyZHdhdGNoX3Bpdm90c19lbmFibGVkIjp7ImJ1Y2tldCI6Im9uIiwidmVyc2lvbiI6bnVsbH0sInRmd19kdXBsaWNhdGVfc2NyaWJlc190b19zZXR0aW5ncyI6eyJidWNrZXQiOiJvbiIsInZlcnNpb24iOm51bGx9LCJ0ZndfdXNlX3Byb2ZpbGVfaW1hZ2Vfc2hhcGVfZW5hYmxlZCI6eyJidWNrZXQiOiJvbiIsInZlcnNpb24iOm51bGx9LCJ0ZndfdmlkZW9faGxzX2R5bmFtaWNfbWFuaWZlc3RzXzE1MDgyIjp7ImJ1Y2tldCI6InRydWVfYml0cmF0ZSIsInZlcnNpb24iOm51bGx9LCJ0ZndfbGVnYWN5X3RpbWVsaW5lX3N1bnNldCI6eyJidWNrZXQiOnRydWUsInZlcnNpb24iOm51bGx9LCJ0ZndfdHdlZXRfZWRpdF9mcm9udGVuZCI6eyJidWNrZXQiOiJvbiIsInZlcnNpb24iOm51bGx9fQ%3D%3D&amp;frame=false&amp;hideCard=false&amp;hideThread=false&amp;id=1961726556482441698&amp;lang=en&amp;origin=https%3A%2F%2Fwww.fcbarcelonanoticias.com%2Fen%2Ffc-barcelona%2Fgavi-out-misses-rayo-barca-and-the-fifa-date_314503_102.html&amp;sessionId=0871718eef207ce335c8dee74998344d48a45d4d&amp;theme=light&amp;widgetsVersion=2615f7e52b7e0%3A1702314776716&amp;width=550px\" frameborder=\"0\" scrolling=\"no\" allowfullscreen=\"allowfullscreen\" data-tweet-id=\"1961726556482441698\"><\/iframe><\/div>\n<script async=\"\" charset=\"utf-8\" src=\"https:\/\/platform.twitter.com\/widgets.js\"><\/script><\/div>\n<h2>Gavi will have two weeks of rest<\/h2>\n<p>According to information from &#8216;Mundo Deportivo&#8217;, the azulgrana team rules out a serious injury to <strong>Gavi&#8217;s<\/strong> right knee, but after what happened it has been decided not to call him up for the match against Rayo Vallecano.<\/p>\n<p>For this reason, the native of Los Palacios y Villafranca will have a couple of weeks of rest as a preventive measure to try to overcome these problems in the joint.<\/p>\n<p>Hansi Flick, commented in the press conference prior to the game against <strong>Rayo Vallecano<\/strong>, hopes that the midfielder will be recovered for the match against Valencia, after the break.<\/p>\n<blockquote>\n<p>&#8220;We hope he will be against Valencia, after the break, but we have to see how he evolves. He is better than yesterday. He has to focus and recover. On working and having discipline. We are optimistic&#8221;<\/p>\n<\/blockquote>\n<p>It should be noted that the Andalusian has played 66 minutes so far in <strong>LaLiga EA Sports 25\/26<\/strong> in two matches, 21&#8242; against Mallorca and 45&#8242; against Levante. In both matches he started from the bench.<\/p>\n<h2>Bar\u00e7a nor Spain want to take risks due to Gavi&#8217;s background<\/h2>\n<p>It is worth remembering that <strong>Gavi<\/strong> suffered a complete tear <strong>of the cruciate ligament in his right knee<\/strong> in 2023, the same one in which he has presented discomfort prior to the match against the franjirrojo team. In that sense, <strong>neither Bar\u00e7a nor La Roja want to take risks.<\/strong><\/p>\n<p>That event, which occurred in the Spain-Georgia match at the Jos\u00e9 Zorrilla stadium in Valladolid, <strong>kept him off the field for almost eleven months.<\/strong> He returned to play on October 20, 2024 against Sevilla in the tenth matchday of LaLiga 24\/25. The azulgrana club won that match with a resounding 5-1 playing at home.<\/p>\n<p>\u00a0<\/p>\n<\/div>","protected":false},"excerpt":{"rendered":"<p>Gavi presented discomfort in his right knee and will not be available for the match against Rayo Vallecano. He will also not be able to play with Spain in this FIFA date against Bulgaria and Turkey Gavi is injured and is out for the match against Rayo Vallecano due to discomfort in his right knee. [&hellip;]<\/p>\n","protected":false},"author":362,"featured_media":17814,"comment_status":"closed","ping_status":"open","sticky":false,"template":"","format":"standard","meta":{"_acf_changed":false,"inline_featured_image":false,"_nextfly_llmd_date_locked":false,"footnotes":""},"categories":[111,440],"tags":[187,340,84,400],"class_list":["post-17812","post","type-post","status-publish","format-standard","has-post-thumbnail","hentry","category-fc-barcelona","category-gavi","tag-gavi","tag-lesionados","tag-rayo-vallecano","tag-selecciones-nacionales"],"acf":[],"yoast_head":"<!-- This site is optimized with the Yoast SEO plugin v27.3 - https:\/\/yoast.com\/product\/yoast-seo-wordpress\/ -->\n<title>Gavi, out, misses Rayo-Bar\u00e7a and the FIFA date<\/title>\n<meta name=\"description\" content=\"Gavi presented discomfort in his right knee and will not be against Rayo Vallecano, nor will he play with Spain. Find out how long he will be out\" \/>\n<meta name=\"robots\" content=\"index, follow, max-snippet:-1, max-image-preview:large, max-video-preview:-1\" \/>\n<link rel=\"canonical\" href=\"https:\/\/www.fcbarcelonanoticias.com\/en\/fc-barcelona\/gavi-out-misses-rayo-barca-and-the-fifa-date_314503_102.html\" \/>\n<meta property=\"og:locale\" content=\"en_US\" \/>\n<meta property=\"og:type\" content=\"article\" \/>\n<meta property=\"og:title\" content=\"Gavi, out, misses Rayo-Bar\u00e7a and the FIFA date\" \/>\n<meta property=\"og:description\" content=\"Gavi presented discomfort in his right knee and will not be against Rayo Vallecano, nor will he play with Spain. Find out how long he will be out\" \/>\n<meta property=\"og:url\" content=\"https:\/\/www.fcbarcelonanoticias.com\/en\/fc-barcelona\/gavi-out-misses-rayo-barca-and-the-fifa-date_314503_102.html\" \/>\n<meta property=\"og:site_name\" content=\"EN - FC Barcelona Noticias\" \/>\n<meta property=\"article:published_time\" content=\"2025-08-30T15:17:00+00:00\" \/>\n<meta property=\"article:modified_time\" content=\"2026-04-16T07:04:19+00:00\" \/>\n<meta property=\"og:image\" content=\"https:\/\/www.fcbarcelonanoticias.com\/en\/wp-content\/uploads\/sites\/2\/2025\/08\/rcd-mallorca-v-fc-barcelona-laliga-ea-sports-4.webp\" \/>\n\t<meta property=\"og:image:width\" content=\"1200\" \/>\n\t<meta property=\"og:image:height\" content=\"675\" \/>\n\t<meta property=\"og:image:type\" content=\"image\/webp\" \/>\n<meta name=\"author\" content=\"Reinaldo David\" \/>\n<meta name=\"twitter:card\" content=\"summary_large_image\" \/>\n<meta name=\"twitter:label1\" content=\"Written by\" \/>\n\t<meta name=\"twitter:data1\" content=\"Reinaldo David\" \/>\n\t<meta name=\"twitter:label2\" content=\"Est. reading time\" \/>\n\t<meta name=\"twitter:data2\" content=\"3 minutes\" \/>\n<script type=\"application\/ld+json\" class=\"yoast-schema-graph\">{\"@context\":\"https:\\\/\\\/schema.org\",\"@graph\":[{\"@type\":\"Article\",\"@id\":\"https:\\\/\\\/www.fcbarcelonanoticias.com\\\/en\\\/fc-barcelona\\\/gavi-out-misses-rayo-barca-and-the-fifa-date_314503_102.html#article\",\"isPartOf\":{\"@id\":\"https:\\\/\\\/www.fcbarcelonanoticias.com\\\/en\\\/fc-barcelona\\\/gavi-out-misses-rayo-barca-and-the-fifa-date_314503_102.html\"},\"author\":{\"name\":\"Reinaldo David\",\"@id\":\"https:\\\/\\\/www.fcbarcelonanoticias.com\\\/en\\\/#\\\/schema\\\/person\\\/f7c2a90edfe1134cfd813911ba5c0178\"},\"headline\":\"Gavi misses Rayo-Bar\u00e7a and the FIFA date: how long will he be out?\",\"datePublished\":\"2025-08-30T15:17:00+00:00\",\"dateModified\":\"2026-04-16T07:04:19+00:00\",\"mainEntityOfPage\":{\"@id\":\"https:\\\/\\\/www.fcbarcelonanoticias.com\\\/en\\\/fc-barcelona\\\/gavi-out-misses-rayo-barca-and-the-fifa-date_314503_102.html\"},\"wordCount\":484,\"image\":{\"@id\":\"https:\\\/\\\/www.fcbarcelonanoticias.com\\\/en\\\/fc-barcelona\\\/gavi-out-misses-rayo-barca-and-the-fifa-date_314503_102.html#primaryimage\"},\"thumbnailUrl\":\"https:\\\/\\\/www.fcbarcelonanoticias.com\\\/en\\\/wp-content\\\/uploads\\\/sites\\\/2\\\/2025\\\/08\\\/rcd-mallorca-v-fc-barcelona-laliga-ea-sports-4.webp\",\"keywords\":[\"Gavi\",\"Lesionados\",\"Rayo Vallecano\",\"Selecciones Nacionales\"],\"articleSection\":[\"FC Barcelona\",\"Gavi\"],\"inLanguage\":\"en-US\"},{\"@type\":\"WebPage\",\"@id\":\"https:\\\/\\\/www.fcbarcelonanoticias.com\\\/en\\\/fc-barcelona\\\/gavi-out-misses-rayo-barca-and-the-fifa-date_314503_102.html\",\"url\":\"https:\\\/\\\/www.fcbarcelonanoticias.com\\\/en\\\/fc-barcelona\\\/gavi-out-misses-rayo-barca-and-the-fifa-date_314503_102.html\",\"name\":\"Gavi, out, misses Rayo-Bar\u00e7a and the FIFA date\",\"isPartOf\":{\"@id\":\"https:\\\/\\\/www.fcbarcelonanoticias.com\\\/en\\\/#website\"},\"primaryImageOfPage\":{\"@id\":\"https:\\\/\\\/www.fcbarcelonanoticias.com\\\/en\\\/fc-barcelona\\\/gavi-out-misses-rayo-barca-and-the-fifa-date_314503_102.html#primaryimage\"},\"image\":{\"@id\":\"https:\\\/\\\/www.fcbarcelonanoticias.com\\\/en\\\/fc-barcelona\\\/gavi-out-misses-rayo-barca-and-the-fifa-date_314503_102.html#primaryimage\"},\"thumbnailUrl\":\"https:\\\/\\\/www.fcbarcelonanoticias.com\\\/en\\\/wp-content\\\/uploads\\\/sites\\\/2\\\/2025\\\/08\\\/rcd-mallorca-v-fc-barcelona-laliga-ea-sports-4.webp\",\"datePublished\":\"2025-08-30T15:17:00+00:00\",\"dateModified\":\"2026-04-16T07:04:19+00:00\",\"author\":{\"@id\":\"https:\\\/\\\/www.fcbarcelonanoticias.com\\\/en\\\/#\\\/schema\\\/person\\\/f7c2a90edfe1134cfd813911ba5c0178\"},\"description\":\"Gavi presented discomfort in his right knee and will not be against Rayo Vallecano, nor will he play with Spain. Find out how long he will be out\",\"breadcrumb\":{\"@id\":\"https:\\\/\\\/www.fcbarcelonanoticias.com\\\/en\\\/fc-barcelona\\\/gavi-out-misses-rayo-barca-and-the-fifa-date_314503_102.html#breadcrumb\"},\"inLanguage\":\"en-US\",\"potentialAction\":[{\"@type\":\"ReadAction\",\"target\":[\"https:\\\/\\\/www.fcbarcelonanoticias.com\\\/en\\\/fc-barcelona\\\/gavi-out-misses-rayo-barca-and-the-fifa-date_314503_102.html\"]}]},{\"@type\":\"ImageObject\",\"inLanguage\":\"en-US\",\"@id\":\"https:\\\/\\\/www.fcbarcelonanoticias.com\\\/en\\\/fc-barcelona\\\/gavi-out-misses-rayo-barca-and-the-fifa-date_314503_102.html#primaryimage\",\"url\":\"https:\\\/\\\/www.fcbarcelonanoticias.com\\\/en\\\/wp-content\\\/uploads\\\/sites\\\/2\\\/2025\\\/08\\\/rcd-mallorca-v-fc-barcelona-laliga-ea-sports-4.webp\",\"contentUrl\":\"https:\\\/\\\/www.fcbarcelonanoticias.com\\\/en\\\/wp-content\\\/uploads\\\/sites\\\/2\\\/2025\\\/08\\\/rcd-mallorca-v-fc-barcelona-laliga-ea-sports-4.webp\",\"width\":1200,\"height\":675},{\"@type\":\"BreadcrumbList\",\"@id\":\"https:\\\/\\\/www.fcbarcelonanoticias.com\\\/en\\\/fc-barcelona\\\/gavi-out-misses-rayo-barca-and-the-fifa-date_314503_102.html#breadcrumb\",\"itemListElement\":[{\"@type\":\"ListItem\",\"position\":1,\"name\":\"Portada\",\"item\":\"https:\\\/\\\/www.fcbarcelonanoticias.com\\\/en\\\/\"},{\"@type\":\"ListItem\",\"position\":2,\"name\":\"Gavi misses Rayo-Bar\u00e7a and the FIFA date: how long will he be out?\"}]},{\"@type\":\"WebSite\",\"@id\":\"https:\\\/\\\/www.fcbarcelonanoticias.com\\\/en\\\/#website\",\"url\":\"https:\\\/\\\/www.fcbarcelonanoticias.com\\\/en\\\/\",\"name\":\"EN - FC Barcelona Noticias\",\"description\":\"\",\"potentialAction\":[{\"@type\":\"SearchAction\",\"target\":{\"@type\":\"EntryPoint\",\"urlTemplate\":\"https:\\\/\\\/www.fcbarcelonanoticias.com\\\/en\\\/?s={search_term_string}\"},\"query-input\":{\"@type\":\"PropertyValueSpecification\",\"valueRequired\":true,\"valueName\":\"search_term_string\"}}],\"inLanguage\":\"en-US\"},{\"@type\":\"Person\",\"@id\":\"https:\\\/\\\/www.fcbarcelonanoticias.com\\\/en\\\/#\\\/schema\\\/person\\\/f7c2a90edfe1134cfd813911ba5c0178\",\"name\":\"Reinaldo David\",\"image\":{\"@type\":\"ImageObject\",\"inLanguage\":\"en-US\",\"@id\":\"https:\\\/\\\/secure.gravatar.com\\\/avatar\\\/?s=96&d=mm&r=g\",\"url\":\"https:\\\/\\\/secure.gravatar.com\\\/avatar\\\/?s=96&d=mm&r=g\",\"contentUrl\":\"https:\\\/\\\/secure.gravatar.com\\\/avatar\\\/?s=96&d=mm&r=g\",\"caption\":\"Reinaldo David\"},\"description\":\"Licenciado en Periodismo y redactor en\u00a0FCBN. Encargado de traerte todos los d\u00edas\u00a0la \u00faltima hora del Bar\u00e7a y del mercado de traspasos. Analista de LaLiga, la Champions, la Copa del Rey tambi\u00e9n de las principales ligas y competiciones europeas.\",\"url\":\"https:\\\/\\\/www.fcbarcelonanoticias.com\\\/en\\\/reinaldo-david_37_115.html\"}]}<\/script>\n<!-- \/ Yoast SEO plugin. -->","yoast_head_json":{"title":"Gavi, out, misses Rayo-Bar\u00e7a and the FIFA date","description":"Gavi presented discomfort in his right knee and will not be against Rayo Vallecano, nor will he play with Spain. Find out how long he will be out","robots":{"index":"index","follow":"follow","max-snippet":"max-snippet:-1","max-image-preview":"max-image-preview:large","max-video-preview":"max-video-preview:-1"},"canonical":"https:\/\/www.fcbarcelonanoticias.com\/en\/fc-barcelona\/gavi-out-misses-rayo-barca-and-the-fifa-date_314503_102.html","og_locale":"en_US","og_type":"article","og_title":"Gavi, out, misses Rayo-Bar\u00e7a and the FIFA date","og_description":"Gavi presented discomfort in his right knee and will not be against Rayo Vallecano, nor will he play with Spain. Find out how long he will be out","og_url":"https:\/\/www.fcbarcelonanoticias.com\/en\/fc-barcelona\/gavi-out-misses-rayo-barca-and-the-fifa-date_314503_102.html","og_site_name":"EN - FC Barcelona Noticias","article_published_time":"2025-08-30T15:17:00+00:00","article_modified_time":"2026-04-16T07:04:19+00:00","og_image":[{"width":1200,"height":675,"url":"https:\/\/www.fcbarcelonanoticias.com\/en\/wp-content\/uploads\/sites\/2\/2025\/08\/rcd-mallorca-v-fc-barcelona-laliga-ea-sports-4.webp","type":"image\/webp"}],"author":"Reinaldo David","twitter_card":"summary_large_image","twitter_misc":{"Written by":"Reinaldo David","Est. reading time":"3 minutes"},"schema":{"@context":"https:\/\/schema.org","@graph":[{"@type":"Article","@id":"https:\/\/www.fcbarcelonanoticias.com\/en\/fc-barcelona\/gavi-out-misses-rayo-barca-and-the-fifa-date_314503_102.html#article","isPartOf":{"@id":"https:\/\/www.fcbarcelonanoticias.com\/en\/fc-barcelona\/gavi-out-misses-rayo-barca-and-the-fifa-date_314503_102.html"},"author":{"name":"Reinaldo David","@id":"https:\/\/www.fcbarcelonanoticias.com\/en\/#\/schema\/person\/f7c2a90edfe1134cfd813911ba5c0178"},"headline":"Gavi misses Rayo-Bar\u00e7a and the FIFA date: how long will he be out?","datePublished":"2025-08-30T15:17:00+00:00","dateModified":"2026-04-16T07:04:19+00:00","mainEntityOfPage":{"@id":"https:\/\/www.fcbarcelonanoticias.com\/en\/fc-barcelona\/gavi-out-misses-rayo-barca-and-the-fifa-date_314503_102.html"},"wordCount":484,"image":{"@id":"https:\/\/www.fcbarcelonanoticias.com\/en\/fc-barcelona\/gavi-out-misses-rayo-barca-and-the-fifa-date_314503_102.html#primaryimage"},"thumbnailUrl":"https:\/\/www.fcbarcelonanoticias.com\/en\/wp-content\/uploads\/sites\/2\/2025\/08\/rcd-mallorca-v-fc-barcelona-laliga-ea-sports-4.webp","keywords":["Gavi","Lesionados","Rayo Vallecano","Selecciones Nacionales"],"articleSection":["FC Barcelona","Gavi"],"inLanguage":"en-US"},{"@type":"WebPage","@id":"https:\/\/www.fcbarcelonanoticias.com\/en\/fc-barcelona\/gavi-out-misses-rayo-barca-and-the-fifa-date_314503_102.html","url":"https:\/\/www.fcbarcelonanoticias.com\/en\/fc-barcelona\/gavi-out-misses-rayo-barca-and-the-fifa-date_314503_102.html","name":"Gavi, out, misses Rayo-Bar\u00e7a and the FIFA date","isPartOf":{"@id":"https:\/\/www.fcbarcelonanoticias.com\/en\/#website"},"primaryImageOfPage":{"@id":"https:\/\/www.fcbarcelonanoticias.com\/en\/fc-barcelona\/gavi-out-misses-rayo-barca-and-the-fifa-date_314503_102.html#primaryimage"},"image":{"@id":"https:\/\/www.fcbarcelonanoticias.com\/en\/fc-barcelona\/gavi-out-misses-rayo-barca-and-the-fifa-date_314503_102.html#primaryimage"},"thumbnailUrl":"https:\/\/www.fcbarcelonanoticias.com\/en\/wp-content\/uploads\/sites\/2\/2025\/08\/rcd-mallorca-v-fc-barcelona-laliga-ea-sports-4.webp","datePublished":"2025-08-30T15:17:00+00:00","dateModified":"2026-04-16T07:04:19+00:00","author":{"@id":"https:\/\/www.fcbarcelonanoticias.com\/en\/#\/schema\/person\/f7c2a90edfe1134cfd813911ba5c0178"},"description":"Gavi presented discomfort in his right knee and will not be against Rayo Vallecano, nor will he play with Spain. Find out how long he will be out","breadcrumb":{"@id":"https:\/\/www.fcbarcelonanoticias.com\/en\/fc-barcelona\/gavi-out-misses-rayo-barca-and-the-fifa-date_314503_102.html#breadcrumb"},"inLanguage":"en-US","potentialAction":[{"@type":"ReadAction","target":["https:\/\/www.fcbarcelonanoticias.com\/en\/fc-barcelona\/gavi-out-misses-rayo-barca-and-the-fifa-date_314503_102.html"]}]},{"@type":"ImageObject","inLanguage":"en-US","@id":"https:\/\/www.fcbarcelonanoticias.com\/en\/fc-barcelona\/gavi-out-misses-rayo-barca-and-the-fifa-date_314503_102.html#primaryimage","url":"https:\/\/www.fcbarcelonanoticias.com\/en\/wp-content\/uploads\/sites\/2\/2025\/08\/rcd-mallorca-v-fc-barcelona-laliga-ea-sports-4.webp","contentUrl":"https:\/\/www.fcbarcelonanoticias.com\/en\/wp-content\/uploads\/sites\/2\/2025\/08\/rcd-mallorca-v-fc-barcelona-laliga-ea-sports-4.webp","width":1200,"height":675},{"@type":"BreadcrumbList","@id":"https:\/\/www.fcbarcelonanoticias.com\/en\/fc-barcelona\/gavi-out-misses-rayo-barca-and-the-fifa-date_314503_102.html#breadcrumb","itemListElement":[{"@type":"ListItem","position":1,"name":"Portada","item":"https:\/\/www.fcbarcelonanoticias.com\/en\/"},{"@type":"ListItem","position":2,"name":"Gavi misses Rayo-Bar\u00e7a and the FIFA date: how long will he be out?"}]},{"@type":"WebSite","@id":"https:\/\/www.fcbarcelonanoticias.com\/en\/#website","url":"https:\/\/www.fcbarcelonanoticias.com\/en\/","name":"EN - FC Barcelona Noticias","description":"","potentialAction":[{"@type":"SearchAction","target":{"@type":"EntryPoint","urlTemplate":"https:\/\/www.fcbarcelonanoticias.com\/en\/?s={search_term_string}"},"query-input":{"@type":"PropertyValueSpecification","valueRequired":true,"valueName":"search_term_string"}}],"inLanguage":"en-US"},{"@type":"Person","@id":"https:\/\/www.fcbarcelonanoticias.com\/en\/#\/schema\/person\/f7c2a90edfe1134cfd813911ba5c0178","name":"Reinaldo David","image":{"@type":"ImageObject","inLanguage":"en-US","@id":"https:\/\/secure.gravatar.com\/avatar\/?s=96&d=mm&r=g","url":"https:\/\/secure.gravatar.com\/avatar\/?s=96&d=mm&r=g","contentUrl":"https:\/\/secure.gravatar.com\/avatar\/?s=96&d=mm&r=g","caption":"Reinaldo David"},"description":"Licenciado en Periodismo y redactor en\u00a0FCBN. Encargado de traerte todos los d\u00edas\u00a0la \u00faltima hora del Bar\u00e7a y del mercado de traspasos. Analista de LaLiga, la Champions, la Copa del Rey tambi\u00e9n de las principales ligas y competiciones europeas.","url":"https:\/\/www.fcbarcelonanoticias.com\/en\/reinaldo-david_37_115.html"}]}},"_links":{"self":[{"href":"https:\/\/www.fcbarcelonanoticias.com\/en\/wp-json\/wp\/v2\/posts\/17812","targetHints":{"allow":["GET"]}}],"collection":[{"href":"https:\/\/www.fcbarcelonanoticias.com\/en\/wp-json\/wp\/v2\/posts"}],"about":[{"href":"https:\/\/www.fcbarcelonanoticias.com\/en\/wp-json\/wp\/v2\/types\/post"}],"author":[{"embeddable":true,"href":"https:\/\/www.fcbarcelonanoticias.com\/en\/wp-json\/wp\/v2\/users\/362"}],"replies":[{"embeddable":true,"href":"https:\/\/www.fcbarcelonanoticias.com\/en\/wp-json\/wp\/v2\/comments?post=17812"}],"version-history":[{"count":6,"href":"https:\/\/www.fcbarcelonanoticias.com\/en\/wp-json\/wp\/v2\/posts\/17812\/revisions"}],"predecessor-version":[{"id":163577,"href":"https:\/\/www.fcbarcelonanoticias.com\/en\/wp-json\/wp\/v2\/posts\/17812\/revisions\/163577"}],"wp:featuredmedia":[{"embeddable":true,"href":"https:\/\/www.fcbarcelonanoticias.com\/en\/wp-json\/wp\/v2\/media\/17814"}],"wp:attachment":[{"href":"https:\/\/www.fcbarcelonanoticias.com\/en\/wp-json\/wp\/v2\/media?parent=17812"}],"wp:term":[{"taxonomy":"category","embeddable":true,"href":"https:\/\/www.fcbarcelonanoticias.com\/en\/wp-json\/wp\/v2\/categories?post=17812"},{"taxonomy":"post_tag","embeddable":true,"href":"https:\/\/www.fcbarcelonanoticias.com\/en\/wp-json\/wp\/v2\/tags?post=17812"}],"curies":[{"name":"wp","href":"https:\/\/api.w.org\/{rel}","templated":true}]}}