{"id":18058,"date":"2023-12-21T10:19:00","date_gmt":"2023-12-21T09:19:00","guid":{"rendered":"https:\/\/weisetech.dev\/fc-barcelona-noticias\/en\/favourable-sentence-for-the-barca-the-court-of-the-eu-admits-the-project-of-the-superliga_299235_102\/"},"modified":"2023-12-22T06:20:00","modified_gmt":"2023-12-22T05:20:00","slug":"favourable-sentence-for-the-barca-the-court-of-the-eu-admits-the-project-of-the-superliga_299235_102","status":"publish","type":"post","link":"https:\/\/www.fcbarcelonanoticias.com\/en\/fc-barcelona\/favourable-sentence-for-the-barca-the-court-of-the-eu-admits-the-project-of-the-superliga_299235_102.html","title":{"rendered":"A favourable sentence for Bar\u00e7a! EU Court upholds Super League project"},"content":{"rendered":"<h2 class=\"wp-block-heading\">This Thursday has arrived the day that can change the course of the modern European football. The Superliga, like project, has been backed by the Court of Justice of the EU and for Bar\u00e7a and Madrid are news very positive<\/h2>  \r\n<div class=\"article-addons\">\r\n    <a href=\"https:\/\/www.fcbarcelonanoticias.com\/en\/calendar-fc-barcelona.html\"\r\n       target=\"_self\"\r\n       title=\"Calendar of FC Barcelona\"\r\n       class=\"blue-gredient-btn\">\r\n       \r\n        Calendar of FC Barcelona    <\/a>\r\n<\/div>   <p>Finally it has arrived the day that the FC Barcelona, and the Real Madrid, had been expecting. This Thursday the Court of Justice of the European Union finally has communicated his sentence with regard to the project of the Superliga and the news have not been able to be better for both Spanish clubs, as well as all those that decide to return to the idea of the new European tournament. <strong>The Court has decided that it treats of a position of abuse of the UEFA, considering to the European organism like a monopoly and leaving clear that does not have right to sanction to the clubs that pretend to create other competitions.<\/strong><\/p>  <p>Therefore, The UEFA no longer can sanction to Bar\u00e7a and Madrid without participating in the Champions in the case that the two entities decide to go on with his idea to have a new tournament, by and for the clubs. <strong>In front of this, have not taken in arriving the reactions, in this case of Bernd Reichart, CEO of To22, the company commissioned to manage the Superliga right now. <\/strong>We have won the right to compete. The monopoly of the UEFA has finished. The football is FREE&#8221;, prays initially the communiqu\u00e9 of Reichart.<\/p>  <p>&#8220;Now the clubs no longer will suffer threats and sanctions. They are free to decide his own future. For the fans: we go to issue free all the parties of the Superliga. For the clubs: the income of the clubs and the payments in solidarity with the football are guaranteeed. For the fans: we go to issue free all the parties of the Superliga. <strong>For the clubs: the income of the clubs and the payments in solidarity with the football are guaranteeed&#8221;, adds the communiqu\u00e9, leaving clear that the project has very clear his intentions. <\/strong><\/p>  <blockquote class=\"twitter-tweet\"> <p dir=\"ltr\" lang=\"es\">&#8220;We have won the right to compete. The monopoly of the UEFA has finished. The football is FREE. Now the clubs no longer will suffer threats and sanctions. They are free to decide his own future&#8221;, Bernd Reichart, CEO of To22, on the decision of the TJUE. 1\/4<\/p> \u2014 To22 Sports (@To22Sports) <a href=\"https:\/\/twitter.com\/en\/A22Sports\/status\/1737758322084938152?ref_src=twsrc%5Etfw\">December 21, 2023<\/a> <\/blockquote> <h2>The communiqu\u00e9 integrate of the Court of Justice of the EU<\/h2>  <p>&#8220;The norms of the F\u00e9d\u00e9ration internationale of football association (FIFA) and of the Union give associations europ\u00e9ennes of football (UEFA) that supeditan to his previous permission any project of new competition of football of clubs, <strong>like the Superliga, and that forbid to the clubs and to the players participate in the same, with penalty of sanctions, are illegal&#8230;<\/strong><\/p>  <p>This is due to that the faculties of the FIFA and of the UEFA are not subject to any criterion that guarantee his transparent character, aim, no discriminatory and proportionate. <strong>Likewise, the norms that attribute to the FIFA and to the UEFA an exclusive control on the commercial exploitation of the rights derived of these competitions can restrict the competition,<\/strong> habida explains of the importance that these last have for the media, the consumers and the viewers&#8221;.<\/p>  <h2>A decision that can mark a before and an afterwards in the football<\/h2>  <p>The decision of the Big Room, that answers to the interrogantes prejudiciales posed by the Mercantile Court Number17 of Madrid and can not resort, contradicts the opinion of the general lawyer assigned to the case, that when publishing his conclusions no vinculantes does a year argued that the UEFA and the FIFA acted according to right. However, <strong>the Court has wanted to leave clear that the norms of the FIFA and the UEFA have an exclusive control on the commercial exploitation of the rights of the already existent competitions. <\/strong><\/p>  <h2>Bar\u00e7a and Madrid have fixed his position quickly<\/h2>  <p><a data-external=\"0\" data-intl-links-en=\"https:\/\/www.fcbarcelonanoticias.com\/en\/fc-barcelona\/clear-message-laporta-confirms-that-the-super-league-is-the-best-for-barca_299237_102.html\" data-intl-links-es=\"https:\/\/www.fcbarcelonanoticias.com\/fc-barcelona\/mensaje-claro-laporta-confirma-superliga-es-mejor-barca_299237_102.html\" href=\"https:\/\/www.fcbarcelonanoticias.com\/en\/fc-barcelona\/clear-message-laporta-confirms-that-the-super-league-is-the-best-for-barca_299237_102.html\" rel=\"follow\" target=\"_self\" title=\"\u00a1Mensaje claro! Laporta confirma que la Superliga es lo mejor para el Bar\u00e7a\">The group barcelonista did not doubt in pronouncing <\/a> by means of the writing and also with a video of Joan Laporta. <strong>The president was very clear in his intervention and ensured that the Superliga European is the best for the future of all the clubs, between them of course the FC Barcelona<\/strong>, that need greater income for his survival. Besides, it confirmed that this failure leaves without arguments <a data-external=\"0\" data-intl-links-en=\"https:\/\/www.fcbarcelonanoticias.com\/en\/international-football\/uefa-makes-clear-that-the-superliga-still-not-legal-and-takes-out-breast-for-his-management_299241_102.html\" data-intl-links-es=\"https:\/\/www.fcbarcelonanoticias.com\/futbol-internacional\/uefa-deja-claro-superliga-sigue-sin-ser-legal-saca-pecho-por-su-gestion_299241_102.html\" href=\"https:\/\/www.fcbarcelonanoticias.com\/en\/international-football\/uefa-makes-clear-that-the-superliga-still-not-legal-and-takes-out-breast-for-his-management_299241_102.html\" rel=\"follow\" target=\"_self\" title=\"La UEFA deja claro que la Superliga sigue sin ser 'legal' y saca pecho&nbsp;por&nbsp;su&nbsp;gesti\u00f3n\">to the UEFA<\/a> and the FIFA, that up to now had the monopoly of everything.<\/p>  <p>By his part, the Real Madrid, <a data-external=\"0\" data-intl-links-en=\"https:\/\/www.fcbarcelonanoticias.com\/en\/real-madrid\/florentino-perez-proud-and-excited-about-the-ruling-on-the-super-league_299238_102.html\" data-intl-links-es=\"https:\/\/www.fcbarcelonanoticias.com\/real-madrid\/florentino-perez-orgulloso-ilusionado-con-fallo-sobre-superliga_299238_102.html\" href=\"https:\/\/www.fcbarcelonanoticias.com\/en\/real-madrid\/florentino-perez-proud-and-excited-about-the-ruling-on-the-super-league_299238_102.html\" rel=\"follow\" target=\"_self\" title=\"Florentino P\u00e9rez, orgulloso e ilusionado con el fallo sobre la Superliga\">with Florentino P\u00e9rez like spokesman<\/a>, signalled that &#8220;in the next days will study carefully the scope of this, of big historical transcendence. <strong>The European football never will be a monopoly, and from today the clubs will be the owners of his destination<\/strong>. We see us able to promote the competitions that consider. It has triumphed the Europe of the freedoms&#8221;, expressed the mandator merengue.<\/p>  <h2>Reactions from LaLiga<\/h2>  <p>In a line of time very similar, LaLiga, and especially his president Javier Thebes, decided <a data-external=\"0\" data-intl-links-en=\"https:\/\/www.fcbarcelonanoticias.com\/en\/laliga\/javier-tebas-and-laliga-react-euphorically-to-the-court-decision-on-the-superliga_299236_102.html\" data-intl-links-es=\"https:\/\/www.fcbarcelonanoticias.com\/laliga\/javier-tebas-laliga-reaccionan-euforicamente-fallo-tribunal-sobre-superliga_299236_102.html\" href=\"https:\/\/www.fcbarcelonanoticias.com\/en\/laliga\/javier-tebas-and-laliga-react-euphorically-to-the-court-decision-on-the-superliga_299236_102.html\" rel=\"follow\" target=\"_self\" title=\"Tebas y LaLiga reaccionan con dureza al fallo del Tribunal sobre la Superliga\">to pronounce regarding the court&#8217;s decision<\/a>. The patronal of the Spanish football left quickly a communiqu\u00e9 in which <strong>it affirmed that &#8220;the Superliga is a selfish and elitist model&#8221; and that &#8220;all format that was not totally open, with direct access, year to year, via domestic leagues, is an enclosed model&#8221;, ensured in a posture that accompanied his maximum mandator from his official account of X.<\/strong><\/p>  <p>From LaLiga stick to that it splits of the sentence of the court with headquarters in Luxembourg stood out that &#8220;a competition like the one of the project of the Superliga does not have to be necessarily authorised&#8221;. The precise Court that <strong>&#8220;when having him posed questions of general character about the norms of the FIFA and of the UEFA, the Court of Justice does not pronounce , in his sentence, on this specific project&#8221;.<\/strong><\/p>  <p>&#8220;So that it remain clear, there are not doubts and any equivocadamente go to reopen the bar to drink cubatas until the 5 of the morning as it seems that it has been Bern Reichart CEO tonight. <strong>The TJUE says that the norms of admission of competitions of FIFA and UEFA are transparent, but no that the same have to admit to the Superliga&#8221;,<\/strong> stood out a Thebes that happened quickly to a position of attack in front of To22, the company commissioned to promote the Superliga.<\/p> ","protected":false},"excerpt":{"rendered":"<p>This Thursday has arrived the day that can change the course of the modern European football. The Superliga, like project, has been backed by the Court of Justice of the EU and for Bar\u00e7a and Madrid are news very positive Finally it has arrived the day that the FC Barcelona, and the Real Madrid, had [&hellip;]<\/p>\n","protected":false},"author":345,"featured_media":18059,"comment_status":"closed","ping_status":"open","sticky":false,"template":"","format":"standard","meta":{"_acf_changed":false,"inline_featured_image":false,"_nextfly_llmd_date_locked":false,"footnotes":""},"categories":[111],"tags":[162,177,99,158,54],"class_list":["post-18058","post","type-post","status-publish","format-standard","has-post-thumbnail","hentry","category-fc-barcelona","tag-fifa","tag-florentino-perez","tag-javier-thebes","tag-joan-laporta","tag-uefa"],"acf":[],"yoast_head":"<!-- This site is optimized with the Yoast SEO plugin v27.3 - https:\/\/yoast.com\/product\/yoast-seo-wordpress\/ -->\n<title>A favourable sentence for Bar\u00e7a! EU Court upholds Super League project<\/title>\n<meta name=\"description\" content=\"This Thursday has arrived the day that can change the course of the modern European football. The Superliga, like project, has been backed by the Court of Justice of the EU and for Bar\u00e7a and Madrid are news very positive\" \/>\n<meta name=\"robots\" content=\"index, follow, max-snippet:-1, max-image-preview:large, max-video-preview:-1\" \/>\n<link rel=\"canonical\" href=\"https:\/\/www.fcbarcelonanoticias.com\/en\/fc-barcelona\/favourable-sentence-for-the-barca-the-court-of-the-eu-admits-the-project-of-the-superliga_299235_102.html\" \/>\n<meta property=\"og:locale\" content=\"en_US\" \/>\n<meta property=\"og:type\" content=\"article\" \/>\n<meta property=\"og:title\" content=\"A favourable sentence for Bar\u00e7a! EU Court upholds Super League project\" \/>\n<meta property=\"og:description\" content=\"This Thursday has arrived the day that can change the course of the modern European football. The Superliga, like project, has been backed by the Court of Justice of the EU and for Bar\u00e7a and Madrid are news very positive\" \/>\n<meta property=\"og:url\" content=\"https:\/\/www.fcbarcelonanoticias.com\/en\/fc-barcelona\/favourable-sentence-for-the-barca-the-court-of-the-eu-admits-the-project-of-the-superliga_299235_102.html\" \/>\n<meta property=\"og:site_name\" content=\"EN - FC Barcelona Noticias\" \/>\n<meta property=\"article:published_time\" content=\"2023-12-21T09:19:00+00:00\" \/>\n<meta property=\"article:modified_time\" content=\"2023-12-22T05:20:00+00:00\" \/>\n<meta property=\"og:image\" content=\"https:\/\/www.fcbarcelonanoticias.com\/en\/wp-content\/uploads\/sites\/2\/2023\/12\/super-liga-de-europa.jpeg\" \/>\n\t<meta property=\"og:image:width\" content=\"641\" \/>\n\t<meta property=\"og:image:height\" content=\"361\" \/>\n\t<meta property=\"og:image:type\" content=\"image\/jpeg\" \/>\n<meta name=\"author\" content=\"Carlos Montenegro\" \/>\n<meta name=\"twitter:card\" content=\"summary_large_image\" \/>\n<meta name=\"twitter:label1\" content=\"Written by\" \/>\n\t<meta name=\"twitter:data1\" content=\"Carlos Montenegro\" \/>\n\t<meta name=\"twitter:label2\" content=\"Est. reading time\" \/>\n\t<meta name=\"twitter:data2\" content=\"5 minutes\" \/>\n<script type=\"application\/ld+json\" class=\"yoast-schema-graph\">{\"@context\":\"https:\\\/\\\/schema.org\",\"@graph\":[{\"@type\":\"Article\",\"@id\":\"https:\\\/\\\/www.fcbarcelonanoticias.com\\\/en\\\/fc-barcelona\\\/favourable-sentence-for-the-barca-the-court-of-the-eu-admits-the-project-of-the-superliga_299235_102.html#article\",\"isPartOf\":{\"@id\":\"https:\\\/\\\/www.fcbarcelonanoticias.com\\\/en\\\/fc-barcelona\\\/favourable-sentence-for-the-barca-the-court-of-the-eu-admits-the-project-of-the-superliga_299235_102.html\"},\"author\":{\"name\":\"Carlos Montenegro\",\"@id\":\"https:\\\/\\\/www.fcbarcelonanoticias.com\\\/en\\\/#\\\/schema\\\/person\\\/aa1d038709c262cb247e240f6b39bbf5\"},\"headline\":\"A favourable sentence for Bar\u00e7a! EU Court upholds Super League project\",\"datePublished\":\"2023-12-21T09:19:00+00:00\",\"dateModified\":\"2023-12-22T05:20:00+00:00\",\"mainEntityOfPage\":{\"@id\":\"https:\\\/\\\/www.fcbarcelonanoticias.com\\\/en\\\/fc-barcelona\\\/favourable-sentence-for-the-barca-the-court-of-the-eu-admits-the-project-of-the-superliga_299235_102.html\"},\"wordCount\":1066,\"image\":{\"@id\":\"https:\\\/\\\/www.fcbarcelonanoticias.com\\\/en\\\/fc-barcelona\\\/favourable-sentence-for-the-barca-the-court-of-the-eu-admits-the-project-of-the-superliga_299235_102.html#primaryimage\"},\"thumbnailUrl\":\"https:\\\/\\\/www.fcbarcelonanoticias.com\\\/en\\\/wp-content\\\/uploads\\\/sites\\\/2\\\/2023\\\/12\\\/super-liga-de-europa.jpeg\",\"keywords\":[\"FIFA\",\"Florentino P\u00e9rez\",\"Javier Thebes\",\"Joan Laporta\",\"UEFA\"],\"articleSection\":[\"FC Barcelona\"],\"inLanguage\":\"en-US\"},{\"@type\":\"WebPage\",\"@id\":\"https:\\\/\\\/www.fcbarcelonanoticias.com\\\/en\\\/fc-barcelona\\\/favourable-sentence-for-the-barca-the-court-of-the-eu-admits-the-project-of-the-superliga_299235_102.html\",\"url\":\"https:\\\/\\\/www.fcbarcelonanoticias.com\\\/en\\\/fc-barcelona\\\/favourable-sentence-for-the-barca-the-court-of-the-eu-admits-the-project-of-the-superliga_299235_102.html\",\"name\":\"A favourable sentence for Bar\u00e7a! EU Court upholds Super League project\",\"isPartOf\":{\"@id\":\"https:\\\/\\\/www.fcbarcelonanoticias.com\\\/en\\\/#website\"},\"primaryImageOfPage\":{\"@id\":\"https:\\\/\\\/www.fcbarcelonanoticias.com\\\/en\\\/fc-barcelona\\\/favourable-sentence-for-the-barca-the-court-of-the-eu-admits-the-project-of-the-superliga_299235_102.html#primaryimage\"},\"image\":{\"@id\":\"https:\\\/\\\/www.fcbarcelonanoticias.com\\\/en\\\/fc-barcelona\\\/favourable-sentence-for-the-barca-the-court-of-the-eu-admits-the-project-of-the-superliga_299235_102.html#primaryimage\"},\"thumbnailUrl\":\"https:\\\/\\\/www.fcbarcelonanoticias.com\\\/en\\\/wp-content\\\/uploads\\\/sites\\\/2\\\/2023\\\/12\\\/super-liga-de-europa.jpeg\",\"datePublished\":\"2023-12-21T09:19:00+00:00\",\"dateModified\":\"2023-12-22T05:20:00+00:00\",\"author\":{\"@id\":\"https:\\\/\\\/www.fcbarcelonanoticias.com\\\/en\\\/#\\\/schema\\\/person\\\/aa1d038709c262cb247e240f6b39bbf5\"},\"description\":\"This Thursday has arrived the day that can change the course of the modern European football. The Superliga, like project, has been backed by the Court of Justice of the EU and for Bar\u00e7a and Madrid are news very positive\",\"breadcrumb\":{\"@id\":\"https:\\\/\\\/www.fcbarcelonanoticias.com\\\/en\\\/fc-barcelona\\\/favourable-sentence-for-the-barca-the-court-of-the-eu-admits-the-project-of-the-superliga_299235_102.html#breadcrumb\"},\"inLanguage\":\"en-US\",\"potentialAction\":[{\"@type\":\"ReadAction\",\"target\":[\"https:\\\/\\\/www.fcbarcelonanoticias.com\\\/en\\\/fc-barcelona\\\/favourable-sentence-for-the-barca-the-court-of-the-eu-admits-the-project-of-the-superliga_299235_102.html\"]}]},{\"@type\":\"ImageObject\",\"inLanguage\":\"en-US\",\"@id\":\"https:\\\/\\\/www.fcbarcelonanoticias.com\\\/en\\\/fc-barcelona\\\/favourable-sentence-for-the-barca-the-court-of-the-eu-admits-the-project-of-the-superliga_299235_102.html#primaryimage\",\"url\":\"https:\\\/\\\/www.fcbarcelonanoticias.com\\\/en\\\/wp-content\\\/uploads\\\/sites\\\/2\\\/2023\\\/12\\\/super-liga-de-europa.jpeg\",\"contentUrl\":\"https:\\\/\\\/www.fcbarcelonanoticias.com\\\/en\\\/wp-content\\\/uploads\\\/sites\\\/2\\\/2023\\\/12\\\/super-liga-de-europa.jpeg\",\"width\":641,\"height\":361},{\"@type\":\"BreadcrumbList\",\"@id\":\"https:\\\/\\\/www.fcbarcelonanoticias.com\\\/en\\\/fc-barcelona\\\/favourable-sentence-for-the-barca-the-court-of-the-eu-admits-the-project-of-the-superliga_299235_102.html#breadcrumb\",\"itemListElement\":[{\"@type\":\"ListItem\",\"position\":1,\"name\":\"Portada\",\"item\":\"https:\\\/\\\/www.fcbarcelonanoticias.com\\\/en\\\/\"},{\"@type\":\"ListItem\",\"position\":2,\"name\":\"A favourable sentence for Bar\u00e7a! EU Court upholds Super League project\"}]},{\"@type\":\"WebSite\",\"@id\":\"https:\\\/\\\/www.fcbarcelonanoticias.com\\\/en\\\/#website\",\"url\":\"https:\\\/\\\/www.fcbarcelonanoticias.com\\\/en\\\/\",\"name\":\"EN - FC Barcelona Noticias\",\"description\":\"\",\"potentialAction\":[{\"@type\":\"SearchAction\",\"target\":{\"@type\":\"EntryPoint\",\"urlTemplate\":\"https:\\\/\\\/www.fcbarcelonanoticias.com\\\/en\\\/?s={search_term_string}\"},\"query-input\":{\"@type\":\"PropertyValueSpecification\",\"valueRequired\":true,\"valueName\":\"search_term_string\"}}],\"inLanguage\":\"en-US\"},{\"@type\":\"Person\",\"@id\":\"https:\\\/\\\/www.fcbarcelonanoticias.com\\\/en\\\/#\\\/schema\\\/person\\\/aa1d038709c262cb247e240f6b39bbf5\",\"name\":\"Carlos Montenegro\",\"image\":{\"@type\":\"ImageObject\",\"inLanguage\":\"en-US\",\"@id\":\"https:\\\/\\\/secure.gravatar.com\\\/avatar\\\/?s=96&d=mm&r=g\",\"url\":\"https:\\\/\\\/secure.gravatar.com\\\/avatar\\\/?s=96&d=mm&r=g\",\"contentUrl\":\"https:\\\/\\\/secure.gravatar.com\\\/avatar\\\/?s=96&d=mm&r=g\",\"caption\":\"Carlos Montenegro\"},\"url\":\"https:\\\/\\\/www.fcbarcelonanoticias.com\\\/en\\\/carlos-montenegro_20_115.html\"}]}<\/script>\n<!-- \/ Yoast SEO plugin. -->","yoast_head_json":{"title":"A favourable sentence for Bar\u00e7a! EU Court upholds Super League project","description":"This Thursday has arrived the day that can change the course of the modern European football. The Superliga, like project, has been backed by the Court of Justice of the EU and for Bar\u00e7a and Madrid are news very positive","robots":{"index":"index","follow":"follow","max-snippet":"max-snippet:-1","max-image-preview":"max-image-preview:large","max-video-preview":"max-video-preview:-1"},"canonical":"https:\/\/www.fcbarcelonanoticias.com\/en\/fc-barcelona\/favourable-sentence-for-the-barca-the-court-of-the-eu-admits-the-project-of-the-superliga_299235_102.html","og_locale":"en_US","og_type":"article","og_title":"A favourable sentence for Bar\u00e7a! EU Court upholds Super League project","og_description":"This Thursday has arrived the day that can change the course of the modern European football. The Superliga, like project, has been backed by the Court of Justice of the EU and for Bar\u00e7a and Madrid are news very positive","og_url":"https:\/\/www.fcbarcelonanoticias.com\/en\/fc-barcelona\/favourable-sentence-for-the-barca-the-court-of-the-eu-admits-the-project-of-the-superliga_299235_102.html","og_site_name":"EN - FC Barcelona Noticias","article_published_time":"2023-12-21T09:19:00+00:00","article_modified_time":"2023-12-22T05:20:00+00:00","og_image":[{"width":641,"height":361,"url":"https:\/\/www.fcbarcelonanoticias.com\/en\/wp-content\/uploads\/sites\/2\/2023\/12\/super-liga-de-europa.jpeg","type":"image\/jpeg"}],"author":"Carlos Montenegro","twitter_card":"summary_large_image","twitter_misc":{"Written by":"Carlos Montenegro","Est. reading time":"5 minutes"},"schema":{"@context":"https:\/\/schema.org","@graph":[{"@type":"Article","@id":"https:\/\/www.fcbarcelonanoticias.com\/en\/fc-barcelona\/favourable-sentence-for-the-barca-the-court-of-the-eu-admits-the-project-of-the-superliga_299235_102.html#article","isPartOf":{"@id":"https:\/\/www.fcbarcelonanoticias.com\/en\/fc-barcelona\/favourable-sentence-for-the-barca-the-court-of-the-eu-admits-the-project-of-the-superliga_299235_102.html"},"author":{"name":"Carlos Montenegro","@id":"https:\/\/www.fcbarcelonanoticias.com\/en\/#\/schema\/person\/aa1d038709c262cb247e240f6b39bbf5"},"headline":"A favourable sentence for Bar\u00e7a! EU Court upholds Super League project","datePublished":"2023-12-21T09:19:00+00:00","dateModified":"2023-12-22T05:20:00+00:00","mainEntityOfPage":{"@id":"https:\/\/www.fcbarcelonanoticias.com\/en\/fc-barcelona\/favourable-sentence-for-the-barca-the-court-of-the-eu-admits-the-project-of-the-superliga_299235_102.html"},"wordCount":1066,"image":{"@id":"https:\/\/www.fcbarcelonanoticias.com\/en\/fc-barcelona\/favourable-sentence-for-the-barca-the-court-of-the-eu-admits-the-project-of-the-superliga_299235_102.html#primaryimage"},"thumbnailUrl":"https:\/\/www.fcbarcelonanoticias.com\/en\/wp-content\/uploads\/sites\/2\/2023\/12\/super-liga-de-europa.jpeg","keywords":["FIFA","Florentino P\u00e9rez","Javier Thebes","Joan Laporta","UEFA"],"articleSection":["FC Barcelona"],"inLanguage":"en-US"},{"@type":"WebPage","@id":"https:\/\/www.fcbarcelonanoticias.com\/en\/fc-barcelona\/favourable-sentence-for-the-barca-the-court-of-the-eu-admits-the-project-of-the-superliga_299235_102.html","url":"https:\/\/www.fcbarcelonanoticias.com\/en\/fc-barcelona\/favourable-sentence-for-the-barca-the-court-of-the-eu-admits-the-project-of-the-superliga_299235_102.html","name":"A favourable sentence for Bar\u00e7a! EU Court upholds Super League project","isPartOf":{"@id":"https:\/\/www.fcbarcelonanoticias.com\/en\/#website"},"primaryImageOfPage":{"@id":"https:\/\/www.fcbarcelonanoticias.com\/en\/fc-barcelona\/favourable-sentence-for-the-barca-the-court-of-the-eu-admits-the-project-of-the-superliga_299235_102.html#primaryimage"},"image":{"@id":"https:\/\/www.fcbarcelonanoticias.com\/en\/fc-barcelona\/favourable-sentence-for-the-barca-the-court-of-the-eu-admits-the-project-of-the-superliga_299235_102.html#primaryimage"},"thumbnailUrl":"https:\/\/www.fcbarcelonanoticias.com\/en\/wp-content\/uploads\/sites\/2\/2023\/12\/super-liga-de-europa.jpeg","datePublished":"2023-12-21T09:19:00+00:00","dateModified":"2023-12-22T05:20:00+00:00","author":{"@id":"https:\/\/www.fcbarcelonanoticias.com\/en\/#\/schema\/person\/aa1d038709c262cb247e240f6b39bbf5"},"description":"This Thursday has arrived the day that can change the course of the modern European football. The Superliga, like project, has been backed by the Court of Justice of the EU and for Bar\u00e7a and Madrid are news very positive","breadcrumb":{"@id":"https:\/\/www.fcbarcelonanoticias.com\/en\/fc-barcelona\/favourable-sentence-for-the-barca-the-court-of-the-eu-admits-the-project-of-the-superliga_299235_102.html#breadcrumb"},"inLanguage":"en-US","potentialAction":[{"@type":"ReadAction","target":["https:\/\/www.fcbarcelonanoticias.com\/en\/fc-barcelona\/favourable-sentence-for-the-barca-the-court-of-the-eu-admits-the-project-of-the-superliga_299235_102.html"]}]},{"@type":"ImageObject","inLanguage":"en-US","@id":"https:\/\/www.fcbarcelonanoticias.com\/en\/fc-barcelona\/favourable-sentence-for-the-barca-the-court-of-the-eu-admits-the-project-of-the-superliga_299235_102.html#primaryimage","url":"https:\/\/www.fcbarcelonanoticias.com\/en\/wp-content\/uploads\/sites\/2\/2023\/12\/super-liga-de-europa.jpeg","contentUrl":"https:\/\/www.fcbarcelonanoticias.com\/en\/wp-content\/uploads\/sites\/2\/2023\/12\/super-liga-de-europa.jpeg","width":641,"height":361},{"@type":"BreadcrumbList","@id":"https:\/\/www.fcbarcelonanoticias.com\/en\/fc-barcelona\/favourable-sentence-for-the-barca-the-court-of-the-eu-admits-the-project-of-the-superliga_299235_102.html#breadcrumb","itemListElement":[{"@type":"ListItem","position":1,"name":"Portada","item":"https:\/\/www.fcbarcelonanoticias.com\/en\/"},{"@type":"ListItem","position":2,"name":"A favourable sentence for Bar\u00e7a! EU Court upholds Super League project"}]},{"@type":"WebSite","@id":"https:\/\/www.fcbarcelonanoticias.com\/en\/#website","url":"https:\/\/www.fcbarcelonanoticias.com\/en\/","name":"EN - FC Barcelona Noticias","description":"","potentialAction":[{"@type":"SearchAction","target":{"@type":"EntryPoint","urlTemplate":"https:\/\/www.fcbarcelonanoticias.com\/en\/?s={search_term_string}"},"query-input":{"@type":"PropertyValueSpecification","valueRequired":true,"valueName":"search_term_string"}}],"inLanguage":"en-US"},{"@type":"Person","@id":"https:\/\/www.fcbarcelonanoticias.com\/en\/#\/schema\/person\/aa1d038709c262cb247e240f6b39bbf5","name":"Carlos Montenegro","image":{"@type":"ImageObject","inLanguage":"en-US","@id":"https:\/\/secure.gravatar.com\/avatar\/?s=96&d=mm&r=g","url":"https:\/\/secure.gravatar.com\/avatar\/?s=96&d=mm&r=g","contentUrl":"https:\/\/secure.gravatar.com\/avatar\/?s=96&d=mm&r=g","caption":"Carlos Montenegro"},"url":"https:\/\/www.fcbarcelonanoticias.com\/en\/carlos-montenegro_20_115.html"}]}},"_links":{"self":[{"href":"https:\/\/www.fcbarcelonanoticias.com\/en\/wp-json\/wp\/v2\/posts\/18058","targetHints":{"allow":["GET"]}}],"collection":[{"href":"https:\/\/www.fcbarcelonanoticias.com\/en\/wp-json\/wp\/v2\/posts"}],"about":[{"href":"https:\/\/www.fcbarcelonanoticias.com\/en\/wp-json\/wp\/v2\/types\/post"}],"author":[{"embeddable":true,"href":"https:\/\/www.fcbarcelonanoticias.com\/en\/wp-json\/wp\/v2\/users\/345"}],"replies":[{"embeddable":true,"href":"https:\/\/www.fcbarcelonanoticias.com\/en\/wp-json\/wp\/v2\/comments?post=18058"}],"version-history":[{"count":1,"href":"https:\/\/www.fcbarcelonanoticias.com\/en\/wp-json\/wp\/v2\/posts\/18058\/revisions"}],"predecessor-version":[{"id":18070,"href":"https:\/\/www.fcbarcelonanoticias.com\/en\/wp-json\/wp\/v2\/posts\/18058\/revisions\/18070"}],"wp:featuredmedia":[{"embeddable":true,"href":"https:\/\/www.fcbarcelonanoticias.com\/en\/wp-json\/wp\/v2\/media\/18059"}],"wp:attachment":[{"href":"https:\/\/www.fcbarcelonanoticias.com\/en\/wp-json\/wp\/v2\/media?parent=18058"}],"wp:term":[{"taxonomy":"category","embeddable":true,"href":"https:\/\/www.fcbarcelonanoticias.com\/en\/wp-json\/wp\/v2\/categories?post=18058"},{"taxonomy":"post_tag","embeddable":true,"href":"https:\/\/www.fcbarcelonanoticias.com\/en\/wp-json\/wp\/v2\/tags?post=18058"}],"curies":[{"name":"wp","href":"https:\/\/api.w.org\/{rel}","templated":true}]}}