{"id":18124,"date":"2024-10-10T23:42:00","date_gmt":"2024-10-10T21:42:00","guid":{"rendered":"https:\/\/weisetech.dev\/fc-barcelona-noticias\/en\/fc-barcelona-defines-return-date-fermin-lopez_307850_102\/"},"modified":"2024-10-12T15:04:00","modified_gmt":"2024-10-12T13:04:00","slug":"fc-barcelona-defines-return-date-fermin-lopez_307850_102","status":"publish","type":"post","link":"https:\/\/www.fcbarcelonanoticias.com\/en\/fc-barcelona\/fc-barcelona-defines-return-date-fermin-lopez_307850_102.html","title":{"rendered":"FC Barcelona defines the date of Ferm\u00edn L\u00f3pez&#8217;s return"},"content":{"rendered":"<h2 class=\"wp-block-heading\">Ferm\u00edn L\u00f3pez faces the final stretch of his recovery this week. The midfielder should be discharged after the break, along with two other cul\u00e9s<\/h2>  \r\n<div class=\"article-addons\">\r\n    <a href=\"https:\/\/www.fcbarcelonanoticias.com\/en\/calendar-fc-barcelona.html\"\r\n       target=\"_self\"\r\n       title=\"Calendar of FC Barcelona\"\r\n       class=\"blue-gredient-btn\">\r\n       \r\n        Calendar of FC Barcelona    <\/a>\r\n<\/div>   <p>FC Barcelona hopes to have Ferm\u00edn L\u00f3pez after the national team break. The one from El Campillo missed the month of September due to two consecutive injuries to both thighs, but he has met the deadlines set to avoid another relapse and everything indicates that he will be discharged from the hospital next week. <strong>The &#8217;16&#8217; has barely played 57 minutes in 3 games this season<\/strong>, after an intense summer where he played in the Euro Cup and the Olympic Games.<\/p>  <p>In that sense, <strong>Hansi Flick&#8217;s plan aims to include Ferm\u00edn in the squad against Sevilla, next Sunday, September 20<\/strong>. The midfielder was injured again just before the debut in the Champions League, against Monaco, which is why the coaching staff will only take him into account if the cul\u00e9 infirmary gives the &#8216;ok&#8217;. For Bar\u00e7a, the return of the Andalusian is very timely, since the duel against Sevilla precedes the Champions League match against Bayern and the first Cl\u00e1sico against Real Madrid.<\/p>  <p>L\u00f3pez already knows what it&#8217;s like to score at the Santiago Bernab\u00e9u, as last season he scored a partial equalizer in a 3-2 defeat (in April). The midfielder had also &#8216;wet&#8217; against the &#8216;merengues&#8217; in the 2023 preseason, with a great goal in the friendly played in Dallas, Texas (3-0). In addition, the cul\u00e9s hope to add two other key players right after the break.<\/p>  <h2>Dani&nbsp;Olmo and Gavi also hope to reappear against Sevilla<\/h2>  <p><strong>The Bar\u00e7a infirmary is also preparing the returns of Dani Olmo and Gavi<\/strong>. The former was also out for the last month due to an injury to the femoral biceps of his right thigh that occurred in the match against Girona (1-4), while the &#8216;6&#8217; has just completed his long recovery from a torn cruciate ligament. of the right knee that he suffered with Spain in November 2023. In both cases, the club has taken all the necessary precautions to avoid any relapse due to the recent history at Can Bar\u00e7a.<\/p> ","protected":false},"excerpt":{"rendered":"<p>Ferm\u00edn L\u00f3pez faces the final stretch of his recovery this week. The midfielder should be discharged after the break, along with two other cul\u00e9s FC Barcelona hopes to have Ferm\u00edn L\u00f3pez after the national team break. The one from El Campillo missed the month of September due to two consecutive injuries to both thighs, but [&hellip;]<\/p>\n","protected":false},"author":347,"featured_media":1806,"comment_status":"closed","ping_status":"open","sticky":false,"template":"","format":"standard","meta":{"_acf_changed":false,"inline_featured_image":false,"_nextfly_llmd_date_locked":false,"footnotes":""},"categories":[111],"tags":[60,136],"class_list":["post-18124","post","type-post","status-publish","format-standard","has-post-thumbnail","hentry","category-fc-barcelona","tag-fc-barcelona-vs-sevilla","tag-injured"],"acf":[],"yoast_head":"<!-- This site is optimized with the Yoast SEO plugin v27.3 - https:\/\/yoast.com\/product\/yoast-seo-wordpress\/ -->\n<title>FC Barcelona defines the date of Ferm\u00edn L\u00f3pez&#039;s return<\/title>\n<meta name=\"description\" content=\"Ferm\u00edn L\u00f3pez faces the final stretch of his recovery this week. The midfielder should be discharged after the break, along with two other cul\u00e9s\" \/>\n<meta name=\"robots\" content=\"index, follow, max-snippet:-1, max-image-preview:large, max-video-preview:-1\" \/>\n<link rel=\"canonical\" href=\"https:\/\/www.fcbarcelonanoticias.com\/en\/fc-barcelona\/fc-barcelona-defines-return-date-fermin-lopez_307850_102.html\" \/>\n<meta property=\"og:locale\" content=\"en_US\" \/>\n<meta property=\"og:type\" content=\"article\" \/>\n<meta property=\"og:title\" content=\"FC Barcelona defines the date of Ferm\u00edn L\u00f3pez&#039;s return\" \/>\n<meta property=\"og:description\" content=\"Ferm\u00edn L\u00f3pez faces the final stretch of his recovery this week. The midfielder should be discharged after the break, along with two other cul\u00e9s\" \/>\n<meta property=\"og:url\" content=\"https:\/\/www.fcbarcelonanoticias.com\/en\/fc-barcelona\/fc-barcelona-defines-return-date-fermin-lopez_307850_102.html\" \/>\n<meta property=\"og:site_name\" content=\"EN - FC Barcelona Noticias\" \/>\n<meta property=\"article:published_time\" content=\"2024-10-10T21:42:00+00:00\" \/>\n<meta property=\"article:modified_time\" content=\"2024-10-12T13:04:00+00:00\" \/>\n<meta property=\"og:image\" content=\"https:\/\/www.fcbarcelonanoticias.com\/en\/wp-content\/uploads\/sites\/2\/2024\/09\/fermin-lopez-fc-barcelona.jpeg\" \/>\n\t<meta property=\"og:image:width\" content=\"1250\" \/>\n\t<meta property=\"og:image:height\" content=\"730\" \/>\n\t<meta property=\"og:image:type\" content=\"image\/jpeg\" \/>\n<meta name=\"author\" content=\"Andr\u00e9s Quiroz\" \/>\n<meta name=\"twitter:card\" content=\"summary_large_image\" \/>\n<meta name=\"twitter:label1\" content=\"Written by\" \/>\n\t<meta name=\"twitter:data1\" content=\"Andr\u00e9s Quiroz\" \/>\n\t<meta name=\"twitter:label2\" content=\"Est. reading time\" \/>\n\t<meta name=\"twitter:data2\" content=\"2 minutes\" \/>\n<script type=\"application\/ld+json\" class=\"yoast-schema-graph\">{\"@context\":\"https:\\\/\\\/schema.org\",\"@graph\":[{\"@type\":\"Article\",\"@id\":\"https:\\\/\\\/www.fcbarcelonanoticias.com\\\/en\\\/fc-barcelona\\\/fc-barcelona-defines-return-date-fermin-lopez_307850_102.html#article\",\"isPartOf\":{\"@id\":\"https:\\\/\\\/www.fcbarcelonanoticias.com\\\/en\\\/fc-barcelona\\\/fc-barcelona-defines-return-date-fermin-lopez_307850_102.html\"},\"author\":{\"name\":\"Andr\u00e9s Quiroz\",\"@id\":\"https:\\\/\\\/www.fcbarcelonanoticias.com\\\/en\\\/#\\\/schema\\\/person\\\/c2cd9f6fa1af5c0d0eccd0fefa575c88\"},\"headline\":\"FC Barcelona defines the date of Ferm\u00edn L\u00f3pez&#8217;s return\",\"datePublished\":\"2024-10-10T21:42:00+00:00\",\"dateModified\":\"2024-10-12T13:04:00+00:00\",\"mainEntityOfPage\":{\"@id\":\"https:\\\/\\\/www.fcbarcelonanoticias.com\\\/en\\\/fc-barcelona\\\/fc-barcelona-defines-return-date-fermin-lopez_307850_102.html\"},\"wordCount\":374,\"image\":{\"@id\":\"https:\\\/\\\/www.fcbarcelonanoticias.com\\\/en\\\/fc-barcelona\\\/fc-barcelona-defines-return-date-fermin-lopez_307850_102.html#primaryimage\"},\"thumbnailUrl\":\"https:\\\/\\\/www.fcbarcelonanoticias.com\\\/en\\\/wp-content\\\/uploads\\\/sites\\\/2\\\/2024\\\/09\\\/fermin-lopez-fc-barcelona.jpeg\",\"keywords\":[\"FC Barcelona vs Sevilla\",\"injured\"],\"articleSection\":[\"FC Barcelona\"],\"inLanguage\":\"en-US\"},{\"@type\":\"WebPage\",\"@id\":\"https:\\\/\\\/www.fcbarcelonanoticias.com\\\/en\\\/fc-barcelona\\\/fc-barcelona-defines-return-date-fermin-lopez_307850_102.html\",\"url\":\"https:\\\/\\\/www.fcbarcelonanoticias.com\\\/en\\\/fc-barcelona\\\/fc-barcelona-defines-return-date-fermin-lopez_307850_102.html\",\"name\":\"FC Barcelona defines the date of Ferm\u00edn L\u00f3pez's return\",\"isPartOf\":{\"@id\":\"https:\\\/\\\/www.fcbarcelonanoticias.com\\\/en\\\/#website\"},\"primaryImageOfPage\":{\"@id\":\"https:\\\/\\\/www.fcbarcelonanoticias.com\\\/en\\\/fc-barcelona\\\/fc-barcelona-defines-return-date-fermin-lopez_307850_102.html#primaryimage\"},\"image\":{\"@id\":\"https:\\\/\\\/www.fcbarcelonanoticias.com\\\/en\\\/fc-barcelona\\\/fc-barcelona-defines-return-date-fermin-lopez_307850_102.html#primaryimage\"},\"thumbnailUrl\":\"https:\\\/\\\/www.fcbarcelonanoticias.com\\\/en\\\/wp-content\\\/uploads\\\/sites\\\/2\\\/2024\\\/09\\\/fermin-lopez-fc-barcelona.jpeg\",\"datePublished\":\"2024-10-10T21:42:00+00:00\",\"dateModified\":\"2024-10-12T13:04:00+00:00\",\"author\":{\"@id\":\"https:\\\/\\\/www.fcbarcelonanoticias.com\\\/en\\\/#\\\/schema\\\/person\\\/c2cd9f6fa1af5c0d0eccd0fefa575c88\"},\"description\":\"Ferm\u00edn L\u00f3pez faces the final stretch of his recovery this week. The midfielder should be discharged after the break, along with two other cul\u00e9s\",\"breadcrumb\":{\"@id\":\"https:\\\/\\\/www.fcbarcelonanoticias.com\\\/en\\\/fc-barcelona\\\/fc-barcelona-defines-return-date-fermin-lopez_307850_102.html#breadcrumb\"},\"inLanguage\":\"en-US\",\"potentialAction\":[{\"@type\":\"ReadAction\",\"target\":[\"https:\\\/\\\/www.fcbarcelonanoticias.com\\\/en\\\/fc-barcelona\\\/fc-barcelona-defines-return-date-fermin-lopez_307850_102.html\"]}]},{\"@type\":\"ImageObject\",\"inLanguage\":\"en-US\",\"@id\":\"https:\\\/\\\/www.fcbarcelonanoticias.com\\\/en\\\/fc-barcelona\\\/fc-barcelona-defines-return-date-fermin-lopez_307850_102.html#primaryimage\",\"url\":\"https:\\\/\\\/www.fcbarcelonanoticias.com\\\/en\\\/wp-content\\\/uploads\\\/sites\\\/2\\\/2024\\\/09\\\/fermin-lopez-fc-barcelona.jpeg\",\"contentUrl\":\"https:\\\/\\\/www.fcbarcelonanoticias.com\\\/en\\\/wp-content\\\/uploads\\\/sites\\\/2\\\/2024\\\/09\\\/fermin-lopez-fc-barcelona.jpeg\",\"width\":1250,\"height\":730},{\"@type\":\"BreadcrumbList\",\"@id\":\"https:\\\/\\\/www.fcbarcelonanoticias.com\\\/en\\\/fc-barcelona\\\/fc-barcelona-defines-return-date-fermin-lopez_307850_102.html#breadcrumb\",\"itemListElement\":[{\"@type\":\"ListItem\",\"position\":1,\"name\":\"Portada\",\"item\":\"https:\\\/\\\/www.fcbarcelonanoticias.com\\\/en\\\/\"},{\"@type\":\"ListItem\",\"position\":2,\"name\":\"FC Barcelona defines the date of Ferm\u00edn L\u00f3pez&#8217;s return\"}]},{\"@type\":\"WebSite\",\"@id\":\"https:\\\/\\\/www.fcbarcelonanoticias.com\\\/en\\\/#website\",\"url\":\"https:\\\/\\\/www.fcbarcelonanoticias.com\\\/en\\\/\",\"name\":\"EN - FC Barcelona Noticias\",\"description\":\"\",\"potentialAction\":[{\"@type\":\"SearchAction\",\"target\":{\"@type\":\"EntryPoint\",\"urlTemplate\":\"https:\\\/\\\/www.fcbarcelonanoticias.com\\\/en\\\/?s={search_term_string}\"},\"query-input\":{\"@type\":\"PropertyValueSpecification\",\"valueRequired\":true,\"valueName\":\"search_term_string\"}}],\"inLanguage\":\"en-US\"},{\"@type\":\"Person\",\"@id\":\"https:\\\/\\\/www.fcbarcelonanoticias.com\\\/en\\\/#\\\/schema\\\/person\\\/c2cd9f6fa1af5c0d0eccd0fefa575c88\",\"name\":\"Andr\u00e9s Quiroz\",\"image\":{\"@type\":\"ImageObject\",\"inLanguage\":\"en-US\",\"@id\":\"https:\\\/\\\/secure.gravatar.com\\\/avatar\\\/?s=96&d=mm&r=g\",\"url\":\"https:\\\/\\\/secure.gravatar.com\\\/avatar\\\/?s=96&d=mm&r=g\",\"contentUrl\":\"https:\\\/\\\/secure.gravatar.com\\\/avatar\\\/?s=96&d=mm&r=g\",\"caption\":\"Andr\u00e9s Quiroz\"},\"description\":\"Licenciado en Periodismo por la Universidad de los Andes. Me encargo de analizar y compartir los contenidos m\u00e1s destacados de la\u00a0actualidad del F\u00fatbol Club Barcelona, Mercado de Fichajes y F\u00fatbol Internacional en FCBN. La informaci\u00f3n es poder, pero tambi\u00e9n conocimiento.\",\"url\":\"https:\\\/\\\/www.fcbarcelonanoticias.com\\\/en\\\/fc-barcelona\\\/andres-quiroz_17_115.html\"}]}<\/script>\n<!-- \/ Yoast SEO plugin. -->","yoast_head_json":{"title":"FC Barcelona defines the date of Ferm\u00edn L\u00f3pez's return","description":"Ferm\u00edn L\u00f3pez faces the final stretch of his recovery this week. The midfielder should be discharged after the break, along with two other cul\u00e9s","robots":{"index":"index","follow":"follow","max-snippet":"max-snippet:-1","max-image-preview":"max-image-preview:large","max-video-preview":"max-video-preview:-1"},"canonical":"https:\/\/www.fcbarcelonanoticias.com\/en\/fc-barcelona\/fc-barcelona-defines-return-date-fermin-lopez_307850_102.html","og_locale":"en_US","og_type":"article","og_title":"FC Barcelona defines the date of Ferm\u00edn L\u00f3pez's return","og_description":"Ferm\u00edn L\u00f3pez faces the final stretch of his recovery this week. The midfielder should be discharged after the break, along with two other cul\u00e9s","og_url":"https:\/\/www.fcbarcelonanoticias.com\/en\/fc-barcelona\/fc-barcelona-defines-return-date-fermin-lopez_307850_102.html","og_site_name":"EN - FC Barcelona Noticias","article_published_time":"2024-10-10T21:42:00+00:00","article_modified_time":"2024-10-12T13:04:00+00:00","og_image":[{"width":1250,"height":730,"url":"https:\/\/www.fcbarcelonanoticias.com\/en\/wp-content\/uploads\/sites\/2\/2024\/09\/fermin-lopez-fc-barcelona.jpeg","type":"image\/jpeg"}],"author":"Andr\u00e9s Quiroz","twitter_card":"summary_large_image","twitter_misc":{"Written by":"Andr\u00e9s Quiroz","Est. reading time":"2 minutes"},"schema":{"@context":"https:\/\/schema.org","@graph":[{"@type":"Article","@id":"https:\/\/www.fcbarcelonanoticias.com\/en\/fc-barcelona\/fc-barcelona-defines-return-date-fermin-lopez_307850_102.html#article","isPartOf":{"@id":"https:\/\/www.fcbarcelonanoticias.com\/en\/fc-barcelona\/fc-barcelona-defines-return-date-fermin-lopez_307850_102.html"},"author":{"name":"Andr\u00e9s Quiroz","@id":"https:\/\/www.fcbarcelonanoticias.com\/en\/#\/schema\/person\/c2cd9f6fa1af5c0d0eccd0fefa575c88"},"headline":"FC Barcelona defines the date of Ferm\u00edn L\u00f3pez&#8217;s return","datePublished":"2024-10-10T21:42:00+00:00","dateModified":"2024-10-12T13:04:00+00:00","mainEntityOfPage":{"@id":"https:\/\/www.fcbarcelonanoticias.com\/en\/fc-barcelona\/fc-barcelona-defines-return-date-fermin-lopez_307850_102.html"},"wordCount":374,"image":{"@id":"https:\/\/www.fcbarcelonanoticias.com\/en\/fc-barcelona\/fc-barcelona-defines-return-date-fermin-lopez_307850_102.html#primaryimage"},"thumbnailUrl":"https:\/\/www.fcbarcelonanoticias.com\/en\/wp-content\/uploads\/sites\/2\/2024\/09\/fermin-lopez-fc-barcelona.jpeg","keywords":["FC Barcelona vs Sevilla","injured"],"articleSection":["FC Barcelona"],"inLanguage":"en-US"},{"@type":"WebPage","@id":"https:\/\/www.fcbarcelonanoticias.com\/en\/fc-barcelona\/fc-barcelona-defines-return-date-fermin-lopez_307850_102.html","url":"https:\/\/www.fcbarcelonanoticias.com\/en\/fc-barcelona\/fc-barcelona-defines-return-date-fermin-lopez_307850_102.html","name":"FC Barcelona defines the date of Ferm\u00edn L\u00f3pez's return","isPartOf":{"@id":"https:\/\/www.fcbarcelonanoticias.com\/en\/#website"},"primaryImageOfPage":{"@id":"https:\/\/www.fcbarcelonanoticias.com\/en\/fc-barcelona\/fc-barcelona-defines-return-date-fermin-lopez_307850_102.html#primaryimage"},"image":{"@id":"https:\/\/www.fcbarcelonanoticias.com\/en\/fc-barcelona\/fc-barcelona-defines-return-date-fermin-lopez_307850_102.html#primaryimage"},"thumbnailUrl":"https:\/\/www.fcbarcelonanoticias.com\/en\/wp-content\/uploads\/sites\/2\/2024\/09\/fermin-lopez-fc-barcelona.jpeg","datePublished":"2024-10-10T21:42:00+00:00","dateModified":"2024-10-12T13:04:00+00:00","author":{"@id":"https:\/\/www.fcbarcelonanoticias.com\/en\/#\/schema\/person\/c2cd9f6fa1af5c0d0eccd0fefa575c88"},"description":"Ferm\u00edn L\u00f3pez faces the final stretch of his recovery this week. The midfielder should be discharged after the break, along with two other cul\u00e9s","breadcrumb":{"@id":"https:\/\/www.fcbarcelonanoticias.com\/en\/fc-barcelona\/fc-barcelona-defines-return-date-fermin-lopez_307850_102.html#breadcrumb"},"inLanguage":"en-US","potentialAction":[{"@type":"ReadAction","target":["https:\/\/www.fcbarcelonanoticias.com\/en\/fc-barcelona\/fc-barcelona-defines-return-date-fermin-lopez_307850_102.html"]}]},{"@type":"ImageObject","inLanguage":"en-US","@id":"https:\/\/www.fcbarcelonanoticias.com\/en\/fc-barcelona\/fc-barcelona-defines-return-date-fermin-lopez_307850_102.html#primaryimage","url":"https:\/\/www.fcbarcelonanoticias.com\/en\/wp-content\/uploads\/sites\/2\/2024\/09\/fermin-lopez-fc-barcelona.jpeg","contentUrl":"https:\/\/www.fcbarcelonanoticias.com\/en\/wp-content\/uploads\/sites\/2\/2024\/09\/fermin-lopez-fc-barcelona.jpeg","width":1250,"height":730},{"@type":"BreadcrumbList","@id":"https:\/\/www.fcbarcelonanoticias.com\/en\/fc-barcelona\/fc-barcelona-defines-return-date-fermin-lopez_307850_102.html#breadcrumb","itemListElement":[{"@type":"ListItem","position":1,"name":"Portada","item":"https:\/\/www.fcbarcelonanoticias.com\/en\/"},{"@type":"ListItem","position":2,"name":"FC Barcelona defines the date of Ferm\u00edn L\u00f3pez&#8217;s return"}]},{"@type":"WebSite","@id":"https:\/\/www.fcbarcelonanoticias.com\/en\/#website","url":"https:\/\/www.fcbarcelonanoticias.com\/en\/","name":"EN - FC Barcelona Noticias","description":"","potentialAction":[{"@type":"SearchAction","target":{"@type":"EntryPoint","urlTemplate":"https:\/\/www.fcbarcelonanoticias.com\/en\/?s={search_term_string}"},"query-input":{"@type":"PropertyValueSpecification","valueRequired":true,"valueName":"search_term_string"}}],"inLanguage":"en-US"},{"@type":"Person","@id":"https:\/\/www.fcbarcelonanoticias.com\/en\/#\/schema\/person\/c2cd9f6fa1af5c0d0eccd0fefa575c88","name":"Andr\u00e9s Quiroz","image":{"@type":"ImageObject","inLanguage":"en-US","@id":"https:\/\/secure.gravatar.com\/avatar\/?s=96&d=mm&r=g","url":"https:\/\/secure.gravatar.com\/avatar\/?s=96&d=mm&r=g","contentUrl":"https:\/\/secure.gravatar.com\/avatar\/?s=96&d=mm&r=g","caption":"Andr\u00e9s Quiroz"},"description":"Licenciado en Periodismo por la Universidad de los Andes. Me encargo de analizar y compartir los contenidos m\u00e1s destacados de la\u00a0actualidad del F\u00fatbol Club Barcelona, Mercado de Fichajes y F\u00fatbol Internacional en FCBN. La informaci\u00f3n es poder, pero tambi\u00e9n conocimiento.","url":"https:\/\/www.fcbarcelonanoticias.com\/en\/fc-barcelona\/andres-quiroz_17_115.html"}]}},"_links":{"self":[{"href":"https:\/\/www.fcbarcelonanoticias.com\/en\/wp-json\/wp\/v2\/posts\/18124","targetHints":{"allow":["GET"]}}],"collection":[{"href":"https:\/\/www.fcbarcelonanoticias.com\/en\/wp-json\/wp\/v2\/posts"}],"about":[{"href":"https:\/\/www.fcbarcelonanoticias.com\/en\/wp-json\/wp\/v2\/types\/post"}],"author":[{"embeddable":true,"href":"https:\/\/www.fcbarcelonanoticias.com\/en\/wp-json\/wp\/v2\/users\/347"}],"replies":[{"embeddable":true,"href":"https:\/\/www.fcbarcelonanoticias.com\/en\/wp-json\/wp\/v2\/comments?post=18124"}],"version-history":[{"count":1,"href":"https:\/\/www.fcbarcelonanoticias.com\/en\/wp-json\/wp\/v2\/posts\/18124\/revisions"}],"predecessor-version":[{"id":18127,"href":"https:\/\/www.fcbarcelonanoticias.com\/en\/wp-json\/wp\/v2\/posts\/18124\/revisions\/18127"}],"wp:featuredmedia":[{"embeddable":true,"href":"https:\/\/www.fcbarcelonanoticias.com\/en\/wp-json\/wp\/v2\/media\/1806"}],"wp:attachment":[{"href":"https:\/\/www.fcbarcelonanoticias.com\/en\/wp-json\/wp\/v2\/media?parent=18124"}],"wp:term":[{"taxonomy":"category","embeddable":true,"href":"https:\/\/www.fcbarcelonanoticias.com\/en\/wp-json\/wp\/v2\/categories?post=18124"},{"taxonomy":"post_tag","embeddable":true,"href":"https:\/\/www.fcbarcelonanoticias.com\/en\/wp-json\/wp\/v2\/tags?post=18124"}],"curies":[{"name":"wp","href":"https:\/\/api.w.org\/{rel}","templated":true}]}}