{"id":18317,"date":"2025-09-27T13:42:00","date_gmt":"2025-09-27T11:42:00","guid":{"rendered":"https:\/\/weisetech.dev\/fc-barcelona-noticias\/en\/fc-barcelona-infirmary-confirmed-returns-and-absences_314845_102\/"},"modified":"2025-09-27T14:03:00","modified_gmt":"2025-09-27T12:03:00","slug":"fc-barcelona-infirmary-confirmed-returns-and-absences_314845_102","status":"publish","type":"post","link":"https:\/\/www.fcbarcelonanoticias.com\/en\/fc-barcelona\/fc-barcelona-infirmary-confirmed-returns-and-absences_314845_102.html","title":{"rendered":"This is how the FC Barcelona infirmary is after the injuries of Joan Garc\u00eda and Raphinha"},"content":{"rendered":"<h2 class=\"wp-block-heading\">Bar\u00e7a faces matchday 7 of LaLiga 25\/26 with five confirmed absences and two possible returns. Ter Stegen, Gavi, Ferm\u00edn L\u00f3pez, Joan Garc\u00eda and Raphinha will not be against Real Sociedad. Balde and Lamine are doubtful.<\/h2>  \r\n<div class=\"article-addons\">\r\n    <a href=\"https:\/\/www.fcbarcelonanoticias.com\/en\/calendar-fc-barcelona.html\"\r\n       target=\"_self\"\r\n       title=\"Calendar of FC Barcelona\"\r\n       class=\"blue-gredient-btn\">\r\n       \r\n        Calendar of FC Barcelona    <\/a>\r\n<\/div>   <p><strong>Bar\u00e7a<\/strong> faces a key stretch of the season with determining matches in <strong>LaLiga and the Champions League<\/strong> with the <strong>azulgrana infirmary<\/strong> full. The latest injuries of <strong>Joan Garc\u00eda and Raphinha<\/strong> force <strong>Hansi Flick<\/strong> to resort to unforeseen rotations and trust the reserve team squad, while waiting for <strong>Balde and Lamine<\/strong> to receive medical clearance soon.<\/p>  <p><strong>FC Barcelona<\/strong> plays this Sunday, September 28, its eighth match of the 2025\/26 season with a list of <strong>five confirmed absences and two possible returns<\/strong>. <strong><a data-external=\"0\" data-intl-links-en=\"https:\/\/www.fcbarcelonanoticias.com\/en\/tags\/fc-barcelona-vs-real-sociedad\" data-intl-links-es=\"https:\/\/www.fcbarcelonanoticias.com\/tags\/fc-barcelona-vs-real-sociedad\" href=\"https:\/\/www.fcbarcelonanoticias.com\/en\/tags\/fc-barcelona-vs-real-sociedad.html\" rel=\"follow\" target=\"_self\" title=\"FC Barcelona vs Real Sociedad\">Hansi Flick&#8217;s team will face Real Sociedad<\/a><\/strong> at the Olympic Stadium in Montju\u00efc (6:30 PM) with the confirmed absences of <strong>Ter Stegen<\/strong>, <strong>Gavi<\/strong>, <strong>Ferm\u00edn<\/strong>, <strong>Joan Garc\u00eda<\/strong> and <strong>Raphinha,<\/strong> and the doubts of <strong>Balde and Lamine Yamal<\/strong>, who have not yet received medical clearance.<\/p>  <h2>Latest news on the injured Bar\u00e7a players<\/h2>  <p>The <strong>azulgrana infirmary<\/strong> has become one of the main obstacles in this start to the season. The absence of key players conditions the rotations and forces the German coach to look for solutions in the squad to maintain competitiveness.<\/p>  <p><u><strong>Current status of the injured players:<\/strong><\/u><\/p>  <p><strong><a data-external=\"0\" data-intl-links-en=\"https:\/\/www.fcbarcelonanoticias.com\/en\/tags\/ter-stegen\" data-intl-links-es=\"https:\/\/www.fcbarcelonanoticias.com\/tags\/ter-stegen\" href=\"https:\/\/www.fcbarcelonanoticias.com\/en\/player\/ter-stegen.html\" rel=\"follow\" target=\"_self\" title=\"Ter Stegen\">Marc-Andr\u00e9 ter Stegen<\/a>:<\/strong> The German goalkeeper continues his recovery after undergoing surgery in July for lumbar problems. The estimated time of absence is four months, so his return is expected by the end of 2025.<\/p>  <hr> <p><strong><a data-external=\"0\" data-intl-links-en=\"https:\/\/www.fcbarcelonanoticias.com\/en\/tags\/alejandro-balde\" data-intl-links-es=\"https:\/\/www.fcbarcelonanoticias.com\/tags\/alejandro-balde\" href=\"https:\/\/www.fcbarcelonanoticias.com\/en\/player\/alejandro-balde.html\" rel=\"follow\" target=\"_self\" title=\"Alejandro Balde\">Alejandro Balde<\/a>:<\/strong> The left-back suffered an injury to the left hamstring. His return is expected in the last week of September, although after the increase in absences in the squad, he could receive medical clearance before the match against Real Sociedad.<\/p>  <hr> <p><strong><a data-external=\"0\" data-intl-links-en=\"https:\/\/www.fcbarcelonanoticias.com\/en\/tags\/gavi\" data-intl-links-es=\"https:\/\/www.fcbarcelonanoticias.com\/tags\/gavi\" href=\"https:\/\/www.fcbarcelonanoticias.com\/en\/player\/gavi.html\" rel=\"follow\" target=\"_self\" title=\"Gavi\">Pablo Gavi<\/a>:<\/strong> The midfielder had to undergo surgery after a severe injury to the internal meniscus of his right knee. He will be out for 4 to 5 months, which will keep him off the field until the beginning of 2026.<\/p>  <hr> <p><strong><a data-external=\"0\" data-intl-links-en=\"https:\/\/www.fcbarcelonanoticias.com\/en\/tags\/lamine-yamal\" data-intl-links-es=\"https:\/\/www.fcbarcelonanoticias.com\/tags\/lamine-yamal\" href=\"https:\/\/www.fcbarcelonanoticias.com\/en\/player\/lamine-yamal.html\" rel=\"follow\" target=\"_self\" title=\"Lamine Yamal\">Lamine Yamal<\/a>:<\/strong> The young winger suffered discomfort in his pubis after the international break. A rest period of three to four weeks is estimated. The coaching staff&#8217;s goal is for him to be available on October 1 against PSG in the Champions League, however, it is not ruled out that he will receive medical clearance and be included in the squad list for the match against Real Sociedad.<\/p>  <hr> <p><strong><a data-external=\"0\" data-intl-links-en=\"https:\/\/www.fcbarcelonanoticias.com\/en\/tags\/fermin-lopez\" data-intl-links-es=\"https:\/\/www.fcbarcelonanoticias.com\/tags\/fermin-lopez\" href=\"https:\/\/www.fcbarcelonanoticias.com\/en\/player\/fermin-lopez.html\" rel=\"follow\" target=\"_self\" title=\"Ferm\u00edn L\u00f3pez\">Ferm\u00edn L\u00f3pez<\/a>:<\/strong> The midfielder was injured in the left iliopsoas against Getafe. He will be out for about three weeks, which will allow him to reappear after the second international break in October.<\/p>  <hr> <p><strong><a data-external=\"0\" data-intl-links-en=\"https:\/\/www.fcbarcelonanoticias.com\/en\/tags\/joan-garcia\" data-intl-links-es=\"https:\/\/www.fcbarcelonanoticias.com\/tags\/joan-garcia\" href=\"https:\/\/www.fcbarcelonanoticias.com\/en\/player\/joan-garcia.html\" rel=\"follow\" target=\"_self\" title=\"Joan Garc\u00eda\">Joan Garc\u00eda<\/a>:<\/strong> The goalkeeper from Sallent suffered a tear of the internal meniscus of his left knee in the match against Real Oviedo. He will undergo arthroscopic surgery and will be out for 4 to 6 weeks, seriously compromising his presence in the Cl\u00e1sico against Real Madrid at the end of October.<\/p>  <hr> <p><strong><a data-external=\"0\" data-intl-links-en=\"https:\/\/www.fcbarcelonanoticias.com\/en\/tags\/raphinha\" data-intl-links-es=\"https:\/\/www.fcbarcelonanoticias.com\/tags\/raphinha\" href=\"https:\/\/www.fcbarcelonanoticias.com\/en\/player\/raphinha.html\" rel=\"follow\" target=\"_self\" title=\"Raphinha\">Raphinha<\/a>:<\/strong> The Brazilian forward was injured in the right hamstring against Oviedo. He will be out for about three weeks. His substitution in the 66th minute set off alarms on the Bar\u00e7a bench and, unfortunately, the worst news was confirmed.<\/p>  <hr> <ul> <li>In <strong>FC Barcelona Noticias<\/strong> we tell you every detail of the azulgrana actualidad and the <strong><a data-external=\"0\" data-intl-links-en=\"https:\/\/www.fcbarcelonanoticias.com\/en\/tags\/injured\" data-intl-links-es=\"https:\/\/www.fcbarcelonanoticias.com\/tags\/lesionados\" href=\"https:\/\/www.fcbarcelonanoticias.com\/en\/tags\/injured.html\" rel=\"follow\" target=\"_self\" title=\"Injured\">evolution of all the injured players<\/a><\/strong> <\/li> <\/ul> ","protected":false},"excerpt":{"rendered":"<p>Bar\u00e7a faces matchday 7 of LaLiga 25\/26 with five confirmed absences and two possible returns. Ter Stegen, Gavi, Ferm\u00edn L\u00f3pez, Joan Garc\u00eda and Raphinha will not be against Real Sociedad. Balde and Lamine are doubtful. Bar\u00e7a faces a key stretch of the season with determining matches in LaLiga and the Champions League with the azulgrana [&hellip;]<\/p>\n","protected":false},"author":351,"featured_media":18322,"comment_status":"closed","ping_status":"open","sticky":false,"template":"","format":"standard","meta":{"_acf_changed":false,"inline_featured_image":false,"_nextfly_llmd_date_locked":false,"footnotes":""},"categories":[111],"tags":[136],"class_list":["post-18317","post","type-post","status-publish","format-standard","has-post-thumbnail","hentry","category-fc-barcelona","tag-injured"],"acf":[],"yoast_head":"<!-- This site is optimized with the Yoast SEO plugin v27.3 - https:\/\/yoast.com\/product\/yoast-seo-wordpress\/ -->\n<title>FC Barcelona Infirmary: confirmed returns and absences<\/title>\n<meta name=\"description\" content=\"Bar\u00e7a arrives at the match against Real Sociedad in Montju\u00efc with seven absences: Ter Stegen, Gavi, Balde, Lamine, Ferm\u00edn, Joan Garc\u00eda and Raphinha. Discover their status.\" \/>\n<meta name=\"robots\" content=\"index, follow, max-snippet:-1, max-image-preview:large, max-video-preview:-1\" \/>\n<link rel=\"canonical\" href=\"https:\/\/www.fcbarcelonanoticias.com\/en\/fc-barcelona\/fc-barcelona-infirmary-confirmed-returns-and-absences_314845_102.html\" \/>\n<meta property=\"og:locale\" content=\"en_US\" \/>\n<meta property=\"og:type\" content=\"article\" \/>\n<meta property=\"og:title\" content=\"FC Barcelona Infirmary: confirmed returns and absences\" \/>\n<meta property=\"og:description\" content=\"Bar\u00e7a arrives at the match against Real Sociedad in Montju\u00efc with seven absences: Ter Stegen, Gavi, Balde, Lamine, Ferm\u00edn, Joan Garc\u00eda and Raphinha. Discover their status.\" \/>\n<meta property=\"og:url\" content=\"https:\/\/www.fcbarcelonanoticias.com\/en\/fc-barcelona\/fc-barcelona-infirmary-confirmed-returns-and-absences_314845_102.html\" \/>\n<meta property=\"og:site_name\" content=\"EN - FC Barcelona Noticias\" \/>\n<meta property=\"article:published_time\" content=\"2025-09-27T11:42:00+00:00\" \/>\n<meta property=\"article:modified_time\" content=\"2025-09-27T12:03:00+00:00\" \/>\n<meta property=\"og:image\" content=\"https:\/\/www.fcbarcelonanoticias.com\/en\/wp-content\/uploads\/sites\/2\/2025\/09\/alineacio-n-del-fc-barcelona-vs-mallorca-en-la-primera-jornada-de-laliga.webp\" \/>\n\t<meta property=\"og:image:width\" content=\"1200\" \/>\n\t<meta property=\"og:image:height\" content=\"675\" \/>\n\t<meta property=\"og:image:type\" content=\"image\/webp\" \/>\n<meta name=\"author\" content=\"David Jim\u00e9nez\" \/>\n<meta name=\"twitter:card\" content=\"summary_large_image\" \/>\n<meta name=\"twitter:label1\" content=\"Written by\" \/>\n\t<meta name=\"twitter:data1\" content=\"David Jim\u00e9nez\" \/>\n\t<meta name=\"twitter:label2\" content=\"Est. reading time\" \/>\n\t<meta name=\"twitter:data2\" content=\"3 minutes\" \/>\n<script type=\"application\/ld+json\" class=\"yoast-schema-graph\">{\"@context\":\"https:\\\/\\\/schema.org\",\"@graph\":[{\"@type\":\"Article\",\"@id\":\"https:\\\/\\\/www.fcbarcelonanoticias.com\\\/en\\\/fc-barcelona\\\/fc-barcelona-infirmary-confirmed-returns-and-absences_314845_102.html#article\",\"isPartOf\":{\"@id\":\"https:\\\/\\\/www.fcbarcelonanoticias.com\\\/en\\\/fc-barcelona\\\/fc-barcelona-infirmary-confirmed-returns-and-absences_314845_102.html\"},\"author\":{\"name\":\"David Jim\u00e9nez\",\"@id\":\"https:\\\/\\\/www.fcbarcelonanoticias.com\\\/en\\\/#\\\/schema\\\/person\\\/ba19d9de61d41107240dd68c56521ef5\"},\"headline\":\"This is how the FC Barcelona infirmary is after the injuries of Joan Garc\u00eda and Raphinha\",\"datePublished\":\"2025-09-27T11:42:00+00:00\",\"dateModified\":\"2025-09-27T12:03:00+00:00\",\"mainEntityOfPage\":{\"@id\":\"https:\\\/\\\/www.fcbarcelonanoticias.com\\\/en\\\/fc-barcelona\\\/fc-barcelona-infirmary-confirmed-returns-and-absences_314845_102.html\"},\"wordCount\":563,\"image\":{\"@id\":\"https:\\\/\\\/www.fcbarcelonanoticias.com\\\/en\\\/fc-barcelona\\\/fc-barcelona-infirmary-confirmed-returns-and-absences_314845_102.html#primaryimage\"},\"thumbnailUrl\":\"https:\\\/\\\/www.fcbarcelonanoticias.com\\\/en\\\/wp-content\\\/uploads\\\/sites\\\/2\\\/2025\\\/09\\\/alineacio-n-del-fc-barcelona-vs-mallorca-en-la-primera-jornada-de-laliga.webp\",\"keywords\":[\"injured\"],\"articleSection\":[\"FC Barcelona\"],\"inLanguage\":\"en-US\"},{\"@type\":\"WebPage\",\"@id\":\"https:\\\/\\\/www.fcbarcelonanoticias.com\\\/en\\\/fc-barcelona\\\/fc-barcelona-infirmary-confirmed-returns-and-absences_314845_102.html\",\"url\":\"https:\\\/\\\/www.fcbarcelonanoticias.com\\\/en\\\/fc-barcelona\\\/fc-barcelona-infirmary-confirmed-returns-and-absences_314845_102.html\",\"name\":\"FC Barcelona Infirmary: confirmed returns and absences\",\"isPartOf\":{\"@id\":\"https:\\\/\\\/www.fcbarcelonanoticias.com\\\/en\\\/#website\"},\"primaryImageOfPage\":{\"@id\":\"https:\\\/\\\/www.fcbarcelonanoticias.com\\\/en\\\/fc-barcelona\\\/fc-barcelona-infirmary-confirmed-returns-and-absences_314845_102.html#primaryimage\"},\"image\":{\"@id\":\"https:\\\/\\\/www.fcbarcelonanoticias.com\\\/en\\\/fc-barcelona\\\/fc-barcelona-infirmary-confirmed-returns-and-absences_314845_102.html#primaryimage\"},\"thumbnailUrl\":\"https:\\\/\\\/www.fcbarcelonanoticias.com\\\/en\\\/wp-content\\\/uploads\\\/sites\\\/2\\\/2025\\\/09\\\/alineacio-n-del-fc-barcelona-vs-mallorca-en-la-primera-jornada-de-laliga.webp\",\"datePublished\":\"2025-09-27T11:42:00+00:00\",\"dateModified\":\"2025-09-27T12:03:00+00:00\",\"author\":{\"@id\":\"https:\\\/\\\/www.fcbarcelonanoticias.com\\\/en\\\/#\\\/schema\\\/person\\\/ba19d9de61d41107240dd68c56521ef5\"},\"description\":\"Bar\u00e7a arrives at the match against Real Sociedad in Montju\u00efc with seven absences: Ter Stegen, Gavi, Balde, Lamine, Ferm\u00edn, Joan Garc\u00eda and Raphinha. Discover their status.\",\"breadcrumb\":{\"@id\":\"https:\\\/\\\/www.fcbarcelonanoticias.com\\\/en\\\/fc-barcelona\\\/fc-barcelona-infirmary-confirmed-returns-and-absences_314845_102.html#breadcrumb\"},\"inLanguage\":\"en-US\",\"potentialAction\":[{\"@type\":\"ReadAction\",\"target\":[\"https:\\\/\\\/www.fcbarcelonanoticias.com\\\/en\\\/fc-barcelona\\\/fc-barcelona-infirmary-confirmed-returns-and-absences_314845_102.html\"]}]},{\"@type\":\"ImageObject\",\"inLanguage\":\"en-US\",\"@id\":\"https:\\\/\\\/www.fcbarcelonanoticias.com\\\/en\\\/fc-barcelona\\\/fc-barcelona-infirmary-confirmed-returns-and-absences_314845_102.html#primaryimage\",\"url\":\"https:\\\/\\\/www.fcbarcelonanoticias.com\\\/en\\\/wp-content\\\/uploads\\\/sites\\\/2\\\/2025\\\/09\\\/alineacio-n-del-fc-barcelona-vs-mallorca-en-la-primera-jornada-de-laliga.webp\",\"contentUrl\":\"https:\\\/\\\/www.fcbarcelonanoticias.com\\\/en\\\/wp-content\\\/uploads\\\/sites\\\/2\\\/2025\\\/09\\\/alineacio-n-del-fc-barcelona-vs-mallorca-en-la-primera-jornada-de-laliga.webp\",\"width\":1200,\"height\":675},{\"@type\":\"BreadcrumbList\",\"@id\":\"https:\\\/\\\/www.fcbarcelonanoticias.com\\\/en\\\/fc-barcelona\\\/fc-barcelona-infirmary-confirmed-returns-and-absences_314845_102.html#breadcrumb\",\"itemListElement\":[{\"@type\":\"ListItem\",\"position\":1,\"name\":\"Portada\",\"item\":\"https:\\\/\\\/www.fcbarcelonanoticias.com\\\/en\\\/\"},{\"@type\":\"ListItem\",\"position\":2,\"name\":\"This is how the FC Barcelona infirmary is after the injuries of Joan Garc\u00eda and Raphinha\"}]},{\"@type\":\"WebSite\",\"@id\":\"https:\\\/\\\/www.fcbarcelonanoticias.com\\\/en\\\/#website\",\"url\":\"https:\\\/\\\/www.fcbarcelonanoticias.com\\\/en\\\/\",\"name\":\"EN - FC Barcelona Noticias\",\"description\":\"\",\"potentialAction\":[{\"@type\":\"SearchAction\",\"target\":{\"@type\":\"EntryPoint\",\"urlTemplate\":\"https:\\\/\\\/www.fcbarcelonanoticias.com\\\/en\\\/?s={search_term_string}\"},\"query-input\":{\"@type\":\"PropertyValueSpecification\",\"valueRequired\":true,\"valueName\":\"search_term_string\"}}],\"inLanguage\":\"en-US\"},{\"@type\":\"Person\",\"@id\":\"https:\\\/\\\/www.fcbarcelonanoticias.com\\\/en\\\/#\\\/schema\\\/person\\\/ba19d9de61d41107240dd68c56521ef5\",\"name\":\"David Jim\u00e9nez\",\"image\":{\"@type\":\"ImageObject\",\"inLanguage\":\"en-US\",\"@id\":\"https:\\\/\\\/secure.gravatar.com\\\/avatar\\\/?s=96&d=mm&r=g\",\"url\":\"https:\\\/\\\/secure.gravatar.com\\\/avatar\\\/?s=96&d=mm&r=g\",\"contentUrl\":\"https:\\\/\\\/secure.gravatar.com\\\/avatar\\\/?s=96&d=mm&r=g\",\"caption\":\"David Jim\u00e9nez\"},\"description\":\"Responsable editorial en FC Barcelona Noticias (FCBN).\u00a0Especializado en la actualidad del F\u00fatbol Club Barcelona: partidos, fichajes, an\u00e1lisis t\u00e1ctico y competiciones oficiales. Coordina coberturas, edici\u00f3n y est\u00e1ndares editoriales para garantizar rigor, contexto y verificaci\u00f3n de datos en todos los contenidos. Con gran experiencia en el ecosistema\u00a0digital deportivo, medios de comunicaci\u00f3n\u00a0y gesti\u00f3n de audiencias. Impulsa piezas explicativas, gu\u00edas pr\u00e1cticas y contenidos innovadores de servicio al lector, priorizando fuentes oficiales (F\u00fatbol Club Barcelona, LaLiga, UEFA, RFEF) y contrastes m\u00faltiples. Transparencia editorial: trabajamos conforme a nuestra Pol\u00edtica Editorial y Pol\u00edtica de Correcciones. M\u00e1s informaci\u00f3n sobre el medio en Qui\u00e9nes somos.\",\"url\":\"https:\\\/\\\/www.fcbarcelonanoticias.com\\\/en\\\/fc-barcelona\\\/david-jimenez_7_115.html\"}]}<\/script>\n<!-- \/ Yoast SEO plugin. -->","yoast_head_json":{"title":"FC Barcelona Infirmary: confirmed returns and absences","description":"Bar\u00e7a arrives at the match against Real Sociedad in Montju\u00efc with seven absences: Ter Stegen, Gavi, Balde, Lamine, Ferm\u00edn, Joan Garc\u00eda and Raphinha. Discover their status.","robots":{"index":"index","follow":"follow","max-snippet":"max-snippet:-1","max-image-preview":"max-image-preview:large","max-video-preview":"max-video-preview:-1"},"canonical":"https:\/\/www.fcbarcelonanoticias.com\/en\/fc-barcelona\/fc-barcelona-infirmary-confirmed-returns-and-absences_314845_102.html","og_locale":"en_US","og_type":"article","og_title":"FC Barcelona Infirmary: confirmed returns and absences","og_description":"Bar\u00e7a arrives at the match against Real Sociedad in Montju\u00efc with seven absences: Ter Stegen, Gavi, Balde, Lamine, Ferm\u00edn, Joan Garc\u00eda and Raphinha. Discover their status.","og_url":"https:\/\/www.fcbarcelonanoticias.com\/en\/fc-barcelona\/fc-barcelona-infirmary-confirmed-returns-and-absences_314845_102.html","og_site_name":"EN - FC Barcelona Noticias","article_published_time":"2025-09-27T11:42:00+00:00","article_modified_time":"2025-09-27T12:03:00+00:00","og_image":[{"width":1200,"height":675,"url":"https:\/\/www.fcbarcelonanoticias.com\/en\/wp-content\/uploads\/sites\/2\/2025\/09\/alineacio-n-del-fc-barcelona-vs-mallorca-en-la-primera-jornada-de-laliga.webp","type":"image\/webp"}],"author":"David Jim\u00e9nez","twitter_card":"summary_large_image","twitter_misc":{"Written by":"David Jim\u00e9nez","Est. reading time":"3 minutes"},"schema":{"@context":"https:\/\/schema.org","@graph":[{"@type":"Article","@id":"https:\/\/www.fcbarcelonanoticias.com\/en\/fc-barcelona\/fc-barcelona-infirmary-confirmed-returns-and-absences_314845_102.html#article","isPartOf":{"@id":"https:\/\/www.fcbarcelonanoticias.com\/en\/fc-barcelona\/fc-barcelona-infirmary-confirmed-returns-and-absences_314845_102.html"},"author":{"name":"David Jim\u00e9nez","@id":"https:\/\/www.fcbarcelonanoticias.com\/en\/#\/schema\/person\/ba19d9de61d41107240dd68c56521ef5"},"headline":"This is how the FC Barcelona infirmary is after the injuries of Joan Garc\u00eda and Raphinha","datePublished":"2025-09-27T11:42:00+00:00","dateModified":"2025-09-27T12:03:00+00:00","mainEntityOfPage":{"@id":"https:\/\/www.fcbarcelonanoticias.com\/en\/fc-barcelona\/fc-barcelona-infirmary-confirmed-returns-and-absences_314845_102.html"},"wordCount":563,"image":{"@id":"https:\/\/www.fcbarcelonanoticias.com\/en\/fc-barcelona\/fc-barcelona-infirmary-confirmed-returns-and-absences_314845_102.html#primaryimage"},"thumbnailUrl":"https:\/\/www.fcbarcelonanoticias.com\/en\/wp-content\/uploads\/sites\/2\/2025\/09\/alineacio-n-del-fc-barcelona-vs-mallorca-en-la-primera-jornada-de-laliga.webp","keywords":["injured"],"articleSection":["FC Barcelona"],"inLanguage":"en-US"},{"@type":"WebPage","@id":"https:\/\/www.fcbarcelonanoticias.com\/en\/fc-barcelona\/fc-barcelona-infirmary-confirmed-returns-and-absences_314845_102.html","url":"https:\/\/www.fcbarcelonanoticias.com\/en\/fc-barcelona\/fc-barcelona-infirmary-confirmed-returns-and-absences_314845_102.html","name":"FC Barcelona Infirmary: confirmed returns and absences","isPartOf":{"@id":"https:\/\/www.fcbarcelonanoticias.com\/en\/#website"},"primaryImageOfPage":{"@id":"https:\/\/www.fcbarcelonanoticias.com\/en\/fc-barcelona\/fc-barcelona-infirmary-confirmed-returns-and-absences_314845_102.html#primaryimage"},"image":{"@id":"https:\/\/www.fcbarcelonanoticias.com\/en\/fc-barcelona\/fc-barcelona-infirmary-confirmed-returns-and-absences_314845_102.html#primaryimage"},"thumbnailUrl":"https:\/\/www.fcbarcelonanoticias.com\/en\/wp-content\/uploads\/sites\/2\/2025\/09\/alineacio-n-del-fc-barcelona-vs-mallorca-en-la-primera-jornada-de-laliga.webp","datePublished":"2025-09-27T11:42:00+00:00","dateModified":"2025-09-27T12:03:00+00:00","author":{"@id":"https:\/\/www.fcbarcelonanoticias.com\/en\/#\/schema\/person\/ba19d9de61d41107240dd68c56521ef5"},"description":"Bar\u00e7a arrives at the match against Real Sociedad in Montju\u00efc with seven absences: Ter Stegen, Gavi, Balde, Lamine, Ferm\u00edn, Joan Garc\u00eda and Raphinha. Discover their status.","breadcrumb":{"@id":"https:\/\/www.fcbarcelonanoticias.com\/en\/fc-barcelona\/fc-barcelona-infirmary-confirmed-returns-and-absences_314845_102.html#breadcrumb"},"inLanguage":"en-US","potentialAction":[{"@type":"ReadAction","target":["https:\/\/www.fcbarcelonanoticias.com\/en\/fc-barcelona\/fc-barcelona-infirmary-confirmed-returns-and-absences_314845_102.html"]}]},{"@type":"ImageObject","inLanguage":"en-US","@id":"https:\/\/www.fcbarcelonanoticias.com\/en\/fc-barcelona\/fc-barcelona-infirmary-confirmed-returns-and-absences_314845_102.html#primaryimage","url":"https:\/\/www.fcbarcelonanoticias.com\/en\/wp-content\/uploads\/sites\/2\/2025\/09\/alineacio-n-del-fc-barcelona-vs-mallorca-en-la-primera-jornada-de-laliga.webp","contentUrl":"https:\/\/www.fcbarcelonanoticias.com\/en\/wp-content\/uploads\/sites\/2\/2025\/09\/alineacio-n-del-fc-barcelona-vs-mallorca-en-la-primera-jornada-de-laliga.webp","width":1200,"height":675},{"@type":"BreadcrumbList","@id":"https:\/\/www.fcbarcelonanoticias.com\/en\/fc-barcelona\/fc-barcelona-infirmary-confirmed-returns-and-absences_314845_102.html#breadcrumb","itemListElement":[{"@type":"ListItem","position":1,"name":"Portada","item":"https:\/\/www.fcbarcelonanoticias.com\/en\/"},{"@type":"ListItem","position":2,"name":"This is how the FC Barcelona infirmary is after the injuries of Joan Garc\u00eda and Raphinha"}]},{"@type":"WebSite","@id":"https:\/\/www.fcbarcelonanoticias.com\/en\/#website","url":"https:\/\/www.fcbarcelonanoticias.com\/en\/","name":"EN - FC Barcelona Noticias","description":"","potentialAction":[{"@type":"SearchAction","target":{"@type":"EntryPoint","urlTemplate":"https:\/\/www.fcbarcelonanoticias.com\/en\/?s={search_term_string}"},"query-input":{"@type":"PropertyValueSpecification","valueRequired":true,"valueName":"search_term_string"}}],"inLanguage":"en-US"},{"@type":"Person","@id":"https:\/\/www.fcbarcelonanoticias.com\/en\/#\/schema\/person\/ba19d9de61d41107240dd68c56521ef5","name":"David Jim\u00e9nez","image":{"@type":"ImageObject","inLanguage":"en-US","@id":"https:\/\/secure.gravatar.com\/avatar\/?s=96&d=mm&r=g","url":"https:\/\/secure.gravatar.com\/avatar\/?s=96&d=mm&r=g","contentUrl":"https:\/\/secure.gravatar.com\/avatar\/?s=96&d=mm&r=g","caption":"David Jim\u00e9nez"},"description":"Responsable editorial en FC Barcelona Noticias (FCBN).\u00a0Especializado en la actualidad del F\u00fatbol Club Barcelona: partidos, fichajes, an\u00e1lisis t\u00e1ctico y competiciones oficiales. Coordina coberturas, edici\u00f3n y est\u00e1ndares editoriales para garantizar rigor, contexto y verificaci\u00f3n de datos en todos los contenidos. Con gran experiencia en el ecosistema\u00a0digital deportivo, medios de comunicaci\u00f3n\u00a0y gesti\u00f3n de audiencias. Impulsa piezas explicativas, gu\u00edas pr\u00e1cticas y contenidos innovadores de servicio al lector, priorizando fuentes oficiales (F\u00fatbol Club Barcelona, LaLiga, UEFA, RFEF) y contrastes m\u00faltiples. Transparencia editorial: trabajamos conforme a nuestra Pol\u00edtica Editorial y Pol\u00edtica de Correcciones. M\u00e1s informaci\u00f3n sobre el medio en Qui\u00e9nes somos.","url":"https:\/\/www.fcbarcelonanoticias.com\/en\/fc-barcelona\/david-jimenez_7_115.html"}]}},"_links":{"self":[{"href":"https:\/\/www.fcbarcelonanoticias.com\/en\/wp-json\/wp\/v2\/posts\/18317","targetHints":{"allow":["GET"]}}],"collection":[{"href":"https:\/\/www.fcbarcelonanoticias.com\/en\/wp-json\/wp\/v2\/posts"}],"about":[{"href":"https:\/\/www.fcbarcelonanoticias.com\/en\/wp-json\/wp\/v2\/types\/post"}],"author":[{"embeddable":true,"href":"https:\/\/www.fcbarcelonanoticias.com\/en\/wp-json\/wp\/v2\/users\/351"}],"replies":[{"embeddable":true,"href":"https:\/\/www.fcbarcelonanoticias.com\/en\/wp-json\/wp\/v2\/comments?post=18317"}],"version-history":[{"count":1,"href":"https:\/\/www.fcbarcelonanoticias.com\/en\/wp-json\/wp\/v2\/posts\/18317\/revisions"}],"predecessor-version":[{"id":18319,"href":"https:\/\/www.fcbarcelonanoticias.com\/en\/wp-json\/wp\/v2\/posts\/18317\/revisions\/18319"}],"wp:featuredmedia":[{"embeddable":true,"href":"https:\/\/www.fcbarcelonanoticias.com\/en\/wp-json\/wp\/v2\/media\/18322"}],"wp:attachment":[{"href":"https:\/\/www.fcbarcelonanoticias.com\/en\/wp-json\/wp\/v2\/media?parent=18317"}],"wp:term":[{"taxonomy":"category","embeddable":true,"href":"https:\/\/www.fcbarcelonanoticias.com\/en\/wp-json\/wp\/v2\/categories?post=18317"},{"taxonomy":"post_tag","embeddable":true,"href":"https:\/\/www.fcbarcelonanoticias.com\/en\/wp-json\/wp\/v2\/tags?post=18317"}],"curies":[{"name":"wp","href":"https:\/\/api.w.org\/{rel}","templated":true}]}}