{"id":18357,"date":"2024-10-09T00:38:00","date_gmt":"2024-10-08T22:38:00","guid":{"rendered":"https:\/\/weisetech.dev\/fc-barcelona-noticias\/en\/fc-barcelona-have-already-registered-wojciech-szczesny-for-the-champions-league_307802_102\/"},"modified":"2024-10-09T01:12:00","modified_gmt":"2024-10-08T23:12:00","slug":"fc-barcelona-have-already-registered-wojciech-szczesny-for-the-champions-league_307802_102","status":"publish","type":"post","link":"https:\/\/www.fcbarcelonanoticias.com\/en\/fc-barcelona\/fc-barcelona-have-already-registered-wojciech-szczesny-for-the-champions-league_307802_102.html","title":{"rendered":"FC Barcelona have already registered Wojciech Szczesny for the Champions League!"},"content":{"rendered":"<h2 class=\"wp-block-heading\">Wojciech Szczesny is already registered with UEFA as Barcelona&#8217;s goalkeeper. UEFA has included him in the first team and has released Ter Stegen<\/h2>  \r\n<div class=\"article-addons\">\r\n    <a href=\"https:\/\/www.fcbarcelonanoticias.com\/en\/calendar-fc-barcelona.html\"\r\n       target=\"_self\"\r\n       title=\"Calendar of FC Barcelona\"\r\n       class=\"blue-gredient-btn\">\r\n       \r\n        Calendar of FC Barcelona    <\/a>\r\n<\/div>   <p><strong>Wojciech Szczesny<\/strong> has taken another step towards his integration into the <strong>FC Barcelona<\/strong> first team. Three days after receiving the federation&#8217;s approval in <strong>LaLiga<\/strong>, the Pole now also has a license to play in the <strong>Champions League<\/strong>. <strong>UEFA<\/strong> has included him in the Blaugrana squad and in his place has released <strong>Marc-Andr\u00e9 Ter Stegen<\/strong>, who has said goodbye to the season after breaking the patellar tendon in his right knee.<\/p>  <p><a data-external=\"0\" data-intl-links-en=\"https:\/\/www.fcbarcelonanoticias.com\/en\/laliga\/doubt-resolved-hansi-flick-reveals-when-he-could-debut-szczesny-with-barca_307732_102.html\" data-intl-links-es=\"https:\/\/www.fcbarcelonanoticias.com\/laliga\/duda-resuelta-hansi-flick-desvela-cuando-podra-debutar-szczesny-con-barca_307732_102.html\" href=\"https:\/\/www.fcbarcelonanoticias.com\/en\/laliga\/doubt-resolved-hansi-flick-reveals-when-he-could-debut-szczesny-with-barca_307732_102.html\" rel=\"follow\" target=\"_self\" title=\"DOUBT RESOLVED: Hansi Flick reveals when Szczesny will be able to debut with Bar\u00e7a\">Hansi Flick&#8217;s plan with the new Bar\u00e7a goalkeeper is for him to finish his preparation in these two weeks of the international break<\/a> and thus be ready for the match against <strong>Sevilla <\/strong>next Sunday, October 20 in <strong>Montju\u00efc<\/strong>. In this same venue they will receive <strong>Bayern Munich <\/strong>three days later and then visit <strong>Real Madrid<\/strong> in the Cl\u00e1sico at the&nbsp;Bernab\u00e9u on the 26th at 9 p.m.<\/p>  <h2>Szczesny, a goalkeeper &#8216;seasoned&#8217; in the Champions League<\/h2>  <p>In this way, <strong>Szczesny <\/strong>will once again play in the <strong>Champions League<\/strong> with a different fourth shirt. Previously, the Pole has defended the goals of <strong>Arsenal, Roma and Juventus<\/strong> in the top European category, playing a total of 68 games.<\/p>  <p>In addition to <strong>Szczesny and I\u00f1aki Pe\u00f1a<\/strong>, the other three goalkeepers that <strong>Bar\u00e7a <\/strong>has registered for the Champions League are the youth players <strong>Ander Astralaga, Diego Kochen and Aaron Yaakobishvili<\/strong>.<\/p> ","protected":false},"excerpt":{"rendered":"<p>Wojciech Szczesny is already registered with UEFA as Barcelona&#8217;s goalkeeper. UEFA has included him in the first team and has released Ter Stegen Wojciech Szczesny has taken another step towards his integration into the FC Barcelona first team. Three days after receiving the federation&#8217;s approval in LaLiga, the Pole now also has a license to [&hellip;]<\/p>\n","protected":false},"author":358,"featured_media":18362,"comment_status":"closed","ping_status":"open","sticky":false,"template":"","format":"standard","meta":{"_acf_changed":false,"inline_featured_image":false,"_nextfly_llmd_date_locked":false,"footnotes":""},"categories":[111],"tags":[],"class_list":["post-18357","post","type-post","status-publish","format-standard","has-post-thumbnail","hentry","category-fc-barcelona"],"acf":[],"yoast_head":"<!-- This site is optimized with the Yoast SEO plugin v27.3 - https:\/\/yoast.com\/product\/yoast-seo-wordpress\/ -->\n<title>FC Barcelona have already registered Wojciech Szczesny for the Champions League!<\/title>\n<meta name=\"description\" content=\"Wojciech Szczesny is already registered with UEFA as Barcelona&#039;s goalkeeper. UEFA has included him in the first team and has released Ter Stegen\" \/>\n<meta name=\"robots\" content=\"index, follow, max-snippet:-1, max-image-preview:large, max-video-preview:-1\" \/>\n<link rel=\"canonical\" href=\"https:\/\/www.fcbarcelonanoticias.com\/en\/fc-barcelona\/fc-barcelona-have-already-registered-wojciech-szczesny-for-the-champions-league_307802_102.html\" \/>\n<meta property=\"og:locale\" content=\"en_US\" \/>\n<meta property=\"og:type\" content=\"article\" \/>\n<meta property=\"og:title\" content=\"FC Barcelona have already registered Wojciech Szczesny for the Champions League!\" \/>\n<meta property=\"og:description\" content=\"Wojciech Szczesny is already registered with UEFA as Barcelona&#039;s goalkeeper. UEFA has included him in the first team and has released Ter Stegen\" \/>\n<meta property=\"og:url\" content=\"https:\/\/www.fcbarcelonanoticias.com\/en\/fc-barcelona\/fc-barcelona-have-already-registered-wojciech-szczesny-for-the-champions-league_307802_102.html\" \/>\n<meta property=\"og:site_name\" content=\"EN - FC Barcelona Noticias\" \/>\n<meta property=\"article:published_time\" content=\"2024-10-08T22:38:00+00:00\" \/>\n<meta property=\"article:modified_time\" content=\"2024-10-08T23:12:00+00:00\" \/>\n<meta property=\"og:image\" content=\"https:\/\/www.fcbarcelonanoticias.com\/en\/wp-content\/uploads\/sites\/2\/2024\/10\/szczesny-banquillo-champions-1.jpeg\" \/>\n\t<meta property=\"og:image:width\" content=\"1250\" \/>\n\t<meta property=\"og:image:height\" content=\"730\" \/>\n\t<meta property=\"og:image:type\" content=\"image\/jpeg\" \/>\n<meta name=\"author\" content=\"Juan Pablo Berdugo\" \/>\n<meta name=\"twitter:card\" content=\"summary_large_image\" \/>\n<meta name=\"twitter:label1\" content=\"Written by\" \/>\n\t<meta name=\"twitter:data1\" content=\"Juan Pablo Berdugo\" \/>\n\t<meta name=\"twitter:label2\" content=\"Est. reading time\" \/>\n\t<meta name=\"twitter:data2\" content=\"1 minute\" \/>\n<script type=\"application\/ld+json\" class=\"yoast-schema-graph\">{\"@context\":\"https:\\\/\\\/schema.org\",\"@graph\":[{\"@type\":\"Article\",\"@id\":\"https:\\\/\\\/www.fcbarcelonanoticias.com\\\/en\\\/fc-barcelona\\\/fc-barcelona-have-already-registered-wojciech-szczesny-for-the-champions-league_307802_102.html#article\",\"isPartOf\":{\"@id\":\"https:\\\/\\\/www.fcbarcelonanoticias.com\\\/en\\\/fc-barcelona\\\/fc-barcelona-have-already-registered-wojciech-szczesny-for-the-champions-league_307802_102.html\"},\"author\":{\"name\":\"Juan Pablo Berdugo\",\"@id\":\"https:\\\/\\\/www.fcbarcelonanoticias.com\\\/en\\\/#\\\/schema\\\/person\\\/88d756918a0a1ae9fa593b5edddd1815\"},\"headline\":\"FC Barcelona have already registered Wojciech Szczesny for the Champions League!\",\"datePublished\":\"2024-10-08T22:38:00+00:00\",\"dateModified\":\"2024-10-08T23:12:00+00:00\",\"mainEntityOfPage\":{\"@id\":\"https:\\\/\\\/www.fcbarcelonanoticias.com\\\/en\\\/fc-barcelona\\\/fc-barcelona-have-already-registered-wojciech-szczesny-for-the-champions-league_307802_102.html\"},\"wordCount\":258,\"image\":{\"@id\":\"https:\\\/\\\/www.fcbarcelonanoticias.com\\\/en\\\/fc-barcelona\\\/fc-barcelona-have-already-registered-wojciech-szczesny-for-the-champions-league_307802_102.html#primaryimage\"},\"thumbnailUrl\":\"https:\\\/\\\/www.fcbarcelonanoticias.com\\\/en\\\/wp-content\\\/uploads\\\/sites\\\/2\\\/2024\\\/10\\\/szczesny-banquillo-champions-1.jpeg\",\"articleSection\":[\"FC Barcelona\"],\"inLanguage\":\"en-US\"},{\"@type\":\"WebPage\",\"@id\":\"https:\\\/\\\/www.fcbarcelonanoticias.com\\\/en\\\/fc-barcelona\\\/fc-barcelona-have-already-registered-wojciech-szczesny-for-the-champions-league_307802_102.html\",\"url\":\"https:\\\/\\\/www.fcbarcelonanoticias.com\\\/en\\\/fc-barcelona\\\/fc-barcelona-have-already-registered-wojciech-szczesny-for-the-champions-league_307802_102.html\",\"name\":\"FC Barcelona have already registered Wojciech Szczesny for the Champions League!\",\"isPartOf\":{\"@id\":\"https:\\\/\\\/www.fcbarcelonanoticias.com\\\/en\\\/#website\"},\"primaryImageOfPage\":{\"@id\":\"https:\\\/\\\/www.fcbarcelonanoticias.com\\\/en\\\/fc-barcelona\\\/fc-barcelona-have-already-registered-wojciech-szczesny-for-the-champions-league_307802_102.html#primaryimage\"},\"image\":{\"@id\":\"https:\\\/\\\/www.fcbarcelonanoticias.com\\\/en\\\/fc-barcelona\\\/fc-barcelona-have-already-registered-wojciech-szczesny-for-the-champions-league_307802_102.html#primaryimage\"},\"thumbnailUrl\":\"https:\\\/\\\/www.fcbarcelonanoticias.com\\\/en\\\/wp-content\\\/uploads\\\/sites\\\/2\\\/2024\\\/10\\\/szczesny-banquillo-champions-1.jpeg\",\"datePublished\":\"2024-10-08T22:38:00+00:00\",\"dateModified\":\"2024-10-08T23:12:00+00:00\",\"author\":{\"@id\":\"https:\\\/\\\/www.fcbarcelonanoticias.com\\\/en\\\/#\\\/schema\\\/person\\\/88d756918a0a1ae9fa593b5edddd1815\"},\"description\":\"Wojciech Szczesny is already registered with UEFA as Barcelona's goalkeeper. UEFA has included him in the first team and has released Ter Stegen\",\"breadcrumb\":{\"@id\":\"https:\\\/\\\/www.fcbarcelonanoticias.com\\\/en\\\/fc-barcelona\\\/fc-barcelona-have-already-registered-wojciech-szczesny-for-the-champions-league_307802_102.html#breadcrumb\"},\"inLanguage\":\"en-US\",\"potentialAction\":[{\"@type\":\"ReadAction\",\"target\":[\"https:\\\/\\\/www.fcbarcelonanoticias.com\\\/en\\\/fc-barcelona\\\/fc-barcelona-have-already-registered-wojciech-szczesny-for-the-champions-league_307802_102.html\"]}]},{\"@type\":\"ImageObject\",\"inLanguage\":\"en-US\",\"@id\":\"https:\\\/\\\/www.fcbarcelonanoticias.com\\\/en\\\/fc-barcelona\\\/fc-barcelona-have-already-registered-wojciech-szczesny-for-the-champions-league_307802_102.html#primaryimage\",\"url\":\"https:\\\/\\\/www.fcbarcelonanoticias.com\\\/en\\\/wp-content\\\/uploads\\\/sites\\\/2\\\/2024\\\/10\\\/szczesny-banquillo-champions-1.jpeg\",\"contentUrl\":\"https:\\\/\\\/www.fcbarcelonanoticias.com\\\/en\\\/wp-content\\\/uploads\\\/sites\\\/2\\\/2024\\\/10\\\/szczesny-banquillo-champions-1.jpeg\",\"width\":1250,\"height\":730},{\"@type\":\"BreadcrumbList\",\"@id\":\"https:\\\/\\\/www.fcbarcelonanoticias.com\\\/en\\\/fc-barcelona\\\/fc-barcelona-have-already-registered-wojciech-szczesny-for-the-champions-league_307802_102.html#breadcrumb\",\"itemListElement\":[{\"@type\":\"ListItem\",\"position\":1,\"name\":\"Portada\",\"item\":\"https:\\\/\\\/www.fcbarcelonanoticias.com\\\/en\\\/\"},{\"@type\":\"ListItem\",\"position\":2,\"name\":\"FC Barcelona have already registered Wojciech Szczesny for the Champions League!\"}]},{\"@type\":\"WebSite\",\"@id\":\"https:\\\/\\\/www.fcbarcelonanoticias.com\\\/en\\\/#website\",\"url\":\"https:\\\/\\\/www.fcbarcelonanoticias.com\\\/en\\\/\",\"name\":\"EN - FC Barcelona Noticias\",\"description\":\"\",\"potentialAction\":[{\"@type\":\"SearchAction\",\"target\":{\"@type\":\"EntryPoint\",\"urlTemplate\":\"https:\\\/\\\/www.fcbarcelonanoticias.com\\\/en\\\/?s={search_term_string}\"},\"query-input\":{\"@type\":\"PropertyValueSpecification\",\"valueRequired\":true,\"valueName\":\"search_term_string\"}}],\"inLanguage\":\"en-US\"},{\"@type\":\"Person\",\"@id\":\"https:\\\/\\\/www.fcbarcelonanoticias.com\\\/en\\\/#\\\/schema\\\/person\\\/88d756918a0a1ae9fa593b5edddd1815\",\"name\":\"Juan Pablo Berdugo\",\"image\":{\"@type\":\"ImageObject\",\"inLanguage\":\"en-US\",\"@id\":\"https:\\\/\\\/secure.gravatar.com\\\/avatar\\\/?s=96&d=mm&r=g\",\"url\":\"https:\\\/\\\/secure.gravatar.com\\\/avatar\\\/?s=96&d=mm&r=g\",\"contentUrl\":\"https:\\\/\\\/secure.gravatar.com\\\/avatar\\\/?s=96&d=mm&r=g\",\"caption\":\"Juan Pablo Berdugo\"},\"description\":\"Juan Pablo Berdugo es graduado en Periodismo. Colabora con FCBN como especialista en informaci\u00f3n del primer equipo del FC Barcelona, f\u00fatbol internacional y mercado de fichajes. Destaca por su enfoque anal\u00edtico, su rigor informativo y su capacidad para detectar tendencias emergentes en el f\u00fatbol global.\",\"url\":\"https:\\\/\\\/www.fcbarcelonanoticias.com\\\/en\\\/fc-barcelona\\\/juan-pablo-berdugo_18_115.html\"}]}<\/script>\n<!-- \/ Yoast SEO plugin. -->","yoast_head_json":{"title":"FC Barcelona have already registered Wojciech Szczesny for the Champions League!","description":"Wojciech Szczesny is already registered with UEFA as Barcelona's goalkeeper. UEFA has included him in the first team and has released Ter Stegen","robots":{"index":"index","follow":"follow","max-snippet":"max-snippet:-1","max-image-preview":"max-image-preview:large","max-video-preview":"max-video-preview:-1"},"canonical":"https:\/\/www.fcbarcelonanoticias.com\/en\/fc-barcelona\/fc-barcelona-have-already-registered-wojciech-szczesny-for-the-champions-league_307802_102.html","og_locale":"en_US","og_type":"article","og_title":"FC Barcelona have already registered Wojciech Szczesny for the Champions League!","og_description":"Wojciech Szczesny is already registered with UEFA as Barcelona's goalkeeper. UEFA has included him in the first team and has released Ter Stegen","og_url":"https:\/\/www.fcbarcelonanoticias.com\/en\/fc-barcelona\/fc-barcelona-have-already-registered-wojciech-szczesny-for-the-champions-league_307802_102.html","og_site_name":"EN - FC Barcelona Noticias","article_published_time":"2024-10-08T22:38:00+00:00","article_modified_time":"2024-10-08T23:12:00+00:00","og_image":[{"width":1250,"height":730,"url":"https:\/\/www.fcbarcelonanoticias.com\/en\/wp-content\/uploads\/sites\/2\/2024\/10\/szczesny-banquillo-champions-1.jpeg","type":"image\/jpeg"}],"author":"Juan Pablo Berdugo","twitter_card":"summary_large_image","twitter_misc":{"Written by":"Juan Pablo Berdugo","Est. reading time":"1 minute"},"schema":{"@context":"https:\/\/schema.org","@graph":[{"@type":"Article","@id":"https:\/\/www.fcbarcelonanoticias.com\/en\/fc-barcelona\/fc-barcelona-have-already-registered-wojciech-szczesny-for-the-champions-league_307802_102.html#article","isPartOf":{"@id":"https:\/\/www.fcbarcelonanoticias.com\/en\/fc-barcelona\/fc-barcelona-have-already-registered-wojciech-szczesny-for-the-champions-league_307802_102.html"},"author":{"name":"Juan Pablo Berdugo","@id":"https:\/\/www.fcbarcelonanoticias.com\/en\/#\/schema\/person\/88d756918a0a1ae9fa593b5edddd1815"},"headline":"FC Barcelona have already registered Wojciech Szczesny for the Champions League!","datePublished":"2024-10-08T22:38:00+00:00","dateModified":"2024-10-08T23:12:00+00:00","mainEntityOfPage":{"@id":"https:\/\/www.fcbarcelonanoticias.com\/en\/fc-barcelona\/fc-barcelona-have-already-registered-wojciech-szczesny-for-the-champions-league_307802_102.html"},"wordCount":258,"image":{"@id":"https:\/\/www.fcbarcelonanoticias.com\/en\/fc-barcelona\/fc-barcelona-have-already-registered-wojciech-szczesny-for-the-champions-league_307802_102.html#primaryimage"},"thumbnailUrl":"https:\/\/www.fcbarcelonanoticias.com\/en\/wp-content\/uploads\/sites\/2\/2024\/10\/szczesny-banquillo-champions-1.jpeg","articleSection":["FC Barcelona"],"inLanguage":"en-US"},{"@type":"WebPage","@id":"https:\/\/www.fcbarcelonanoticias.com\/en\/fc-barcelona\/fc-barcelona-have-already-registered-wojciech-szczesny-for-the-champions-league_307802_102.html","url":"https:\/\/www.fcbarcelonanoticias.com\/en\/fc-barcelona\/fc-barcelona-have-already-registered-wojciech-szczesny-for-the-champions-league_307802_102.html","name":"FC Barcelona have already registered Wojciech Szczesny for the Champions League!","isPartOf":{"@id":"https:\/\/www.fcbarcelonanoticias.com\/en\/#website"},"primaryImageOfPage":{"@id":"https:\/\/www.fcbarcelonanoticias.com\/en\/fc-barcelona\/fc-barcelona-have-already-registered-wojciech-szczesny-for-the-champions-league_307802_102.html#primaryimage"},"image":{"@id":"https:\/\/www.fcbarcelonanoticias.com\/en\/fc-barcelona\/fc-barcelona-have-already-registered-wojciech-szczesny-for-the-champions-league_307802_102.html#primaryimage"},"thumbnailUrl":"https:\/\/www.fcbarcelonanoticias.com\/en\/wp-content\/uploads\/sites\/2\/2024\/10\/szczesny-banquillo-champions-1.jpeg","datePublished":"2024-10-08T22:38:00+00:00","dateModified":"2024-10-08T23:12:00+00:00","author":{"@id":"https:\/\/www.fcbarcelonanoticias.com\/en\/#\/schema\/person\/88d756918a0a1ae9fa593b5edddd1815"},"description":"Wojciech Szczesny is already registered with UEFA as Barcelona's goalkeeper. UEFA has included him in the first team and has released Ter Stegen","breadcrumb":{"@id":"https:\/\/www.fcbarcelonanoticias.com\/en\/fc-barcelona\/fc-barcelona-have-already-registered-wojciech-szczesny-for-the-champions-league_307802_102.html#breadcrumb"},"inLanguage":"en-US","potentialAction":[{"@type":"ReadAction","target":["https:\/\/www.fcbarcelonanoticias.com\/en\/fc-barcelona\/fc-barcelona-have-already-registered-wojciech-szczesny-for-the-champions-league_307802_102.html"]}]},{"@type":"ImageObject","inLanguage":"en-US","@id":"https:\/\/www.fcbarcelonanoticias.com\/en\/fc-barcelona\/fc-barcelona-have-already-registered-wojciech-szczesny-for-the-champions-league_307802_102.html#primaryimage","url":"https:\/\/www.fcbarcelonanoticias.com\/en\/wp-content\/uploads\/sites\/2\/2024\/10\/szczesny-banquillo-champions-1.jpeg","contentUrl":"https:\/\/www.fcbarcelonanoticias.com\/en\/wp-content\/uploads\/sites\/2\/2024\/10\/szczesny-banquillo-champions-1.jpeg","width":1250,"height":730},{"@type":"BreadcrumbList","@id":"https:\/\/www.fcbarcelonanoticias.com\/en\/fc-barcelona\/fc-barcelona-have-already-registered-wojciech-szczesny-for-the-champions-league_307802_102.html#breadcrumb","itemListElement":[{"@type":"ListItem","position":1,"name":"Portada","item":"https:\/\/www.fcbarcelonanoticias.com\/en\/"},{"@type":"ListItem","position":2,"name":"FC Barcelona have already registered Wojciech Szczesny for the Champions League!"}]},{"@type":"WebSite","@id":"https:\/\/www.fcbarcelonanoticias.com\/en\/#website","url":"https:\/\/www.fcbarcelonanoticias.com\/en\/","name":"EN - FC Barcelona Noticias","description":"","potentialAction":[{"@type":"SearchAction","target":{"@type":"EntryPoint","urlTemplate":"https:\/\/www.fcbarcelonanoticias.com\/en\/?s={search_term_string}"},"query-input":{"@type":"PropertyValueSpecification","valueRequired":true,"valueName":"search_term_string"}}],"inLanguage":"en-US"},{"@type":"Person","@id":"https:\/\/www.fcbarcelonanoticias.com\/en\/#\/schema\/person\/88d756918a0a1ae9fa593b5edddd1815","name":"Juan Pablo Berdugo","image":{"@type":"ImageObject","inLanguage":"en-US","@id":"https:\/\/secure.gravatar.com\/avatar\/?s=96&d=mm&r=g","url":"https:\/\/secure.gravatar.com\/avatar\/?s=96&d=mm&r=g","contentUrl":"https:\/\/secure.gravatar.com\/avatar\/?s=96&d=mm&r=g","caption":"Juan Pablo Berdugo"},"description":"Juan Pablo Berdugo es graduado en Periodismo. Colabora con FCBN como especialista en informaci\u00f3n del primer equipo del FC Barcelona, f\u00fatbol internacional y mercado de fichajes. Destaca por su enfoque anal\u00edtico, su rigor informativo y su capacidad para detectar tendencias emergentes en el f\u00fatbol global.","url":"https:\/\/www.fcbarcelonanoticias.com\/en\/fc-barcelona\/juan-pablo-berdugo_18_115.html"}]}},"_links":{"self":[{"href":"https:\/\/www.fcbarcelonanoticias.com\/en\/wp-json\/wp\/v2\/posts\/18357","targetHints":{"allow":["GET"]}}],"collection":[{"href":"https:\/\/www.fcbarcelonanoticias.com\/en\/wp-json\/wp\/v2\/posts"}],"about":[{"href":"https:\/\/www.fcbarcelonanoticias.com\/en\/wp-json\/wp\/v2\/types\/post"}],"author":[{"embeddable":true,"href":"https:\/\/www.fcbarcelonanoticias.com\/en\/wp-json\/wp\/v2\/users\/358"}],"replies":[{"embeddable":true,"href":"https:\/\/www.fcbarcelonanoticias.com\/en\/wp-json\/wp\/v2\/comments?post=18357"}],"version-history":[{"count":1,"href":"https:\/\/www.fcbarcelonanoticias.com\/en\/wp-json\/wp\/v2\/posts\/18357\/revisions"}],"predecessor-version":[{"id":18358,"href":"https:\/\/www.fcbarcelonanoticias.com\/en\/wp-json\/wp\/v2\/posts\/18357\/revisions\/18358"}],"wp:featuredmedia":[{"embeddable":true,"href":"https:\/\/www.fcbarcelonanoticias.com\/en\/wp-json\/wp\/v2\/media\/18362"}],"wp:attachment":[{"href":"https:\/\/www.fcbarcelonanoticias.com\/en\/wp-json\/wp\/v2\/media?parent=18357"}],"wp:term":[{"taxonomy":"category","embeddable":true,"href":"https:\/\/www.fcbarcelonanoticias.com\/en\/wp-json\/wp\/v2\/categories?post=18357"},{"taxonomy":"post_tag","embeddable":true,"href":"https:\/\/www.fcbarcelonanoticias.com\/en\/wp-json\/wp\/v2\/tags?post=18357"}],"curies":[{"name":"wp","href":"https:\/\/api.w.org\/{rel}","templated":true}]}}