{"id":18365,"date":"2024-09-29T21:36:00","date_gmt":"2024-09-29T19:36:00","guid":{"rendered":"https:\/\/weisetech.dev\/fc-barcelona-noticias\/en\/fc-barcelona-is-about-to-recover-four-great-reinforcements-for-the-midfield_307595_102\/"},"modified":"2026-03-27T11:43:20","modified_gmt":"2026-03-27T10:43:20","slug":"fc-barcelona-is-about-to-recover-four-great-reinforcements-for-the-midfield_307595_102","status":"publish","type":"post","link":"https:\/\/www.fcbarcelonanoticias.com\/en\/fc-barcelona\/fc-barcelona-is-about-to-recover-four-great-reinforcements-for-the-midfield_307595_102.html","title":{"rendered":"FC Barcelona is about to recover four great &#8216;reinforcements&#8217; for the midfield"},"content":{"rendered":"<h2 class=\"wp-block-heading\">Hansi Flick could count on Frenkie de Jong against Young Boys and Alav\u00e9s. After the international break, Gavi, Dani Olmo and Ferm\u00edn will be the next to return<\/h2>  \r\n<div class=\"article-addons\">\r\n    <a href=\"https:\/\/www.fcbarcelonanoticias.com\/en\/calendar-fc-barcelona.html\"\r\n       target=\"_self\"\r\n       title=\"Calendar of FC Barcelona\"\r\n       class=\"blue-gredient-btn\">\r\n       \r\n        Calendar of FC Barcelona    <\/a>\r\n<\/div>   <p>Good news is starting to come from the <strong>FC Barcelona<\/strong> infirmary. The first of them with <strong>Frenkie de Jong<\/strong> as the main protagonist, since the Catalan club hopes to know between Monday and Tuesday if the Dutchman will be given the medical all-clear to be included in the squad <a data-external=\"0\" data-intl-links-en=\"https:\/\/www.fcbarcelonanoticias.com\/en\/calendar\/calendar-barcelona-october-young-boys-alaves-sevilla-bayern-real-madrid_307526_102.html\" data-intl-links-es=\"https:\/\/www.fcbarcelonanoticias.com\/calendario\/calendario-barcelona-octubre-young-boys-alaves-sevilla-bayern-real-madrid_307526_102.html\" href=\"https:\/\/www.fcbarcelonanoticias.com\/en\/calendar\/calendar-barcelona-october-young-boys-alaves-sevilla-bayern-real-madrid_307526_102.html\" rel=\"follow\" target=\"_self\" title=\"FC Barcelona's schedule for October: Bayern Munich, Real Madrid...\">for the Champions League match against Young Boys on October 1<\/a>.<\/p>  <p>The Dutch midfielder, who has been out for five months after being injured in the <strong>Cl\u00e1sico <\/strong>on April 21, is about to be put under the orders of <strong>Hansi Flick<\/strong> once he has completed the recovery from his problems with his right ankle.<\/p>  <div class=\"cke-element cke-element--102\"><section class=\"c-related-article\"><figure class=\"c-image__fig\"><a href=\"https:\/\/www.fcbarcelonanoticias.com\/fc-barcelona\/frenkie-jong-rompe-silencio-salario-negativa-operarse-fecha-regreso_307592_102.html\" title=\"FCBN ENTRENAMIENTO 24SEP243\" class=\"c-image__imglink\"><picture><img decoding=\"async\" src=\"https:\/\/www.fcbarcelonanoticias.com\/wp-content\/uploads\/sites\/2\/2024\/09\/fcbn-e8cfd44ae4c71e24c3c9e656e4c4337b.jpeg\" alt=\"FCBN ENTRENAMIENTO 24SEP243\" title=\"FCBN ENTRENAMIENTO 24SEP243\" class=\"c-image__img\" width=\"1250\" height=\"833\" loading=\"lazy\"><\/picture><\/a>     <\/figure><div class=\"c-related-article__wrapper\">         <p class=\"c-related-article__avantitle\">Related<\/p>         <h4 class=\"c-related-article__title\">             <a href=\"https:\/\/www.fcbarcelonanoticias.com\/fc-barcelona\/frenkie-jong-rompe-silencio-salario-negativa-operarse-fecha-regreso_307592_102.html\" title=\"Frenkie de Jong breaks his silence: His salary, his refusal to undergo surgery, his return date...\" class=\"c-related-article__link\">                 Frenkie de Jong breaks his silence: His salary, his refusal to undergo surgery, his return date&#8230;             <\/a>         <\/h4>     <\/div> <\/section><\/div>  <p>If he is not available for the match corresponding to the second day of the <strong>Champions League<\/strong>, he could be present on Sunday, October 6 against <strong>Alav\u00e9s<\/strong>, in the last match of the Catalan team before the international break.<\/p>  <h2>The expected returns after the FIFA date<\/h2>  <p>Once the October international break is over, <strong>Gavi <\/strong>would be the next to rejoin the first team of the Blaugrana. The player from Los Palacios could arrive for the <strong>Bar\u00e7a-Sevilla <\/strong>game on October 20, just over eleven months after his serious knee and meniscus injury.<\/p>  <p>However, his return would be done gradually, so if he is not in the clash against the Andalusians, he would be reserved for <strong>Bayern <\/strong>(23-10) and <strong>Real Madrid<\/strong> (26-10) to avoid the tension of both duels and wait for his reappearance on November 3 against <strong>Espanyol<\/strong>.<\/p>  <p>Likewise, both <strong>Ferm\u00edn L\u00f3pez<\/strong> and <strong>Dani Olmo<\/strong>, although the latter is a little more limited, could also be back in the game against Garc\u00eda Pimienta&#8217;s team, since the recovery periods for both injuries coincide with the date of said match. In any case, <strong>Hansi Flick<\/strong> is &#8216;rubbing his hands&#8217; with the four possible reinforcements that he could count on for a midfield that currently only has three pure players: <strong>Pedri, Marc Casad\u00f3 and Pablo Torre<\/strong>.<\/p> ","protected":false},"excerpt":{"rendered":"<p>Hansi Flick could count on Frenkie de Jong against Young Boys and Alav\u00e9s. After the international break, Gavi, Dani Olmo and Ferm\u00edn will be the next to return Good news is starting to come from the FC Barcelona infirmary. The first of them with Frenkie de Jong as the main protagonist, since the Catalan club [&hellip;]<\/p>\n","protected":false},"author":358,"featured_media":18370,"comment_status":"closed","ping_status":"open","sticky":false,"template":"","format":"standard","meta":{"_acf_changed":false,"inline_featured_image":false,"_nextfly_llmd_date_locked":false,"footnotes":""},"categories":[111],"tags":[136],"class_list":["post-18365","post","type-post","status-publish","format-standard","has-post-thumbnail","hentry","category-fc-barcelona","tag-injured"],"acf":[],"yoast_head":"<!-- This site is optimized with the Yoast SEO plugin v27.3 - https:\/\/yoast.com\/product\/yoast-seo-wordpress\/ -->\n<title>FC Barcelona is about to recover four great &#039;reinforcements&#039; for the midfield<\/title>\n<meta name=\"description\" content=\"Hansi Flick could count on Frenkie de Jong against Young Boys and Alav\u00e9s. After the international break, Gavi, Dani Olmo and Ferm\u00edn will be the next to return\" \/>\n<meta name=\"robots\" content=\"index, follow, max-snippet:-1, max-image-preview:large, max-video-preview:-1\" \/>\n<link rel=\"canonical\" href=\"https:\/\/www.fcbarcelonanoticias.com\/en\/fc-barcelona\/fc-barcelona-is-about-to-recover-four-great-reinforcements-for-the-midfield_307595_102.html\" \/>\n<meta property=\"og:locale\" content=\"en_US\" \/>\n<meta property=\"og:type\" content=\"article\" \/>\n<meta property=\"og:title\" content=\"FC Barcelona is about to recover four great &#039;reinforcements&#039; for the midfield\" \/>\n<meta property=\"og:description\" content=\"Hansi Flick could count on Frenkie de Jong against Young Boys and Alav\u00e9s. After the international break, Gavi, Dani Olmo and Ferm\u00edn will be the next to return\" \/>\n<meta property=\"og:url\" content=\"https:\/\/www.fcbarcelonanoticias.com\/en\/fc-barcelona\/fc-barcelona-is-about-to-recover-four-great-reinforcements-for-the-midfield_307595_102.html\" \/>\n<meta property=\"og:site_name\" content=\"EN - FC Barcelona Noticias\" \/>\n<meta property=\"article:published_time\" content=\"2024-09-29T19:36:00+00:00\" \/>\n<meta property=\"article:modified_time\" content=\"2026-03-27T10:43:20+00:00\" \/>\n<meta property=\"og:image\" content=\"https:\/\/www.fcbarcelonanoticias.com\/en\/wp-content\/uploads\/sites\/2\/2024\/09\/fcbn-entrenamiento-26sep24.jpeg\" \/>\n\t<meta property=\"og:image:width\" content=\"1250\" \/>\n\t<meta property=\"og:image:height\" content=\"833\" \/>\n\t<meta property=\"og:image:type\" content=\"image\/jpeg\" \/>\n<meta name=\"author\" content=\"Juan Pablo Berdugo\" \/>\n<meta name=\"twitter:card\" content=\"summary_large_image\" \/>\n<meta name=\"twitter:label1\" content=\"Written by\" \/>\n\t<meta name=\"twitter:data1\" content=\"Juan Pablo Berdugo\" \/>\n\t<meta name=\"twitter:label2\" content=\"Est. reading time\" \/>\n\t<meta name=\"twitter:data2\" content=\"2 minutes\" \/>\n<script type=\"application\/ld+json\" class=\"yoast-schema-graph\">{\"@context\":\"https:\\\/\\\/schema.org\",\"@graph\":[{\"@type\":\"Article\",\"@id\":\"https:\\\/\\\/www.fcbarcelonanoticias.com\\\/en\\\/fc-barcelona\\\/fc-barcelona-is-about-to-recover-four-great-reinforcements-for-the-midfield_307595_102.html#article\",\"isPartOf\":{\"@id\":\"https:\\\/\\\/www.fcbarcelonanoticias.com\\\/en\\\/fc-barcelona\\\/fc-barcelona-is-about-to-recover-four-great-reinforcements-for-the-midfield_307595_102.html\"},\"author\":{\"name\":\"Juan Pablo Berdugo\",\"@id\":\"https:\\\/\\\/www.fcbarcelonanoticias.com\\\/en\\\/#\\\/schema\\\/person\\\/88d756918a0a1ae9fa593b5edddd1815\"},\"headline\":\"FC Barcelona is about to recover four great &#8216;reinforcements&#8217; for the midfield\",\"datePublished\":\"2024-09-29T19:36:00+00:00\",\"dateModified\":\"2026-03-27T10:43:20+00:00\",\"mainEntityOfPage\":{\"@id\":\"https:\\\/\\\/www.fcbarcelonanoticias.com\\\/en\\\/fc-barcelona\\\/fc-barcelona-is-about-to-recover-four-great-reinforcements-for-the-midfield_307595_102.html\"},\"wordCount\":376,\"image\":{\"@id\":\"https:\\\/\\\/www.fcbarcelonanoticias.com\\\/en\\\/fc-barcelona\\\/fc-barcelona-is-about-to-recover-four-great-reinforcements-for-the-midfield_307595_102.html#primaryimage\"},\"thumbnailUrl\":\"https:\\\/\\\/www.fcbarcelonanoticias.com\\\/en\\\/wp-content\\\/uploads\\\/sites\\\/2\\\/2024\\\/09\\\/fcbn-entrenamiento-26sep24.jpeg\",\"keywords\":[\"injured\"],\"articleSection\":[\"FC Barcelona\"],\"inLanguage\":\"en-US\"},{\"@type\":\"WebPage\",\"@id\":\"https:\\\/\\\/www.fcbarcelonanoticias.com\\\/en\\\/fc-barcelona\\\/fc-barcelona-is-about-to-recover-four-great-reinforcements-for-the-midfield_307595_102.html\",\"url\":\"https:\\\/\\\/www.fcbarcelonanoticias.com\\\/en\\\/fc-barcelona\\\/fc-barcelona-is-about-to-recover-four-great-reinforcements-for-the-midfield_307595_102.html\",\"name\":\"FC Barcelona is about to recover four great 'reinforcements' for the midfield\",\"isPartOf\":{\"@id\":\"https:\\\/\\\/www.fcbarcelonanoticias.com\\\/en\\\/#website\"},\"primaryImageOfPage\":{\"@id\":\"https:\\\/\\\/www.fcbarcelonanoticias.com\\\/en\\\/fc-barcelona\\\/fc-barcelona-is-about-to-recover-four-great-reinforcements-for-the-midfield_307595_102.html#primaryimage\"},\"image\":{\"@id\":\"https:\\\/\\\/www.fcbarcelonanoticias.com\\\/en\\\/fc-barcelona\\\/fc-barcelona-is-about-to-recover-four-great-reinforcements-for-the-midfield_307595_102.html#primaryimage\"},\"thumbnailUrl\":\"https:\\\/\\\/www.fcbarcelonanoticias.com\\\/en\\\/wp-content\\\/uploads\\\/sites\\\/2\\\/2024\\\/09\\\/fcbn-entrenamiento-26sep24.jpeg\",\"datePublished\":\"2024-09-29T19:36:00+00:00\",\"dateModified\":\"2026-03-27T10:43:20+00:00\",\"author\":{\"@id\":\"https:\\\/\\\/www.fcbarcelonanoticias.com\\\/en\\\/#\\\/schema\\\/person\\\/88d756918a0a1ae9fa593b5edddd1815\"},\"description\":\"Hansi Flick could count on Frenkie de Jong against Young Boys and Alav\u00e9s. After the international break, Gavi, Dani Olmo and Ferm\u00edn will be the next to return\",\"breadcrumb\":{\"@id\":\"https:\\\/\\\/www.fcbarcelonanoticias.com\\\/en\\\/fc-barcelona\\\/fc-barcelona-is-about-to-recover-four-great-reinforcements-for-the-midfield_307595_102.html#breadcrumb\"},\"inLanguage\":\"en-US\",\"potentialAction\":[{\"@type\":\"ReadAction\",\"target\":[\"https:\\\/\\\/www.fcbarcelonanoticias.com\\\/en\\\/fc-barcelona\\\/fc-barcelona-is-about-to-recover-four-great-reinforcements-for-the-midfield_307595_102.html\"]}]},{\"@type\":\"ImageObject\",\"inLanguage\":\"en-US\",\"@id\":\"https:\\\/\\\/www.fcbarcelonanoticias.com\\\/en\\\/fc-barcelona\\\/fc-barcelona-is-about-to-recover-four-great-reinforcements-for-the-midfield_307595_102.html#primaryimage\",\"url\":\"https:\\\/\\\/www.fcbarcelonanoticias.com\\\/en\\\/wp-content\\\/uploads\\\/sites\\\/2\\\/2024\\\/09\\\/fcbn-entrenamiento-26sep24.jpeg\",\"contentUrl\":\"https:\\\/\\\/www.fcbarcelonanoticias.com\\\/en\\\/wp-content\\\/uploads\\\/sites\\\/2\\\/2024\\\/09\\\/fcbn-entrenamiento-26sep24.jpeg\",\"width\":1250,\"height\":833},{\"@type\":\"BreadcrumbList\",\"@id\":\"https:\\\/\\\/www.fcbarcelonanoticias.com\\\/en\\\/fc-barcelona\\\/fc-barcelona-is-about-to-recover-four-great-reinforcements-for-the-midfield_307595_102.html#breadcrumb\",\"itemListElement\":[{\"@type\":\"ListItem\",\"position\":1,\"name\":\"Portada\",\"item\":\"https:\\\/\\\/www.fcbarcelonanoticias.com\\\/en\\\/\"},{\"@type\":\"ListItem\",\"position\":2,\"name\":\"FC Barcelona is about to recover four great &#8216;reinforcements&#8217; for the midfield\"}]},{\"@type\":\"WebSite\",\"@id\":\"https:\\\/\\\/www.fcbarcelonanoticias.com\\\/en\\\/#website\",\"url\":\"https:\\\/\\\/www.fcbarcelonanoticias.com\\\/en\\\/\",\"name\":\"EN - FC Barcelona Noticias\",\"description\":\"\",\"potentialAction\":[{\"@type\":\"SearchAction\",\"target\":{\"@type\":\"EntryPoint\",\"urlTemplate\":\"https:\\\/\\\/www.fcbarcelonanoticias.com\\\/en\\\/?s={search_term_string}\"},\"query-input\":{\"@type\":\"PropertyValueSpecification\",\"valueRequired\":true,\"valueName\":\"search_term_string\"}}],\"inLanguage\":\"en-US\"},{\"@type\":\"Person\",\"@id\":\"https:\\\/\\\/www.fcbarcelonanoticias.com\\\/en\\\/#\\\/schema\\\/person\\\/88d756918a0a1ae9fa593b5edddd1815\",\"name\":\"Juan Pablo Berdugo\",\"image\":{\"@type\":\"ImageObject\",\"inLanguage\":\"en-US\",\"@id\":\"https:\\\/\\\/secure.gravatar.com\\\/avatar\\\/?s=96&d=mm&r=g\",\"url\":\"https:\\\/\\\/secure.gravatar.com\\\/avatar\\\/?s=96&d=mm&r=g\",\"contentUrl\":\"https:\\\/\\\/secure.gravatar.com\\\/avatar\\\/?s=96&d=mm&r=g\",\"caption\":\"Juan Pablo Berdugo\"},\"description\":\"Juan Pablo Berdugo es graduado en Periodismo. Colabora con FCBN como especialista en informaci\u00f3n del primer equipo del FC Barcelona, f\u00fatbol internacional y mercado de fichajes. Destaca por su enfoque anal\u00edtico, su rigor informativo y su capacidad para detectar tendencias emergentes en el f\u00fatbol global.\",\"url\":\"https:\\\/\\\/www.fcbarcelonanoticias.com\\\/en\\\/fc-barcelona\\\/juan-pablo-berdugo_18_115.html\"}]}<\/script>\n<!-- \/ Yoast SEO plugin. -->","yoast_head_json":{"title":"FC Barcelona is about to recover four great 'reinforcements' for the midfield","description":"Hansi Flick could count on Frenkie de Jong against Young Boys and Alav\u00e9s. After the international break, Gavi, Dani Olmo and Ferm\u00edn will be the next to return","robots":{"index":"index","follow":"follow","max-snippet":"max-snippet:-1","max-image-preview":"max-image-preview:large","max-video-preview":"max-video-preview:-1"},"canonical":"https:\/\/www.fcbarcelonanoticias.com\/en\/fc-barcelona\/fc-barcelona-is-about-to-recover-four-great-reinforcements-for-the-midfield_307595_102.html","og_locale":"en_US","og_type":"article","og_title":"FC Barcelona is about to recover four great 'reinforcements' for the midfield","og_description":"Hansi Flick could count on Frenkie de Jong against Young Boys and Alav\u00e9s. After the international break, Gavi, Dani Olmo and Ferm\u00edn will be the next to return","og_url":"https:\/\/www.fcbarcelonanoticias.com\/en\/fc-barcelona\/fc-barcelona-is-about-to-recover-four-great-reinforcements-for-the-midfield_307595_102.html","og_site_name":"EN - FC Barcelona Noticias","article_published_time":"2024-09-29T19:36:00+00:00","article_modified_time":"2026-03-27T10:43:20+00:00","og_image":[{"width":1250,"height":833,"url":"https:\/\/www.fcbarcelonanoticias.com\/en\/wp-content\/uploads\/sites\/2\/2024\/09\/fcbn-entrenamiento-26sep24.jpeg","type":"image\/jpeg"}],"author":"Juan Pablo Berdugo","twitter_card":"summary_large_image","twitter_misc":{"Written by":"Juan Pablo Berdugo","Est. reading time":"2 minutes"},"schema":{"@context":"https:\/\/schema.org","@graph":[{"@type":"Article","@id":"https:\/\/www.fcbarcelonanoticias.com\/en\/fc-barcelona\/fc-barcelona-is-about-to-recover-four-great-reinforcements-for-the-midfield_307595_102.html#article","isPartOf":{"@id":"https:\/\/www.fcbarcelonanoticias.com\/en\/fc-barcelona\/fc-barcelona-is-about-to-recover-four-great-reinforcements-for-the-midfield_307595_102.html"},"author":{"name":"Juan Pablo Berdugo","@id":"https:\/\/www.fcbarcelonanoticias.com\/en\/#\/schema\/person\/88d756918a0a1ae9fa593b5edddd1815"},"headline":"FC Barcelona is about to recover four great &#8216;reinforcements&#8217; for the midfield","datePublished":"2024-09-29T19:36:00+00:00","dateModified":"2026-03-27T10:43:20+00:00","mainEntityOfPage":{"@id":"https:\/\/www.fcbarcelonanoticias.com\/en\/fc-barcelona\/fc-barcelona-is-about-to-recover-four-great-reinforcements-for-the-midfield_307595_102.html"},"wordCount":376,"image":{"@id":"https:\/\/www.fcbarcelonanoticias.com\/en\/fc-barcelona\/fc-barcelona-is-about-to-recover-four-great-reinforcements-for-the-midfield_307595_102.html#primaryimage"},"thumbnailUrl":"https:\/\/www.fcbarcelonanoticias.com\/en\/wp-content\/uploads\/sites\/2\/2024\/09\/fcbn-entrenamiento-26sep24.jpeg","keywords":["injured"],"articleSection":["FC Barcelona"],"inLanguage":"en-US"},{"@type":"WebPage","@id":"https:\/\/www.fcbarcelonanoticias.com\/en\/fc-barcelona\/fc-barcelona-is-about-to-recover-four-great-reinforcements-for-the-midfield_307595_102.html","url":"https:\/\/www.fcbarcelonanoticias.com\/en\/fc-barcelona\/fc-barcelona-is-about-to-recover-four-great-reinforcements-for-the-midfield_307595_102.html","name":"FC Barcelona is about to recover four great 'reinforcements' for the midfield","isPartOf":{"@id":"https:\/\/www.fcbarcelonanoticias.com\/en\/#website"},"primaryImageOfPage":{"@id":"https:\/\/www.fcbarcelonanoticias.com\/en\/fc-barcelona\/fc-barcelona-is-about-to-recover-four-great-reinforcements-for-the-midfield_307595_102.html#primaryimage"},"image":{"@id":"https:\/\/www.fcbarcelonanoticias.com\/en\/fc-barcelona\/fc-barcelona-is-about-to-recover-four-great-reinforcements-for-the-midfield_307595_102.html#primaryimage"},"thumbnailUrl":"https:\/\/www.fcbarcelonanoticias.com\/en\/wp-content\/uploads\/sites\/2\/2024\/09\/fcbn-entrenamiento-26sep24.jpeg","datePublished":"2024-09-29T19:36:00+00:00","dateModified":"2026-03-27T10:43:20+00:00","author":{"@id":"https:\/\/www.fcbarcelonanoticias.com\/en\/#\/schema\/person\/88d756918a0a1ae9fa593b5edddd1815"},"description":"Hansi Flick could count on Frenkie de Jong against Young Boys and Alav\u00e9s. After the international break, Gavi, Dani Olmo and Ferm\u00edn will be the next to return","breadcrumb":{"@id":"https:\/\/www.fcbarcelonanoticias.com\/en\/fc-barcelona\/fc-barcelona-is-about-to-recover-four-great-reinforcements-for-the-midfield_307595_102.html#breadcrumb"},"inLanguage":"en-US","potentialAction":[{"@type":"ReadAction","target":["https:\/\/www.fcbarcelonanoticias.com\/en\/fc-barcelona\/fc-barcelona-is-about-to-recover-four-great-reinforcements-for-the-midfield_307595_102.html"]}]},{"@type":"ImageObject","inLanguage":"en-US","@id":"https:\/\/www.fcbarcelonanoticias.com\/en\/fc-barcelona\/fc-barcelona-is-about-to-recover-four-great-reinforcements-for-the-midfield_307595_102.html#primaryimage","url":"https:\/\/www.fcbarcelonanoticias.com\/en\/wp-content\/uploads\/sites\/2\/2024\/09\/fcbn-entrenamiento-26sep24.jpeg","contentUrl":"https:\/\/www.fcbarcelonanoticias.com\/en\/wp-content\/uploads\/sites\/2\/2024\/09\/fcbn-entrenamiento-26sep24.jpeg","width":1250,"height":833},{"@type":"BreadcrumbList","@id":"https:\/\/www.fcbarcelonanoticias.com\/en\/fc-barcelona\/fc-barcelona-is-about-to-recover-four-great-reinforcements-for-the-midfield_307595_102.html#breadcrumb","itemListElement":[{"@type":"ListItem","position":1,"name":"Portada","item":"https:\/\/www.fcbarcelonanoticias.com\/en\/"},{"@type":"ListItem","position":2,"name":"FC Barcelona is about to recover four great &#8216;reinforcements&#8217; for the midfield"}]},{"@type":"WebSite","@id":"https:\/\/www.fcbarcelonanoticias.com\/en\/#website","url":"https:\/\/www.fcbarcelonanoticias.com\/en\/","name":"EN - FC Barcelona Noticias","description":"","potentialAction":[{"@type":"SearchAction","target":{"@type":"EntryPoint","urlTemplate":"https:\/\/www.fcbarcelonanoticias.com\/en\/?s={search_term_string}"},"query-input":{"@type":"PropertyValueSpecification","valueRequired":true,"valueName":"search_term_string"}}],"inLanguage":"en-US"},{"@type":"Person","@id":"https:\/\/www.fcbarcelonanoticias.com\/en\/#\/schema\/person\/88d756918a0a1ae9fa593b5edddd1815","name":"Juan Pablo Berdugo","image":{"@type":"ImageObject","inLanguage":"en-US","@id":"https:\/\/secure.gravatar.com\/avatar\/?s=96&d=mm&r=g","url":"https:\/\/secure.gravatar.com\/avatar\/?s=96&d=mm&r=g","contentUrl":"https:\/\/secure.gravatar.com\/avatar\/?s=96&d=mm&r=g","caption":"Juan Pablo Berdugo"},"description":"Juan Pablo Berdugo es graduado en Periodismo. Colabora con FCBN como especialista en informaci\u00f3n del primer equipo del FC Barcelona, f\u00fatbol internacional y mercado de fichajes. Destaca por su enfoque anal\u00edtico, su rigor informativo y su capacidad para detectar tendencias emergentes en el f\u00fatbol global.","url":"https:\/\/www.fcbarcelonanoticias.com\/en\/fc-barcelona\/juan-pablo-berdugo_18_115.html"}]}},"_links":{"self":[{"href":"https:\/\/www.fcbarcelonanoticias.com\/en\/wp-json\/wp\/v2\/posts\/18365","targetHints":{"allow":["GET"]}}],"collection":[{"href":"https:\/\/www.fcbarcelonanoticias.com\/en\/wp-json\/wp\/v2\/posts"}],"about":[{"href":"https:\/\/www.fcbarcelonanoticias.com\/en\/wp-json\/wp\/v2\/types\/post"}],"author":[{"embeddable":true,"href":"https:\/\/www.fcbarcelonanoticias.com\/en\/wp-json\/wp\/v2\/users\/358"}],"replies":[{"embeddable":true,"href":"https:\/\/www.fcbarcelonanoticias.com\/en\/wp-json\/wp\/v2\/comments?post=18365"}],"version-history":[{"count":2,"href":"https:\/\/www.fcbarcelonanoticias.com\/en\/wp-json\/wp\/v2\/posts\/18365\/revisions"}],"predecessor-version":[{"id":161924,"href":"https:\/\/www.fcbarcelonanoticias.com\/en\/wp-json\/wp\/v2\/posts\/18365\/revisions\/161924"}],"wp:featuredmedia":[{"embeddable":true,"href":"https:\/\/www.fcbarcelonanoticias.com\/en\/wp-json\/wp\/v2\/media\/18370"}],"wp:attachment":[{"href":"https:\/\/www.fcbarcelonanoticias.com\/en\/wp-json\/wp\/v2\/media?parent=18365"}],"wp:term":[{"taxonomy":"category","embeddable":true,"href":"https:\/\/www.fcbarcelonanoticias.com\/en\/wp-json\/wp\/v2\/categories?post=18365"},{"taxonomy":"post_tag","embeddable":true,"href":"https:\/\/www.fcbarcelonanoticias.com\/en\/wp-json\/wp\/v2\/tags?post=18365"}],"curies":[{"name":"wp","href":"https:\/\/api.w.org\/{rel}","templated":true}]}}