{"id":18522,"date":"2025-03-10T23:04:00","date_gmt":"2025-03-10T22:04:00","guid":{"rendered":"https:\/\/weisetech.dev\/fc-barcelona-noticias\/en\/fc-barcelona-on-alert-the-risk-that-could-complicate-their_311391_102\/"},"modified":"2025-03-11T03:35:00","modified_gmt":"2025-03-11T02:35:00","slug":"fc-barcelona-on-alert-the-risk-that-could-complicate-their_311391_102","status":"publish","type":"post","link":"https:\/\/www.fcbarcelonanoticias.com\/en\/fc-barcelona\/fc-barcelona-on-alert-the-risk-that-could-complicate-their_311391_102.html","title":{"rendered":"FC Barcelona on alert: the risk that could complicate their path in the Champions League"},"content":{"rendered":"<h2 class=\"wp-block-heading\">I\u00f1igo Mart\u00ednez on the tightrope: a yellow card would leave him out of the quarter-finals<\/h2>  \r\n<div class=\"article-addons\">\r\n    <a href=\"https:\/\/www.fcbarcelonanoticias.com\/en\/calendar-fc-barcelona.html\"\r\n       target=\"_self\"\r\n       title=\"Calendar of FC Barcelona\"\r\n       class=\"blue-gredient-btn\">\r\n       \r\n        Calendar of FC Barcelona    <\/a>\r\n<\/div>   <p>The <strong>FC Barcelona<\/strong> will face one of their most important tests of the season this coming Tuesday against <strong><a data-external=\"0\" data-intl-links-en=\"https:\/\/www.fcbarcelonanoticias.com\/en\/champions-league\/fc-barcelona-vs-benfica-live-and-online-when-and-where-to-watch-the-champions-league-match-on-tv_311384_102.html\" data-intl-links-es=\"https:\/\/www.fcbarcelonanoticias.com\/champions-league\/fc-barcelona-vs-benfica-en-directo-online-cuando-donde-ver-partido-champions-en-tv_311384_102.html\" href=\"https:\/\/www.fcbarcelonanoticias.com\/en\/champions-league\/fc-barcelona-vs-benfica-live-and-online-when-and-where-to-watch-the-champions-league-match-on-tv_311384_102.html\" rel=\"follow\" target=\"_self\" title=\"FC Barcelona vs Benfica live and online: When and where to watch the Champions League match on TV\">Benfica<\/a><\/strong>. The blaugranas return to <strong>Montju\u00efc<\/strong> with a 1-0 advantage on aggregate after their victory in Lisbon and will seek to secure their qualification for the quarter-finals of the <strong>Champions League<\/strong> in front of their fans, but a specific case will keep both <strong>Hansi Flick<\/strong> and the squad on edge during the match.<\/p>  <p>After receiving a yellow card in the first leg for throwing his shin guard in protest of a harsh tackle from an opponent, <strong>I\u00f1igo Mart\u00ednez<\/strong> arrives at the match against the Lisbon team on the brink of suspension, and if he receives another warning, he would miss the first leg of a hypothetical quarter-final.<\/p>  <p>A &#8216;headache&#8217; for the coaching staff and the player himself, who will almost certainly <a data-external=\"0\" data-intl-links-en=\"https:\/\/www.fcbarcelonanoticias.com\/en\/champions-league\/fc-barcelona-vs-benfica-probable-lineups-for-the-match_311386_102.html\" data-intl-links-es=\"https:\/\/www.fcbarcelonanoticias.com\/champions-league\/fc-barcelona-vs-benfica-alineaciones-probables-partido-champions-league-2024-25_311386_102.html\" href=\"https:\/\/www.fcbarcelonanoticias.com\/en\/champions-league\/fc-barcelona-vs-benfica-probable-lineups-for-the-match_311386_102.html\" rel=\"follow\" target=\"_self\" title=\"FC Barcelona vs Benfica: Probable lineups for the match - Champions League 2024-25\">be a starter due to the suspension of the expelled Pau Cubars\u00ed<\/a>, so he will need to draw on his leadership and experience to come out &#8216;unscathed&#8217; from the clash against the Portuguese.<\/p>  <p>Similarly, a long list of first-team players have received a card in the current edition of the tournament, which conditions them for the match in Montju\u00efc. <strong>Jules Kound\u00e9, Alejandro Balde, Frenkie de Jong, Marc Casad\u00f3, Gavi, Ferm\u00edn L\u00f3pez, and Ferran Torres<\/strong> must avoid receiving a yellow card at all costs, as in this case they would be cautioned for the next round of the competition.<\/p>  <ul> <li> <strong>Players at risk of suspension:<\/strong> I\u00f1igo Mart\u00ednez.<\/li> \t<li> <strong>Players at risk of being cautioned for the quarter-finals:<\/strong> Jules Kound\u00e9, Alejandro Balde, Frenkie de Jong, Marc Casad\u00f3, Gavi, Ferm\u00edn L\u00f3pez, and Ferran Torres.<\/li> <\/ul> <h2>Benfica arrives at Montju\u00efc heavily conditioned<\/h2>  <p>The situation for <strong>Benfica<\/strong>, on the other hand, is much more delicate, as the &#8216;eagles&#8217; have up to six players on the brink of suspension in the Champions League. <strong>Aursnes<\/strong>, <strong>K\u00f6k\u00e7\u00fc<\/strong>, <strong>Otamendi<\/strong>, <strong>Barreiro<\/strong>, <strong>Amdouni<\/strong>, and the injured <strong>Bah<\/strong> have accumulated two cards in the tournament, and if they are cautioned against the Catalans, they would miss the next match of the tournament if they manage to pull off an upset in their visit to the Catalan capital.<\/p>  <p>To make matters worse, <strong>Bruno Lage<\/strong> will also be without one of the key pieces of his scheme, as left-back <strong>\u00c1lvaro Carreras<\/strong> will miss the match against <strong>Bar\u00e7a<\/strong> due to suspension. The defender received his fifth yellow card in the first leg and will not be present at the Estadi Ol\u00edmpic Llu\u00eds Companys, which is a significant loss for the visitors. Likewise, <strong>\u00c1ngel Di Mar\u00eda, Tiago Gouveia, Alexander Bah, and Manu Silva<\/strong> will also be absent against the cul\u00e9s due to injury.<\/p> ","protected":false},"excerpt":{"rendered":"<p>I\u00f1igo Mart\u00ednez on the tightrope: a yellow card would leave him out of the quarter-finals The FC Barcelona will face one of their most important tests of the season this coming Tuesday against Benfica. The blaugranas return to Montju\u00efc with a 1-0 advantage on aggregate after their victory in Lisbon and will seek to secure [&hellip;]<\/p>\n","protected":false},"author":358,"featured_media":18523,"comment_status":"closed","ping_status":"open","sticky":false,"template":"","format":"standard","meta":{"_acf_changed":false,"inline_featured_image":false,"_nextfly_llmd_date_locked":false,"footnotes":""},"categories":[111],"tags":[241],"class_list":["post-18522","post","type-post","status-publish","format-standard","has-post-thumbnail","hentry","category-fc-barcelona","tag-fc-barcelona-vs-benfica-latest-match-news"],"acf":[],"yoast_head":"<!-- This site is optimized with the Yoast SEO plugin v27.3 - https:\/\/yoast.com\/product\/yoast-seo-wordpress\/ -->\n<title>FC Barcelona on alert: the risk that could complicate their...<\/title>\n<meta name=\"description\" content=\"I\u00f1igo Mart\u00ednez arrives cautioned for the return of the Champions League round of 16 against Benfica. If he sees a yellow card, the center-back would miss the first leg of a hypothetical quarter-final...\" \/>\n<meta name=\"robots\" content=\"index, follow, max-snippet:-1, max-image-preview:large, max-video-preview:-1\" \/>\n<link rel=\"canonical\" href=\"https:\/\/www.fcbarcelonanoticias.com\/en\/fc-barcelona\/fc-barcelona-on-alert-the-risk-that-could-complicate-their_311391_102.html\" \/>\n<meta property=\"og:locale\" content=\"en_US\" \/>\n<meta property=\"og:type\" content=\"article\" \/>\n<meta property=\"og:title\" content=\"FC Barcelona on alert: the risk that could complicate their...\" \/>\n<meta property=\"og:description\" content=\"I\u00f1igo Mart\u00ednez arrives cautioned for the return of the Champions League round of 16 against Benfica. If he sees a yellow card, the center-back would miss the first leg of a hypothetical quarter-final...\" \/>\n<meta property=\"og:url\" content=\"https:\/\/www.fcbarcelonanoticias.com\/en\/fc-barcelona\/fc-barcelona-on-alert-the-risk-that-could-complicate-their_311391_102.html\" \/>\n<meta property=\"og:site_name\" content=\"EN - FC Barcelona Noticias\" \/>\n<meta property=\"article:published_time\" content=\"2025-03-10T22:04:00+00:00\" \/>\n<meta property=\"article:modified_time\" content=\"2025-03-11T02:35:00+00:00\" \/>\n<meta property=\"og:image\" content=\"https:\/\/www.fcbarcelonanoticias.com\/en\/wp-content\/uploads\/sites\/2\/2025\/03\/sl-benfica-v-fc-barcelona-uefa-champions-league-2024-25-round-of-16-first-leg-11-1.jpeg\" \/>\n\t<meta property=\"og:image:width\" content=\"1200\" \/>\n\t<meta property=\"og:image:height\" content=\"675\" \/>\n\t<meta property=\"og:image:type\" content=\"image\/jpeg\" \/>\n<meta name=\"author\" content=\"Juan Pablo Berdugo\" \/>\n<meta name=\"twitter:card\" content=\"summary_large_image\" \/>\n<meta name=\"twitter:label1\" content=\"Written by\" \/>\n\t<meta name=\"twitter:data1\" content=\"Juan Pablo Berdugo\" \/>\n\t<meta name=\"twitter:label2\" content=\"Est. reading time\" \/>\n\t<meta name=\"twitter:data2\" content=\"2 minutes\" \/>\n<script type=\"application\/ld+json\" class=\"yoast-schema-graph\">{\"@context\":\"https:\\\/\\\/schema.org\",\"@graph\":[{\"@type\":\"Article\",\"@id\":\"https:\\\/\\\/www.fcbarcelonanoticias.com\\\/en\\\/fc-barcelona\\\/fc-barcelona-on-alert-the-risk-that-could-complicate-their_311391_102.html#article\",\"isPartOf\":{\"@id\":\"https:\\\/\\\/www.fcbarcelonanoticias.com\\\/en\\\/fc-barcelona\\\/fc-barcelona-on-alert-the-risk-that-could-complicate-their_311391_102.html\"},\"author\":{\"name\":\"Juan Pablo Berdugo\",\"@id\":\"https:\\\/\\\/www.fcbarcelonanoticias.com\\\/en\\\/#\\\/schema\\\/person\\\/88d756918a0a1ae9fa593b5edddd1815\"},\"headline\":\"FC Barcelona on alert: the risk that could complicate their path in the Champions League\",\"datePublished\":\"2025-03-10T22:04:00+00:00\",\"dateModified\":\"2025-03-11T02:35:00+00:00\",\"mainEntityOfPage\":{\"@id\":\"https:\\\/\\\/www.fcbarcelonanoticias.com\\\/en\\\/fc-barcelona\\\/fc-barcelona-on-alert-the-risk-that-could-complicate-their_311391_102.html\"},\"wordCount\":482,\"image\":{\"@id\":\"https:\\\/\\\/www.fcbarcelonanoticias.com\\\/en\\\/fc-barcelona\\\/fc-barcelona-on-alert-the-risk-that-could-complicate-their_311391_102.html#primaryimage\"},\"thumbnailUrl\":\"https:\\\/\\\/www.fcbarcelonanoticias.com\\\/en\\\/wp-content\\\/uploads\\\/sites\\\/2\\\/2025\\\/03\\\/sl-benfica-v-fc-barcelona-uefa-champions-league-2024-25-round-of-16-first-leg-11-1.jpeg\",\"keywords\":[\"FC Barcelona vs Benfica\"],\"articleSection\":[\"FC Barcelona\"],\"inLanguage\":\"en-US\"},{\"@type\":\"WebPage\",\"@id\":\"https:\\\/\\\/www.fcbarcelonanoticias.com\\\/en\\\/fc-barcelona\\\/fc-barcelona-on-alert-the-risk-that-could-complicate-their_311391_102.html\",\"url\":\"https:\\\/\\\/www.fcbarcelonanoticias.com\\\/en\\\/fc-barcelona\\\/fc-barcelona-on-alert-the-risk-that-could-complicate-their_311391_102.html\",\"name\":\"FC Barcelona on alert: the risk that could complicate their...\",\"isPartOf\":{\"@id\":\"https:\\\/\\\/www.fcbarcelonanoticias.com\\\/en\\\/#website\"},\"primaryImageOfPage\":{\"@id\":\"https:\\\/\\\/www.fcbarcelonanoticias.com\\\/en\\\/fc-barcelona\\\/fc-barcelona-on-alert-the-risk-that-could-complicate-their_311391_102.html#primaryimage\"},\"image\":{\"@id\":\"https:\\\/\\\/www.fcbarcelonanoticias.com\\\/en\\\/fc-barcelona\\\/fc-barcelona-on-alert-the-risk-that-could-complicate-their_311391_102.html#primaryimage\"},\"thumbnailUrl\":\"https:\\\/\\\/www.fcbarcelonanoticias.com\\\/en\\\/wp-content\\\/uploads\\\/sites\\\/2\\\/2025\\\/03\\\/sl-benfica-v-fc-barcelona-uefa-champions-league-2024-25-round-of-16-first-leg-11-1.jpeg\",\"datePublished\":\"2025-03-10T22:04:00+00:00\",\"dateModified\":\"2025-03-11T02:35:00+00:00\",\"author\":{\"@id\":\"https:\\\/\\\/www.fcbarcelonanoticias.com\\\/en\\\/#\\\/schema\\\/person\\\/88d756918a0a1ae9fa593b5edddd1815\"},\"description\":\"I\u00f1igo Mart\u00ednez arrives cautioned for the return of the Champions League round of 16 against Benfica. If he sees a yellow card, the center-back would miss the first leg of a hypothetical quarter-final...\",\"breadcrumb\":{\"@id\":\"https:\\\/\\\/www.fcbarcelonanoticias.com\\\/en\\\/fc-barcelona\\\/fc-barcelona-on-alert-the-risk-that-could-complicate-their_311391_102.html#breadcrumb\"},\"inLanguage\":\"en-US\",\"potentialAction\":[{\"@type\":\"ReadAction\",\"target\":[\"https:\\\/\\\/www.fcbarcelonanoticias.com\\\/en\\\/fc-barcelona\\\/fc-barcelona-on-alert-the-risk-that-could-complicate-their_311391_102.html\"]}]},{\"@type\":\"ImageObject\",\"inLanguage\":\"en-US\",\"@id\":\"https:\\\/\\\/www.fcbarcelonanoticias.com\\\/en\\\/fc-barcelona\\\/fc-barcelona-on-alert-the-risk-that-could-complicate-their_311391_102.html#primaryimage\",\"url\":\"https:\\\/\\\/www.fcbarcelonanoticias.com\\\/en\\\/wp-content\\\/uploads\\\/sites\\\/2\\\/2025\\\/03\\\/sl-benfica-v-fc-barcelona-uefa-champions-league-2024-25-round-of-16-first-leg-11-1.jpeg\",\"contentUrl\":\"https:\\\/\\\/www.fcbarcelonanoticias.com\\\/en\\\/wp-content\\\/uploads\\\/sites\\\/2\\\/2025\\\/03\\\/sl-benfica-v-fc-barcelona-uefa-champions-league-2024-25-round-of-16-first-leg-11-1.jpeg\",\"width\":1200,\"height\":675},{\"@type\":\"BreadcrumbList\",\"@id\":\"https:\\\/\\\/www.fcbarcelonanoticias.com\\\/en\\\/fc-barcelona\\\/fc-barcelona-on-alert-the-risk-that-could-complicate-their_311391_102.html#breadcrumb\",\"itemListElement\":[{\"@type\":\"ListItem\",\"position\":1,\"name\":\"Portada\",\"item\":\"https:\\\/\\\/www.fcbarcelonanoticias.com\\\/en\\\/\"},{\"@type\":\"ListItem\",\"position\":2,\"name\":\"FC Barcelona on alert: the risk that could complicate their path in the Champions League\"}]},{\"@type\":\"WebSite\",\"@id\":\"https:\\\/\\\/www.fcbarcelonanoticias.com\\\/en\\\/#website\",\"url\":\"https:\\\/\\\/www.fcbarcelonanoticias.com\\\/en\\\/\",\"name\":\"EN - FC Barcelona Noticias\",\"description\":\"\",\"potentialAction\":[{\"@type\":\"SearchAction\",\"target\":{\"@type\":\"EntryPoint\",\"urlTemplate\":\"https:\\\/\\\/www.fcbarcelonanoticias.com\\\/en\\\/?s={search_term_string}\"},\"query-input\":{\"@type\":\"PropertyValueSpecification\",\"valueRequired\":true,\"valueName\":\"search_term_string\"}}],\"inLanguage\":\"en-US\"},{\"@type\":\"Person\",\"@id\":\"https:\\\/\\\/www.fcbarcelonanoticias.com\\\/en\\\/#\\\/schema\\\/person\\\/88d756918a0a1ae9fa593b5edddd1815\",\"name\":\"Juan Pablo Berdugo\",\"image\":{\"@type\":\"ImageObject\",\"inLanguage\":\"en-US\",\"@id\":\"https:\\\/\\\/secure.gravatar.com\\\/avatar\\\/?s=96&d=mm&r=g\",\"url\":\"https:\\\/\\\/secure.gravatar.com\\\/avatar\\\/?s=96&d=mm&r=g\",\"contentUrl\":\"https:\\\/\\\/secure.gravatar.com\\\/avatar\\\/?s=96&d=mm&r=g\",\"caption\":\"Juan Pablo Berdugo\"},\"description\":\"Juan Pablo Berdugo es graduado en Periodismo. Colabora con FCBN como especialista en informaci\u00f3n del primer equipo del FC Barcelona, f\u00fatbol internacional y mercado de fichajes. Destaca por su enfoque anal\u00edtico, su rigor informativo y su capacidad para detectar tendencias emergentes en el f\u00fatbol global.\",\"url\":\"https:\\\/\\\/www.fcbarcelonanoticias.com\\\/en\\\/fc-barcelona\\\/juan-pablo-berdugo_18_115.html\"}]}<\/script>\n<!-- \/ Yoast SEO plugin. -->","yoast_head_json":{"title":"FC Barcelona on alert: the risk that could complicate their...","description":"I\u00f1igo Mart\u00ednez arrives cautioned for the return of the Champions League round of 16 against Benfica. If he sees a yellow card, the center-back would miss the first leg of a hypothetical quarter-final...","robots":{"index":"index","follow":"follow","max-snippet":"max-snippet:-1","max-image-preview":"max-image-preview:large","max-video-preview":"max-video-preview:-1"},"canonical":"https:\/\/www.fcbarcelonanoticias.com\/en\/fc-barcelona\/fc-barcelona-on-alert-the-risk-that-could-complicate-their_311391_102.html","og_locale":"en_US","og_type":"article","og_title":"FC Barcelona on alert: the risk that could complicate their...","og_description":"I\u00f1igo Mart\u00ednez arrives cautioned for the return of the Champions League round of 16 against Benfica. If he sees a yellow card, the center-back would miss the first leg of a hypothetical quarter-final...","og_url":"https:\/\/www.fcbarcelonanoticias.com\/en\/fc-barcelona\/fc-barcelona-on-alert-the-risk-that-could-complicate-their_311391_102.html","og_site_name":"EN - FC Barcelona Noticias","article_published_time":"2025-03-10T22:04:00+00:00","article_modified_time":"2025-03-11T02:35:00+00:00","og_image":[{"width":1200,"height":675,"url":"https:\/\/www.fcbarcelonanoticias.com\/en\/wp-content\/uploads\/sites\/2\/2025\/03\/sl-benfica-v-fc-barcelona-uefa-champions-league-2024-25-round-of-16-first-leg-11-1.jpeg","type":"image\/jpeg"}],"author":"Juan Pablo Berdugo","twitter_card":"summary_large_image","twitter_misc":{"Written by":"Juan Pablo Berdugo","Est. reading time":"2 minutes"},"schema":{"@context":"https:\/\/schema.org","@graph":[{"@type":"Article","@id":"https:\/\/www.fcbarcelonanoticias.com\/en\/fc-barcelona\/fc-barcelona-on-alert-the-risk-that-could-complicate-their_311391_102.html#article","isPartOf":{"@id":"https:\/\/www.fcbarcelonanoticias.com\/en\/fc-barcelona\/fc-barcelona-on-alert-the-risk-that-could-complicate-their_311391_102.html"},"author":{"name":"Juan Pablo Berdugo","@id":"https:\/\/www.fcbarcelonanoticias.com\/en\/#\/schema\/person\/88d756918a0a1ae9fa593b5edddd1815"},"headline":"FC Barcelona on alert: the risk that could complicate their path in the Champions League","datePublished":"2025-03-10T22:04:00+00:00","dateModified":"2025-03-11T02:35:00+00:00","mainEntityOfPage":{"@id":"https:\/\/www.fcbarcelonanoticias.com\/en\/fc-barcelona\/fc-barcelona-on-alert-the-risk-that-could-complicate-their_311391_102.html"},"wordCount":482,"image":{"@id":"https:\/\/www.fcbarcelonanoticias.com\/en\/fc-barcelona\/fc-barcelona-on-alert-the-risk-that-could-complicate-their_311391_102.html#primaryimage"},"thumbnailUrl":"https:\/\/www.fcbarcelonanoticias.com\/en\/wp-content\/uploads\/sites\/2\/2025\/03\/sl-benfica-v-fc-barcelona-uefa-champions-league-2024-25-round-of-16-first-leg-11-1.jpeg","keywords":["FC Barcelona vs Benfica"],"articleSection":["FC Barcelona"],"inLanguage":"en-US"},{"@type":"WebPage","@id":"https:\/\/www.fcbarcelonanoticias.com\/en\/fc-barcelona\/fc-barcelona-on-alert-the-risk-that-could-complicate-their_311391_102.html","url":"https:\/\/www.fcbarcelonanoticias.com\/en\/fc-barcelona\/fc-barcelona-on-alert-the-risk-that-could-complicate-their_311391_102.html","name":"FC Barcelona on alert: the risk that could complicate their...","isPartOf":{"@id":"https:\/\/www.fcbarcelonanoticias.com\/en\/#website"},"primaryImageOfPage":{"@id":"https:\/\/www.fcbarcelonanoticias.com\/en\/fc-barcelona\/fc-barcelona-on-alert-the-risk-that-could-complicate-their_311391_102.html#primaryimage"},"image":{"@id":"https:\/\/www.fcbarcelonanoticias.com\/en\/fc-barcelona\/fc-barcelona-on-alert-the-risk-that-could-complicate-their_311391_102.html#primaryimage"},"thumbnailUrl":"https:\/\/www.fcbarcelonanoticias.com\/en\/wp-content\/uploads\/sites\/2\/2025\/03\/sl-benfica-v-fc-barcelona-uefa-champions-league-2024-25-round-of-16-first-leg-11-1.jpeg","datePublished":"2025-03-10T22:04:00+00:00","dateModified":"2025-03-11T02:35:00+00:00","author":{"@id":"https:\/\/www.fcbarcelonanoticias.com\/en\/#\/schema\/person\/88d756918a0a1ae9fa593b5edddd1815"},"description":"I\u00f1igo Mart\u00ednez arrives cautioned for the return of the Champions League round of 16 against Benfica. If he sees a yellow card, the center-back would miss the first leg of a hypothetical quarter-final...","breadcrumb":{"@id":"https:\/\/www.fcbarcelonanoticias.com\/en\/fc-barcelona\/fc-barcelona-on-alert-the-risk-that-could-complicate-their_311391_102.html#breadcrumb"},"inLanguage":"en-US","potentialAction":[{"@type":"ReadAction","target":["https:\/\/www.fcbarcelonanoticias.com\/en\/fc-barcelona\/fc-barcelona-on-alert-the-risk-that-could-complicate-their_311391_102.html"]}]},{"@type":"ImageObject","inLanguage":"en-US","@id":"https:\/\/www.fcbarcelonanoticias.com\/en\/fc-barcelona\/fc-barcelona-on-alert-the-risk-that-could-complicate-their_311391_102.html#primaryimage","url":"https:\/\/www.fcbarcelonanoticias.com\/en\/wp-content\/uploads\/sites\/2\/2025\/03\/sl-benfica-v-fc-barcelona-uefa-champions-league-2024-25-round-of-16-first-leg-11-1.jpeg","contentUrl":"https:\/\/www.fcbarcelonanoticias.com\/en\/wp-content\/uploads\/sites\/2\/2025\/03\/sl-benfica-v-fc-barcelona-uefa-champions-league-2024-25-round-of-16-first-leg-11-1.jpeg","width":1200,"height":675},{"@type":"BreadcrumbList","@id":"https:\/\/www.fcbarcelonanoticias.com\/en\/fc-barcelona\/fc-barcelona-on-alert-the-risk-that-could-complicate-their_311391_102.html#breadcrumb","itemListElement":[{"@type":"ListItem","position":1,"name":"Portada","item":"https:\/\/www.fcbarcelonanoticias.com\/en\/"},{"@type":"ListItem","position":2,"name":"FC Barcelona on alert: the risk that could complicate their path in the Champions League"}]},{"@type":"WebSite","@id":"https:\/\/www.fcbarcelonanoticias.com\/en\/#website","url":"https:\/\/www.fcbarcelonanoticias.com\/en\/","name":"EN - FC Barcelona Noticias","description":"","potentialAction":[{"@type":"SearchAction","target":{"@type":"EntryPoint","urlTemplate":"https:\/\/www.fcbarcelonanoticias.com\/en\/?s={search_term_string}"},"query-input":{"@type":"PropertyValueSpecification","valueRequired":true,"valueName":"search_term_string"}}],"inLanguage":"en-US"},{"@type":"Person","@id":"https:\/\/www.fcbarcelonanoticias.com\/en\/#\/schema\/person\/88d756918a0a1ae9fa593b5edddd1815","name":"Juan Pablo Berdugo","image":{"@type":"ImageObject","inLanguage":"en-US","@id":"https:\/\/secure.gravatar.com\/avatar\/?s=96&d=mm&r=g","url":"https:\/\/secure.gravatar.com\/avatar\/?s=96&d=mm&r=g","contentUrl":"https:\/\/secure.gravatar.com\/avatar\/?s=96&d=mm&r=g","caption":"Juan Pablo Berdugo"},"description":"Juan Pablo Berdugo es graduado en Periodismo. Colabora con FCBN como especialista en informaci\u00f3n del primer equipo del FC Barcelona, f\u00fatbol internacional y mercado de fichajes. Destaca por su enfoque anal\u00edtico, su rigor informativo y su capacidad para detectar tendencias emergentes en el f\u00fatbol global.","url":"https:\/\/www.fcbarcelonanoticias.com\/en\/fc-barcelona\/juan-pablo-berdugo_18_115.html"}]}},"_links":{"self":[{"href":"https:\/\/www.fcbarcelonanoticias.com\/en\/wp-json\/wp\/v2\/posts\/18522","targetHints":{"allow":["GET"]}}],"collection":[{"href":"https:\/\/www.fcbarcelonanoticias.com\/en\/wp-json\/wp\/v2\/posts"}],"about":[{"href":"https:\/\/www.fcbarcelonanoticias.com\/en\/wp-json\/wp\/v2\/types\/post"}],"author":[{"embeddable":true,"href":"https:\/\/www.fcbarcelonanoticias.com\/en\/wp-json\/wp\/v2\/users\/358"}],"replies":[{"embeddable":true,"href":"https:\/\/www.fcbarcelonanoticias.com\/en\/wp-json\/wp\/v2\/comments?post=18522"}],"version-history":[{"count":1,"href":"https:\/\/www.fcbarcelonanoticias.com\/en\/wp-json\/wp\/v2\/posts\/18522\/revisions"}],"predecessor-version":[{"id":104733,"href":"https:\/\/www.fcbarcelonanoticias.com\/en\/wp-json\/wp\/v2\/posts\/18522\/revisions\/104733"}],"wp:featuredmedia":[{"embeddable":true,"href":"https:\/\/www.fcbarcelonanoticias.com\/en\/wp-json\/wp\/v2\/media\/18523"}],"wp:attachment":[{"href":"https:\/\/www.fcbarcelonanoticias.com\/en\/wp-json\/wp\/v2\/media?parent=18522"}],"wp:term":[{"taxonomy":"category","embeddable":true,"href":"https:\/\/www.fcbarcelonanoticias.com\/en\/wp-json\/wp\/v2\/categories?post=18522"},{"taxonomy":"post_tag","embeddable":true,"href":"https:\/\/www.fcbarcelonanoticias.com\/en\/wp-json\/wp\/v2\/tags?post=18522"}],"curies":[{"name":"wp","href":"https:\/\/api.w.org\/{rel}","templated":true}]}}