{"id":18540,"date":"2024-07-17T22:42:00","date_gmt":"2024-07-17T20:42:00","guid":{"rendered":"https:\/\/weisetech.dev\/fc-barcelona-noticias\/en\/fc-barcelona-makes-the-date-and-capacity-of-the-spotify-camp-nou-official-for-the-team-return_305547_102\/"},"modified":"2024-07-18T01:12:00","modified_gmt":"2024-07-17T23:12:00","slug":"fc-barcelona-makes-the-date-and-capacity-of-the-spotify-camp-nou-official-for-the-team-return_305547_102","status":"publish","type":"post","link":"https:\/\/www.fcbarcelonanoticias.com\/en\/fc-barcelona\/fc-barcelona-makes-the-date-and-capacity-of-the-spotify-camp-nou-official-for-the-team-return_305547_102.html","title":{"rendered":"FC Barcelona makes the date and capacity of the Spotify Camp Nou official for the team&#8217;s return"},"content":{"rendered":"<h2 class=\"wp-block-heading\">FC Barcelona has provided clear and detailed information about its return to the Camp Nou, including the capacity of the stadium and the estimated date for this expected return<\/h2>  \r\n<div class=\"article-addons\">\r\n    <a href=\"https:\/\/www.fcbarcelonanoticias.com\/en\/calendar-fc-barcelona.html\"\r\n       target=\"_self\"\r\n       title=\"Calendar of FC Barcelona\"\r\n       class=\"blue-gredient-btn\">\r\n       \r\n        Calendar of FC Barcelona    <\/a>\r\n<\/div>   <p>The FC Barcelona and the fans barcelonista know <strong>that every time they are more near of his longed for return to the Spotify Camp Nou<\/strong>, after what will be a year and half of &#8216;exile&#8217; in the Estadi Ol\u00edmpic Llu\u00eds Companys of Montju\u00efc. <a data-external=\"0\" data-intl-links-en=\"https:\/\/www.fcbarcelonanoticias.com\/en\/fc-barcelona\/interesting-news-implemented-in-camp-nou-works_305502_102.html\" data-intl-links-es=\"https:\/\/www.fcbarcelonanoticias.com\/fc-barcelona\/interesantes-novedades-implementadas-en-obras-camp-nou_305502_102.html\" href=\"https:\/\/www.fcbarcelonanoticias.com\/en\/fc-barcelona\/interesting-news-implemented-in-camp-nou-works_305502_102.html\" rel=\"follow\" target=\"_self\" title=\"Las interesantes novedades implementadas en las obras del Camp Nou\">The advances in the construction of the new stadium are evident<\/a> and document daily through the informative channels of the Catalan entity, showing a significant progress to fulfil with the agreed terms and see to the cast cul\u00e9 captivate again with his football in his historical feudo.<\/p>  <p>Now, in a recent address in the Auditori 1899, Joan Sentelles, director of operations of the Espai Bar\u00e7a and of the new Spotify Camp Nou, took advantage of the opportunity <strong>to clear the real estimates of the Barcelona institution for the turn to the imponente Barcelonan home<\/strong>. It is important to remember that initially it mentioned that the combined of the City Condal had the firm intention to return to his feudo usual in November of 2024, specifically on 29 November, to coincide with the 125 anniversary of the club. However, by diverse reasons, this alternative was descartada.<\/p>  <h2>When it will return the FC Barcelona to the Spotify Camp Nou?<\/h2>  <p>In this point, Sentelles provided information about the capacity of the stadium cul\u00e9 and the number of available places once that the Camp Nou was reopened to the public. &#8220;There is not an enclosed capacity, <strong>but on the 64.000 fans would fit in the stadium of December.<\/strong> If it modifies , it will be a figure that will go something in heaves. <strong>The total capacity will be some 104.000 viewers<\/strong>&#8220;.<\/p>  <p>Added to this, the director of operations of the Espai Bar\u00e7a asever\u00f3 that the intention of the FC Barcelona keeps on being, <a data-external=\"0\" data-intl-links-en=\"https:\/\/www.fcbarcelonanoticias.com\/en\/fc-barcelona\/exclusive-date-in-fc-barcelona-will-play-on-spotify-camp-nou_304643_102.html\" data-intl-links-es=\"https:\/\/www.fcbarcelonanoticias.com\/fc-barcelona\/exclusiva-fecha-en-fc-barcelona-volvera-jugar-en-spotify-camp-nou_304643_102.html\" href=\"https:\/\/www.fcbarcelonanoticias.com\/en\/fc-barcelona\/exclusive-date-in-fc-barcelona-will-play-on-spotify-camp-nou_304643_102.html\" rel=\"follow\" target=\"_self\" title=\"\u00a1EXCLUSIVA! La fecha en la que el FC Barcelona volver\u00e1 a jugar en el nuevo Spotify Camp Nou\">as it mentioned previously in FCBN<\/a>, <strong>contest the first commitment of return to the Camp Nou to finals of December<\/strong>. Especulativamente, could preveer that this return will produce with the ending of the first two rings of the stadium, possibly on 22 December, coinciding with the last official meeting of the Catalan cast in 2024 in front of the Athletic of Madrid in LaLiga EA Sports. A duel that, when evaluating to the rival and consider the recent antecedents, promises to offer big emotions and offer a worthy show of a return triunfal.<\/p> ","protected":false},"excerpt":{"rendered":"<p>FC Barcelona has provided clear and detailed information about its return to the Camp Nou, including the capacity of the stadium and the estimated date for this expected return The FC Barcelona and the fans barcelonista know that every time they are more near of his longed for return to the Spotify Camp Nou, after [&hellip;]<\/p>\n","protected":false},"author":355,"featured_media":8802,"comment_status":"closed","ping_status":"open","sticky":false,"template":"","format":"standard","meta":{"_acf_changed":false,"inline_featured_image":false,"_nextfly_llmd_date_locked":false,"footnotes":""},"categories":[111],"tags":[59,82],"class_list":["post-18540","post","type-post","status-publish","format-standard","has-post-thumbnail","hentry","category-fc-barcelona","tag-atletico-de-madrid","tag-camp-nou"],"acf":[],"yoast_head":"<!-- This site is optimized with the Yoast SEO plugin v27.3 - https:\/\/yoast.com\/product\/yoast-seo-wordpress\/ -->\n<title>FC Barcelona makes the date and capacity of the Spotify Camp Nou official for the team&#039;s return<\/title>\n<meta name=\"description\" content=\"FC Barcelona has provided clear and detailed information about its return to the Camp Nou, including the capacity of the stadium and the estimated date for this expected return\" \/>\n<meta name=\"robots\" content=\"index, follow, max-snippet:-1, max-image-preview:large, max-video-preview:-1\" \/>\n<link rel=\"canonical\" href=\"https:\/\/www.fcbarcelonanoticias.com\/en\/fc-barcelona\/fc-barcelona-makes-the-date-and-capacity-of-the-spotify-camp-nou-official-for-the-team-return_305547_102.html\" \/>\n<meta property=\"og:locale\" content=\"en_US\" \/>\n<meta property=\"og:type\" content=\"article\" \/>\n<meta property=\"og:title\" content=\"FC Barcelona makes the date and capacity of the Spotify Camp Nou official for the team&#039;s return\" \/>\n<meta property=\"og:description\" content=\"FC Barcelona has provided clear and detailed information about its return to the Camp Nou, including the capacity of the stadium and the estimated date for this expected return\" \/>\n<meta property=\"og:url\" content=\"https:\/\/www.fcbarcelonanoticias.com\/en\/fc-barcelona\/fc-barcelona-makes-the-date-and-capacity-of-the-spotify-camp-nou-official-for-the-team-return_305547_102.html\" \/>\n<meta property=\"og:site_name\" content=\"EN - FC Barcelona Noticias\" \/>\n<meta property=\"article:published_time\" content=\"2024-07-17T20:42:00+00:00\" \/>\n<meta property=\"article:modified_time\" content=\"2024-07-17T23:12:00+00:00\" \/>\n<meta property=\"og:image\" content=\"https:\/\/www.fcbarcelonanoticias.com\/en\/wp-content\/uploads\/sites\/2\/2024\/06\/estadio-patrocinada-noticia.jpeg\" \/>\n\t<meta property=\"og:image:width\" content=\"1200\" \/>\n\t<meta property=\"og:image:height\" content=\"676\" \/>\n\t<meta property=\"og:image:type\" content=\"image\/jpeg\" \/>\n<meta name=\"author\" content=\"Kevin G\u00f3mez\" \/>\n<meta name=\"twitter:card\" content=\"summary_large_image\" \/>\n<meta name=\"twitter:label1\" content=\"Written by\" \/>\n\t<meta name=\"twitter:data1\" content=\"Kevin G\u00f3mez\" \/>\n\t<meta name=\"twitter:label2\" content=\"Est. reading time\" \/>\n\t<meta name=\"twitter:data2\" content=\"2 minutes\" \/>\n<script type=\"application\/ld+json\" class=\"yoast-schema-graph\">{\"@context\":\"https:\\\/\\\/schema.org\",\"@graph\":[{\"@type\":\"Article\",\"@id\":\"https:\\\/\\\/www.fcbarcelonanoticias.com\\\/en\\\/fc-barcelona\\\/fc-barcelona-makes-the-date-and-capacity-of-the-spotify-camp-nou-official-for-the-team-return_305547_102.html#article\",\"isPartOf\":{\"@id\":\"https:\\\/\\\/www.fcbarcelonanoticias.com\\\/en\\\/fc-barcelona\\\/fc-barcelona-makes-the-date-and-capacity-of-the-spotify-camp-nou-official-for-the-team-return_305547_102.html\"},\"author\":{\"name\":\"Kevin G\u00f3mez\",\"@id\":\"https:\\\/\\\/www.fcbarcelonanoticias.com\\\/en\\\/#\\\/schema\\\/person\\\/991443f134df9a64c6874f96ff984c9d\"},\"headline\":\"FC Barcelona makes the date and capacity of the Spotify Camp Nou official for the team&#8217;s return\",\"datePublished\":\"2024-07-17T20:42:00+00:00\",\"dateModified\":\"2024-07-17T23:12:00+00:00\",\"mainEntityOfPage\":{\"@id\":\"https:\\\/\\\/www.fcbarcelonanoticias.com\\\/en\\\/fc-barcelona\\\/fc-barcelona-makes-the-date-and-capacity-of-the-spotify-camp-nou-official-for-the-team-return_305547_102.html\"},\"wordCount\":428,\"image\":{\"@id\":\"https:\\\/\\\/www.fcbarcelonanoticias.com\\\/en\\\/fc-barcelona\\\/fc-barcelona-makes-the-date-and-capacity-of-the-spotify-camp-nou-official-for-the-team-return_305547_102.html#primaryimage\"},\"thumbnailUrl\":\"https:\\\/\\\/www.fcbarcelonanoticias.com\\\/en\\\/wp-content\\\/uploads\\\/sites\\\/2\\\/2024\\\/06\\\/estadio-patrocinada-noticia.jpeg\",\"keywords\":[\"Atl\u00e9tico de Madrid\",\"Camp Nou\"],\"articleSection\":[\"FC Barcelona\"],\"inLanguage\":\"en-US\"},{\"@type\":\"WebPage\",\"@id\":\"https:\\\/\\\/www.fcbarcelonanoticias.com\\\/en\\\/fc-barcelona\\\/fc-barcelona-makes-the-date-and-capacity-of-the-spotify-camp-nou-official-for-the-team-return_305547_102.html\",\"url\":\"https:\\\/\\\/www.fcbarcelonanoticias.com\\\/en\\\/fc-barcelona\\\/fc-barcelona-makes-the-date-and-capacity-of-the-spotify-camp-nou-official-for-the-team-return_305547_102.html\",\"name\":\"FC Barcelona makes the date and capacity of the Spotify Camp Nou official for the team's return\",\"isPartOf\":{\"@id\":\"https:\\\/\\\/www.fcbarcelonanoticias.com\\\/en\\\/#website\"},\"primaryImageOfPage\":{\"@id\":\"https:\\\/\\\/www.fcbarcelonanoticias.com\\\/en\\\/fc-barcelona\\\/fc-barcelona-makes-the-date-and-capacity-of-the-spotify-camp-nou-official-for-the-team-return_305547_102.html#primaryimage\"},\"image\":{\"@id\":\"https:\\\/\\\/www.fcbarcelonanoticias.com\\\/en\\\/fc-barcelona\\\/fc-barcelona-makes-the-date-and-capacity-of-the-spotify-camp-nou-official-for-the-team-return_305547_102.html#primaryimage\"},\"thumbnailUrl\":\"https:\\\/\\\/www.fcbarcelonanoticias.com\\\/en\\\/wp-content\\\/uploads\\\/sites\\\/2\\\/2024\\\/06\\\/estadio-patrocinada-noticia.jpeg\",\"datePublished\":\"2024-07-17T20:42:00+00:00\",\"dateModified\":\"2024-07-17T23:12:00+00:00\",\"author\":{\"@id\":\"https:\\\/\\\/www.fcbarcelonanoticias.com\\\/en\\\/#\\\/schema\\\/person\\\/991443f134df9a64c6874f96ff984c9d\"},\"description\":\"FC Barcelona has provided clear and detailed information about its return to the Camp Nou, including the capacity of the stadium and the estimated date for this expected return\",\"breadcrumb\":{\"@id\":\"https:\\\/\\\/www.fcbarcelonanoticias.com\\\/en\\\/fc-barcelona\\\/fc-barcelona-makes-the-date-and-capacity-of-the-spotify-camp-nou-official-for-the-team-return_305547_102.html#breadcrumb\"},\"inLanguage\":\"en-US\",\"potentialAction\":[{\"@type\":\"ReadAction\",\"target\":[\"https:\\\/\\\/www.fcbarcelonanoticias.com\\\/en\\\/fc-barcelona\\\/fc-barcelona-makes-the-date-and-capacity-of-the-spotify-camp-nou-official-for-the-team-return_305547_102.html\"]}]},{\"@type\":\"ImageObject\",\"inLanguage\":\"en-US\",\"@id\":\"https:\\\/\\\/www.fcbarcelonanoticias.com\\\/en\\\/fc-barcelona\\\/fc-barcelona-makes-the-date-and-capacity-of-the-spotify-camp-nou-official-for-the-team-return_305547_102.html#primaryimage\",\"url\":\"https:\\\/\\\/www.fcbarcelonanoticias.com\\\/en\\\/wp-content\\\/uploads\\\/sites\\\/2\\\/2024\\\/06\\\/estadio-patrocinada-noticia.jpeg\",\"contentUrl\":\"https:\\\/\\\/www.fcbarcelonanoticias.com\\\/en\\\/wp-content\\\/uploads\\\/sites\\\/2\\\/2024\\\/06\\\/estadio-patrocinada-noticia.jpeg\",\"width\":1200,\"height\":676},{\"@type\":\"BreadcrumbList\",\"@id\":\"https:\\\/\\\/www.fcbarcelonanoticias.com\\\/en\\\/fc-barcelona\\\/fc-barcelona-makes-the-date-and-capacity-of-the-spotify-camp-nou-official-for-the-team-return_305547_102.html#breadcrumb\",\"itemListElement\":[{\"@type\":\"ListItem\",\"position\":1,\"name\":\"Portada\",\"item\":\"https:\\\/\\\/www.fcbarcelonanoticias.com\\\/en\\\/\"},{\"@type\":\"ListItem\",\"position\":2,\"name\":\"FC Barcelona makes the date and capacity of the Spotify Camp Nou official for the team&#8217;s return\"}]},{\"@type\":\"WebSite\",\"@id\":\"https:\\\/\\\/www.fcbarcelonanoticias.com\\\/en\\\/#website\",\"url\":\"https:\\\/\\\/www.fcbarcelonanoticias.com\\\/en\\\/\",\"name\":\"EN - FC Barcelona Noticias\",\"description\":\"\",\"potentialAction\":[{\"@type\":\"SearchAction\",\"target\":{\"@type\":\"EntryPoint\",\"urlTemplate\":\"https:\\\/\\\/www.fcbarcelonanoticias.com\\\/en\\\/?s={search_term_string}\"},\"query-input\":{\"@type\":\"PropertyValueSpecification\",\"valueRequired\":true,\"valueName\":\"search_term_string\"}}],\"inLanguage\":\"en-US\"},{\"@type\":\"Person\",\"@id\":\"https:\\\/\\\/www.fcbarcelonanoticias.com\\\/en\\\/#\\\/schema\\\/person\\\/991443f134df9a64c6874f96ff984c9d\",\"name\":\"Kevin G\u00f3mez\",\"image\":{\"@type\":\"ImageObject\",\"inLanguage\":\"en-US\",\"@id\":\"https:\\\/\\\/secure.gravatar.com\\\/avatar\\\/?s=96&d=mm&r=g\",\"url\":\"https:\\\/\\\/secure.gravatar.com\\\/avatar\\\/?s=96&d=mm&r=g\",\"contentUrl\":\"https:\\\/\\\/secure.gravatar.com\\\/avatar\\\/?s=96&d=mm&r=g\",\"caption\":\"Kevin G\u00f3mez\"},\"description\":\"Licenciado\u00a0en Periodismo y Comunicaci\u00f3n Audiovisual. Redactor en FCBN responsable de cubrir toda\u00a0la informaci\u00f3n del FC Barcelona y las principales competiciones de\u00a0f\u00fatbol.\",\"url\":\"https:\\\/\\\/www.fcbarcelonanoticias.com\\\/en\\\/jugadores\\\/kevin-gomez_23_115.html\"}]}<\/script>\n<!-- \/ Yoast SEO plugin. -->","yoast_head_json":{"title":"FC Barcelona makes the date and capacity of the Spotify Camp Nou official for the team's return","description":"FC Barcelona has provided clear and detailed information about its return to the Camp Nou, including the capacity of the stadium and the estimated date for this expected return","robots":{"index":"index","follow":"follow","max-snippet":"max-snippet:-1","max-image-preview":"max-image-preview:large","max-video-preview":"max-video-preview:-1"},"canonical":"https:\/\/www.fcbarcelonanoticias.com\/en\/fc-barcelona\/fc-barcelona-makes-the-date-and-capacity-of-the-spotify-camp-nou-official-for-the-team-return_305547_102.html","og_locale":"en_US","og_type":"article","og_title":"FC Barcelona makes the date and capacity of the Spotify Camp Nou official for the team's return","og_description":"FC Barcelona has provided clear and detailed information about its return to the Camp Nou, including the capacity of the stadium and the estimated date for this expected return","og_url":"https:\/\/www.fcbarcelonanoticias.com\/en\/fc-barcelona\/fc-barcelona-makes-the-date-and-capacity-of-the-spotify-camp-nou-official-for-the-team-return_305547_102.html","og_site_name":"EN - FC Barcelona Noticias","article_published_time":"2024-07-17T20:42:00+00:00","article_modified_time":"2024-07-17T23:12:00+00:00","og_image":[{"width":1200,"height":676,"url":"https:\/\/www.fcbarcelonanoticias.com\/en\/wp-content\/uploads\/sites\/2\/2024\/06\/estadio-patrocinada-noticia.jpeg","type":"image\/jpeg"}],"author":"Kevin G\u00f3mez","twitter_card":"summary_large_image","twitter_misc":{"Written by":"Kevin G\u00f3mez","Est. reading time":"2 minutes"},"schema":{"@context":"https:\/\/schema.org","@graph":[{"@type":"Article","@id":"https:\/\/www.fcbarcelonanoticias.com\/en\/fc-barcelona\/fc-barcelona-makes-the-date-and-capacity-of-the-spotify-camp-nou-official-for-the-team-return_305547_102.html#article","isPartOf":{"@id":"https:\/\/www.fcbarcelonanoticias.com\/en\/fc-barcelona\/fc-barcelona-makes-the-date-and-capacity-of-the-spotify-camp-nou-official-for-the-team-return_305547_102.html"},"author":{"name":"Kevin G\u00f3mez","@id":"https:\/\/www.fcbarcelonanoticias.com\/en\/#\/schema\/person\/991443f134df9a64c6874f96ff984c9d"},"headline":"FC Barcelona makes the date and capacity of the Spotify Camp Nou official for the team&#8217;s return","datePublished":"2024-07-17T20:42:00+00:00","dateModified":"2024-07-17T23:12:00+00:00","mainEntityOfPage":{"@id":"https:\/\/www.fcbarcelonanoticias.com\/en\/fc-barcelona\/fc-barcelona-makes-the-date-and-capacity-of-the-spotify-camp-nou-official-for-the-team-return_305547_102.html"},"wordCount":428,"image":{"@id":"https:\/\/www.fcbarcelonanoticias.com\/en\/fc-barcelona\/fc-barcelona-makes-the-date-and-capacity-of-the-spotify-camp-nou-official-for-the-team-return_305547_102.html#primaryimage"},"thumbnailUrl":"https:\/\/www.fcbarcelonanoticias.com\/en\/wp-content\/uploads\/sites\/2\/2024\/06\/estadio-patrocinada-noticia.jpeg","keywords":["Atl\u00e9tico de Madrid","Camp Nou"],"articleSection":["FC Barcelona"],"inLanguage":"en-US"},{"@type":"WebPage","@id":"https:\/\/www.fcbarcelonanoticias.com\/en\/fc-barcelona\/fc-barcelona-makes-the-date-and-capacity-of-the-spotify-camp-nou-official-for-the-team-return_305547_102.html","url":"https:\/\/www.fcbarcelonanoticias.com\/en\/fc-barcelona\/fc-barcelona-makes-the-date-and-capacity-of-the-spotify-camp-nou-official-for-the-team-return_305547_102.html","name":"FC Barcelona makes the date and capacity of the Spotify Camp Nou official for the team's return","isPartOf":{"@id":"https:\/\/www.fcbarcelonanoticias.com\/en\/#website"},"primaryImageOfPage":{"@id":"https:\/\/www.fcbarcelonanoticias.com\/en\/fc-barcelona\/fc-barcelona-makes-the-date-and-capacity-of-the-spotify-camp-nou-official-for-the-team-return_305547_102.html#primaryimage"},"image":{"@id":"https:\/\/www.fcbarcelonanoticias.com\/en\/fc-barcelona\/fc-barcelona-makes-the-date-and-capacity-of-the-spotify-camp-nou-official-for-the-team-return_305547_102.html#primaryimage"},"thumbnailUrl":"https:\/\/www.fcbarcelonanoticias.com\/en\/wp-content\/uploads\/sites\/2\/2024\/06\/estadio-patrocinada-noticia.jpeg","datePublished":"2024-07-17T20:42:00+00:00","dateModified":"2024-07-17T23:12:00+00:00","author":{"@id":"https:\/\/www.fcbarcelonanoticias.com\/en\/#\/schema\/person\/991443f134df9a64c6874f96ff984c9d"},"description":"FC Barcelona has provided clear and detailed information about its return to the Camp Nou, including the capacity of the stadium and the estimated date for this expected return","breadcrumb":{"@id":"https:\/\/www.fcbarcelonanoticias.com\/en\/fc-barcelona\/fc-barcelona-makes-the-date-and-capacity-of-the-spotify-camp-nou-official-for-the-team-return_305547_102.html#breadcrumb"},"inLanguage":"en-US","potentialAction":[{"@type":"ReadAction","target":["https:\/\/www.fcbarcelonanoticias.com\/en\/fc-barcelona\/fc-barcelona-makes-the-date-and-capacity-of-the-spotify-camp-nou-official-for-the-team-return_305547_102.html"]}]},{"@type":"ImageObject","inLanguage":"en-US","@id":"https:\/\/www.fcbarcelonanoticias.com\/en\/fc-barcelona\/fc-barcelona-makes-the-date-and-capacity-of-the-spotify-camp-nou-official-for-the-team-return_305547_102.html#primaryimage","url":"https:\/\/www.fcbarcelonanoticias.com\/en\/wp-content\/uploads\/sites\/2\/2024\/06\/estadio-patrocinada-noticia.jpeg","contentUrl":"https:\/\/www.fcbarcelonanoticias.com\/en\/wp-content\/uploads\/sites\/2\/2024\/06\/estadio-patrocinada-noticia.jpeg","width":1200,"height":676},{"@type":"BreadcrumbList","@id":"https:\/\/www.fcbarcelonanoticias.com\/en\/fc-barcelona\/fc-barcelona-makes-the-date-and-capacity-of-the-spotify-camp-nou-official-for-the-team-return_305547_102.html#breadcrumb","itemListElement":[{"@type":"ListItem","position":1,"name":"Portada","item":"https:\/\/www.fcbarcelonanoticias.com\/en\/"},{"@type":"ListItem","position":2,"name":"FC Barcelona makes the date and capacity of the Spotify Camp Nou official for the team&#8217;s return"}]},{"@type":"WebSite","@id":"https:\/\/www.fcbarcelonanoticias.com\/en\/#website","url":"https:\/\/www.fcbarcelonanoticias.com\/en\/","name":"EN - FC Barcelona Noticias","description":"","potentialAction":[{"@type":"SearchAction","target":{"@type":"EntryPoint","urlTemplate":"https:\/\/www.fcbarcelonanoticias.com\/en\/?s={search_term_string}"},"query-input":{"@type":"PropertyValueSpecification","valueRequired":true,"valueName":"search_term_string"}}],"inLanguage":"en-US"},{"@type":"Person","@id":"https:\/\/www.fcbarcelonanoticias.com\/en\/#\/schema\/person\/991443f134df9a64c6874f96ff984c9d","name":"Kevin G\u00f3mez","image":{"@type":"ImageObject","inLanguage":"en-US","@id":"https:\/\/secure.gravatar.com\/avatar\/?s=96&d=mm&r=g","url":"https:\/\/secure.gravatar.com\/avatar\/?s=96&d=mm&r=g","contentUrl":"https:\/\/secure.gravatar.com\/avatar\/?s=96&d=mm&r=g","caption":"Kevin G\u00f3mez"},"description":"Licenciado\u00a0en Periodismo y Comunicaci\u00f3n Audiovisual. Redactor en FCBN responsable de cubrir toda\u00a0la informaci\u00f3n del FC Barcelona y las principales competiciones de\u00a0f\u00fatbol.","url":"https:\/\/www.fcbarcelonanoticias.com\/en\/jugadores\/kevin-gomez_23_115.html"}]}},"_links":{"self":[{"href":"https:\/\/www.fcbarcelonanoticias.com\/en\/wp-json\/wp\/v2\/posts\/18540","targetHints":{"allow":["GET"]}}],"collection":[{"href":"https:\/\/www.fcbarcelonanoticias.com\/en\/wp-json\/wp\/v2\/posts"}],"about":[{"href":"https:\/\/www.fcbarcelonanoticias.com\/en\/wp-json\/wp\/v2\/types\/post"}],"author":[{"embeddable":true,"href":"https:\/\/www.fcbarcelonanoticias.com\/en\/wp-json\/wp\/v2\/users\/355"}],"replies":[{"embeddable":true,"href":"https:\/\/www.fcbarcelonanoticias.com\/en\/wp-json\/wp\/v2\/comments?post=18540"}],"version-history":[{"count":1,"href":"https:\/\/www.fcbarcelonanoticias.com\/en\/wp-json\/wp\/v2\/posts\/18540\/revisions"}],"predecessor-version":[{"id":104777,"href":"https:\/\/www.fcbarcelonanoticias.com\/en\/wp-json\/wp\/v2\/posts\/18540\/revisions\/104777"}],"wp:featuredmedia":[{"embeddable":true,"href":"https:\/\/www.fcbarcelonanoticias.com\/en\/wp-json\/wp\/v2\/media\/8802"}],"wp:attachment":[{"href":"https:\/\/www.fcbarcelonanoticias.com\/en\/wp-json\/wp\/v2\/media?parent=18540"}],"wp:term":[{"taxonomy":"category","embeddable":true,"href":"https:\/\/www.fcbarcelonanoticias.com\/en\/wp-json\/wp\/v2\/categories?post=18540"},{"taxonomy":"post_tag","embeddable":true,"href":"https:\/\/www.fcbarcelonanoticias.com\/en\/wp-json\/wp\/v2\/tags?post=18540"}],"curies":[{"name":"wp","href":"https:\/\/api.w.org\/{rel}","templated":true}]}}