{"id":18586,"date":"2023-12-16T23:38:00","date_gmt":"2023-12-16T22:38:00","guid":{"rendered":"https:\/\/weisetech.dev\/fc-barcelona-noticias\/en\/gundogan-cancelo-kounde-barca-1x1-in-their-new-prick-in-valencia_299090_102\/"},"modified":"2023-12-16T23:38:00","modified_gmt":"2023-12-16T22:38:00","slug":"gundogan-cancelo-kounde-barca-1x1-in-their-new-prick-in-valencia_299090_102","status":"publish","type":"post","link":"https:\/\/www.fcbarcelonanoticias.com\/en\/fc-barcelona\/gundogan-cancelo-kounde-barca-1x1-in-their-new-prick-in-valencia_299090_102.html","title":{"rendered":"G\u00fcndogan, Cancelo, Kound\u00e9&#8230; Bar\u00e7a&#8217;s 1&#215;1 in their new &#8216;prick&#8217; in Valencia"},"content":{"rendered":"<h2 class=\"wp-block-heading\">The Blaugrana team continues without taking off and once again gives up important points in La Liga against Valencia. Xavi&#8217;s team lacked precision and the ability to put one more &#8216;gear&#8217; to secure victory in a match that showed lights and shadows on the part of the cul\u00e9s<\/h2>  \r\n<div class=\"article-addons\">\r\n    <a href=\"https:\/\/www.fcbarcelonanoticias.com\/en\/calendar-fc-barcelona.html\"\r\n       target=\"_self\"\r\n       title=\"Calendar of FC Barcelona\"\r\n       class=\"blue-gredient-btn\">\r\n       \r\n        Calendar of FC Barcelona    <\/a>\r\n<\/div>   <p>The FC Barcelona added another trip in The League, what again costs him important points in the classification. Although the team of Xavi did not play badly, yielded in front of Valencia decimated that surprised more than the expected. With an eleven initial with novelties, these are the qualifications of the players of the Bar\u00e7a in the tie in front of the group &#8216;che&#8217;:<\/p>  <h2>I\u00f1aki Crag: Correct<\/h2>  <p>Had another solid performance like titling, completing a correct party. Valencia generated several dangerous occasions and the Alicante goalkeeper was attentive, making more than an unemployed saviour. Little it could do in the goal of Guillam\u00f3n, since it treated of a shot to the practically impossible square to detain.<\/p>  <h2>I cancel: Decadent<\/h2>  <p>The performance of the Portuguese in the party was of more to less, since in the first-half showed greater activity that in the second. It stood out by his verticality in the right band and aventur\u00f3 in several occasions in incursions by the side. Nevertheless, in the second half was more discreet, did not go his best party.<\/p>  <h2>Ara\u00fajo: Authoritarian<\/h2>  <p>Once again, erigi\u00f3 like the leader of the defence and had a stood out exert. In the second half showed some permissiveness, but in general lines was very attentive in the defensive interventions, imposing his law in the area cul\u00e9. However, his exit of balloon was not so hit and committed some desaciertos in the passes filtered. In spite of this, the &#8216;charr\u00faa&#8217; had a good party.<\/p>  <h2>Kound\u00e9: Ascendant<\/h2>  <p>The French went back to exert like head office and exhibited an improvement regarding the parties against Girona and Amberes. It showed firm in the intercepciones and correct in the pass; the &#8216;Frenchman&#8217; seems to be more comfortable in the centre of the saga. Nevertheless, still it finds far of the level of security and defensive ferocity that showed in the previous season.<\/p>  <h2>Balde: Careful<\/h2>  <p>It returned to the titularity after a time and was not so dynamic as it is used to to be usual. It showed some incisividad in the incursions by the left, but did not stand out neither in attack neither in defence. The performance of the side was quite discreet. Still it has a lot of work by in front to consolidate like titling in this side.<\/p>  <h2>G\u00fcndogan: Fall\u00f3n<\/h2>  <p>It showed precision in the creation of game but had lacks in the definition in front of the goal. The German had important opportunities and was not hit in the shots. It showed lacking of forcefulness near of the area and in a lot of occasions seemed desenfocado.<\/p>  <h2>Frenkie Of Jong: Creator<\/h2>  <p>Undoubtedly, it went the best of the Bar\u00e7a. It situated in the base of the creation in the centre of the field cul\u00e9 and was highly involved and active in the game. Of his boots arose a glorious pass to Raphinha, the one who afterwards delivered the balloon to Joao F\u00e9lix for the 1-0. In spite of his stood out performance, the Dutch received a yellow card and will be drop in the next clash in front of the Almer\u00eda.<\/p>  <h2>Pedri: Discreet<\/h2>  <p>The Canarian always shows destellos of his quality in the field, and saw him hit in the control of the balloon. However, it did not have his best performance and, in general, was quite lacking of spark. It won more importance in the final minutes of the meeting, but the midfield player seems to go finding increasingly comfortable in the lawn.<\/p>  <h2>Raphinha: Benevolent<\/h2>  <p>Lights and shadows in the party of the carioca. The extreme combined very well with Cancel in the right side and showed big incisividad with his arrivals by this band, in addition to making an excellent assistance to Joao F\u00e9lix in the 1-0. However, had in his boots the 1-2 and failed in a crucial action. It was missing him determination to finalise this played.<\/p>  <h2>Lewandowski: Committed<\/h2>  <p>Although the Pole has not been hit in the last meetings, in this showed more active and participatory. It looked for the goal with insistence, but his performance was of more to less, showing almost disappeared in the final stretch of the meeting. Even so, the ariete adds another party without seeing goal, something that is turning into a habit.<\/p>  <h2>Joao F\u00e9lix: Turned off<\/h2>  <p>It was the author of the goal and starred some played of danger, but again had an irregular party where did not stand out in excess. The Portuguese opted for playing more inside to give space to the confined of Balde, but did not deploy all his potential.<\/p>  <h2>Ferran Torres: Motivated<\/h2>  <p>Ferran went out to the terrain of game with an additional course and showed his win to annotate from the moment in that ingres\u00f3. In fact, had a clear opportunity with the first ball that touched, that was near to turn into goal. His entrance was a change hit by Joao F\u00e9lix, the one who was not standing out too much, and gave him an additional impulse to the party.<\/p>  <h2>Lamine Yamal: Neutralised<\/h2>  <p>Since it stepped the lawn, had to his mark very near and could not develop his game of the way that likes him. It did not have a lot of opportunities to touch the balloon and was missing him space to deploy his game from the band.<\/p> ","protected":false},"excerpt":{"rendered":"<p>The Blaugrana team continues without taking off and once again gives up important points in La Liga against Valencia. Xavi&#8217;s team lacked precision and the ability to put one more &#8216;gear&#8217; to secure victory in a match that showed lights and shadows on the part of the cul\u00e9s The FC Barcelona added another trip in [&hellip;]<\/p>\n","protected":false},"author":344,"featured_media":18589,"comment_status":"closed","ping_status":"open","sticky":false,"template":"","format":"standard","meta":{"_acf_changed":false,"inline_featured_image":false,"_nextfly_llmd_date_locked":false,"footnotes":""},"categories":[111],"tags":[183,80],"class_list":["post-18586","post","type-post","status-publish","format-standard","has-post-thumbnail","hentry","category-fc-barcelona","tag-the-1x1","tag-valencia-cf"],"acf":[],"yoast_head":"<!-- This site is optimized with the Yoast SEO plugin v27.3 - https:\/\/yoast.com\/product\/yoast-seo-wordpress\/ -->\n<title>G\u00fcndogan, Cancelo, Kound\u00e9... Bar\u00e7a&#039;s 1x1 in their new &#039;prick&#039; in Valencia<\/title>\n<meta name=\"description\" content=\"The Blaugrana team continues without taking off and once again gives up important points in La Liga against Valencia. Xavi&#039;s team lacked precision and the ability to put one more &#039;gear&#039; to secure victory in a match that showed lights and shadows on the part of the cul\u00e9s\" \/>\n<meta name=\"robots\" content=\"index, follow, max-snippet:-1, max-image-preview:large, max-video-preview:-1\" \/>\n<link rel=\"canonical\" href=\"https:\/\/www.fcbarcelonanoticias.com\/en\/fc-barcelona\/gundogan-cancelo-kounde-barca-1x1-in-their-new-prick-in-valencia_299090_102.html\" \/>\n<meta property=\"og:locale\" content=\"en_US\" \/>\n<meta property=\"og:type\" content=\"article\" \/>\n<meta property=\"og:title\" content=\"G\u00fcndogan, Cancelo, Kound\u00e9... Bar\u00e7a&#039;s 1x1 in their new &#039;prick&#039; in Valencia\" \/>\n<meta property=\"og:description\" content=\"The Blaugrana team continues without taking off and once again gives up important points in La Liga against Valencia. Xavi&#039;s team lacked precision and the ability to put one more &#039;gear&#039; to secure victory in a match that showed lights and shadows on the part of the cul\u00e9s\" \/>\n<meta property=\"og:url\" content=\"https:\/\/www.fcbarcelonanoticias.com\/en\/fc-barcelona\/gundogan-cancelo-kounde-barca-1x1-in-their-new-prick-in-valencia_299090_102.html\" \/>\n<meta property=\"og:site_name\" content=\"EN - FC Barcelona Noticias\" \/>\n<meta property=\"article:published_time\" content=\"2023-12-16T22:38:00+00:00\" \/>\n<meta property=\"og:image\" content=\"https:\/\/www.fcbarcelonanoticias.com\/en\/wp-content\/uploads\/sites\/2\/2023\/12\/valencia-cf-v-fc-barcelona-laliga-ea-sports.jpeg\" \/>\n\t<meta property=\"og:image:width\" content=\"1300\" \/>\n\t<meta property=\"og:image:height\" content=\"732\" \/>\n\t<meta property=\"og:image:type\" content=\"image\/jpeg\" \/>\n<meta name=\"author\" content=\"Ariel Molina\" \/>\n<meta name=\"twitter:card\" content=\"summary_large_image\" \/>\n<meta name=\"twitter:label1\" content=\"Written by\" \/>\n\t<meta name=\"twitter:data1\" content=\"Ariel Molina\" \/>\n\t<meta name=\"twitter:label2\" content=\"Est. reading time\" \/>\n\t<meta name=\"twitter:data2\" content=\"5 minutes\" \/>\n<script type=\"application\/ld+json\" class=\"yoast-schema-graph\">{\"@context\":\"https:\\\/\\\/schema.org\",\"@graph\":[{\"@type\":\"Article\",\"@id\":\"https:\\\/\\\/www.fcbarcelonanoticias.com\\\/en\\\/fc-barcelona\\\/gundogan-cancelo-kounde-barca-1x1-in-their-new-prick-in-valencia_299090_102.html#article\",\"isPartOf\":{\"@id\":\"https:\\\/\\\/www.fcbarcelonanoticias.com\\\/en\\\/fc-barcelona\\\/gundogan-cancelo-kounde-barca-1x1-in-their-new-prick-in-valencia_299090_102.html\"},\"author\":{\"name\":\"Ariel Molina\",\"@id\":\"https:\\\/\\\/www.fcbarcelonanoticias.com\\\/en\\\/#\\\/schema\\\/person\\\/e9820ca62b3ab5d344366c282da4bce7\"},\"headline\":\"G\u00fcndogan, Cancelo, Kound\u00e9&#8230; Bar\u00e7a&#8217;s 1&#215;1 in their new &#8216;prick&#8217; in Valencia\",\"datePublished\":\"2023-12-16T22:38:00+00:00\",\"mainEntityOfPage\":{\"@id\":\"https:\\\/\\\/www.fcbarcelonanoticias.com\\\/en\\\/fc-barcelona\\\/gundogan-cancelo-kounde-barca-1x1-in-their-new-prick-in-valencia_299090_102.html\"},\"wordCount\":958,\"image\":{\"@id\":\"https:\\\/\\\/www.fcbarcelonanoticias.com\\\/en\\\/fc-barcelona\\\/gundogan-cancelo-kounde-barca-1x1-in-their-new-prick-in-valencia_299090_102.html#primaryimage\"},\"thumbnailUrl\":\"https:\\\/\\\/www.fcbarcelonanoticias.com\\\/en\\\/wp-content\\\/uploads\\\/sites\\\/2\\\/2023\\\/12\\\/valencia-cf-v-fc-barcelona-laliga-ea-sports.jpeg\",\"keywords\":[\"The 1x1\",\"Valencia CF\"],\"articleSection\":[\"FC Barcelona\"],\"inLanguage\":\"en-US\"},{\"@type\":\"WebPage\",\"@id\":\"https:\\\/\\\/www.fcbarcelonanoticias.com\\\/en\\\/fc-barcelona\\\/gundogan-cancelo-kounde-barca-1x1-in-their-new-prick-in-valencia_299090_102.html\",\"url\":\"https:\\\/\\\/www.fcbarcelonanoticias.com\\\/en\\\/fc-barcelona\\\/gundogan-cancelo-kounde-barca-1x1-in-their-new-prick-in-valencia_299090_102.html\",\"name\":\"G\u00fcndogan, Cancelo, Kound\u00e9... Bar\u00e7a's 1x1 in their new 'prick' in Valencia\",\"isPartOf\":{\"@id\":\"https:\\\/\\\/www.fcbarcelonanoticias.com\\\/en\\\/#website\"},\"primaryImageOfPage\":{\"@id\":\"https:\\\/\\\/www.fcbarcelonanoticias.com\\\/en\\\/fc-barcelona\\\/gundogan-cancelo-kounde-barca-1x1-in-their-new-prick-in-valencia_299090_102.html#primaryimage\"},\"image\":{\"@id\":\"https:\\\/\\\/www.fcbarcelonanoticias.com\\\/en\\\/fc-barcelona\\\/gundogan-cancelo-kounde-barca-1x1-in-their-new-prick-in-valencia_299090_102.html#primaryimage\"},\"thumbnailUrl\":\"https:\\\/\\\/www.fcbarcelonanoticias.com\\\/en\\\/wp-content\\\/uploads\\\/sites\\\/2\\\/2023\\\/12\\\/valencia-cf-v-fc-barcelona-laliga-ea-sports.jpeg\",\"datePublished\":\"2023-12-16T22:38:00+00:00\",\"author\":{\"@id\":\"https:\\\/\\\/www.fcbarcelonanoticias.com\\\/en\\\/#\\\/schema\\\/person\\\/e9820ca62b3ab5d344366c282da4bce7\"},\"description\":\"The Blaugrana team continues without taking off and once again gives up important points in La Liga against Valencia. Xavi's team lacked precision and the ability to put one more 'gear' to secure victory in a match that showed lights and shadows on the part of the cul\u00e9s\",\"breadcrumb\":{\"@id\":\"https:\\\/\\\/www.fcbarcelonanoticias.com\\\/en\\\/fc-barcelona\\\/gundogan-cancelo-kounde-barca-1x1-in-their-new-prick-in-valencia_299090_102.html#breadcrumb\"},\"inLanguage\":\"en-US\",\"potentialAction\":[{\"@type\":\"ReadAction\",\"target\":[\"https:\\\/\\\/www.fcbarcelonanoticias.com\\\/en\\\/fc-barcelona\\\/gundogan-cancelo-kounde-barca-1x1-in-their-new-prick-in-valencia_299090_102.html\"]}]},{\"@type\":\"ImageObject\",\"inLanguage\":\"en-US\",\"@id\":\"https:\\\/\\\/www.fcbarcelonanoticias.com\\\/en\\\/fc-barcelona\\\/gundogan-cancelo-kounde-barca-1x1-in-their-new-prick-in-valencia_299090_102.html#primaryimage\",\"url\":\"https:\\\/\\\/www.fcbarcelonanoticias.com\\\/en\\\/wp-content\\\/uploads\\\/sites\\\/2\\\/2023\\\/12\\\/valencia-cf-v-fc-barcelona-laliga-ea-sports.jpeg\",\"contentUrl\":\"https:\\\/\\\/www.fcbarcelonanoticias.com\\\/en\\\/wp-content\\\/uploads\\\/sites\\\/2\\\/2023\\\/12\\\/valencia-cf-v-fc-barcelona-laliga-ea-sports.jpeg\",\"width\":1300,\"height\":732},{\"@type\":\"BreadcrumbList\",\"@id\":\"https:\\\/\\\/www.fcbarcelonanoticias.com\\\/en\\\/fc-barcelona\\\/gundogan-cancelo-kounde-barca-1x1-in-their-new-prick-in-valencia_299090_102.html#breadcrumb\",\"itemListElement\":[{\"@type\":\"ListItem\",\"position\":1,\"name\":\"Portada\",\"item\":\"https:\\\/\\\/www.fcbarcelonanoticias.com\\\/en\\\/\"},{\"@type\":\"ListItem\",\"position\":2,\"name\":\"G\u00fcndogan, Cancelo, Kound\u00e9&#8230; Bar\u00e7a&#8217;s 1&#215;1 in their new &#8216;prick&#8217; in Valencia\"}]},{\"@type\":\"WebSite\",\"@id\":\"https:\\\/\\\/www.fcbarcelonanoticias.com\\\/en\\\/#website\",\"url\":\"https:\\\/\\\/www.fcbarcelonanoticias.com\\\/en\\\/\",\"name\":\"EN - FC Barcelona Noticias\",\"description\":\"\",\"potentialAction\":[{\"@type\":\"SearchAction\",\"target\":{\"@type\":\"EntryPoint\",\"urlTemplate\":\"https:\\\/\\\/www.fcbarcelonanoticias.com\\\/en\\\/?s={search_term_string}\"},\"query-input\":{\"@type\":\"PropertyValueSpecification\",\"valueRequired\":true,\"valueName\":\"search_term_string\"}}],\"inLanguage\":\"en-US\"},{\"@type\":\"Person\",\"@id\":\"https:\\\/\\\/www.fcbarcelonanoticias.com\\\/en\\\/#\\\/schema\\\/person\\\/e9820ca62b3ab5d344366c282da4bce7\",\"name\":\"Ariel Molina\",\"image\":{\"@type\":\"ImageObject\",\"inLanguage\":\"en-US\",\"@id\":\"https:\\\/\\\/secure.gravatar.com\\\/avatar\\\/?s=96&d=mm&r=g\",\"url\":\"https:\\\/\\\/secure.gravatar.com\\\/avatar\\\/?s=96&d=mm&r=g\",\"contentUrl\":\"https:\\\/\\\/secure.gravatar.com\\\/avatar\\\/?s=96&d=mm&r=g\",\"caption\":\"Ariel Molina\"},\"url\":\"https:\\\/\\\/www.fcbarcelonanoticias.com\\\/en\\\/fc-barcelona\\\/ariel-molina_24_115.html\"}]}<\/script>\n<!-- \/ Yoast SEO plugin. -->","yoast_head_json":{"title":"G\u00fcndogan, Cancelo, Kound\u00e9... Bar\u00e7a's 1x1 in their new 'prick' in Valencia","description":"The Blaugrana team continues without taking off and once again gives up important points in La Liga against Valencia. Xavi's team lacked precision and the ability to put one more 'gear' to secure victory in a match that showed lights and shadows on the part of the cul\u00e9s","robots":{"index":"index","follow":"follow","max-snippet":"max-snippet:-1","max-image-preview":"max-image-preview:large","max-video-preview":"max-video-preview:-1"},"canonical":"https:\/\/www.fcbarcelonanoticias.com\/en\/fc-barcelona\/gundogan-cancelo-kounde-barca-1x1-in-their-new-prick-in-valencia_299090_102.html","og_locale":"en_US","og_type":"article","og_title":"G\u00fcndogan, Cancelo, Kound\u00e9... Bar\u00e7a's 1x1 in their new 'prick' in Valencia","og_description":"The Blaugrana team continues without taking off and once again gives up important points in La Liga against Valencia. Xavi's team lacked precision and the ability to put one more 'gear' to secure victory in a match that showed lights and shadows on the part of the cul\u00e9s","og_url":"https:\/\/www.fcbarcelonanoticias.com\/en\/fc-barcelona\/gundogan-cancelo-kounde-barca-1x1-in-their-new-prick-in-valencia_299090_102.html","og_site_name":"EN - FC Barcelona Noticias","article_published_time":"2023-12-16T22:38:00+00:00","og_image":[{"width":1300,"height":732,"url":"https:\/\/www.fcbarcelonanoticias.com\/en\/wp-content\/uploads\/sites\/2\/2023\/12\/valencia-cf-v-fc-barcelona-laliga-ea-sports.jpeg","type":"image\/jpeg"}],"author":"Ariel Molina","twitter_card":"summary_large_image","twitter_misc":{"Written by":"Ariel Molina","Est. reading time":"5 minutes"},"schema":{"@context":"https:\/\/schema.org","@graph":[{"@type":"Article","@id":"https:\/\/www.fcbarcelonanoticias.com\/en\/fc-barcelona\/gundogan-cancelo-kounde-barca-1x1-in-their-new-prick-in-valencia_299090_102.html#article","isPartOf":{"@id":"https:\/\/www.fcbarcelonanoticias.com\/en\/fc-barcelona\/gundogan-cancelo-kounde-barca-1x1-in-their-new-prick-in-valencia_299090_102.html"},"author":{"name":"Ariel Molina","@id":"https:\/\/www.fcbarcelonanoticias.com\/en\/#\/schema\/person\/e9820ca62b3ab5d344366c282da4bce7"},"headline":"G\u00fcndogan, Cancelo, Kound\u00e9&#8230; Bar\u00e7a&#8217;s 1&#215;1 in their new &#8216;prick&#8217; in Valencia","datePublished":"2023-12-16T22:38:00+00:00","mainEntityOfPage":{"@id":"https:\/\/www.fcbarcelonanoticias.com\/en\/fc-barcelona\/gundogan-cancelo-kounde-barca-1x1-in-their-new-prick-in-valencia_299090_102.html"},"wordCount":958,"image":{"@id":"https:\/\/www.fcbarcelonanoticias.com\/en\/fc-barcelona\/gundogan-cancelo-kounde-barca-1x1-in-their-new-prick-in-valencia_299090_102.html#primaryimage"},"thumbnailUrl":"https:\/\/www.fcbarcelonanoticias.com\/en\/wp-content\/uploads\/sites\/2\/2023\/12\/valencia-cf-v-fc-barcelona-laliga-ea-sports.jpeg","keywords":["The 1x1","Valencia CF"],"articleSection":["FC Barcelona"],"inLanguage":"en-US"},{"@type":"WebPage","@id":"https:\/\/www.fcbarcelonanoticias.com\/en\/fc-barcelona\/gundogan-cancelo-kounde-barca-1x1-in-their-new-prick-in-valencia_299090_102.html","url":"https:\/\/www.fcbarcelonanoticias.com\/en\/fc-barcelona\/gundogan-cancelo-kounde-barca-1x1-in-their-new-prick-in-valencia_299090_102.html","name":"G\u00fcndogan, Cancelo, Kound\u00e9... Bar\u00e7a's 1x1 in their new 'prick' in Valencia","isPartOf":{"@id":"https:\/\/www.fcbarcelonanoticias.com\/en\/#website"},"primaryImageOfPage":{"@id":"https:\/\/www.fcbarcelonanoticias.com\/en\/fc-barcelona\/gundogan-cancelo-kounde-barca-1x1-in-their-new-prick-in-valencia_299090_102.html#primaryimage"},"image":{"@id":"https:\/\/www.fcbarcelonanoticias.com\/en\/fc-barcelona\/gundogan-cancelo-kounde-barca-1x1-in-their-new-prick-in-valencia_299090_102.html#primaryimage"},"thumbnailUrl":"https:\/\/www.fcbarcelonanoticias.com\/en\/wp-content\/uploads\/sites\/2\/2023\/12\/valencia-cf-v-fc-barcelona-laliga-ea-sports.jpeg","datePublished":"2023-12-16T22:38:00+00:00","author":{"@id":"https:\/\/www.fcbarcelonanoticias.com\/en\/#\/schema\/person\/e9820ca62b3ab5d344366c282da4bce7"},"description":"The Blaugrana team continues without taking off and once again gives up important points in La Liga against Valencia. Xavi's team lacked precision and the ability to put one more 'gear' to secure victory in a match that showed lights and shadows on the part of the cul\u00e9s","breadcrumb":{"@id":"https:\/\/www.fcbarcelonanoticias.com\/en\/fc-barcelona\/gundogan-cancelo-kounde-barca-1x1-in-their-new-prick-in-valencia_299090_102.html#breadcrumb"},"inLanguage":"en-US","potentialAction":[{"@type":"ReadAction","target":["https:\/\/www.fcbarcelonanoticias.com\/en\/fc-barcelona\/gundogan-cancelo-kounde-barca-1x1-in-their-new-prick-in-valencia_299090_102.html"]}]},{"@type":"ImageObject","inLanguage":"en-US","@id":"https:\/\/www.fcbarcelonanoticias.com\/en\/fc-barcelona\/gundogan-cancelo-kounde-barca-1x1-in-their-new-prick-in-valencia_299090_102.html#primaryimage","url":"https:\/\/www.fcbarcelonanoticias.com\/en\/wp-content\/uploads\/sites\/2\/2023\/12\/valencia-cf-v-fc-barcelona-laliga-ea-sports.jpeg","contentUrl":"https:\/\/www.fcbarcelonanoticias.com\/en\/wp-content\/uploads\/sites\/2\/2023\/12\/valencia-cf-v-fc-barcelona-laliga-ea-sports.jpeg","width":1300,"height":732},{"@type":"BreadcrumbList","@id":"https:\/\/www.fcbarcelonanoticias.com\/en\/fc-barcelona\/gundogan-cancelo-kounde-barca-1x1-in-their-new-prick-in-valencia_299090_102.html#breadcrumb","itemListElement":[{"@type":"ListItem","position":1,"name":"Portada","item":"https:\/\/www.fcbarcelonanoticias.com\/en\/"},{"@type":"ListItem","position":2,"name":"G\u00fcndogan, Cancelo, Kound\u00e9&#8230; Bar\u00e7a&#8217;s 1&#215;1 in their new &#8216;prick&#8217; in Valencia"}]},{"@type":"WebSite","@id":"https:\/\/www.fcbarcelonanoticias.com\/en\/#website","url":"https:\/\/www.fcbarcelonanoticias.com\/en\/","name":"EN - FC Barcelona Noticias","description":"","potentialAction":[{"@type":"SearchAction","target":{"@type":"EntryPoint","urlTemplate":"https:\/\/www.fcbarcelonanoticias.com\/en\/?s={search_term_string}"},"query-input":{"@type":"PropertyValueSpecification","valueRequired":true,"valueName":"search_term_string"}}],"inLanguage":"en-US"},{"@type":"Person","@id":"https:\/\/www.fcbarcelonanoticias.com\/en\/#\/schema\/person\/e9820ca62b3ab5d344366c282da4bce7","name":"Ariel Molina","image":{"@type":"ImageObject","inLanguage":"en-US","@id":"https:\/\/secure.gravatar.com\/avatar\/?s=96&d=mm&r=g","url":"https:\/\/secure.gravatar.com\/avatar\/?s=96&d=mm&r=g","contentUrl":"https:\/\/secure.gravatar.com\/avatar\/?s=96&d=mm&r=g","caption":"Ariel Molina"},"url":"https:\/\/www.fcbarcelonanoticias.com\/en\/fc-barcelona\/ariel-molina_24_115.html"}]}},"_links":{"self":[{"href":"https:\/\/www.fcbarcelonanoticias.com\/en\/wp-json\/wp\/v2\/posts\/18586","targetHints":{"allow":["GET"]}}],"collection":[{"href":"https:\/\/www.fcbarcelonanoticias.com\/en\/wp-json\/wp\/v2\/posts"}],"about":[{"href":"https:\/\/www.fcbarcelonanoticias.com\/en\/wp-json\/wp\/v2\/types\/post"}],"author":[{"embeddable":true,"href":"https:\/\/www.fcbarcelonanoticias.com\/en\/wp-json\/wp\/v2\/users\/344"}],"replies":[{"embeddable":true,"href":"https:\/\/www.fcbarcelonanoticias.com\/en\/wp-json\/wp\/v2\/comments?post=18586"}],"version-history":[{"count":1,"href":"https:\/\/www.fcbarcelonanoticias.com\/en\/wp-json\/wp\/v2\/posts\/18586\/revisions"}],"predecessor-version":[{"id":103289,"href":"https:\/\/www.fcbarcelonanoticias.com\/en\/wp-json\/wp\/v2\/posts\/18586\/revisions\/103289"}],"wp:featuredmedia":[{"embeddable":true,"href":"https:\/\/www.fcbarcelonanoticias.com\/en\/wp-json\/wp\/v2\/media\/18589"}],"wp:attachment":[{"href":"https:\/\/www.fcbarcelonanoticias.com\/en\/wp-json\/wp\/v2\/media?parent=18586"}],"wp:term":[{"taxonomy":"category","embeddable":true,"href":"https:\/\/www.fcbarcelonanoticias.com\/en\/wp-json\/wp\/v2\/categories?post=18586"},{"taxonomy":"post_tag","embeddable":true,"href":"https:\/\/www.fcbarcelonanoticias.com\/en\/wp-json\/wp\/v2\/tags?post=18586"}],"curies":[{"name":"wp","href":"https:\/\/api.w.org\/{rel}","templated":true}]}}