{"id":18666,"date":"2024-09-11T23:14:00","date_gmt":"2024-09-11T21:14:00","guid":{"rendered":"https:\/\/weisetech.dev\/fc-barcelona-noticias\/en\/hansi-flick-and-barca-prepare-to-face-their-first-trial-by-fire-of-the-season_307221_102\/"},"modified":"2024-09-13T07:33:00","modified_gmt":"2024-09-13T05:33:00","slug":"hansi-flick-and-barca-prepare-to-face-their-first-trial-by-fire-of-the-season_307221_102","status":"publish","type":"post","link":"https:\/\/www.fcbarcelonanoticias.com\/en\/fc-barcelona\/hansi-flick-and-barca-prepare-to-face-their-first-trial-by-fire-of-the-season_307221_102.html","title":{"rendered":"Hansi Flick and Bar\u00e7a prepare to face their first &#8216;trial by fire&#8217; of the season"},"content":{"rendered":"<h2 class=\"wp-block-heading\">With the September international break over, Bar\u00e7a are preparing to play six games in 17 days before the next FIFA date. Flick will be forced to rotate players, so the squad&#8217;s fitness will be put to the test<\/h2>  \r\n<div class=\"article-addons\">\r\n    <a href=\"https:\/\/www.fcbarcelonanoticias.com\/en\/calendar-fc-barcelona.html\"\r\n       target=\"_self\"\r\n       title=\"Calendar of FC Barcelona\"\r\n       class=\"blue-gredient-btn\">\r\n       \r\n        Calendar of FC Barcelona    <\/a>\r\n<\/div>   <p>The international break was a difficult &#8216;punishment&#8217; for <strong>FC Barcelona<\/strong>. The international window came at a sweet time for the Blaugrana team, whose perfect start in LaLiga was leaving them feeling increasingly better. However, <strong>key players in Hansi Flick&#8217;s squad have accumulated more minutes in recent days and, as if that were not enough, Ferm\u00edn L\u00f3pez was injured and will be out for about three weeks<\/strong>. Now, after the close of the FIFA date, <a data-external=\"0\" data-intl-links-en=\"https:\/\/www.fcbarcelonanoticias.com\/en\/calendar\" data-intl-links-es=\"https:\/\/www.fcbarcelonanoticias.com\/calendario\" href=\"https:\/\/www.fcbarcelonanoticias.com\/en\/fc-barcelona\/calendar.html\" rel=\"follow\" target=\"_self\" title=\"Calendar\">the schedule will be tight for the cul\u00e9s<\/a>, whose physicality will be put to the test.<\/p>  <h2>Bar\u00e7a&#8217;s tough &#8216;exams&#8217;<\/h2>  <p><strong>Bar\u00e7a resumes activities in the league championship with a visit to Montilivi<\/strong>, and just four days later they will head to France <strong>to debut in the Champions League against AS Monaco<\/strong>. In total, Flick&#8217;s team will play six games in 17 days, with four of these taking place outside Barcelona. The Catalans <strong>will visit Girona, Monaco, Villarreal and Pamplona, \u200b\u200bwhile they will host Getafe and Young Boys at home<\/strong>.<\/p>  <p>Despite this &#8216;brutal&#8217; schedule, Flick has not lowered the quality of training. The German gave the members of the Blaugrana squad free this Wednesday, September 11, but they will return to the field next Thursday with all the available players. The coach is preparing a plan to control the fatigue of his players&#8217; legs,<strong> being forced to look to the bench in the coming days to preserve the physique of his players<\/strong>.<\/p>  <h2>Flick&#8217;s rotations<\/h2>  <p>In the locker room they feel a significant improvement in terms of physical preparation, and this will be put to the test in the coming weeks. <strong>At the moment, only Ter Stegen, I\u00f1igo Mart\u00ednez, Jules Kound\u00e9 and Raphinha have played all the minutes<\/strong>, with the centre-back and the Brazilian resting during the break as they have not been called up by their national teams. <strong>Lewandowski and Lamine are the next with the most playing time<\/strong> accumulated and, in principle, all should be starters at Montilivi and in the Principality. Later, the Catalans will visit La Cer\u00e1mica, an extremely difficult visit for the team.<\/p>  <p>During these games, <strong>H\u00e9ctor Fort<\/strong>, who has not yet made his official debut this season, could have his first minutes of the campaign. Similarly, <strong>players such as Pau V\u00edctor, Pablo Torre, Eric Garcia, Sergi Dom\u00ednguez or Gerard Mart\u00edn could have more prominence in the team<\/strong> to give the undisputed starters a rest, while Flick is expected to continue trusting Marc Casad\u00f3 as the &#8216;chief of machines&#8217; of the midfield while the date of Frenkie de Jong&#8217;s return is confirmed.<\/p>  <p>The club&#8217;s fitness department was renovated after the arrival of Flick, who brought with him members such as Julio Tous or Pepe Conde, who do not relax the level in this section despite the difficulties presented by the calendar. <strong>The German could also count on the return of Ansu Fati, pending the resolution of the Dutchman&#8217;s case<\/strong>, being two possible great reinforcements to face the second chapter of the season, which is presented with an extra level of difficulty.<\/p> ","protected":false},"excerpt":{"rendered":"<p>With the September international break over, Bar\u00e7a are preparing to play six games in 17 days before the next FIFA date. Flick will be forced to rotate players, so the squad&#8217;s fitness will be put to the test The international break was a difficult &#8216;punishment&#8217; for FC Barcelona. The international window came at a sweet [&hellip;]<\/p>\n","protected":false},"author":358,"featured_media":18669,"comment_status":"closed","ping_status":"open","sticky":false,"template":"","format":"standard","meta":{"_acf_changed":false,"inline_featured_image":false,"_nextfly_llmd_date_locked":false,"footnotes":""},"categories":[111],"tags":[96,50,87,93],"class_list":["post-18666","post","type-post","status-publish","format-standard","has-post-thumbnail","hentry","category-fc-barcelona","tag-getafe-cf","tag-girona","tag-hansi-flick","tag-villarreal-cf"],"acf":[],"yoast_head":"<!-- This site is optimized with the Yoast SEO plugin v27.3 - https:\/\/yoast.com\/product\/yoast-seo-wordpress\/ -->\n<title>Hansi Flick and Bar\u00e7a prepare to face their first &#039;trial by fire&#039; of the season<\/title>\n<meta name=\"description\" content=\"With the September international break over, Bar\u00e7a are preparing to play six games in 17 days before the next FIFA date. Flick will be forced to rotate players, so the squad&#039;s fitness will be put to the test\" \/>\n<meta name=\"robots\" content=\"index, follow, max-snippet:-1, max-image-preview:large, max-video-preview:-1\" \/>\n<link rel=\"canonical\" href=\"https:\/\/www.fcbarcelonanoticias.com\/en\/fc-barcelona\/hansi-flick-and-barca-prepare-to-face-their-first-trial-by-fire-of-the-season_307221_102.html\" \/>\n<meta property=\"og:locale\" content=\"en_US\" \/>\n<meta property=\"og:type\" content=\"article\" \/>\n<meta property=\"og:title\" content=\"Hansi Flick and Bar\u00e7a prepare to face their first &#039;trial by fire&#039; of the season\" \/>\n<meta property=\"og:description\" content=\"With the September international break over, Bar\u00e7a are preparing to play six games in 17 days before the next FIFA date. Flick will be forced to rotate players, so the squad&#039;s fitness will be put to the test\" \/>\n<meta property=\"og:url\" content=\"https:\/\/www.fcbarcelonanoticias.com\/en\/fc-barcelona\/hansi-flick-and-barca-prepare-to-face-their-first-trial-by-fire-of-the-season_307221_102.html\" \/>\n<meta property=\"og:site_name\" content=\"EN - FC Barcelona Noticias\" \/>\n<meta property=\"article:published_time\" content=\"2024-09-11T21:14:00+00:00\" \/>\n<meta property=\"article:modified_time\" content=\"2024-09-13T05:33:00+00:00\" \/>\n<meta property=\"og:image\" content=\"https:\/\/www.fcbarcelonanoticias.com\/en\/wp-content\/uploads\/sites\/2\/2024\/09\/fbl-esp-liga-barcelona-training-2-1.jpeg\" \/>\n\t<meta property=\"og:image:width\" content=\"1250\" \/>\n\t<meta property=\"og:image:height\" content=\"750\" \/>\n\t<meta property=\"og:image:type\" content=\"image\/jpeg\" \/>\n<meta name=\"author\" content=\"Juan Pablo Berdugo\" \/>\n<meta name=\"twitter:card\" content=\"summary_large_image\" \/>\n<meta name=\"twitter:label1\" content=\"Written by\" \/>\n\t<meta name=\"twitter:data1\" content=\"Juan Pablo Berdugo\" \/>\n\t<meta name=\"twitter:label2\" content=\"Est. reading time\" \/>\n\t<meta name=\"twitter:data2\" content=\"3 minutes\" \/>\n<script type=\"application\/ld+json\" class=\"yoast-schema-graph\">{\"@context\":\"https:\\\/\\\/schema.org\",\"@graph\":[{\"@type\":\"Article\",\"@id\":\"https:\\\/\\\/www.fcbarcelonanoticias.com\\\/en\\\/fc-barcelona\\\/hansi-flick-and-barca-prepare-to-face-their-first-trial-by-fire-of-the-season_307221_102.html#article\",\"isPartOf\":{\"@id\":\"https:\\\/\\\/www.fcbarcelonanoticias.com\\\/en\\\/fc-barcelona\\\/hansi-flick-and-barca-prepare-to-face-their-first-trial-by-fire-of-the-season_307221_102.html\"},\"author\":{\"name\":\"Juan Pablo Berdugo\",\"@id\":\"https:\\\/\\\/www.fcbarcelonanoticias.com\\\/en\\\/#\\\/schema\\\/person\\\/88d756918a0a1ae9fa593b5edddd1815\"},\"headline\":\"Hansi Flick and Bar\u00e7a prepare to face their first &#8216;trial by fire&#8217; of the season\",\"datePublished\":\"2024-09-11T21:14:00+00:00\",\"dateModified\":\"2024-09-13T05:33:00+00:00\",\"mainEntityOfPage\":{\"@id\":\"https:\\\/\\\/www.fcbarcelonanoticias.com\\\/en\\\/fc-barcelona\\\/hansi-flick-and-barca-prepare-to-face-their-first-trial-by-fire-of-the-season_307221_102.html\"},\"wordCount\":569,\"image\":{\"@id\":\"https:\\\/\\\/www.fcbarcelonanoticias.com\\\/en\\\/fc-barcelona\\\/hansi-flick-and-barca-prepare-to-face-their-first-trial-by-fire-of-the-season_307221_102.html#primaryimage\"},\"thumbnailUrl\":\"https:\\\/\\\/www.fcbarcelonanoticias.com\\\/en\\\/wp-content\\\/uploads\\\/sites\\\/2\\\/2024\\\/09\\\/fbl-esp-liga-barcelona-training-2-1.jpeg\",\"keywords\":[\"Getafe CF\",\"Girona\",\"Hansi Flick\",\"Villarreal CF\"],\"articleSection\":[\"FC Barcelona\"],\"inLanguage\":\"en-US\"},{\"@type\":\"WebPage\",\"@id\":\"https:\\\/\\\/www.fcbarcelonanoticias.com\\\/en\\\/fc-barcelona\\\/hansi-flick-and-barca-prepare-to-face-their-first-trial-by-fire-of-the-season_307221_102.html\",\"url\":\"https:\\\/\\\/www.fcbarcelonanoticias.com\\\/en\\\/fc-barcelona\\\/hansi-flick-and-barca-prepare-to-face-their-first-trial-by-fire-of-the-season_307221_102.html\",\"name\":\"Hansi Flick and Bar\u00e7a prepare to face their first 'trial by fire' of the season\",\"isPartOf\":{\"@id\":\"https:\\\/\\\/www.fcbarcelonanoticias.com\\\/en\\\/#website\"},\"primaryImageOfPage\":{\"@id\":\"https:\\\/\\\/www.fcbarcelonanoticias.com\\\/en\\\/fc-barcelona\\\/hansi-flick-and-barca-prepare-to-face-their-first-trial-by-fire-of-the-season_307221_102.html#primaryimage\"},\"image\":{\"@id\":\"https:\\\/\\\/www.fcbarcelonanoticias.com\\\/en\\\/fc-barcelona\\\/hansi-flick-and-barca-prepare-to-face-their-first-trial-by-fire-of-the-season_307221_102.html#primaryimage\"},\"thumbnailUrl\":\"https:\\\/\\\/www.fcbarcelonanoticias.com\\\/en\\\/wp-content\\\/uploads\\\/sites\\\/2\\\/2024\\\/09\\\/fbl-esp-liga-barcelona-training-2-1.jpeg\",\"datePublished\":\"2024-09-11T21:14:00+00:00\",\"dateModified\":\"2024-09-13T05:33:00+00:00\",\"author\":{\"@id\":\"https:\\\/\\\/www.fcbarcelonanoticias.com\\\/en\\\/#\\\/schema\\\/person\\\/88d756918a0a1ae9fa593b5edddd1815\"},\"description\":\"With the September international break over, Bar\u00e7a are preparing to play six games in 17 days before the next FIFA date. Flick will be forced to rotate players, so the squad's fitness will be put to the test\",\"breadcrumb\":{\"@id\":\"https:\\\/\\\/www.fcbarcelonanoticias.com\\\/en\\\/fc-barcelona\\\/hansi-flick-and-barca-prepare-to-face-their-first-trial-by-fire-of-the-season_307221_102.html#breadcrumb\"},\"inLanguage\":\"en-US\",\"potentialAction\":[{\"@type\":\"ReadAction\",\"target\":[\"https:\\\/\\\/www.fcbarcelonanoticias.com\\\/en\\\/fc-barcelona\\\/hansi-flick-and-barca-prepare-to-face-their-first-trial-by-fire-of-the-season_307221_102.html\"]}]},{\"@type\":\"ImageObject\",\"inLanguage\":\"en-US\",\"@id\":\"https:\\\/\\\/www.fcbarcelonanoticias.com\\\/en\\\/fc-barcelona\\\/hansi-flick-and-barca-prepare-to-face-their-first-trial-by-fire-of-the-season_307221_102.html#primaryimage\",\"url\":\"https:\\\/\\\/www.fcbarcelonanoticias.com\\\/en\\\/wp-content\\\/uploads\\\/sites\\\/2\\\/2024\\\/09\\\/fbl-esp-liga-barcelona-training-2-1.jpeg\",\"contentUrl\":\"https:\\\/\\\/www.fcbarcelonanoticias.com\\\/en\\\/wp-content\\\/uploads\\\/sites\\\/2\\\/2024\\\/09\\\/fbl-esp-liga-barcelona-training-2-1.jpeg\",\"width\":1250,\"height\":750},{\"@type\":\"BreadcrumbList\",\"@id\":\"https:\\\/\\\/www.fcbarcelonanoticias.com\\\/en\\\/fc-barcelona\\\/hansi-flick-and-barca-prepare-to-face-their-first-trial-by-fire-of-the-season_307221_102.html#breadcrumb\",\"itemListElement\":[{\"@type\":\"ListItem\",\"position\":1,\"name\":\"Portada\",\"item\":\"https:\\\/\\\/www.fcbarcelonanoticias.com\\\/en\\\/\"},{\"@type\":\"ListItem\",\"position\":2,\"name\":\"Hansi Flick and Bar\u00e7a prepare to face their first &#8216;trial by fire&#8217; of the season\"}]},{\"@type\":\"WebSite\",\"@id\":\"https:\\\/\\\/www.fcbarcelonanoticias.com\\\/en\\\/#website\",\"url\":\"https:\\\/\\\/www.fcbarcelonanoticias.com\\\/en\\\/\",\"name\":\"EN - FC Barcelona Noticias\",\"description\":\"\",\"potentialAction\":[{\"@type\":\"SearchAction\",\"target\":{\"@type\":\"EntryPoint\",\"urlTemplate\":\"https:\\\/\\\/www.fcbarcelonanoticias.com\\\/en\\\/?s={search_term_string}\"},\"query-input\":{\"@type\":\"PropertyValueSpecification\",\"valueRequired\":true,\"valueName\":\"search_term_string\"}}],\"inLanguage\":\"en-US\"},{\"@type\":\"Person\",\"@id\":\"https:\\\/\\\/www.fcbarcelonanoticias.com\\\/en\\\/#\\\/schema\\\/person\\\/88d756918a0a1ae9fa593b5edddd1815\",\"name\":\"Juan Pablo Berdugo\",\"image\":{\"@type\":\"ImageObject\",\"inLanguage\":\"en-US\",\"@id\":\"https:\\\/\\\/secure.gravatar.com\\\/avatar\\\/?s=96&d=mm&r=g\",\"url\":\"https:\\\/\\\/secure.gravatar.com\\\/avatar\\\/?s=96&d=mm&r=g\",\"contentUrl\":\"https:\\\/\\\/secure.gravatar.com\\\/avatar\\\/?s=96&d=mm&r=g\",\"caption\":\"Juan Pablo Berdugo\"},\"description\":\"Juan Pablo Berdugo es graduado en Periodismo. Colabora con FCBN como especialista en informaci\u00f3n del primer equipo del FC Barcelona, f\u00fatbol internacional y mercado de fichajes. Destaca por su enfoque anal\u00edtico, su rigor informativo y su capacidad para detectar tendencias emergentes en el f\u00fatbol global.\",\"url\":\"https:\\\/\\\/www.fcbarcelonanoticias.com\\\/en\\\/fc-barcelona\\\/juan-pablo-berdugo_18_115.html\"}]}<\/script>\n<!-- \/ Yoast SEO plugin. -->","yoast_head_json":{"title":"Hansi Flick and Bar\u00e7a prepare to face their first 'trial by fire' of the season","description":"With the September international break over, Bar\u00e7a are preparing to play six games in 17 days before the next FIFA date. Flick will be forced to rotate players, so the squad's fitness will be put to the test","robots":{"index":"index","follow":"follow","max-snippet":"max-snippet:-1","max-image-preview":"max-image-preview:large","max-video-preview":"max-video-preview:-1"},"canonical":"https:\/\/www.fcbarcelonanoticias.com\/en\/fc-barcelona\/hansi-flick-and-barca-prepare-to-face-their-first-trial-by-fire-of-the-season_307221_102.html","og_locale":"en_US","og_type":"article","og_title":"Hansi Flick and Bar\u00e7a prepare to face their first 'trial by fire' of the season","og_description":"With the September international break over, Bar\u00e7a are preparing to play six games in 17 days before the next FIFA date. Flick will be forced to rotate players, so the squad's fitness will be put to the test","og_url":"https:\/\/www.fcbarcelonanoticias.com\/en\/fc-barcelona\/hansi-flick-and-barca-prepare-to-face-their-first-trial-by-fire-of-the-season_307221_102.html","og_site_name":"EN - FC Barcelona Noticias","article_published_time":"2024-09-11T21:14:00+00:00","article_modified_time":"2024-09-13T05:33:00+00:00","og_image":[{"width":1250,"height":750,"url":"https:\/\/www.fcbarcelonanoticias.com\/en\/wp-content\/uploads\/sites\/2\/2024\/09\/fbl-esp-liga-barcelona-training-2-1.jpeg","type":"image\/jpeg"}],"author":"Juan Pablo Berdugo","twitter_card":"summary_large_image","twitter_misc":{"Written by":"Juan Pablo Berdugo","Est. reading time":"3 minutes"},"schema":{"@context":"https:\/\/schema.org","@graph":[{"@type":"Article","@id":"https:\/\/www.fcbarcelonanoticias.com\/en\/fc-barcelona\/hansi-flick-and-barca-prepare-to-face-their-first-trial-by-fire-of-the-season_307221_102.html#article","isPartOf":{"@id":"https:\/\/www.fcbarcelonanoticias.com\/en\/fc-barcelona\/hansi-flick-and-barca-prepare-to-face-their-first-trial-by-fire-of-the-season_307221_102.html"},"author":{"name":"Juan Pablo Berdugo","@id":"https:\/\/www.fcbarcelonanoticias.com\/en\/#\/schema\/person\/88d756918a0a1ae9fa593b5edddd1815"},"headline":"Hansi Flick and Bar\u00e7a prepare to face their first &#8216;trial by fire&#8217; of the season","datePublished":"2024-09-11T21:14:00+00:00","dateModified":"2024-09-13T05:33:00+00:00","mainEntityOfPage":{"@id":"https:\/\/www.fcbarcelonanoticias.com\/en\/fc-barcelona\/hansi-flick-and-barca-prepare-to-face-their-first-trial-by-fire-of-the-season_307221_102.html"},"wordCount":569,"image":{"@id":"https:\/\/www.fcbarcelonanoticias.com\/en\/fc-barcelona\/hansi-flick-and-barca-prepare-to-face-their-first-trial-by-fire-of-the-season_307221_102.html#primaryimage"},"thumbnailUrl":"https:\/\/www.fcbarcelonanoticias.com\/en\/wp-content\/uploads\/sites\/2\/2024\/09\/fbl-esp-liga-barcelona-training-2-1.jpeg","keywords":["Getafe CF","Girona","Hansi Flick","Villarreal CF"],"articleSection":["FC Barcelona"],"inLanguage":"en-US"},{"@type":"WebPage","@id":"https:\/\/www.fcbarcelonanoticias.com\/en\/fc-barcelona\/hansi-flick-and-barca-prepare-to-face-their-first-trial-by-fire-of-the-season_307221_102.html","url":"https:\/\/www.fcbarcelonanoticias.com\/en\/fc-barcelona\/hansi-flick-and-barca-prepare-to-face-their-first-trial-by-fire-of-the-season_307221_102.html","name":"Hansi Flick and Bar\u00e7a prepare to face their first 'trial by fire' of the season","isPartOf":{"@id":"https:\/\/www.fcbarcelonanoticias.com\/en\/#website"},"primaryImageOfPage":{"@id":"https:\/\/www.fcbarcelonanoticias.com\/en\/fc-barcelona\/hansi-flick-and-barca-prepare-to-face-their-first-trial-by-fire-of-the-season_307221_102.html#primaryimage"},"image":{"@id":"https:\/\/www.fcbarcelonanoticias.com\/en\/fc-barcelona\/hansi-flick-and-barca-prepare-to-face-their-first-trial-by-fire-of-the-season_307221_102.html#primaryimage"},"thumbnailUrl":"https:\/\/www.fcbarcelonanoticias.com\/en\/wp-content\/uploads\/sites\/2\/2024\/09\/fbl-esp-liga-barcelona-training-2-1.jpeg","datePublished":"2024-09-11T21:14:00+00:00","dateModified":"2024-09-13T05:33:00+00:00","author":{"@id":"https:\/\/www.fcbarcelonanoticias.com\/en\/#\/schema\/person\/88d756918a0a1ae9fa593b5edddd1815"},"description":"With the September international break over, Bar\u00e7a are preparing to play six games in 17 days before the next FIFA date. Flick will be forced to rotate players, so the squad's fitness will be put to the test","breadcrumb":{"@id":"https:\/\/www.fcbarcelonanoticias.com\/en\/fc-barcelona\/hansi-flick-and-barca-prepare-to-face-their-first-trial-by-fire-of-the-season_307221_102.html#breadcrumb"},"inLanguage":"en-US","potentialAction":[{"@type":"ReadAction","target":["https:\/\/www.fcbarcelonanoticias.com\/en\/fc-barcelona\/hansi-flick-and-barca-prepare-to-face-their-first-trial-by-fire-of-the-season_307221_102.html"]}]},{"@type":"ImageObject","inLanguage":"en-US","@id":"https:\/\/www.fcbarcelonanoticias.com\/en\/fc-barcelona\/hansi-flick-and-barca-prepare-to-face-their-first-trial-by-fire-of-the-season_307221_102.html#primaryimage","url":"https:\/\/www.fcbarcelonanoticias.com\/en\/wp-content\/uploads\/sites\/2\/2024\/09\/fbl-esp-liga-barcelona-training-2-1.jpeg","contentUrl":"https:\/\/www.fcbarcelonanoticias.com\/en\/wp-content\/uploads\/sites\/2\/2024\/09\/fbl-esp-liga-barcelona-training-2-1.jpeg","width":1250,"height":750},{"@type":"BreadcrumbList","@id":"https:\/\/www.fcbarcelonanoticias.com\/en\/fc-barcelona\/hansi-flick-and-barca-prepare-to-face-their-first-trial-by-fire-of-the-season_307221_102.html#breadcrumb","itemListElement":[{"@type":"ListItem","position":1,"name":"Portada","item":"https:\/\/www.fcbarcelonanoticias.com\/en\/"},{"@type":"ListItem","position":2,"name":"Hansi Flick and Bar\u00e7a prepare to face their first &#8216;trial by fire&#8217; of the season"}]},{"@type":"WebSite","@id":"https:\/\/www.fcbarcelonanoticias.com\/en\/#website","url":"https:\/\/www.fcbarcelonanoticias.com\/en\/","name":"EN - FC Barcelona Noticias","description":"","potentialAction":[{"@type":"SearchAction","target":{"@type":"EntryPoint","urlTemplate":"https:\/\/www.fcbarcelonanoticias.com\/en\/?s={search_term_string}"},"query-input":{"@type":"PropertyValueSpecification","valueRequired":true,"valueName":"search_term_string"}}],"inLanguage":"en-US"},{"@type":"Person","@id":"https:\/\/www.fcbarcelonanoticias.com\/en\/#\/schema\/person\/88d756918a0a1ae9fa593b5edddd1815","name":"Juan Pablo Berdugo","image":{"@type":"ImageObject","inLanguage":"en-US","@id":"https:\/\/secure.gravatar.com\/avatar\/?s=96&d=mm&r=g","url":"https:\/\/secure.gravatar.com\/avatar\/?s=96&d=mm&r=g","contentUrl":"https:\/\/secure.gravatar.com\/avatar\/?s=96&d=mm&r=g","caption":"Juan Pablo Berdugo"},"description":"Juan Pablo Berdugo es graduado en Periodismo. Colabora con FCBN como especialista en informaci\u00f3n del primer equipo del FC Barcelona, f\u00fatbol internacional y mercado de fichajes. Destaca por su enfoque anal\u00edtico, su rigor informativo y su capacidad para detectar tendencias emergentes en el f\u00fatbol global.","url":"https:\/\/www.fcbarcelonanoticias.com\/en\/fc-barcelona\/juan-pablo-berdugo_18_115.html"}]}},"_links":{"self":[{"href":"https:\/\/www.fcbarcelonanoticias.com\/en\/wp-json\/wp\/v2\/posts\/18666","targetHints":{"allow":["GET"]}}],"collection":[{"href":"https:\/\/www.fcbarcelonanoticias.com\/en\/wp-json\/wp\/v2\/posts"}],"about":[{"href":"https:\/\/www.fcbarcelonanoticias.com\/en\/wp-json\/wp\/v2\/types\/post"}],"author":[{"embeddable":true,"href":"https:\/\/www.fcbarcelonanoticias.com\/en\/wp-json\/wp\/v2\/users\/358"}],"replies":[{"embeddable":true,"href":"https:\/\/www.fcbarcelonanoticias.com\/en\/wp-json\/wp\/v2\/comments?post=18666"}],"version-history":[{"count":1,"href":"https:\/\/www.fcbarcelonanoticias.com\/en\/wp-json\/wp\/v2\/posts\/18666\/revisions"}],"predecessor-version":[{"id":18667,"href":"https:\/\/www.fcbarcelonanoticias.com\/en\/wp-json\/wp\/v2\/posts\/18666\/revisions\/18667"}],"wp:featuredmedia":[{"embeddable":true,"href":"https:\/\/www.fcbarcelonanoticias.com\/en\/wp-json\/wp\/v2\/media\/18669"}],"wp:attachment":[{"href":"https:\/\/www.fcbarcelonanoticias.com\/en\/wp-json\/wp\/v2\/media?parent=18666"}],"wp:term":[{"taxonomy":"category","embeddable":true,"href":"https:\/\/www.fcbarcelonanoticias.com\/en\/wp-json\/wp\/v2\/categories?post=18666"},{"taxonomy":"post_tag","embeddable":true,"href":"https:\/\/www.fcbarcelonanoticias.com\/en\/wp-json\/wp\/v2\/tags?post=18666"}],"curies":[{"name":"wp","href":"https:\/\/api.w.org\/{rel}","templated":true}]}}