{"id":18679,"date":"2025-09-15T23:13:00","date_gmt":"2025-09-15T21:13:00","guid":{"rendered":"https:\/\/weisetech.dev\/fc-barcelona-noticias\/en\/hansi-flick-barca-forgets-about-laminedependencia_314700_102\/"},"modified":"2026-04-16T09:19:26","modified_gmt":"2026-04-16T07:19:26","slug":"hansi-flick-barca-forgets-about-laminedependencia_314700_102","status":"publish","type":"post","link":"https:\/\/www.fcbarcelonanoticias.com\/en\/fc-barcelona\/hansi-flick-barca-forgets-about-laminedependencia_314700_102.html","title":{"rendered":"Hansi Flick&#8217;s Barcelona forgets about &#8216;Laminedependencia&#8217;"},"content":{"rendered":"<h2 class=\"wp-block-heading\">Bar\u00e7a delivered a new blow of authority in La Liga with the thrashing of Valencia (6-0), achieving so far the biggest win of the Flick era without Lamine Yamal available<\/h2>  \r\n<div class=\"article-addons\">\r\n    <a href=\"https:\/\/www.fcbarcelonanoticias.com\/en\/calendar-fc-barcelona.html\"\r\n       target=\"_self\"\r\n       title=\"Calendar of FC Barcelona\"\r\n       class=\"blue-gredient-btn\">\r\n       \r\n        Calendar of FC Barcelona    <\/a>\r\n<\/div>   <p><strong>Hansi Flick&#8217;s FC Barcelona<\/strong> completed their most complete match of the season against <strong>Valencia<\/strong>. In addition to <a data-external=\"0\" data-intl-links-en=\"https:\/\/www.fcbarcelonanoticias.com\/en\/laliga\/highlights-and-goals-of-fc-barcelona-6-0-valencia-laliga-25-26_314683_102.html\" data-intl-links-es=\"https:\/\/www.fcbarcelonanoticias.com\/laliga\/resumen-fc-barcelona-6-0-valencia-laliga-25-26_314683_102.html\" href=\"https:\/\/www.fcbarcelonanoticias.com\/en\/laliga\/highlights-and-goals-of-fc-barcelona-6-0-valencia-laliga-25-26_314683_102.html\" rel=\"follow\" target=\"_self\" title=\"Summary of FC Barcelona 6-0 Valencia - LaLiga 25\/26\">the thrashing (6-0)<\/a>, the team displayed the offensive football and the suffocating pressure in the opponent&#8217;s field that gave such good results in the 24\/25 season. And, most meritorious, they did it with up to five casualties due to injury, including their great figure, <strong>Lamine Yamal<\/strong>.<\/p>  <p>The &#8217;10&#8217; was, by far, the best of Bar\u00e7a in the first three matchdays of La Liga, but he could not be available on Sunday due to an injury in the pubis. <strong><a data-external=\"0\" data-intl-links-en=\"https:\/\/www.fcbarcelonanoticias.com\/en\/laliga\/roony-bardghji-debuts-with-fc-barcelona-in-laliga_314692_102.html\" data-intl-links-es=\"https:\/\/www.fcbarcelonanoticias.com\/laliga\/roony-bardghji-debut-fc-barcelona-laliga_314692_102.html\" href=\"https:\/\/www.fcbarcelonanoticias.com\/en\/laliga\/roony-bardghji-debuts-with-fc-barcelona-in-laliga_314692_102.html\" rel=\"follow\" target=\"_self\" title=\"Roony Bardghji: official debut with Barcelona in LaLiga against Valencia\">Roony Bardghji<\/a><\/strong> was chosen to replace him and, after a discreet first half by the Swede, <strong>Raphinha<\/strong> took over in the second half with a brace.<\/p>  <h2>Goodbye to &#8216;Laminedependencia&#8217; at Bar\u00e7a? Ferm\u00edn and Raphinha shine against Valencia<\/h2>  <div class=\"media media-image\" data-ck-asset-wrapper=\"\"> <div class=\"media-item\"> <img loading=\"lazy\" decoding=\"async\" alt=\"Raphinha, Lewandowski and Ferm\u00edn celebrating one of Bar\u00e7a's goals against Valencia (6-0)\" data-id=\"1520916\" data-resize=\"9\" height=\"563\" src=\"https:\/\/www.fcbarcelonanoticias.com\/wp-content\/uploads\/sites\/2\/2025\/09\/fcbn-a4ecb210d19fde8cf8a1334c3263116b.webp\" title=\"Raphinha, Lewandowski and Ferm\u00edn celebrating one of Bar\u00e7a's goals against Valencia (6-0)\" width=\"1000\"><div class=\"media-title\">Raphinha, Lewandowski and Ferm\u00edn celebrating one of Bar\u00e7a&#8217;s goals against Valencia (6-0)<\/div> <\/div> <\/div>  <p>The Brazilian, along with <a data-external=\"0\" data-intl-links-en=\"https:\/\/www.fcbarcelonanoticias.com\/en\/laliga\/stellar-fermin-lopez-brace-and-mvp-in-barca-valencia_314685_102.html\" data-intl-links-es=\"https:\/\/www.fcbarcelonanoticias.com\/laliga\/fermin-brilla-nuevo-johan-cruyff-doblete-mvp-valencia_314685_102.html\" href=\"https:\/\/www.fcbarcelonanoticias.com\/en\/laliga\/stellar-fermin-lopez-brace-and-mvp-in-barca-valencia_314685_102.html\" rel=\"follow\" target=\"_self\" title=\"Ferm\u00edn L\u00f3pez shines like a beast at the Johan Cruyff: two goals and MVP of Bar\u00e7a-Valencia\">Ferm\u00edn L\u00f3pez<\/a> and <a data-external=\"0\" data-intl-links-en=\"https:\/\/www.fcbarcelonanoticias.com\/en\/laliga\/pedri-master-class-and-captain-in-barcelona-valencia_314695_102.html\" data-intl-links-es=\"https:\/\/www.fcbarcelonanoticias.com\/laliga\/pedri-se-estrena-como-capitan-barcelona-con-otra-master-class_314695_102.html\" href=\"https:\/\/www.fcbarcelonanoticias.com\/en\/laliga\/pedri-master-class-and-captain-in-barcelona-valencia_314695_102.html\" rel=\"follow\" target=\"_self\" title=\"Pedri makes his debut as Barcelona captain with another 'master class'\">Pedri Gonz\u00e1lez<\/a>, was differential for a Barcelona that, although it dominated the match from beginning to end, lacked forcefulness in the first 45 minutes. The result at halftime was 1-0, but in the initial 21 minutes of the second half the difference increased to four goals thanks to the braces of Rafa and the player from Huelva.<\/p>  <p>Towards the end, <a data-external=\"0\" data-intl-links-en=\"https:\/\/www.fcbarcelonanoticias.com\/en\/fc-barcelona\/lewandowski-150-matches-with-barca-with-brace-against-valencia_314691_102.html\" data-intl-links-es=\"https:\/\/www.fcbarcelonanoticias.com\/fc-barcelona\/lewandowski-150-partidos-barca-doblete_314691_102.html\" href=\"https:\/\/www.fcbarcelonanoticias.com\/en\/fc-barcelona\/lewandowski-150-matches-with-barca-with-brace-against-valencia_314691_102.html\" rel=\"follow\" target=\"_self\" title=\"Lewandowski: 150 matches with Bar\u00e7a and first goals of the season\">Robert Lewandowski<\/a> finished the job with another pair of goals. In total, Barcelona shot 24 times, 10 of them on target. In addition, they reaped 73% of possession, with a passing effectiveness of 90%.<\/p>  <p>Although the &#8216;cul\u00e9s&#8217; did not have Yamal&#8217;s explosiveness on the side, Ferm\u00edn&#8217;s shots, his mobility and Raphinha&#8217;s depth destroyed the rival defense in the second half. <strong>Bar\u00e7a showed that they can win, please and thrash without their star<\/strong>, leaving behind the &#8216;Laminedependencia&#8217; characteristic of recent months.<\/p>  <p><a data-external=\"0\" data-intl-links-en=\"https:\/\/www.fcbarcelonanoticias.com\/en\/fc-barcelona\/unstoppable-lamine-yamal-13-goals-in-12-games-with-barcelona_314559_102.html\" data-intl-links-es=\"https:\/\/www.fcbarcelonanoticias.com\/fc-barcelona\/lamine-yamal-imparable-13-goles-producidos-ultimos-12-partidos-con-barcelona_314559_102.html\" href=\"https:\/\/www.fcbarcelonanoticias.com\/en\/fc-barcelona\/unstoppable-lamine-yamal-13-goals-in-12-games-with-barcelona_314559_102.html\" rel=\"follow\" target=\"_self\" title=\"Lamine Yamal unstoppable!: 13 goals produced in his last 12 matches with Bar\u00e7a\">The player from Matar\u00f3 produced 13 goals (9 goals, 4 assists) in his last 12 appearances<\/a> with the &#8216;azulgrana&#8217; team. In turn, he participated in 32.5% of the total goals (40) scored by Flick&#8217;s team in that period (May-August 2025).<\/p>  <ul> <li><strong>Discover more records, statistics and curiosities in our <a data-external=\"0\" data-intl-links-en=\"https:\/\/www.fcbarcelonanoticias.com\/en\/lamine-yamal-fc-barcelona-player.html\" data-intl-links-es=\"https:\/\/www.fcbarcelonanoticias.com\/lamine-yamal.html\" href=\"https:\/\/www.fcbarcelonanoticias.com\/en\/lamine-yamal-fc-barcelona-player.html\" rel=\"follow\" target=\"_self\" title=\"Lamine Yamal 2025\/26 - Records and statistics\">Lamine Yamal Data Center<\/a>, a unique space to follow the evolution of the Barcelona star<\/strong><\/li> <\/ul> <h2>Flick&#8217;s Barcelona overcomes the problems without Lamine Yamal from 24\/25<\/h2>  <div class=\"media media-image\" data-ck-asset-wrapper=\"\"> <div class=\"media-item\"> <img alt=\"Stoichkov has no doubts about Lamine and the Ballon d'Or: \" he=\"\" it=\"\" wants=\"\" whenever=\"\" will=\"\" win=\"\"><div class=\"media-title\">Lamine Yamal, during a pre-season friendly with Bar\u00e7a.<\/div> <\/div> <\/div>  <p>In the initial stretch of 24\/25, <strong>Lamine Yamal only missed five matches with Bar\u00e7a due to problems in his right ankle<\/strong>. In those five matches, Flick&#8217;s team only managed to add a couple of victories, in addition to two defeats and a draw.<\/p>  <p>The &#8216;azulgrana&#8217; team fell without the Spanish winger against <a data-external=\"0\" data-intl-links-en=\"https:\/\/www.fcbarcelonanoticias.com\/en\/laliga\/highlights-real-sociedad-1-0-barcelona-liga-24-25_308535_102.html\" data-intl-links-es=\"https:\/\/www.fcbarcelonanoticias.com\/laliga\/highlights-real-sociedad-1-0-barcelona-liga-24-25_308535_102.html\" href=\"https:\/\/www.fcbarcelonanoticias.com\/en\/laliga\/highlights-real-sociedad-1-0-barcelona-liga-24-25_308535_102.html\" rel=\"follow\" target=\"_self\" title=\"HIGHLIGHTS: REAL SOCIEDAD 1-0 BARCELONA - LIGA 24-25\">Real Sociedad (1-0)<\/a> and <a data-external=\"0\" data-intl-links-en=\"https:\/\/www.fcbarcelonanoticias.com\/en\/laliga\/crushing-barca-falls-at-the-last-minute-against-atletico-and-loses-the-lead-1-2_309508_102.html\" data-intl-links-es=\"https:\/\/www.fcbarcelonanoticias.com\/laliga\/barca-arrollador-cae-sobre-bocina-atletico-pierde-liderato-1-2_309508_102.html\" href=\"https:\/\/www.fcbarcelonanoticias.com\/en\/laliga\/crushing-barca-falls-at-the-last-minute-against-atletico-and-loses-the-lead-1-2_309508_102.html\" rel=\"follow\" target=\"_self\" title=\"A crushing Bar\u00e7a falls on the horn against Atl\u00e9tico and loses the lead (1-2)\">Atl\u00e9tico de Madrid (1-2)<\/a> in La Liga. In addition, they faltered in their visit to <a data-external=\"0\" data-intl-links-en=\"https:\/\/www.fcbarcelonanoticias.com\/en\/laliga\/fc-barcelona-draws-against-celta-after-crazy-ending-in-balaidos-2-2_308821_102.html\" data-intl-links-es=\"https:\/\/www.fcbarcelonanoticias.com\/laliga\/fc-barcelona-empata-celta-final-locura-en-balaidos-2-2_308821_102.html\" href=\"https:\/\/www.fcbarcelonanoticias.com\/en\/laliga\/fc-barcelona-draws-against-celta-after-crazy-ending-in-balaidos-2-2_308821_102.html\" rel=\"follow\" target=\"_self\" title=\"FC Barcelona draws against Celta after a crazy ending (2-2)\">Celta (2-2)<\/a>, in a collective slump of the team that put Real Madrid 7 points ahead in the lead.<\/p>  <p>In Champions League, Bar\u00e7a overcame the absence of the then youth player against <a data-external=\"0\" data-intl-links-en=\"https:\/\/www.fcbarcelonanoticias.com\/en\/champions-league\/barca-beats-brest-3-0-is-second-in-champions-league-qualification_308886_102.html\" data-intl-links-es=\"https:\/\/www.fcbarcelonanoticias.com\/champions-league\/barca-vence-brest-3-0-es-segundo-clasificacion-champions-league_308886_102.html\" href=\"https:\/\/www.fcbarcelonanoticias.com\/en\/champions-league\/barca-smiles-again-and-beats-brest-in-the-first-match-without-cheering-stand-2-0_308886_102.html\" rel=\"follow\" target=\"_self\" title=\"Barcelona smiles again and beats Brest (3-0) to move into second place in the Champions League\">Brest (3-0)<\/a>, while in the debut in Copa del Rey, against <a data-external=\"0\" data-intl-links-en=\"https:\/\/www.fcbarcelonanoticias.com\/en\/copa-del-rey\/barbastro-0-4-fc-barcelona-summary-goals-and-best-plays-from-the-copa-rey-match-24-25_309833_102.html\" data-intl-links-es=\"https:\/\/www.fcbarcelonanoticias.com\/copa-del-rey\/barbastro-0-4-fc-barcelona-resumen-goles-mejores-jugadas-copa-rey-24-25_309833_102.html\" href=\"https:\/\/www.fcbarcelonanoticias.com\/en\/copa-del-rey\/barbastro-0-4-fc-barcelona-summary-goals-and-best-plays-from-the-copa-rey-match-24-25_309833_102.html\" rel=\"follow\" target=\"_self\" title=\"Barbastro 0-4 FC Barcelona: Summary, goals and best plays of the Copa del Rey 24\/25 match\">Barbastro (0-4)<\/a>, the contribution of the player from Rocafonda was not needed either.<\/p>  <p>In this way, the thrashing against Valencia (6-0) is the most resounding victory of the Catalan team, without Lamine available, since Hansi Flick arrived on the &#8216;azulgrana&#8217; bench. Before the match against the &#8216;ch\u00e9&#8217; team, <strong>the &#8217;10&#8217; was the player with the most direct participations in goals (4)<\/strong>, product of 2 goals and 2 assists.<\/p>  <p>Now, <strong>Raphinha has equaled the line of the Spanish international<\/strong>, with 3 goals (<a data-external=\"0\" data-intl-links-en=\"https:\/\/www.fcbarcelonanoticias.com\/en\/laliga\/raphinha-shines-with-double-after-flick-punishment-at-barca_314693_102.html\" data-intl-links-es=\"https:\/\/www.fcbarcelonanoticias.com\/laliga\/raphinha-doblete-castigo-flick-barcelona-valencia_314693_102.html\" href=\"https:\/\/www.fcbarcelonanoticias.com\/en\/laliga\/raphinha-shines-with-double-after-flick-punishment-at-barca_314693_102.html\" rel=\"follow\" target=\"_self\" title=\"Raphinha responds to Flick's 'punishment' by scoring: he is already Bar\u00e7a's top scorer\">Pichichi of the team<\/a>) and 1 assist. As for goals, Ferm\u00edn L\u00f3pez, Robert Lewandowski and Ferran Torres also add a couple of goals so far. Will Barcelona be able to shine again without Yamal against Newcastle?<\/p>  <table align=\"center\" border=\"1\" cellpadding=\"1\" cellspacing=\"1\" style=\"width:100%;\"> <caption>RESULTS OF FLICK&#8217;S BAR\u00c7A WITHOUT LAMINE YAMAL<\/caption> \t<thead><tr> <th scope=\"col\">Match<\/th> \t\t\t<th scope=\"col\">Competition<\/th> \t\t\t<th scope=\"col\">Result<\/th> \t\t<\/tr><\/thead> <tbody> <tr> <td style=\"text-align: center;\">Real Sociedad-Bar\u00e7a<\/td> \t\t\t<td style=\"text-align: center;\">LaLiga<\/td> \t\t\t<td style=\"text-align: center;\">1-0\ud83d\udd34<\/td> \t\t<\/tr> <tr> <td style=\"text-align: center;\">Celta-Bar\u00e7a<\/td> \t\t\t<td style=\"text-align: center;\">LaLiga<\/td> \t\t\t<td style=\"text-align: center;\">2-2\ud83d\udfe1<\/td> \t\t<\/tr> <tr> <td style=\"text-align: center;\">Bar\u00e7a-Brest<\/td> \t\t\t<td style=\"text-align: center;\">Champions<\/td> \t\t\t<td style=\"text-align: center;\">3-0\ud83d\udfe2<\/td> \t\t<\/tr> <tr> <td style=\"text-align: center;\">Bar\u00e7a-Atl\u00e9tico<\/td> \t\t\t<td style=\"text-align: center;\">LaLiga<\/td> \t\t\t<td style=\"text-align: center;\">1-2\ud83d\udd34<\/td> \t\t<\/tr> <tr> <td style=\"text-align: center;\">Barbastro-Bar\u00e7a<\/td> \t\t\t<td style=\"text-align: center;\">Copa del Rey<\/td> \t\t\t<td style=\"text-align: center;\">0-4 \ud83d\udfe2<\/td> \t\t<\/tr> <tr> <td style=\"text-align: center;\">Bar\u00e7a-Valencia<\/td> \t\t\t<td style=\"text-align: center;\">LaLiga<\/td> \t\t\t<td style=\"text-align: center;\">6-0\ud83d\udfe2<\/td> \t\t<\/tr> <\/tbody> <\/table> <ul> <li><strong>Check more data and results in the <a href=\"https:\/\/www.fcbarcelonanoticias.com\/estadisticas-fc-barcelona-2025-2026.html\" rel=\"noopener\" target=\"_blank\">Bar\u00e7a statistics<\/a> section in FCBN.<\/strong><\/li> <\/ul> ","protected":false},"excerpt":{"rendered":"<p>Bar\u00e7a delivered a new blow of authority in La Liga with the thrashing of Valencia (6-0), achieving so far the biggest win of the Flick era without Lamine Yamal available Hansi Flick&#8217;s FC Barcelona completed their most complete match of the season against Valencia. In addition to the thrashing (6-0), the team displayed the offensive [&hellip;]<\/p>\n","protected":false},"author":347,"featured_media":18685,"comment_status":"closed","ping_status":"open","sticky":false,"template":"","format":"standard","meta":{"_acf_changed":false,"inline_featured_image":false,"_nextfly_llmd_date_locked":false,"footnotes":""},"categories":[111],"tags":[87,147,465],"class_list":["post-18679","post","type-post","status-publish","format-standard","has-post-thumbnail","hentry","category-fc-barcelona","tag-hansi-flick","tag-lamine-yamal","tag-lamine-yamal-2"],"acf":[],"yoast_head":"<!-- This site is optimized with the Yoast SEO plugin v27.3 - https:\/\/yoast.com\/product\/yoast-seo-wordpress\/ -->\n<title>Hansi Flick&#039;s Bar\u00e7a forgets about &#039;Laminedependencia&#039;<\/title>\n<meta name=\"description\" content=\"Bar\u00e7a delivered a new blow in La Liga with the thrashing of Valencia (6-0), achieving so far the biggest win of the Flick era without Lamine Yamal available\" \/>\n<meta name=\"robots\" content=\"index, follow, max-snippet:-1, max-image-preview:large, max-video-preview:-1\" \/>\n<link rel=\"canonical\" href=\"https:\/\/www.fcbarcelonanoticias.com\/en\/fc-barcelona\/hansi-flick-barca-forgets-about-laminedependencia_314700_102.html\" \/>\n<meta property=\"og:locale\" content=\"en_US\" \/>\n<meta property=\"og:type\" content=\"article\" \/>\n<meta property=\"og:title\" content=\"Hansi Flick&#039;s Bar\u00e7a forgets about &#039;Laminedependencia&#039;\" \/>\n<meta property=\"og:description\" content=\"Bar\u00e7a delivered a new blow in La Liga with the thrashing of Valencia (6-0), achieving so far the biggest win of the Flick era without Lamine Yamal available\" \/>\n<meta property=\"og:url\" content=\"https:\/\/www.fcbarcelonanoticias.com\/en\/fc-barcelona\/hansi-flick-barca-forgets-about-laminedependencia_314700_102.html\" \/>\n<meta property=\"og:site_name\" content=\"EN - FC Barcelona Noticias\" \/>\n<meta property=\"article:published_time\" content=\"2025-09-15T21:13:00+00:00\" \/>\n<meta property=\"article:modified_time\" content=\"2026-04-16T07:19:26+00:00\" \/>\n<meta property=\"og:image\" content=\"https:\/\/www.fcbarcelonanoticias.com\/en\/wp-content\/uploads\/sites\/2\/2025\/09\/jugadores-fc-barcelona-v-valencia-laliga-1.webp\" \/>\n\t<meta property=\"og:image:width\" content=\"1200\" \/>\n\t<meta property=\"og:image:height\" content=\"675\" \/>\n\t<meta property=\"og:image:type\" content=\"image\/webp\" \/>\n<meta name=\"author\" content=\"Andr\u00e9s Quiroz\" \/>\n<meta name=\"twitter:card\" content=\"summary_large_image\" \/>\n<meta name=\"twitter:label1\" content=\"Written by\" \/>\n\t<meta name=\"twitter:data1\" content=\"Andr\u00e9s Quiroz\" \/>\n\t<meta name=\"twitter:label2\" content=\"Est. reading time\" \/>\n\t<meta name=\"twitter:data2\" content=\"3 minutes\" \/>\n<script type=\"application\/ld+json\" class=\"yoast-schema-graph\">{\"@context\":\"https:\\\/\\\/schema.org\",\"@graph\":[{\"@type\":\"Article\",\"@id\":\"https:\\\/\\\/www.fcbarcelonanoticias.com\\\/en\\\/fc-barcelona\\\/hansi-flick-barca-forgets-about-laminedependencia_314700_102.html#article\",\"isPartOf\":{\"@id\":\"https:\\\/\\\/www.fcbarcelonanoticias.com\\\/en\\\/fc-barcelona\\\/hansi-flick-barca-forgets-about-laminedependencia_314700_102.html\"},\"author\":{\"name\":\"Andr\u00e9s Quiroz\",\"@id\":\"https:\\\/\\\/www.fcbarcelonanoticias.com\\\/en\\\/#\\\/schema\\\/person\\\/c2cd9f6fa1af5c0d0eccd0fefa575c88\"},\"headline\":\"Hansi Flick&#8217;s Barcelona forgets about &#8216;Laminedependencia&#8217;\",\"datePublished\":\"2025-09-15T21:13:00+00:00\",\"dateModified\":\"2026-04-16T07:19:26+00:00\",\"mainEntityOfPage\":{\"@id\":\"https:\\\/\\\/www.fcbarcelonanoticias.com\\\/en\\\/fc-barcelona\\\/hansi-flick-barca-forgets-about-laminedependencia_314700_102.html\"},\"wordCount\":696,\"image\":{\"@id\":\"https:\\\/\\\/www.fcbarcelonanoticias.com\\\/en\\\/fc-barcelona\\\/hansi-flick-barca-forgets-about-laminedependencia_314700_102.html#primaryimage\"},\"thumbnailUrl\":\"https:\\\/\\\/www.fcbarcelonanoticias.com\\\/en\\\/wp-content\\\/uploads\\\/sites\\\/2\\\/2025\\\/09\\\/jugadores-fc-barcelona-v-valencia-laliga-1.webp\",\"keywords\":[\"Hansi Flick\",\"Lamine Yamal\",\"Lamine Yamal\"],\"articleSection\":[\"FC Barcelona\"],\"inLanguage\":\"en-US\"},{\"@type\":\"WebPage\",\"@id\":\"https:\\\/\\\/www.fcbarcelonanoticias.com\\\/en\\\/fc-barcelona\\\/hansi-flick-barca-forgets-about-laminedependencia_314700_102.html\",\"url\":\"https:\\\/\\\/www.fcbarcelonanoticias.com\\\/en\\\/fc-barcelona\\\/hansi-flick-barca-forgets-about-laminedependencia_314700_102.html\",\"name\":\"Hansi Flick's Bar\u00e7a forgets about 'Laminedependencia'\",\"isPartOf\":{\"@id\":\"https:\\\/\\\/www.fcbarcelonanoticias.com\\\/en\\\/#website\"},\"primaryImageOfPage\":{\"@id\":\"https:\\\/\\\/www.fcbarcelonanoticias.com\\\/en\\\/fc-barcelona\\\/hansi-flick-barca-forgets-about-laminedependencia_314700_102.html#primaryimage\"},\"image\":{\"@id\":\"https:\\\/\\\/www.fcbarcelonanoticias.com\\\/en\\\/fc-barcelona\\\/hansi-flick-barca-forgets-about-laminedependencia_314700_102.html#primaryimage\"},\"thumbnailUrl\":\"https:\\\/\\\/www.fcbarcelonanoticias.com\\\/en\\\/wp-content\\\/uploads\\\/sites\\\/2\\\/2025\\\/09\\\/jugadores-fc-barcelona-v-valencia-laliga-1.webp\",\"datePublished\":\"2025-09-15T21:13:00+00:00\",\"dateModified\":\"2026-04-16T07:19:26+00:00\",\"author\":{\"@id\":\"https:\\\/\\\/www.fcbarcelonanoticias.com\\\/en\\\/#\\\/schema\\\/person\\\/c2cd9f6fa1af5c0d0eccd0fefa575c88\"},\"description\":\"Bar\u00e7a delivered a new blow in La Liga with the thrashing of Valencia (6-0), achieving so far the biggest win of the Flick era without Lamine Yamal available\",\"breadcrumb\":{\"@id\":\"https:\\\/\\\/www.fcbarcelonanoticias.com\\\/en\\\/fc-barcelona\\\/hansi-flick-barca-forgets-about-laminedependencia_314700_102.html#breadcrumb\"},\"inLanguage\":\"en-US\",\"potentialAction\":[{\"@type\":\"ReadAction\",\"target\":[\"https:\\\/\\\/www.fcbarcelonanoticias.com\\\/en\\\/fc-barcelona\\\/hansi-flick-barca-forgets-about-laminedependencia_314700_102.html\"]}]},{\"@type\":\"ImageObject\",\"inLanguage\":\"en-US\",\"@id\":\"https:\\\/\\\/www.fcbarcelonanoticias.com\\\/en\\\/fc-barcelona\\\/hansi-flick-barca-forgets-about-laminedependencia_314700_102.html#primaryimage\",\"url\":\"https:\\\/\\\/www.fcbarcelonanoticias.com\\\/en\\\/wp-content\\\/uploads\\\/sites\\\/2\\\/2025\\\/09\\\/jugadores-fc-barcelona-v-valencia-laliga-1.webp\",\"contentUrl\":\"https:\\\/\\\/www.fcbarcelonanoticias.com\\\/en\\\/wp-content\\\/uploads\\\/sites\\\/2\\\/2025\\\/09\\\/jugadores-fc-barcelona-v-valencia-laliga-1.webp\",\"width\":1200,\"height\":675},{\"@type\":\"BreadcrumbList\",\"@id\":\"https:\\\/\\\/www.fcbarcelonanoticias.com\\\/en\\\/fc-barcelona\\\/hansi-flick-barca-forgets-about-laminedependencia_314700_102.html#breadcrumb\",\"itemListElement\":[{\"@type\":\"ListItem\",\"position\":1,\"name\":\"Portada\",\"item\":\"https:\\\/\\\/www.fcbarcelonanoticias.com\\\/en\\\/\"},{\"@type\":\"ListItem\",\"position\":2,\"name\":\"Hansi Flick&#8217;s Barcelona forgets about &#8216;Laminedependencia&#8217;\"}]},{\"@type\":\"WebSite\",\"@id\":\"https:\\\/\\\/www.fcbarcelonanoticias.com\\\/en\\\/#website\",\"url\":\"https:\\\/\\\/www.fcbarcelonanoticias.com\\\/en\\\/\",\"name\":\"EN - FC Barcelona Noticias\",\"description\":\"\",\"potentialAction\":[{\"@type\":\"SearchAction\",\"target\":{\"@type\":\"EntryPoint\",\"urlTemplate\":\"https:\\\/\\\/www.fcbarcelonanoticias.com\\\/en\\\/?s={search_term_string}\"},\"query-input\":{\"@type\":\"PropertyValueSpecification\",\"valueRequired\":true,\"valueName\":\"search_term_string\"}}],\"inLanguage\":\"en-US\"},{\"@type\":\"Person\",\"@id\":\"https:\\\/\\\/www.fcbarcelonanoticias.com\\\/en\\\/#\\\/schema\\\/person\\\/c2cd9f6fa1af5c0d0eccd0fefa575c88\",\"name\":\"Andr\u00e9s Quiroz\",\"image\":{\"@type\":\"ImageObject\",\"inLanguage\":\"en-US\",\"@id\":\"https:\\\/\\\/secure.gravatar.com\\\/avatar\\\/?s=96&d=mm&r=g\",\"url\":\"https:\\\/\\\/secure.gravatar.com\\\/avatar\\\/?s=96&d=mm&r=g\",\"contentUrl\":\"https:\\\/\\\/secure.gravatar.com\\\/avatar\\\/?s=96&d=mm&r=g\",\"caption\":\"Andr\u00e9s Quiroz\"},\"description\":\"Licenciado en Periodismo por la Universidad de los Andes. Me encargo de analizar y compartir los contenidos m\u00e1s destacados de la\u00a0actualidad del F\u00fatbol Club Barcelona, Mercado de Fichajes y F\u00fatbol Internacional en FCBN. La informaci\u00f3n es poder, pero tambi\u00e9n conocimiento.\",\"url\":\"https:\\\/\\\/www.fcbarcelonanoticias.com\\\/en\\\/fc-barcelona\\\/andres-quiroz_17_115.html\"}]}<\/script>\n<!-- \/ Yoast SEO plugin. -->","yoast_head_json":{"title":"Hansi Flick's Bar\u00e7a forgets about 'Laminedependencia'","description":"Bar\u00e7a delivered a new blow in La Liga with the thrashing of Valencia (6-0), achieving so far the biggest win of the Flick era without Lamine Yamal available","robots":{"index":"index","follow":"follow","max-snippet":"max-snippet:-1","max-image-preview":"max-image-preview:large","max-video-preview":"max-video-preview:-1"},"canonical":"https:\/\/www.fcbarcelonanoticias.com\/en\/fc-barcelona\/hansi-flick-barca-forgets-about-laminedependencia_314700_102.html","og_locale":"en_US","og_type":"article","og_title":"Hansi Flick's Bar\u00e7a forgets about 'Laminedependencia'","og_description":"Bar\u00e7a delivered a new blow in La Liga with the thrashing of Valencia (6-0), achieving so far the biggest win of the Flick era without Lamine Yamal available","og_url":"https:\/\/www.fcbarcelonanoticias.com\/en\/fc-barcelona\/hansi-flick-barca-forgets-about-laminedependencia_314700_102.html","og_site_name":"EN - FC Barcelona Noticias","article_published_time":"2025-09-15T21:13:00+00:00","article_modified_time":"2026-04-16T07:19:26+00:00","og_image":[{"width":1200,"height":675,"url":"https:\/\/www.fcbarcelonanoticias.com\/en\/wp-content\/uploads\/sites\/2\/2025\/09\/jugadores-fc-barcelona-v-valencia-laliga-1.webp","type":"image\/webp"}],"author":"Andr\u00e9s Quiroz","twitter_card":"summary_large_image","twitter_misc":{"Written by":"Andr\u00e9s Quiroz","Est. reading time":"3 minutes"},"schema":{"@context":"https:\/\/schema.org","@graph":[{"@type":"Article","@id":"https:\/\/www.fcbarcelonanoticias.com\/en\/fc-barcelona\/hansi-flick-barca-forgets-about-laminedependencia_314700_102.html#article","isPartOf":{"@id":"https:\/\/www.fcbarcelonanoticias.com\/en\/fc-barcelona\/hansi-flick-barca-forgets-about-laminedependencia_314700_102.html"},"author":{"name":"Andr\u00e9s Quiroz","@id":"https:\/\/www.fcbarcelonanoticias.com\/en\/#\/schema\/person\/c2cd9f6fa1af5c0d0eccd0fefa575c88"},"headline":"Hansi Flick&#8217;s Barcelona forgets about &#8216;Laminedependencia&#8217;","datePublished":"2025-09-15T21:13:00+00:00","dateModified":"2026-04-16T07:19:26+00:00","mainEntityOfPage":{"@id":"https:\/\/www.fcbarcelonanoticias.com\/en\/fc-barcelona\/hansi-flick-barca-forgets-about-laminedependencia_314700_102.html"},"wordCount":696,"image":{"@id":"https:\/\/www.fcbarcelonanoticias.com\/en\/fc-barcelona\/hansi-flick-barca-forgets-about-laminedependencia_314700_102.html#primaryimage"},"thumbnailUrl":"https:\/\/www.fcbarcelonanoticias.com\/en\/wp-content\/uploads\/sites\/2\/2025\/09\/jugadores-fc-barcelona-v-valencia-laliga-1.webp","keywords":["Hansi Flick","Lamine Yamal","Lamine Yamal"],"articleSection":["FC Barcelona"],"inLanguage":"en-US"},{"@type":"WebPage","@id":"https:\/\/www.fcbarcelonanoticias.com\/en\/fc-barcelona\/hansi-flick-barca-forgets-about-laminedependencia_314700_102.html","url":"https:\/\/www.fcbarcelonanoticias.com\/en\/fc-barcelona\/hansi-flick-barca-forgets-about-laminedependencia_314700_102.html","name":"Hansi Flick's Bar\u00e7a forgets about 'Laminedependencia'","isPartOf":{"@id":"https:\/\/www.fcbarcelonanoticias.com\/en\/#website"},"primaryImageOfPage":{"@id":"https:\/\/www.fcbarcelonanoticias.com\/en\/fc-barcelona\/hansi-flick-barca-forgets-about-laminedependencia_314700_102.html#primaryimage"},"image":{"@id":"https:\/\/www.fcbarcelonanoticias.com\/en\/fc-barcelona\/hansi-flick-barca-forgets-about-laminedependencia_314700_102.html#primaryimage"},"thumbnailUrl":"https:\/\/www.fcbarcelonanoticias.com\/en\/wp-content\/uploads\/sites\/2\/2025\/09\/jugadores-fc-barcelona-v-valencia-laliga-1.webp","datePublished":"2025-09-15T21:13:00+00:00","dateModified":"2026-04-16T07:19:26+00:00","author":{"@id":"https:\/\/www.fcbarcelonanoticias.com\/en\/#\/schema\/person\/c2cd9f6fa1af5c0d0eccd0fefa575c88"},"description":"Bar\u00e7a delivered a new blow in La Liga with the thrashing of Valencia (6-0), achieving so far the biggest win of the Flick era without Lamine Yamal available","breadcrumb":{"@id":"https:\/\/www.fcbarcelonanoticias.com\/en\/fc-barcelona\/hansi-flick-barca-forgets-about-laminedependencia_314700_102.html#breadcrumb"},"inLanguage":"en-US","potentialAction":[{"@type":"ReadAction","target":["https:\/\/www.fcbarcelonanoticias.com\/en\/fc-barcelona\/hansi-flick-barca-forgets-about-laminedependencia_314700_102.html"]}]},{"@type":"ImageObject","inLanguage":"en-US","@id":"https:\/\/www.fcbarcelonanoticias.com\/en\/fc-barcelona\/hansi-flick-barca-forgets-about-laminedependencia_314700_102.html#primaryimage","url":"https:\/\/www.fcbarcelonanoticias.com\/en\/wp-content\/uploads\/sites\/2\/2025\/09\/jugadores-fc-barcelona-v-valencia-laliga-1.webp","contentUrl":"https:\/\/www.fcbarcelonanoticias.com\/en\/wp-content\/uploads\/sites\/2\/2025\/09\/jugadores-fc-barcelona-v-valencia-laliga-1.webp","width":1200,"height":675},{"@type":"BreadcrumbList","@id":"https:\/\/www.fcbarcelonanoticias.com\/en\/fc-barcelona\/hansi-flick-barca-forgets-about-laminedependencia_314700_102.html#breadcrumb","itemListElement":[{"@type":"ListItem","position":1,"name":"Portada","item":"https:\/\/www.fcbarcelonanoticias.com\/en\/"},{"@type":"ListItem","position":2,"name":"Hansi Flick&#8217;s Barcelona forgets about &#8216;Laminedependencia&#8217;"}]},{"@type":"WebSite","@id":"https:\/\/www.fcbarcelonanoticias.com\/en\/#website","url":"https:\/\/www.fcbarcelonanoticias.com\/en\/","name":"EN - FC Barcelona Noticias","description":"","potentialAction":[{"@type":"SearchAction","target":{"@type":"EntryPoint","urlTemplate":"https:\/\/www.fcbarcelonanoticias.com\/en\/?s={search_term_string}"},"query-input":{"@type":"PropertyValueSpecification","valueRequired":true,"valueName":"search_term_string"}}],"inLanguage":"en-US"},{"@type":"Person","@id":"https:\/\/www.fcbarcelonanoticias.com\/en\/#\/schema\/person\/c2cd9f6fa1af5c0d0eccd0fefa575c88","name":"Andr\u00e9s Quiroz","image":{"@type":"ImageObject","inLanguage":"en-US","@id":"https:\/\/secure.gravatar.com\/avatar\/?s=96&d=mm&r=g","url":"https:\/\/secure.gravatar.com\/avatar\/?s=96&d=mm&r=g","contentUrl":"https:\/\/secure.gravatar.com\/avatar\/?s=96&d=mm&r=g","caption":"Andr\u00e9s Quiroz"},"description":"Licenciado en Periodismo por la Universidad de los Andes. Me encargo de analizar y compartir los contenidos m\u00e1s destacados de la\u00a0actualidad del F\u00fatbol Club Barcelona, Mercado de Fichajes y F\u00fatbol Internacional en FCBN. La informaci\u00f3n es poder, pero tambi\u00e9n conocimiento.","url":"https:\/\/www.fcbarcelonanoticias.com\/en\/fc-barcelona\/andres-quiroz_17_115.html"}]}},"_links":{"self":[{"href":"https:\/\/www.fcbarcelonanoticias.com\/en\/wp-json\/wp\/v2\/posts\/18679","targetHints":{"allow":["GET"]}}],"collection":[{"href":"https:\/\/www.fcbarcelonanoticias.com\/en\/wp-json\/wp\/v2\/posts"}],"about":[{"href":"https:\/\/www.fcbarcelonanoticias.com\/en\/wp-json\/wp\/v2\/types\/post"}],"author":[{"embeddable":true,"href":"https:\/\/www.fcbarcelonanoticias.com\/en\/wp-json\/wp\/v2\/users\/347"}],"replies":[{"embeddable":true,"href":"https:\/\/www.fcbarcelonanoticias.com\/en\/wp-json\/wp\/v2\/comments?post=18679"}],"version-history":[{"count":3,"href":"https:\/\/www.fcbarcelonanoticias.com\/en\/wp-json\/wp\/v2\/posts\/18679\/revisions"}],"predecessor-version":[{"id":172003,"href":"https:\/\/www.fcbarcelonanoticias.com\/en\/wp-json\/wp\/v2\/posts\/18679\/revisions\/172003"}],"wp:featuredmedia":[{"embeddable":true,"href":"https:\/\/www.fcbarcelonanoticias.com\/en\/wp-json\/wp\/v2\/media\/18685"}],"wp:attachment":[{"href":"https:\/\/www.fcbarcelonanoticias.com\/en\/wp-json\/wp\/v2\/media?parent=18679"}],"wp:term":[{"taxonomy":"category","embeddable":true,"href":"https:\/\/www.fcbarcelonanoticias.com\/en\/wp-json\/wp\/v2\/categories?post=18679"},{"taxonomy":"post_tag","embeddable":true,"href":"https:\/\/www.fcbarcelonanoticias.com\/en\/wp-json\/wp\/v2\/tags?post=18679"}],"curies":[{"name":"wp","href":"https:\/\/api.w.org\/{rel}","templated":true}]}}