{"id":18700,"date":"2023-08-20T09:20:00","date_gmt":"2023-08-20T07:20:00","guid":{"rendered":"https:\/\/weisetech.dev\/fc-barcelona-noticias\/en\/fc-barcelona-will-preserve-ronald-araujo-during-next-stop-selections_295294_102\/"},"modified":"2023-08-20T09:20:00","modified_gmt":"2023-08-20T07:20:00","slug":"fc-barcelona-will-preserve-ronald-araujo-during-next-stop-selections_295294_102","status":"publish","type":"post","link":"https:\/\/www.fcbarcelonanoticias.com\/en\/fc-barcelona\/fc-barcelona-will-preserve-ronald-araujo-during-next-stop-selections_295294_102.html","title":{"rendered":"Bar\u00e7a will preserve Ronald Ara\u00fajo during the next national team break"},"content":{"rendered":"<h2 class=\"wp-block-heading\">Ronald Ara\u00fajo will not play with Uruguay at the start of the South American qualifiers for the 2026 World Cup. This is what FC Barcelona has planned, prioritizing the recovery of the &#8216;charr\u00faa&#8217; for the start of the Champions League in mid-September<\/h2>  \r\n<div class=\"article-addons\">\r\n    <a href=\"https:\/\/www.fcbarcelonanoticias.com\/en\/calendar-fc-barcelona.html\"\r\n       target=\"_self\"\r\n       title=\"Calendar of FC Barcelona\"\r\n       class=\"blue-gredient-btn\">\r\n       \r\n        Calendar of FC Barcelona    <\/a>\r\n<\/div>   <p>The FC Barcelona will not free to Ronald Ara\u00fajo for the next stop of selections. <strong>The defender has suffered a break in the biceps femoral of the left leg this week <a data-external=\"0\" data-intl-links-en=\"https:\/\/www.fcbarcelonanoticias.com\/en\/laliga\/araujo-mes-ko-list-matches-will-lose_295214_102.html\" data-intl-links-es=\"https:\/\/www.fcbarcelonanoticias.com\/laliga\/araujo-mes-ko-lista-partidos-se-perdera_295214_102.html\" href=\"https:\/\/www.fcbarcelonanoticias.com\/en\/laliga\/araujo-mes-ko-list-matches-will-lose_295214_102.html\" rel=\"follow\" target=\"_self\" title=\"Ara\u00fajo, un mes 'KO': La lista de partidos que se perder\u00e1\">that will keep him at least four weeks of<\/a><\/strong>drop , by which the club already has informed to the Uruguayan selection that the central will not travel for the beginning of the eliminatory sudamericanas for the World-wide 2026.<\/p>  <p><strong>Uruguay debuts the Friday 8 September home in front of Chile and, four days later, will visit to Ecuador<\/strong>. Ara\u00fajo Already lost the World-wide of Qatar by physical problems and the Bar\u00e7a does not want to run risks with an injury that, if no healthy properly, can leave was to the &#8216;charr\u00faa&#8217; by the rest of 2023. In this sense, <strong>the priority of the club is to recover him for the debut in the Champions League the third week of September<\/strong>, just after the stop of selections.<\/p>  <h2>The date in which it could reappear Ronald Ara\u00fajo<\/h2>  <p>If the recovery advances without setbacks, <strong>Ronald could reappear in the fifth day of LaLiga the Sunday 17 September in Montiju\u00efc in front of the Real Betis<\/strong>. The ones of Xavi Hern\u00e1ndez will debut in Champions three days later, the Wednesday 20, with a rival for defining. That is the party to the that aims the central, but see minutes in front of the Betis will be key so that it can be headline in the European debut.<\/p>  <p>In this way, the Bar\u00e7a already has descartado to Ara\u00fajo for the parties in front of C\u00e1diz, Villarreal and Osasuna, this last just before the stop of selections of two weeks. <strong>To international level, the one of Rivera will have opportunity to reappear with his selection in October<\/strong> during a new double date of eliminatory in front of Colombia and Brazil. The calendar of the clasificatorio includes two parties more in November for Uruguay against Argentina and Bolivia.<\/p>  <h2>Ara\u00fajo Will not risk with Uruguay<\/h2>  <p>As sucedi\u00f3 during the World-wide of Qatar, Ronald Ara\u00fajo will prioritise his recovery before risking with his selection. The central already suffered <strong>a break in the aductor of the right leg<\/strong> in a friendly international that forced him to go through the operating theatre before the tournament. <a data-external=\"0\" data-intl-links-en=\"https:\/\/www.fcbarcelonanoticias.com\/en\/players\/the-worrisome-record-of-injuries-of-ronald-araujo-in-the-barca_295231_102.html\" data-intl-links-es=\"https:\/\/www.fcbarcelonanoticias.com\/jugadores\/preocupante-historial-lesiones-ronald-araujo-en-barca_295231_102.html\" href=\"https:\/\/www.fcbarcelonanoticias.com\/en\/players\/the-worrisome-record-of-injuries-of-ronald-araujo-in-the-barca_295231_102.html\" rel=\"follow\" target=\"_self\" title=\"El preocupante historial de lesiones de Ronald Ara\u00fajo en el Bar\u00e7a\">In front of the possibility of a relapse<\/a>, the one of Rivera opted by not playing in the phase of groups, a drop that, although it conditioned the performance of the &#8216;celestial&#8217; in Qatar, allowed him reappear with the Bar\u00e7a in January.<\/p> ","protected":false},"excerpt":{"rendered":"<p>Ronald Ara\u00fajo will not play with Uruguay at the start of the South American qualifiers for the 2026 World Cup. This is what FC Barcelona has planned, prioritizing the recovery of the &#8216;charr\u00faa&#8217; for the start of the Champions League in mid-September The FC Barcelona will not free to Ronald Ara\u00fajo for the next stop [&hellip;]<\/p>\n","protected":false},"author":347,"featured_media":18705,"comment_status":"closed","ping_status":"open","sticky":false,"template":"","format":"standard","meta":{"_acf_changed":false,"inline_featured_image":false,"_nextfly_llmd_date_locked":false,"footnotes":""},"categories":[111],"tags":[],"class_list":["post-18700","post","type-post","status-publish","format-standard","has-post-thumbnail","hentry","category-fc-barcelona"],"acf":[],"yoast_head":"<!-- This site is optimized with the Yoast SEO plugin v27.3 - https:\/\/yoast.com\/product\/yoast-seo-wordpress\/ -->\n<title>Bar\u00e7a will preserve Ronald Ara\u00fajo during the next national team break<\/title>\n<meta name=\"description\" content=\"Ronald Ara\u00fajo will not play with Uruguay at the start of the South American qualifiers for the 2026 World Cup. This is what FC Barcelona has planned, prioritizing the recovery of the &#039;charr\u00faa&#039; for the start of the Champions League in mid-September\" \/>\n<meta name=\"robots\" content=\"index, follow, max-snippet:-1, max-image-preview:large, max-video-preview:-1\" \/>\n<link rel=\"canonical\" href=\"https:\/\/www.fcbarcelonanoticias.com\/en\/fc-barcelona\/fc-barcelona-will-preserve-ronald-araujo-during-next-stop-selections_295294_102.html\" \/>\n<meta property=\"og:locale\" content=\"en_US\" \/>\n<meta property=\"og:type\" content=\"article\" \/>\n<meta property=\"og:title\" content=\"Bar\u00e7a will preserve Ronald Ara\u00fajo during the next national team break\" \/>\n<meta property=\"og:description\" content=\"Ronald Ara\u00fajo will not play with Uruguay at the start of the South American qualifiers for the 2026 World Cup. This is what FC Barcelona has planned, prioritizing the recovery of the &#039;charr\u00faa&#039; for the start of the Champions League in mid-September\" \/>\n<meta property=\"og:url\" content=\"https:\/\/www.fcbarcelonanoticias.com\/en\/fc-barcelona\/fc-barcelona-will-preserve-ronald-araujo-during-next-stop-selections_295294_102.html\" \/>\n<meta property=\"og:site_name\" content=\"EN - FC Barcelona Noticias\" \/>\n<meta property=\"article:published_time\" content=\"2023-08-20T07:20:00+00:00\" \/>\n<meta property=\"og:image\" content=\"https:\/\/www.fcbarcelonanoticias.com\/en\/wp-content\/uploads\/sites\/2\/2023\/08\/ronald-araujo-durante-un-calentamiento-1.jpeg\" \/>\n\t<meta property=\"og:image:width\" content=\"1250\" \/>\n\t<meta property=\"og:image:height\" content=\"750\" \/>\n\t<meta property=\"og:image:type\" content=\"image\/jpeg\" \/>\n<meta name=\"author\" content=\"Andr\u00e9s Quiroz\" \/>\n<meta name=\"twitter:card\" content=\"summary_large_image\" \/>\n<meta name=\"twitter:label1\" content=\"Written by\" \/>\n\t<meta name=\"twitter:data1\" content=\"Andr\u00e9s Quiroz\" \/>\n\t<meta name=\"twitter:label2\" content=\"Est. reading time\" \/>\n\t<meta name=\"twitter:data2\" content=\"2 minutes\" \/>\n<script type=\"application\/ld+json\" class=\"yoast-schema-graph\">{\"@context\":\"https:\\\/\\\/schema.org\",\"@graph\":[{\"@type\":\"Article\",\"@id\":\"https:\\\/\\\/www.fcbarcelonanoticias.com\\\/en\\\/fc-barcelona\\\/fc-barcelona-will-preserve-ronald-araujo-during-next-stop-selections_295294_102.html#article\",\"isPartOf\":{\"@id\":\"https:\\\/\\\/www.fcbarcelonanoticias.com\\\/en\\\/fc-barcelona\\\/fc-barcelona-will-preserve-ronald-araujo-during-next-stop-selections_295294_102.html\"},\"author\":{\"name\":\"Andr\u00e9s Quiroz\",\"@id\":\"https:\\\/\\\/www.fcbarcelonanoticias.com\\\/en\\\/#\\\/schema\\\/person\\\/c2cd9f6fa1af5c0d0eccd0fefa575c88\"},\"headline\":\"Bar\u00e7a will preserve Ronald Ara\u00fajo during the next national team break\",\"datePublished\":\"2023-08-20T07:20:00+00:00\",\"mainEntityOfPage\":{\"@id\":\"https:\\\/\\\/www.fcbarcelonanoticias.com\\\/en\\\/fc-barcelona\\\/fc-barcelona-will-preserve-ronald-araujo-during-next-stop-selections_295294_102.html\"},\"wordCount\":480,\"image\":{\"@id\":\"https:\\\/\\\/www.fcbarcelonanoticias.com\\\/en\\\/fc-barcelona\\\/fc-barcelona-will-preserve-ronald-araujo-during-next-stop-selections_295294_102.html#primaryimage\"},\"thumbnailUrl\":\"https:\\\/\\\/www.fcbarcelonanoticias.com\\\/en\\\/wp-content\\\/uploads\\\/sites\\\/2\\\/2023\\\/08\\\/ronald-araujo-durante-un-calentamiento-1.jpeg\",\"articleSection\":[\"FC Barcelona\"],\"inLanguage\":\"en-US\"},{\"@type\":\"WebPage\",\"@id\":\"https:\\\/\\\/www.fcbarcelonanoticias.com\\\/en\\\/fc-barcelona\\\/fc-barcelona-will-preserve-ronald-araujo-during-next-stop-selections_295294_102.html\",\"url\":\"https:\\\/\\\/www.fcbarcelonanoticias.com\\\/en\\\/fc-barcelona\\\/fc-barcelona-will-preserve-ronald-araujo-during-next-stop-selections_295294_102.html\",\"name\":\"Bar\u00e7a will preserve Ronald Ara\u00fajo during the next national team break\",\"isPartOf\":{\"@id\":\"https:\\\/\\\/www.fcbarcelonanoticias.com\\\/en\\\/#website\"},\"primaryImageOfPage\":{\"@id\":\"https:\\\/\\\/www.fcbarcelonanoticias.com\\\/en\\\/fc-barcelona\\\/fc-barcelona-will-preserve-ronald-araujo-during-next-stop-selections_295294_102.html#primaryimage\"},\"image\":{\"@id\":\"https:\\\/\\\/www.fcbarcelonanoticias.com\\\/en\\\/fc-barcelona\\\/fc-barcelona-will-preserve-ronald-araujo-during-next-stop-selections_295294_102.html#primaryimage\"},\"thumbnailUrl\":\"https:\\\/\\\/www.fcbarcelonanoticias.com\\\/en\\\/wp-content\\\/uploads\\\/sites\\\/2\\\/2023\\\/08\\\/ronald-araujo-durante-un-calentamiento-1.jpeg\",\"datePublished\":\"2023-08-20T07:20:00+00:00\",\"author\":{\"@id\":\"https:\\\/\\\/www.fcbarcelonanoticias.com\\\/en\\\/#\\\/schema\\\/person\\\/c2cd9f6fa1af5c0d0eccd0fefa575c88\"},\"description\":\"Ronald Ara\u00fajo will not play with Uruguay at the start of the South American qualifiers for the 2026 World Cup. This is what FC Barcelona has planned, prioritizing the recovery of the 'charr\u00faa' for the start of the Champions League in mid-September\",\"breadcrumb\":{\"@id\":\"https:\\\/\\\/www.fcbarcelonanoticias.com\\\/en\\\/fc-barcelona\\\/fc-barcelona-will-preserve-ronald-araujo-during-next-stop-selections_295294_102.html#breadcrumb\"},\"inLanguage\":\"en-US\",\"potentialAction\":[{\"@type\":\"ReadAction\",\"target\":[\"https:\\\/\\\/www.fcbarcelonanoticias.com\\\/en\\\/fc-barcelona\\\/fc-barcelona-will-preserve-ronald-araujo-during-next-stop-selections_295294_102.html\"]}]},{\"@type\":\"ImageObject\",\"inLanguage\":\"en-US\",\"@id\":\"https:\\\/\\\/www.fcbarcelonanoticias.com\\\/en\\\/fc-barcelona\\\/fc-barcelona-will-preserve-ronald-araujo-during-next-stop-selections_295294_102.html#primaryimage\",\"url\":\"https:\\\/\\\/www.fcbarcelonanoticias.com\\\/en\\\/wp-content\\\/uploads\\\/sites\\\/2\\\/2023\\\/08\\\/ronald-araujo-durante-un-calentamiento-1.jpeg\",\"contentUrl\":\"https:\\\/\\\/www.fcbarcelonanoticias.com\\\/en\\\/wp-content\\\/uploads\\\/sites\\\/2\\\/2023\\\/08\\\/ronald-araujo-durante-un-calentamiento-1.jpeg\",\"width\":1250,\"height\":750},{\"@type\":\"BreadcrumbList\",\"@id\":\"https:\\\/\\\/www.fcbarcelonanoticias.com\\\/en\\\/fc-barcelona\\\/fc-barcelona-will-preserve-ronald-araujo-during-next-stop-selections_295294_102.html#breadcrumb\",\"itemListElement\":[{\"@type\":\"ListItem\",\"position\":1,\"name\":\"Portada\",\"item\":\"https:\\\/\\\/www.fcbarcelonanoticias.com\\\/en\\\/\"},{\"@type\":\"ListItem\",\"position\":2,\"name\":\"Bar\u00e7a will preserve Ronald Ara\u00fajo during the next national team break\"}]},{\"@type\":\"WebSite\",\"@id\":\"https:\\\/\\\/www.fcbarcelonanoticias.com\\\/en\\\/#website\",\"url\":\"https:\\\/\\\/www.fcbarcelonanoticias.com\\\/en\\\/\",\"name\":\"EN - FC Barcelona Noticias\",\"description\":\"\",\"potentialAction\":[{\"@type\":\"SearchAction\",\"target\":{\"@type\":\"EntryPoint\",\"urlTemplate\":\"https:\\\/\\\/www.fcbarcelonanoticias.com\\\/en\\\/?s={search_term_string}\"},\"query-input\":{\"@type\":\"PropertyValueSpecification\",\"valueRequired\":true,\"valueName\":\"search_term_string\"}}],\"inLanguage\":\"en-US\"},{\"@type\":\"Person\",\"@id\":\"https:\\\/\\\/www.fcbarcelonanoticias.com\\\/en\\\/#\\\/schema\\\/person\\\/c2cd9f6fa1af5c0d0eccd0fefa575c88\",\"name\":\"Andr\u00e9s Quiroz\",\"image\":{\"@type\":\"ImageObject\",\"inLanguage\":\"en-US\",\"@id\":\"https:\\\/\\\/secure.gravatar.com\\\/avatar\\\/?s=96&d=mm&r=g\",\"url\":\"https:\\\/\\\/secure.gravatar.com\\\/avatar\\\/?s=96&d=mm&r=g\",\"contentUrl\":\"https:\\\/\\\/secure.gravatar.com\\\/avatar\\\/?s=96&d=mm&r=g\",\"caption\":\"Andr\u00e9s Quiroz\"},\"description\":\"Licenciado en Periodismo por la Universidad de los Andes. Me encargo de analizar y compartir los contenidos m\u00e1s destacados de la\u00a0actualidad del F\u00fatbol Club Barcelona, Mercado de Fichajes y F\u00fatbol Internacional en FCBN. La informaci\u00f3n es poder, pero tambi\u00e9n conocimiento.\",\"url\":\"https:\\\/\\\/www.fcbarcelonanoticias.com\\\/en\\\/fc-barcelona\\\/andres-quiroz_17_115.html\"}]}<\/script>\n<!-- \/ Yoast SEO plugin. -->","yoast_head_json":{"title":"Bar\u00e7a will preserve Ronald Ara\u00fajo during the next national team break","description":"Ronald Ara\u00fajo will not play with Uruguay at the start of the South American qualifiers for the 2026 World Cup. This is what FC Barcelona has planned, prioritizing the recovery of the 'charr\u00faa' for the start of the Champions League in mid-September","robots":{"index":"index","follow":"follow","max-snippet":"max-snippet:-1","max-image-preview":"max-image-preview:large","max-video-preview":"max-video-preview:-1"},"canonical":"https:\/\/www.fcbarcelonanoticias.com\/en\/fc-barcelona\/fc-barcelona-will-preserve-ronald-araujo-during-next-stop-selections_295294_102.html","og_locale":"en_US","og_type":"article","og_title":"Bar\u00e7a will preserve Ronald Ara\u00fajo during the next national team break","og_description":"Ronald Ara\u00fajo will not play with Uruguay at the start of the South American qualifiers for the 2026 World Cup. This is what FC Barcelona has planned, prioritizing the recovery of the 'charr\u00faa' for the start of the Champions League in mid-September","og_url":"https:\/\/www.fcbarcelonanoticias.com\/en\/fc-barcelona\/fc-barcelona-will-preserve-ronald-araujo-during-next-stop-selections_295294_102.html","og_site_name":"EN - FC Barcelona Noticias","article_published_time":"2023-08-20T07:20:00+00:00","og_image":[{"width":1250,"height":750,"url":"https:\/\/www.fcbarcelonanoticias.com\/en\/wp-content\/uploads\/sites\/2\/2023\/08\/ronald-araujo-durante-un-calentamiento-1.jpeg","type":"image\/jpeg"}],"author":"Andr\u00e9s Quiroz","twitter_card":"summary_large_image","twitter_misc":{"Written by":"Andr\u00e9s Quiroz","Est. reading time":"2 minutes"},"schema":{"@context":"https:\/\/schema.org","@graph":[{"@type":"Article","@id":"https:\/\/www.fcbarcelonanoticias.com\/en\/fc-barcelona\/fc-barcelona-will-preserve-ronald-araujo-during-next-stop-selections_295294_102.html#article","isPartOf":{"@id":"https:\/\/www.fcbarcelonanoticias.com\/en\/fc-barcelona\/fc-barcelona-will-preserve-ronald-araujo-during-next-stop-selections_295294_102.html"},"author":{"name":"Andr\u00e9s Quiroz","@id":"https:\/\/www.fcbarcelonanoticias.com\/en\/#\/schema\/person\/c2cd9f6fa1af5c0d0eccd0fefa575c88"},"headline":"Bar\u00e7a will preserve Ronald Ara\u00fajo during the next national team break","datePublished":"2023-08-20T07:20:00+00:00","mainEntityOfPage":{"@id":"https:\/\/www.fcbarcelonanoticias.com\/en\/fc-barcelona\/fc-barcelona-will-preserve-ronald-araujo-during-next-stop-selections_295294_102.html"},"wordCount":480,"image":{"@id":"https:\/\/www.fcbarcelonanoticias.com\/en\/fc-barcelona\/fc-barcelona-will-preserve-ronald-araujo-during-next-stop-selections_295294_102.html#primaryimage"},"thumbnailUrl":"https:\/\/www.fcbarcelonanoticias.com\/en\/wp-content\/uploads\/sites\/2\/2023\/08\/ronald-araujo-durante-un-calentamiento-1.jpeg","articleSection":["FC Barcelona"],"inLanguage":"en-US"},{"@type":"WebPage","@id":"https:\/\/www.fcbarcelonanoticias.com\/en\/fc-barcelona\/fc-barcelona-will-preserve-ronald-araujo-during-next-stop-selections_295294_102.html","url":"https:\/\/www.fcbarcelonanoticias.com\/en\/fc-barcelona\/fc-barcelona-will-preserve-ronald-araujo-during-next-stop-selections_295294_102.html","name":"Bar\u00e7a will preserve Ronald Ara\u00fajo during the next national team break","isPartOf":{"@id":"https:\/\/www.fcbarcelonanoticias.com\/en\/#website"},"primaryImageOfPage":{"@id":"https:\/\/www.fcbarcelonanoticias.com\/en\/fc-barcelona\/fc-barcelona-will-preserve-ronald-araujo-during-next-stop-selections_295294_102.html#primaryimage"},"image":{"@id":"https:\/\/www.fcbarcelonanoticias.com\/en\/fc-barcelona\/fc-barcelona-will-preserve-ronald-araujo-during-next-stop-selections_295294_102.html#primaryimage"},"thumbnailUrl":"https:\/\/www.fcbarcelonanoticias.com\/en\/wp-content\/uploads\/sites\/2\/2023\/08\/ronald-araujo-durante-un-calentamiento-1.jpeg","datePublished":"2023-08-20T07:20:00+00:00","author":{"@id":"https:\/\/www.fcbarcelonanoticias.com\/en\/#\/schema\/person\/c2cd9f6fa1af5c0d0eccd0fefa575c88"},"description":"Ronald Ara\u00fajo will not play with Uruguay at the start of the South American qualifiers for the 2026 World Cup. This is what FC Barcelona has planned, prioritizing the recovery of the 'charr\u00faa' for the start of the Champions League in mid-September","breadcrumb":{"@id":"https:\/\/www.fcbarcelonanoticias.com\/en\/fc-barcelona\/fc-barcelona-will-preserve-ronald-araujo-during-next-stop-selections_295294_102.html#breadcrumb"},"inLanguage":"en-US","potentialAction":[{"@type":"ReadAction","target":["https:\/\/www.fcbarcelonanoticias.com\/en\/fc-barcelona\/fc-barcelona-will-preserve-ronald-araujo-during-next-stop-selections_295294_102.html"]}]},{"@type":"ImageObject","inLanguage":"en-US","@id":"https:\/\/www.fcbarcelonanoticias.com\/en\/fc-barcelona\/fc-barcelona-will-preserve-ronald-araujo-during-next-stop-selections_295294_102.html#primaryimage","url":"https:\/\/www.fcbarcelonanoticias.com\/en\/wp-content\/uploads\/sites\/2\/2023\/08\/ronald-araujo-durante-un-calentamiento-1.jpeg","contentUrl":"https:\/\/www.fcbarcelonanoticias.com\/en\/wp-content\/uploads\/sites\/2\/2023\/08\/ronald-araujo-durante-un-calentamiento-1.jpeg","width":1250,"height":750},{"@type":"BreadcrumbList","@id":"https:\/\/www.fcbarcelonanoticias.com\/en\/fc-barcelona\/fc-barcelona-will-preserve-ronald-araujo-during-next-stop-selections_295294_102.html#breadcrumb","itemListElement":[{"@type":"ListItem","position":1,"name":"Portada","item":"https:\/\/www.fcbarcelonanoticias.com\/en\/"},{"@type":"ListItem","position":2,"name":"Bar\u00e7a will preserve Ronald Ara\u00fajo during the next national team break"}]},{"@type":"WebSite","@id":"https:\/\/www.fcbarcelonanoticias.com\/en\/#website","url":"https:\/\/www.fcbarcelonanoticias.com\/en\/","name":"EN - FC Barcelona Noticias","description":"","potentialAction":[{"@type":"SearchAction","target":{"@type":"EntryPoint","urlTemplate":"https:\/\/www.fcbarcelonanoticias.com\/en\/?s={search_term_string}"},"query-input":{"@type":"PropertyValueSpecification","valueRequired":true,"valueName":"search_term_string"}}],"inLanguage":"en-US"},{"@type":"Person","@id":"https:\/\/www.fcbarcelonanoticias.com\/en\/#\/schema\/person\/c2cd9f6fa1af5c0d0eccd0fefa575c88","name":"Andr\u00e9s Quiroz","image":{"@type":"ImageObject","inLanguage":"en-US","@id":"https:\/\/secure.gravatar.com\/avatar\/?s=96&d=mm&r=g","url":"https:\/\/secure.gravatar.com\/avatar\/?s=96&d=mm&r=g","contentUrl":"https:\/\/secure.gravatar.com\/avatar\/?s=96&d=mm&r=g","caption":"Andr\u00e9s Quiroz"},"description":"Licenciado en Periodismo por la Universidad de los Andes. Me encargo de analizar y compartir los contenidos m\u00e1s destacados de la\u00a0actualidad del F\u00fatbol Club Barcelona, Mercado de Fichajes y F\u00fatbol Internacional en FCBN. La informaci\u00f3n es poder, pero tambi\u00e9n conocimiento.","url":"https:\/\/www.fcbarcelonanoticias.com\/en\/fc-barcelona\/andres-quiroz_17_115.html"}]}},"_links":{"self":[{"href":"https:\/\/www.fcbarcelonanoticias.com\/en\/wp-json\/wp\/v2\/posts\/18700","targetHints":{"allow":["GET"]}}],"collection":[{"href":"https:\/\/www.fcbarcelonanoticias.com\/en\/wp-json\/wp\/v2\/posts"}],"about":[{"href":"https:\/\/www.fcbarcelonanoticias.com\/en\/wp-json\/wp\/v2\/types\/post"}],"author":[{"embeddable":true,"href":"https:\/\/www.fcbarcelonanoticias.com\/en\/wp-json\/wp\/v2\/users\/347"}],"replies":[{"embeddable":true,"href":"https:\/\/www.fcbarcelonanoticias.com\/en\/wp-json\/wp\/v2\/comments?post=18700"}],"version-history":[{"count":1,"href":"https:\/\/www.fcbarcelonanoticias.com\/en\/wp-json\/wp\/v2\/posts\/18700\/revisions"}],"predecessor-version":[{"id":18701,"href":"https:\/\/www.fcbarcelonanoticias.com\/en\/wp-json\/wp\/v2\/posts\/18700\/revisions\/18701"}],"wp:featuredmedia":[{"embeddable":true,"href":"https:\/\/www.fcbarcelonanoticias.com\/en\/wp-json\/wp\/v2\/media\/18705"}],"wp:attachment":[{"href":"https:\/\/www.fcbarcelonanoticias.com\/en\/wp-json\/wp\/v2\/media?parent=18700"}],"wp:term":[{"taxonomy":"category","embeddable":true,"href":"https:\/\/www.fcbarcelonanoticias.com\/en\/wp-json\/wp\/v2\/categories?post=18700"},{"taxonomy":"post_tag","embeddable":true,"href":"https:\/\/www.fcbarcelonanoticias.com\/en\/wp-json\/wp\/v2\/tags?post=18700"}],"curies":[{"name":"wp","href":"https:\/\/api.w.org\/{rel}","templated":true}]}}