{"id":18703,"date":"2025-12-12T16:10:00","date_gmt":"2025-12-12T15:10:00","guid":{"rendered":"https:\/\/weisetech.dev\/fc-barcelona-noticias\/en\/hansi-flick-asks-for-calm-before-barca-osasuna-league-preview_315503_102\/"},"modified":"2025-12-12T16:10:00","modified_gmt":"2025-12-12T15:10:00","slug":"hansi-flick-asks-for-calm-before-barca-osasuna-league-preview_315503_102","status":"publish","type":"post","link":"https:\/\/www.fcbarcelonanoticias.com\/en\/fc-barcelona\/hansi-flick-asks-for-calm-before-barca-osasuna-league-preview_315503_102.html","title":{"rendered":"Hansi Flick Press Conference | Barcelona &#8211; Osasuna Preview"},"content":{"rendered":"<h2 class=\"wp-block-heading\">Hansi Flick appeared at a press conference on the eve of Barcelona-Osasuna, the last home game of the year, with a clear message of prudence, hard work, and exclusive focus on Bar\u00e7a<\/h2>  \r\n<div class=\"article-addons\">\r\n    <a href=\"https:\/\/www.fcbarcelonanoticias.com\/en\/calendar-fc-barcelona.html\"\r\n       target=\"_self\"\r\n       title=\"Calendar of FC Barcelona\"\r\n       class=\"blue-gredient-btn\">\r\n       \r\n        Calendar of FC Barcelona    <\/a>\r\n<\/div>   <p><strong>Hansi Flick<\/strong> appeared before the media this Friday on the eve of the <strong><a data-external=\"0\" data-intl-links-en=\"https:\/\/www.fcbarcelonanoticias.com\/en\/tags\/barcelona-vs-osasuna\" data-intl-links-es=\"https:\/\/www.fcbarcelonanoticias.com\/tags\/barcelona-vs-osasuna\" href=\"https:\/\/www.fcbarcelonanoticias.com\/en\/tags\/barcelona-vs-osasuna.html\" rel=\"follow\" target=\"_self\" title=\"FC Barcelona vs Osasuna - All match news\">Barcelona-Osasuna<\/a><\/strong> match, the last home game of the year, with a speech marked by serenity, self-criticism, and an absolute focus on daily work.<\/p>  <p>The <strong>FC Barcelona<\/strong> coach spoke about the team&#8217;s current moment, about Real Madrid, Osasuna, Joan Garc\u00eda and Ter Stegen, Eric Garc\u00eda, Frenkie de Jong, Rashford and Alejandro Balde.<\/p>  <h2>STOP: Flick avoids any kind of triumphalism<\/h2>  <p>Asked about <strong>Bar\u00e7a&#8217;s position in the standings<\/strong> and the possibility of increasing the gap with <strong>Real Madrid<\/strong>, Flick was blunt. The German rejected any premature optimistic reading and emphasized the team&#8217;s constant improvement.<\/p>  <blockquote> <p>\u201cWe have the quality and we can beat anyone, but there are things we can improve and that\u2019s what I\u2019m focused on.\u201d<\/p> <\/blockquote>  <p>The coach&#8217;s message was clear: being top of the table doesn&#8217;t change the coaching staff&#8217;s or the locker room&#8217;s approach. &#8220;Now is not the time to think we&#8217;re in first place,&#8221; he stressed.<\/p>  <h2>Focus on Bar\u00e7a and absolute silence on Real Madrid<\/h2>  <p>One of the most forceful moments of the press conference came when <strong>Hansi Flick<\/strong> was asked about the <strong><a data-external=\"0\" data-intl-links-en=\"https:\/\/www.fcbarcelonanoticias.com\/en\/real-madrid\" data-intl-links-es=\"https:\/\/www.fcbarcelonanoticias.com\/real-madrid\" href=\"https:\/\/www.fcbarcelonanoticias.com\/en\/real-madrid.html\" rel=\"follow\" target=\"_self\" title=\"Real Madrid - \u00daltimas noticias y resultados\">Real Madrid<\/a><\/strong> dugout situation and the figure of <strong>Xabi Alonso<\/strong>. Far from engaging in external debates, the Bar\u00e7a coach immediately closed the door.<\/p>  <p>&#8220;Bah, it&#8217;s a long way to go, it&#8217;s December now and there are many games left to play, it&#8217;s always important to look at ourselves.&#8221;<\/p>  <p>A response that reinforces the coach&#8217;s line of work since his arrival: isolating the team from external noise and focusing all energy on their own performance.<\/p>  <h2>Osasuna, a Rival Demanding the Highest Level<\/h2>  <p>Flick also analyzed the Navarrese rival, recalling the difficulties that any match in LaLiga poses if one does not compete at the highest level. The German coach did not want to be complacent and warned of the demands of the match<\/p>  <blockquote> <p>\u201cIn LaLiga every match is difficult if you don&#8217;t play at 100%. We have prepared well, it doesn&#8217;t matter who the opponent is. We are focused on preparing the players for what we need and fighting for the three points.\u201d<\/p> <\/blockquote>  <p>The memory of the tough <strong>defeat suffered against Osasuna<\/strong> in the past remains, and the coaching staff wants to avoid any complacency in this last home commitment of the year.<\/p>  <h2>The Goalkeeping: Total Confidence in Joan Garc\u00eda and Ter Stegen&#8230;<\/h2>  <p>One of the recurring topics was the goalkeeping. Flick once again emphatically reaffirmed the role of <strong><a data-external=\"0\" data-intl-links-en=\"https:\/\/www.fcbarcelonanoticias.com\/en\/tags\/joan-garcia\" data-intl-links-es=\"https:\/\/www.fcbarcelonanoticias.com\/tags\/joan-garcia\" href=\"https:\/\/www.fcbarcelonanoticias.com\/en\/tags\/joan-garcia.html\" rel=\"follow\" target=\"_self\" title=\"Joan Garc\u00eda - Latest news on his signing\">Joan Garc\u00eda<\/a><\/strong> as the team&#8217;s starting goalkeeper.<\/p>  <blockquote> <p>\u201cJoan is number one. I don\u2019t see a second or a third. We are not going to change Joan, he is doing very well\u201d<\/p> <\/blockquote>  <p>Regarding the future of Ter Stegen, the coach limited himself to confirming that private conversations are taking place, without going into detail: &#8220;I have spoken with him, it&#8217;s my job, but that remains between him and me.&#8221;<\/p>  <h2>Eric Garc\u00eda, De Jong, and Midfield Management<\/h2>  <p>Another focus was the evolution of <strong><a data-external=\"0\" data-intl-links-en=\"https:\/\/www.fcbarcelonanoticias.com\/en\/tags\/eric-garcia\" data-intl-links-es=\"https:\/\/www.fcbarcelonanoticias.com\/tags\/eric-garcia\" href=\"https:\/\/www.fcbarcelonanoticias.com\/en\/tags\/eric-garcia.html\" rel=\"follow\" target=\"_self\" title=\"Eric Garc\u00eda Bar\u00e7a - \u00daltimas noticias y estad\u00edsticas\">Eric Garc\u00eda<\/a><\/strong>, recently renewed and increasingly established as a defensive midfielder. Flick was satisfied with his performance in that position: &#8220;In the last few games he has been in midfield with good performances, but we will decide tomorrow because he can play in both positions and as a number 6 as well&#8221;<\/p>  <blockquote> <p>&#8220;He has a great quality in all the positions he plays, and as a defensive midfielder he is at a high level, a player like him can change several positions and is very good, and now stability matters, it&#8217;s good to have him for his versatility&#8221;<\/p> <\/blockquote>  <p>Eric&#8217;s consolidation has had a direct impact on other footballers, such as <strong><a data-external=\"0\" data-intl-links-en=\"https:\/\/www.fcbarcelonanoticias.com\/en\/tags\/de-jong\" data-intl-links-es=\"https:\/\/www.fcbarcelonanoticias.com\/tags\/de-jong\" href=\"https:\/\/www.fcbarcelonanoticias.com\/en\/tags\/de-jong.html\" rel=\"follow\" target=\"_self\" title=\"Frenkie de Jong - Perfil, noticias y estad\u00edsticas\">Frenkie de Jong<\/a><\/strong>. Flick explained that the Dutchman still needs to regain his feel for the game after being ill.<\/p>  <blockquote> <p>\u201cIn the last few games we have played very well with Cubars\u00ed, Gerard, Balde and Eric at \u20186\u2019. Frenkie was sick and has to improve. The important thing is to have the best possible eleven on the field&#8221;<\/p> <\/blockquote>  <h2>Internal Competition in the Team: The Key to Bar\u00e7a&#8217;s Growth<\/h2>  <p>Beyond proper names, <strong><a data-external=\"0\" data-intl-links-en=\"https:\/\/www.fcbarcelonanoticias.com\/en\/tags\/hansi-flick\" data-intl-links-es=\"https:\/\/www.fcbarcelonanoticias.com\/tags\/hansi-flick\" href=\"https:\/\/www.fcbarcelonanoticias.com\/en\/tags\/hansi-flick.html\" rel=\"follow\" target=\"_self\" title=\"Hansi Flick - Noticias y estad\u00edsticas del entrenador del Bar\u00e7a\">Hansi Flick<\/a><\/strong> highlighted one of the aspects he considers fundamental for the team&#8217;s progress: internal competition. The coach celebrated the increased level in training and the demands among players: \u201cIn a team like Bar\u00e7a, with so many competitions, it is important to have competition. This makes the players improve,\u201d he explained.<\/p>  <blockquote> <p>&#8220;When you play multiple competitions, it&#8217;s important to have several players in the same position. It&#8217;s good for us and for them, as has been seen in recent weeks, where they&#8217;ve been amazing, because everyone is at their training and playing level&#8221;<\/p> <\/blockquote>  <p>He gave the situation in attack as an example, where the competition between Ferran Torres and Lewandowski&nbsp;is raising collective performance: &#8220;The situation with Ferran and Lewandowski is good for the team. I&#8217;ve loved what I&#8217;ve seen in the last four weeks. Ferran is at a great level,&#8221; he highlighted.<\/p>  <p><strong>About Rashford<\/strong><\/p>  <p>&#8220;When he&#8217;s on the bench, he shows what a great squad we have. His attitude and mentality are those of a great professional. I talk to everyone who doesn&#8217;t play and explain that the only thing that matters are the three points&#8221;<\/p>  <p><strong>About Balde<\/strong><\/p>  <p>&#8220;He is also very young, what I can say is that I see him playing very well, focused on training well after his injury and he has a lot of potential, he can also play for Spain, so he has to show it every game, every minute, that level, that speed, he can improve a lot but his mentality is great&#8221;<\/p>  <h2>A Clear Final Message: Work, Demands, and Bar\u00e7a Mentality<\/h2>  <p>Flick closed his appearance by emphasizing that the level shown recently must become the norm and not the exception<\/p>  <blockquote> <p>\u201cThe quality in training is now different from two months ago. This level is Bar\u00e7a&#8217;s level. If we train like this, we can improve\u201d<\/p> <\/blockquote>  <p>With this speech, the German coach reaffirms his roadmap: calm, self-criticism, and maximum demand so that <strong>F\u00fatbol Club Barcelona<\/strong> continues to grow without deviating from the path and competes to win all titles at stake<\/p> ","protected":false},"excerpt":{"rendered":"<p>Hansi Flick appeared at a press conference on the eve of Barcelona-Osasuna, the last home game of the year, with a clear message of prudence, hard work, and exclusive focus on Bar\u00e7a Hansi Flick appeared before the media this Friday on the eve of the Barcelona-Osasuna match, the last home game of the year, with [&hellip;]<\/p>\n","protected":false},"author":353,"featured_media":18708,"comment_status":"closed","ping_status":"open","sticky":false,"template":"","format":"standard","meta":{"_acf_changed":false,"inline_featured_image":false,"_nextfly_llmd_date_locked":false,"footnotes":""},"categories":[111],"tags":[44,87],"class_list":["post-18703","post","type-post","status-publish","format-standard","has-post-thumbnail","hentry","category-fc-barcelona","tag-barcelona-vs-osasuna","tag-hansi-flick"],"acf":[],"yoast_head":"<!-- This site is optimized with the Yoast SEO plugin v27.3 - https:\/\/yoast.com\/product\/yoast-seo-wordpress\/ -->\n<title>Hansi Flick asks for calm before Bar\u00e7a-Osasuna | League Preview<\/title>\n<meta name=\"description\" content=\"Hansi Flick analyzes Bar\u00e7a-Osasuna, avoids talking about Real Madrid, and reaffirms his commitment to hard work, internal competition, and calm. Read all the details.\" \/>\n<meta name=\"robots\" content=\"index, follow, max-snippet:-1, max-image-preview:large, max-video-preview:-1\" \/>\n<link rel=\"canonical\" href=\"https:\/\/www.fcbarcelonanoticias.com\/en\/fc-barcelona\/hansi-flick-asks-for-calm-before-barca-osasuna-league-preview_315503_102.html\" \/>\n<meta property=\"og:locale\" content=\"en_US\" \/>\n<meta property=\"og:type\" content=\"article\" \/>\n<meta property=\"og:title\" content=\"Hansi Flick asks for calm before Bar\u00e7a-Osasuna | League Preview\" \/>\n<meta property=\"og:description\" content=\"Hansi Flick analyzes Bar\u00e7a-Osasuna, avoids talking about Real Madrid, and reaffirms his commitment to hard work, internal competition, and calm. Read all the details.\" \/>\n<meta property=\"og:url\" content=\"https:\/\/www.fcbarcelonanoticias.com\/en\/fc-barcelona\/hansi-flick-asks-for-calm-before-barca-osasuna-league-preview_315503_102.html\" \/>\n<meta property=\"og:site_name\" content=\"EN - FC Barcelona Noticias\" \/>\n<meta property=\"article:published_time\" content=\"2025-12-12T15:10:00+00:00\" \/>\n<meta property=\"og:image\" content=\"https:\/\/www.fcbarcelonanoticias.com\/en\/wp-content\/uploads\/sites\/2\/2025\/12\/hansi-flick-rueda-prensa-osasuna-liga-25-26.jpeg\" \/>\n\t<meta property=\"og:image:width\" content=\"1200\" \/>\n\t<meta property=\"og:image:height\" content=\"675\" \/>\n\t<meta property=\"og:image:type\" content=\"image\/jpeg\" \/>\n<meta name=\"author\" content=\"FC Barcelona Noticias\" \/>\n<meta name=\"twitter:card\" content=\"summary_large_image\" \/>\n<meta name=\"twitter:label1\" content=\"Written by\" \/>\n\t<meta name=\"twitter:data1\" content=\"FC Barcelona Noticias\" \/>\n\t<meta name=\"twitter:label2\" content=\"Est. reading time\" \/>\n\t<meta name=\"twitter:data2\" content=\"5 minutes\" \/>\n<script type=\"application\/ld+json\" class=\"yoast-schema-graph\">{\"@context\":\"https:\\\/\\\/schema.org\",\"@graph\":[{\"@type\":\"Article\",\"@id\":\"https:\\\/\\\/www.fcbarcelonanoticias.com\\\/en\\\/fc-barcelona\\\/hansi-flick-asks-for-calm-before-barca-osasuna-league-preview_315503_102.html#article\",\"isPartOf\":{\"@id\":\"https:\\\/\\\/www.fcbarcelonanoticias.com\\\/en\\\/fc-barcelona\\\/hansi-flick-asks-for-calm-before-barca-osasuna-league-preview_315503_102.html\"},\"author\":{\"name\":\"FC Barcelona Noticias\",\"@id\":\"https:\\\/\\\/www.fcbarcelonanoticias.com\\\/en\\\/#\\\/schema\\\/person\\\/0f2810101d27606974cdb8edb54fa54b\"},\"headline\":\"Hansi Flick Press Conference | Barcelona &#8211; Osasuna Preview\",\"datePublished\":\"2025-12-12T15:10:00+00:00\",\"mainEntityOfPage\":{\"@id\":\"https:\\\/\\\/www.fcbarcelonanoticias.com\\\/en\\\/fc-barcelona\\\/hansi-flick-asks-for-calm-before-barca-osasuna-league-preview_315503_102.html\"},\"wordCount\":1087,\"image\":{\"@id\":\"https:\\\/\\\/www.fcbarcelonanoticias.com\\\/en\\\/fc-barcelona\\\/hansi-flick-asks-for-calm-before-barca-osasuna-league-preview_315503_102.html#primaryimage\"},\"thumbnailUrl\":\"https:\\\/\\\/www.fcbarcelonanoticias.com\\\/en\\\/wp-content\\\/uploads\\\/sites\\\/2\\\/2025\\\/12\\\/hansi-flick-rueda-prensa-osasuna-liga-25-26.jpeg\",\"keywords\":[\"FC Barcelona vs Osasuna\",\"Hansi Flick\"],\"articleSection\":[\"FC Barcelona\"],\"inLanguage\":\"en-US\"},{\"@type\":\"WebPage\",\"@id\":\"https:\\\/\\\/www.fcbarcelonanoticias.com\\\/en\\\/fc-barcelona\\\/hansi-flick-asks-for-calm-before-barca-osasuna-league-preview_315503_102.html\",\"url\":\"https:\\\/\\\/www.fcbarcelonanoticias.com\\\/en\\\/fc-barcelona\\\/hansi-flick-asks-for-calm-before-barca-osasuna-league-preview_315503_102.html\",\"name\":\"Hansi Flick asks for calm before Bar\u00e7a-Osasuna | League Preview\",\"isPartOf\":{\"@id\":\"https:\\\/\\\/www.fcbarcelonanoticias.com\\\/en\\\/#website\"},\"primaryImageOfPage\":{\"@id\":\"https:\\\/\\\/www.fcbarcelonanoticias.com\\\/en\\\/fc-barcelona\\\/hansi-flick-asks-for-calm-before-barca-osasuna-league-preview_315503_102.html#primaryimage\"},\"image\":{\"@id\":\"https:\\\/\\\/www.fcbarcelonanoticias.com\\\/en\\\/fc-barcelona\\\/hansi-flick-asks-for-calm-before-barca-osasuna-league-preview_315503_102.html#primaryimage\"},\"thumbnailUrl\":\"https:\\\/\\\/www.fcbarcelonanoticias.com\\\/en\\\/wp-content\\\/uploads\\\/sites\\\/2\\\/2025\\\/12\\\/hansi-flick-rueda-prensa-osasuna-liga-25-26.jpeg\",\"datePublished\":\"2025-12-12T15:10:00+00:00\",\"author\":{\"@id\":\"https:\\\/\\\/www.fcbarcelonanoticias.com\\\/en\\\/#\\\/schema\\\/person\\\/0f2810101d27606974cdb8edb54fa54b\"},\"description\":\"Hansi Flick analyzes Bar\u00e7a-Osasuna, avoids talking about Real Madrid, and reaffirms his commitment to hard work, internal competition, and calm. Read all the details.\",\"breadcrumb\":{\"@id\":\"https:\\\/\\\/www.fcbarcelonanoticias.com\\\/en\\\/fc-barcelona\\\/hansi-flick-asks-for-calm-before-barca-osasuna-league-preview_315503_102.html#breadcrumb\"},\"inLanguage\":\"en-US\",\"potentialAction\":[{\"@type\":\"ReadAction\",\"target\":[\"https:\\\/\\\/www.fcbarcelonanoticias.com\\\/en\\\/fc-barcelona\\\/hansi-flick-asks-for-calm-before-barca-osasuna-league-preview_315503_102.html\"]}]},{\"@type\":\"ImageObject\",\"inLanguage\":\"en-US\",\"@id\":\"https:\\\/\\\/www.fcbarcelonanoticias.com\\\/en\\\/fc-barcelona\\\/hansi-flick-asks-for-calm-before-barca-osasuna-league-preview_315503_102.html#primaryimage\",\"url\":\"https:\\\/\\\/www.fcbarcelonanoticias.com\\\/en\\\/wp-content\\\/uploads\\\/sites\\\/2\\\/2025\\\/12\\\/hansi-flick-rueda-prensa-osasuna-liga-25-26.jpeg\",\"contentUrl\":\"https:\\\/\\\/www.fcbarcelonanoticias.com\\\/en\\\/wp-content\\\/uploads\\\/sites\\\/2\\\/2025\\\/12\\\/hansi-flick-rueda-prensa-osasuna-liga-25-26.jpeg\",\"width\":1200,\"height\":675},{\"@type\":\"BreadcrumbList\",\"@id\":\"https:\\\/\\\/www.fcbarcelonanoticias.com\\\/en\\\/fc-barcelona\\\/hansi-flick-asks-for-calm-before-barca-osasuna-league-preview_315503_102.html#breadcrumb\",\"itemListElement\":[{\"@type\":\"ListItem\",\"position\":1,\"name\":\"Portada\",\"item\":\"https:\\\/\\\/www.fcbarcelonanoticias.com\\\/en\\\/\"},{\"@type\":\"ListItem\",\"position\":2,\"name\":\"Hansi Flick Press Conference | Barcelona &#8211; Osasuna Preview\"}]},{\"@type\":\"WebSite\",\"@id\":\"https:\\\/\\\/www.fcbarcelonanoticias.com\\\/en\\\/#website\",\"url\":\"https:\\\/\\\/www.fcbarcelonanoticias.com\\\/en\\\/\",\"name\":\"EN - FC Barcelona Noticias\",\"description\":\"\",\"potentialAction\":[{\"@type\":\"SearchAction\",\"target\":{\"@type\":\"EntryPoint\",\"urlTemplate\":\"https:\\\/\\\/www.fcbarcelonanoticias.com\\\/en\\\/?s={search_term_string}\"},\"query-input\":{\"@type\":\"PropertyValueSpecification\",\"valueRequired\":true,\"valueName\":\"search_term_string\"}}],\"inLanguage\":\"en-US\"},{\"@type\":\"Person\",\"@id\":\"https:\\\/\\\/www.fcbarcelonanoticias.com\\\/en\\\/#\\\/schema\\\/person\\\/0f2810101d27606974cdb8edb54fa54b\",\"name\":\"FC Barcelona Noticias\",\"image\":{\"@type\":\"ImageObject\",\"inLanguage\":\"en-US\",\"@id\":\"https:\\\/\\\/secure.gravatar.com\\\/avatar\\\/?s=96&d=mm&r=g\",\"url\":\"https:\\\/\\\/secure.gravatar.com\\\/avatar\\\/?s=96&d=mm&r=g\",\"contentUrl\":\"https:\\\/\\\/secure.gravatar.com\\\/avatar\\\/?s=96&d=mm&r=g\",\"caption\":\"FC Barcelona Noticias\"},\"url\":\"https:\\\/\\\/www.fcbarcelonanoticias.com\\\/en\\\/fc-barcelona\\\/fcbn-writing-fc-barcelona-news_6_115.html\"}]}<\/script>\n<!-- \/ Yoast SEO plugin. -->","yoast_head_json":{"title":"Hansi Flick asks for calm before Bar\u00e7a-Osasuna | League Preview","description":"Hansi Flick analyzes Bar\u00e7a-Osasuna, avoids talking about Real Madrid, and reaffirms his commitment to hard work, internal competition, and calm. Read all the details.","robots":{"index":"index","follow":"follow","max-snippet":"max-snippet:-1","max-image-preview":"max-image-preview:large","max-video-preview":"max-video-preview:-1"},"canonical":"https:\/\/www.fcbarcelonanoticias.com\/en\/fc-barcelona\/hansi-flick-asks-for-calm-before-barca-osasuna-league-preview_315503_102.html","og_locale":"en_US","og_type":"article","og_title":"Hansi Flick asks for calm before Bar\u00e7a-Osasuna | League Preview","og_description":"Hansi Flick analyzes Bar\u00e7a-Osasuna, avoids talking about Real Madrid, and reaffirms his commitment to hard work, internal competition, and calm. Read all the details.","og_url":"https:\/\/www.fcbarcelonanoticias.com\/en\/fc-barcelona\/hansi-flick-asks-for-calm-before-barca-osasuna-league-preview_315503_102.html","og_site_name":"EN - FC Barcelona Noticias","article_published_time":"2025-12-12T15:10:00+00:00","og_image":[{"width":1200,"height":675,"url":"https:\/\/www.fcbarcelonanoticias.com\/en\/wp-content\/uploads\/sites\/2\/2025\/12\/hansi-flick-rueda-prensa-osasuna-liga-25-26.jpeg","type":"image\/jpeg"}],"author":"FC Barcelona Noticias","twitter_card":"summary_large_image","twitter_misc":{"Written by":"FC Barcelona Noticias","Est. reading time":"5 minutes"},"schema":{"@context":"https:\/\/schema.org","@graph":[{"@type":"Article","@id":"https:\/\/www.fcbarcelonanoticias.com\/en\/fc-barcelona\/hansi-flick-asks-for-calm-before-barca-osasuna-league-preview_315503_102.html#article","isPartOf":{"@id":"https:\/\/www.fcbarcelonanoticias.com\/en\/fc-barcelona\/hansi-flick-asks-for-calm-before-barca-osasuna-league-preview_315503_102.html"},"author":{"name":"FC Barcelona Noticias","@id":"https:\/\/www.fcbarcelonanoticias.com\/en\/#\/schema\/person\/0f2810101d27606974cdb8edb54fa54b"},"headline":"Hansi Flick Press Conference | Barcelona &#8211; Osasuna Preview","datePublished":"2025-12-12T15:10:00+00:00","mainEntityOfPage":{"@id":"https:\/\/www.fcbarcelonanoticias.com\/en\/fc-barcelona\/hansi-flick-asks-for-calm-before-barca-osasuna-league-preview_315503_102.html"},"wordCount":1087,"image":{"@id":"https:\/\/www.fcbarcelonanoticias.com\/en\/fc-barcelona\/hansi-flick-asks-for-calm-before-barca-osasuna-league-preview_315503_102.html#primaryimage"},"thumbnailUrl":"https:\/\/www.fcbarcelonanoticias.com\/en\/wp-content\/uploads\/sites\/2\/2025\/12\/hansi-flick-rueda-prensa-osasuna-liga-25-26.jpeg","keywords":["FC Barcelona vs Osasuna","Hansi Flick"],"articleSection":["FC Barcelona"],"inLanguage":"en-US"},{"@type":"WebPage","@id":"https:\/\/www.fcbarcelonanoticias.com\/en\/fc-barcelona\/hansi-flick-asks-for-calm-before-barca-osasuna-league-preview_315503_102.html","url":"https:\/\/www.fcbarcelonanoticias.com\/en\/fc-barcelona\/hansi-flick-asks-for-calm-before-barca-osasuna-league-preview_315503_102.html","name":"Hansi Flick asks for calm before Bar\u00e7a-Osasuna | League Preview","isPartOf":{"@id":"https:\/\/www.fcbarcelonanoticias.com\/en\/#website"},"primaryImageOfPage":{"@id":"https:\/\/www.fcbarcelonanoticias.com\/en\/fc-barcelona\/hansi-flick-asks-for-calm-before-barca-osasuna-league-preview_315503_102.html#primaryimage"},"image":{"@id":"https:\/\/www.fcbarcelonanoticias.com\/en\/fc-barcelona\/hansi-flick-asks-for-calm-before-barca-osasuna-league-preview_315503_102.html#primaryimage"},"thumbnailUrl":"https:\/\/www.fcbarcelonanoticias.com\/en\/wp-content\/uploads\/sites\/2\/2025\/12\/hansi-flick-rueda-prensa-osasuna-liga-25-26.jpeg","datePublished":"2025-12-12T15:10:00+00:00","author":{"@id":"https:\/\/www.fcbarcelonanoticias.com\/en\/#\/schema\/person\/0f2810101d27606974cdb8edb54fa54b"},"description":"Hansi Flick analyzes Bar\u00e7a-Osasuna, avoids talking about Real Madrid, and reaffirms his commitment to hard work, internal competition, and calm. Read all the details.","breadcrumb":{"@id":"https:\/\/www.fcbarcelonanoticias.com\/en\/fc-barcelona\/hansi-flick-asks-for-calm-before-barca-osasuna-league-preview_315503_102.html#breadcrumb"},"inLanguage":"en-US","potentialAction":[{"@type":"ReadAction","target":["https:\/\/www.fcbarcelonanoticias.com\/en\/fc-barcelona\/hansi-flick-asks-for-calm-before-barca-osasuna-league-preview_315503_102.html"]}]},{"@type":"ImageObject","inLanguage":"en-US","@id":"https:\/\/www.fcbarcelonanoticias.com\/en\/fc-barcelona\/hansi-flick-asks-for-calm-before-barca-osasuna-league-preview_315503_102.html#primaryimage","url":"https:\/\/www.fcbarcelonanoticias.com\/en\/wp-content\/uploads\/sites\/2\/2025\/12\/hansi-flick-rueda-prensa-osasuna-liga-25-26.jpeg","contentUrl":"https:\/\/www.fcbarcelonanoticias.com\/en\/wp-content\/uploads\/sites\/2\/2025\/12\/hansi-flick-rueda-prensa-osasuna-liga-25-26.jpeg","width":1200,"height":675},{"@type":"BreadcrumbList","@id":"https:\/\/www.fcbarcelonanoticias.com\/en\/fc-barcelona\/hansi-flick-asks-for-calm-before-barca-osasuna-league-preview_315503_102.html#breadcrumb","itemListElement":[{"@type":"ListItem","position":1,"name":"Portada","item":"https:\/\/www.fcbarcelonanoticias.com\/en\/"},{"@type":"ListItem","position":2,"name":"Hansi Flick Press Conference | Barcelona &#8211; Osasuna Preview"}]},{"@type":"WebSite","@id":"https:\/\/www.fcbarcelonanoticias.com\/en\/#website","url":"https:\/\/www.fcbarcelonanoticias.com\/en\/","name":"EN - FC Barcelona Noticias","description":"","potentialAction":[{"@type":"SearchAction","target":{"@type":"EntryPoint","urlTemplate":"https:\/\/www.fcbarcelonanoticias.com\/en\/?s={search_term_string}"},"query-input":{"@type":"PropertyValueSpecification","valueRequired":true,"valueName":"search_term_string"}}],"inLanguage":"en-US"},{"@type":"Person","@id":"https:\/\/www.fcbarcelonanoticias.com\/en\/#\/schema\/person\/0f2810101d27606974cdb8edb54fa54b","name":"FC Barcelona Noticias","image":{"@type":"ImageObject","inLanguage":"en-US","@id":"https:\/\/secure.gravatar.com\/avatar\/?s=96&d=mm&r=g","url":"https:\/\/secure.gravatar.com\/avatar\/?s=96&d=mm&r=g","contentUrl":"https:\/\/secure.gravatar.com\/avatar\/?s=96&d=mm&r=g","caption":"FC Barcelona Noticias"},"url":"https:\/\/www.fcbarcelonanoticias.com\/en\/fc-barcelona\/fcbn-writing-fc-barcelona-news_6_115.html"}]}},"_links":{"self":[{"href":"https:\/\/www.fcbarcelonanoticias.com\/en\/wp-json\/wp\/v2\/posts\/18703","targetHints":{"allow":["GET"]}}],"collection":[{"href":"https:\/\/www.fcbarcelonanoticias.com\/en\/wp-json\/wp\/v2\/posts"}],"about":[{"href":"https:\/\/www.fcbarcelonanoticias.com\/en\/wp-json\/wp\/v2\/types\/post"}],"author":[{"embeddable":true,"href":"https:\/\/www.fcbarcelonanoticias.com\/en\/wp-json\/wp\/v2\/users\/353"}],"replies":[{"embeddable":true,"href":"https:\/\/www.fcbarcelonanoticias.com\/en\/wp-json\/wp\/v2\/comments?post=18703"}],"version-history":[{"count":1,"href":"https:\/\/www.fcbarcelonanoticias.com\/en\/wp-json\/wp\/v2\/posts\/18703\/revisions"}],"predecessor-version":[{"id":103370,"href":"https:\/\/www.fcbarcelonanoticias.com\/en\/wp-json\/wp\/v2\/posts\/18703\/revisions\/103370"}],"wp:featuredmedia":[{"embeddable":true,"href":"https:\/\/www.fcbarcelonanoticias.com\/en\/wp-json\/wp\/v2\/media\/18708"}],"wp:attachment":[{"href":"https:\/\/www.fcbarcelonanoticias.com\/en\/wp-json\/wp\/v2\/media?parent=18703"}],"wp:term":[{"taxonomy":"category","embeddable":true,"href":"https:\/\/www.fcbarcelonanoticias.com\/en\/wp-json\/wp\/v2\/categories?post=18703"},{"taxonomy":"post_tag","embeddable":true,"href":"https:\/\/www.fcbarcelonanoticias.com\/en\/wp-json\/wp\/v2\/tags?post=18703"}],"curies":[{"name":"wp","href":"https:\/\/api.w.org\/{rel}","templated":true}]}}