{"id":18897,"date":"2024-12-09T22:34:00","date_gmt":"2024-12-09T21:34:00","guid":{"rendered":"https:\/\/weisetech.dev\/fc-barcelona-noticias\/en\/hansi-flick-favorite-son-at-fc-barcelona_309178_102\/"},"modified":"2024-12-10T01:46:00","modified_gmt":"2024-12-10T00:46:00","slug":"hansi-flick-favorite-son-at-fc-barcelona_309178_102","status":"publish","type":"post","link":"https:\/\/www.fcbarcelonanoticias.com\/en\/fc-barcelona\/hansi-flick-favorite-son-at-fc-barcelona_309178_102.html","title":{"rendered":"Hansi Flick&#8217;s &#8216;favorite son&#8217; at FC Barcelona"},"content":{"rendered":"<h2 class=\"wp-block-heading\">Frenkie de Jong has Hansi Flick delighted. The coach considers the Dutchman to be a top player and will be key to his project<\/h2>  \r\n<div class=\"article-addons\">\r\n    <a href=\"https:\/\/www.fcbarcelonanoticias.com\/en\/calendar-fc-barcelona.html\"\r\n       target=\"_self\"\r\n       title=\"Calendar of FC Barcelona\"\r\n       class=\"blue-gredient-btn\">\r\n       \r\n        Calendar of FC Barcelona    <\/a>\r\n<\/div>   <p><strong>Frenkie de Jong<\/strong> could cause a &#8216;civil war&#8217; at <strong>FC Barcelona<\/strong>. The Dutchman&#8217;s continuity at the Catalan club remains unclear as his performance and contractual situation have led members of the club to bet on his sale this summer. However, one determining factor could tip the balance in favour of the player.<\/p>  <p>According to &#8216;SPORT&#8217;, <strong>Hansi Flick<\/strong> is &#8216;in love&#8217; with the midfielder. The coach is delighted with the Gorcum player&#8217;s football, which is why he has given him so much playing time since he recovered from problems with his right ankle. The German&#8217;s objective is to recover the best version of the &#8217;21&#8217;, who aims to be key in his project.<\/p>  <h3>Hansi Flick wants Frenkie to stay at the club<\/h3>  <p><a data-external=\"0\" data-intl-links-en=\"https:\/\/www.fcbarcelonanoticias.com\/en\/fc-barcelona-squad.html\" data-intl-links-es=\"https:\/\/www.fcbarcelonanoticias.com\/jugadores-fcbarcelona.html\" href=\"https:\/\/www.fcbarcelonanoticias.com\/en\/fc-barcelona-squad.html\" rel=\"follow\" target=\"_self\" title=\"FC Barcelona squad\">Flick believes that De Jong fits perfectly into his scheme<\/a>. Once he returned to the pitch, the player began by positioning himself ahead of the centre-backs at the base of the play, but in his last few appearances he has been seen further forward on the pitch, acting as a link between the forwards and the midfield.<\/p>  <p>The coach will continue to bet on the Dutchman and, if the decision were in his hands, <strong>he would allow the midfielder to enter the last year of his contract<\/strong> in the hope of getting his renewal.<\/p>  <p>However, at <strong>Can Bar\u00e7a<\/strong> there are still mixed opinions and his stay is not at all clear, since his high salary and the possibility of losing him at zero cost have members of the board opting to cash in on his transfer and get some profit from his operation.<\/p> ","protected":false},"excerpt":{"rendered":"<p>Frenkie de Jong has Hansi Flick delighted. The coach considers the Dutchman to be a top player and will be key to his project Frenkie de Jong could cause a &#8216;civil war&#8217; at FC Barcelona. The Dutchman&#8217;s continuity at the Catalan club remains unclear as his performance and contractual situation have led members of the [&hellip;]<\/p>\n","protected":false},"author":358,"featured_media":18669,"comment_status":"closed","ping_status":"open","sticky":false,"template":"","format":"standard","meta":{"_acf_changed":false,"inline_featured_image":false,"_nextfly_llmd_date_locked":false,"footnotes":""},"categories":[111],"tags":[87],"class_list":["post-18897","post","type-post","status-publish","format-standard","has-post-thumbnail","hentry","category-fc-barcelona","tag-hansi-flick"],"acf":[],"yoast_head":"<!-- This site is optimized with the Yoast SEO plugin v27.3 - https:\/\/yoast.com\/product\/yoast-seo-wordpress\/ -->\n<title>Hansi Flick&#039;s &#039;favorite son&#039; at FC Barcelona<\/title>\n<meta name=\"description\" content=\"Frenkie de Jong has Hansi Flick delighted. The coach considers the Dutchman to be a top player and will be key to his project\" \/>\n<meta name=\"robots\" content=\"index, follow, max-snippet:-1, max-image-preview:large, max-video-preview:-1\" \/>\n<link rel=\"canonical\" href=\"https:\/\/www.fcbarcelonanoticias.com\/en\/fc-barcelona\/hansi-flick-favorite-son-at-fc-barcelona_309178_102.html\" \/>\n<meta property=\"og:locale\" content=\"en_US\" \/>\n<meta property=\"og:type\" content=\"article\" \/>\n<meta property=\"og:title\" content=\"Hansi Flick&#039;s &#039;favorite son&#039; at FC Barcelona\" \/>\n<meta property=\"og:description\" content=\"Frenkie de Jong has Hansi Flick delighted. The coach considers the Dutchman to be a top player and will be key to his project\" \/>\n<meta property=\"og:url\" content=\"https:\/\/www.fcbarcelonanoticias.com\/en\/fc-barcelona\/hansi-flick-favorite-son-at-fc-barcelona_309178_102.html\" \/>\n<meta property=\"og:site_name\" content=\"EN - FC Barcelona Noticias\" \/>\n<meta property=\"article:published_time\" content=\"2024-12-09T21:34:00+00:00\" \/>\n<meta property=\"article:modified_time\" content=\"2024-12-10T00:46:00+00:00\" \/>\n<meta property=\"og:image\" content=\"https:\/\/www.fcbarcelonanoticias.com\/en\/wp-content\/uploads\/sites\/2\/2024\/09\/fbl-esp-liga-barcelona-training-2-1.jpeg\" \/>\n\t<meta property=\"og:image:width\" content=\"1250\" \/>\n\t<meta property=\"og:image:height\" content=\"750\" \/>\n\t<meta property=\"og:image:type\" content=\"image\/jpeg\" \/>\n<meta name=\"author\" content=\"Juan Pablo Berdugo\" \/>\n<meta name=\"twitter:card\" content=\"summary_large_image\" \/>\n<meta name=\"twitter:label1\" content=\"Written by\" \/>\n\t<meta name=\"twitter:data1\" content=\"Juan Pablo Berdugo\" \/>\n\t<meta name=\"twitter:label2\" content=\"Est. reading time\" \/>\n\t<meta name=\"twitter:data2\" content=\"1 minute\" \/>\n<script type=\"application\/ld+json\" class=\"yoast-schema-graph\">{\"@context\":\"https:\\\/\\\/schema.org\",\"@graph\":[{\"@type\":\"Article\",\"@id\":\"https:\\\/\\\/www.fcbarcelonanoticias.com\\\/en\\\/fc-barcelona\\\/hansi-flick-favorite-son-at-fc-barcelona_309178_102.html#article\",\"isPartOf\":{\"@id\":\"https:\\\/\\\/www.fcbarcelonanoticias.com\\\/en\\\/fc-barcelona\\\/hansi-flick-favorite-son-at-fc-barcelona_309178_102.html\"},\"author\":{\"name\":\"Juan Pablo Berdugo\",\"@id\":\"https:\\\/\\\/www.fcbarcelonanoticias.com\\\/en\\\/#\\\/schema\\\/person\\\/88d756918a0a1ae9fa593b5edddd1815\"},\"headline\":\"Hansi Flick&#8217;s &#8216;favorite son&#8217; at FC Barcelona\",\"datePublished\":\"2024-12-09T21:34:00+00:00\",\"dateModified\":\"2024-12-10T00:46:00+00:00\",\"mainEntityOfPage\":{\"@id\":\"https:\\\/\\\/www.fcbarcelonanoticias.com\\\/en\\\/fc-barcelona\\\/hansi-flick-favorite-son-at-fc-barcelona_309178_102.html\"},\"wordCount\":299,\"image\":{\"@id\":\"https:\\\/\\\/www.fcbarcelonanoticias.com\\\/en\\\/fc-barcelona\\\/hansi-flick-favorite-son-at-fc-barcelona_309178_102.html#primaryimage\"},\"thumbnailUrl\":\"https:\\\/\\\/www.fcbarcelonanoticias.com\\\/en\\\/wp-content\\\/uploads\\\/sites\\\/2\\\/2024\\\/09\\\/fbl-esp-liga-barcelona-training-2-1.jpeg\",\"keywords\":[\"Hansi Flick\"],\"articleSection\":[\"FC Barcelona\"],\"inLanguage\":\"en-US\"},{\"@type\":\"WebPage\",\"@id\":\"https:\\\/\\\/www.fcbarcelonanoticias.com\\\/en\\\/fc-barcelona\\\/hansi-flick-favorite-son-at-fc-barcelona_309178_102.html\",\"url\":\"https:\\\/\\\/www.fcbarcelonanoticias.com\\\/en\\\/fc-barcelona\\\/hansi-flick-favorite-son-at-fc-barcelona_309178_102.html\",\"name\":\"Hansi Flick's 'favorite son' at FC Barcelona\",\"isPartOf\":{\"@id\":\"https:\\\/\\\/www.fcbarcelonanoticias.com\\\/en\\\/#website\"},\"primaryImageOfPage\":{\"@id\":\"https:\\\/\\\/www.fcbarcelonanoticias.com\\\/en\\\/fc-barcelona\\\/hansi-flick-favorite-son-at-fc-barcelona_309178_102.html#primaryimage\"},\"image\":{\"@id\":\"https:\\\/\\\/www.fcbarcelonanoticias.com\\\/en\\\/fc-barcelona\\\/hansi-flick-favorite-son-at-fc-barcelona_309178_102.html#primaryimage\"},\"thumbnailUrl\":\"https:\\\/\\\/www.fcbarcelonanoticias.com\\\/en\\\/wp-content\\\/uploads\\\/sites\\\/2\\\/2024\\\/09\\\/fbl-esp-liga-barcelona-training-2-1.jpeg\",\"datePublished\":\"2024-12-09T21:34:00+00:00\",\"dateModified\":\"2024-12-10T00:46:00+00:00\",\"author\":{\"@id\":\"https:\\\/\\\/www.fcbarcelonanoticias.com\\\/en\\\/#\\\/schema\\\/person\\\/88d756918a0a1ae9fa593b5edddd1815\"},\"description\":\"Frenkie de Jong has Hansi Flick delighted. The coach considers the Dutchman to be a top player and will be key to his project\",\"breadcrumb\":{\"@id\":\"https:\\\/\\\/www.fcbarcelonanoticias.com\\\/en\\\/fc-barcelona\\\/hansi-flick-favorite-son-at-fc-barcelona_309178_102.html#breadcrumb\"},\"inLanguage\":\"en-US\",\"potentialAction\":[{\"@type\":\"ReadAction\",\"target\":[\"https:\\\/\\\/www.fcbarcelonanoticias.com\\\/en\\\/fc-barcelona\\\/hansi-flick-favorite-son-at-fc-barcelona_309178_102.html\"]}]},{\"@type\":\"ImageObject\",\"inLanguage\":\"en-US\",\"@id\":\"https:\\\/\\\/www.fcbarcelonanoticias.com\\\/en\\\/fc-barcelona\\\/hansi-flick-favorite-son-at-fc-barcelona_309178_102.html#primaryimage\",\"url\":\"https:\\\/\\\/www.fcbarcelonanoticias.com\\\/en\\\/wp-content\\\/uploads\\\/sites\\\/2\\\/2024\\\/09\\\/fbl-esp-liga-barcelona-training-2-1.jpeg\",\"contentUrl\":\"https:\\\/\\\/www.fcbarcelonanoticias.com\\\/en\\\/wp-content\\\/uploads\\\/sites\\\/2\\\/2024\\\/09\\\/fbl-esp-liga-barcelona-training-2-1.jpeg\",\"width\":1250,\"height\":750},{\"@type\":\"BreadcrumbList\",\"@id\":\"https:\\\/\\\/www.fcbarcelonanoticias.com\\\/en\\\/fc-barcelona\\\/hansi-flick-favorite-son-at-fc-barcelona_309178_102.html#breadcrumb\",\"itemListElement\":[{\"@type\":\"ListItem\",\"position\":1,\"name\":\"Portada\",\"item\":\"https:\\\/\\\/www.fcbarcelonanoticias.com\\\/en\\\/\"},{\"@type\":\"ListItem\",\"position\":2,\"name\":\"Hansi Flick&#8217;s &#8216;favorite son&#8217; at FC Barcelona\"}]},{\"@type\":\"WebSite\",\"@id\":\"https:\\\/\\\/www.fcbarcelonanoticias.com\\\/en\\\/#website\",\"url\":\"https:\\\/\\\/www.fcbarcelonanoticias.com\\\/en\\\/\",\"name\":\"EN - FC Barcelona Noticias\",\"description\":\"\",\"potentialAction\":[{\"@type\":\"SearchAction\",\"target\":{\"@type\":\"EntryPoint\",\"urlTemplate\":\"https:\\\/\\\/www.fcbarcelonanoticias.com\\\/en\\\/?s={search_term_string}\"},\"query-input\":{\"@type\":\"PropertyValueSpecification\",\"valueRequired\":true,\"valueName\":\"search_term_string\"}}],\"inLanguage\":\"en-US\"},{\"@type\":\"Person\",\"@id\":\"https:\\\/\\\/www.fcbarcelonanoticias.com\\\/en\\\/#\\\/schema\\\/person\\\/88d756918a0a1ae9fa593b5edddd1815\",\"name\":\"Juan Pablo Berdugo\",\"image\":{\"@type\":\"ImageObject\",\"inLanguage\":\"en-US\",\"@id\":\"https:\\\/\\\/secure.gravatar.com\\\/avatar\\\/?s=96&d=mm&r=g\",\"url\":\"https:\\\/\\\/secure.gravatar.com\\\/avatar\\\/?s=96&d=mm&r=g\",\"contentUrl\":\"https:\\\/\\\/secure.gravatar.com\\\/avatar\\\/?s=96&d=mm&r=g\",\"caption\":\"Juan Pablo Berdugo\"},\"description\":\"Juan Pablo Berdugo es graduado en Periodismo. Colabora con FCBN como especialista en informaci\u00f3n del primer equipo del FC Barcelona, f\u00fatbol internacional y mercado de fichajes. Destaca por su enfoque anal\u00edtico, su rigor informativo y su capacidad para detectar tendencias emergentes en el f\u00fatbol global.\",\"url\":\"https:\\\/\\\/www.fcbarcelonanoticias.com\\\/en\\\/fc-barcelona\\\/juan-pablo-berdugo_18_115.html\"}]}<\/script>\n<!-- \/ Yoast SEO plugin. -->","yoast_head_json":{"title":"Hansi Flick's 'favorite son' at FC Barcelona","description":"Frenkie de Jong has Hansi Flick delighted. The coach considers the Dutchman to be a top player and will be key to his project","robots":{"index":"index","follow":"follow","max-snippet":"max-snippet:-1","max-image-preview":"max-image-preview:large","max-video-preview":"max-video-preview:-1"},"canonical":"https:\/\/www.fcbarcelonanoticias.com\/en\/fc-barcelona\/hansi-flick-favorite-son-at-fc-barcelona_309178_102.html","og_locale":"en_US","og_type":"article","og_title":"Hansi Flick's 'favorite son' at FC Barcelona","og_description":"Frenkie de Jong has Hansi Flick delighted. The coach considers the Dutchman to be a top player and will be key to his project","og_url":"https:\/\/www.fcbarcelonanoticias.com\/en\/fc-barcelona\/hansi-flick-favorite-son-at-fc-barcelona_309178_102.html","og_site_name":"EN - FC Barcelona Noticias","article_published_time":"2024-12-09T21:34:00+00:00","article_modified_time":"2024-12-10T00:46:00+00:00","og_image":[{"width":1250,"height":750,"url":"https:\/\/www.fcbarcelonanoticias.com\/en\/wp-content\/uploads\/sites\/2\/2024\/09\/fbl-esp-liga-barcelona-training-2-1.jpeg","type":"image\/jpeg"}],"author":"Juan Pablo Berdugo","twitter_card":"summary_large_image","twitter_misc":{"Written by":"Juan Pablo Berdugo","Est. reading time":"1 minute"},"schema":{"@context":"https:\/\/schema.org","@graph":[{"@type":"Article","@id":"https:\/\/www.fcbarcelonanoticias.com\/en\/fc-barcelona\/hansi-flick-favorite-son-at-fc-barcelona_309178_102.html#article","isPartOf":{"@id":"https:\/\/www.fcbarcelonanoticias.com\/en\/fc-barcelona\/hansi-flick-favorite-son-at-fc-barcelona_309178_102.html"},"author":{"name":"Juan Pablo Berdugo","@id":"https:\/\/www.fcbarcelonanoticias.com\/en\/#\/schema\/person\/88d756918a0a1ae9fa593b5edddd1815"},"headline":"Hansi Flick&#8217;s &#8216;favorite son&#8217; at FC Barcelona","datePublished":"2024-12-09T21:34:00+00:00","dateModified":"2024-12-10T00:46:00+00:00","mainEntityOfPage":{"@id":"https:\/\/www.fcbarcelonanoticias.com\/en\/fc-barcelona\/hansi-flick-favorite-son-at-fc-barcelona_309178_102.html"},"wordCount":299,"image":{"@id":"https:\/\/www.fcbarcelonanoticias.com\/en\/fc-barcelona\/hansi-flick-favorite-son-at-fc-barcelona_309178_102.html#primaryimage"},"thumbnailUrl":"https:\/\/www.fcbarcelonanoticias.com\/en\/wp-content\/uploads\/sites\/2\/2024\/09\/fbl-esp-liga-barcelona-training-2-1.jpeg","keywords":["Hansi Flick"],"articleSection":["FC Barcelona"],"inLanguage":"en-US"},{"@type":"WebPage","@id":"https:\/\/www.fcbarcelonanoticias.com\/en\/fc-barcelona\/hansi-flick-favorite-son-at-fc-barcelona_309178_102.html","url":"https:\/\/www.fcbarcelonanoticias.com\/en\/fc-barcelona\/hansi-flick-favorite-son-at-fc-barcelona_309178_102.html","name":"Hansi Flick's 'favorite son' at FC Barcelona","isPartOf":{"@id":"https:\/\/www.fcbarcelonanoticias.com\/en\/#website"},"primaryImageOfPage":{"@id":"https:\/\/www.fcbarcelonanoticias.com\/en\/fc-barcelona\/hansi-flick-favorite-son-at-fc-barcelona_309178_102.html#primaryimage"},"image":{"@id":"https:\/\/www.fcbarcelonanoticias.com\/en\/fc-barcelona\/hansi-flick-favorite-son-at-fc-barcelona_309178_102.html#primaryimage"},"thumbnailUrl":"https:\/\/www.fcbarcelonanoticias.com\/en\/wp-content\/uploads\/sites\/2\/2024\/09\/fbl-esp-liga-barcelona-training-2-1.jpeg","datePublished":"2024-12-09T21:34:00+00:00","dateModified":"2024-12-10T00:46:00+00:00","author":{"@id":"https:\/\/www.fcbarcelonanoticias.com\/en\/#\/schema\/person\/88d756918a0a1ae9fa593b5edddd1815"},"description":"Frenkie de Jong has Hansi Flick delighted. The coach considers the Dutchman to be a top player and will be key to his project","breadcrumb":{"@id":"https:\/\/www.fcbarcelonanoticias.com\/en\/fc-barcelona\/hansi-flick-favorite-son-at-fc-barcelona_309178_102.html#breadcrumb"},"inLanguage":"en-US","potentialAction":[{"@type":"ReadAction","target":["https:\/\/www.fcbarcelonanoticias.com\/en\/fc-barcelona\/hansi-flick-favorite-son-at-fc-barcelona_309178_102.html"]}]},{"@type":"ImageObject","inLanguage":"en-US","@id":"https:\/\/www.fcbarcelonanoticias.com\/en\/fc-barcelona\/hansi-flick-favorite-son-at-fc-barcelona_309178_102.html#primaryimage","url":"https:\/\/www.fcbarcelonanoticias.com\/en\/wp-content\/uploads\/sites\/2\/2024\/09\/fbl-esp-liga-barcelona-training-2-1.jpeg","contentUrl":"https:\/\/www.fcbarcelonanoticias.com\/en\/wp-content\/uploads\/sites\/2\/2024\/09\/fbl-esp-liga-barcelona-training-2-1.jpeg","width":1250,"height":750},{"@type":"BreadcrumbList","@id":"https:\/\/www.fcbarcelonanoticias.com\/en\/fc-barcelona\/hansi-flick-favorite-son-at-fc-barcelona_309178_102.html#breadcrumb","itemListElement":[{"@type":"ListItem","position":1,"name":"Portada","item":"https:\/\/www.fcbarcelonanoticias.com\/en\/"},{"@type":"ListItem","position":2,"name":"Hansi Flick&#8217;s &#8216;favorite son&#8217; at FC Barcelona"}]},{"@type":"WebSite","@id":"https:\/\/www.fcbarcelonanoticias.com\/en\/#website","url":"https:\/\/www.fcbarcelonanoticias.com\/en\/","name":"EN - FC Barcelona Noticias","description":"","potentialAction":[{"@type":"SearchAction","target":{"@type":"EntryPoint","urlTemplate":"https:\/\/www.fcbarcelonanoticias.com\/en\/?s={search_term_string}"},"query-input":{"@type":"PropertyValueSpecification","valueRequired":true,"valueName":"search_term_string"}}],"inLanguage":"en-US"},{"@type":"Person","@id":"https:\/\/www.fcbarcelonanoticias.com\/en\/#\/schema\/person\/88d756918a0a1ae9fa593b5edddd1815","name":"Juan Pablo Berdugo","image":{"@type":"ImageObject","inLanguage":"en-US","@id":"https:\/\/secure.gravatar.com\/avatar\/?s=96&d=mm&r=g","url":"https:\/\/secure.gravatar.com\/avatar\/?s=96&d=mm&r=g","contentUrl":"https:\/\/secure.gravatar.com\/avatar\/?s=96&d=mm&r=g","caption":"Juan Pablo Berdugo"},"description":"Juan Pablo Berdugo es graduado en Periodismo. Colabora con FCBN como especialista en informaci\u00f3n del primer equipo del FC Barcelona, f\u00fatbol internacional y mercado de fichajes. Destaca por su enfoque anal\u00edtico, su rigor informativo y su capacidad para detectar tendencias emergentes en el f\u00fatbol global.","url":"https:\/\/www.fcbarcelonanoticias.com\/en\/fc-barcelona\/juan-pablo-berdugo_18_115.html"}]}},"_links":{"self":[{"href":"https:\/\/www.fcbarcelonanoticias.com\/en\/wp-json\/wp\/v2\/posts\/18897","targetHints":{"allow":["GET"]}}],"collection":[{"href":"https:\/\/www.fcbarcelonanoticias.com\/en\/wp-json\/wp\/v2\/posts"}],"about":[{"href":"https:\/\/www.fcbarcelonanoticias.com\/en\/wp-json\/wp\/v2\/types\/post"}],"author":[{"embeddable":true,"href":"https:\/\/www.fcbarcelonanoticias.com\/en\/wp-json\/wp\/v2\/users\/358"}],"replies":[{"embeddable":true,"href":"https:\/\/www.fcbarcelonanoticias.com\/en\/wp-json\/wp\/v2\/comments?post=18897"}],"version-history":[{"count":1,"href":"https:\/\/www.fcbarcelonanoticias.com\/en\/wp-json\/wp\/v2\/posts\/18897\/revisions"}],"predecessor-version":[{"id":18900,"href":"https:\/\/www.fcbarcelonanoticias.com\/en\/wp-json\/wp\/v2\/posts\/18897\/revisions\/18900"}],"wp:featuredmedia":[{"embeddable":true,"href":"https:\/\/www.fcbarcelonanoticias.com\/en\/wp-json\/wp\/v2\/media\/18669"}],"wp:attachment":[{"href":"https:\/\/www.fcbarcelonanoticias.com\/en\/wp-json\/wp\/v2\/media?parent=18897"}],"wp:term":[{"taxonomy":"category","embeddable":true,"href":"https:\/\/www.fcbarcelonanoticias.com\/en\/wp-json\/wp\/v2\/categories?post=18897"},{"taxonomy":"post_tag","embeddable":true,"href":"https:\/\/www.fcbarcelonanoticias.com\/en\/wp-json\/wp\/v2\/tags?post=18897"}],"curies":[{"name":"wp","href":"https:\/\/api.w.org\/{rel}","templated":true}]}}