{"id":18914,"date":"2025-03-29T14:18:00","date_gmt":"2025-03-29T13:18:00","guid":{"rendered":"https:\/\/weisetech.dev\/fc-barcelona-noticias\/en\/hansi-flick-firm-on-the-appeal-we-won-three-points-that-how-it-is_311820_102\/"},"modified":"2025-03-29T14:18:00","modified_gmt":"2025-03-29T13:18:00","slug":"hansi-flick-firm-on-the-appeal-we-won-three-points-that-how-it-is_311820_102","status":"publish","type":"post","link":"https:\/\/www.fcbarcelonanoticias.com\/en\/fc-barcelona\/hansi-flick-firm-on-the-appeal-we-won-three-points-that-how-it-is_311820_102.html","title":{"rendered":"Hansi Flick, firm on the appeal: &#8220;We won three points, that&#8217;s how it is&#8221;"},"content":{"rendered":"<h2 class=\"wp-block-heading\">Flick comments on the appeal and hints at changes in the lineup for the match against Girona.<\/h2>  \r\n<div class=\"article-addons\">\r\n    <a href=\"https:\/\/www.fcbarcelonanoticias.com\/en\/calendar-fc-barcelona.html\"\r\n       target=\"_self\"\r\n       title=\"Calendar of FC Barcelona\"\r\n       class=\"blue-gredient-btn\">\r\n       \r\n        Calendar of FC Barcelona    <\/a>\r\n<\/div>   <p>The <strong>FC Barcelona<\/strong> will seek to maintain its sole lead in <strong>LaLiga EA Sports 24\/25<\/strong> this Sunday against Girona in Montju\u00efc. In the lead-up to the match, <strong>Hansi Flick<\/strong> spoke to the media at a press conference, and in addition to evaluating the game against M\u00edchel&#8217;s team, he broke his silence about <a data-external=\"0\" data-intl-links-en=\"https:\/\/www.fcbarcelonanoticias.com\/en\/fc-barcelona\/ca-osasuna-challenges-the-match-against-fc-barcelona-does-this-appeal-have-chance-of-succeeding_311802_102.html\" data-intl-links-es=\"https:\/\/www.fcbarcelonanoticias.com\/fc-barcelona\/ca-osasuna-impugna-partido-contra-fc-barcelona-tiene-este-recurso-oportunidad-prosperar_311802_102.html\" href=\"https:\/\/www.fcbarcelonanoticias.com\/en\/fc-barcelona\/ca-osasuna-challenges-the-match-against-fc-barcelona-does-this-appeal-have-chance-of-succeeding_311802_102.html\" rel=\"follow\" target=\"_self\" title=\"CA Osasuna appeals the match against FC Barcelona: Does this appeal have a chance of succeeding?\">the appeal of the match against Osasuna<\/a> for the alleged improper alignment of <strong>I\u00f1igo Mart\u00ednez<\/strong>.<\/p>  <p>&#8220;<strong>All I can say is that we won three points. The rest is not in our hands, we won well<\/strong>&#8220;, the German began regarding the controversial complaint from the red-and-white club. However, the coach did not point fingers at the Navarrese, stating that &#8220;all clubs are going through the same thing. That&#8217;s how it is, and the calendar is what it is, and we have to play&#8221;.<\/p>  <blockquote> <p>&#8220;I am not worried about this situation. We analyze the previous match and the upcoming match, and that&#8217;s it. The rest is not in my hands&#8221;<\/p> <\/blockquote>  <p>&#8220;<strong>We are proud of the match against Osasuna and we won it<\/strong>. I can&#8217;t say anything more because it&#8217;s not in my hands&#8221;, he added, to conclude the topic by assuring that &#8220;<a data-external=\"0\" data-intl-links-en=\"https:\/\/www.fcbarcelonanoticias.com\/en\/fc-barcelona\/challenge-of-ca-osasuna-why-barca-shouldn-worry_311803_102.html\" data-intl-links-es=\"https:\/\/www.fcbarcelonanoticias.com\/fc-barcelona\/impugnacion-ca-osasuna-por-barca-no-deberia-preocuparse_311803_102.html\" href=\"https:\/\/www.fcbarcelonanoticias.com\/en\/fc-barcelona\/challenge-of-ca-osasuna-why-barca-shouldn-worry_311803_102.html\" rel=\"follow\" target=\"_self\" title=\"CA Osasuna's appeal: Why Bar\u00e7a shouldn't worry?\">I am not worried about this situation<\/a>. We analyze the previous match and the upcoming match, and that&#8217;s it. The rest is not in my hands. This situation has happened, and I can&#8217;t do anything. If something changes, Deco and the club will work on it&#8221;.<\/p>  <p>With an eye on the match on March 30, Flick stated that &#8220;we are looking forward to the game. The last ten matches of LaLiga are very important, and we have to fight for them&#8221;. He also confirmed that &#8220;<strong>I believe all players can play. We will decide tomorrow, perhaps one or two players will rest<\/strong>. Everyone is available; it&#8217;s an optimal situation&#8221;.<\/p>  <h2>Flick&#8217;s 1&#215;1: Gavi, Ansu Fati, Lamine Yamal, Ferm\u00edn, Ferran&#8230;<\/h2>  <p>The German also spoke about specific players from Bar\u00e7a. Regarding <strong>Gavi<\/strong> and his fit in the system, the coach commented that &#8220;<strong>his best position is 6 or 8, but he can play in various positions<\/strong>. Against Osasuna, he played to press the opponent well; we will see what we do tomorrow. I am very happy with his performance as a 6. He held the ball very well in the second half, did a great job&#8221;.<\/p>  <p>Regarding the &#8216;competition&#8217; between <strong>Lewandowski<\/strong> and <strong>Ferran Torres<\/strong> in the center of the attack, the German stated that &#8220;the situation we had against Osasuna was also thinking about the upcoming matches. I spoke with Ferran and Lewy. <strong>Lewy only wants collective success; he doesn&#8217;t think about the Pichichi<\/strong>. He is seeing what the team needs. This is very good, and everything went well against Osasuna&#8221;.<\/p>  <blockquote> <p>&#8220;I always tell the players, if they feel something, they should talk to me&#8221;<\/p> <\/blockquote>  <p>Additionally, when asked about the minute load of <strong>Lamine Yamal<\/strong>, Flick assured that &#8220;Lamine is very smart and knows how to pace himself in matches. <strong>I spoke with him this morning, asked how he feels, and he is very positive<\/strong>. I always tell the players, if they feel something, they should talk to me, we chat, and that&#8217;s it. All players understand the responsibility for their own bodies; if there is something strange. This is how we want to proceed. They need to take responsibility&#8221;.<\/p>  <p>The coach praised <strong>Ferm\u00edn L\u00f3pez<\/strong>, stating that &#8220;<strong>his reaction after Lewandowski&#8217;s goal says it all about him. He is a great fighter, a great guy<\/strong>. When he sometimes doesn&#8217;t play well, he is a bit sad, but we want him like this, smiling and giving his all for the team. Now he can show it in every match. I am happy that he is here; it&#8217;s fantastic&#8221;.<\/p>  <p>Regarding Ansu Fati&#8217;s situation and the possibility of seeing minutes against Girona, Flick remained cool, commenting that &#8220;we will see if it&#8217;s possible. We need him. <strong>What I have to say is that it is a situation that is not easy for him<\/strong>, but Pau V\u00edctor and Pablo Torre have also trained fantastically. This is what I want from the players, to give 100% and show that they deserve to play&#8221;.<\/p>  <h2>The memory of doctor Mi\u00f1arro and words about Madrid<\/h2>  <p>Flick recalled the figure of doctor Mi\u00f1arro when asked about the possibility of the entire squad being recovered for the end of the season. &#8220;You never know. It will be a great challenge until the end of the season. We are ready for it and will fight until the end of the season. <strong>On Thursday, we won again for Carles, as it was his birthday. It was very important for the team<\/strong>&#8220;, he assured.<\/p>  <p>Regarding the importance of home advantage in the final stretch of LaLiga, the coach stated that &#8220;our goal is to win all home matches, but we also have to play away. <strong>There are 10 matches left, and it is important to win match after match<\/strong>. The rest of the season will shorten, and it will be more complicated for the other teams&#8221;.<\/p>  <p>About his present at <strong>Bar\u00e7a<\/strong> and the difference with his predecessors, who expressed that they suffered in their work, the German stated that &#8220;<strong>from the beginning, I am very happy to be here and work with these players<\/strong>. Everyone is enjoying playing football. I continue on my path of how we want to improve&#8221;.<\/p>  <p>&#8220;We have improved a lot in possession and control. It helped us a lot against Osasuna. We made fewer mistakes than in previous weeks. I am happy, but we can do things better. Every day we need to take a step to improve. For now, <strong>I am enjoying being the coach of Bar\u00e7a<\/strong>&#8220;, he added, concluding his appearance by clarifying his words about Real Madrid, stating that it was not an attack on the white club or Ancelotti.&nbsp;<\/p>  <p>&#8220;I respect Real Madrid, also Carlo Ancelotti, one of the best coaches in the world and a good person. <strong>I will not say anything bad about him and his club, but we are Bar\u00e7a, and it is different<\/strong>. La Masia, the connections are fantastic. It feels like a family, all together. There are many staff members that we have included, and it is a challenge for the coach to get everyone on the same page. I am happy here&#8221;, he concluded.<\/p> ","protected":false},"excerpt":{"rendered":"<p>Flick comments on the appeal and hints at changes in the lineup for the match against Girona. The FC Barcelona will seek to maintain its sole lead in LaLiga EA Sports 24\/25 this Sunday against Girona in Montju\u00efc. In the lead-up to the match, Hansi Flick spoke to the media at a press conference, and [&hellip;]<\/p>\n","protected":false},"author":358,"featured_media":18919,"comment_status":"closed","ping_status":"open","sticky":false,"template":"","format":"standard","meta":{"_acf_changed":false,"inline_featured_image":false,"_nextfly_llmd_date_locked":false,"footnotes":""},"categories":[111],"tags":[44,87],"class_list":["post-18914","post","type-post","status-publish","format-standard","has-post-thumbnail","hentry","category-fc-barcelona","tag-barcelona-vs-osasuna","tag-hansi-flick"],"acf":[],"yoast_head":"<!-- This site is optimized with the Yoast SEO plugin v27.3 - https:\/\/yoast.com\/product\/yoast-seo-wordpress\/ -->\n<title>Hansi Flick, firm on the appeal: &quot;We won three points, that&#039;s how it is&quot;<\/title>\n<meta name=\"description\" content=\"Hansi Flick spoke to the press ahead of the match against Girona and, in addition to confirming that he will make changes to the lineup, he weighed in on the appeal of the p...\" \/>\n<meta name=\"robots\" content=\"index, follow, max-snippet:-1, max-image-preview:large, max-video-preview:-1\" \/>\n<link rel=\"canonical\" href=\"https:\/\/www.fcbarcelonanoticias.com\/en\/fc-barcelona\/hansi-flick-firm-on-the-appeal-we-won-three-points-that-how-it-is_311820_102.html\" \/>\n<meta property=\"og:locale\" content=\"en_US\" \/>\n<meta property=\"og:type\" content=\"article\" \/>\n<meta property=\"og:title\" content=\"Hansi Flick, firm on the appeal: &quot;We won three points, that&#039;s how it is&quot;\" \/>\n<meta property=\"og:description\" content=\"Hansi Flick spoke to the press ahead of the match against Girona and, in addition to confirming that he will make changes to the lineup, he weighed in on the appeal of the p...\" \/>\n<meta property=\"og:url\" content=\"https:\/\/www.fcbarcelonanoticias.com\/en\/fc-barcelona\/hansi-flick-firm-on-the-appeal-we-won-three-points-that-how-it-is_311820_102.html\" \/>\n<meta property=\"og:site_name\" content=\"EN - FC Barcelona Noticias\" \/>\n<meta property=\"article:published_time\" content=\"2025-03-29T13:18:00+00:00\" \/>\n<meta property=\"og:image\" content=\"https:\/\/www.fcbarcelonanoticias.com\/en\/wp-content\/uploads\/sites\/2\/2025\/03\/hansi-flick-rdp-7.webp\" \/>\n\t<meta property=\"og:image:width\" content=\"1200\" \/>\n\t<meta property=\"og:image:height\" content=\"675\" \/>\n\t<meta property=\"og:image:type\" content=\"image\/webp\" \/>\n<meta name=\"author\" content=\"Juan Pablo Berdugo\" \/>\n<meta name=\"twitter:card\" content=\"summary_large_image\" \/>\n<meta name=\"twitter:label1\" content=\"Written by\" \/>\n\t<meta name=\"twitter:data1\" content=\"Juan Pablo Berdugo\" \/>\n\t<meta name=\"twitter:label2\" content=\"Est. reading time\" \/>\n\t<meta name=\"twitter:data2\" content=\"5 minutes\" \/>\n<script type=\"application\/ld+json\" class=\"yoast-schema-graph\">{\"@context\":\"https:\\\/\\\/schema.org\",\"@graph\":[{\"@type\":\"Article\",\"@id\":\"https:\\\/\\\/www.fcbarcelonanoticias.com\\\/en\\\/fc-barcelona\\\/hansi-flick-firm-on-the-appeal-we-won-three-points-that-how-it-is_311820_102.html#article\",\"isPartOf\":{\"@id\":\"https:\\\/\\\/www.fcbarcelonanoticias.com\\\/en\\\/fc-barcelona\\\/hansi-flick-firm-on-the-appeal-we-won-three-points-that-how-it-is_311820_102.html\"},\"author\":{\"name\":\"Juan Pablo Berdugo\",\"@id\":\"https:\\\/\\\/www.fcbarcelonanoticias.com\\\/en\\\/#\\\/schema\\\/person\\\/88d756918a0a1ae9fa593b5edddd1815\"},\"headline\":\"Hansi Flick, firm on the appeal: &#8220;We won three points, that&#8217;s how it is&#8221;\",\"datePublished\":\"2025-03-29T13:18:00+00:00\",\"mainEntityOfPage\":{\"@id\":\"https:\\\/\\\/www.fcbarcelonanoticias.com\\\/en\\\/fc-barcelona\\\/hansi-flick-firm-on-the-appeal-we-won-three-points-that-how-it-is_311820_102.html\"},\"wordCount\":1101,\"image\":{\"@id\":\"https:\\\/\\\/www.fcbarcelonanoticias.com\\\/en\\\/fc-barcelona\\\/hansi-flick-firm-on-the-appeal-we-won-three-points-that-how-it-is_311820_102.html#primaryimage\"},\"thumbnailUrl\":\"https:\\\/\\\/www.fcbarcelonanoticias.com\\\/en\\\/wp-content\\\/uploads\\\/sites\\\/2\\\/2025\\\/03\\\/hansi-flick-rdp-7.webp\",\"keywords\":[\"FC Barcelona vs Osasuna\",\"Hansi Flick\"],\"articleSection\":[\"FC Barcelona\"],\"inLanguage\":\"en-US\"},{\"@type\":\"WebPage\",\"@id\":\"https:\\\/\\\/www.fcbarcelonanoticias.com\\\/en\\\/fc-barcelona\\\/hansi-flick-firm-on-the-appeal-we-won-three-points-that-how-it-is_311820_102.html\",\"url\":\"https:\\\/\\\/www.fcbarcelonanoticias.com\\\/en\\\/fc-barcelona\\\/hansi-flick-firm-on-the-appeal-we-won-three-points-that-how-it-is_311820_102.html\",\"name\":\"Hansi Flick, firm on the appeal: \\\"We won three points, that's how it is\\\"\",\"isPartOf\":{\"@id\":\"https:\\\/\\\/www.fcbarcelonanoticias.com\\\/en\\\/#website\"},\"primaryImageOfPage\":{\"@id\":\"https:\\\/\\\/www.fcbarcelonanoticias.com\\\/en\\\/fc-barcelona\\\/hansi-flick-firm-on-the-appeal-we-won-three-points-that-how-it-is_311820_102.html#primaryimage\"},\"image\":{\"@id\":\"https:\\\/\\\/www.fcbarcelonanoticias.com\\\/en\\\/fc-barcelona\\\/hansi-flick-firm-on-the-appeal-we-won-three-points-that-how-it-is_311820_102.html#primaryimage\"},\"thumbnailUrl\":\"https:\\\/\\\/www.fcbarcelonanoticias.com\\\/en\\\/wp-content\\\/uploads\\\/sites\\\/2\\\/2025\\\/03\\\/hansi-flick-rdp-7.webp\",\"datePublished\":\"2025-03-29T13:18:00+00:00\",\"author\":{\"@id\":\"https:\\\/\\\/www.fcbarcelonanoticias.com\\\/en\\\/#\\\/schema\\\/person\\\/88d756918a0a1ae9fa593b5edddd1815\"},\"description\":\"Hansi Flick spoke to the press ahead of the match against Girona and, in addition to confirming that he will make changes to the lineup, he weighed in on the appeal of the p...\",\"breadcrumb\":{\"@id\":\"https:\\\/\\\/www.fcbarcelonanoticias.com\\\/en\\\/fc-barcelona\\\/hansi-flick-firm-on-the-appeal-we-won-three-points-that-how-it-is_311820_102.html#breadcrumb\"},\"inLanguage\":\"en-US\",\"potentialAction\":[{\"@type\":\"ReadAction\",\"target\":[\"https:\\\/\\\/www.fcbarcelonanoticias.com\\\/en\\\/fc-barcelona\\\/hansi-flick-firm-on-the-appeal-we-won-three-points-that-how-it-is_311820_102.html\"]}]},{\"@type\":\"ImageObject\",\"inLanguage\":\"en-US\",\"@id\":\"https:\\\/\\\/www.fcbarcelonanoticias.com\\\/en\\\/fc-barcelona\\\/hansi-flick-firm-on-the-appeal-we-won-three-points-that-how-it-is_311820_102.html#primaryimage\",\"url\":\"https:\\\/\\\/www.fcbarcelonanoticias.com\\\/en\\\/wp-content\\\/uploads\\\/sites\\\/2\\\/2025\\\/03\\\/hansi-flick-rdp-7.webp\",\"contentUrl\":\"https:\\\/\\\/www.fcbarcelonanoticias.com\\\/en\\\/wp-content\\\/uploads\\\/sites\\\/2\\\/2025\\\/03\\\/hansi-flick-rdp-7.webp\",\"width\":1200,\"height\":675},{\"@type\":\"BreadcrumbList\",\"@id\":\"https:\\\/\\\/www.fcbarcelonanoticias.com\\\/en\\\/fc-barcelona\\\/hansi-flick-firm-on-the-appeal-we-won-three-points-that-how-it-is_311820_102.html#breadcrumb\",\"itemListElement\":[{\"@type\":\"ListItem\",\"position\":1,\"name\":\"Portada\",\"item\":\"https:\\\/\\\/www.fcbarcelonanoticias.com\\\/en\\\/\"},{\"@type\":\"ListItem\",\"position\":2,\"name\":\"Hansi Flick, firm on the appeal: &#8220;We won three points, that&#8217;s how it is&#8221;\"}]},{\"@type\":\"WebSite\",\"@id\":\"https:\\\/\\\/www.fcbarcelonanoticias.com\\\/en\\\/#website\",\"url\":\"https:\\\/\\\/www.fcbarcelonanoticias.com\\\/en\\\/\",\"name\":\"EN - FC Barcelona Noticias\",\"description\":\"\",\"potentialAction\":[{\"@type\":\"SearchAction\",\"target\":{\"@type\":\"EntryPoint\",\"urlTemplate\":\"https:\\\/\\\/www.fcbarcelonanoticias.com\\\/en\\\/?s={search_term_string}\"},\"query-input\":{\"@type\":\"PropertyValueSpecification\",\"valueRequired\":true,\"valueName\":\"search_term_string\"}}],\"inLanguage\":\"en-US\"},{\"@type\":\"Person\",\"@id\":\"https:\\\/\\\/www.fcbarcelonanoticias.com\\\/en\\\/#\\\/schema\\\/person\\\/88d756918a0a1ae9fa593b5edddd1815\",\"name\":\"Juan Pablo Berdugo\",\"image\":{\"@type\":\"ImageObject\",\"inLanguage\":\"en-US\",\"@id\":\"https:\\\/\\\/secure.gravatar.com\\\/avatar\\\/?s=96&d=mm&r=g\",\"url\":\"https:\\\/\\\/secure.gravatar.com\\\/avatar\\\/?s=96&d=mm&r=g\",\"contentUrl\":\"https:\\\/\\\/secure.gravatar.com\\\/avatar\\\/?s=96&d=mm&r=g\",\"caption\":\"Juan Pablo Berdugo\"},\"description\":\"Juan Pablo Berdugo es graduado en Periodismo. Colabora con FCBN como especialista en informaci\u00f3n del primer equipo del FC Barcelona, f\u00fatbol internacional y mercado de fichajes. Destaca por su enfoque anal\u00edtico, su rigor informativo y su capacidad para detectar tendencias emergentes en el f\u00fatbol global.\",\"url\":\"https:\\\/\\\/www.fcbarcelonanoticias.com\\\/en\\\/fc-barcelona\\\/juan-pablo-berdugo_18_115.html\"}]}<\/script>\n<!-- \/ Yoast SEO plugin. -->","yoast_head_json":{"title":"Hansi Flick, firm on the appeal: \"We won three points, that's how it is\"","description":"Hansi Flick spoke to the press ahead of the match against Girona and, in addition to confirming that he will make changes to the lineup, he weighed in on the appeal of the p...","robots":{"index":"index","follow":"follow","max-snippet":"max-snippet:-1","max-image-preview":"max-image-preview:large","max-video-preview":"max-video-preview:-1"},"canonical":"https:\/\/www.fcbarcelonanoticias.com\/en\/fc-barcelona\/hansi-flick-firm-on-the-appeal-we-won-three-points-that-how-it-is_311820_102.html","og_locale":"en_US","og_type":"article","og_title":"Hansi Flick, firm on the appeal: \"We won three points, that's how it is\"","og_description":"Hansi Flick spoke to the press ahead of the match against Girona and, in addition to confirming that he will make changes to the lineup, he weighed in on the appeal of the p...","og_url":"https:\/\/www.fcbarcelonanoticias.com\/en\/fc-barcelona\/hansi-flick-firm-on-the-appeal-we-won-three-points-that-how-it-is_311820_102.html","og_site_name":"EN - FC Barcelona Noticias","article_published_time":"2025-03-29T13:18:00+00:00","og_image":[{"width":1200,"height":675,"url":"https:\/\/www.fcbarcelonanoticias.com\/en\/wp-content\/uploads\/sites\/2\/2025\/03\/hansi-flick-rdp-7.webp","type":"image\/webp"}],"author":"Juan Pablo Berdugo","twitter_card":"summary_large_image","twitter_misc":{"Written by":"Juan Pablo Berdugo","Est. reading time":"5 minutes"},"schema":{"@context":"https:\/\/schema.org","@graph":[{"@type":"Article","@id":"https:\/\/www.fcbarcelonanoticias.com\/en\/fc-barcelona\/hansi-flick-firm-on-the-appeal-we-won-three-points-that-how-it-is_311820_102.html#article","isPartOf":{"@id":"https:\/\/www.fcbarcelonanoticias.com\/en\/fc-barcelona\/hansi-flick-firm-on-the-appeal-we-won-three-points-that-how-it-is_311820_102.html"},"author":{"name":"Juan Pablo Berdugo","@id":"https:\/\/www.fcbarcelonanoticias.com\/en\/#\/schema\/person\/88d756918a0a1ae9fa593b5edddd1815"},"headline":"Hansi Flick, firm on the appeal: &#8220;We won three points, that&#8217;s how it is&#8221;","datePublished":"2025-03-29T13:18:00+00:00","mainEntityOfPage":{"@id":"https:\/\/www.fcbarcelonanoticias.com\/en\/fc-barcelona\/hansi-flick-firm-on-the-appeal-we-won-three-points-that-how-it-is_311820_102.html"},"wordCount":1101,"image":{"@id":"https:\/\/www.fcbarcelonanoticias.com\/en\/fc-barcelona\/hansi-flick-firm-on-the-appeal-we-won-three-points-that-how-it-is_311820_102.html#primaryimage"},"thumbnailUrl":"https:\/\/www.fcbarcelonanoticias.com\/en\/wp-content\/uploads\/sites\/2\/2025\/03\/hansi-flick-rdp-7.webp","keywords":["FC Barcelona vs Osasuna","Hansi Flick"],"articleSection":["FC Barcelona"],"inLanguage":"en-US"},{"@type":"WebPage","@id":"https:\/\/www.fcbarcelonanoticias.com\/en\/fc-barcelona\/hansi-flick-firm-on-the-appeal-we-won-three-points-that-how-it-is_311820_102.html","url":"https:\/\/www.fcbarcelonanoticias.com\/en\/fc-barcelona\/hansi-flick-firm-on-the-appeal-we-won-three-points-that-how-it-is_311820_102.html","name":"Hansi Flick, firm on the appeal: \"We won three points, that's how it is\"","isPartOf":{"@id":"https:\/\/www.fcbarcelonanoticias.com\/en\/#website"},"primaryImageOfPage":{"@id":"https:\/\/www.fcbarcelonanoticias.com\/en\/fc-barcelona\/hansi-flick-firm-on-the-appeal-we-won-three-points-that-how-it-is_311820_102.html#primaryimage"},"image":{"@id":"https:\/\/www.fcbarcelonanoticias.com\/en\/fc-barcelona\/hansi-flick-firm-on-the-appeal-we-won-three-points-that-how-it-is_311820_102.html#primaryimage"},"thumbnailUrl":"https:\/\/www.fcbarcelonanoticias.com\/en\/wp-content\/uploads\/sites\/2\/2025\/03\/hansi-flick-rdp-7.webp","datePublished":"2025-03-29T13:18:00+00:00","author":{"@id":"https:\/\/www.fcbarcelonanoticias.com\/en\/#\/schema\/person\/88d756918a0a1ae9fa593b5edddd1815"},"description":"Hansi Flick spoke to the press ahead of the match against Girona and, in addition to confirming that he will make changes to the lineup, he weighed in on the appeal of the p...","breadcrumb":{"@id":"https:\/\/www.fcbarcelonanoticias.com\/en\/fc-barcelona\/hansi-flick-firm-on-the-appeal-we-won-three-points-that-how-it-is_311820_102.html#breadcrumb"},"inLanguage":"en-US","potentialAction":[{"@type":"ReadAction","target":["https:\/\/www.fcbarcelonanoticias.com\/en\/fc-barcelona\/hansi-flick-firm-on-the-appeal-we-won-three-points-that-how-it-is_311820_102.html"]}]},{"@type":"ImageObject","inLanguage":"en-US","@id":"https:\/\/www.fcbarcelonanoticias.com\/en\/fc-barcelona\/hansi-flick-firm-on-the-appeal-we-won-three-points-that-how-it-is_311820_102.html#primaryimage","url":"https:\/\/www.fcbarcelonanoticias.com\/en\/wp-content\/uploads\/sites\/2\/2025\/03\/hansi-flick-rdp-7.webp","contentUrl":"https:\/\/www.fcbarcelonanoticias.com\/en\/wp-content\/uploads\/sites\/2\/2025\/03\/hansi-flick-rdp-7.webp","width":1200,"height":675},{"@type":"BreadcrumbList","@id":"https:\/\/www.fcbarcelonanoticias.com\/en\/fc-barcelona\/hansi-flick-firm-on-the-appeal-we-won-three-points-that-how-it-is_311820_102.html#breadcrumb","itemListElement":[{"@type":"ListItem","position":1,"name":"Portada","item":"https:\/\/www.fcbarcelonanoticias.com\/en\/"},{"@type":"ListItem","position":2,"name":"Hansi Flick, firm on the appeal: &#8220;We won three points, that&#8217;s how it is&#8221;"}]},{"@type":"WebSite","@id":"https:\/\/www.fcbarcelonanoticias.com\/en\/#website","url":"https:\/\/www.fcbarcelonanoticias.com\/en\/","name":"EN - FC Barcelona Noticias","description":"","potentialAction":[{"@type":"SearchAction","target":{"@type":"EntryPoint","urlTemplate":"https:\/\/www.fcbarcelonanoticias.com\/en\/?s={search_term_string}"},"query-input":{"@type":"PropertyValueSpecification","valueRequired":true,"valueName":"search_term_string"}}],"inLanguage":"en-US"},{"@type":"Person","@id":"https:\/\/www.fcbarcelonanoticias.com\/en\/#\/schema\/person\/88d756918a0a1ae9fa593b5edddd1815","name":"Juan Pablo Berdugo","image":{"@type":"ImageObject","inLanguage":"en-US","@id":"https:\/\/secure.gravatar.com\/avatar\/?s=96&d=mm&r=g","url":"https:\/\/secure.gravatar.com\/avatar\/?s=96&d=mm&r=g","contentUrl":"https:\/\/secure.gravatar.com\/avatar\/?s=96&d=mm&r=g","caption":"Juan Pablo Berdugo"},"description":"Juan Pablo Berdugo es graduado en Periodismo. Colabora con FCBN como especialista en informaci\u00f3n del primer equipo del FC Barcelona, f\u00fatbol internacional y mercado de fichajes. Destaca por su enfoque anal\u00edtico, su rigor informativo y su capacidad para detectar tendencias emergentes en el f\u00fatbol global.","url":"https:\/\/www.fcbarcelonanoticias.com\/en\/fc-barcelona\/juan-pablo-berdugo_18_115.html"}]}},"_links":{"self":[{"href":"https:\/\/www.fcbarcelonanoticias.com\/en\/wp-json\/wp\/v2\/posts\/18914","targetHints":{"allow":["GET"]}}],"collection":[{"href":"https:\/\/www.fcbarcelonanoticias.com\/en\/wp-json\/wp\/v2\/posts"}],"about":[{"href":"https:\/\/www.fcbarcelonanoticias.com\/en\/wp-json\/wp\/v2\/types\/post"}],"author":[{"embeddable":true,"href":"https:\/\/www.fcbarcelonanoticias.com\/en\/wp-json\/wp\/v2\/users\/358"}],"replies":[{"embeddable":true,"href":"https:\/\/www.fcbarcelonanoticias.com\/en\/wp-json\/wp\/v2\/comments?post=18914"}],"version-history":[{"count":2,"href":"https:\/\/www.fcbarcelonanoticias.com\/en\/wp-json\/wp\/v2\/posts\/18914\/revisions"}],"predecessor-version":[{"id":18917,"href":"https:\/\/www.fcbarcelonanoticias.com\/en\/wp-json\/wp\/v2\/posts\/18914\/revisions\/18917"}],"wp:featuredmedia":[{"embeddable":true,"href":"https:\/\/www.fcbarcelonanoticias.com\/en\/wp-json\/wp\/v2\/media\/18919"}],"wp:attachment":[{"href":"https:\/\/www.fcbarcelonanoticias.com\/en\/wp-json\/wp\/v2\/media?parent=18914"}],"wp:term":[{"taxonomy":"category","embeddable":true,"href":"https:\/\/www.fcbarcelonanoticias.com\/en\/wp-json\/wp\/v2\/categories?post=18914"},{"taxonomy":"post_tag","embeddable":true,"href":"https:\/\/www.fcbarcelonanoticias.com\/en\/wp-json\/wp\/v2\/tags?post=18914"}],"curies":[{"name":"wp","href":"https:\/\/api.w.org\/{rel}","templated":true}]}}